{"id":1001302,"date":"2022-05-16T07:00:02","date_gmt":"2022-05-16T05:00:02","guid":{"rendered":"https:\/\/www.ugtcomunicaciones.es\/wordpress\/?p=1001302"},"modified":"2022-05-09T10:15:14","modified_gmt":"2022-05-09T08:15:14","slug":"la-cofinanciacion-de-las-redes-por-las-ott-generaria-un-millon-de-empleos-telco","status":"publish","type":"post","link":"https:\/\/www.ugtcomunicaciones.es\/wordpress\/la-cofinanciacion-de-las-redes-por-las-ott-generaria-un-millon-de-empleos-telco\/","title":{"rendered":"La cofinanciaci\u00f3n de las redes por las OTT generar\u00eda un mill\u00f3n de empleos Telco"},"content":{"rendered":"<p style=\"text-align: justify;\">El debate sobre la cofinanciaci\u00f3n de las redes de telecomunicaciones por parte de las denominada OTT o Big Tech -incluyendo a las grandes operadoras de <em>streaming<\/em>-, aunque no es nada nuevo<sup class=\"modern-footnotes-footnote \" data-mfn=\"1\" data-mfn-post-scope=\"000000000000413c0000000000000000_1001302\"><a href=\"javascript:void(0)\"  role=\"button\" aria-pressed=\"false\" aria-describedby=\"mfn-content-000000000000413c0000000000000000_1001302-1\">1<\/a><\/sup><span id=\"mfn-content-000000000000413c0000000000000000_1001302-1\" role=\"tooltip\" class=\"modern-footnotes-footnote__note\" tabindex=\"0\" data-mfn=\"1\"><a href=\"https:\/\/www.elconfidencial.com\/tecnologia\/2021-10-13\/juego-calamar-netflix-telecos-datos-negocio_3304781\/\" target=\"_blank\" rel=\"noopener\">https:\/\/www.elconfidencial.com\/tecnologia\/2021-10-13\/juego-calamar-netflix-telecos-datos-negocio_3304781\/<\/a><\/span>, se ha recrudecido en las \u00faltimas fechas<sup class=\"modern-footnotes-footnote \" data-mfn=\"2\" data-mfn-post-scope=\"000000000000413c0000000000000000_1001302\"><a href=\"javascript:void(0)\"  role=\"button\" aria-pressed=\"false\" aria-describedby=\"mfn-content-000000000000413c0000000000000000_1001302-2\">2<\/a><\/sup><span id=\"mfn-content-000000000000413c0000000000000000_1001302-2\" role=\"tooltip\" class=\"modern-footnotes-footnote__note\" tabindex=\"0\" data-mfn=\"2\"><a href=\"https:\/\/cincodias.elpais.com\/cincodias\/2022\/02\/28\/companias\/1646037866_826379.html\" target=\"_blank\" rel=\"noopener\">https:\/\/cincodias.elpais.com\/cincodias\/2022\/02\/28\/companias\/1646037866_826379.html<\/a><\/span>, hasta el punto de que la UE se plantea \u201cobligar\u201d a estos actores a contribuir a su financiaci\u00f3n<sup class=\"modern-footnotes-footnote \" data-mfn=\"3\" data-mfn-post-scope=\"000000000000413c0000000000000000_1001302\"><a href=\"javascript:void(0)\"  role=\"button\" aria-pressed=\"false\" aria-describedby=\"mfn-content-000000000000413c0000000000000000_1001302-3\">3<\/a><\/sup><span id=\"mfn-content-000000000000413c0000000000000000_1001302-3\" role=\"tooltip\" class=\"modern-footnotes-footnote__note\" tabindex=\"0\" data-mfn=\"3\"><a href=\"https:\/\/www.xataka.com\/servicios\/big-tech-representan-56-trafico-global-datos-ue-cree-que-big-tech-deben-ayudar-a-costear-esas-redes\" target=\"_blank\" rel=\"noopener\">https:\/\/www.xataka.com\/servicios\/big-tech-representan-56-trafico-global-datos-ue-cree-que-big-tech-deben-ayudar-a-costear-esas-redes<\/a><\/span>.<\/p>\n<p style=\"text-align: justify;\">Sin embargo, no ha sido hasta hace muy poco cuando han salido a luz estudios sobre el impacto de tal contribuci\u00f3n. En concreto, hablamos de dos an\u00e1lisis: <em>Estimating OTT traffic related costs<\/em>\u00a0on\u00a0<em>European telecommunications networks<\/em><em>. <\/em><em>A report for Deutsche Telekom, Orange, Telef\u00f3nica y Vodafone<sup class=\"modern-footnotes-footnote \" data-mfn=\"4\" data-mfn-post-scope=\"000000000000413c0000000000000000_1001302\"><a href=\"javascript:void(0)\"  role=\"button\" aria-pressed=\"false\" aria-describedby=\"mfn-content-000000000000413c0000000000000000_1001302-4\">4<\/a><\/sup><span id=\"mfn-content-000000000000413c0000000000000000_1001302-4\" role=\"tooltip\" class=\"modern-footnotes-footnote__note\" tabindex=\"0\" data-mfn=\"4\"><a href=\"https:\/\/www.telefonica.com\/es\/wp-content\/uploads\/sites\/4\/2022\/05\/2022-03-30-Frontier_Fair-Share_FINAL-REPORT.pdf\" target=\"_blank\" rel=\"noopener\">https:\/\/www.telefonica.com\/es\/wp-content\/uploads\/sites\/4\/2022\/05\/2022-03-30-Frontier_Fair-Share_FINAL-REPORT.pdf<\/a> \u00a0<\/span><\/em> y <em>Europe\u2019s internet ecosystem: socio-economic benefits of a fairer balance between tech giants and telecom operators<\/em>, de Axon Partners Group<sup class=\"modern-footnotes-footnote \" data-mfn=\"5\" data-mfn-post-scope=\"000000000000413c0000000000000000_1001302\"><a href=\"javascript:void(0)\"  role=\"button\" aria-pressed=\"false\" aria-describedby=\"mfn-content-000000000000413c0000000000000000_1001302-5\">5<\/a><\/sup><span id=\"mfn-content-000000000000413c0000000000000000_1001302-5\" role=\"tooltip\" class=\"modern-footnotes-footnote__note\" tabindex=\"0\" data-mfn=\"5\"><a href=\"https:\/\/etno.eu\/library\/reports\/105-eu-internet-ecosystem.html\" target=\"_blank\" rel=\"noopener\">https:\/\/etno.eu\/library\/reports\/105-eu-internet-ecosystem.html<\/a><\/span>.<\/p>\n<p style=\"text-align: justify;\">El primero de ellos, firmado por Frontier, queremos destacar que el es primero que cifra el coste total que se atribuye al tr\u00e1fico generado por estas OTT en las redes de operadores europeos, y que supera la astron\u00f3mica cifra de 30.000 millones de euros si se suman redes m\u00f3viles y fijas. Una barbaridad se mire por donde mire.<\/p>\n<p style=\"text-align: justify;\"><img decoding=\"async\" class=\"size-full wp-image-1001311 aligncenter lazyload\" data-src=\"https:\/\/www.ugtcomunicaciones.es\/wordpress\/wp-content\/uploads\/2022\/05\/empleo01.jpg\" alt=\"empleo01\" width=\"600\" height=\"119\" data-srcset=\"https:\/\/www.ugtcomunicaciones.es\/wordpress\/wp-content\/uploads\/2022\/05\/empleo01.jpg 600w, https:\/\/www.ugtcomunicaciones.es\/wordpress\/wp-content\/uploads\/2022\/05\/empleo01-300x60.jpg 300w\" data-sizes=\"(max-width: 600px) 100vw, 600px\" src=\"data:image\/svg+xml;base64,PHN2ZyB3aWR0aD0iMSIgaGVpZ2h0PSIxIiB4bWxucz0iaHR0cDovL3d3dy53My5vcmcvMjAwMC9zdmciPjwvc3ZnPg==\" style=\"--smush-placeholder-width: 600px; --smush-placeholder-aspect-ratio: 600\/119;\" \/><\/p>\n<p style=\"text-align: justify;\">Pero nos gustar\u00eda focalizarnos m\u00e1s en los datos del segundo estudio, que adem\u00e1s desglosa el impacto en el empleo de la citada contribuci\u00f3n por las citadas OTT.<\/p>\n<p style=\"text-align: justify;\">As\u00ed, el documento presenta cifras tan impactantes como la capitalizaci\u00f3n burs\u00e1til entre OTT y telecos, con unas cifras que simplemente sonrojan, sabiendo que las primeras no existir\u00edan sin las segundas:<\/p>\n<p style=\"text-align: justify;\"><img decoding=\"async\" class=\"size-full wp-image-1001312 aligncenter lazyload\" data-src=\"https:\/\/www.ugtcomunicaciones.es\/wordpress\/wp-content\/uploads\/2022\/05\/empleo02.jpg\" alt=\"empleo02\" width=\"600\" height=\"343\" data-srcset=\"https:\/\/www.ugtcomunicaciones.es\/wordpress\/wp-content\/uploads\/2022\/05\/empleo02.jpg 600w, https:\/\/www.ugtcomunicaciones.es\/wordpress\/wp-content\/uploads\/2022\/05\/empleo02-300x172.jpg 300w\" data-sizes=\"(max-width: 600px) 100vw, 600px\" src=\"data:image\/svg+xml;base64,PHN2ZyB3aWR0aD0iMSIgaGVpZ2h0PSIxIiB4bWxucz0iaHR0cDovL3d3dy53My5vcmcvMjAwMC9zdmciPjwvc3ZnPg==\" style=\"--smush-placeholder-width: 600px; --smush-placeholder-aspect-ratio: 600\/343;\" \/><\/p>\n<p style=\"text-align: justify;\">A sabiendas que el tr\u00e1fico que generan estas compa\u00f1\u00edas -todas de origen estadounidense- acapara casi la totalidad del que se cursa, sin que dichos actores pongan ni un euro sobre la mesa:<\/p>\n<p style=\"text-align: justify;\"><img decoding=\"async\" class=\"size-full wp-image-1001313 aligncenter lazyload\" data-src=\"https:\/\/www.ugtcomunicaciones.es\/wordpress\/wp-content\/uploads\/2022\/05\/empleo03.jpg\" alt=\"empleo03\" width=\"600\" height=\"412\" data-srcset=\"https:\/\/www.ugtcomunicaciones.es\/wordpress\/wp-content\/uploads\/2022\/05\/empleo03.jpg 600w, https:\/\/www.ugtcomunicaciones.es\/wordpress\/wp-content\/uploads\/2022\/05\/empleo03-300x206.jpg 300w\" data-sizes=\"(max-width: 600px) 100vw, 600px\" src=\"data:image\/svg+xml;base64,PHN2ZyB3aWR0aD0iMSIgaGVpZ2h0PSIxIiB4bWxucz0iaHR0cDovL3d3dy53My5vcmcvMjAwMC9zdmciPjwvc3ZnPg==\" style=\"--smush-placeholder-width: 600px; --smush-placeholder-aspect-ratio: 600\/412;\" \/><\/p>\n<p style=\"text-align: justify;\">Las consecuencias de este desequilibrio representa, adem\u00e1s de los perjuicios en las cotizaciones burs\u00e1tiles, un il\u00f3gico desfase en los ingresos:<\/p>\n<p><img decoding=\"async\" class=\"size-full wp-image-1001314 aligncenter lazyload\" data-src=\"https:\/\/www.ugtcomunicaciones.es\/wordpress\/wp-content\/uploads\/2022\/05\/empleo04.jpg\" alt=\"empleo04\" width=\"600\" height=\"325\" data-srcset=\"https:\/\/www.ugtcomunicaciones.es\/wordpress\/wp-content\/uploads\/2022\/05\/empleo04.jpg 600w, https:\/\/www.ugtcomunicaciones.es\/wordpress\/wp-content\/uploads\/2022\/05\/empleo04-300x163.jpg 300w\" data-sizes=\"(max-width: 600px) 100vw, 600px\" src=\"data:image\/svg+xml;base64,PHN2ZyB3aWR0aD0iMSIgaGVpZ2h0PSIxIiB4bWxucz0iaHR0cDovL3d3dy53My5vcmcvMjAwMC9zdmciPjwvc3ZnPg==\" style=\"--smush-placeholder-width: 600px; --smush-placeholder-aspect-ratio: 600\/325;\" \/><\/p>\n<p style=\"text-align: justify;\">Con todos ingredientes, el estudio de Axon presenta los efectos que tendr\u00eda la contribuci\u00f3n dineraria de las OTT a las redes telco entres tramos: si aportasen 10.000 millones, 20.000 o 30.000; y las consecuencias sobre el empleo en el sector ser\u00edan tal positivas que se podr\u00edan superar la creaci\u00f3n del mill\u00f3n de empleos.<\/p>\n<p style=\"text-align: justify;\"><img decoding=\"async\" class=\"size-full wp-image-1001315 aligncenter lazyload\" data-src=\"https:\/\/www.ugtcomunicaciones.es\/wordpress\/wp-content\/uploads\/2022\/05\/empleo05.jpg\" alt=\"empleo05\" width=\"600\" height=\"295\" data-srcset=\"https:\/\/www.ugtcomunicaciones.es\/wordpress\/wp-content\/uploads\/2022\/05\/empleo05.jpg 600w, https:\/\/www.ugtcomunicaciones.es\/wordpress\/wp-content\/uploads\/2022\/05\/empleo05-300x148.jpg 300w\" data-sizes=\"(max-width: 600px) 100vw, 600px\" src=\"data:image\/svg+xml;base64,PHN2ZyB3aWR0aD0iMSIgaGVpZ2h0PSIxIiB4bWxucz0iaHR0cDovL3d3dy53My5vcmcvMjAwMC9zdmciPjwvc3ZnPg==\" style=\"--smush-placeholder-width: 600px; --smush-placeholder-aspect-ratio: 600\/295;\" \/><\/p>\n<p style=\"text-align: justify;\">Ante estas evidencias, que todos sospech\u00e1bamos, pero nadie confirmaba, y que han sido defendidas por nuestro sindicato en no pocas ocasiones<sup class=\"modern-footnotes-footnote \" data-mfn=\"6\" data-mfn-post-scope=\"000000000000413c0000000000000000_1001302\"><a href=\"javascript:void(0)\"  role=\"button\" aria-pressed=\"false\" aria-describedby=\"mfn-content-000000000000413c0000000000000000_1001302-6\">6<\/a><\/sup><span id=\"mfn-content-000000000000413c0000000000000000_1001302-6\" role=\"tooltip\" class=\"modern-footnotes-footnote__note\" tabindex=\"0\" data-mfn=\"6\"><a href=\"https:\/\/cincodias.elpais.com\/cincodias\/2020\/11\/10\/companias\/1605027168_711268.html\" target=\"_blank\" rel=\"noopener\">https:\/\/cincodias.elpais.com\/cincodias\/2020\/11\/10\/companias\/1605027168_711268.html<\/a><\/span>, desde <span style=\"color: #ff0000;\"><strong>UGT<\/strong><\/span> exigimos \u2013 de nuevo- a partidos pol\u00edticos, reguladores y legisladores, tanto europeos como nacionales, que se pongan manos a la obra y que acaben con este desequilibrio normativo, financiero y competitivo que tanto da\u00f1o ha hecho al empleo en nuestro sector.<\/p>\n<p style=\"text-align: justify;\">\n<h4 style=\"text-align: right;\"><span style=\"color: #ff0000;\"><strong>UGT<\/strong><\/span><strong> Comunicaciones<\/strong><\/h4>\n<p><a href=\"#_ftnref3\" name=\"_ftn3\"><\/a><\/p>\n","protected":false},"excerpt":{"rendered":"<p>El debate sobre la cofinanciaci\u00f3n de las redes de telecomunicaciones por parte de las denominada OTT o Big Tech -incluyendo a las grandes operadoras de streaming-, aunque no es nada nuevo, se ha recrudecido en las \u00faltimas fechas, hasta el punto de que la UE se plantea \u201cobligar\u201d a estos actores a contribuir a su [&hellip;]<\/p>\n","protected":false},"author":3,"featured_media":1001316,"comment_status":"closed","ping_status":"closed","sticky":false,"template":"","format":"standard","meta":{"footnotes":""},"categories":[13],"tags":[],"class_list":["post-1001302","post","type-post","status-publish","format-standard","has-post-thumbnail","hentry","category-mercado-comunicaciones"],"yoast_head":"<!-- This site is optimized with the Yoast SEO Premium plugin v27.3 (Yoast SEO v27.4) - https:\/\/yoast.com\/product\/yoast-seo-premium-wordpress\/ -->\n<title>La cofinanciaci\u00f3n de las redes por las OTT generar\u00eda un mill\u00f3n de empleos Telco - UGT Comunicaciones<\/title>\n<meta name=\"description\" content=\"El debate sobre la cofinanciaci\u00f3n de las redes de telecomunicaciones por parte de las denominada OTT o Big Tech -incluyendo a las grandes...\" \/>\n<meta name=\"robots\" content=\"index, follow, max-snippet:-1, max-image-preview:large, max-video-preview:-1\" \/>\n<link rel=\"canonical\" href=\"https:\/\/www.ugtcomunicaciones.es\/wordpress\/la-cofinanciacion-de-las-redes-por-las-ott-generaria-un-millon-de-empleos-telco\/\" \/>\n<meta property=\"og:locale\" content=\"es_ES\" \/>\n<meta property=\"og:type\" content=\"article\" \/>\n<meta property=\"og:title\" content=\"La cofinanciaci\u00f3n de las redes por las OTT generar\u00eda un mill\u00f3n de empleos Telco\" \/>\n<meta property=\"og:description\" content=\"El debate sobre la cofinanciaci\u00f3n de las redes de telecomunicaciones por parte de las denominada OTT o Big Tech -incluyendo a las grandes...\" \/>\n<meta property=\"og:url\" content=\"https:\/\/www.ugtcomunicaciones.es\/wordpress\/la-cofinanciacion-de-las-redes-por-las-ott-generaria-un-millon-de-empleos-telco\/\" \/>\n<meta property=\"og:site_name\" content=\"UGT Comunicaciones\" \/>\n<meta property=\"article:publisher\" content=\"https:\/\/www.facebook.com\/ugt.comunicaciones\/\" \/>\n<meta property=\"article:published_time\" content=\"2022-05-16T05:00:02+00:00\" \/>\n<meta property=\"og:image\" content=\"https:\/\/www.ugtcomunicaciones.es\/wordpress\/wp-content\/uploads\/2022\/05\/web02.jpg\" \/>\n\t<meta property=\"og:image:width\" content=\"600\" \/>\n\t<meta property=\"og:image:height\" content=\"310\" \/>\n\t<meta property=\"og:image:type\" content=\"image\/jpeg\" \/>\n<meta name=\"author\" content=\"UGT\" \/>\n<meta name=\"twitter:card\" content=\"summary_large_image\" \/>\n<meta name=\"twitter:creator\" content=\"@ugtcom\" \/>\n<meta name=\"twitter:site\" content=\"@ugtcom\" \/>\n<meta name=\"twitter:label1\" content=\"Escrito por\" \/>\n\t<meta name=\"twitter:data1\" content=\"UGT\" \/>\n\t<meta name=\"twitter:label2\" content=\"Tiempo de lectura\" \/>\n\t<meta name=\"twitter:data2\" content=\"3 minutos\" \/>\n<script type=\"application\/ld+json\" class=\"yoast-schema-graph\">{\"@context\":\"https:\\\/\\\/schema.org\",\"@graph\":[{\"@type\":\"Article\",\"@id\":\"https:\\\/\\\/www.ugtcomunicaciones.es\\\/wordpress\\\/la-cofinanciacion-de-las-redes-por-las-ott-generaria-un-millon-de-empleos-telco\\\/#article\",\"isPartOf\":{\"@id\":\"https:\\\/\\\/www.ugtcomunicaciones.es\\\/wordpress\\\/la-cofinanciacion-de-las-redes-por-las-ott-generaria-un-millon-de-empleos-telco\\\/\"},\"author\":{\"name\":\"UGT\",\"@id\":\"https:\\\/\\\/www.ugtcomunicaciones.es\\\/wordpress\\\/#\\\/schema\\\/person\\\/eba0fc3fe5b444531d94d4368cba89ed\"},\"headline\":\"La cofinanciaci\u00f3n de las redes por las OTT generar\u00eda un mill\u00f3n de empleos Telco\",\"datePublished\":\"2022-05-16T05:00:02+00:00\",\"mainEntityOfPage\":{\"@id\":\"https:\\\/\\\/www.ugtcomunicaciones.es\\\/wordpress\\\/la-cofinanciacion-de-las-redes-por-las-ott-generaria-un-millon-de-empleos-telco\\\/\"},\"wordCount\":511,\"publisher\":{\"@id\":\"https:\\\/\\\/www.ugtcomunicaciones.es\\\/wordpress\\\/#organization\"},\"image\":{\"@id\":\"https:\\\/\\\/www.ugtcomunicaciones.es\\\/wordpress\\\/la-cofinanciacion-de-las-redes-por-las-ott-generaria-un-millon-de-empleos-telco\\\/#primaryimage\"},\"thumbnailUrl\":\"https:\\\/\\\/www.ugtcomunicaciones.es\\\/wordpress\\\/wp-content\\\/uploads\\\/2022\\\/05\\\/web02.jpg\",\"articleSection\":[\"Mercado Comunicaciones\"],\"inLanguage\":\"es\"},{\"@type\":\"WebPage\",\"@id\":\"https:\\\/\\\/www.ugtcomunicaciones.es\\\/wordpress\\\/la-cofinanciacion-de-las-redes-por-las-ott-generaria-un-millon-de-empleos-telco\\\/\",\"url\":\"https:\\\/\\\/www.ugtcomunicaciones.es\\\/wordpress\\\/la-cofinanciacion-de-las-redes-por-las-ott-generaria-un-millon-de-empleos-telco\\\/\",\"name\":\"La cofinanciaci\u00f3n de las redes por las OTT generar\u00eda un mill\u00f3n de empleos Telco - UGT Comunicaciones\",\"isPartOf\":{\"@id\":\"https:\\\/\\\/www.ugtcomunicaciones.es\\\/wordpress\\\/#website\"},\"primaryImageOfPage\":{\"@id\":\"https:\\\/\\\/www.ugtcomunicaciones.es\\\/wordpress\\\/la-cofinanciacion-de-las-redes-por-las-ott-generaria-un-millon-de-empleos-telco\\\/#primaryimage\"},\"image\":{\"@id\":\"https:\\\/\\\/www.ugtcomunicaciones.es\\\/wordpress\\\/la-cofinanciacion-de-las-redes-por-las-ott-generaria-un-millon-de-empleos-telco\\\/#primaryimage\"},\"thumbnailUrl\":\"https:\\\/\\\/www.ugtcomunicaciones.es\\\/wordpress\\\/wp-content\\\/uploads\\\/2022\\\/05\\\/web02.jpg\",\"datePublished\":\"2022-05-16T05:00:02+00:00\",\"description\":\"El debate sobre la cofinanciaci\u00f3n de las redes de telecomunicaciones por parte de las denominada OTT o Big Tech -incluyendo a las grandes...\",\"breadcrumb\":{\"@id\":\"https:\\\/\\\/www.ugtcomunicaciones.es\\\/wordpress\\\/la-cofinanciacion-de-las-redes-por-las-ott-generaria-un-millon-de-empleos-telco\\\/#breadcrumb\"},\"inLanguage\":\"es\",\"potentialAction\":[{\"@type\":\"ReadAction\",\"target\":[\"https:\\\/\\\/www.ugtcomunicaciones.es\\\/wordpress\\\/la-cofinanciacion-de-las-redes-por-las-ott-generaria-un-millon-de-empleos-telco\\\/\"]}]},{\"@type\":\"ImageObject\",\"inLanguage\":\"es\",\"@id\":\"https:\\\/\\\/www.ugtcomunicaciones.es\\\/wordpress\\\/la-cofinanciacion-de-las-redes-por-las-ott-generaria-un-millon-de-empleos-telco\\\/#primaryimage\",\"url\":\"https:\\\/\\\/www.ugtcomunicaciones.es\\\/wordpress\\\/wp-content\\\/uploads\\\/2022\\\/05\\\/web02.jpg\",\"contentUrl\":\"https:\\\/\\\/www.ugtcomunicaciones.es\\\/wordpress\\\/wp-content\\\/uploads\\\/2022\\\/05\\\/web02.jpg\",\"width\":600,\"height\":310,\"caption\":\"web02\"},{\"@type\":\"BreadcrumbList\",\"@id\":\"https:\\\/\\\/www.ugtcomunicaciones.es\\\/wordpress\\\/la-cofinanciacion-de-las-redes-por-las-ott-generaria-un-millon-de-empleos-telco\\\/#breadcrumb\",\"itemListElement\":[{\"@type\":\"ListItem\",\"position\":1,\"name\":\"Portada\",\"item\":\"https:\\\/\\\/www.ugtcomunicaciones.es\\\/wordpress\\\/\"},{\"@type\":\"ListItem\",\"position\":2,\"name\":\"La cofinanciaci\u00f3n de las redes por las OTT generar\u00eda un mill\u00f3n de empleos Telco\"}]},{\"@type\":\"WebSite\",\"@id\":\"https:\\\/\\\/www.ugtcomunicaciones.es\\\/wordpress\\\/#website\",\"url\":\"https:\\\/\\\/www.ugtcomunicaciones.es\\\/wordpress\\\/\",\"name\":\"UGT Comunicaciones\",\"description\":\"Sindicato de Telecomunicaciones\",\"publisher\":{\"@id\":\"https:\\\/\\\/www.ugtcomunicaciones.es\\\/wordpress\\\/#organization\"},\"potentialAction\":[{\"@type\":\"SearchAction\",\"target\":{\"@type\":\"EntryPoint\",\"urlTemplate\":\"https:\\\/\\\/www.ugtcomunicaciones.es\\\/wordpress\\\/?s={search_term_string}\"},\"query-input\":{\"@type\":\"PropertyValueSpecification\",\"valueRequired\":true,\"valueName\":\"search_term_string\"}}],\"inLanguage\":\"es\"},{\"@type\":\"Organization\",\"@id\":\"https:\\\/\\\/www.ugtcomunicaciones.es\\\/wordpress\\\/#organization\",\"name\":\"UGT Comunicaciones\",\"url\":\"https:\\\/\\\/www.ugtcomunicaciones.es\\\/wordpress\\\/\",\"logo\":{\"@type\":\"ImageObject\",\"inLanguage\":\"es\",\"@id\":\"https:\\\/\\\/www.ugtcomunicaciones.es\\\/wordpress\\\/#\\\/schema\\\/logo\\\/image\\\/\",\"url\":\"https:\\\/\\\/www.ugtcomunicaciones.es\\\/wordpress\\\/wp-content\\\/uploads\\\/2024\\\/04\\\/comunicaciones_logo.png\",\"contentUrl\":\"https:\\\/\\\/www.ugtcomunicaciones.es\\\/wordpress\\\/wp-content\\\/uploads\\\/2024\\\/04\\\/comunicaciones_logo.png\",\"width\":298,\"height\":81,\"caption\":\"UGT Comunicaciones\"},\"image\":{\"@id\":\"https:\\\/\\\/www.ugtcomunicaciones.es\\\/wordpress\\\/#\\\/schema\\\/logo\\\/image\\\/\"},\"sameAs\":[\"https:\\\/\\\/www.facebook.com\\\/ugt.comunicaciones\\\/\",\"https:\\\/\\\/x.com\\\/ugtcom\"]},{\"@type\":\"Person\",\"@id\":\"https:\\\/\\\/www.ugtcomunicaciones.es\\\/wordpress\\\/#\\\/schema\\\/person\\\/eba0fc3fe5b444531d94d4368cba89ed\",\"name\":\"UGT\",\"image\":{\"@type\":\"ImageObject\",\"inLanguage\":\"es\",\"@id\":\"https:\\\/\\\/secure.gravatar.com\\\/avatar\\\/2a16057d620a4c646bcfc171c4f23030879ebbdd346f0525bd5d4a564e57e13d?s=96&d=mm&r=g\",\"url\":\"https:\\\/\\\/secure.gravatar.com\\\/avatar\\\/2a16057d620a4c646bcfc171c4f23030879ebbdd346f0525bd5d4a564e57e13d?s=96&d=mm&r=g\",\"contentUrl\":\"https:\\\/\\\/secure.gravatar.com\\\/avatar\\\/2a16057d620a4c646bcfc171c4f23030879ebbdd346f0525bd5d4a564e57e13d?s=96&d=mm&r=g\",\"caption\":\"UGT\"}}]}<\/script>\n<!-- \/ Yoast SEO Premium plugin. -->","yoast_head_json":{"title":"La cofinanciaci\u00f3n de las redes por las OTT generar\u00eda un mill\u00f3n de empleos Telco - UGT Comunicaciones","description":"El debate sobre la cofinanciaci\u00f3n de las redes de telecomunicaciones por parte de las denominada OTT o Big Tech -incluyendo a las grandes...","robots":{"index":"index","follow":"follow","max-snippet":"max-snippet:-1","max-image-preview":"max-image-preview:large","max-video-preview":"max-video-preview:-1"},"canonical":"https:\/\/www.ugtcomunicaciones.es\/wordpress\/la-cofinanciacion-de-las-redes-por-las-ott-generaria-un-millon-de-empleos-telco\/","og_locale":"es_ES","og_type":"article","og_title":"La cofinanciaci\u00f3n de las redes por las OTT generar\u00eda un mill\u00f3n de empleos Telco","og_description":"El debate sobre la cofinanciaci\u00f3n de las redes de telecomunicaciones por parte de las denominada OTT o Big Tech -incluyendo a las grandes...","og_url":"https:\/\/www.ugtcomunicaciones.es\/wordpress\/la-cofinanciacion-de-las-redes-por-las-ott-generaria-un-millon-de-empleos-telco\/","og_site_name":"UGT Comunicaciones","article_publisher":"https:\/\/www.facebook.com\/ugt.comunicaciones\/","article_published_time":"2022-05-16T05:00:02+00:00","og_image":[{"width":600,"height":310,"url":"https:\/\/www.ugtcomunicaciones.es\/wordpress\/wp-content\/uploads\/2022\/05\/web02.jpg","type":"image\/jpeg"}],"author":"UGT","twitter_card":"summary_large_image","twitter_creator":"@ugtcom","twitter_site":"@ugtcom","twitter_misc":{"Escrito por":"UGT","Tiempo de lectura":"3 minutos"},"schema":{"@context":"https:\/\/schema.org","@graph":[{"@type":"Article","@id":"https:\/\/www.ugtcomunicaciones.es\/wordpress\/la-cofinanciacion-de-las-redes-por-las-ott-generaria-un-millon-de-empleos-telco\/#article","isPartOf":{"@id":"https:\/\/www.ugtcomunicaciones.es\/wordpress\/la-cofinanciacion-de-las-redes-por-las-ott-generaria-un-millon-de-empleos-telco\/"},"author":{"name":"UGT","@id":"https:\/\/www.ugtcomunicaciones.es\/wordpress\/#\/schema\/person\/eba0fc3fe5b444531d94d4368cba89ed"},"headline":"La cofinanciaci\u00f3n de las redes por las OTT generar\u00eda un mill\u00f3n de empleos Telco","datePublished":"2022-05-16T05:00:02+00:00","mainEntityOfPage":{"@id":"https:\/\/www.ugtcomunicaciones.es\/wordpress\/la-cofinanciacion-de-las-redes-por-las-ott-generaria-un-millon-de-empleos-telco\/"},"wordCount":511,"publisher":{"@id":"https:\/\/www.ugtcomunicaciones.es\/wordpress\/#organization"},"image":{"@id":"https:\/\/www.ugtcomunicaciones.es\/wordpress\/la-cofinanciacion-de-las-redes-por-las-ott-generaria-un-millon-de-empleos-telco\/#primaryimage"},"thumbnailUrl":"https:\/\/www.ugtcomunicaciones.es\/wordpress\/wp-content\/uploads\/2022\/05\/web02.jpg","articleSection":["Mercado Comunicaciones"],"inLanguage":"es"},{"@type":"WebPage","@id":"https:\/\/www.ugtcomunicaciones.es\/wordpress\/la-cofinanciacion-de-las-redes-por-las-ott-generaria-un-millon-de-empleos-telco\/","url":"https:\/\/www.ugtcomunicaciones.es\/wordpress\/la-cofinanciacion-de-las-redes-por-las-ott-generaria-un-millon-de-empleos-telco\/","name":"La cofinanciaci\u00f3n de las redes por las OTT generar\u00eda un mill\u00f3n de empleos Telco - UGT Comunicaciones","isPartOf":{"@id":"https:\/\/www.ugtcomunicaciones.es\/wordpress\/#website"},"primaryImageOfPage":{"@id":"https:\/\/www.ugtcomunicaciones.es\/wordpress\/la-cofinanciacion-de-las-redes-por-las-ott-generaria-un-millon-de-empleos-telco\/#primaryimage"},"image":{"@id":"https:\/\/www.ugtcomunicaciones.es\/wordpress\/la-cofinanciacion-de-las-redes-por-las-ott-generaria-un-millon-de-empleos-telco\/#primaryimage"},"thumbnailUrl":"https:\/\/www.ugtcomunicaciones.es\/wordpress\/wp-content\/uploads\/2022\/05\/web02.jpg","datePublished":"2022-05-16T05:00:02+00:00","description":"El debate sobre la cofinanciaci\u00f3n de las redes de telecomunicaciones por parte de las denominada OTT o Big Tech -incluyendo a las grandes...","breadcrumb":{"@id":"https:\/\/www.ugtcomunicaciones.es\/wordpress\/la-cofinanciacion-de-las-redes-por-las-ott-generaria-un-millon-de-empleos-telco\/#breadcrumb"},"inLanguage":"es","potentialAction":[{"@type":"ReadAction","target":["https:\/\/www.ugtcomunicaciones.es\/wordpress\/la-cofinanciacion-de-las-redes-por-las-ott-generaria-un-millon-de-empleos-telco\/"]}]},{"@type":"ImageObject","inLanguage":"es","@id":"https:\/\/www.ugtcomunicaciones.es\/wordpress\/la-cofinanciacion-de-las-redes-por-las-ott-generaria-un-millon-de-empleos-telco\/#primaryimage","url":"https:\/\/www.ugtcomunicaciones.es\/wordpress\/wp-content\/uploads\/2022\/05\/web02.jpg","contentUrl":"https:\/\/www.ugtcomunicaciones.es\/wordpress\/wp-content\/uploads\/2022\/05\/web02.jpg","width":600,"height":310,"caption":"web02"},{"@type":"BreadcrumbList","@id":"https:\/\/www.ugtcomunicaciones.es\/wordpress\/la-cofinanciacion-de-las-redes-por-las-ott-generaria-un-millon-de-empleos-telco\/#breadcrumb","itemListElement":[{"@type":"ListItem","position":1,"name":"Portada","item":"https:\/\/www.ugtcomunicaciones.es\/wordpress\/"},{"@type":"ListItem","position":2,"name":"La cofinanciaci\u00f3n de las redes por las OTT generar\u00eda un mill\u00f3n de empleos Telco"}]},{"@type":"WebSite","@id":"https:\/\/www.ugtcomunicaciones.es\/wordpress\/#website","url":"https:\/\/www.ugtcomunicaciones.es\/wordpress\/","name":"UGT Comunicaciones","description":"Sindicato de Telecomunicaciones","publisher":{"@id":"https:\/\/www.ugtcomunicaciones.es\/wordpress\/#organization"},"potentialAction":[{"@type":"SearchAction","target":{"@type":"EntryPoint","urlTemplate":"https:\/\/www.ugtcomunicaciones.es\/wordpress\/?s={search_term_string}"},"query-input":{"@type":"PropertyValueSpecification","valueRequired":true,"valueName":"search_term_string"}}],"inLanguage":"es"},{"@type":"Organization","@id":"https:\/\/www.ugtcomunicaciones.es\/wordpress\/#organization","name":"UGT Comunicaciones","url":"https:\/\/www.ugtcomunicaciones.es\/wordpress\/","logo":{"@type":"ImageObject","inLanguage":"es","@id":"https:\/\/www.ugtcomunicaciones.es\/wordpress\/#\/schema\/logo\/image\/","url":"https:\/\/www.ugtcomunicaciones.es\/wordpress\/wp-content\/uploads\/2024\/04\/comunicaciones_logo.png","contentUrl":"https:\/\/www.ugtcomunicaciones.es\/wordpress\/wp-content\/uploads\/2024\/04\/comunicaciones_logo.png","width":298,"height":81,"caption":"UGT Comunicaciones"},"image":{"@id":"https:\/\/www.ugtcomunicaciones.es\/wordpress\/#\/schema\/logo\/image\/"},"sameAs":["https:\/\/www.facebook.com\/ugt.comunicaciones\/","https:\/\/x.com\/ugtcom"]},{"@type":"Person","@id":"https:\/\/www.ugtcomunicaciones.es\/wordpress\/#\/schema\/person\/eba0fc3fe5b444531d94d4368cba89ed","name":"UGT","image":{"@type":"ImageObject","inLanguage":"es","@id":"https:\/\/secure.gravatar.com\/avatar\/2a16057d620a4c646bcfc171c4f23030879ebbdd346f0525bd5d4a564e57e13d?s=96&d=mm&r=g","url":"https:\/\/secure.gravatar.com\/avatar\/2a16057d620a4c646bcfc171c4f23030879ebbdd346f0525bd5d4a564e57e13d?s=96&d=mm&r=g","contentUrl":"https:\/\/secure.gravatar.com\/avatar\/2a16057d620a4c646bcfc171c4f23030879ebbdd346f0525bd5d4a564e57e13d?s=96&d=mm&r=g","caption":"UGT"}}]}},"_links":{"self":[{"href":"https:\/\/www.ugtcomunicaciones.es\/wordpress\/wp-json\/wp\/v2\/posts\/1001302","targetHints":{"allow":["GET"]}}],"collection":[{"href":"https:\/\/www.ugtcomunicaciones.es\/wordpress\/wp-json\/wp\/v2\/posts"}],"about":[{"href":"https:\/\/www.ugtcomunicaciones.es\/wordpress\/wp-json\/wp\/v2\/types\/post"}],"author":[{"embeddable":true,"href":"https:\/\/www.ugtcomunicaciones.es\/wordpress\/wp-json\/wp\/v2\/users\/3"}],"replies":[{"embeddable":true,"href":"https:\/\/www.ugtcomunicaciones.es\/wordpress\/wp-json\/wp\/v2\/comments?post=1001302"}],"version-history":[{"count":0,"href":"https:\/\/www.ugtcomunicaciones.es\/wordpress\/wp-json\/wp\/v2\/posts\/1001302\/revisions"}],"wp:featuredmedia":[{"embeddable":true,"href":"https:\/\/www.ugtcomunicaciones.es\/wordpress\/wp-json\/wp\/v2\/media\/1001316"}],"wp:attachment":[{"href":"https:\/\/www.ugtcomunicaciones.es\/wordpress\/wp-json\/wp\/v2\/media?parent=1001302"}],"wp:term":[{"taxonomy":"category","embeddable":true,"href":"https:\/\/www.ugtcomunicaciones.es\/wordpress\/wp-json\/wp\/v2\/categories?post=1001302"},{"taxonomy":"post_tag","embeddable":true,"href":"https:\/\/www.ugtcomunicaciones.es\/wordpress\/wp-json\/wp\/v2\/tags?post=1001302"}],"curies":[{"name":"wp","href":"https:\/\/api.w.org\/{rel}","templated":true}]}}