{"id":1005,"date":"2017-03-06T13:39:08","date_gmt":"2017-03-06T12:39:08","guid":{"rendered":"http:\/\/www.ugtcom.h2301842.stratoserver.net\/wordpress\/wordpress\/?p=1005"},"modified":"2017-06-26T13:21:02","modified_gmt":"2017-06-26T12:21:02","slug":"reino-unido-propone-5-anos-vacaciones-fiscales-las-redes-fibra-optica","status":"publish","type":"post","link":"https:\/\/www.ugtcomunicaciones.es\/wordpress\/reino-unido-propone-5-anos-vacaciones-fiscales-las-redes-fibra-optica\/","title":{"rendered":"El Reino Unido propone 5 a\u00f1os  de vacaciones fiscales para las redes de fibra \u00f3ptica"},"content":{"rendered":"<p style=\"text-align: justify;\">La propuesta del Gobierno Brit\u00e1nico para Ley de Finanzas del Gobierno Local (<em>Local<img decoding=\"async\" class=\"wp-image-1008 alignright lazyload\" data-src=\"http:\/\/ugtcomunicaciones.es\/wordpress\/wordpress\/wp-content\/uploads\/2017\/02\/corona.png\" alt=\"\" width=\"110\" height=\"116\" src=\"data:image\/svg+xml;base64,PHN2ZyB3aWR0aD0iMSIgaGVpZ2h0PSIxIiB4bWxucz0iaHR0cDovL3d3dy53My5vcmcvMjAwMC9zdmciPjwvc3ZnPg==\" style=\"--smush-placeholder-width: 110px; --smush-placeholder-aspect-ratio: 110\/116;\" \/> Government Finance Bill<a href=\"#_ftn1\" name=\"_ftnref1\"><strong>[1]<\/strong><\/a><\/em>) contiene una interesante novedad para el despliegue de nuevas infraestructuras de fibra \u00f3ptica. En concreto, el ejecutivo de Theresa May quiere establecer <strong>una reducci\u00f3n del 100% de todos los impuestos relacionados con la construcci\u00f3n de redes de fibra \u00f3ptica, por un periodo de cinco a\u00f1os a contar desde el 1 de abril de 2017<\/strong>.<\/p>\n<p style=\"text-align: justify;\">Con esta medida<a href=\"#_ftn2\" name=\"_ftnref2\">[2]<\/a>, el gobierno brit\u00e1nico quiere mejorar la conectividad en alta velocidad de hogares y empresas, adem\u00e1s de ayudar a que el Reino Unido est\u00e9 \u201clisto para el 5G\u201d. Cabe recordar que UK ostenta el peor porcentaje de cobertura de fibra \u00f3ptica de Europa, con un pobr\u00edsimo 1% de media nacional<a href=\"#_ftn3\" name=\"_ftnref3\">[3]<\/a>.<\/p>\n<p style=\"text-align: justify;\">Esta completa exenci\u00f3n fiscal s\u00f3lo ser\u00eda aplicable a nuevas infraestructuras construidas sobre tecnolog\u00edas FTTH o FTTP.<\/p>\n<p style=\"text-align: justify;\">Esta soluci\u00f3n, conocida por el nombre de <em>vacaciones fiscales<\/em>, choca frontalmente con la actual legislaci\u00f3n comunitaria, que proh\u00edbe expl\u00edcitamente este tipo de exenciones, al considerarlas ayudas p\u00fablicas ilegales, adem\u00e1s de ir contra de las directrices europeas sobre ayudas p\u00fablicas a la banda ancha, que blindan la neutralidad tecnol\u00f3gica, cuando la propuesta referida \u00fanicamente es aplicable a redes de fibra \u00f3ptica y no a sus posibles alternativas (cable, VDSL, sat\u00e9lite, etc.).<\/p>\n<p style=\"text-align: justify;\">Sin duda, el <em>Brexit<\/em> ha tenido mucha influencia en c\u00f3mo se ha redactado esta propuesta, aunque en teor\u00eda, hasta la salida completa del Reino Unido de la Uni\u00f3n, las islas deber\u00edan acatar las leyes comunitarias so pena de multa por parte de la Comisi\u00f3n Europea.<\/p>\n<p><a href=\"#_ftnref1\" name=\"_ftn1\">[1]<\/a> <a href=\"https:\/\/www.gov.uk\/government\/collections\/finance-bill-2017\" target=\"_blank\" rel=\"noopener noreferrer\">https:\/\/www.gov.uk\/government\/collections\/finance-bill-2017<\/a><br \/>\n<a href=\"#_ftnref2\" name=\"_ftn2\">[2]<\/a> <a href=\"https:\/\/www.gov.uk\/government\/news\/finance-bill-2017-government-legislates-for-new-tax-changes\" target=\"_blank\" rel=\"noopener noreferrer\">https:\/\/www.gov.uk\/government\/news\/finance-bill-2017-government-legislates-for-new-tax-changes<\/a><br \/>\n<a href=\"#_ftnref3\" name=\"_ftn3\">[3]<\/a> <a href=\"https:\/\/www.ofcom.org.uk\/__data\/assets\/pdf_file\/0031\/68791\/july_2016_progress_update.pdf\" target=\"_blank\" rel=\"noopener noreferrer\">https:\/\/www.ofcom.org.uk\/__data\/assets\/pdf_file\/0031\/68791\/july_2016_progress_update.pdf<\/a><\/p>\n","protected":false},"excerpt":{"rendered":"<p>La propuesta del Gobierno Brit\u00e1nico para Ley de Finanzas del Gobierno Local (Local Government Finance Bill[1]) contiene una interesante novedad para el despliegue de nuevas infraestructuras de fibra \u00f3ptica. En concreto, el ejecutivo de Theresa May quiere establecer una reducci\u00f3n del 100% de todos los impuestos relacionados con la construcci\u00f3n de redes de fibra \u00f3ptica, [&hellip;]<\/p>\n","protected":false},"author":3,"featured_media":1010,"comment_status":"open","ping_status":"closed","sticky":false,"template":"","format":"standard","meta":{"footnotes":""},"categories":[13,12],"tags":[],"class_list":["post-1005","post","type-post","status-publish","format-standard","has-post-thumbnail","hentry","category-mercado-comunicaciones","category-regulacion"],"yoast_head":"<!-- This site is optimized with the Yoast SEO Premium plugin v27.3 (Yoast SEO v27.4) - https:\/\/yoast.com\/product\/yoast-seo-premium-wordpress\/ -->\n<title>El Reino Unido propone 5 a\u00f1os de vacaciones fiscales para las redes de fibra \u00f3ptica - UGT Comunicaciones<\/title>\n<meta name=\"robots\" content=\"index, follow, max-snippet:-1, max-image-preview:large, max-video-preview:-1\" \/>\n<link rel=\"canonical\" href=\"https:\/\/www.ugtcomunicaciones.es\/wordpress\/reino-unido-propone-5-anos-vacaciones-fiscales-las-redes-fibra-optica\/\" \/>\n<meta property=\"og:locale\" content=\"es_ES\" \/>\n<meta property=\"og:type\" content=\"article\" \/>\n<meta property=\"og:title\" content=\"El Reino Unido propone 5 a\u00f1os de vacaciones fiscales para las redes de fibra \u00f3ptica\" \/>\n<meta property=\"og:description\" content=\"La propuesta del Gobierno Brit\u00e1nico para Ley de Finanzas del Gobierno Local (Local Government Finance Bill[1]) contiene una interesante novedad para el despliegue de nuevas infraestructuras de fibra \u00f3ptica. En concreto, el ejecutivo de Theresa May quiere establecer una reducci\u00f3n del 100% de todos los impuestos relacionados con la construcci\u00f3n de redes de fibra \u00f3ptica, [&hellip;]\" \/>\n<meta property=\"og:url\" content=\"https:\/\/www.ugtcomunicaciones.es\/wordpress\/reino-unido-propone-5-anos-vacaciones-fiscales-las-redes-fibra-optica\/\" \/>\n<meta property=\"og:site_name\" content=\"UGT Comunicaciones\" \/>\n<meta property=\"article:publisher\" content=\"https:\/\/www.facebook.com\/ugt.comunicaciones\/\" \/>\n<meta property=\"article:published_time\" content=\"2017-03-06T12:39:08+00:00\" \/>\n<meta property=\"article:modified_time\" content=\"2017-06-26T12:21:02+00:00\" \/>\n<meta property=\"og:image\" content=\"https:\/\/www.ugtcomunicaciones.es\/wordpress\/wp-content\/uploads\/2017\/02\/UK.png\" \/>\n\t<meta property=\"og:image:width\" content=\"402\" \/>\n\t<meta property=\"og:image:height\" content=\"147\" \/>\n\t<meta property=\"og:image:type\" content=\"image\/png\" \/>\n<meta name=\"author\" content=\"UGT\" \/>\n<meta name=\"twitter:card\" content=\"summary_large_image\" \/>\n<meta name=\"twitter:creator\" content=\"@ugtcom\" \/>\n<meta name=\"twitter:site\" content=\"@ugtcom\" \/>\n<meta name=\"twitter:label1\" content=\"Escrito por\" \/>\n\t<meta name=\"twitter:data1\" content=\"UGT\" \/>\n\t<meta name=\"twitter:label2\" content=\"Tiempo de lectura\" \/>\n\t<meta name=\"twitter:data2\" content=\"2 minutos\" \/>\n<script type=\"application\/ld+json\" class=\"yoast-schema-graph\">{\"@context\":\"https:\\\/\\\/schema.org\",\"@graph\":[{\"@type\":\"Article\",\"@id\":\"https:\\\/\\\/www.ugtcomunicaciones.es\\\/wordpress\\\/reino-unido-propone-5-anos-vacaciones-fiscales-las-redes-fibra-optica\\\/#article\",\"isPartOf\":{\"@id\":\"https:\\\/\\\/www.ugtcomunicaciones.es\\\/wordpress\\\/reino-unido-propone-5-anos-vacaciones-fiscales-las-redes-fibra-optica\\\/\"},\"author\":{\"name\":\"UGT\",\"@id\":\"https:\\\/\\\/www.ugtcomunicaciones.es\\\/wordpress\\\/#\\\/schema\\\/person\\\/eba0fc3fe5b444531d94d4368cba89ed\"},\"headline\":\"El Reino Unido propone 5 a\u00f1os de vacaciones fiscales para las redes de fibra \u00f3ptica\",\"datePublished\":\"2017-03-06T12:39:08+00:00\",\"dateModified\":\"2017-06-26T12:21:02+00:00\",\"mainEntityOfPage\":{\"@id\":\"https:\\\/\\\/www.ugtcomunicaciones.es\\\/wordpress\\\/reino-unido-propone-5-anos-vacaciones-fiscales-las-redes-fibra-optica\\\/\"},\"wordCount\":317,\"commentCount\":0,\"publisher\":{\"@id\":\"https:\\\/\\\/www.ugtcomunicaciones.es\\\/wordpress\\\/#organization\"},\"image\":{\"@id\":\"https:\\\/\\\/www.ugtcomunicaciones.es\\\/wordpress\\\/reino-unido-propone-5-anos-vacaciones-fiscales-las-redes-fibra-optica\\\/#primaryimage\"},\"thumbnailUrl\":\"https:\\\/\\\/www.ugtcomunicaciones.es\\\/wordpress\\\/wp-content\\\/uploads\\\/2017\\\/02\\\/UK.png\",\"articleSection\":[\"Mercado Comunicaciones\",\"Regulaci\u00f3n\"],\"inLanguage\":\"es\",\"potentialAction\":[{\"@type\":\"CommentAction\",\"name\":\"Comment\",\"target\":[\"https:\\\/\\\/www.ugtcomunicaciones.es\\\/wordpress\\\/reino-unido-propone-5-anos-vacaciones-fiscales-las-redes-fibra-optica\\\/#respond\"]}]},{\"@type\":\"WebPage\",\"@id\":\"https:\\\/\\\/www.ugtcomunicaciones.es\\\/wordpress\\\/reino-unido-propone-5-anos-vacaciones-fiscales-las-redes-fibra-optica\\\/\",\"url\":\"https:\\\/\\\/www.ugtcomunicaciones.es\\\/wordpress\\\/reino-unido-propone-5-anos-vacaciones-fiscales-las-redes-fibra-optica\\\/\",\"name\":\"El Reino Unido propone 5 a\u00f1os de vacaciones fiscales para las redes de fibra \u00f3ptica - UGT Comunicaciones\",\"isPartOf\":{\"@id\":\"https:\\\/\\\/www.ugtcomunicaciones.es\\\/wordpress\\\/#website\"},\"primaryImageOfPage\":{\"@id\":\"https:\\\/\\\/www.ugtcomunicaciones.es\\\/wordpress\\\/reino-unido-propone-5-anos-vacaciones-fiscales-las-redes-fibra-optica\\\/#primaryimage\"},\"image\":{\"@id\":\"https:\\\/\\\/www.ugtcomunicaciones.es\\\/wordpress\\\/reino-unido-propone-5-anos-vacaciones-fiscales-las-redes-fibra-optica\\\/#primaryimage\"},\"thumbnailUrl\":\"https:\\\/\\\/www.ugtcomunicaciones.es\\\/wordpress\\\/wp-content\\\/uploads\\\/2017\\\/02\\\/UK.png\",\"datePublished\":\"2017-03-06T12:39:08+00:00\",\"dateModified\":\"2017-06-26T12:21:02+00:00\",\"breadcrumb\":{\"@id\":\"https:\\\/\\\/www.ugtcomunicaciones.es\\\/wordpress\\\/reino-unido-propone-5-anos-vacaciones-fiscales-las-redes-fibra-optica\\\/#breadcrumb\"},\"inLanguage\":\"es\",\"potentialAction\":[{\"@type\":\"ReadAction\",\"target\":[\"https:\\\/\\\/www.ugtcomunicaciones.es\\\/wordpress\\\/reino-unido-propone-5-anos-vacaciones-fiscales-las-redes-fibra-optica\\\/\"]}]},{\"@type\":\"ImageObject\",\"inLanguage\":\"es\",\"@id\":\"https:\\\/\\\/www.ugtcomunicaciones.es\\\/wordpress\\\/reino-unido-propone-5-anos-vacaciones-fiscales-las-redes-fibra-optica\\\/#primaryimage\",\"url\":\"https:\\\/\\\/www.ugtcomunicaciones.es\\\/wordpress\\\/wp-content\\\/uploads\\\/2017\\\/02\\\/UK.png\",\"contentUrl\":\"https:\\\/\\\/www.ugtcomunicaciones.es\\\/wordpress\\\/wp-content\\\/uploads\\\/2017\\\/02\\\/UK.png\",\"width\":402,\"height\":147},{\"@type\":\"BreadcrumbList\",\"@id\":\"https:\\\/\\\/www.ugtcomunicaciones.es\\\/wordpress\\\/reino-unido-propone-5-anos-vacaciones-fiscales-las-redes-fibra-optica\\\/#breadcrumb\",\"itemListElement\":[{\"@type\":\"ListItem\",\"position\":1,\"name\":\"Portada\",\"item\":\"https:\\\/\\\/www.ugtcomunicaciones.es\\\/wordpress\\\/\"},{\"@type\":\"ListItem\",\"position\":2,\"name\":\"El Reino Unido propone 5 a\u00f1os de vacaciones fiscales para las redes de fibra \u00f3ptica\"}]},{\"@type\":\"WebSite\",\"@id\":\"https:\\\/\\\/www.ugtcomunicaciones.es\\\/wordpress\\\/#website\",\"url\":\"https:\\\/\\\/www.ugtcomunicaciones.es\\\/wordpress\\\/\",\"name\":\"UGT Comunicaciones\",\"description\":\"Sindicato de Telecomunicaciones\",\"publisher\":{\"@id\":\"https:\\\/\\\/www.ugtcomunicaciones.es\\\/wordpress\\\/#organization\"},\"potentialAction\":[{\"@type\":\"SearchAction\",\"target\":{\"@type\":\"EntryPoint\",\"urlTemplate\":\"https:\\\/\\\/www.ugtcomunicaciones.es\\\/wordpress\\\/?s={search_term_string}\"},\"query-input\":{\"@type\":\"PropertyValueSpecification\",\"valueRequired\":true,\"valueName\":\"search_term_string\"}}],\"inLanguage\":\"es\"},{\"@type\":\"Organization\",\"@id\":\"https:\\\/\\\/www.ugtcomunicaciones.es\\\/wordpress\\\/#organization\",\"name\":\"UGT Comunicaciones\",\"url\":\"https:\\\/\\\/www.ugtcomunicaciones.es\\\/wordpress\\\/\",\"logo\":{\"@type\":\"ImageObject\",\"inLanguage\":\"es\",\"@id\":\"https:\\\/\\\/www.ugtcomunicaciones.es\\\/wordpress\\\/#\\\/schema\\\/logo\\\/image\\\/\",\"url\":\"https:\\\/\\\/www.ugtcomunicaciones.es\\\/wordpress\\\/wp-content\\\/uploads\\\/2024\\\/04\\\/comunicaciones_logo.png\",\"contentUrl\":\"https:\\\/\\\/www.ugtcomunicaciones.es\\\/wordpress\\\/wp-content\\\/uploads\\\/2024\\\/04\\\/comunicaciones_logo.png\",\"width\":298,\"height\":81,\"caption\":\"UGT Comunicaciones\"},\"image\":{\"@id\":\"https:\\\/\\\/www.ugtcomunicaciones.es\\\/wordpress\\\/#\\\/schema\\\/logo\\\/image\\\/\"},\"sameAs\":[\"https:\\\/\\\/www.facebook.com\\\/ugt.comunicaciones\\\/\",\"https:\\\/\\\/x.com\\\/ugtcom\"]},{\"@type\":\"Person\",\"@id\":\"https:\\\/\\\/www.ugtcomunicaciones.es\\\/wordpress\\\/#\\\/schema\\\/person\\\/eba0fc3fe5b444531d94d4368cba89ed\",\"name\":\"UGT\",\"image\":{\"@type\":\"ImageObject\",\"inLanguage\":\"es\",\"@id\":\"https:\\\/\\\/secure.gravatar.com\\\/avatar\\\/2a16057d620a4c646bcfc171c4f23030879ebbdd346f0525bd5d4a564e57e13d?s=96&d=mm&r=g\",\"url\":\"https:\\\/\\\/secure.gravatar.com\\\/avatar\\\/2a16057d620a4c646bcfc171c4f23030879ebbdd346f0525bd5d4a564e57e13d?s=96&d=mm&r=g\",\"contentUrl\":\"https:\\\/\\\/secure.gravatar.com\\\/avatar\\\/2a16057d620a4c646bcfc171c4f23030879ebbdd346f0525bd5d4a564e57e13d?s=96&d=mm&r=g\",\"caption\":\"UGT\"}}]}<\/script>\n<!-- \/ Yoast SEO Premium plugin. -->","yoast_head_json":{"title":"El Reino Unido propone 5 a\u00f1os de vacaciones fiscales para las redes de fibra \u00f3ptica - UGT Comunicaciones","robots":{"index":"index","follow":"follow","max-snippet":"max-snippet:-1","max-image-preview":"max-image-preview:large","max-video-preview":"max-video-preview:-1"},"canonical":"https:\/\/www.ugtcomunicaciones.es\/wordpress\/reino-unido-propone-5-anos-vacaciones-fiscales-las-redes-fibra-optica\/","og_locale":"es_ES","og_type":"article","og_title":"El Reino Unido propone 5 a\u00f1os de vacaciones fiscales para las redes de fibra \u00f3ptica","og_description":"La propuesta del Gobierno Brit\u00e1nico para Ley de Finanzas del Gobierno Local (Local Government Finance Bill[1]) contiene una interesante novedad para el despliegue de nuevas infraestructuras de fibra \u00f3ptica. En concreto, el ejecutivo de Theresa May quiere establecer una reducci\u00f3n del 100% de todos los impuestos relacionados con la construcci\u00f3n de redes de fibra \u00f3ptica, [&hellip;]","og_url":"https:\/\/www.ugtcomunicaciones.es\/wordpress\/reino-unido-propone-5-anos-vacaciones-fiscales-las-redes-fibra-optica\/","og_site_name":"UGT Comunicaciones","article_publisher":"https:\/\/www.facebook.com\/ugt.comunicaciones\/","article_published_time":"2017-03-06T12:39:08+00:00","article_modified_time":"2017-06-26T12:21:02+00:00","og_image":[{"width":402,"height":147,"url":"https:\/\/www.ugtcomunicaciones.es\/wordpress\/wp-content\/uploads\/2017\/02\/UK.png","type":"image\/png"}],"author":"UGT","twitter_card":"summary_large_image","twitter_creator":"@ugtcom","twitter_site":"@ugtcom","twitter_misc":{"Escrito por":"UGT","Tiempo de lectura":"2 minutos"},"schema":{"@context":"https:\/\/schema.org","@graph":[{"@type":"Article","@id":"https:\/\/www.ugtcomunicaciones.es\/wordpress\/reino-unido-propone-5-anos-vacaciones-fiscales-las-redes-fibra-optica\/#article","isPartOf":{"@id":"https:\/\/www.ugtcomunicaciones.es\/wordpress\/reino-unido-propone-5-anos-vacaciones-fiscales-las-redes-fibra-optica\/"},"author":{"name":"UGT","@id":"https:\/\/www.ugtcomunicaciones.es\/wordpress\/#\/schema\/person\/eba0fc3fe5b444531d94d4368cba89ed"},"headline":"El Reino Unido propone 5 a\u00f1os de vacaciones fiscales para las redes de fibra \u00f3ptica","datePublished":"2017-03-06T12:39:08+00:00","dateModified":"2017-06-26T12:21:02+00:00","mainEntityOfPage":{"@id":"https:\/\/www.ugtcomunicaciones.es\/wordpress\/reino-unido-propone-5-anos-vacaciones-fiscales-las-redes-fibra-optica\/"},"wordCount":317,"commentCount":0,"publisher":{"@id":"https:\/\/www.ugtcomunicaciones.es\/wordpress\/#organization"},"image":{"@id":"https:\/\/www.ugtcomunicaciones.es\/wordpress\/reino-unido-propone-5-anos-vacaciones-fiscales-las-redes-fibra-optica\/#primaryimage"},"thumbnailUrl":"https:\/\/www.ugtcomunicaciones.es\/wordpress\/wp-content\/uploads\/2017\/02\/UK.png","articleSection":["Mercado Comunicaciones","Regulaci\u00f3n"],"inLanguage":"es","potentialAction":[{"@type":"CommentAction","name":"Comment","target":["https:\/\/www.ugtcomunicaciones.es\/wordpress\/reino-unido-propone-5-anos-vacaciones-fiscales-las-redes-fibra-optica\/#respond"]}]},{"@type":"WebPage","@id":"https:\/\/www.ugtcomunicaciones.es\/wordpress\/reino-unido-propone-5-anos-vacaciones-fiscales-las-redes-fibra-optica\/","url":"https:\/\/www.ugtcomunicaciones.es\/wordpress\/reino-unido-propone-5-anos-vacaciones-fiscales-las-redes-fibra-optica\/","name":"El Reino Unido propone 5 a\u00f1os de vacaciones fiscales para las redes de fibra \u00f3ptica - UGT Comunicaciones","isPartOf":{"@id":"https:\/\/www.ugtcomunicaciones.es\/wordpress\/#website"},"primaryImageOfPage":{"@id":"https:\/\/www.ugtcomunicaciones.es\/wordpress\/reino-unido-propone-5-anos-vacaciones-fiscales-las-redes-fibra-optica\/#primaryimage"},"image":{"@id":"https:\/\/www.ugtcomunicaciones.es\/wordpress\/reino-unido-propone-5-anos-vacaciones-fiscales-las-redes-fibra-optica\/#primaryimage"},"thumbnailUrl":"https:\/\/www.ugtcomunicaciones.es\/wordpress\/wp-content\/uploads\/2017\/02\/UK.png","datePublished":"2017-03-06T12:39:08+00:00","dateModified":"2017-06-26T12:21:02+00:00","breadcrumb":{"@id":"https:\/\/www.ugtcomunicaciones.es\/wordpress\/reino-unido-propone-5-anos-vacaciones-fiscales-las-redes-fibra-optica\/#breadcrumb"},"inLanguage":"es","potentialAction":[{"@type":"ReadAction","target":["https:\/\/www.ugtcomunicaciones.es\/wordpress\/reino-unido-propone-5-anos-vacaciones-fiscales-las-redes-fibra-optica\/"]}]},{"@type":"ImageObject","inLanguage":"es","@id":"https:\/\/www.ugtcomunicaciones.es\/wordpress\/reino-unido-propone-5-anos-vacaciones-fiscales-las-redes-fibra-optica\/#primaryimage","url":"https:\/\/www.ugtcomunicaciones.es\/wordpress\/wp-content\/uploads\/2017\/02\/UK.png","contentUrl":"https:\/\/www.ugtcomunicaciones.es\/wordpress\/wp-content\/uploads\/2017\/02\/UK.png","width":402,"height":147},{"@type":"BreadcrumbList","@id":"https:\/\/www.ugtcomunicaciones.es\/wordpress\/reino-unido-propone-5-anos-vacaciones-fiscales-las-redes-fibra-optica\/#breadcrumb","itemListElement":[{"@type":"ListItem","position":1,"name":"Portada","item":"https:\/\/www.ugtcomunicaciones.es\/wordpress\/"},{"@type":"ListItem","position":2,"name":"El Reino Unido propone 5 a\u00f1os de vacaciones fiscales para las redes de fibra \u00f3ptica"}]},{"@type":"WebSite","@id":"https:\/\/www.ugtcomunicaciones.es\/wordpress\/#website","url":"https:\/\/www.ugtcomunicaciones.es\/wordpress\/","name":"UGT Comunicaciones","description":"Sindicato de Telecomunicaciones","publisher":{"@id":"https:\/\/www.ugtcomunicaciones.es\/wordpress\/#organization"},"potentialAction":[{"@type":"SearchAction","target":{"@type":"EntryPoint","urlTemplate":"https:\/\/www.ugtcomunicaciones.es\/wordpress\/?s={search_term_string}"},"query-input":{"@type":"PropertyValueSpecification","valueRequired":true,"valueName":"search_term_string"}}],"inLanguage":"es"},{"@type":"Organization","@id":"https:\/\/www.ugtcomunicaciones.es\/wordpress\/#organization","name":"UGT Comunicaciones","url":"https:\/\/www.ugtcomunicaciones.es\/wordpress\/","logo":{"@type":"ImageObject","inLanguage":"es","@id":"https:\/\/www.ugtcomunicaciones.es\/wordpress\/#\/schema\/logo\/image\/","url":"https:\/\/www.ugtcomunicaciones.es\/wordpress\/wp-content\/uploads\/2024\/04\/comunicaciones_logo.png","contentUrl":"https:\/\/www.ugtcomunicaciones.es\/wordpress\/wp-content\/uploads\/2024\/04\/comunicaciones_logo.png","width":298,"height":81,"caption":"UGT Comunicaciones"},"image":{"@id":"https:\/\/www.ugtcomunicaciones.es\/wordpress\/#\/schema\/logo\/image\/"},"sameAs":["https:\/\/www.facebook.com\/ugt.comunicaciones\/","https:\/\/x.com\/ugtcom"]},{"@type":"Person","@id":"https:\/\/www.ugtcomunicaciones.es\/wordpress\/#\/schema\/person\/eba0fc3fe5b444531d94d4368cba89ed","name":"UGT","image":{"@type":"ImageObject","inLanguage":"es","@id":"https:\/\/secure.gravatar.com\/avatar\/2a16057d620a4c646bcfc171c4f23030879ebbdd346f0525bd5d4a564e57e13d?s=96&d=mm&r=g","url":"https:\/\/secure.gravatar.com\/avatar\/2a16057d620a4c646bcfc171c4f23030879ebbdd346f0525bd5d4a564e57e13d?s=96&d=mm&r=g","contentUrl":"https:\/\/secure.gravatar.com\/avatar\/2a16057d620a4c646bcfc171c4f23030879ebbdd346f0525bd5d4a564e57e13d?s=96&d=mm&r=g","caption":"UGT"}}]}},"_links":{"self":[{"href":"https:\/\/www.ugtcomunicaciones.es\/wordpress\/wp-json\/wp\/v2\/posts\/1005","targetHints":{"allow":["GET"]}}],"collection":[{"href":"https:\/\/www.ugtcomunicaciones.es\/wordpress\/wp-json\/wp\/v2\/posts"}],"about":[{"href":"https:\/\/www.ugtcomunicaciones.es\/wordpress\/wp-json\/wp\/v2\/types\/post"}],"author":[{"embeddable":true,"href":"https:\/\/www.ugtcomunicaciones.es\/wordpress\/wp-json\/wp\/v2\/users\/3"}],"replies":[{"embeddable":true,"href":"https:\/\/www.ugtcomunicaciones.es\/wordpress\/wp-json\/wp\/v2\/comments?post=1005"}],"version-history":[{"count":0,"href":"https:\/\/www.ugtcomunicaciones.es\/wordpress\/wp-json\/wp\/v2\/posts\/1005\/revisions"}],"wp:featuredmedia":[{"embeddable":true,"href":"https:\/\/www.ugtcomunicaciones.es\/wordpress\/wp-json\/wp\/v2\/media\/1010"}],"wp:attachment":[{"href":"https:\/\/www.ugtcomunicaciones.es\/wordpress\/wp-json\/wp\/v2\/media?parent=1005"}],"wp:term":[{"taxonomy":"category","embeddable":true,"href":"https:\/\/www.ugtcomunicaciones.es\/wordpress\/wp-json\/wp\/v2\/categories?post=1005"},{"taxonomy":"post_tag","embeddable":true,"href":"https:\/\/www.ugtcomunicaciones.es\/wordpress\/wp-json\/wp\/v2\/tags?post=1005"}],"curies":[{"name":"wp","href":"https:\/\/api.w.org\/{rel}","templated":true}]}}