{"id":100597,"date":"2018-02-02T15:06:08","date_gmt":"2018-02-02T13:06:08","guid":{"rendered":"http:\/\/ugtcomunicaciones.es\/wordpress\/?p=100597"},"modified":"2018-02-01T10:17:57","modified_gmt":"2018-02-01T08:17:57","slug":"revision-segun-ipc","status":"publish","type":"post","link":"https:\/\/www.ugtcomunicaciones.es\/wordpress\/revision-segun-ipc\/","title":{"rendered":"Revisi\u00f3n seg\u00fan IPC"},"content":{"rendered":"<p align=\"justify\"><img decoding=\"async\" class=\"aligncenter size-full wp-image-100598 lazyload\" data-src=\"http:\/\/ugtcomunicaciones.es\/wordpress\/wp-content\/uploads\/2018\/02\/ipc.jpg\" alt=\"\" width=\"500\" height=\"375\" data-srcset=\"https:\/\/www.ugtcomunicaciones.es\/wordpress\/wp-content\/uploads\/2018\/02\/ipc.jpg 500w, https:\/\/www.ugtcomunicaciones.es\/wordpress\/wp-content\/uploads\/2018\/02\/ipc-300x225.jpg 300w, https:\/\/www.ugtcomunicaciones.es\/wordpress\/wp-content\/uploads\/2018\/02\/ipc-80x60.jpg 80w, https:\/\/www.ugtcomunicaciones.es\/wordpress\/wp-content\/uploads\/2018\/02\/ipc-100x75.jpg 100w, https:\/\/www.ugtcomunicaciones.es\/wordpress\/wp-content\/uploads\/2018\/02\/ipc-180x135.jpg 180w, https:\/\/www.ugtcomunicaciones.es\/wordpress\/wp-content\/uploads\/2018\/02\/ipc-238x178.jpg 238w\" data-sizes=\"(max-width: 500px) 100vw, 500px\" src=\"data:image\/svg+xml;base64,PHN2ZyB3aWR0aD0iMSIgaGVpZ2h0PSIxIiB4bWxucz0iaHR0cDovL3d3dy53My5vcmcvMjAwMC9zdmciPjwvc3ZnPg==\" style=\"--smush-placeholder-width: 500px; --smush-placeholder-aspect-ratio: 500\/375;\" \/>El dato oficial de IPC al cierre del ejercicio 2017 fue del <strong>1,1%<\/strong>. <strong>Desde <\/strong><strong>UGT<\/strong> hemos solicitado a la empresa que se actualicen lo antes posible tanto las Tablas Salariales, para revisar los salarios que hubieran podido quedar por debajo del m\u00ednimo de su grupo, como los diferentes complementos y conceptos del convenio sujetos a esta revisi\u00f3n. En ambos casos con efecto 1 de enero.<\/p>\n<p><u>TABLAS SALARIALES 2018<\/u><\/p>\n<table width=\"321\">\n<tbody>\n<tr>\n<td width=\"77\"><\/td>\n<td width=\"118\">Salario M\u00ednimo<\/td>\n<td width=\"126\">Salario Objetivo<\/td>\n<\/tr>\n<tr>\n<td width=\"77\">GRUPO 0<\/td>\n<td width=\"118\"><strong>26.821,98 \u20ac<\/strong><\/td>\n<td width=\"126\"><strong>39.322,81 \u20ac<\/strong><\/td>\n<\/tr>\n<tr>\n<td width=\"77\">GRUPO 1<\/td>\n<td width=\"118\"><strong>25.522,07 \u20ac<\/strong><\/td>\n<td width=\"126\"><strong>37.696,56 \u20ac<\/strong><\/td>\n<\/tr>\n<tr>\n<td width=\"77\">GRUPO 2<\/td>\n<td width=\"118\"><strong>21.917,81 \u20ac<\/strong><\/td>\n<td width=\"126\"><strong>32.373,63 \u20ac<\/strong><\/td>\n<\/tr>\n<tr>\n<td width=\"77\">GRUPO 3<\/td>\n<td width=\"118\"><strong>18.077,52 \u20ac<\/strong><\/td>\n<td width=\"126\"><strong>26.685,77 \u20ac<\/strong><\/td>\n<\/tr>\n<tr>\n<td width=\"77\">GRUPO 4<\/td>\n<td width=\"118\"><strong>17.256,87 \u20ac<\/strong><\/td>\n<td width=\"126\"><strong>25.489,92 \u20ac<\/strong><\/td>\n<\/tr>\n<\/tbody>\n<\/table>\n<p><u>L\u00edmite para garant\u00eda de revisi\u00f3n salarial 2017 (fijo+variable, art.7.4 del Convenio): <strong>45.221,23 \u20ac<\/strong><\/u><\/p>\n<p><u>INTERVENCIONES<\/u><\/p>\n<table width=\"275\">\n<tbody>\n<tr>\n<td width=\"153\">Intervenci\u00f3n semanal<\/td>\n<td width=\"122\">\u00a0Importe<\/td>\n<\/tr>\n<tr>\n<td width=\"153\">h&lt;4<\/td>\n<td width=\"122\"><strong>\u00a083,86 \u20ac<\/strong><\/td>\n<\/tr>\n<tr>\n<td width=\"153\">\u22654h&lt;8h<\/td>\n<td width=\"122\"><strong>\u00a0144,25 \u20ac<\/strong><\/td>\n<\/tr>\n<tr>\n<td width=\"153\">\u22658h&lt;12h<\/td>\n<td width=\"122\"><strong>\u00a0206,85 \u20ac<\/strong><\/td>\n<\/tr>\n<tr>\n<td width=\"153\">\u226512h&lt;15h<\/td>\n<td width=\"122\"><strong>\u00a0313,09 \u20ac<\/strong><\/td>\n<\/tr>\n<\/tbody>\n<\/table>\n<p><u>TRABAJOS PROGRAMADOS<\/u><\/p>\n<table width=\"282\">\n<tbody>\n<tr>\n<td width=\"142\">Duraci\u00f3n<\/td>\n<td width=\"140\">\u00a0Importe<\/td>\n<\/tr>\n<tr>\n<td width=\"142\">h=&lt;4<\/td>\n<td width=\"140\"><strong>\u00a044,73 \u20ac<\/strong><\/td>\n<\/tr>\n<tr>\n<td width=\"142\">&gt;4h=&lt;6h<\/td>\n<td width=\"140\"><strong>\u00a055,91 \u20ac<\/strong><\/td>\n<\/tr>\n<tr>\n<td width=\"142\">&gt;6h<\/td>\n<td width=\"140\"><strong>\u00a072,68 \u20ac<\/strong><\/td>\n<\/tr>\n<\/tbody>\n<\/table>\n<p>&nbsp;<\/p>\n<p>&nbsp;<\/p>\n<p><u>Disponibilidad \u00e1reas no t\u00e9cnicas<\/u>: \u00a0\u00a0\u00a0\u00a0 <strong>128,58 \u20ac\u00a0 \u00a0 \u00a0 \u00a0<\/strong><u>Disponibilidad \u00e1rea t\u00e9cnica<\/u>: \u00a0<strong>267,86 \u20ac<\/strong><\/p>\n<p><u>Ret\u00e9n<\/u>: \u00a0\u00a0\u00a0\u00a0\u00a0\u00a0\u00a0\u00a0\u00a0\u00a0\u00a0\u00a0\u00a0\u00a0\u00a0\u00a0\u00a0\u00a0\u00a0\u00a0\u00a0\u00a0\u00a0\u00a0\u00a0\u00a0\u00a0\u00a0\u00a0\u00a0\u00a0\u00a0\u00a0\u00a0\u00a0\u00a0\u00a0\u00a0\u00a0\u00a0\u00a0\u00a0\u00a0\u00a0<strong>67,08 \u20ac<\/strong>\u00a0 \u00a0 \u00a0 \u00a0 \u00a0<u>Activaci\u00f3n de Ret\u00e9n<\/u>:\u00a0 \u00a0 \u00a0 \u00a0 \u00a0 \u00a0\u00a0<strong>16,77 \u20ac<\/strong><\/p>\n<p><u>Plus Emergencia fin de semana<\/u>:\u00a0 \u00a0 \u00a0 \u00a0 \u00a0<strong>76,53 \u20ac<\/strong>\u00a0 \u00a0 \u00a0 \u00a0\u00a0<u>Emergencia en Festivo<\/u>:\u00a0\u00a0\u00a0\u00a0\u00a0\u00a0\u00a0\u00a0 <strong>38,29 \u20ac<\/strong><\/p>\n<p><u>Rotaci\u00f3n de Jornada<\/u>:\u00a0 \u00a0 \u00a0 \u00a0 \u00a0 \u00a0 \u00a0 \u00a0 \u00a0 \u00a0 \u00a0\u00a0<strong>123,00 \u20ac\u00a0 \u00a0 \u00a0 \u00a0 <\/strong><u>Rotaci\u00f3n Supervisi\u00f3n<\/u>:\u00a0 \u00a0 \u00a0 \u00a0 \u00a0\u00a0<strong>174,62 \u20ac<\/strong><\/p>\n<p><u>S\u00e1b., Dom. y Festivos<\/u>:\u00a0\u00a0\u00a0\u00a0\u00a0\u00a0\u00a0\u00a0\u00a0\u00a0\u00a0\u00a0\u00a0\u00a0\u00a0\u00a0\u00a0\u00a0\u00a0\u00a0\u00a0 <strong>46,96 \u20ac\u00a0 \u00a0 \u00a0 \u00a0<\/strong><u>Disp. festivos \u00e1rea t\u00e9cnica<\/u>: \u00a0 <strong>111,82 \u20ac<\/strong><\/p>\n<p style=\"text-align: justify;\">Con este dato de IPC del 1,1%, el de 1,6% del a\u00f1o pasado, los excelentes beneficios de la empresa\u2026 se hace m\u00e1s que necesario que la Direcci\u00f3n recapacite y atienda las <strong>propuestas que<\/strong> <strong>UGT<\/strong> le viene planteando desde hace m\u00e1s de 1 a\u00f1o: <strong>una revisi\u00f3n salarial por encima del convenio que incorpore en nuestros salarios parte de los ingentes beneficios de la empresa de los que somos los m\u00e1ximos art\u00edfices.<\/strong><\/p>\n","protected":false},"excerpt":{"rendered":"<p>El dato oficial de IPC al cierre del ejercicio 2017 fue del 1,1%. Desde UGT hemos solicitado a la empresa que se actualicen lo antes posible tanto las Tablas Salariales, para revisar los salarios que hubieran podido quedar por debajo del m\u00ednimo de su grupo, como los diferentes complementos y conceptos del convenio sujetos a [&hellip;]<\/p>\n","protected":false},"author":3,"featured_media":100598,"comment_status":"closed","ping_status":"closed","sticky":false,"template":"","format":"standard","meta":{"footnotes":""},"categories":[35,36],"tags":[],"class_list":["post-100597","post","type-post","status-publish","format-standard","has-post-thumbnail","hentry","category-orange","category-orange_espagne"],"yoast_head":"<!-- This site is optimized with the Yoast SEO Premium plugin v27.3 (Yoast SEO v27.4) - https:\/\/yoast.com\/product\/yoast-seo-premium-wordpress\/ -->\n<title>Revisi\u00f3n seg\u00fan IPC - UGT Comunicaciones<\/title>\n<meta name=\"robots\" content=\"index, follow, max-snippet:-1, max-image-preview:large, max-video-preview:-1\" \/>\n<link rel=\"canonical\" href=\"https:\/\/www.ugtcomunicaciones.es\/wordpress\/revision-segun-ipc\/\" \/>\n<meta property=\"og:locale\" content=\"es_ES\" \/>\n<meta property=\"og:type\" content=\"article\" \/>\n<meta property=\"og:title\" content=\"Revisi\u00f3n seg\u00fan IPC\" \/>\n<meta property=\"og:description\" content=\"El dato oficial de IPC al cierre del ejercicio 2017 fue del 1,1%. Desde UGT hemos solicitado a la empresa que se actualicen lo antes posible tanto las Tablas Salariales, para revisar los salarios que hubieran podido quedar por debajo del m\u00ednimo de su grupo, como los diferentes complementos y conceptos del convenio sujetos a [&hellip;]\" \/>\n<meta property=\"og:url\" content=\"https:\/\/www.ugtcomunicaciones.es\/wordpress\/revision-segun-ipc\/\" \/>\n<meta property=\"og:site_name\" content=\"UGT Comunicaciones\" \/>\n<meta property=\"article:publisher\" content=\"https:\/\/www.facebook.com\/ugt.comunicaciones\/\" \/>\n<meta property=\"article:published_time\" content=\"2018-02-02T13:06:08+00:00\" \/>\n<meta property=\"og:image\" content=\"https:\/\/www.ugtcomunicaciones.es\/wordpress\/wp-content\/uploads\/2018\/02\/ipc.jpg\" \/>\n\t<meta property=\"og:image:width\" content=\"500\" \/>\n\t<meta property=\"og:image:height\" content=\"375\" \/>\n\t<meta property=\"og:image:type\" content=\"image\/jpeg\" \/>\n<meta name=\"author\" content=\"UGT\" \/>\n<meta name=\"twitter:card\" content=\"summary_large_image\" \/>\n<meta name=\"twitter:creator\" content=\"@ugtcom\" \/>\n<meta name=\"twitter:site\" content=\"@ugtcom\" \/>\n<meta name=\"twitter:label1\" content=\"Escrito por\" \/>\n\t<meta name=\"twitter:data1\" content=\"UGT\" \/>\n\t<meta name=\"twitter:label2\" content=\"Tiempo de lectura\" \/>\n\t<meta name=\"twitter:data2\" content=\"1 minuto\" \/>\n<script type=\"application\/ld+json\" class=\"yoast-schema-graph\">{\"@context\":\"https:\\\/\\\/schema.org\",\"@graph\":[{\"@type\":\"Article\",\"@id\":\"https:\\\/\\\/www.ugtcomunicaciones.es\\\/wordpress\\\/revision-segun-ipc\\\/#article\",\"isPartOf\":{\"@id\":\"https:\\\/\\\/www.ugtcomunicaciones.es\\\/wordpress\\\/revision-segun-ipc\\\/\"},\"author\":{\"name\":\"UGT\",\"@id\":\"https:\\\/\\\/www.ugtcomunicaciones.es\\\/wordpress\\\/#\\\/schema\\\/person\\\/eba0fc3fe5b444531d94d4368cba89ed\"},\"headline\":\"Revisi\u00f3n seg\u00fan IPC\",\"datePublished\":\"2018-02-02T13:06:08+00:00\",\"mainEntityOfPage\":{\"@id\":\"https:\\\/\\\/www.ugtcomunicaciones.es\\\/wordpress\\\/revision-segun-ipc\\\/\"},\"wordCount\":243,\"publisher\":{\"@id\":\"https:\\\/\\\/www.ugtcomunicaciones.es\\\/wordpress\\\/#organization\"},\"image\":{\"@id\":\"https:\\\/\\\/www.ugtcomunicaciones.es\\\/wordpress\\\/revision-segun-ipc\\\/#primaryimage\"},\"thumbnailUrl\":\"https:\\\/\\\/www.ugtcomunicaciones.es\\\/wordpress\\\/wp-content\\\/uploads\\\/2018\\\/02\\\/ipc.jpg\",\"articleSection\":[\"Grupo MasOrange\",\"Orange Espa\u00f1a\"],\"inLanguage\":\"es\"},{\"@type\":\"WebPage\",\"@id\":\"https:\\\/\\\/www.ugtcomunicaciones.es\\\/wordpress\\\/revision-segun-ipc\\\/\",\"url\":\"https:\\\/\\\/www.ugtcomunicaciones.es\\\/wordpress\\\/revision-segun-ipc\\\/\",\"name\":\"Revisi\u00f3n seg\u00fan IPC - UGT Comunicaciones\",\"isPartOf\":{\"@id\":\"https:\\\/\\\/www.ugtcomunicaciones.es\\\/wordpress\\\/#website\"},\"primaryImageOfPage\":{\"@id\":\"https:\\\/\\\/www.ugtcomunicaciones.es\\\/wordpress\\\/revision-segun-ipc\\\/#primaryimage\"},\"image\":{\"@id\":\"https:\\\/\\\/www.ugtcomunicaciones.es\\\/wordpress\\\/revision-segun-ipc\\\/#primaryimage\"},\"thumbnailUrl\":\"https:\\\/\\\/www.ugtcomunicaciones.es\\\/wordpress\\\/wp-content\\\/uploads\\\/2018\\\/02\\\/ipc.jpg\",\"datePublished\":\"2018-02-02T13:06:08+00:00\",\"breadcrumb\":{\"@id\":\"https:\\\/\\\/www.ugtcomunicaciones.es\\\/wordpress\\\/revision-segun-ipc\\\/#breadcrumb\"},\"inLanguage\":\"es\",\"potentialAction\":[{\"@type\":\"ReadAction\",\"target\":[\"https:\\\/\\\/www.ugtcomunicaciones.es\\\/wordpress\\\/revision-segun-ipc\\\/\"]}]},{\"@type\":\"ImageObject\",\"inLanguage\":\"es\",\"@id\":\"https:\\\/\\\/www.ugtcomunicaciones.es\\\/wordpress\\\/revision-segun-ipc\\\/#primaryimage\",\"url\":\"https:\\\/\\\/www.ugtcomunicaciones.es\\\/wordpress\\\/wp-content\\\/uploads\\\/2018\\\/02\\\/ipc.jpg\",\"contentUrl\":\"https:\\\/\\\/www.ugtcomunicaciones.es\\\/wordpress\\\/wp-content\\\/uploads\\\/2018\\\/02\\\/ipc.jpg\",\"width\":500,\"height\":375},{\"@type\":\"BreadcrumbList\",\"@id\":\"https:\\\/\\\/www.ugtcomunicaciones.es\\\/wordpress\\\/revision-segun-ipc\\\/#breadcrumb\",\"itemListElement\":[{\"@type\":\"ListItem\",\"position\":1,\"name\":\"Portada\",\"item\":\"https:\\\/\\\/www.ugtcomunicaciones.es\\\/wordpress\\\/\"},{\"@type\":\"ListItem\",\"position\":2,\"name\":\"Revisi\u00f3n seg\u00fan IPC\"}]},{\"@type\":\"WebSite\",\"@id\":\"https:\\\/\\\/www.ugtcomunicaciones.es\\\/wordpress\\\/#website\",\"url\":\"https:\\\/\\\/www.ugtcomunicaciones.es\\\/wordpress\\\/\",\"name\":\"UGT Comunicaciones\",\"description\":\"Sindicato de Telecomunicaciones\",\"publisher\":{\"@id\":\"https:\\\/\\\/www.ugtcomunicaciones.es\\\/wordpress\\\/#organization\"},\"potentialAction\":[{\"@type\":\"SearchAction\",\"target\":{\"@type\":\"EntryPoint\",\"urlTemplate\":\"https:\\\/\\\/www.ugtcomunicaciones.es\\\/wordpress\\\/?s={search_term_string}\"},\"query-input\":{\"@type\":\"PropertyValueSpecification\",\"valueRequired\":true,\"valueName\":\"search_term_string\"}}],\"inLanguage\":\"es\"},{\"@type\":\"Organization\",\"@id\":\"https:\\\/\\\/www.ugtcomunicaciones.es\\\/wordpress\\\/#organization\",\"name\":\"UGT Comunicaciones\",\"url\":\"https:\\\/\\\/www.ugtcomunicaciones.es\\\/wordpress\\\/\",\"logo\":{\"@type\":\"ImageObject\",\"inLanguage\":\"es\",\"@id\":\"https:\\\/\\\/www.ugtcomunicaciones.es\\\/wordpress\\\/#\\\/schema\\\/logo\\\/image\\\/\",\"url\":\"https:\\\/\\\/www.ugtcomunicaciones.es\\\/wordpress\\\/wp-content\\\/uploads\\\/2024\\\/04\\\/comunicaciones_logo.png\",\"contentUrl\":\"https:\\\/\\\/www.ugtcomunicaciones.es\\\/wordpress\\\/wp-content\\\/uploads\\\/2024\\\/04\\\/comunicaciones_logo.png\",\"width\":298,\"height\":81,\"caption\":\"UGT Comunicaciones\"},\"image\":{\"@id\":\"https:\\\/\\\/www.ugtcomunicaciones.es\\\/wordpress\\\/#\\\/schema\\\/logo\\\/image\\\/\"},\"sameAs\":[\"https:\\\/\\\/www.facebook.com\\\/ugt.comunicaciones\\\/\",\"https:\\\/\\\/x.com\\\/ugtcom\"]},{\"@type\":\"Person\",\"@id\":\"https:\\\/\\\/www.ugtcomunicaciones.es\\\/wordpress\\\/#\\\/schema\\\/person\\\/eba0fc3fe5b444531d94d4368cba89ed\",\"name\":\"UGT\",\"image\":{\"@type\":\"ImageObject\",\"inLanguage\":\"es\",\"@id\":\"https:\\\/\\\/secure.gravatar.com\\\/avatar\\\/2a16057d620a4c646bcfc171c4f23030879ebbdd346f0525bd5d4a564e57e13d?s=96&d=mm&r=g\",\"url\":\"https:\\\/\\\/secure.gravatar.com\\\/avatar\\\/2a16057d620a4c646bcfc171c4f23030879ebbdd346f0525bd5d4a564e57e13d?s=96&d=mm&r=g\",\"contentUrl\":\"https:\\\/\\\/secure.gravatar.com\\\/avatar\\\/2a16057d620a4c646bcfc171c4f23030879ebbdd346f0525bd5d4a564e57e13d?s=96&d=mm&r=g\",\"caption\":\"UGT\"}}]}<\/script>\n<!-- \/ Yoast SEO Premium plugin. -->","yoast_head_json":{"title":"Revisi\u00f3n seg\u00fan IPC - UGT Comunicaciones","robots":{"index":"index","follow":"follow","max-snippet":"max-snippet:-1","max-image-preview":"max-image-preview:large","max-video-preview":"max-video-preview:-1"},"canonical":"https:\/\/www.ugtcomunicaciones.es\/wordpress\/revision-segun-ipc\/","og_locale":"es_ES","og_type":"article","og_title":"Revisi\u00f3n seg\u00fan IPC","og_description":"El dato oficial de IPC al cierre del ejercicio 2017 fue del 1,1%. Desde UGT hemos solicitado a la empresa que se actualicen lo antes posible tanto las Tablas Salariales, para revisar los salarios que hubieran podido quedar por debajo del m\u00ednimo de su grupo, como los diferentes complementos y conceptos del convenio sujetos a [&hellip;]","og_url":"https:\/\/www.ugtcomunicaciones.es\/wordpress\/revision-segun-ipc\/","og_site_name":"UGT Comunicaciones","article_publisher":"https:\/\/www.facebook.com\/ugt.comunicaciones\/","article_published_time":"2018-02-02T13:06:08+00:00","og_image":[{"width":500,"height":375,"url":"https:\/\/www.ugtcomunicaciones.es\/wordpress\/wp-content\/uploads\/2018\/02\/ipc.jpg","type":"image\/jpeg"}],"author":"UGT","twitter_card":"summary_large_image","twitter_creator":"@ugtcom","twitter_site":"@ugtcom","twitter_misc":{"Escrito por":"UGT","Tiempo de lectura":"1 minuto"},"schema":{"@context":"https:\/\/schema.org","@graph":[{"@type":"Article","@id":"https:\/\/www.ugtcomunicaciones.es\/wordpress\/revision-segun-ipc\/#article","isPartOf":{"@id":"https:\/\/www.ugtcomunicaciones.es\/wordpress\/revision-segun-ipc\/"},"author":{"name":"UGT","@id":"https:\/\/www.ugtcomunicaciones.es\/wordpress\/#\/schema\/person\/eba0fc3fe5b444531d94d4368cba89ed"},"headline":"Revisi\u00f3n seg\u00fan IPC","datePublished":"2018-02-02T13:06:08+00:00","mainEntityOfPage":{"@id":"https:\/\/www.ugtcomunicaciones.es\/wordpress\/revision-segun-ipc\/"},"wordCount":243,"publisher":{"@id":"https:\/\/www.ugtcomunicaciones.es\/wordpress\/#organization"},"image":{"@id":"https:\/\/www.ugtcomunicaciones.es\/wordpress\/revision-segun-ipc\/#primaryimage"},"thumbnailUrl":"https:\/\/www.ugtcomunicaciones.es\/wordpress\/wp-content\/uploads\/2018\/02\/ipc.jpg","articleSection":["Grupo MasOrange","Orange Espa\u00f1a"],"inLanguage":"es"},{"@type":"WebPage","@id":"https:\/\/www.ugtcomunicaciones.es\/wordpress\/revision-segun-ipc\/","url":"https:\/\/www.ugtcomunicaciones.es\/wordpress\/revision-segun-ipc\/","name":"Revisi\u00f3n seg\u00fan IPC - UGT Comunicaciones","isPartOf":{"@id":"https:\/\/www.ugtcomunicaciones.es\/wordpress\/#website"},"primaryImageOfPage":{"@id":"https:\/\/www.ugtcomunicaciones.es\/wordpress\/revision-segun-ipc\/#primaryimage"},"image":{"@id":"https:\/\/www.ugtcomunicaciones.es\/wordpress\/revision-segun-ipc\/#primaryimage"},"thumbnailUrl":"https:\/\/www.ugtcomunicaciones.es\/wordpress\/wp-content\/uploads\/2018\/02\/ipc.jpg","datePublished":"2018-02-02T13:06:08+00:00","breadcrumb":{"@id":"https:\/\/www.ugtcomunicaciones.es\/wordpress\/revision-segun-ipc\/#breadcrumb"},"inLanguage":"es","potentialAction":[{"@type":"ReadAction","target":["https:\/\/www.ugtcomunicaciones.es\/wordpress\/revision-segun-ipc\/"]}]},{"@type":"ImageObject","inLanguage":"es","@id":"https:\/\/www.ugtcomunicaciones.es\/wordpress\/revision-segun-ipc\/#primaryimage","url":"https:\/\/www.ugtcomunicaciones.es\/wordpress\/wp-content\/uploads\/2018\/02\/ipc.jpg","contentUrl":"https:\/\/www.ugtcomunicaciones.es\/wordpress\/wp-content\/uploads\/2018\/02\/ipc.jpg","width":500,"height":375},{"@type":"BreadcrumbList","@id":"https:\/\/www.ugtcomunicaciones.es\/wordpress\/revision-segun-ipc\/#breadcrumb","itemListElement":[{"@type":"ListItem","position":1,"name":"Portada","item":"https:\/\/www.ugtcomunicaciones.es\/wordpress\/"},{"@type":"ListItem","position":2,"name":"Revisi\u00f3n seg\u00fan IPC"}]},{"@type":"WebSite","@id":"https:\/\/www.ugtcomunicaciones.es\/wordpress\/#website","url":"https:\/\/www.ugtcomunicaciones.es\/wordpress\/","name":"UGT Comunicaciones","description":"Sindicato de Telecomunicaciones","publisher":{"@id":"https:\/\/www.ugtcomunicaciones.es\/wordpress\/#organization"},"potentialAction":[{"@type":"SearchAction","target":{"@type":"EntryPoint","urlTemplate":"https:\/\/www.ugtcomunicaciones.es\/wordpress\/?s={search_term_string}"},"query-input":{"@type":"PropertyValueSpecification","valueRequired":true,"valueName":"search_term_string"}}],"inLanguage":"es"},{"@type":"Organization","@id":"https:\/\/www.ugtcomunicaciones.es\/wordpress\/#organization","name":"UGT Comunicaciones","url":"https:\/\/www.ugtcomunicaciones.es\/wordpress\/","logo":{"@type":"ImageObject","inLanguage":"es","@id":"https:\/\/www.ugtcomunicaciones.es\/wordpress\/#\/schema\/logo\/image\/","url":"https:\/\/www.ugtcomunicaciones.es\/wordpress\/wp-content\/uploads\/2024\/04\/comunicaciones_logo.png","contentUrl":"https:\/\/www.ugtcomunicaciones.es\/wordpress\/wp-content\/uploads\/2024\/04\/comunicaciones_logo.png","width":298,"height":81,"caption":"UGT Comunicaciones"},"image":{"@id":"https:\/\/www.ugtcomunicaciones.es\/wordpress\/#\/schema\/logo\/image\/"},"sameAs":["https:\/\/www.facebook.com\/ugt.comunicaciones\/","https:\/\/x.com\/ugtcom"]},{"@type":"Person","@id":"https:\/\/www.ugtcomunicaciones.es\/wordpress\/#\/schema\/person\/eba0fc3fe5b444531d94d4368cba89ed","name":"UGT","image":{"@type":"ImageObject","inLanguage":"es","@id":"https:\/\/secure.gravatar.com\/avatar\/2a16057d620a4c646bcfc171c4f23030879ebbdd346f0525bd5d4a564e57e13d?s=96&d=mm&r=g","url":"https:\/\/secure.gravatar.com\/avatar\/2a16057d620a4c646bcfc171c4f23030879ebbdd346f0525bd5d4a564e57e13d?s=96&d=mm&r=g","contentUrl":"https:\/\/secure.gravatar.com\/avatar\/2a16057d620a4c646bcfc171c4f23030879ebbdd346f0525bd5d4a564e57e13d?s=96&d=mm&r=g","caption":"UGT"}}]}},"_links":{"self":[{"href":"https:\/\/www.ugtcomunicaciones.es\/wordpress\/wp-json\/wp\/v2\/posts\/100597","targetHints":{"allow":["GET"]}}],"collection":[{"href":"https:\/\/www.ugtcomunicaciones.es\/wordpress\/wp-json\/wp\/v2\/posts"}],"about":[{"href":"https:\/\/www.ugtcomunicaciones.es\/wordpress\/wp-json\/wp\/v2\/types\/post"}],"author":[{"embeddable":true,"href":"https:\/\/www.ugtcomunicaciones.es\/wordpress\/wp-json\/wp\/v2\/users\/3"}],"replies":[{"embeddable":true,"href":"https:\/\/www.ugtcomunicaciones.es\/wordpress\/wp-json\/wp\/v2\/comments?post=100597"}],"version-history":[{"count":0,"href":"https:\/\/www.ugtcomunicaciones.es\/wordpress\/wp-json\/wp\/v2\/posts\/100597\/revisions"}],"wp:featuredmedia":[{"embeddable":true,"href":"https:\/\/www.ugtcomunicaciones.es\/wordpress\/wp-json\/wp\/v2\/media\/100598"}],"wp:attachment":[{"href":"https:\/\/www.ugtcomunicaciones.es\/wordpress\/wp-json\/wp\/v2\/media?parent=100597"}],"wp:term":[{"taxonomy":"category","embeddable":true,"href":"https:\/\/www.ugtcomunicaciones.es\/wordpress\/wp-json\/wp\/v2\/categories?post=100597"},{"taxonomy":"post_tag","embeddable":true,"href":"https:\/\/www.ugtcomunicaciones.es\/wordpress\/wp-json\/wp\/v2\/tags?post=100597"}],"curies":[{"name":"wp","href":"https:\/\/api.w.org\/{rel}","templated":true}]}}