{"id":1006740,"date":"2022-05-30T07:00:10","date_gmt":"2022-05-30T05:00:10","guid":{"rendered":"https:\/\/www.ugtcomunicaciones.es\/wordpress\/?p=1006740"},"modified":"2022-05-23T13:06:45","modified_gmt":"2022-05-23T11:06:45","slug":"el-empleo-tecnologico-continua-a-la-cola-de-europa","status":"publish","type":"post","link":"https:\/\/www.ugtcomunicaciones.es\/wordpress\/el-empleo-tecnologico-continua-a-la-cola-de-europa\/","title":{"rendered":"El empleo tecnol\u00f3gico contin\u00faa a la cola de Europa"},"content":{"rendered":"<p style=\"text-align: justify;\">La \u00faltima publicaci\u00f3n de Eurostat<sup class=\"modern-footnotes-footnote \" data-mfn=\"1\" data-mfn-post-scope=\"00000000000041470000000000000000_1006740\"><a href=\"javascript:void(0)\"  role=\"button\" aria-pressed=\"false\" aria-describedby=\"mfn-content-00000000000041470000000000000000_1006740-1\">1<\/a><\/sup><span id=\"mfn-content-00000000000041470000000000000000_1006740-1\" role=\"tooltip\" class=\"modern-footnotes-footnote__note\" tabindex=\"0\" data-mfn=\"1\"><a href=\"https:\/\/ec.europa.eu\/eurostat\/statistics-explained\/index.php?title=ICT_specialists_in_employment\" target=\"_blank\" rel=\"noopener\">https:\/\/ec.europa.eu\/eurostat\/statistics-explained\/index.php?title=ICT_specialists_in_employment<\/a><\/span>\u00a0sobre la implantaci\u00f3n del empleo TIC en Europa y Espa\u00f1a confirma el retraso de nuestro tejido empresarial a la hora de adoptar las nuevas tecnolog\u00edas.<\/p>\n<p style=\"text-align: justify;\">As\u00ed, y tal y como demostr\u00f3 nuestro Sindicato recientemente<sup class=\"modern-footnotes-footnote \" data-mfn=\"2\" data-mfn-post-scope=\"00000000000041470000000000000000_1006740\"><a href=\"javascript:void(0)\"  role=\"button\" aria-pressed=\"false\" aria-describedby=\"mfn-content-00000000000041470000000000000000_1006740-2\">2<\/a><\/sup><span id=\"mfn-content-00000000000041470000000000000000_1006740-2\" role=\"tooltip\" class=\"modern-footnotes-footnote__note\" tabindex=\"0\" data-mfn=\"2\"><a href=\"https:\/\/www.ugt.es\/el-empleo-tecnologico-en-espana-precario-y-mal-remunerado\" target=\"_blank\" rel=\"noopener\">https:\/\/www.ugt.es\/el-empleo-tecnologico-en-espana-precario-y-mal-remunerado<\/a><\/span>, no s\u00f3lo es un mito la existencia de miles de vacantes tecnol\u00f3gicas sin cubrir, sino que adem\u00e1s las empresas espa\u00f1olas son claramente remisas a contratar a este tipo de especialistas. La comparativa europea es clara: a pesar de representar la tercera econom\u00eda dentro de la Uni\u00f3n, Espa\u00f1a se sit\u00faa en el puesto 19 de los 30 pa\u00edses analizados (17 dentro de la UE27), con un 4,1% de especialistas en TIC sobre el total de empleo (el l\u00edder europeo, Suecia, nos dobla en porcentaje<sup class=\"modern-footnotes-footnote \" data-mfn=\"3\" data-mfn-post-scope=\"00000000000041470000000000000000_1006740\"><a href=\"javascript:void(0)\"  role=\"button\" aria-pressed=\"false\" aria-describedby=\"mfn-content-00000000000041470000000000000000_1006740-3\">3<\/a><\/sup><span id=\"mfn-content-00000000000041470000000000000000_1006740-3\" role=\"tooltip\" class=\"modern-footnotes-footnote__note\" tabindex=\"0\" data-mfn=\"3\"><a href=\"https:\/\/ec.europa.eu\/eurostat\/databrowser\/view\/isoc_sks_itspt\/default\/table?lang=en\" target=\"_blank\" rel=\"noopener\">https:\/\/ec.europa.eu\/eurostat\/databrowser\/view\/isoc_sks_itspt\/default\/table?lang=en<\/a><\/span>). Econom\u00edas de menor peso e importancia en el contexto europeo nos superan abiertamente: Pa\u00edses Bajos se aproxima a 7%; Irlanda supera el 6%; Malta est\u00e9 en el 5%.<\/p>\n<p style=\"text-align: justify;\"><strong>Porcentaje de Especialistas en TIC sobre el total de empleo, Eurostat 2021<\/strong><\/p>\n<p><img decoding=\"async\" class=\"aligncenter wp-image-1006742 size-full lazyload\" data-src=\"https:\/\/www.ugtcomunicaciones.es\/wordpress\/wp-content\/uploads\/2022\/05\/Empleo-1.jpg\" alt=\"\" width=\"673\" height=\"660\" data-srcset=\"https:\/\/www.ugtcomunicaciones.es\/wordpress\/wp-content\/uploads\/2022\/05\/Empleo-1.jpg 673w, https:\/\/www.ugtcomunicaciones.es\/wordpress\/wp-content\/uploads\/2022\/05\/Empleo-1-300x294.jpg 300w, https:\/\/www.ugtcomunicaciones.es\/wordpress\/wp-content\/uploads\/2022\/05\/Empleo-1-428x420.jpg 428w, https:\/\/www.ugtcomunicaciones.es\/wordpress\/wp-content\/uploads\/2022\/05\/Empleo-1-640x628.jpg 640w\" data-sizes=\"(max-width: 673px) 100vw, 673px\" src=\"data:image\/svg+xml;base64,PHN2ZyB3aWR0aD0iMSIgaGVpZ2h0PSIxIiB4bWxucz0iaHR0cDovL3d3dy53My5vcmcvMjAwMC9zdmciPjwvc3ZnPg==\" style=\"--smush-placeholder-width: 673px; --smush-placeholder-aspect-ratio: 673\/660;\" \/><\/p>\n<p style=\"text-align: justify;\">Si bien Espa\u00f1a mejora un 0,2% en comparaci\u00f3n con 2020, tal evoluci\u00f3n es claramente insuficiente, ya que nuestros vecinos progresan a mayor velocidad y de forma continuada. El caso de Portugal es paradigm\u00e1tico: en 2012 presentaba un porcentaje de tecn\u00f3logos del 2,1% sobre el total de empleo. En 2021 ha alcanzado el 4,7%, gracias a las pol\u00edticas privadas y p\u00fablicas de apoyo a la innovaci\u00f3n y a la digitalizaci\u00f3n. Otro tanto se puede decir de la media europea: en 2012, la UE27 presentaba el mismo \u00edndice que Espa\u00f1a, un 3,2%. Una d\u00e9cada despu\u00e9s, el conjunto de los pa\u00edses de la Uni\u00f3n ha superado, con creces, la implantaci\u00f3n de tecn\u00f3logos en sus econom\u00edas.<\/p>\n<p style=\"text-align: justify;\"><strong>Evoluci\u00f3n comparativa del porcentaje de Especialistas en TIC sobre el total de empleo<\/strong><\/p>\n<p><img decoding=\"async\" class=\"aligncenter wp-image-1006741 size-full lazyload\" data-src=\"https:\/\/www.ugtcomunicaciones.es\/wordpress\/wp-content\/uploads\/2022\/05\/Empleo-2.jpg\" alt=\"\" width=\"665\" height=\"518\" data-srcset=\"https:\/\/www.ugtcomunicaciones.es\/wordpress\/wp-content\/uploads\/2022\/05\/Empleo-2.jpg 665w, https:\/\/www.ugtcomunicaciones.es\/wordpress\/wp-content\/uploads\/2022\/05\/Empleo-2-300x234.jpg 300w, https:\/\/www.ugtcomunicaciones.es\/wordpress\/wp-content\/uploads\/2022\/05\/Empleo-2-539x420.jpg 539w, https:\/\/www.ugtcomunicaciones.es\/wordpress\/wp-content\/uploads\/2022\/05\/Empleo-2-640x499.jpg 640w\" data-sizes=\"(max-width: 665px) 100vw, 665px\" src=\"data:image\/svg+xml;base64,PHN2ZyB3aWR0aD0iMSIgaGVpZ2h0PSIxIiB4bWxucz0iaHR0cDovL3d3dy53My5vcmcvMjAwMC9zdmciPjwvc3ZnPg==\" style=\"--smush-placeholder-width: 665px; --smush-placeholder-aspect-ratio: 665\/518;\" \/><\/p>\n<p style=\"text-align: justify;\">Como ya apuntamos recientemente, las principales razones para este retraso est\u00e1n en la nula cultura innovadora del tejido empresarial y en la obcecaci\u00f3n empresarial a pagar unos salarios acordes con el desempe\u00f1o que aportan las tecn\u00f3logas y tecn\u00f3logos espa\u00f1oles, lo que empuja a nuestro talento tecnol\u00f3gico a emigrar, en busca de justicia salarial, medidas de conciliaci\u00f3n corresponsable y formaci\u00f3n especializa a lo largo de toda la carrera profesional. No podemos olvidar si algo define al empleo tecnol\u00f3gico en Espa\u00f1a es la precariedad: la mitad de los tecn\u00f3logos contratados son mileuristas en su primer empleo, bajo contratos inestables (temporales, en pr\u00e1cticas o de becar\u00eda) hasta alcanzar casi la mitad (46,7%) de los contratos iniciales para estos profesionales<sup class=\"modern-footnotes-footnote \" data-mfn=\"4\" data-mfn-post-scope=\"00000000000041470000000000000000_1006740\"><a href=\"javascript:void(0)\"  role=\"button\" aria-pressed=\"false\" aria-describedby=\"mfn-content-00000000000041470000000000000000_1006740-4\">4<\/a><\/sup><span id=\"mfn-content-00000000000041470000000000000000_1006740-4\" role=\"tooltip\" class=\"modern-footnotes-footnote__note\" tabindex=\"0\" data-mfn=\"4\"><a href=\"https:\/\/servicioestudiosugt.com\/empleo-tecnologico-en-el-mercado-laboral-espanol\/\" target=\"_blank\" rel=\"noopener\">https:\/\/servicioestudiosugt.com\/empleo-tecnologico-en-el-mercado-laboral-espanol\/<\/a><\/span>.<\/p>\n<p style=\"text-align: justify;\">UGT exige a patronales y empresas que arrumben las excusas e instamos a abandonar su actitud contraria al progreso tecnol\u00f3gico. Nuestra econom\u00eda, nuestra competitividad y el futuro de nuestro Estado del Bienestar dependen de ello.<\/p>\n<h4 style=\"text-align: right;\"><strong><span style=\"color: #ff0000;\">UGT<\/span> Comunicaciones<\/strong><a href=\"#_ftnref1\" name=\"_ftn1\"><\/a><\/h4>\n","protected":false},"excerpt":{"rendered":"<p>La \u00faltima publicaci\u00f3n de Eurostat\u00a0sobre la implantaci\u00f3n del empleo TIC en Europa y Espa\u00f1a confirma el retraso de nuestro tejido empresarial a la hora de adoptar las nuevas tecnolog\u00edas. As\u00ed, y tal y como demostr\u00f3 nuestro Sindicato recientemente, no s\u00f3lo es un mito la existencia de miles de vacantes tecnol\u00f3gicas sin cubrir, sino que adem\u00e1s [&hellip;]<\/p>\n","protected":false},"author":3,"featured_media":1006752,"comment_status":"closed","ping_status":"closed","sticky":false,"template":"","format":"standard","meta":{"footnotes":""},"categories":[14,12],"tags":[],"class_list":["post-1006740","post","type-post","status-publish","format-standard","has-post-thumbnail","hentry","category-opinion","category-regulacion"],"yoast_head":"<!-- This site is optimized with the Yoast SEO Premium plugin v27.3 (Yoast SEO v27.4) - https:\/\/yoast.com\/product\/yoast-seo-premium-wordpress\/ -->\n<title>El empleo tecnol\u00f3gico contin\u00faa a la cola de Europa - UGT Comunicaciones<\/title>\n<meta name=\"robots\" content=\"index, follow, max-snippet:-1, max-image-preview:large, max-video-preview:-1\" \/>\n<link rel=\"canonical\" href=\"https:\/\/www.ugtcomunicaciones.es\/wordpress\/el-empleo-tecnologico-continua-a-la-cola-de-europa\/\" \/>\n<meta property=\"og:locale\" content=\"es_ES\" \/>\n<meta property=\"og:type\" content=\"article\" \/>\n<meta property=\"og:title\" content=\"El empleo tecnol\u00f3gico contin\u00faa a la cola de Europa\" \/>\n<meta property=\"og:description\" content=\"La \u00faltima publicaci\u00f3n de Eurostat\u00a0sobre la implantaci\u00f3n del empleo TIC en Europa y Espa\u00f1a confirma el retraso de nuestro tejido empresarial a la hora de adoptar las nuevas tecnolog\u00edas. As\u00ed, y tal y como demostr\u00f3 nuestro Sindicato recientemente, no s\u00f3lo es un mito la existencia de miles de vacantes tecnol\u00f3gicas sin cubrir, sino que adem\u00e1s [&hellip;]\" \/>\n<meta property=\"og:url\" content=\"https:\/\/www.ugtcomunicaciones.es\/wordpress\/el-empleo-tecnologico-continua-a-la-cola-de-europa\/\" \/>\n<meta property=\"og:site_name\" content=\"UGT Comunicaciones\" \/>\n<meta property=\"article:publisher\" content=\"https:\/\/www.facebook.com\/ugt.comunicaciones\/\" \/>\n<meta property=\"article:published_time\" content=\"2022-05-30T05:00:10+00:00\" \/>\n<meta property=\"og:image\" content=\"https:\/\/www.ugtcomunicaciones.es\/wordpress\/wp-content\/uploads\/2022\/05\/Empleo-3.jpg\" \/>\n\t<meta property=\"og:image:width\" content=\"600\" \/>\n\t<meta property=\"og:image:height\" content=\"374\" \/>\n\t<meta property=\"og:image:type\" content=\"image\/jpeg\" \/>\n<meta name=\"author\" content=\"UGT\" \/>\n<meta name=\"twitter:card\" content=\"summary_large_image\" \/>\n<meta name=\"twitter:creator\" content=\"@ugtcom\" \/>\n<meta name=\"twitter:site\" content=\"@ugtcom\" \/>\n<meta name=\"twitter:label1\" content=\"Escrito por\" \/>\n\t<meta name=\"twitter:data1\" content=\"UGT\" \/>\n\t<meta name=\"twitter:label2\" content=\"Tiempo de lectura\" \/>\n\t<meta name=\"twitter:data2\" content=\"3 minutos\" \/>\n<script type=\"application\/ld+json\" class=\"yoast-schema-graph\">{\"@context\":\"https:\\\/\\\/schema.org\",\"@graph\":[{\"@type\":\"Article\",\"@id\":\"https:\\\/\\\/www.ugtcomunicaciones.es\\\/wordpress\\\/el-empleo-tecnologico-continua-a-la-cola-de-europa\\\/#article\",\"isPartOf\":{\"@id\":\"https:\\\/\\\/www.ugtcomunicaciones.es\\\/wordpress\\\/el-empleo-tecnologico-continua-a-la-cola-de-europa\\\/\"},\"author\":{\"name\":\"UGT\",\"@id\":\"https:\\\/\\\/www.ugtcomunicaciones.es\\\/wordpress\\\/#\\\/schema\\\/person\\\/eba0fc3fe5b444531d94d4368cba89ed\"},\"headline\":\"El empleo tecnol\u00f3gico contin\u00faa a la cola de Europa\",\"datePublished\":\"2022-05-30T05:00:10+00:00\",\"mainEntityOfPage\":{\"@id\":\"https:\\\/\\\/www.ugtcomunicaciones.es\\\/wordpress\\\/el-empleo-tecnologico-continua-a-la-cola-de-europa\\\/\"},\"wordCount\":528,\"publisher\":{\"@id\":\"https:\\\/\\\/www.ugtcomunicaciones.es\\\/wordpress\\\/#organization\"},\"image\":{\"@id\":\"https:\\\/\\\/www.ugtcomunicaciones.es\\\/wordpress\\\/el-empleo-tecnologico-continua-a-la-cola-de-europa\\\/#primaryimage\"},\"thumbnailUrl\":\"https:\\\/\\\/www.ugtcomunicaciones.es\\\/wordpress\\\/wp-content\\\/uploads\\\/2022\\\/05\\\/Empleo-3.jpg\",\"articleSection\":[\"Opini\u00f3n\",\"Regulaci\u00f3n\"],\"inLanguage\":\"es\"},{\"@type\":\"WebPage\",\"@id\":\"https:\\\/\\\/www.ugtcomunicaciones.es\\\/wordpress\\\/el-empleo-tecnologico-continua-a-la-cola-de-europa\\\/\",\"url\":\"https:\\\/\\\/www.ugtcomunicaciones.es\\\/wordpress\\\/el-empleo-tecnologico-continua-a-la-cola-de-europa\\\/\",\"name\":\"El empleo tecnol\u00f3gico contin\u00faa a la cola de Europa - UGT Comunicaciones\",\"isPartOf\":{\"@id\":\"https:\\\/\\\/www.ugtcomunicaciones.es\\\/wordpress\\\/#website\"},\"primaryImageOfPage\":{\"@id\":\"https:\\\/\\\/www.ugtcomunicaciones.es\\\/wordpress\\\/el-empleo-tecnologico-continua-a-la-cola-de-europa\\\/#primaryimage\"},\"image\":{\"@id\":\"https:\\\/\\\/www.ugtcomunicaciones.es\\\/wordpress\\\/el-empleo-tecnologico-continua-a-la-cola-de-europa\\\/#primaryimage\"},\"thumbnailUrl\":\"https:\\\/\\\/www.ugtcomunicaciones.es\\\/wordpress\\\/wp-content\\\/uploads\\\/2022\\\/05\\\/Empleo-3.jpg\",\"datePublished\":\"2022-05-30T05:00:10+00:00\",\"breadcrumb\":{\"@id\":\"https:\\\/\\\/www.ugtcomunicaciones.es\\\/wordpress\\\/el-empleo-tecnologico-continua-a-la-cola-de-europa\\\/#breadcrumb\"},\"inLanguage\":\"es\",\"potentialAction\":[{\"@type\":\"ReadAction\",\"target\":[\"https:\\\/\\\/www.ugtcomunicaciones.es\\\/wordpress\\\/el-empleo-tecnologico-continua-a-la-cola-de-europa\\\/\"]}]},{\"@type\":\"ImageObject\",\"inLanguage\":\"es\",\"@id\":\"https:\\\/\\\/www.ugtcomunicaciones.es\\\/wordpress\\\/el-empleo-tecnologico-continua-a-la-cola-de-europa\\\/#primaryimage\",\"url\":\"https:\\\/\\\/www.ugtcomunicaciones.es\\\/wordpress\\\/wp-content\\\/uploads\\\/2022\\\/05\\\/Empleo-3.jpg\",\"contentUrl\":\"https:\\\/\\\/www.ugtcomunicaciones.es\\\/wordpress\\\/wp-content\\\/uploads\\\/2022\\\/05\\\/Empleo-3.jpg\",\"width\":600,\"height\":374},{\"@type\":\"BreadcrumbList\",\"@id\":\"https:\\\/\\\/www.ugtcomunicaciones.es\\\/wordpress\\\/el-empleo-tecnologico-continua-a-la-cola-de-europa\\\/#breadcrumb\",\"itemListElement\":[{\"@type\":\"ListItem\",\"position\":1,\"name\":\"Portada\",\"item\":\"https:\\\/\\\/www.ugtcomunicaciones.es\\\/wordpress\\\/\"},{\"@type\":\"ListItem\",\"position\":2,\"name\":\"El empleo tecnol\u00f3gico contin\u00faa a la cola de Europa\"}]},{\"@type\":\"WebSite\",\"@id\":\"https:\\\/\\\/www.ugtcomunicaciones.es\\\/wordpress\\\/#website\",\"url\":\"https:\\\/\\\/www.ugtcomunicaciones.es\\\/wordpress\\\/\",\"name\":\"UGT Comunicaciones\",\"description\":\"Sindicato de Telecomunicaciones\",\"publisher\":{\"@id\":\"https:\\\/\\\/www.ugtcomunicaciones.es\\\/wordpress\\\/#organization\"},\"potentialAction\":[{\"@type\":\"SearchAction\",\"target\":{\"@type\":\"EntryPoint\",\"urlTemplate\":\"https:\\\/\\\/www.ugtcomunicaciones.es\\\/wordpress\\\/?s={search_term_string}\"},\"query-input\":{\"@type\":\"PropertyValueSpecification\",\"valueRequired\":true,\"valueName\":\"search_term_string\"}}],\"inLanguage\":\"es\"},{\"@type\":\"Organization\",\"@id\":\"https:\\\/\\\/www.ugtcomunicaciones.es\\\/wordpress\\\/#organization\",\"name\":\"UGT Comunicaciones\",\"url\":\"https:\\\/\\\/www.ugtcomunicaciones.es\\\/wordpress\\\/\",\"logo\":{\"@type\":\"ImageObject\",\"inLanguage\":\"es\",\"@id\":\"https:\\\/\\\/www.ugtcomunicaciones.es\\\/wordpress\\\/#\\\/schema\\\/logo\\\/image\\\/\",\"url\":\"https:\\\/\\\/www.ugtcomunicaciones.es\\\/wordpress\\\/wp-content\\\/uploads\\\/2024\\\/04\\\/comunicaciones_logo.png\",\"contentUrl\":\"https:\\\/\\\/www.ugtcomunicaciones.es\\\/wordpress\\\/wp-content\\\/uploads\\\/2024\\\/04\\\/comunicaciones_logo.png\",\"width\":298,\"height\":81,\"caption\":\"UGT Comunicaciones\"},\"image\":{\"@id\":\"https:\\\/\\\/www.ugtcomunicaciones.es\\\/wordpress\\\/#\\\/schema\\\/logo\\\/image\\\/\"},\"sameAs\":[\"https:\\\/\\\/www.facebook.com\\\/ugt.comunicaciones\\\/\",\"https:\\\/\\\/x.com\\\/ugtcom\"]},{\"@type\":\"Person\",\"@id\":\"https:\\\/\\\/www.ugtcomunicaciones.es\\\/wordpress\\\/#\\\/schema\\\/person\\\/eba0fc3fe5b444531d94d4368cba89ed\",\"name\":\"UGT\",\"image\":{\"@type\":\"ImageObject\",\"inLanguage\":\"es\",\"@id\":\"https:\\\/\\\/secure.gravatar.com\\\/avatar\\\/2a16057d620a4c646bcfc171c4f23030879ebbdd346f0525bd5d4a564e57e13d?s=96&d=mm&r=g\",\"url\":\"https:\\\/\\\/secure.gravatar.com\\\/avatar\\\/2a16057d620a4c646bcfc171c4f23030879ebbdd346f0525bd5d4a564e57e13d?s=96&d=mm&r=g\",\"contentUrl\":\"https:\\\/\\\/secure.gravatar.com\\\/avatar\\\/2a16057d620a4c646bcfc171c4f23030879ebbdd346f0525bd5d4a564e57e13d?s=96&d=mm&r=g\",\"caption\":\"UGT\"}}]}<\/script>\n<!-- \/ Yoast SEO Premium plugin. -->","yoast_head_json":{"title":"El empleo tecnol\u00f3gico contin\u00faa a la cola de Europa - UGT Comunicaciones","robots":{"index":"index","follow":"follow","max-snippet":"max-snippet:-1","max-image-preview":"max-image-preview:large","max-video-preview":"max-video-preview:-1"},"canonical":"https:\/\/www.ugtcomunicaciones.es\/wordpress\/el-empleo-tecnologico-continua-a-la-cola-de-europa\/","og_locale":"es_ES","og_type":"article","og_title":"El empleo tecnol\u00f3gico contin\u00faa a la cola de Europa","og_description":"La \u00faltima publicaci\u00f3n de Eurostat\u00a0sobre la implantaci\u00f3n del empleo TIC en Europa y Espa\u00f1a confirma el retraso de nuestro tejido empresarial a la hora de adoptar las nuevas tecnolog\u00edas. As\u00ed, y tal y como demostr\u00f3 nuestro Sindicato recientemente, no s\u00f3lo es un mito la existencia de miles de vacantes tecnol\u00f3gicas sin cubrir, sino que adem\u00e1s [&hellip;]","og_url":"https:\/\/www.ugtcomunicaciones.es\/wordpress\/el-empleo-tecnologico-continua-a-la-cola-de-europa\/","og_site_name":"UGT Comunicaciones","article_publisher":"https:\/\/www.facebook.com\/ugt.comunicaciones\/","article_published_time":"2022-05-30T05:00:10+00:00","og_image":[{"width":600,"height":374,"url":"https:\/\/www.ugtcomunicaciones.es\/wordpress\/wp-content\/uploads\/2022\/05\/Empleo-3.jpg","type":"image\/jpeg"}],"author":"UGT","twitter_card":"summary_large_image","twitter_creator":"@ugtcom","twitter_site":"@ugtcom","twitter_misc":{"Escrito por":"UGT","Tiempo de lectura":"3 minutos"},"schema":{"@context":"https:\/\/schema.org","@graph":[{"@type":"Article","@id":"https:\/\/www.ugtcomunicaciones.es\/wordpress\/el-empleo-tecnologico-continua-a-la-cola-de-europa\/#article","isPartOf":{"@id":"https:\/\/www.ugtcomunicaciones.es\/wordpress\/el-empleo-tecnologico-continua-a-la-cola-de-europa\/"},"author":{"name":"UGT","@id":"https:\/\/www.ugtcomunicaciones.es\/wordpress\/#\/schema\/person\/eba0fc3fe5b444531d94d4368cba89ed"},"headline":"El empleo tecnol\u00f3gico contin\u00faa a la cola de Europa","datePublished":"2022-05-30T05:00:10+00:00","mainEntityOfPage":{"@id":"https:\/\/www.ugtcomunicaciones.es\/wordpress\/el-empleo-tecnologico-continua-a-la-cola-de-europa\/"},"wordCount":528,"publisher":{"@id":"https:\/\/www.ugtcomunicaciones.es\/wordpress\/#organization"},"image":{"@id":"https:\/\/www.ugtcomunicaciones.es\/wordpress\/el-empleo-tecnologico-continua-a-la-cola-de-europa\/#primaryimage"},"thumbnailUrl":"https:\/\/www.ugtcomunicaciones.es\/wordpress\/wp-content\/uploads\/2022\/05\/Empleo-3.jpg","articleSection":["Opini\u00f3n","Regulaci\u00f3n"],"inLanguage":"es"},{"@type":"WebPage","@id":"https:\/\/www.ugtcomunicaciones.es\/wordpress\/el-empleo-tecnologico-continua-a-la-cola-de-europa\/","url":"https:\/\/www.ugtcomunicaciones.es\/wordpress\/el-empleo-tecnologico-continua-a-la-cola-de-europa\/","name":"El empleo tecnol\u00f3gico contin\u00faa a la cola de Europa - UGT Comunicaciones","isPartOf":{"@id":"https:\/\/www.ugtcomunicaciones.es\/wordpress\/#website"},"primaryImageOfPage":{"@id":"https:\/\/www.ugtcomunicaciones.es\/wordpress\/el-empleo-tecnologico-continua-a-la-cola-de-europa\/#primaryimage"},"image":{"@id":"https:\/\/www.ugtcomunicaciones.es\/wordpress\/el-empleo-tecnologico-continua-a-la-cola-de-europa\/#primaryimage"},"thumbnailUrl":"https:\/\/www.ugtcomunicaciones.es\/wordpress\/wp-content\/uploads\/2022\/05\/Empleo-3.jpg","datePublished":"2022-05-30T05:00:10+00:00","breadcrumb":{"@id":"https:\/\/www.ugtcomunicaciones.es\/wordpress\/el-empleo-tecnologico-continua-a-la-cola-de-europa\/#breadcrumb"},"inLanguage":"es","potentialAction":[{"@type":"ReadAction","target":["https:\/\/www.ugtcomunicaciones.es\/wordpress\/el-empleo-tecnologico-continua-a-la-cola-de-europa\/"]}]},{"@type":"ImageObject","inLanguage":"es","@id":"https:\/\/www.ugtcomunicaciones.es\/wordpress\/el-empleo-tecnologico-continua-a-la-cola-de-europa\/#primaryimage","url":"https:\/\/www.ugtcomunicaciones.es\/wordpress\/wp-content\/uploads\/2022\/05\/Empleo-3.jpg","contentUrl":"https:\/\/www.ugtcomunicaciones.es\/wordpress\/wp-content\/uploads\/2022\/05\/Empleo-3.jpg","width":600,"height":374},{"@type":"BreadcrumbList","@id":"https:\/\/www.ugtcomunicaciones.es\/wordpress\/el-empleo-tecnologico-continua-a-la-cola-de-europa\/#breadcrumb","itemListElement":[{"@type":"ListItem","position":1,"name":"Portada","item":"https:\/\/www.ugtcomunicaciones.es\/wordpress\/"},{"@type":"ListItem","position":2,"name":"El empleo tecnol\u00f3gico contin\u00faa a la cola de Europa"}]},{"@type":"WebSite","@id":"https:\/\/www.ugtcomunicaciones.es\/wordpress\/#website","url":"https:\/\/www.ugtcomunicaciones.es\/wordpress\/","name":"UGT Comunicaciones","description":"Sindicato de Telecomunicaciones","publisher":{"@id":"https:\/\/www.ugtcomunicaciones.es\/wordpress\/#organization"},"potentialAction":[{"@type":"SearchAction","target":{"@type":"EntryPoint","urlTemplate":"https:\/\/www.ugtcomunicaciones.es\/wordpress\/?s={search_term_string}"},"query-input":{"@type":"PropertyValueSpecification","valueRequired":true,"valueName":"search_term_string"}}],"inLanguage":"es"},{"@type":"Organization","@id":"https:\/\/www.ugtcomunicaciones.es\/wordpress\/#organization","name":"UGT Comunicaciones","url":"https:\/\/www.ugtcomunicaciones.es\/wordpress\/","logo":{"@type":"ImageObject","inLanguage":"es","@id":"https:\/\/www.ugtcomunicaciones.es\/wordpress\/#\/schema\/logo\/image\/","url":"https:\/\/www.ugtcomunicaciones.es\/wordpress\/wp-content\/uploads\/2024\/04\/comunicaciones_logo.png","contentUrl":"https:\/\/www.ugtcomunicaciones.es\/wordpress\/wp-content\/uploads\/2024\/04\/comunicaciones_logo.png","width":298,"height":81,"caption":"UGT Comunicaciones"},"image":{"@id":"https:\/\/www.ugtcomunicaciones.es\/wordpress\/#\/schema\/logo\/image\/"},"sameAs":["https:\/\/www.facebook.com\/ugt.comunicaciones\/","https:\/\/x.com\/ugtcom"]},{"@type":"Person","@id":"https:\/\/www.ugtcomunicaciones.es\/wordpress\/#\/schema\/person\/eba0fc3fe5b444531d94d4368cba89ed","name":"UGT","image":{"@type":"ImageObject","inLanguage":"es","@id":"https:\/\/secure.gravatar.com\/avatar\/2a16057d620a4c646bcfc171c4f23030879ebbdd346f0525bd5d4a564e57e13d?s=96&d=mm&r=g","url":"https:\/\/secure.gravatar.com\/avatar\/2a16057d620a4c646bcfc171c4f23030879ebbdd346f0525bd5d4a564e57e13d?s=96&d=mm&r=g","contentUrl":"https:\/\/secure.gravatar.com\/avatar\/2a16057d620a4c646bcfc171c4f23030879ebbdd346f0525bd5d4a564e57e13d?s=96&d=mm&r=g","caption":"UGT"}}]}},"_links":{"self":[{"href":"https:\/\/www.ugtcomunicaciones.es\/wordpress\/wp-json\/wp\/v2\/posts\/1006740","targetHints":{"allow":["GET"]}}],"collection":[{"href":"https:\/\/www.ugtcomunicaciones.es\/wordpress\/wp-json\/wp\/v2\/posts"}],"about":[{"href":"https:\/\/www.ugtcomunicaciones.es\/wordpress\/wp-json\/wp\/v2\/types\/post"}],"author":[{"embeddable":true,"href":"https:\/\/www.ugtcomunicaciones.es\/wordpress\/wp-json\/wp\/v2\/users\/3"}],"replies":[{"embeddable":true,"href":"https:\/\/www.ugtcomunicaciones.es\/wordpress\/wp-json\/wp\/v2\/comments?post=1006740"}],"version-history":[{"count":0,"href":"https:\/\/www.ugtcomunicaciones.es\/wordpress\/wp-json\/wp\/v2\/posts\/1006740\/revisions"}],"wp:featuredmedia":[{"embeddable":true,"href":"https:\/\/www.ugtcomunicaciones.es\/wordpress\/wp-json\/wp\/v2\/media\/1006752"}],"wp:attachment":[{"href":"https:\/\/www.ugtcomunicaciones.es\/wordpress\/wp-json\/wp\/v2\/media?parent=1006740"}],"wp:term":[{"taxonomy":"category","embeddable":true,"href":"https:\/\/www.ugtcomunicaciones.es\/wordpress\/wp-json\/wp\/v2\/categories?post=1006740"},{"taxonomy":"post_tag","embeddable":true,"href":"https:\/\/www.ugtcomunicaciones.es\/wordpress\/wp-json\/wp\/v2\/tags?post=1006740"}],"curies":[{"name":"wp","href":"https:\/\/api.w.org\/{rel}","templated":true}]}}