{"id":1010611,"date":"2022-06-13T07:00:18","date_gmt":"2022-06-13T05:00:18","guid":{"rendered":"https:\/\/www.ugtcomunicaciones.es\/wordpress\/?p=1010611"},"modified":"2022-06-02T12:02:20","modified_gmt":"2022-06-02T10:02:20","slug":"espana-continua-liderando-la-fibra-europea","status":"publish","type":"post","link":"https:\/\/www.ugtcomunicaciones.es\/wordpress\/espana-continua-liderando-la-fibra-europea\/","title":{"rendered":"Espa\u00f1a contin\u00faa liderando la fibra europea"},"content":{"rendered":"<p style=\"text-align: justify;\">Las redes de fibra \u00f3ptica (especialmente FTTH) que nuestros operadores han -y siguen- desplegado contin\u00faan destacando como unas de las m\u00e1s capilares de Europa y el mundo. As\u00ed se desprende las \u00faltimas publicaciones del FTTH Council Europe<sup class=\"modern-footnotes-footnote \" data-mfn=\"1\" data-mfn-post-scope=\"00000000000041470000000000000000_1010611\"><a href=\"javascript:void(0)\"  role=\"button\" aria-pressed=\"false\" aria-describedby=\"mfn-content-00000000000041470000000000000000_1010611-1\">1<\/a><\/sup><span id=\"mfn-content-00000000000041470000000000000000_1010611-1\" role=\"tooltip\" class=\"modern-footnotes-footnote__note\" tabindex=\"0\" data-mfn=\"1\"><a href=\"https:\/\/www.ftthcouncil.eu\/\" target=\"_blank\" rel=\"noopener\">https:\/\/www.ftthcouncil.eu\/<\/a><\/span>, que sit\u00faa a nuestro pa\u00eds entre los m\u00e1s punteros en cuanto a infraestructuras digitales de vanguardia, tanto en \u00e1mbitos urbanos como rurales.<\/p>\n<p style=\"text-align: justify;\">Por ejemplo, en el ranking mundial de penetraci\u00f3n de fibra (que suma FTTH y FTTB, mucho menos eficiente que la primera<sup class=\"modern-footnotes-footnote \" data-mfn=\"2\" data-mfn-post-scope=\"00000000000041470000000000000000_1010611\"><a href=\"javascript:void(0)\"  role=\"button\" aria-pressed=\"false\" aria-describedby=\"mfn-content-00000000000041470000000000000000_1010611-2\">2<\/a><\/sup><span id=\"mfn-content-00000000000041470000000000000000_1010611-2\" role=\"tooltip\" class=\"modern-footnotes-footnote__note\" tabindex=\"0\" data-mfn=\"2\"><a href=\"http:\/\/www.fibresplitter.com\/news\/what-is-fttb-37550834.html\" target=\"_blank\" rel=\"noopener\">http:\/\/www.fibresplitter.com\/news\/what-is-fttb-37550834.html<\/a><\/span>), Espa\u00f1a se coloca en un m\u00e1s que honroso 13\u00ba, siendo la primera naci\u00f3n europea:<\/p>\n<p><img decoding=\"async\" class=\"aligncenter wp-image-1010626 size-full lazyload\" data-src=\"https:\/\/www.ugtcomunicaciones.es\/wordpress\/wp-content\/uploads\/2022\/06\/fibra-1.jpg\" alt=\"\" width=\"747\" height=\"412\" data-srcset=\"https:\/\/www.ugtcomunicaciones.es\/wordpress\/wp-content\/uploads\/2022\/06\/fibra-1.jpg 747w, https:\/\/www.ugtcomunicaciones.es\/wordpress\/wp-content\/uploads\/2022\/06\/fibra-1-300x165.jpg 300w, https:\/\/www.ugtcomunicaciones.es\/wordpress\/wp-content\/uploads\/2022\/06\/fibra-1-640x353.jpg 640w, https:\/\/www.ugtcomunicaciones.es\/wordpress\/wp-content\/uploads\/2022\/06\/fibra-1-681x376.jpg 681w\" data-sizes=\"(max-width: 747px) 100vw, 747px\" src=\"data:image\/svg+xml;base64,PHN2ZyB3aWR0aD0iMSIgaGVpZ2h0PSIxIiB4bWxucz0iaHR0cDovL3d3dy53My5vcmcvMjAwMC9zdmciPjwvc3ZnPg==\" style=\"--smush-placeholder-width: 747px; --smush-placeholder-aspect-ratio: 747\/412;\" \/><\/p>\n<p style=\"text-align: justify;\">Y si ponemos el foco en Europa, acreditamos un asombroso 89% de hogares pasados por fibra, pr\u00e1cticamente empatados con Letonia, un pa\u00eds que como ya hemos comentado en ocasiones anteriores, apenas tiene dos millones de habitantes en una extensi\u00f3n geogr\u00e1fica menor que la de Castilla La Mancha. N\u00f3tese que el propio organismo destaca a aquellos pa\u00edses que han superado el 50% de hogares cableados, cuando nuestras redes ya rozan el 90%:<\/p>\n<p><img decoding=\"async\" class=\"aligncenter wp-image-1010625 size-full lazyload\" data-src=\"https:\/\/www.ugtcomunicaciones.es\/wordpress\/wp-content\/uploads\/2022\/06\/fibra-2.jpg\" alt=\"\" width=\"761\" height=\"392\" data-srcset=\"https:\/\/www.ugtcomunicaciones.es\/wordpress\/wp-content\/uploads\/2022\/06\/fibra-2.jpg 761w, https:\/\/www.ugtcomunicaciones.es\/wordpress\/wp-content\/uploads\/2022\/06\/fibra-2-300x155.jpg 300w, https:\/\/www.ugtcomunicaciones.es\/wordpress\/wp-content\/uploads\/2022\/06\/fibra-2-640x330.jpg 640w, https:\/\/www.ugtcomunicaciones.es\/wordpress\/wp-content\/uploads\/2022\/06\/fibra-2-681x351.jpg 681w\" data-sizes=\"(max-width: 761px) 100vw, 761px\" src=\"data:image\/svg+xml;base64,PHN2ZyB3aWR0aD0iMSIgaGVpZ2h0PSIxIiB4bWxucz0iaHR0cDovL3d3dy53My5vcmcvMjAwMC9zdmciPjwvc3ZnPg==\" style=\"--smush-placeholder-width: 761px; --smush-placeholder-aspect-ratio: 761\/392;\" \/><\/p>\n<p style=\"text-align: justify;\">Adem\u00e1s, nuestro despliegue es muy homog\u00e9neo entre zonas urbanas y rurales. El siguiente gr\u00e1fico describe a la perfecci\u00f3n como se puede ser una potencia en fibra \u201cglobal\u201d (por ejemplo, Portugal o Bulgaria) y luego no disponer de huella en zonas rurales. No es el caso de Espa\u00f1a, que tambi\u00e9n est\u00e1 en p\u00f3dium europeo de fibra rural:<\/p>\n<p><img decoding=\"async\" class=\"aligncenter wp-image-1010624 size-full lazyload\" data-src=\"https:\/\/www.ugtcomunicaciones.es\/wordpress\/wp-content\/uploads\/2022\/06\/fibra-3.jpg\" alt=\"\" width=\"761\" height=\"341\" data-srcset=\"https:\/\/www.ugtcomunicaciones.es\/wordpress\/wp-content\/uploads\/2022\/06\/fibra-3.jpg 761w, https:\/\/www.ugtcomunicaciones.es\/wordpress\/wp-content\/uploads\/2022\/06\/fibra-3-300x134.jpg 300w, https:\/\/www.ugtcomunicaciones.es\/wordpress\/wp-content\/uploads\/2022\/06\/fibra-3-640x287.jpg 640w, https:\/\/www.ugtcomunicaciones.es\/wordpress\/wp-content\/uploads\/2022\/06\/fibra-3-681x305.jpg 681w\" data-sizes=\"(max-width: 761px) 100vw, 761px\" src=\"data:image\/svg+xml;base64,PHN2ZyB3aWR0aD0iMSIgaGVpZ2h0PSIxIiB4bWxucz0iaHR0cDovL3d3dy53My5vcmcvMjAwMC9zdmciPjwvc3ZnPg==\" style=\"--smush-placeholder-width: 761px; --smush-placeholder-aspect-ratio: 761\/341;\" \/><\/p>\n<p style=\"text-align: justify;\">Finalizamos este breve resumen con las previsiones a medio plazo. De nuevo Espa\u00f1a vuelve a destacar. Para 2022, nuestro crecimiento en despliegue ser\u00e1 el segundo de Europa, lo que nos situar\u00e1 en un lugar privilegiado muchos a\u00f1os antes que otras potencias europeas como Alemania y el Reino Unido. En 2027, obviamente si ya has completado casi todo el trabajo, nuestro crecimiento comparativo es sensiblemente menor:<\/p>\n<p><img decoding=\"async\" class=\"aligncenter wp-image-1010623 size-full lazyload\" data-src=\"https:\/\/www.ugtcomunicaciones.es\/wordpress\/wp-content\/uploads\/2022\/06\/fibra-4.jpg\" alt=\"\" width=\"759\" height=\"363\" data-srcset=\"https:\/\/www.ugtcomunicaciones.es\/wordpress\/wp-content\/uploads\/2022\/06\/fibra-4.jpg 759w, https:\/\/www.ugtcomunicaciones.es\/wordpress\/wp-content\/uploads\/2022\/06\/fibra-4-300x143.jpg 300w, https:\/\/www.ugtcomunicaciones.es\/wordpress\/wp-content\/uploads\/2022\/06\/fibra-4-640x306.jpg 640w, https:\/\/www.ugtcomunicaciones.es\/wordpress\/wp-content\/uploads\/2022\/06\/fibra-4-681x326.jpg 681w\" data-sizes=\"(max-width: 759px) 100vw, 759px\" src=\"data:image\/svg+xml;base64,PHN2ZyB3aWR0aD0iMSIgaGVpZ2h0PSIxIiB4bWxucz0iaHR0cDovL3d3dy53My5vcmcvMjAwMC9zdmciPjwvc3ZnPg==\" style=\"--smush-placeholder-width: 759px; --smush-placeholder-aspect-ratio: 759\/363;\" \/><\/p>\n<h4 style=\"text-align: right;\"><strong><span style=\"color: #ff0000;\">UGT<\/span> Comunicaciones<\/strong><\/h4>\n<p><a href=\"#_ftnref1\" name=\"_ftn1\"><\/a><\/p>\n","protected":false},"excerpt":{"rendered":"<p>Las redes de fibra \u00f3ptica (especialmente FTTH) que nuestros operadores han -y siguen- desplegado contin\u00faan destacando como unas de las m\u00e1s capilares de Europa y el mundo. As\u00ed se desprende las \u00faltimas publicaciones del FTTH Council Europe, que sit\u00faa a nuestro pa\u00eds entre los m\u00e1s punteros en cuanto a infraestructuras digitales de vanguardia, tanto en [&hellip;]<\/p>\n","protected":false},"author":3,"featured_media":901270,"comment_status":"closed","ping_status":"closed","sticky":false,"template":"","format":"standard","meta":{"footnotes":""},"categories":[16,12],"tags":[],"class_list":["post-1010611","post","type-post","status-publish","format-standard","has-post-thumbnail","hentry","category-internet","category-regulacion"],"yoast_head":"<!-- This site is optimized with the Yoast SEO Premium plugin v27.3 (Yoast SEO v27.4) - https:\/\/yoast.com\/product\/yoast-seo-premium-wordpress\/ -->\n<title>Espa\u00f1a contin\u00faa liderando la fibra europea - UGT Comunicaciones<\/title>\n<meta name=\"robots\" content=\"index, follow, max-snippet:-1, max-image-preview:large, max-video-preview:-1\" \/>\n<link rel=\"canonical\" href=\"https:\/\/www.ugtcomunicaciones.es\/wordpress\/espana-continua-liderando-la-fibra-europea\/\" \/>\n<meta property=\"og:locale\" content=\"es_ES\" \/>\n<meta property=\"og:type\" content=\"article\" \/>\n<meta property=\"og:title\" content=\"Espa\u00f1a contin\u00faa liderando la fibra europea\" \/>\n<meta property=\"og:description\" content=\"Las redes de fibra \u00f3ptica (especialmente FTTH) que nuestros operadores han -y siguen- desplegado contin\u00faan destacando como unas de las m\u00e1s capilares de Europa y el mundo. As\u00ed se desprende las \u00faltimas publicaciones del FTTH Council Europe, que sit\u00faa a nuestro pa\u00eds entre los m\u00e1s punteros en cuanto a infraestructuras digitales de vanguardia, tanto en [&hellip;]\" \/>\n<meta property=\"og:url\" content=\"https:\/\/www.ugtcomunicaciones.es\/wordpress\/espana-continua-liderando-la-fibra-europea\/\" \/>\n<meta property=\"og:site_name\" content=\"UGT Comunicaciones\" \/>\n<meta property=\"article:publisher\" content=\"https:\/\/www.facebook.com\/ugt.comunicaciones\/\" \/>\n<meta property=\"article:published_time\" content=\"2022-06-13T05:00:18+00:00\" \/>\n<meta property=\"og:image\" content=\"https:\/\/www.ugtcomunicaciones.es\/wordpress\/wp-content\/uploads\/2021\/09\/espana-fibra-optica-oscura.jpg\" \/>\n\t<meta property=\"og:image:width\" content=\"600\" \/>\n\t<meta property=\"og:image:height\" content=\"314\" \/>\n\t<meta property=\"og:image:type\" content=\"image\/jpeg\" \/>\n<meta name=\"author\" content=\"UGT\" \/>\n<meta name=\"twitter:card\" content=\"summary_large_image\" \/>\n<meta name=\"twitter:creator\" content=\"@ugtcom\" \/>\n<meta name=\"twitter:site\" content=\"@ugtcom\" \/>\n<meta name=\"twitter:label1\" content=\"Escrito por\" \/>\n\t<meta name=\"twitter:data1\" content=\"UGT\" \/>\n\t<meta name=\"twitter:label2\" content=\"Tiempo de lectura\" \/>\n\t<meta name=\"twitter:data2\" content=\"3 minutos\" \/>\n<script type=\"application\/ld+json\" class=\"yoast-schema-graph\">{\"@context\":\"https:\\\/\\\/schema.org\",\"@graph\":[{\"@type\":\"Article\",\"@id\":\"https:\\\/\\\/www.ugtcomunicaciones.es\\\/wordpress\\\/espana-continua-liderando-la-fibra-europea\\\/#article\",\"isPartOf\":{\"@id\":\"https:\\\/\\\/www.ugtcomunicaciones.es\\\/wordpress\\\/espana-continua-liderando-la-fibra-europea\\\/\"},\"author\":{\"name\":\"UGT\",\"@id\":\"https:\\\/\\\/www.ugtcomunicaciones.es\\\/wordpress\\\/#\\\/schema\\\/person\\\/eba0fc3fe5b444531d94d4368cba89ed\"},\"headline\":\"Espa\u00f1a contin\u00faa liderando la fibra europea\",\"datePublished\":\"2022-06-13T05:00:18+00:00\",\"mainEntityOfPage\":{\"@id\":\"https:\\\/\\\/www.ugtcomunicaciones.es\\\/wordpress\\\/espana-continua-liderando-la-fibra-europea\\\/\"},\"wordCount\":329,\"publisher\":{\"@id\":\"https:\\\/\\\/www.ugtcomunicaciones.es\\\/wordpress\\\/#organization\"},\"image\":{\"@id\":\"https:\\\/\\\/www.ugtcomunicaciones.es\\\/wordpress\\\/espana-continua-liderando-la-fibra-europea\\\/#primaryimage\"},\"thumbnailUrl\":\"https:\\\/\\\/www.ugtcomunicaciones.es\\\/wordpress\\\/wp-content\\\/uploads\\\/2021\\\/09\\\/espana-fibra-optica-oscura.jpg\",\"articleSection\":[\"Internet\",\"Regulaci\u00f3n\"],\"inLanguage\":\"es\"},{\"@type\":\"WebPage\",\"@id\":\"https:\\\/\\\/www.ugtcomunicaciones.es\\\/wordpress\\\/espana-continua-liderando-la-fibra-europea\\\/\",\"url\":\"https:\\\/\\\/www.ugtcomunicaciones.es\\\/wordpress\\\/espana-continua-liderando-la-fibra-europea\\\/\",\"name\":\"Espa\u00f1a contin\u00faa liderando la fibra europea - UGT Comunicaciones\",\"isPartOf\":{\"@id\":\"https:\\\/\\\/www.ugtcomunicaciones.es\\\/wordpress\\\/#website\"},\"primaryImageOfPage\":{\"@id\":\"https:\\\/\\\/www.ugtcomunicaciones.es\\\/wordpress\\\/espana-continua-liderando-la-fibra-europea\\\/#primaryimage\"},\"image\":{\"@id\":\"https:\\\/\\\/www.ugtcomunicaciones.es\\\/wordpress\\\/espana-continua-liderando-la-fibra-europea\\\/#primaryimage\"},\"thumbnailUrl\":\"https:\\\/\\\/www.ugtcomunicaciones.es\\\/wordpress\\\/wp-content\\\/uploads\\\/2021\\\/09\\\/espana-fibra-optica-oscura.jpg\",\"datePublished\":\"2022-06-13T05:00:18+00:00\",\"breadcrumb\":{\"@id\":\"https:\\\/\\\/www.ugtcomunicaciones.es\\\/wordpress\\\/espana-continua-liderando-la-fibra-europea\\\/#breadcrumb\"},\"inLanguage\":\"es\",\"potentialAction\":[{\"@type\":\"ReadAction\",\"target\":[\"https:\\\/\\\/www.ugtcomunicaciones.es\\\/wordpress\\\/espana-continua-liderando-la-fibra-europea\\\/\"]}]},{\"@type\":\"ImageObject\",\"inLanguage\":\"es\",\"@id\":\"https:\\\/\\\/www.ugtcomunicaciones.es\\\/wordpress\\\/espana-continua-liderando-la-fibra-europea\\\/#primaryimage\",\"url\":\"https:\\\/\\\/www.ugtcomunicaciones.es\\\/wordpress\\\/wp-content\\\/uploads\\\/2021\\\/09\\\/espana-fibra-optica-oscura.jpg\",\"contentUrl\":\"https:\\\/\\\/www.ugtcomunicaciones.es\\\/wordpress\\\/wp-content\\\/uploads\\\/2021\\\/09\\\/espana-fibra-optica-oscura.jpg\",\"width\":600,\"height\":314},{\"@type\":\"BreadcrumbList\",\"@id\":\"https:\\\/\\\/www.ugtcomunicaciones.es\\\/wordpress\\\/espana-continua-liderando-la-fibra-europea\\\/#breadcrumb\",\"itemListElement\":[{\"@type\":\"ListItem\",\"position\":1,\"name\":\"Portada\",\"item\":\"https:\\\/\\\/www.ugtcomunicaciones.es\\\/wordpress\\\/\"},{\"@type\":\"ListItem\",\"position\":2,\"name\":\"Espa\u00f1a contin\u00faa liderando la fibra europea\"}]},{\"@type\":\"WebSite\",\"@id\":\"https:\\\/\\\/www.ugtcomunicaciones.es\\\/wordpress\\\/#website\",\"url\":\"https:\\\/\\\/www.ugtcomunicaciones.es\\\/wordpress\\\/\",\"name\":\"UGT Comunicaciones\",\"description\":\"Sindicato de Telecomunicaciones\",\"publisher\":{\"@id\":\"https:\\\/\\\/www.ugtcomunicaciones.es\\\/wordpress\\\/#organization\"},\"potentialAction\":[{\"@type\":\"SearchAction\",\"target\":{\"@type\":\"EntryPoint\",\"urlTemplate\":\"https:\\\/\\\/www.ugtcomunicaciones.es\\\/wordpress\\\/?s={search_term_string}\"},\"query-input\":{\"@type\":\"PropertyValueSpecification\",\"valueRequired\":true,\"valueName\":\"search_term_string\"}}],\"inLanguage\":\"es\"},{\"@type\":\"Organization\",\"@id\":\"https:\\\/\\\/www.ugtcomunicaciones.es\\\/wordpress\\\/#organization\",\"name\":\"UGT Comunicaciones\",\"url\":\"https:\\\/\\\/www.ugtcomunicaciones.es\\\/wordpress\\\/\",\"logo\":{\"@type\":\"ImageObject\",\"inLanguage\":\"es\",\"@id\":\"https:\\\/\\\/www.ugtcomunicaciones.es\\\/wordpress\\\/#\\\/schema\\\/logo\\\/image\\\/\",\"url\":\"https:\\\/\\\/www.ugtcomunicaciones.es\\\/wordpress\\\/wp-content\\\/uploads\\\/2024\\\/04\\\/comunicaciones_logo.png\",\"contentUrl\":\"https:\\\/\\\/www.ugtcomunicaciones.es\\\/wordpress\\\/wp-content\\\/uploads\\\/2024\\\/04\\\/comunicaciones_logo.png\",\"width\":298,\"height\":81,\"caption\":\"UGT Comunicaciones\"},\"image\":{\"@id\":\"https:\\\/\\\/www.ugtcomunicaciones.es\\\/wordpress\\\/#\\\/schema\\\/logo\\\/image\\\/\"},\"sameAs\":[\"https:\\\/\\\/www.facebook.com\\\/ugt.comunicaciones\\\/\",\"https:\\\/\\\/x.com\\\/ugtcom\"]},{\"@type\":\"Person\",\"@id\":\"https:\\\/\\\/www.ugtcomunicaciones.es\\\/wordpress\\\/#\\\/schema\\\/person\\\/eba0fc3fe5b444531d94d4368cba89ed\",\"name\":\"UGT\",\"image\":{\"@type\":\"ImageObject\",\"inLanguage\":\"es\",\"@id\":\"https:\\\/\\\/secure.gravatar.com\\\/avatar\\\/2a16057d620a4c646bcfc171c4f23030879ebbdd346f0525bd5d4a564e57e13d?s=96&d=mm&r=g\",\"url\":\"https:\\\/\\\/secure.gravatar.com\\\/avatar\\\/2a16057d620a4c646bcfc171c4f23030879ebbdd346f0525bd5d4a564e57e13d?s=96&d=mm&r=g\",\"contentUrl\":\"https:\\\/\\\/secure.gravatar.com\\\/avatar\\\/2a16057d620a4c646bcfc171c4f23030879ebbdd346f0525bd5d4a564e57e13d?s=96&d=mm&r=g\",\"caption\":\"UGT\"}}]}<\/script>\n<!-- \/ Yoast SEO Premium plugin. -->","yoast_head_json":{"title":"Espa\u00f1a contin\u00faa liderando la fibra europea - UGT Comunicaciones","robots":{"index":"index","follow":"follow","max-snippet":"max-snippet:-1","max-image-preview":"max-image-preview:large","max-video-preview":"max-video-preview:-1"},"canonical":"https:\/\/www.ugtcomunicaciones.es\/wordpress\/espana-continua-liderando-la-fibra-europea\/","og_locale":"es_ES","og_type":"article","og_title":"Espa\u00f1a contin\u00faa liderando la fibra europea","og_description":"Las redes de fibra \u00f3ptica (especialmente FTTH) que nuestros operadores han -y siguen- desplegado contin\u00faan destacando como unas de las m\u00e1s capilares de Europa y el mundo. As\u00ed se desprende las \u00faltimas publicaciones del FTTH Council Europe, que sit\u00faa a nuestro pa\u00eds entre los m\u00e1s punteros en cuanto a infraestructuras digitales de vanguardia, tanto en [&hellip;]","og_url":"https:\/\/www.ugtcomunicaciones.es\/wordpress\/espana-continua-liderando-la-fibra-europea\/","og_site_name":"UGT Comunicaciones","article_publisher":"https:\/\/www.facebook.com\/ugt.comunicaciones\/","article_published_time":"2022-06-13T05:00:18+00:00","og_image":[{"width":600,"height":314,"url":"https:\/\/www.ugtcomunicaciones.es\/wordpress\/wp-content\/uploads\/2021\/09\/espana-fibra-optica-oscura.jpg","type":"image\/jpeg"}],"author":"UGT","twitter_card":"summary_large_image","twitter_creator":"@ugtcom","twitter_site":"@ugtcom","twitter_misc":{"Escrito por":"UGT","Tiempo de lectura":"3 minutos"},"schema":{"@context":"https:\/\/schema.org","@graph":[{"@type":"Article","@id":"https:\/\/www.ugtcomunicaciones.es\/wordpress\/espana-continua-liderando-la-fibra-europea\/#article","isPartOf":{"@id":"https:\/\/www.ugtcomunicaciones.es\/wordpress\/espana-continua-liderando-la-fibra-europea\/"},"author":{"name":"UGT","@id":"https:\/\/www.ugtcomunicaciones.es\/wordpress\/#\/schema\/person\/eba0fc3fe5b444531d94d4368cba89ed"},"headline":"Espa\u00f1a contin\u00faa liderando la fibra europea","datePublished":"2022-06-13T05:00:18+00:00","mainEntityOfPage":{"@id":"https:\/\/www.ugtcomunicaciones.es\/wordpress\/espana-continua-liderando-la-fibra-europea\/"},"wordCount":329,"publisher":{"@id":"https:\/\/www.ugtcomunicaciones.es\/wordpress\/#organization"},"image":{"@id":"https:\/\/www.ugtcomunicaciones.es\/wordpress\/espana-continua-liderando-la-fibra-europea\/#primaryimage"},"thumbnailUrl":"https:\/\/www.ugtcomunicaciones.es\/wordpress\/wp-content\/uploads\/2021\/09\/espana-fibra-optica-oscura.jpg","articleSection":["Internet","Regulaci\u00f3n"],"inLanguage":"es"},{"@type":"WebPage","@id":"https:\/\/www.ugtcomunicaciones.es\/wordpress\/espana-continua-liderando-la-fibra-europea\/","url":"https:\/\/www.ugtcomunicaciones.es\/wordpress\/espana-continua-liderando-la-fibra-europea\/","name":"Espa\u00f1a contin\u00faa liderando la fibra europea - UGT Comunicaciones","isPartOf":{"@id":"https:\/\/www.ugtcomunicaciones.es\/wordpress\/#website"},"primaryImageOfPage":{"@id":"https:\/\/www.ugtcomunicaciones.es\/wordpress\/espana-continua-liderando-la-fibra-europea\/#primaryimage"},"image":{"@id":"https:\/\/www.ugtcomunicaciones.es\/wordpress\/espana-continua-liderando-la-fibra-europea\/#primaryimage"},"thumbnailUrl":"https:\/\/www.ugtcomunicaciones.es\/wordpress\/wp-content\/uploads\/2021\/09\/espana-fibra-optica-oscura.jpg","datePublished":"2022-06-13T05:00:18+00:00","breadcrumb":{"@id":"https:\/\/www.ugtcomunicaciones.es\/wordpress\/espana-continua-liderando-la-fibra-europea\/#breadcrumb"},"inLanguage":"es","potentialAction":[{"@type":"ReadAction","target":["https:\/\/www.ugtcomunicaciones.es\/wordpress\/espana-continua-liderando-la-fibra-europea\/"]}]},{"@type":"ImageObject","inLanguage":"es","@id":"https:\/\/www.ugtcomunicaciones.es\/wordpress\/espana-continua-liderando-la-fibra-europea\/#primaryimage","url":"https:\/\/www.ugtcomunicaciones.es\/wordpress\/wp-content\/uploads\/2021\/09\/espana-fibra-optica-oscura.jpg","contentUrl":"https:\/\/www.ugtcomunicaciones.es\/wordpress\/wp-content\/uploads\/2021\/09\/espana-fibra-optica-oscura.jpg","width":600,"height":314},{"@type":"BreadcrumbList","@id":"https:\/\/www.ugtcomunicaciones.es\/wordpress\/espana-continua-liderando-la-fibra-europea\/#breadcrumb","itemListElement":[{"@type":"ListItem","position":1,"name":"Portada","item":"https:\/\/www.ugtcomunicaciones.es\/wordpress\/"},{"@type":"ListItem","position":2,"name":"Espa\u00f1a contin\u00faa liderando la fibra europea"}]},{"@type":"WebSite","@id":"https:\/\/www.ugtcomunicaciones.es\/wordpress\/#website","url":"https:\/\/www.ugtcomunicaciones.es\/wordpress\/","name":"UGT Comunicaciones","description":"Sindicato de Telecomunicaciones","publisher":{"@id":"https:\/\/www.ugtcomunicaciones.es\/wordpress\/#organization"},"potentialAction":[{"@type":"SearchAction","target":{"@type":"EntryPoint","urlTemplate":"https:\/\/www.ugtcomunicaciones.es\/wordpress\/?s={search_term_string}"},"query-input":{"@type":"PropertyValueSpecification","valueRequired":true,"valueName":"search_term_string"}}],"inLanguage":"es"},{"@type":"Organization","@id":"https:\/\/www.ugtcomunicaciones.es\/wordpress\/#organization","name":"UGT Comunicaciones","url":"https:\/\/www.ugtcomunicaciones.es\/wordpress\/","logo":{"@type":"ImageObject","inLanguage":"es","@id":"https:\/\/www.ugtcomunicaciones.es\/wordpress\/#\/schema\/logo\/image\/","url":"https:\/\/www.ugtcomunicaciones.es\/wordpress\/wp-content\/uploads\/2024\/04\/comunicaciones_logo.png","contentUrl":"https:\/\/www.ugtcomunicaciones.es\/wordpress\/wp-content\/uploads\/2024\/04\/comunicaciones_logo.png","width":298,"height":81,"caption":"UGT Comunicaciones"},"image":{"@id":"https:\/\/www.ugtcomunicaciones.es\/wordpress\/#\/schema\/logo\/image\/"},"sameAs":["https:\/\/www.facebook.com\/ugt.comunicaciones\/","https:\/\/x.com\/ugtcom"]},{"@type":"Person","@id":"https:\/\/www.ugtcomunicaciones.es\/wordpress\/#\/schema\/person\/eba0fc3fe5b444531d94d4368cba89ed","name":"UGT","image":{"@type":"ImageObject","inLanguage":"es","@id":"https:\/\/secure.gravatar.com\/avatar\/2a16057d620a4c646bcfc171c4f23030879ebbdd346f0525bd5d4a564e57e13d?s=96&d=mm&r=g","url":"https:\/\/secure.gravatar.com\/avatar\/2a16057d620a4c646bcfc171c4f23030879ebbdd346f0525bd5d4a564e57e13d?s=96&d=mm&r=g","contentUrl":"https:\/\/secure.gravatar.com\/avatar\/2a16057d620a4c646bcfc171c4f23030879ebbdd346f0525bd5d4a564e57e13d?s=96&d=mm&r=g","caption":"UGT"}}]}},"_links":{"self":[{"href":"https:\/\/www.ugtcomunicaciones.es\/wordpress\/wp-json\/wp\/v2\/posts\/1010611","targetHints":{"allow":["GET"]}}],"collection":[{"href":"https:\/\/www.ugtcomunicaciones.es\/wordpress\/wp-json\/wp\/v2\/posts"}],"about":[{"href":"https:\/\/www.ugtcomunicaciones.es\/wordpress\/wp-json\/wp\/v2\/types\/post"}],"author":[{"embeddable":true,"href":"https:\/\/www.ugtcomunicaciones.es\/wordpress\/wp-json\/wp\/v2\/users\/3"}],"replies":[{"embeddable":true,"href":"https:\/\/www.ugtcomunicaciones.es\/wordpress\/wp-json\/wp\/v2\/comments?post=1010611"}],"version-history":[{"count":0,"href":"https:\/\/www.ugtcomunicaciones.es\/wordpress\/wp-json\/wp\/v2\/posts\/1010611\/revisions"}],"wp:featuredmedia":[{"embeddable":true,"href":"https:\/\/www.ugtcomunicaciones.es\/wordpress\/wp-json\/wp\/v2\/media\/901270"}],"wp:attachment":[{"href":"https:\/\/www.ugtcomunicaciones.es\/wordpress\/wp-json\/wp\/v2\/media?parent=1010611"}],"wp:term":[{"taxonomy":"category","embeddable":true,"href":"https:\/\/www.ugtcomunicaciones.es\/wordpress\/wp-json\/wp\/v2\/categories?post=1010611"},{"taxonomy":"post_tag","embeddable":true,"href":"https:\/\/www.ugtcomunicaciones.es\/wordpress\/wp-json\/wp\/v2\/tags?post=1010611"}],"curies":[{"name":"wp","href":"https:\/\/api.w.org\/{rel}","templated":true}]}}