{"id":1017721,"date":"2022-06-27T07:00:39","date_gmt":"2022-06-27T05:00:39","guid":{"rendered":"https:\/\/www.ugtcomunicaciones.es\/wordpress\/?p=1017721"},"modified":"2022-06-21T09:17:06","modified_gmt":"2022-06-21T07:17:06","slug":"ugt-valora-la-nueva-lgt-aunque-considera-que-se-queda-corta-en-regulacion-laboral","status":"publish","type":"post","link":"https:\/\/www.ugtcomunicaciones.es\/wordpress\/ugt-valora-la-nueva-lgt-aunque-considera-que-se-queda-corta-en-regulacion-laboral\/","title":{"rendered":"UGT valora la nueva LGT, aunque considera que se queda corta en regulaci\u00f3n laboral"},"content":{"rendered":"<p style=\"text-align: justify;\">El Sector de Comunicaciones y Cultura de UGT valora la aprobaci\u00f3n parlamentaria de la nueva Ley General de Telecomunicaciones, una norma que contiene progresos importantes en aspectos como el Servicio Universal o el impulso a esenciales infraestructuras de vanguardia, pero que queda coja cuando se trata de consolidar y fomentar nuevo empleo tecnol\u00f3gico.<\/p>\n<p style=\"text-align: justify;\">As\u00ed, es indudable que fijar en 100 Mbps la velocidad m\u00ednima del Servicio Universal \u2013 una reclamaci\u00f3n que nuestro Sindicato ya propuso hace m\u00e1s de un lustro- es un espaldarazo definitivo para acabar con la Brecha Digital territorial que todav\u00eda persiste en nuestra geograf\u00eda, a pesar de disponer de la red rural de fibra \u00f3ptica m\u00e1s extensa y capilar de Europa. Igualmente positivas son otras medidas de acompa\u00f1amiento al despliegue de las redes digitales del futuro (impulso a la coinversi\u00f3n y la denominada Caja de Herramientas de Conectividad), como el 5G. Finalmente, el gran consenso en su aprobaci\u00f3n \u2013 posiblemente la mayor de la legislatura- corrobora su pertinencia.<\/p>\n<p style=\"text-align: justify;\">Sin embargo, UGT echa de menos medidas para la consolidaci\u00f3n y promoci\u00f3n del empleo sectorial. Desde la liberaci\u00f3n del Sector, se ha perdido por el camino casi la mitad de su fuerza laboral, puestos de trabajo de alta tecnolog\u00eda; empleos dignos, con derechos y buenos salarios. La nueva LGT no promueve la creaci\u00f3n de nuevos puestos de trabajo de forma directa, ni exige memorias de empleo cuando se tomen decisiones regulatorias ni obliga a realizar futuras licitaciones de espectro con compromisos laborales. Se trata -de nuevo- de un error que exige de una rectificaci\u00f3n y que UGT buscar\u00e1 enmendar a trav\u00e9s de pactos sectoriales de empleo y acordando convenios que lo blinden.<\/p>\n<p style=\"text-align: justify;\">Finalmente, queremos volver a poner de manifiesto que de poco sirve llevar la fibra \u00f3ptica o el 5G hasta la \u00faltima vivienda y rinc\u00f3n de nuestro pa\u00eds sin sus moradores no tienen un ordenador o no saben usarlo. Los bonos sociales a la conectividad y el Plan Nacional de Competencias Digitales son dos herramientas imprescindibles para que tal inversi\u00f3n no quede infrautilizada, por lo que UGT insta al Gobierno a que sus beneficios lleguen a toda la ciudadan\u00eda y lo antes posible.<\/p>\n<h4 style=\"text-align: right;\"><strong><span style=\"color: #ff0000;\">UGT<\/span> Comunicaciones<\/strong><\/h4>\n","protected":false},"excerpt":{"rendered":"<p>El Sector de Comunicaciones y Cultura de UGT valora la aprobaci\u00f3n parlamentaria de la nueva Ley General de Telecomunicaciones, una norma que contiene progresos importantes en aspectos como el Servicio Universal o el impulso a esenciales infraestructuras de vanguardia, pero que queda coja cuando se trata de consolidar y fomentar nuevo empleo tecnol\u00f3gico. As\u00ed, es [&hellip;]<\/p>\n","protected":false},"author":3,"featured_media":1017724,"comment_status":"closed","ping_status":"closed","sticky":false,"template":"","format":"standard","meta":{"footnotes":""},"categories":[13,12],"tags":[],"class_list":["post-1017721","post","type-post","status-publish","format-standard","has-post-thumbnail","hentry","category-mercado-comunicaciones","category-regulacion"],"yoast_head":"<!-- This site is optimized with the Yoast SEO Premium plugin v27.3 (Yoast SEO v27.4) - https:\/\/yoast.com\/product\/yoast-seo-premium-wordpress\/ -->\n<title>UGT valora la nueva LGT, aunque considera que se queda corta en regulaci\u00f3n laboral - UGT Comunicaciones<\/title>\n<meta name=\"robots\" content=\"index, follow, max-snippet:-1, max-image-preview:large, max-video-preview:-1\" \/>\n<link rel=\"canonical\" href=\"https:\/\/www.ugtcomunicaciones.es\/wordpress\/ugt-valora-la-nueva-lgt-aunque-considera-que-se-queda-corta-en-regulacion-laboral\/\" \/>\n<meta property=\"og:locale\" content=\"es_ES\" \/>\n<meta property=\"og:type\" content=\"article\" \/>\n<meta property=\"og:title\" content=\"UGT valora la nueva LGT, aunque considera que se queda corta en regulaci\u00f3n laboral\" \/>\n<meta property=\"og:description\" content=\"El Sector de Comunicaciones y Cultura de UGT valora la aprobaci\u00f3n parlamentaria de la nueva Ley General de Telecomunicaciones, una norma que contiene progresos importantes en aspectos como el Servicio Universal o el impulso a esenciales infraestructuras de vanguardia, pero que queda coja cuando se trata de consolidar y fomentar nuevo empleo tecnol\u00f3gico. As\u00ed, es [&hellip;]\" \/>\n<meta property=\"og:url\" content=\"https:\/\/www.ugtcomunicaciones.es\/wordpress\/ugt-valora-la-nueva-lgt-aunque-considera-que-se-queda-corta-en-regulacion-laboral\/\" \/>\n<meta property=\"og:site_name\" content=\"UGT Comunicaciones\" \/>\n<meta property=\"article:publisher\" content=\"https:\/\/www.facebook.com\/ugt.comunicaciones\/\" \/>\n<meta property=\"article:published_time\" content=\"2022-06-27T05:00:39+00:00\" \/>\n<meta property=\"og:image\" content=\"https:\/\/www.ugtcomunicaciones.es\/wordpress\/wp-content\/uploads\/2022\/06\/LGT-1.jpg\" \/>\n\t<meta property=\"og:image:width\" content=\"600\" \/>\n\t<meta property=\"og:image:height\" content=\"438\" \/>\n\t<meta property=\"og:image:type\" content=\"image\/jpeg\" \/>\n<meta name=\"author\" content=\"UGT\" \/>\n<meta name=\"twitter:card\" content=\"summary_large_image\" \/>\n<meta name=\"twitter:creator\" content=\"@ugtcom\" \/>\n<meta name=\"twitter:site\" content=\"@ugtcom\" \/>\n<meta name=\"twitter:label1\" content=\"Escrito por\" \/>\n\t<meta name=\"twitter:data1\" content=\"UGT\" \/>\n\t<meta name=\"twitter:label2\" content=\"Tiempo de lectura\" \/>\n\t<meta name=\"twitter:data2\" content=\"2 minutos\" \/>\n<script type=\"application\/ld+json\" class=\"yoast-schema-graph\">{\"@context\":\"https:\\\/\\\/schema.org\",\"@graph\":[{\"@type\":\"Article\",\"@id\":\"https:\\\/\\\/www.ugtcomunicaciones.es\\\/wordpress\\\/ugt-valora-la-nueva-lgt-aunque-considera-que-se-queda-corta-en-regulacion-laboral\\\/#article\",\"isPartOf\":{\"@id\":\"https:\\\/\\\/www.ugtcomunicaciones.es\\\/wordpress\\\/ugt-valora-la-nueva-lgt-aunque-considera-que-se-queda-corta-en-regulacion-laboral\\\/\"},\"author\":{\"name\":\"UGT\",\"@id\":\"https:\\\/\\\/www.ugtcomunicaciones.es\\\/wordpress\\\/#\\\/schema\\\/person\\\/eba0fc3fe5b444531d94d4368cba89ed\"},\"headline\":\"UGT valora la nueva LGT, aunque considera que se queda corta en regulaci\u00f3n laboral\",\"datePublished\":\"2022-06-27T05:00:39+00:00\",\"mainEntityOfPage\":{\"@id\":\"https:\\\/\\\/www.ugtcomunicaciones.es\\\/wordpress\\\/ugt-valora-la-nueva-lgt-aunque-considera-que-se-queda-corta-en-regulacion-laboral\\\/\"},\"wordCount\":391,\"publisher\":{\"@id\":\"https:\\\/\\\/www.ugtcomunicaciones.es\\\/wordpress\\\/#organization\"},\"image\":{\"@id\":\"https:\\\/\\\/www.ugtcomunicaciones.es\\\/wordpress\\\/ugt-valora-la-nueva-lgt-aunque-considera-que-se-queda-corta-en-regulacion-laboral\\\/#primaryimage\"},\"thumbnailUrl\":\"https:\\\/\\\/www.ugtcomunicaciones.es\\\/wordpress\\\/wp-content\\\/uploads\\\/2022\\\/06\\\/LGT-1.jpg\",\"articleSection\":[\"Mercado Comunicaciones\",\"Regulaci\u00f3n\"],\"inLanguage\":\"es\"},{\"@type\":\"WebPage\",\"@id\":\"https:\\\/\\\/www.ugtcomunicaciones.es\\\/wordpress\\\/ugt-valora-la-nueva-lgt-aunque-considera-que-se-queda-corta-en-regulacion-laboral\\\/\",\"url\":\"https:\\\/\\\/www.ugtcomunicaciones.es\\\/wordpress\\\/ugt-valora-la-nueva-lgt-aunque-considera-que-se-queda-corta-en-regulacion-laboral\\\/\",\"name\":\"UGT valora la nueva LGT, aunque considera que se queda corta en regulaci\u00f3n laboral - UGT Comunicaciones\",\"isPartOf\":{\"@id\":\"https:\\\/\\\/www.ugtcomunicaciones.es\\\/wordpress\\\/#website\"},\"primaryImageOfPage\":{\"@id\":\"https:\\\/\\\/www.ugtcomunicaciones.es\\\/wordpress\\\/ugt-valora-la-nueva-lgt-aunque-considera-que-se-queda-corta-en-regulacion-laboral\\\/#primaryimage\"},\"image\":{\"@id\":\"https:\\\/\\\/www.ugtcomunicaciones.es\\\/wordpress\\\/ugt-valora-la-nueva-lgt-aunque-considera-que-se-queda-corta-en-regulacion-laboral\\\/#primaryimage\"},\"thumbnailUrl\":\"https:\\\/\\\/www.ugtcomunicaciones.es\\\/wordpress\\\/wp-content\\\/uploads\\\/2022\\\/06\\\/LGT-1.jpg\",\"datePublished\":\"2022-06-27T05:00:39+00:00\",\"breadcrumb\":{\"@id\":\"https:\\\/\\\/www.ugtcomunicaciones.es\\\/wordpress\\\/ugt-valora-la-nueva-lgt-aunque-considera-que-se-queda-corta-en-regulacion-laboral\\\/#breadcrumb\"},\"inLanguage\":\"es\",\"potentialAction\":[{\"@type\":\"ReadAction\",\"target\":[\"https:\\\/\\\/www.ugtcomunicaciones.es\\\/wordpress\\\/ugt-valora-la-nueva-lgt-aunque-considera-que-se-queda-corta-en-regulacion-laboral\\\/\"]}]},{\"@type\":\"ImageObject\",\"inLanguage\":\"es\",\"@id\":\"https:\\\/\\\/www.ugtcomunicaciones.es\\\/wordpress\\\/ugt-valora-la-nueva-lgt-aunque-considera-que-se-queda-corta-en-regulacion-laboral\\\/#primaryimage\",\"url\":\"https:\\\/\\\/www.ugtcomunicaciones.es\\\/wordpress\\\/wp-content\\\/uploads\\\/2022\\\/06\\\/LGT-1.jpg\",\"contentUrl\":\"https:\\\/\\\/www.ugtcomunicaciones.es\\\/wordpress\\\/wp-content\\\/uploads\\\/2022\\\/06\\\/LGT-1.jpg\",\"width\":600,\"height\":438},{\"@type\":\"BreadcrumbList\",\"@id\":\"https:\\\/\\\/www.ugtcomunicaciones.es\\\/wordpress\\\/ugt-valora-la-nueva-lgt-aunque-considera-que-se-queda-corta-en-regulacion-laboral\\\/#breadcrumb\",\"itemListElement\":[{\"@type\":\"ListItem\",\"position\":1,\"name\":\"Portada\",\"item\":\"https:\\\/\\\/www.ugtcomunicaciones.es\\\/wordpress\\\/\"},{\"@type\":\"ListItem\",\"position\":2,\"name\":\"UGT valora la nueva LGT, aunque considera que se queda corta en regulaci\u00f3n laboral\"}]},{\"@type\":\"WebSite\",\"@id\":\"https:\\\/\\\/www.ugtcomunicaciones.es\\\/wordpress\\\/#website\",\"url\":\"https:\\\/\\\/www.ugtcomunicaciones.es\\\/wordpress\\\/\",\"name\":\"UGT Comunicaciones\",\"description\":\"Sindicato de Telecomunicaciones\",\"publisher\":{\"@id\":\"https:\\\/\\\/www.ugtcomunicaciones.es\\\/wordpress\\\/#organization\"},\"potentialAction\":[{\"@type\":\"SearchAction\",\"target\":{\"@type\":\"EntryPoint\",\"urlTemplate\":\"https:\\\/\\\/www.ugtcomunicaciones.es\\\/wordpress\\\/?s={search_term_string}\"},\"query-input\":{\"@type\":\"PropertyValueSpecification\",\"valueRequired\":true,\"valueName\":\"search_term_string\"}}],\"inLanguage\":\"es\"},{\"@type\":\"Organization\",\"@id\":\"https:\\\/\\\/www.ugtcomunicaciones.es\\\/wordpress\\\/#organization\",\"name\":\"UGT Comunicaciones\",\"url\":\"https:\\\/\\\/www.ugtcomunicaciones.es\\\/wordpress\\\/\",\"logo\":{\"@type\":\"ImageObject\",\"inLanguage\":\"es\",\"@id\":\"https:\\\/\\\/www.ugtcomunicaciones.es\\\/wordpress\\\/#\\\/schema\\\/logo\\\/image\\\/\",\"url\":\"https:\\\/\\\/www.ugtcomunicaciones.es\\\/wordpress\\\/wp-content\\\/uploads\\\/2024\\\/04\\\/comunicaciones_logo.png\",\"contentUrl\":\"https:\\\/\\\/www.ugtcomunicaciones.es\\\/wordpress\\\/wp-content\\\/uploads\\\/2024\\\/04\\\/comunicaciones_logo.png\",\"width\":298,\"height\":81,\"caption\":\"UGT Comunicaciones\"},\"image\":{\"@id\":\"https:\\\/\\\/www.ugtcomunicaciones.es\\\/wordpress\\\/#\\\/schema\\\/logo\\\/image\\\/\"},\"sameAs\":[\"https:\\\/\\\/www.facebook.com\\\/ugt.comunicaciones\\\/\",\"https:\\\/\\\/x.com\\\/ugtcom\"]},{\"@type\":\"Person\",\"@id\":\"https:\\\/\\\/www.ugtcomunicaciones.es\\\/wordpress\\\/#\\\/schema\\\/person\\\/eba0fc3fe5b444531d94d4368cba89ed\",\"name\":\"UGT\",\"image\":{\"@type\":\"ImageObject\",\"inLanguage\":\"es\",\"@id\":\"https:\\\/\\\/secure.gravatar.com\\\/avatar\\\/2a16057d620a4c646bcfc171c4f23030879ebbdd346f0525bd5d4a564e57e13d?s=96&d=mm&r=g\",\"url\":\"https:\\\/\\\/secure.gravatar.com\\\/avatar\\\/2a16057d620a4c646bcfc171c4f23030879ebbdd346f0525bd5d4a564e57e13d?s=96&d=mm&r=g\",\"contentUrl\":\"https:\\\/\\\/secure.gravatar.com\\\/avatar\\\/2a16057d620a4c646bcfc171c4f23030879ebbdd346f0525bd5d4a564e57e13d?s=96&d=mm&r=g\",\"caption\":\"UGT\"}}]}<\/script>\n<!-- \/ Yoast SEO Premium plugin. -->","yoast_head_json":{"title":"UGT valora la nueva LGT, aunque considera que se queda corta en regulaci\u00f3n laboral - UGT Comunicaciones","robots":{"index":"index","follow":"follow","max-snippet":"max-snippet:-1","max-image-preview":"max-image-preview:large","max-video-preview":"max-video-preview:-1"},"canonical":"https:\/\/www.ugtcomunicaciones.es\/wordpress\/ugt-valora-la-nueva-lgt-aunque-considera-que-se-queda-corta-en-regulacion-laboral\/","og_locale":"es_ES","og_type":"article","og_title":"UGT valora la nueva LGT, aunque considera que se queda corta en regulaci\u00f3n laboral","og_description":"El Sector de Comunicaciones y Cultura de UGT valora la aprobaci\u00f3n parlamentaria de la nueva Ley General de Telecomunicaciones, una norma que contiene progresos importantes en aspectos como el Servicio Universal o el impulso a esenciales infraestructuras de vanguardia, pero que queda coja cuando se trata de consolidar y fomentar nuevo empleo tecnol\u00f3gico. As\u00ed, es [&hellip;]","og_url":"https:\/\/www.ugtcomunicaciones.es\/wordpress\/ugt-valora-la-nueva-lgt-aunque-considera-que-se-queda-corta-en-regulacion-laboral\/","og_site_name":"UGT Comunicaciones","article_publisher":"https:\/\/www.facebook.com\/ugt.comunicaciones\/","article_published_time":"2022-06-27T05:00:39+00:00","og_image":[{"width":600,"height":438,"url":"https:\/\/www.ugtcomunicaciones.es\/wordpress\/wp-content\/uploads\/2022\/06\/LGT-1.jpg","type":"image\/jpeg"}],"author":"UGT","twitter_card":"summary_large_image","twitter_creator":"@ugtcom","twitter_site":"@ugtcom","twitter_misc":{"Escrito por":"UGT","Tiempo de lectura":"2 minutos"},"schema":{"@context":"https:\/\/schema.org","@graph":[{"@type":"Article","@id":"https:\/\/www.ugtcomunicaciones.es\/wordpress\/ugt-valora-la-nueva-lgt-aunque-considera-que-se-queda-corta-en-regulacion-laboral\/#article","isPartOf":{"@id":"https:\/\/www.ugtcomunicaciones.es\/wordpress\/ugt-valora-la-nueva-lgt-aunque-considera-que-se-queda-corta-en-regulacion-laboral\/"},"author":{"name":"UGT","@id":"https:\/\/www.ugtcomunicaciones.es\/wordpress\/#\/schema\/person\/eba0fc3fe5b444531d94d4368cba89ed"},"headline":"UGT valora la nueva LGT, aunque considera que se queda corta en regulaci\u00f3n laboral","datePublished":"2022-06-27T05:00:39+00:00","mainEntityOfPage":{"@id":"https:\/\/www.ugtcomunicaciones.es\/wordpress\/ugt-valora-la-nueva-lgt-aunque-considera-que-se-queda-corta-en-regulacion-laboral\/"},"wordCount":391,"publisher":{"@id":"https:\/\/www.ugtcomunicaciones.es\/wordpress\/#organization"},"image":{"@id":"https:\/\/www.ugtcomunicaciones.es\/wordpress\/ugt-valora-la-nueva-lgt-aunque-considera-que-se-queda-corta-en-regulacion-laboral\/#primaryimage"},"thumbnailUrl":"https:\/\/www.ugtcomunicaciones.es\/wordpress\/wp-content\/uploads\/2022\/06\/LGT-1.jpg","articleSection":["Mercado Comunicaciones","Regulaci\u00f3n"],"inLanguage":"es"},{"@type":"WebPage","@id":"https:\/\/www.ugtcomunicaciones.es\/wordpress\/ugt-valora-la-nueva-lgt-aunque-considera-que-se-queda-corta-en-regulacion-laboral\/","url":"https:\/\/www.ugtcomunicaciones.es\/wordpress\/ugt-valora-la-nueva-lgt-aunque-considera-que-se-queda-corta-en-regulacion-laboral\/","name":"UGT valora la nueva LGT, aunque considera que se queda corta en regulaci\u00f3n laboral - UGT Comunicaciones","isPartOf":{"@id":"https:\/\/www.ugtcomunicaciones.es\/wordpress\/#website"},"primaryImageOfPage":{"@id":"https:\/\/www.ugtcomunicaciones.es\/wordpress\/ugt-valora-la-nueva-lgt-aunque-considera-que-se-queda-corta-en-regulacion-laboral\/#primaryimage"},"image":{"@id":"https:\/\/www.ugtcomunicaciones.es\/wordpress\/ugt-valora-la-nueva-lgt-aunque-considera-que-se-queda-corta-en-regulacion-laboral\/#primaryimage"},"thumbnailUrl":"https:\/\/www.ugtcomunicaciones.es\/wordpress\/wp-content\/uploads\/2022\/06\/LGT-1.jpg","datePublished":"2022-06-27T05:00:39+00:00","breadcrumb":{"@id":"https:\/\/www.ugtcomunicaciones.es\/wordpress\/ugt-valora-la-nueva-lgt-aunque-considera-que-se-queda-corta-en-regulacion-laboral\/#breadcrumb"},"inLanguage":"es","potentialAction":[{"@type":"ReadAction","target":["https:\/\/www.ugtcomunicaciones.es\/wordpress\/ugt-valora-la-nueva-lgt-aunque-considera-que-se-queda-corta-en-regulacion-laboral\/"]}]},{"@type":"ImageObject","inLanguage":"es","@id":"https:\/\/www.ugtcomunicaciones.es\/wordpress\/ugt-valora-la-nueva-lgt-aunque-considera-que-se-queda-corta-en-regulacion-laboral\/#primaryimage","url":"https:\/\/www.ugtcomunicaciones.es\/wordpress\/wp-content\/uploads\/2022\/06\/LGT-1.jpg","contentUrl":"https:\/\/www.ugtcomunicaciones.es\/wordpress\/wp-content\/uploads\/2022\/06\/LGT-1.jpg","width":600,"height":438},{"@type":"BreadcrumbList","@id":"https:\/\/www.ugtcomunicaciones.es\/wordpress\/ugt-valora-la-nueva-lgt-aunque-considera-que-se-queda-corta-en-regulacion-laboral\/#breadcrumb","itemListElement":[{"@type":"ListItem","position":1,"name":"Portada","item":"https:\/\/www.ugtcomunicaciones.es\/wordpress\/"},{"@type":"ListItem","position":2,"name":"UGT valora la nueva LGT, aunque considera que se queda corta en regulaci\u00f3n laboral"}]},{"@type":"WebSite","@id":"https:\/\/www.ugtcomunicaciones.es\/wordpress\/#website","url":"https:\/\/www.ugtcomunicaciones.es\/wordpress\/","name":"UGT Comunicaciones","description":"Sindicato de Telecomunicaciones","publisher":{"@id":"https:\/\/www.ugtcomunicaciones.es\/wordpress\/#organization"},"potentialAction":[{"@type":"SearchAction","target":{"@type":"EntryPoint","urlTemplate":"https:\/\/www.ugtcomunicaciones.es\/wordpress\/?s={search_term_string}"},"query-input":{"@type":"PropertyValueSpecification","valueRequired":true,"valueName":"search_term_string"}}],"inLanguage":"es"},{"@type":"Organization","@id":"https:\/\/www.ugtcomunicaciones.es\/wordpress\/#organization","name":"UGT Comunicaciones","url":"https:\/\/www.ugtcomunicaciones.es\/wordpress\/","logo":{"@type":"ImageObject","inLanguage":"es","@id":"https:\/\/www.ugtcomunicaciones.es\/wordpress\/#\/schema\/logo\/image\/","url":"https:\/\/www.ugtcomunicaciones.es\/wordpress\/wp-content\/uploads\/2024\/04\/comunicaciones_logo.png","contentUrl":"https:\/\/www.ugtcomunicaciones.es\/wordpress\/wp-content\/uploads\/2024\/04\/comunicaciones_logo.png","width":298,"height":81,"caption":"UGT Comunicaciones"},"image":{"@id":"https:\/\/www.ugtcomunicaciones.es\/wordpress\/#\/schema\/logo\/image\/"},"sameAs":["https:\/\/www.facebook.com\/ugt.comunicaciones\/","https:\/\/x.com\/ugtcom"]},{"@type":"Person","@id":"https:\/\/www.ugtcomunicaciones.es\/wordpress\/#\/schema\/person\/eba0fc3fe5b444531d94d4368cba89ed","name":"UGT","image":{"@type":"ImageObject","inLanguage":"es","@id":"https:\/\/secure.gravatar.com\/avatar\/2a16057d620a4c646bcfc171c4f23030879ebbdd346f0525bd5d4a564e57e13d?s=96&d=mm&r=g","url":"https:\/\/secure.gravatar.com\/avatar\/2a16057d620a4c646bcfc171c4f23030879ebbdd346f0525bd5d4a564e57e13d?s=96&d=mm&r=g","contentUrl":"https:\/\/secure.gravatar.com\/avatar\/2a16057d620a4c646bcfc171c4f23030879ebbdd346f0525bd5d4a564e57e13d?s=96&d=mm&r=g","caption":"UGT"}}]}},"_links":{"self":[{"href":"https:\/\/www.ugtcomunicaciones.es\/wordpress\/wp-json\/wp\/v2\/posts\/1017721","targetHints":{"allow":["GET"]}}],"collection":[{"href":"https:\/\/www.ugtcomunicaciones.es\/wordpress\/wp-json\/wp\/v2\/posts"}],"about":[{"href":"https:\/\/www.ugtcomunicaciones.es\/wordpress\/wp-json\/wp\/v2\/types\/post"}],"author":[{"embeddable":true,"href":"https:\/\/www.ugtcomunicaciones.es\/wordpress\/wp-json\/wp\/v2\/users\/3"}],"replies":[{"embeddable":true,"href":"https:\/\/www.ugtcomunicaciones.es\/wordpress\/wp-json\/wp\/v2\/comments?post=1017721"}],"version-history":[{"count":0,"href":"https:\/\/www.ugtcomunicaciones.es\/wordpress\/wp-json\/wp\/v2\/posts\/1017721\/revisions"}],"wp:featuredmedia":[{"embeddable":true,"href":"https:\/\/www.ugtcomunicaciones.es\/wordpress\/wp-json\/wp\/v2\/media\/1017724"}],"wp:attachment":[{"href":"https:\/\/www.ugtcomunicaciones.es\/wordpress\/wp-json\/wp\/v2\/media?parent=1017721"}],"wp:term":[{"taxonomy":"category","embeddable":true,"href":"https:\/\/www.ugtcomunicaciones.es\/wordpress\/wp-json\/wp\/v2\/categories?post=1017721"},{"taxonomy":"post_tag","embeddable":true,"href":"https:\/\/www.ugtcomunicaciones.es\/wordpress\/wp-json\/wp\/v2\/tags?post=1017721"}],"curies":[{"name":"wp","href":"https:\/\/api.w.org\/{rel}","templated":true}]}}