{"id":1017736,"date":"2022-06-27T07:00:33","date_gmt":"2022-06-27T05:00:33","guid":{"rendered":"https:\/\/www.ugtcomunicaciones.es\/wordpress\/?p=1017736"},"modified":"2022-06-21T10:27:54","modified_gmt":"2022-06-21T08:27:54","slug":"llega-la-red-unica-a-italia-mientras-tim-plantea-10-000-despidos","status":"publish","type":"post","link":"https:\/\/www.ugtcomunicaciones.es\/wordpress\/llega-la-red-unica-a-italia-mientras-tim-plantea-10-000-despidos\/","title":{"rendered":"Llega la red \u00fanica a Italia, mientras TIM plantea 10.000 despidos"},"content":{"rendered":"<p style=\"text-align: justify;\">El convulso sector de las telecomunicaciones italiano quema una nueva etapa, otra m\u00e1s dentro de su particular calvario de fracasos y malas pr\u00e1cticas, formando lo que ya hace unos a\u00f1os describimos como un \u201cavispero<sup class=\"modern-footnotes-footnote \" data-mfn=\"1\" data-mfn-post-scope=\"00000000000041470000000000000000_1017736\"><a href=\"javascript:void(0)\"  role=\"button\" aria-pressed=\"false\" aria-describedby=\"mfn-content-00000000000041470000000000000000_1017736-1\">1<\/a><\/sup><span id=\"mfn-content-00000000000041470000000000000000_1017736-1\" role=\"tooltip\" class=\"modern-footnotes-footnote__note\" tabindex=\"0\" data-mfn=\"1\"><a href=\"https:\/\/www.ugtcomunicaciones.es\/wordpress\/el-avispero-de-telecom-italia\" target=\"_blank\" rel=\"noopener\">https:\/\/www.ugtcomunicaciones.es\/wordpress\/el-avispero-de-telecom-italia<\/a>\/<\/span>\u201d.<\/p>\n<p style=\"text-align: justify;\">Cuando hablamos de malas pr\u00e1cticas, inevitablemente nos viene a la memoria la<img decoding=\"async\" class=\"size-full wp-image-1017746 alignright lazyload\" data-src=\"https:\/\/www.ugtcomunicaciones.es\/wordpress\/wp-content\/uploads\/2022\/06\/TIM-1.jpg\" alt=\"\" width=\"224\" height=\"81\" src=\"data:image\/svg+xml;base64,PHN2ZyB3aWR0aD0iMSIgaGVpZ2h0PSIxIiB4bWxucz0iaHR0cDovL3d3dy53My5vcmcvMjAwMC9zdmciPjwvc3ZnPg==\" style=\"--smush-placeholder-width: 224px; --smush-placeholder-aspect-ratio: 224\/81;\" \/> ocurrencia de las 13 facturas al a\u00f1o<sup class=\"modern-footnotes-footnote \" data-mfn=\"2\" data-mfn-post-scope=\"00000000000041470000000000000000_1017736\"><a href=\"javascript:void(0)\"  role=\"button\" aria-pressed=\"false\" aria-describedby=\"mfn-content-00000000000041470000000000000000_1017736-2\">2<\/a><\/sup><span id=\"mfn-content-00000000000041470000000000000000_1017736-2\" role=\"tooltip\" class=\"modern-footnotes-footnote__note\" tabindex=\"0\" data-mfn=\"2\"><a href=\"https:\/\/www.ugtcomunicaciones.es\/wordpress\/italia-multa-operadoras-facturar-13-veces-al-ano\/\" target=\"_blank\" rel=\"noopener\">https:\/\/www.ugtcomunicaciones.es\/wordpress\/italia-multa-operadoras-facturar-13-veces-al-ano\/<\/a><\/span>, sin olvidar el populista<sup class=\"modern-footnotes-footnote \" data-mfn=\"3\" data-mfn-post-scope=\"00000000000041470000000000000000_1017736\"><a href=\"javascript:void(0)\"  role=\"button\" aria-pressed=\"false\" aria-describedby=\"mfn-content-00000000000041470000000000000000_1017736-3\">3<\/a><\/sup><span id=\"mfn-content-00000000000041470000000000000000_1017736-3\" role=\"tooltip\" class=\"modern-footnotes-footnote__note\" tabindex=\"0\" data-mfn=\"3\"><a href=\"https:\/\/www.ugtcomunicaciones.es\/wordpress\/el-populismo-italiano-llega-a-las-telecos\/\" target=\"_blank\" rel=\"noopener\">https:\/\/www.ugtcomunicaciones.es\/wordpress\/el-populismo-italiano-llega-a-las-telecos\/<\/a><\/span> \u201ctodo gratis\u201d que campaba por la bota de Europa. Y cuando hablamos de fracaso, el de no ser capaces de construir una competencia sana en fibra \u00f3ptica, lo que le lleva a situarse por debajo de la media europea en hogares pasados por fibra y a la cola de la UE27 en fibra \u00f3ptica rural<sup class=\"modern-footnotes-footnote \" data-mfn=\"4\" data-mfn-post-scope=\"00000000000041470000000000000000_1017736\"><a href=\"javascript:void(0)\"  role=\"button\" aria-pressed=\"false\" aria-describedby=\"mfn-content-00000000000041470000000000000000_1017736-4\">4<\/a><\/sup><span id=\"mfn-content-00000000000041470000000000000000_1017736-4\" role=\"tooltip\" class=\"modern-footnotes-footnote__note\" tabindex=\"0\" data-mfn=\"4\"><a href=\"https:\/\/www.ugtcomunicaciones.es\/wordpress\/espana-continua-liderando-la-fibra-europea\/\" target=\"_blank\" rel=\"noopener\">https:\/\/www.ugtcomunicaciones.es\/wordpress\/espana-continua-liderando-la-fibra-europea\/<\/a><\/span>, en medio de severas acusaciones<sup class=\"modern-footnotes-footnote \" data-mfn=\"5\" data-mfn-post-scope=\"00000000000041470000000000000000_1017736\"><a href=\"javascript:void(0)\"  role=\"button\" aria-pressed=\"false\" aria-describedby=\"mfn-content-00000000000041470000000000000000_1017736-5\">5<\/a><\/sup><span id=\"mfn-content-00000000000041470000000000000000_1017736-5\" role=\"tooltip\" class=\"modern-footnotes-footnote__note\" tabindex=\"0\" data-mfn=\"5\"><a href=\"https:\/\/www.ugtcomunicaciones.es\/wordpress\/multa-de-116me-a-telecom-italia-por-obstaculizar-el-despliegue-de-fibra-de-sus-competidores\/\" target=\"_blank\" rel=\"noopener\">https:\/\/www.ugtcomunicaciones.es\/wordpress\/multa-de-116me-a-telecom-italia-por-obstaculizar-el-despliegue-de-fibra-de-sus-competidores\/<\/a><\/span> de zancadillas empresariales entre competidores<sup class=\"modern-footnotes-footnote \" data-mfn=\"6\" data-mfn-post-scope=\"00000000000041470000000000000000_1017736\"><a href=\"javascript:void(0)\"  role=\"button\" aria-pressed=\"false\" aria-describedby=\"mfn-content-00000000000041470000000000000000_1017736-6\">6<\/a><\/sup><span id=\"mfn-content-00000000000041470000000000000000_1017736-6\" role=\"tooltip\" class=\"modern-footnotes-footnote__note\" tabindex=\"0\" data-mfn=\"6\"><a href=\"https:\/\/www.ugtcomunicaciones.es\/wordpress\/trifurca-italia-cuenta-las-zonas-blancas\/\" target=\"_blank\" rel=\"noopener\">https:\/\/www.ugtcomunicaciones.es\/wordpress\/trifurca-italia-cuenta-las-zonas-blancas\/<\/a><\/span>. Tantos a\u00f1os de torpezas dan paso a una nueva \u00e9poca, marcada por los despidos y la creaci\u00f3n de una nueva operadora que aglutinar\u00e1 una red \u00fanica estatal de fibra \u00f3ptica.<\/p>\n<p style=\"text-align: justify;\">Lo advertimos hace ahora un a\u00f1o<sup class=\"modern-footnotes-footnote \" data-mfn=\"7\" data-mfn-post-scope=\"00000000000041470000000000000000_1017736\"><a href=\"javascript:void(0)\"  role=\"button\" aria-pressed=\"false\" aria-describedby=\"mfn-content-00000000000041470000000000000000_1017736-7\">7<\/a><\/sup><span id=\"mfn-content-00000000000041470000000000000000_1017736-7\" role=\"tooltip\" class=\"modern-footnotes-footnote__note\" tabindex=\"0\" data-mfn=\"7\"><a href=\"https:\/\/www.ugtcomunicaciones.es\/wordpress\/italia-acaricia-la-idea-de-una-red-unica-de-fibra\/\" target=\"_blank\" rel=\"noopener\">https:\/\/www.ugtcomunicaciones.es\/wordpress\/italia-acaricia-la-idea-de-una-red-unica-de-fibra\/<\/a><\/span> y acaba de consolidarse: TIM (ante Telecom Italia), escindir\u00e1 su red fija para fusionarla con la de Enel (Open Fiber), a trav\u00e9s de un proyecto dirigido por el gobierno a trav\u00e9s del fondo de inversi\u00f3n p\u00fablico CDP (un banco de inversi\u00f3n que originalmente fue creado para financiar obras p\u00fablicas como carreteras y obras hidr\u00e1ulicas durante el reinado de\u00a0V\u00edctor Emmanuel II de Italia<sup class=\"modern-footnotes-footnote \" data-mfn=\"8\" data-mfn-post-scope=\"00000000000041470000000000000000_1017736\"><a href=\"javascript:void(0)\"  role=\"button\" aria-pressed=\"false\" aria-describedby=\"mfn-content-00000000000041470000000000000000_1017736-8\">8<\/a><\/sup><span id=\"mfn-content-00000000000041470000000000000000_1017736-8\" role=\"tooltip\" class=\"modern-footnotes-footnote__note\" tabindex=\"0\" data-mfn=\"8\"><a href=\"https:\/\/en.wikipedia.org\/wiki\/Cassa_Depositi_e_Prestiti\" target=\"_blank\" rel=\"noopener\">https:\/\/en.wikipedia.org\/wiki\/Cassa_Depositi_e_Prestiti<\/a><\/span>).<\/p>\n<p style=\"text-align: justify;\">Si bien las conversaciones para la creaci\u00f3n de tal red \u00fanica controlada por el Gobierno llevaban a\u00f1os en curso, solo despu\u00e9s de la OPA del fondo KKR sobre TIM se alcanz\u00f3 un acuerdo<sup class=\"modern-footnotes-footnote \" data-mfn=\"9\" data-mfn-post-scope=\"00000000000041470000000000000000_1017736\"><a href=\"javascript:void(0)\"  role=\"button\" aria-pressed=\"false\" aria-describedby=\"mfn-content-00000000000041470000000000000000_1017736-9\">9<\/a><\/sup><span id=\"mfn-content-00000000000041470000000000000000_1017736-9\" role=\"tooltip\" class=\"modern-footnotes-footnote__note\" tabindex=\"0\" data-mfn=\"9\"><a href=\"https:\/\/elpais.com\/economia\/2021-11-22\/la-opa-de-kkr-por-telecom-italia-choca-con-la-resistencia-de-vivendi-y-el-gobierno.html\" target=\"_blank\" rel=\"noopener\">https:\/\/elpais.com\/economia\/2021-11-22\/la-opa-de-kkr-por-telecom-italia-choca-con-la-resistencia-de-vivendi-y-el-gobierno.html<\/a><\/span>. La posibilidad de que la empresa de capital riesgo norteamericana controlase a TIM gener\u00f3 una tremenda controversia en Italia, lo que enjuag\u00f3 el acuerdo en solo unos meses. En teor\u00eda -porque si por algo es conocida la pol\u00edtica italiana, es que todo es te\u00f3rico hasta que fructifica-, la nueva empresa quedar\u00eda con un accionariado controlado por CDP (70-77%) y completado por Macquarie y KKR (12-15% y 10-13%, respectivamente) y Fastweb (Swisscom, 1-1,5%<sup class=\"modern-footnotes-footnote \" data-mfn=\"10\" data-mfn-post-scope=\"00000000000041470000000000000000_1017736\"><a href=\"javascript:void(0)\"  role=\"button\" aria-pressed=\"false\" aria-describedby=\"mfn-content-00000000000041470000000000000000_1017736-10\">10<\/a><\/sup><span id=\"mfn-content-00000000000041470000000000000000_1017736-10\" role=\"tooltip\" class=\"modern-footnotes-footnote__note\" tabindex=\"0\" data-mfn=\"10\"><a href=\"https:\/\/www.reuters.com\/markets\/europe\/italys-cdp-have-70-77-combined-broadband-network-under-mou-paper-2022-05-31\/\" target=\"_blank\" rel=\"noopener\">https:\/\/www.reuters.com\/markets\/europe\/italys-cdp-have-70-77-combined-broadband-network-under-mou-paper-2022-05-31\/<\/a><\/span>). Por esta venta, TIM espera recaudar 20.000 millones de euros<sup class=\"modern-footnotes-footnote \" data-mfn=\"11\" data-mfn-post-scope=\"00000000000041470000000000000000_1017736\"><a href=\"javascript:void(0)\"  role=\"button\" aria-pressed=\"false\" aria-describedby=\"mfn-content-00000000000041470000000000000000_1017736-11\">11<\/a><\/sup><span id=\"mfn-content-00000000000041470000000000000000_1017736-11\" role=\"tooltip\" class=\"modern-footnotes-footnote__note\" tabindex=\"0\" data-mfn=\"11\"><a href=\"https:\/\/www.infobae.com\/america\/agencias\/2022\/06\/01\/la-italiana-tim-pone-precio-de-20000-millones-de-euros-a-su-red-fija\/\" target=\"_blank\" rel=\"noopener\">https:\/\/www.infobae.com\/america\/agencias\/2022\/06\/01\/la-italiana-tim-pone-precio-de-20000-millones-de-euros-a-su-red-fija\/<\/a><\/span>, que le ayudar\u00edan a paliar su elevada deuda (23.000 M\u20ac<sup class=\"modern-footnotes-footnote \" data-mfn=\"12\" data-mfn-post-scope=\"00000000000041470000000000000000_1017736\"><a href=\"javascript:void(0)\"  role=\"button\" aria-pressed=\"false\" aria-describedby=\"mfn-content-00000000000041470000000000000000_1017736-12\">12<\/a><\/sup><span id=\"mfn-content-00000000000041470000000000000000_1017736-12\" role=\"tooltip\" class=\"modern-footnotes-footnote__note\" tabindex=\"0\" data-mfn=\"12\"><a href=\"https:\/\/cincodias.elpais.com\/cincodias\/2022\/06\/05\/companias\/1654436166_299523.html\" target=\"_blank\" rel=\"noopener\">https:\/\/cincodias.elpais.com\/cincodias\/2022\/06\/05\/companias\/1654436166_299523.html<\/a><\/span>), aunque el otro accionista de referencia en la actualidad, Vivendi<sup class=\"modern-footnotes-footnote \" data-mfn=\"13\" data-mfn-post-scope=\"00000000000041470000000000000000_1017736\"><a href=\"javascript:void(0)\"  role=\"button\" aria-pressed=\"false\" aria-describedby=\"mfn-content-00000000000041470000000000000000_1017736-13\">13<\/a><\/sup><span id=\"mfn-content-00000000000041470000000000000000_1017736-13\" role=\"tooltip\" class=\"modern-footnotes-footnote__note\" tabindex=\"0\" data-mfn=\"13\"><a href=\"https:\/\/es.euronews.com\/next\/2022\/06\/01\/italia-banda-ancha-vivendi-ceo\" target=\"_blank\" rel=\"noopener\">https:\/\/es.euronews.com\/next\/2022\/06\/01\/italia-banda-ancha-vivendi-ceo<\/a><\/span>, no parece convencerle la operaci\u00f3n.<\/p>\n<p style=\"text-align: justify;\">La creaci\u00f3n de esta red \u00fanica, si bien es dif\u00edcil predecir si cumplir\u00e1 con el objetivo primigenio (ponerse a la altura del resto de Europa en infraestructuras digitales de vanguardia) s\u00ed tendr\u00e1 nefastas consecuencias sobre el empleo. Los sindicatos m\u00e1s presentativos en TIM, aun estando de acuerdo en la necesidad de reordenar la compa\u00f1\u00eda fusion\u00e1ndola con Open Fiber<sup class=\"modern-footnotes-footnote \" data-mfn=\"14\" data-mfn-post-scope=\"00000000000041470000000000000000_1017736\"><a href=\"javascript:void(0)\"  role=\"button\" aria-pressed=\"false\" aria-describedby=\"mfn-content-00000000000041470000000000000000_1017736-14\">14<\/a><\/sup><span id=\"mfn-content-00000000000041470000000000000000_1017736-14\" role=\"tooltip\" class=\"modern-footnotes-footnote__note\" tabindex=\"0\" data-mfn=\"14\"><a href=\"https:\/\/www.slc-cgil.it\/notizie-tlc-ed-emittenza\/3748-rete-unica-solari-scelta-di-buon-senso-ma-modalita-potenzialmente-pericolosa.html\" target=\"_blank\" rel=\"noopener\">https:\/\/www.slc-cgil.it\/notizie-tlc-ed-emittenza\/3748-rete-unica-solari-scelta-di-buon-senso-ma-modalita-potenzialmente-pericolosa.html<\/a><\/span>, sospechan que detr\u00e1s de este movimiento habr\u00e1 una nueva oleada de despidos (ya hubo 4.300 antes de la pandemia<sup class=\"modern-footnotes-footnote \" data-mfn=\"15\" data-mfn-post-scope=\"00000000000041470000000000000000_1017736\"><a href=\"javascript:void(0)\"  role=\"button\" aria-pressed=\"false\" aria-describedby=\"mfn-content-00000000000041470000000000000000_1017736-15\">15<\/a><\/sup><span id=\"mfn-content-00000000000041470000000000000000_1017736-15\" role=\"tooltip\" class=\"modern-footnotes-footnote__note\" tabindex=\"0\" data-mfn=\"15\"><a href=\"https:\/\/www.ugtcomunicaciones.es\/wordpress\/nueva-oleada-de-despidos-65-000-en-todo-el-mundo-2\/\" target=\"_blank\" rel=\"noopener\">https:\/\/www.ugtcomunicaciones.es\/wordpress\/nueva-oleada-de-despidos-65-000-en-todo-el-mundo-2\/<\/a><\/span> y existen rumores para formalizar otros 1.200 en noviembre<sup class=\"modern-footnotes-footnote \" data-mfn=\"16\" data-mfn-post-scope=\"00000000000041470000000000000000_1017736\"><a href=\"javascript:void(0)\"  role=\"button\" aria-pressed=\"false\" aria-describedby=\"mfn-content-00000000000041470000000000000000_1017736-16\">16<\/a><\/sup><span id=\"mfn-content-00000000000041470000000000000000_1017736-16\" role=\"tooltip\" class=\"modern-footnotes-footnote__note\" tabindex=\"0\" data-mfn=\"16\"><a href=\"https:\/\/www.telesemana.com\/blog\/2022\/06\/07\/tim-1-200-despidos-reduccion-de-deuda-y-la-expectativa-de-avanzar-con-la-red-unica-de-banda-ancha\/\" target=\"_blank\" rel=\"noopener\">https:\/\/www.telesemana.com\/blog\/2022\/06\/07\/tim-1-200-despidos-reduccion-de-deuda-y-la-expectativa-de-avanzar-con-la-red-unica-de-banda-ancha\/<\/a>, <a href=\"https:\/\/www.reuters.com\/business\/media-telecom\/italys-tim-seeks-up-1200-job-cuts-by-early-retirement-scheme-by-november-sources-2022-06-07\/\" target=\"_blank\" rel=\"noopener\">https:\/\/www.reuters.com\/business\/media-telecom\/italys-tim-seeks-up-1200-job-cuts-by-early-retirement-scheme-by-november-sources-2022-06-07\/<\/a><\/span>).<\/p>\n<p style=\"text-align: justify;\">En concreto, se estima que estar\u00edamos hasta 10.000 despidos en Telecom Italia<sup class=\"modern-footnotes-footnote \" data-mfn=\"17\" data-mfn-post-scope=\"00000000000041470000000000000000_1017736\"><a href=\"javascript:void(0)\"  role=\"button\" aria-pressed=\"false\" aria-describedby=\"mfn-content-00000000000041470000000000000000_1017736-17\">17<\/a><\/sup><span id=\"mfn-content-00000000000041470000000000000000_1017736-17\" role=\"tooltip\" class=\"modern-footnotes-footnote__note\" tabindex=\"0\" data-mfn=\"17\"><a href=\"https:\/\/www.lavanguardia.com\/vida\/20220412\/8195543\/sindicatos-italianos-temen-10-000-despidos-reorganizacion-tim.html\" target=\"_blank\" rel=\"noopener\">https:\/\/www.lavanguardia.com\/vida\/20220412\/8195543\/sindicatos-italianos-temen-10-000-despidos-reorganizacion-tim.html<\/a><\/span>, otrora un referente en el mercado de telecos en Europa y que fue hasta cortejada por Telef\u00f3nica en 2010 para celebrar una posible fusi\u00f3n<sup class=\"modern-footnotes-footnote \" data-mfn=\"18\" data-mfn-post-scope=\"00000000000041470000000000000000_1017736\"><a href=\"javascript:void(0)\"  role=\"button\" aria-pressed=\"false\" aria-describedby=\"mfn-content-00000000000041470000000000000000_1017736-18\">18<\/a><\/sup><span id=\"mfn-content-00000000000041470000000000000000_1017736-18\" role=\"tooltip\" class=\"modern-footnotes-footnote__note\" tabindex=\"0\" data-mfn=\"18\"><a href=\"https:\/\/www.lainformacion.com\/economia-negocios-y-finanzas\/el-gobierno-italiano-niega-que-haya-autorizado-la-fusion-telefonica-telecom_sRQpbL7c88boB9z5aWTEy4\/\" target=\"_blank\" rel=\"noopener\">https:\/\/www.lainformacion.com\/economia-negocios-y-finanzas\/el-gobierno-italiano-niega-que-haya-autorizado-la-fusion-telefonica-telecom_sRQpbL7c88boB9z5aWTEy4\/<\/a><\/span>. En palabras de los principales sindicatos sitos en la operadora, una \u201cmasacre<sup class=\"modern-footnotes-footnote \" data-mfn=\"19\" data-mfn-post-scope=\"00000000000041470000000000000000_1017736\"><a href=\"javascript:void(0)\"  role=\"button\" aria-pressed=\"false\" aria-describedby=\"mfn-content-00000000000041470000000000000000_1017736-19\">19<\/a><\/sup><span id=\"mfn-content-00000000000041470000000000000000_1017736-19\" role=\"tooltip\" class=\"modern-footnotes-footnote__note\" tabindex=\"0\" data-mfn=\"19\"><a href=\"https:\/\/www.slc-cgil.it\/notizie-tlc-ed-emittenza\/3702-tim-tanto-tuono-che-piovve.html\" target=\"_blank\" rel=\"noopener\">https:\/\/www.slc-cgil.it\/notizie-tlc-ed-emittenza\/3702-tim-tanto-tuono-che-piovve.html<\/a><\/span>\u201d laboral, que ha llevado a convocar masivas acciones de repulsa<sup class=\"modern-footnotes-footnote \" data-mfn=\"20\" data-mfn-post-scope=\"00000000000041470000000000000000_1017736\"><a href=\"javascript:void(0)\"  role=\"button\" aria-pressed=\"false\" aria-describedby=\"mfn-content-00000000000041470000000000000000_1017736-20\">20<\/a><\/sup><span id=\"mfn-content-00000000000041470000000000000000_1017736-20\" role=\"tooltip\" class=\"modern-footnotes-footnote__note\" tabindex=\"0\" data-mfn=\"20\"><a href=\"https:\/\/www.slc-cgil.it\/notizie-tlc-ed-emittenza\/3744-tim-proclamato-lo-sciopero-nazionale.html\" target=\"_blank\" rel=\"noopener\">https:\/\/www.slc-cgil.it\/notizie-tlc-ed-emittenza\/3744-tim-proclamato-lo-sciopero-nazionale.html<\/a>,\u00a0 <a href=\"https:\/\/www.uilcom.it\/index.php\/settori\/telecomunicazioni\/1100-gruppo-tim_1100\" target=\"_blank\" rel=\"noopener\">https:\/\/www.uilcom.it\/index.php\/settori\/telecomunicazioni\/1100-gruppo-tim_1100<\/a><\/span>. Y todo esto acontece mientras la principal rival de TIM, la citada Open Fiber, asegura sufrir \u201cuna aguda escasez de personal\u201d y necesitar \u201calrededor de 8.000 trabajadores, incluidos t\u00e9cnicos para tender cables de fibra \u00f3ptica, para este a\u00f1o<sup class=\"modern-footnotes-footnote \" data-mfn=\"21\" data-mfn-post-scope=\"00000000000041470000000000000000_1017736\"><a href=\"javascript:void(0)\"  role=\"button\" aria-pressed=\"false\" aria-describedby=\"mfn-content-00000000000041470000000000000000_1017736-21\">21<\/a><\/sup><span id=\"mfn-content-00000000000041470000000000000000_1017736-21\" role=\"tooltip\" class=\"modern-footnotes-footnote__note\" tabindex=\"0\" data-mfn=\"21\"><a href=\"https:\/\/www.reuters.com\/article\/open-fiber-ceo\/update-1-italys-open-fiber-sees-scope-for-network-deal-with-tim-by-october-idINL8N2XX3FV\" target=\"_blank\" rel=\"noopener\">https:\/\/www.reuters.com\/article\/open-fiber-ceo\/update-1-italys-open-fiber-sees-scope-for-network-deal-with-tim-by-october-idINL8N2XX3FV<\/a><\/span>\u201d. Un sinsentido t\u00edpico de tierras transalpinas.<\/p>\n<h4 style=\"text-align: right;\"><strong><span style=\"color: #ff0000;\">UGT<\/span> Comunicaciones<\/strong><\/h4>\n<p>&nbsp;<\/p>\n<p><a href=\"#_ftnref1\" name=\"_ftn1\"><\/a><\/p>\n","protected":false},"excerpt":{"rendered":"<p>El convulso sector de las telecomunicaciones italiano quema una nueva etapa, otra m\u00e1s dentro de su particular calvario de fracasos y malas pr\u00e1cticas, formando lo que ya hace unos a\u00f1os describimos como un \u201cavispero\u201d. Cuando hablamos de malas pr\u00e1cticas, inevitablemente nos viene a la memoria la ocurrencia de las 13 facturas al a\u00f1o, sin olvidar [&hellip;]<\/p>\n","protected":false},"author":3,"featured_media":1017756,"comment_status":"closed","ping_status":"closed","sticky":false,"template":"","format":"standard","meta":{"footnotes":""},"categories":[14,12],"tags":[],"class_list":["post-1017736","post","type-post","status-publish","format-standard","has-post-thumbnail","hentry","category-opinion","category-regulacion"],"yoast_head":"<!-- This site is optimized with the Yoast SEO Premium plugin v27.3 (Yoast SEO v27.4) - https:\/\/yoast.com\/product\/yoast-seo-premium-wordpress\/ -->\n<title>Llega la red \u00fanica a Italia, mientras TIM plantea 10.000 despidos - UGT Comunicaciones<\/title>\n<meta name=\"robots\" content=\"index, follow, max-snippet:-1, max-image-preview:large, max-video-preview:-1\" \/>\n<link rel=\"canonical\" href=\"https:\/\/www.ugtcomunicaciones.es\/wordpress\/llega-la-red-unica-a-italia-mientras-tim-plantea-10-000-despidos\/\" \/>\n<meta property=\"og:locale\" content=\"es_ES\" \/>\n<meta property=\"og:type\" content=\"article\" \/>\n<meta property=\"og:title\" content=\"Llega la red \u00fanica a Italia, mientras TIM plantea 10.000 despidos\" \/>\n<meta property=\"og:description\" content=\"El convulso sector de las telecomunicaciones italiano quema una nueva etapa, otra m\u00e1s dentro de su particular calvario de fracasos y malas pr\u00e1cticas, formando lo que ya hace unos a\u00f1os describimos como un \u201cavispero\u201d. Cuando hablamos de malas pr\u00e1cticas, inevitablemente nos viene a la memoria la ocurrencia de las 13 facturas al a\u00f1o, sin olvidar [&hellip;]\" \/>\n<meta property=\"og:url\" content=\"https:\/\/www.ugtcomunicaciones.es\/wordpress\/llega-la-red-unica-a-italia-mientras-tim-plantea-10-000-despidos\/\" \/>\n<meta property=\"og:site_name\" content=\"UGT Comunicaciones\" \/>\n<meta property=\"article:publisher\" content=\"https:\/\/www.facebook.com\/ugt.comunicaciones\/\" \/>\n<meta property=\"article:published_time\" content=\"2022-06-27T05:00:33+00:00\" \/>\n<meta property=\"og:image\" content=\"https:\/\/www.ugtcomunicaciones.es\/wordpress\/wp-content\/uploads\/2022\/06\/TIM-2.jpg\" \/>\n\t<meta property=\"og:image:width\" content=\"600\" \/>\n\t<meta property=\"og:image:height\" content=\"449\" \/>\n\t<meta property=\"og:image:type\" content=\"image\/jpeg\" \/>\n<meta name=\"author\" content=\"UGT\" \/>\n<meta name=\"twitter:card\" content=\"summary_large_image\" \/>\n<meta name=\"twitter:creator\" content=\"@ugtcom\" \/>\n<meta name=\"twitter:site\" content=\"@ugtcom\" \/>\n<meta name=\"twitter:label1\" content=\"Escrito por\" \/>\n\t<meta name=\"twitter:data1\" content=\"UGT\" \/>\n\t<meta name=\"twitter:label2\" content=\"Tiempo de lectura\" \/>\n\t<meta name=\"twitter:data2\" content=\"3 minutos\" \/>\n<script type=\"application\/ld+json\" class=\"yoast-schema-graph\">{\"@context\":\"https:\\\/\\\/schema.org\",\"@graph\":[{\"@type\":\"Article\",\"@id\":\"https:\\\/\\\/www.ugtcomunicaciones.es\\\/wordpress\\\/llega-la-red-unica-a-italia-mientras-tim-plantea-10-000-despidos\\\/#article\",\"isPartOf\":{\"@id\":\"https:\\\/\\\/www.ugtcomunicaciones.es\\\/wordpress\\\/llega-la-red-unica-a-italia-mientras-tim-plantea-10-000-despidos\\\/\"},\"author\":{\"name\":\"UGT\",\"@id\":\"https:\\\/\\\/www.ugtcomunicaciones.es\\\/wordpress\\\/#\\\/schema\\\/person\\\/eba0fc3fe5b444531d94d4368cba89ed\"},\"headline\":\"Llega la red \u00fanica a Italia, mientras TIM plantea 10.000 despidos\",\"datePublished\":\"2022-06-27T05:00:33+00:00\",\"mainEntityOfPage\":{\"@id\":\"https:\\\/\\\/www.ugtcomunicaciones.es\\\/wordpress\\\/llega-la-red-unica-a-italia-mientras-tim-plantea-10-000-despidos\\\/\"},\"wordCount\":813,\"publisher\":{\"@id\":\"https:\\\/\\\/www.ugtcomunicaciones.es\\\/wordpress\\\/#organization\"},\"image\":{\"@id\":\"https:\\\/\\\/www.ugtcomunicaciones.es\\\/wordpress\\\/llega-la-red-unica-a-italia-mientras-tim-plantea-10-000-despidos\\\/#primaryimage\"},\"thumbnailUrl\":\"https:\\\/\\\/www.ugtcomunicaciones.es\\\/wordpress\\\/wp-content\\\/uploads\\\/2022\\\/06\\\/TIM-2.jpg\",\"articleSection\":[\"Opini\u00f3n\",\"Regulaci\u00f3n\"],\"inLanguage\":\"es\"},{\"@type\":\"WebPage\",\"@id\":\"https:\\\/\\\/www.ugtcomunicaciones.es\\\/wordpress\\\/llega-la-red-unica-a-italia-mientras-tim-plantea-10-000-despidos\\\/\",\"url\":\"https:\\\/\\\/www.ugtcomunicaciones.es\\\/wordpress\\\/llega-la-red-unica-a-italia-mientras-tim-plantea-10-000-despidos\\\/\",\"name\":\"Llega la red \u00fanica a Italia, mientras TIM plantea 10.000 despidos - UGT Comunicaciones\",\"isPartOf\":{\"@id\":\"https:\\\/\\\/www.ugtcomunicaciones.es\\\/wordpress\\\/#website\"},\"primaryImageOfPage\":{\"@id\":\"https:\\\/\\\/www.ugtcomunicaciones.es\\\/wordpress\\\/llega-la-red-unica-a-italia-mientras-tim-plantea-10-000-despidos\\\/#primaryimage\"},\"image\":{\"@id\":\"https:\\\/\\\/www.ugtcomunicaciones.es\\\/wordpress\\\/llega-la-red-unica-a-italia-mientras-tim-plantea-10-000-despidos\\\/#primaryimage\"},\"thumbnailUrl\":\"https:\\\/\\\/www.ugtcomunicaciones.es\\\/wordpress\\\/wp-content\\\/uploads\\\/2022\\\/06\\\/TIM-2.jpg\",\"datePublished\":\"2022-06-27T05:00:33+00:00\",\"breadcrumb\":{\"@id\":\"https:\\\/\\\/www.ugtcomunicaciones.es\\\/wordpress\\\/llega-la-red-unica-a-italia-mientras-tim-plantea-10-000-despidos\\\/#breadcrumb\"},\"inLanguage\":\"es\",\"potentialAction\":[{\"@type\":\"ReadAction\",\"target\":[\"https:\\\/\\\/www.ugtcomunicaciones.es\\\/wordpress\\\/llega-la-red-unica-a-italia-mientras-tim-plantea-10-000-despidos\\\/\"]}]},{\"@type\":\"ImageObject\",\"inLanguage\":\"es\",\"@id\":\"https:\\\/\\\/www.ugtcomunicaciones.es\\\/wordpress\\\/llega-la-red-unica-a-italia-mientras-tim-plantea-10-000-despidos\\\/#primaryimage\",\"url\":\"https:\\\/\\\/www.ugtcomunicaciones.es\\\/wordpress\\\/wp-content\\\/uploads\\\/2022\\\/06\\\/TIM-2.jpg\",\"contentUrl\":\"https:\\\/\\\/www.ugtcomunicaciones.es\\\/wordpress\\\/wp-content\\\/uploads\\\/2022\\\/06\\\/TIM-2.jpg\",\"width\":600,\"height\":449},{\"@type\":\"BreadcrumbList\",\"@id\":\"https:\\\/\\\/www.ugtcomunicaciones.es\\\/wordpress\\\/llega-la-red-unica-a-italia-mientras-tim-plantea-10-000-despidos\\\/#breadcrumb\",\"itemListElement\":[{\"@type\":\"ListItem\",\"position\":1,\"name\":\"Portada\",\"item\":\"https:\\\/\\\/www.ugtcomunicaciones.es\\\/wordpress\\\/\"},{\"@type\":\"ListItem\",\"position\":2,\"name\":\"Llega la red \u00fanica a Italia, mientras TIM plantea 10.000 despidos\"}]},{\"@type\":\"WebSite\",\"@id\":\"https:\\\/\\\/www.ugtcomunicaciones.es\\\/wordpress\\\/#website\",\"url\":\"https:\\\/\\\/www.ugtcomunicaciones.es\\\/wordpress\\\/\",\"name\":\"UGT Comunicaciones\",\"description\":\"Sindicato de Telecomunicaciones\",\"publisher\":{\"@id\":\"https:\\\/\\\/www.ugtcomunicaciones.es\\\/wordpress\\\/#organization\"},\"potentialAction\":[{\"@type\":\"SearchAction\",\"target\":{\"@type\":\"EntryPoint\",\"urlTemplate\":\"https:\\\/\\\/www.ugtcomunicaciones.es\\\/wordpress\\\/?s={search_term_string}\"},\"query-input\":{\"@type\":\"PropertyValueSpecification\",\"valueRequired\":true,\"valueName\":\"search_term_string\"}}],\"inLanguage\":\"es\"},{\"@type\":\"Organization\",\"@id\":\"https:\\\/\\\/www.ugtcomunicaciones.es\\\/wordpress\\\/#organization\",\"name\":\"UGT Comunicaciones\",\"url\":\"https:\\\/\\\/www.ugtcomunicaciones.es\\\/wordpress\\\/\",\"logo\":{\"@type\":\"ImageObject\",\"inLanguage\":\"es\",\"@id\":\"https:\\\/\\\/www.ugtcomunicaciones.es\\\/wordpress\\\/#\\\/schema\\\/logo\\\/image\\\/\",\"url\":\"https:\\\/\\\/www.ugtcomunicaciones.es\\\/wordpress\\\/wp-content\\\/uploads\\\/2024\\\/04\\\/comunicaciones_logo.png\",\"contentUrl\":\"https:\\\/\\\/www.ugtcomunicaciones.es\\\/wordpress\\\/wp-content\\\/uploads\\\/2024\\\/04\\\/comunicaciones_logo.png\",\"width\":298,\"height\":81,\"caption\":\"UGT Comunicaciones\"},\"image\":{\"@id\":\"https:\\\/\\\/www.ugtcomunicaciones.es\\\/wordpress\\\/#\\\/schema\\\/logo\\\/image\\\/\"},\"sameAs\":[\"https:\\\/\\\/www.facebook.com\\\/ugt.comunicaciones\\\/\",\"https:\\\/\\\/x.com\\\/ugtcom\"]},{\"@type\":\"Person\",\"@id\":\"https:\\\/\\\/www.ugtcomunicaciones.es\\\/wordpress\\\/#\\\/schema\\\/person\\\/eba0fc3fe5b444531d94d4368cba89ed\",\"name\":\"UGT\",\"image\":{\"@type\":\"ImageObject\",\"inLanguage\":\"es\",\"@id\":\"https:\\\/\\\/secure.gravatar.com\\\/avatar\\\/2a16057d620a4c646bcfc171c4f23030879ebbdd346f0525bd5d4a564e57e13d?s=96&d=mm&r=g\",\"url\":\"https:\\\/\\\/secure.gravatar.com\\\/avatar\\\/2a16057d620a4c646bcfc171c4f23030879ebbdd346f0525bd5d4a564e57e13d?s=96&d=mm&r=g\",\"contentUrl\":\"https:\\\/\\\/secure.gravatar.com\\\/avatar\\\/2a16057d620a4c646bcfc171c4f23030879ebbdd346f0525bd5d4a564e57e13d?s=96&d=mm&r=g\",\"caption\":\"UGT\"}}]}<\/script>\n<!-- \/ Yoast SEO Premium plugin. -->","yoast_head_json":{"title":"Llega la red \u00fanica a Italia, mientras TIM plantea 10.000 despidos - UGT Comunicaciones","robots":{"index":"index","follow":"follow","max-snippet":"max-snippet:-1","max-image-preview":"max-image-preview:large","max-video-preview":"max-video-preview:-1"},"canonical":"https:\/\/www.ugtcomunicaciones.es\/wordpress\/llega-la-red-unica-a-italia-mientras-tim-plantea-10-000-despidos\/","og_locale":"es_ES","og_type":"article","og_title":"Llega la red \u00fanica a Italia, mientras TIM plantea 10.000 despidos","og_description":"El convulso sector de las telecomunicaciones italiano quema una nueva etapa, otra m\u00e1s dentro de su particular calvario de fracasos y malas pr\u00e1cticas, formando lo que ya hace unos a\u00f1os describimos como un \u201cavispero\u201d. Cuando hablamos de malas pr\u00e1cticas, inevitablemente nos viene a la memoria la ocurrencia de las 13 facturas al a\u00f1o, sin olvidar [&hellip;]","og_url":"https:\/\/www.ugtcomunicaciones.es\/wordpress\/llega-la-red-unica-a-italia-mientras-tim-plantea-10-000-despidos\/","og_site_name":"UGT Comunicaciones","article_publisher":"https:\/\/www.facebook.com\/ugt.comunicaciones\/","article_published_time":"2022-06-27T05:00:33+00:00","og_image":[{"width":600,"height":449,"url":"https:\/\/www.ugtcomunicaciones.es\/wordpress\/wp-content\/uploads\/2022\/06\/TIM-2.jpg","type":"image\/jpeg"}],"author":"UGT","twitter_card":"summary_large_image","twitter_creator":"@ugtcom","twitter_site":"@ugtcom","twitter_misc":{"Escrito por":"UGT","Tiempo de lectura":"3 minutos"},"schema":{"@context":"https:\/\/schema.org","@graph":[{"@type":"Article","@id":"https:\/\/www.ugtcomunicaciones.es\/wordpress\/llega-la-red-unica-a-italia-mientras-tim-plantea-10-000-despidos\/#article","isPartOf":{"@id":"https:\/\/www.ugtcomunicaciones.es\/wordpress\/llega-la-red-unica-a-italia-mientras-tim-plantea-10-000-despidos\/"},"author":{"name":"UGT","@id":"https:\/\/www.ugtcomunicaciones.es\/wordpress\/#\/schema\/person\/eba0fc3fe5b444531d94d4368cba89ed"},"headline":"Llega la red \u00fanica a Italia, mientras TIM plantea 10.000 despidos","datePublished":"2022-06-27T05:00:33+00:00","mainEntityOfPage":{"@id":"https:\/\/www.ugtcomunicaciones.es\/wordpress\/llega-la-red-unica-a-italia-mientras-tim-plantea-10-000-despidos\/"},"wordCount":813,"publisher":{"@id":"https:\/\/www.ugtcomunicaciones.es\/wordpress\/#organization"},"image":{"@id":"https:\/\/www.ugtcomunicaciones.es\/wordpress\/llega-la-red-unica-a-italia-mientras-tim-plantea-10-000-despidos\/#primaryimage"},"thumbnailUrl":"https:\/\/www.ugtcomunicaciones.es\/wordpress\/wp-content\/uploads\/2022\/06\/TIM-2.jpg","articleSection":["Opini\u00f3n","Regulaci\u00f3n"],"inLanguage":"es"},{"@type":"WebPage","@id":"https:\/\/www.ugtcomunicaciones.es\/wordpress\/llega-la-red-unica-a-italia-mientras-tim-plantea-10-000-despidos\/","url":"https:\/\/www.ugtcomunicaciones.es\/wordpress\/llega-la-red-unica-a-italia-mientras-tim-plantea-10-000-despidos\/","name":"Llega la red \u00fanica a Italia, mientras TIM plantea 10.000 despidos - UGT Comunicaciones","isPartOf":{"@id":"https:\/\/www.ugtcomunicaciones.es\/wordpress\/#website"},"primaryImageOfPage":{"@id":"https:\/\/www.ugtcomunicaciones.es\/wordpress\/llega-la-red-unica-a-italia-mientras-tim-plantea-10-000-despidos\/#primaryimage"},"image":{"@id":"https:\/\/www.ugtcomunicaciones.es\/wordpress\/llega-la-red-unica-a-italia-mientras-tim-plantea-10-000-despidos\/#primaryimage"},"thumbnailUrl":"https:\/\/www.ugtcomunicaciones.es\/wordpress\/wp-content\/uploads\/2022\/06\/TIM-2.jpg","datePublished":"2022-06-27T05:00:33+00:00","breadcrumb":{"@id":"https:\/\/www.ugtcomunicaciones.es\/wordpress\/llega-la-red-unica-a-italia-mientras-tim-plantea-10-000-despidos\/#breadcrumb"},"inLanguage":"es","potentialAction":[{"@type":"ReadAction","target":["https:\/\/www.ugtcomunicaciones.es\/wordpress\/llega-la-red-unica-a-italia-mientras-tim-plantea-10-000-despidos\/"]}]},{"@type":"ImageObject","inLanguage":"es","@id":"https:\/\/www.ugtcomunicaciones.es\/wordpress\/llega-la-red-unica-a-italia-mientras-tim-plantea-10-000-despidos\/#primaryimage","url":"https:\/\/www.ugtcomunicaciones.es\/wordpress\/wp-content\/uploads\/2022\/06\/TIM-2.jpg","contentUrl":"https:\/\/www.ugtcomunicaciones.es\/wordpress\/wp-content\/uploads\/2022\/06\/TIM-2.jpg","width":600,"height":449},{"@type":"BreadcrumbList","@id":"https:\/\/www.ugtcomunicaciones.es\/wordpress\/llega-la-red-unica-a-italia-mientras-tim-plantea-10-000-despidos\/#breadcrumb","itemListElement":[{"@type":"ListItem","position":1,"name":"Portada","item":"https:\/\/www.ugtcomunicaciones.es\/wordpress\/"},{"@type":"ListItem","position":2,"name":"Llega la red \u00fanica a Italia, mientras TIM plantea 10.000 despidos"}]},{"@type":"WebSite","@id":"https:\/\/www.ugtcomunicaciones.es\/wordpress\/#website","url":"https:\/\/www.ugtcomunicaciones.es\/wordpress\/","name":"UGT Comunicaciones","description":"Sindicato de Telecomunicaciones","publisher":{"@id":"https:\/\/www.ugtcomunicaciones.es\/wordpress\/#organization"},"potentialAction":[{"@type":"SearchAction","target":{"@type":"EntryPoint","urlTemplate":"https:\/\/www.ugtcomunicaciones.es\/wordpress\/?s={search_term_string}"},"query-input":{"@type":"PropertyValueSpecification","valueRequired":true,"valueName":"search_term_string"}}],"inLanguage":"es"},{"@type":"Organization","@id":"https:\/\/www.ugtcomunicaciones.es\/wordpress\/#organization","name":"UGT Comunicaciones","url":"https:\/\/www.ugtcomunicaciones.es\/wordpress\/","logo":{"@type":"ImageObject","inLanguage":"es","@id":"https:\/\/www.ugtcomunicaciones.es\/wordpress\/#\/schema\/logo\/image\/","url":"https:\/\/www.ugtcomunicaciones.es\/wordpress\/wp-content\/uploads\/2024\/04\/comunicaciones_logo.png","contentUrl":"https:\/\/www.ugtcomunicaciones.es\/wordpress\/wp-content\/uploads\/2024\/04\/comunicaciones_logo.png","width":298,"height":81,"caption":"UGT Comunicaciones"},"image":{"@id":"https:\/\/www.ugtcomunicaciones.es\/wordpress\/#\/schema\/logo\/image\/"},"sameAs":["https:\/\/www.facebook.com\/ugt.comunicaciones\/","https:\/\/x.com\/ugtcom"]},{"@type":"Person","@id":"https:\/\/www.ugtcomunicaciones.es\/wordpress\/#\/schema\/person\/eba0fc3fe5b444531d94d4368cba89ed","name":"UGT","image":{"@type":"ImageObject","inLanguage":"es","@id":"https:\/\/secure.gravatar.com\/avatar\/2a16057d620a4c646bcfc171c4f23030879ebbdd346f0525bd5d4a564e57e13d?s=96&d=mm&r=g","url":"https:\/\/secure.gravatar.com\/avatar\/2a16057d620a4c646bcfc171c4f23030879ebbdd346f0525bd5d4a564e57e13d?s=96&d=mm&r=g","contentUrl":"https:\/\/secure.gravatar.com\/avatar\/2a16057d620a4c646bcfc171c4f23030879ebbdd346f0525bd5d4a564e57e13d?s=96&d=mm&r=g","caption":"UGT"}}]}},"_links":{"self":[{"href":"https:\/\/www.ugtcomunicaciones.es\/wordpress\/wp-json\/wp\/v2\/posts\/1017736","targetHints":{"allow":["GET"]}}],"collection":[{"href":"https:\/\/www.ugtcomunicaciones.es\/wordpress\/wp-json\/wp\/v2\/posts"}],"about":[{"href":"https:\/\/www.ugtcomunicaciones.es\/wordpress\/wp-json\/wp\/v2\/types\/post"}],"author":[{"embeddable":true,"href":"https:\/\/www.ugtcomunicaciones.es\/wordpress\/wp-json\/wp\/v2\/users\/3"}],"replies":[{"embeddable":true,"href":"https:\/\/www.ugtcomunicaciones.es\/wordpress\/wp-json\/wp\/v2\/comments?post=1017736"}],"version-history":[{"count":0,"href":"https:\/\/www.ugtcomunicaciones.es\/wordpress\/wp-json\/wp\/v2\/posts\/1017736\/revisions"}],"wp:featuredmedia":[{"embeddable":true,"href":"https:\/\/www.ugtcomunicaciones.es\/wordpress\/wp-json\/wp\/v2\/media\/1017756"}],"wp:attachment":[{"href":"https:\/\/www.ugtcomunicaciones.es\/wordpress\/wp-json\/wp\/v2\/media?parent=1017736"}],"wp:term":[{"taxonomy":"category","embeddable":true,"href":"https:\/\/www.ugtcomunicaciones.es\/wordpress\/wp-json\/wp\/v2\/categories?post=1017736"},{"taxonomy":"post_tag","embeddable":true,"href":"https:\/\/www.ugtcomunicaciones.es\/wordpress\/wp-json\/wp\/v2\/tags?post=1017736"}],"curies":[{"name":"wp","href":"https:\/\/api.w.org\/{rel}","templated":true}]}}