{"id":103152,"date":"2018-02-19T08:00:26","date_gmt":"2018-02-19T06:00:26","guid":{"rendered":"http:\/\/ugtcomunicaciones.es\/wordpress\/?p=103152"},"modified":"2018-02-06T14:53:25","modified_gmt":"2018-02-06T12:53:25","slug":"att-verizon-compartiran-tambien-infraestructuras-telefonia-movil","status":"publish","type":"post","link":"https:\/\/www.ugtcomunicaciones.es\/wordpress\/att-verizon-compartiran-tambien-infraestructuras-telefonia-movil\/","title":{"rendered":"AT&#038;T y Verizon compartir\u00e1n tambi\u00e9n infraestructuras de telefon\u00eda m\u00f3vil"},"content":{"rendered":"<p style=\"text-align: justify;\">La compartici\u00f3n de infraestructuras ha dejado de ser una moda a convertirse en una realidad incuestionable, y con mucha probabilidad, duradera, especialmente en los \u00e1mbitos de despliegue de redes fijas NGN y torres de telefon\u00eda m\u00f3vil.<\/p>\n<p style=\"text-align: justify;\">El caso que analizamos hoy es paradigm\u00e1tico tanto por la relevancia de sus participantes \u2013las dos mayores operadoras del mercado m\u00e1s floreciente del mundo- como por el m\u00e9todo elegido: una can\u00f3nica sociedad a tres.<\/p>\n<p style=\"text-align: justify;\"><img decoding=\"async\" class=\"size-full wp-image-103154 alignleft lazyload\" data-src=\"http:\/\/ugtcomunicaciones.es\/wordpress\/wp-content\/uploads\/2018\/02\/att-verizon-01-19-02-18.jpg\" alt=\"at&amp;t-verizon-01-19-02-18\" width=\"187\" height=\"107\" src=\"data:image\/svg+xml;base64,PHN2ZyB3aWR0aD0iMSIgaGVpZ2h0PSIxIiB4bWxucz0iaHR0cDovL3d3dy53My5vcmcvMjAwMC9zdmciPjwvc3ZnPg==\" style=\"--smush-placeholder-width: 187px; --smush-placeholder-aspect-ratio: 187\/107;\" \/>Efectivamente, AT&amp;T y Verizon han alcanzado un acuerdo con el operador de infraestructuras Tillman Global, para construir \u201ccientos\u201d de torres de telefon\u00eda m\u00f3vil<a href=\"#_ftn1\" name=\"_ftnref1\">[1]<\/a>. El acuerdo se basa en que Tillman edificar\u00e1 las torres, las cuales ser\u00e1n arrendadas y co-financiadas por las dos operadoras, que compartir\u00e1n dichas ubicaciones.<\/p>\n<p style=\"text-align: justify;\"><img decoding=\"async\" class=\"size-full wp-image-103155 alignright lazyload\" data-src=\"http:\/\/ugtcomunicaciones.es\/wordpress\/wp-content\/uploads\/2018\/02\/att-verizon-02-19-02-18.png\" alt=\"at&amp;t-verizon-02-19-02-18\" width=\"145\" height=\"74\" src=\"data:image\/svg+xml;base64,PHN2ZyB3aWR0aD0iMSIgaGVpZ2h0PSIxIiB4bWxucz0iaHR0cDovL3d3dy53My5vcmcvMjAwMC9zdmciPjwvc3ZnPg==\" style=\"--smush-placeholder-width: 145px; --smush-placeholder-aspect-ratio: 145\/74;\" \/>Esta asociaci\u00f3n tiene potencial para sacudir el mercado de torres en EEUU<a href=\"#_ftn2\" name=\"_ftnref2\">[2]<\/a>, ya que ambos operadores ver\u00e1n reducidos sus costes de explotaci\u00f3n en un mercado cada vez m\u00e1s competitivo.<\/p>\n<p style=\"text-align: justify;\">La construcci\u00f3n de las nuevas torres comenzar\u00e1 durante el primer trimestre de 2018; una vez edificadas, ambas operadoras se instalar\u00e1n en ellas mediante obras y equipos propios.<\/p>\n<p style=\"text-align: justify;\">Con esta alianza, AT&amp;T logra uno de sus objetivos para el presente curso, al considerar que el modelo de torres propietarias de cada operador era \u201cinsostenible<a href=\"#_ftn3\" name=\"_ftnref3\">[3]<\/a>\u201d. Verizon calific\u00f3 el acuerdo como \u201cimprescindible para reducir los costos operativos\u201d, mientras que Tillman, especializado en la construcci\u00f3n de torres, microc\u00e9lulas e infraestructuras de Smart Cities, se declar\u00f3 \u201centusiasmo\u201d de colaborar con Verizon y AT&amp;T.<\/p>\n<h3 style=\"text-align: right;\"><span style=\"color: #ff0000;\"><strong>UGT<\/strong><\/span><strong> Comunicaciones<\/strong><\/h3>\n<p>&nbsp;<\/p>\n<p><span style=\"font-size: xx-small;\"><a href=\"#_ftnref1\" name=\"_ftn1\">[1]<\/a> <a href=\"http:\/\/markets.businessinsider.com\/news\/stocks\/AT-T-Verizon-and-Tillman-Infrastructure-announce-collaboration-to-build-hundreds-of-cell-towers-1007881713\" target=\"_blank\" rel=\"noopener\">http:\/\/markets.businessinsider.com\/news\/stocks\/AT-T-Verizon-and-Tillman-Infrastructure-announce-collaboration-to-build-hundreds-of-cell-towers-1007881713<\/a><br \/>\n<a href=\"#_ftnref2\" name=\"_ftn2\">[2]<\/a> <a href=\"https:\/\/www.totaltele.com\/498582\/ATT-Verizon-to-build-share-towers\" target=\"_blank\" rel=\"noopener\">https:\/\/www.totaltele.com\/\/498582\/ATT-Verizon-to-build-share-towers<\/a><br \/>\n<a href=\"#_ftnref3\" name=\"_ftn3\">[3]<\/a> <a href=\"https:\/\/www.fiercewireless.com\/wireless\/at-t-s-hogg-tower-model-unsustainable\" target=\"_blank\" rel=\"noopener\">https:\/\/www.fiercewireless.com\/wireless\/at-t-s-hogg-tower-model-unsustainable<\/a><\/span><\/p>\n","protected":false},"excerpt":{"rendered":"<p>La compartici\u00f3n de infraestructuras ha dejado de ser una moda a convertirse en una realidad incuestionable, y con mucha probabilidad, duradera, especialmente en los \u00e1mbitos de despliegue de redes fijas NGN y torres de telefon\u00eda m\u00f3vil. El caso que analizamos hoy es paradigm\u00e1tico tanto por la relevancia de sus participantes \u2013las dos mayores operadoras del [&hellip;]<\/p>\n","protected":false},"author":3,"featured_media":103158,"comment_status":"closed","ping_status":"closed","sticky":false,"template":"","format":"standard","meta":{"footnotes":""},"categories":[15,12],"tags":[],"class_list":["post-103152","post","type-post","status-publish","format-standard","has-post-thumbnail","hentry","category-competencia","category-regulacion"],"yoast_head":"<!-- This site is optimized with the Yoast SEO Premium plugin v27.3 (Yoast SEO v27.4) - https:\/\/yoast.com\/product\/yoast-seo-premium-wordpress\/ -->\n<title>AT&amp;T y Verizon compartir\u00e1n tambi\u00e9n infraestructuras de telefon\u00eda m\u00f3vil - UGT Comunicaciones<\/title>\n<meta name=\"description\" content=\"La compartici\u00f3n de infraestructuras ha dejado de ser una moda a convertirse en una realidad incuestionable, y con mucha probabilidad, duradera, especialmente en los \u00e1mbitos de despliegue de redes fijas NGN y torres de telefon\u00eda m\u00f3vil...\" \/>\n<meta name=\"robots\" content=\"index, follow, max-snippet:-1, max-image-preview:large, max-video-preview:-1\" \/>\n<link rel=\"canonical\" href=\"https:\/\/www.ugtcomunicaciones.es\/wordpress\/att-verizon-compartiran-tambien-infraestructuras-telefonia-movil\/\" \/>\n<meta property=\"og:locale\" content=\"es_ES\" \/>\n<meta property=\"og:type\" content=\"article\" \/>\n<meta property=\"og:title\" content=\"AT&amp;T y Verizon compartir\u00e1n tambi\u00e9n infraestructuras de telefon\u00eda m\u00f3vil\" \/>\n<meta property=\"og:description\" content=\"La compartici\u00f3n de infraestructuras ha dejado de ser una moda a convertirse en una realidad incuestionable, y con mucha probabilidad, duradera, especialmente en los \u00e1mbitos de despliegue de redes fijas NGN y torres de telefon\u00eda m\u00f3vil...\" \/>\n<meta property=\"og:url\" content=\"https:\/\/www.ugtcomunicaciones.es\/wordpress\/att-verizon-compartiran-tambien-infraestructuras-telefonia-movil\/\" \/>\n<meta property=\"og:site_name\" content=\"UGT Comunicaciones\" \/>\n<meta property=\"article:publisher\" content=\"https:\/\/www.facebook.com\/ugt.comunicaciones\/\" \/>\n<meta property=\"article:published_time\" content=\"2018-02-19T06:00:26+00:00\" \/>\n<meta property=\"og:image\" content=\"https:\/\/www.ugtcomunicaciones.es\/wordpress\/wp-content\/uploads\/2018\/02\/att-verizon-portada-19-02-18.jpg\" \/>\n\t<meta property=\"og:image:width\" content=\"317\" \/>\n\t<meta property=\"og:image:height\" content=\"212\" \/>\n\t<meta property=\"og:image:type\" content=\"image\/jpeg\" \/>\n<meta name=\"author\" content=\"UGT\" \/>\n<meta name=\"twitter:card\" content=\"summary_large_image\" \/>\n<meta name=\"twitter:creator\" content=\"@ugtcom\" \/>\n<meta name=\"twitter:site\" content=\"@ugtcom\" \/>\n<meta name=\"twitter:label1\" content=\"Escrito por\" \/>\n\t<meta name=\"twitter:data1\" content=\"UGT\" \/>\n\t<meta name=\"twitter:label2\" content=\"Tiempo de lectura\" \/>\n\t<meta name=\"twitter:data2\" content=\"1 minuto\" \/>\n<script type=\"application\/ld+json\" class=\"yoast-schema-graph\">{\"@context\":\"https:\\\/\\\/schema.org\",\"@graph\":[{\"@type\":\"Article\",\"@id\":\"https:\\\/\\\/www.ugtcomunicaciones.es\\\/wordpress\\\/att-verizon-compartiran-tambien-infraestructuras-telefonia-movil\\\/#article\",\"isPartOf\":{\"@id\":\"https:\\\/\\\/www.ugtcomunicaciones.es\\\/wordpress\\\/att-verizon-compartiran-tambien-infraestructuras-telefonia-movil\\\/\"},\"author\":{\"name\":\"UGT\",\"@id\":\"https:\\\/\\\/www.ugtcomunicaciones.es\\\/wordpress\\\/#\\\/schema\\\/person\\\/eba0fc3fe5b444531d94d4368cba89ed\"},\"headline\":\"AT&#038;T y Verizon compartir\u00e1n tambi\u00e9n infraestructuras de telefon\u00eda m\u00f3vil\",\"datePublished\":\"2018-02-19T06:00:26+00:00\",\"mainEntityOfPage\":{\"@id\":\"https:\\\/\\\/www.ugtcomunicaciones.es\\\/wordpress\\\/att-verizon-compartiran-tambien-infraestructuras-telefonia-movil\\\/\"},\"wordCount\":293,\"publisher\":{\"@id\":\"https:\\\/\\\/www.ugtcomunicaciones.es\\\/wordpress\\\/#organization\"},\"image\":{\"@id\":\"https:\\\/\\\/www.ugtcomunicaciones.es\\\/wordpress\\\/att-verizon-compartiran-tambien-infraestructuras-telefonia-movil\\\/#primaryimage\"},\"thumbnailUrl\":\"https:\\\/\\\/www.ugtcomunicaciones.es\\\/wordpress\\\/wp-content\\\/uploads\\\/2018\\\/02\\\/att-verizon-portada-19-02-18.jpg\",\"articleSection\":[\"Competencia\",\"Regulaci\u00f3n\"],\"inLanguage\":\"es\"},{\"@type\":\"WebPage\",\"@id\":\"https:\\\/\\\/www.ugtcomunicaciones.es\\\/wordpress\\\/att-verizon-compartiran-tambien-infraestructuras-telefonia-movil\\\/\",\"url\":\"https:\\\/\\\/www.ugtcomunicaciones.es\\\/wordpress\\\/att-verizon-compartiran-tambien-infraestructuras-telefonia-movil\\\/\",\"name\":\"AT&T y Verizon compartir\u00e1n tambi\u00e9n infraestructuras de telefon\u00eda m\u00f3vil - UGT Comunicaciones\",\"isPartOf\":{\"@id\":\"https:\\\/\\\/www.ugtcomunicaciones.es\\\/wordpress\\\/#website\"},\"primaryImageOfPage\":{\"@id\":\"https:\\\/\\\/www.ugtcomunicaciones.es\\\/wordpress\\\/att-verizon-compartiran-tambien-infraestructuras-telefonia-movil\\\/#primaryimage\"},\"image\":{\"@id\":\"https:\\\/\\\/www.ugtcomunicaciones.es\\\/wordpress\\\/att-verizon-compartiran-tambien-infraestructuras-telefonia-movil\\\/#primaryimage\"},\"thumbnailUrl\":\"https:\\\/\\\/www.ugtcomunicaciones.es\\\/wordpress\\\/wp-content\\\/uploads\\\/2018\\\/02\\\/att-verizon-portada-19-02-18.jpg\",\"datePublished\":\"2018-02-19T06:00:26+00:00\",\"description\":\"La compartici\u00f3n de infraestructuras ha dejado de ser una moda a convertirse en una realidad incuestionable, y con mucha probabilidad, duradera, especialmente en los \u00e1mbitos de despliegue de redes fijas NGN y torres de telefon\u00eda m\u00f3vil...\",\"breadcrumb\":{\"@id\":\"https:\\\/\\\/www.ugtcomunicaciones.es\\\/wordpress\\\/att-verizon-compartiran-tambien-infraestructuras-telefonia-movil\\\/#breadcrumb\"},\"inLanguage\":\"es\",\"potentialAction\":[{\"@type\":\"ReadAction\",\"target\":[\"https:\\\/\\\/www.ugtcomunicaciones.es\\\/wordpress\\\/att-verizon-compartiran-tambien-infraestructuras-telefonia-movil\\\/\"]}]},{\"@type\":\"ImageObject\",\"inLanguage\":\"es\",\"@id\":\"https:\\\/\\\/www.ugtcomunicaciones.es\\\/wordpress\\\/att-verizon-compartiran-tambien-infraestructuras-telefonia-movil\\\/#primaryimage\",\"url\":\"https:\\\/\\\/www.ugtcomunicaciones.es\\\/wordpress\\\/wp-content\\\/uploads\\\/2018\\\/02\\\/att-verizon-portada-19-02-18.jpg\",\"contentUrl\":\"https:\\\/\\\/www.ugtcomunicaciones.es\\\/wordpress\\\/wp-content\\\/uploads\\\/2018\\\/02\\\/att-verizon-portada-19-02-18.jpg\",\"width\":317,\"height\":212,\"caption\":\"at&t-verizon-portada-19-02-18\"},{\"@type\":\"BreadcrumbList\",\"@id\":\"https:\\\/\\\/www.ugtcomunicaciones.es\\\/wordpress\\\/att-verizon-compartiran-tambien-infraestructuras-telefonia-movil\\\/#breadcrumb\",\"itemListElement\":[{\"@type\":\"ListItem\",\"position\":1,\"name\":\"Portada\",\"item\":\"https:\\\/\\\/www.ugtcomunicaciones.es\\\/wordpress\\\/\"},{\"@type\":\"ListItem\",\"position\":2,\"name\":\"AT&#038;T y Verizon compartir\u00e1n tambi\u00e9n infraestructuras de telefon\u00eda m\u00f3vil\"}]},{\"@type\":\"WebSite\",\"@id\":\"https:\\\/\\\/www.ugtcomunicaciones.es\\\/wordpress\\\/#website\",\"url\":\"https:\\\/\\\/www.ugtcomunicaciones.es\\\/wordpress\\\/\",\"name\":\"UGT Comunicaciones\",\"description\":\"Sindicato de Telecomunicaciones\",\"publisher\":{\"@id\":\"https:\\\/\\\/www.ugtcomunicaciones.es\\\/wordpress\\\/#organization\"},\"potentialAction\":[{\"@type\":\"SearchAction\",\"target\":{\"@type\":\"EntryPoint\",\"urlTemplate\":\"https:\\\/\\\/www.ugtcomunicaciones.es\\\/wordpress\\\/?s={search_term_string}\"},\"query-input\":{\"@type\":\"PropertyValueSpecification\",\"valueRequired\":true,\"valueName\":\"search_term_string\"}}],\"inLanguage\":\"es\"},{\"@type\":\"Organization\",\"@id\":\"https:\\\/\\\/www.ugtcomunicaciones.es\\\/wordpress\\\/#organization\",\"name\":\"UGT Comunicaciones\",\"url\":\"https:\\\/\\\/www.ugtcomunicaciones.es\\\/wordpress\\\/\",\"logo\":{\"@type\":\"ImageObject\",\"inLanguage\":\"es\",\"@id\":\"https:\\\/\\\/www.ugtcomunicaciones.es\\\/wordpress\\\/#\\\/schema\\\/logo\\\/image\\\/\",\"url\":\"https:\\\/\\\/www.ugtcomunicaciones.es\\\/wordpress\\\/wp-content\\\/uploads\\\/2024\\\/04\\\/comunicaciones_logo.png\",\"contentUrl\":\"https:\\\/\\\/www.ugtcomunicaciones.es\\\/wordpress\\\/wp-content\\\/uploads\\\/2024\\\/04\\\/comunicaciones_logo.png\",\"width\":298,\"height\":81,\"caption\":\"UGT Comunicaciones\"},\"image\":{\"@id\":\"https:\\\/\\\/www.ugtcomunicaciones.es\\\/wordpress\\\/#\\\/schema\\\/logo\\\/image\\\/\"},\"sameAs\":[\"https:\\\/\\\/www.facebook.com\\\/ugt.comunicaciones\\\/\",\"https:\\\/\\\/x.com\\\/ugtcom\"]},{\"@type\":\"Person\",\"@id\":\"https:\\\/\\\/www.ugtcomunicaciones.es\\\/wordpress\\\/#\\\/schema\\\/person\\\/eba0fc3fe5b444531d94d4368cba89ed\",\"name\":\"UGT\",\"image\":{\"@type\":\"ImageObject\",\"inLanguage\":\"es\",\"@id\":\"https:\\\/\\\/secure.gravatar.com\\\/avatar\\\/2a16057d620a4c646bcfc171c4f23030879ebbdd346f0525bd5d4a564e57e13d?s=96&d=mm&r=g\",\"url\":\"https:\\\/\\\/secure.gravatar.com\\\/avatar\\\/2a16057d620a4c646bcfc171c4f23030879ebbdd346f0525bd5d4a564e57e13d?s=96&d=mm&r=g\",\"contentUrl\":\"https:\\\/\\\/secure.gravatar.com\\\/avatar\\\/2a16057d620a4c646bcfc171c4f23030879ebbdd346f0525bd5d4a564e57e13d?s=96&d=mm&r=g\",\"caption\":\"UGT\"}}]}<\/script>\n<!-- \/ Yoast SEO Premium plugin. -->","yoast_head_json":{"title":"AT&T y Verizon compartir\u00e1n tambi\u00e9n infraestructuras de telefon\u00eda m\u00f3vil - UGT Comunicaciones","description":"La compartici\u00f3n de infraestructuras ha dejado de ser una moda a convertirse en una realidad incuestionable, y con mucha probabilidad, duradera, especialmente en los \u00e1mbitos de despliegue de redes fijas NGN y torres de telefon\u00eda m\u00f3vil...","robots":{"index":"index","follow":"follow","max-snippet":"max-snippet:-1","max-image-preview":"max-image-preview:large","max-video-preview":"max-video-preview:-1"},"canonical":"https:\/\/www.ugtcomunicaciones.es\/wordpress\/att-verizon-compartiran-tambien-infraestructuras-telefonia-movil\/","og_locale":"es_ES","og_type":"article","og_title":"AT&T y Verizon compartir\u00e1n tambi\u00e9n infraestructuras de telefon\u00eda m\u00f3vil","og_description":"La compartici\u00f3n de infraestructuras ha dejado de ser una moda a convertirse en una realidad incuestionable, y con mucha probabilidad, duradera, especialmente en los \u00e1mbitos de despliegue de redes fijas NGN y torres de telefon\u00eda m\u00f3vil...","og_url":"https:\/\/www.ugtcomunicaciones.es\/wordpress\/att-verizon-compartiran-tambien-infraestructuras-telefonia-movil\/","og_site_name":"UGT Comunicaciones","article_publisher":"https:\/\/www.facebook.com\/ugt.comunicaciones\/","article_published_time":"2018-02-19T06:00:26+00:00","og_image":[{"width":317,"height":212,"url":"https:\/\/www.ugtcomunicaciones.es\/wordpress\/wp-content\/uploads\/2018\/02\/att-verizon-portada-19-02-18.jpg","type":"image\/jpeg"}],"author":"UGT","twitter_card":"summary_large_image","twitter_creator":"@ugtcom","twitter_site":"@ugtcom","twitter_misc":{"Escrito por":"UGT","Tiempo de lectura":"1 minuto"},"schema":{"@context":"https:\/\/schema.org","@graph":[{"@type":"Article","@id":"https:\/\/www.ugtcomunicaciones.es\/wordpress\/att-verizon-compartiran-tambien-infraestructuras-telefonia-movil\/#article","isPartOf":{"@id":"https:\/\/www.ugtcomunicaciones.es\/wordpress\/att-verizon-compartiran-tambien-infraestructuras-telefonia-movil\/"},"author":{"name":"UGT","@id":"https:\/\/www.ugtcomunicaciones.es\/wordpress\/#\/schema\/person\/eba0fc3fe5b444531d94d4368cba89ed"},"headline":"AT&#038;T y Verizon compartir\u00e1n tambi\u00e9n infraestructuras de telefon\u00eda m\u00f3vil","datePublished":"2018-02-19T06:00:26+00:00","mainEntityOfPage":{"@id":"https:\/\/www.ugtcomunicaciones.es\/wordpress\/att-verizon-compartiran-tambien-infraestructuras-telefonia-movil\/"},"wordCount":293,"publisher":{"@id":"https:\/\/www.ugtcomunicaciones.es\/wordpress\/#organization"},"image":{"@id":"https:\/\/www.ugtcomunicaciones.es\/wordpress\/att-verizon-compartiran-tambien-infraestructuras-telefonia-movil\/#primaryimage"},"thumbnailUrl":"https:\/\/www.ugtcomunicaciones.es\/wordpress\/wp-content\/uploads\/2018\/02\/att-verizon-portada-19-02-18.jpg","articleSection":["Competencia","Regulaci\u00f3n"],"inLanguage":"es"},{"@type":"WebPage","@id":"https:\/\/www.ugtcomunicaciones.es\/wordpress\/att-verizon-compartiran-tambien-infraestructuras-telefonia-movil\/","url":"https:\/\/www.ugtcomunicaciones.es\/wordpress\/att-verizon-compartiran-tambien-infraestructuras-telefonia-movil\/","name":"AT&T y Verizon compartir\u00e1n tambi\u00e9n infraestructuras de telefon\u00eda m\u00f3vil - UGT Comunicaciones","isPartOf":{"@id":"https:\/\/www.ugtcomunicaciones.es\/wordpress\/#website"},"primaryImageOfPage":{"@id":"https:\/\/www.ugtcomunicaciones.es\/wordpress\/att-verizon-compartiran-tambien-infraestructuras-telefonia-movil\/#primaryimage"},"image":{"@id":"https:\/\/www.ugtcomunicaciones.es\/wordpress\/att-verizon-compartiran-tambien-infraestructuras-telefonia-movil\/#primaryimage"},"thumbnailUrl":"https:\/\/www.ugtcomunicaciones.es\/wordpress\/wp-content\/uploads\/2018\/02\/att-verizon-portada-19-02-18.jpg","datePublished":"2018-02-19T06:00:26+00:00","description":"La compartici\u00f3n de infraestructuras ha dejado de ser una moda a convertirse en una realidad incuestionable, y con mucha probabilidad, duradera, especialmente en los \u00e1mbitos de despliegue de redes fijas NGN y torres de telefon\u00eda m\u00f3vil...","breadcrumb":{"@id":"https:\/\/www.ugtcomunicaciones.es\/wordpress\/att-verizon-compartiran-tambien-infraestructuras-telefonia-movil\/#breadcrumb"},"inLanguage":"es","potentialAction":[{"@type":"ReadAction","target":["https:\/\/www.ugtcomunicaciones.es\/wordpress\/att-verizon-compartiran-tambien-infraestructuras-telefonia-movil\/"]}]},{"@type":"ImageObject","inLanguage":"es","@id":"https:\/\/www.ugtcomunicaciones.es\/wordpress\/att-verizon-compartiran-tambien-infraestructuras-telefonia-movil\/#primaryimage","url":"https:\/\/www.ugtcomunicaciones.es\/wordpress\/wp-content\/uploads\/2018\/02\/att-verizon-portada-19-02-18.jpg","contentUrl":"https:\/\/www.ugtcomunicaciones.es\/wordpress\/wp-content\/uploads\/2018\/02\/att-verizon-portada-19-02-18.jpg","width":317,"height":212,"caption":"at&t-verizon-portada-19-02-18"},{"@type":"BreadcrumbList","@id":"https:\/\/www.ugtcomunicaciones.es\/wordpress\/att-verizon-compartiran-tambien-infraestructuras-telefonia-movil\/#breadcrumb","itemListElement":[{"@type":"ListItem","position":1,"name":"Portada","item":"https:\/\/www.ugtcomunicaciones.es\/wordpress\/"},{"@type":"ListItem","position":2,"name":"AT&#038;T y Verizon compartir\u00e1n tambi\u00e9n infraestructuras de telefon\u00eda m\u00f3vil"}]},{"@type":"WebSite","@id":"https:\/\/www.ugtcomunicaciones.es\/wordpress\/#website","url":"https:\/\/www.ugtcomunicaciones.es\/wordpress\/","name":"UGT Comunicaciones","description":"Sindicato de Telecomunicaciones","publisher":{"@id":"https:\/\/www.ugtcomunicaciones.es\/wordpress\/#organization"},"potentialAction":[{"@type":"SearchAction","target":{"@type":"EntryPoint","urlTemplate":"https:\/\/www.ugtcomunicaciones.es\/wordpress\/?s={search_term_string}"},"query-input":{"@type":"PropertyValueSpecification","valueRequired":true,"valueName":"search_term_string"}}],"inLanguage":"es"},{"@type":"Organization","@id":"https:\/\/www.ugtcomunicaciones.es\/wordpress\/#organization","name":"UGT Comunicaciones","url":"https:\/\/www.ugtcomunicaciones.es\/wordpress\/","logo":{"@type":"ImageObject","inLanguage":"es","@id":"https:\/\/www.ugtcomunicaciones.es\/wordpress\/#\/schema\/logo\/image\/","url":"https:\/\/www.ugtcomunicaciones.es\/wordpress\/wp-content\/uploads\/2024\/04\/comunicaciones_logo.png","contentUrl":"https:\/\/www.ugtcomunicaciones.es\/wordpress\/wp-content\/uploads\/2024\/04\/comunicaciones_logo.png","width":298,"height":81,"caption":"UGT Comunicaciones"},"image":{"@id":"https:\/\/www.ugtcomunicaciones.es\/wordpress\/#\/schema\/logo\/image\/"},"sameAs":["https:\/\/www.facebook.com\/ugt.comunicaciones\/","https:\/\/x.com\/ugtcom"]},{"@type":"Person","@id":"https:\/\/www.ugtcomunicaciones.es\/wordpress\/#\/schema\/person\/eba0fc3fe5b444531d94d4368cba89ed","name":"UGT","image":{"@type":"ImageObject","inLanguage":"es","@id":"https:\/\/secure.gravatar.com\/avatar\/2a16057d620a4c646bcfc171c4f23030879ebbdd346f0525bd5d4a564e57e13d?s=96&d=mm&r=g","url":"https:\/\/secure.gravatar.com\/avatar\/2a16057d620a4c646bcfc171c4f23030879ebbdd346f0525bd5d4a564e57e13d?s=96&d=mm&r=g","contentUrl":"https:\/\/secure.gravatar.com\/avatar\/2a16057d620a4c646bcfc171c4f23030879ebbdd346f0525bd5d4a564e57e13d?s=96&d=mm&r=g","caption":"UGT"}}]}},"_links":{"self":[{"href":"https:\/\/www.ugtcomunicaciones.es\/wordpress\/wp-json\/wp\/v2\/posts\/103152","targetHints":{"allow":["GET"]}}],"collection":[{"href":"https:\/\/www.ugtcomunicaciones.es\/wordpress\/wp-json\/wp\/v2\/posts"}],"about":[{"href":"https:\/\/www.ugtcomunicaciones.es\/wordpress\/wp-json\/wp\/v2\/types\/post"}],"author":[{"embeddable":true,"href":"https:\/\/www.ugtcomunicaciones.es\/wordpress\/wp-json\/wp\/v2\/users\/3"}],"replies":[{"embeddable":true,"href":"https:\/\/www.ugtcomunicaciones.es\/wordpress\/wp-json\/wp\/v2\/comments?post=103152"}],"version-history":[{"count":0,"href":"https:\/\/www.ugtcomunicaciones.es\/wordpress\/wp-json\/wp\/v2\/posts\/103152\/revisions"}],"wp:featuredmedia":[{"embeddable":true,"href":"https:\/\/www.ugtcomunicaciones.es\/wordpress\/wp-json\/wp\/v2\/media\/103158"}],"wp:attachment":[{"href":"https:\/\/www.ugtcomunicaciones.es\/wordpress\/wp-json\/wp\/v2\/media?parent=103152"}],"wp:term":[{"taxonomy":"category","embeddable":true,"href":"https:\/\/www.ugtcomunicaciones.es\/wordpress\/wp-json\/wp\/v2\/categories?post=103152"},{"taxonomy":"post_tag","embeddable":true,"href":"https:\/\/www.ugtcomunicaciones.es\/wordpress\/wp-json\/wp\/v2\/tags?post=103152"}],"curies":[{"name":"wp","href":"https:\/\/api.w.org\/{rel}","templated":true}]}}