{"id":1039369,"date":"2022-09-05T07:00:53","date_gmt":"2022-09-05T05:00:53","guid":{"rendered":"https:\/\/www.ugtcomunicaciones.es\/wordpress\/?p=1039369"},"modified":"2022-08-18T12:40:48","modified_gmt":"2022-08-18T10:40:48","slug":"espana-y-las-tic-4t2021-un-25-de-los-hogares-ya-no-tiene-telefono-fijo","status":"publish","type":"post","link":"https:\/\/www.ugtcomunicaciones.es\/wordpress\/espana-y-las-tic-4t2021-un-25-de-los-hogares-ya-no-tiene-telefono-fijo\/","title":{"rendered":"Espa\u00f1a y las TIC 4t2021: un 25% de los hogares ya no tiene tel\u00e9fono fijo"},"content":{"rendered":"<p style=\"text-align: justify;\">Pasamos a examinar las \u00faltimas estad\u00edsticas publicadas por la CNMC en su Panel de Hogares de la CNMC<sup class=\"modern-footnotes-footnote \" data-mfn=\"1\" data-mfn-post-scope=\"00000000000041470000000000000000_1039369\"><a href=\"javascript:void(0)\"  role=\"button\" aria-pressed=\"false\" aria-describedby=\"mfn-content-00000000000041470000000000000000_1039369-1\">1<\/a><\/sup><span id=\"mfn-content-00000000000041470000000000000000_1039369-1\" role=\"tooltip\" class=\"modern-footnotes-footnote__note\" tabindex=\"0\" data-mfn=\"1\"><a href=\"https:\/\/www.cnmc.es\/prensa\/panel-hogares-telecos-20220617\" target=\"_blank\" rel=\"noopener\">https:\/\/www.cnmc.es\/prensa\/panel-hogares-telecos-20220617<\/a><\/span>, sobre el comportamiento, uso y penetraci\u00f3n de las TIC para el 4T2021.<\/p>\n<p style=\"text-align: justify;\">Obviando la casi universalidad de Internet en las casas, las noticias provienen de dos m\u00e9tricas: la de hogares con telefon\u00eda fija y los que disponen de TV de pago. En el primer caso, se toca suelo hist\u00f3rico, con ya un 25% de hogares sin este servicio. En el otro extremo, la pujanza de la TV de pago que se acerca ya a la mitad de los domicilios.<\/p>\n<p style=\"text-align: justify;\"><strong>Disponibilidad de servicios de comunicaciones electr\u00f3nicas (porcentaje de hogares)<\/strong><\/p>\n<p><img decoding=\"async\" class=\"aligncenter wp-image-1039375 size-full lazyload\" data-src=\"https:\/\/www.ugtcomunicaciones.es\/wordpress\/wp-content\/uploads\/2022\/08\/Espana_01.jpg\" alt=\"\" width=\"643\" height=\"469\" data-srcset=\"https:\/\/www.ugtcomunicaciones.es\/wordpress\/wp-content\/uploads\/2022\/08\/Espana_01.jpg 643w, https:\/\/www.ugtcomunicaciones.es\/wordpress\/wp-content\/uploads\/2022\/08\/Espana_01-300x219.jpg 300w, https:\/\/www.ugtcomunicaciones.es\/wordpress\/wp-content\/uploads\/2022\/08\/Espana_01-576x420.jpg 576w, https:\/\/www.ugtcomunicaciones.es\/wordpress\/wp-content\/uploads\/2022\/08\/Espana_01-640x467.jpg 640w\" data-sizes=\"(max-width: 643px) 100vw, 643px\" src=\"data:image\/svg+xml;base64,PHN2ZyB3aWR0aD0iMSIgaGVpZ2h0PSIxIiB4bWxucz0iaHR0cDovL3d3dy53My5vcmcvMjAwMC9zdmciPjwvc3ZnPg==\" style=\"--smush-placeholder-width: 643px; --smush-placeholder-aspect-ratio: 643\/469;\" \/><\/p>\n<p style=\"text-align: justify;\">Sin duda, la cada vez mayor presencia de las Smart TV explica, en cierto modo, esta pujanza de la televisi\u00f3n de pago: hasta un 60% de viviendas tiene ya una TV inteligente. En cualquier caso, la alta dotaci\u00f3n de ordenadores (tres por hogar si se suman ordenadores fijos y port\u00e1tiles) demuestra que sigue siendo el dispositivo preferido:<\/p>\n<p style=\"text-align: justify;\"><strong>Disponibilidad de equipamientos tecnol\u00f3gicos (porcentaje de hogares)<\/strong><\/p>\n<p><img decoding=\"async\" class=\"aligncenter wp-image-1039374 size-full lazyload\" data-src=\"https:\/\/www.ugtcomunicaciones.es\/wordpress\/wp-content\/uploads\/2022\/08\/Espana_02.jpg\" alt=\"\" width=\"643\" height=\"432\" data-srcset=\"https:\/\/www.ugtcomunicaciones.es\/wordpress\/wp-content\/uploads\/2022\/08\/Espana_02.jpg 643w, https:\/\/www.ugtcomunicaciones.es\/wordpress\/wp-content\/uploads\/2022\/08\/Espana_02-300x202.jpg 300w, https:\/\/www.ugtcomunicaciones.es\/wordpress\/wp-content\/uploads\/2022\/08\/Espana_02-625x420.jpg 625w, https:\/\/www.ugtcomunicaciones.es\/wordpress\/wp-content\/uploads\/2022\/08\/Espana_02-537x360.jpg 537w, https:\/\/www.ugtcomunicaciones.es\/wordpress\/wp-content\/uploads\/2022\/08\/Espana_02-640x430.jpg 640w\" data-sizes=\"(max-width: 643px) 100vw, 643px\" src=\"data:image\/svg+xml;base64,PHN2ZyB3aWR0aD0iMSIgaGVpZ2h0PSIxIiB4bWxucz0iaHR0cDovL3d3dy53My5vcmcvMjAwMC9zdmciPjwvc3ZnPg==\" style=\"--smush-placeholder-width: 643px; --smush-placeholder-aspect-ratio: 643\/432;\" \/><\/p>\n<p style=\"text-align: justify;\">Desde un punto de vista territorial, la conectividad contin\u00faa con un claro sesgo por el tama\u00f1o de la poblaci\u00f3n, confirm\u00e1ndose el axioma \u201ca mayor tama\u00f1o, mayor penetraci\u00f3n\u201d. As\u00ed, todas los servicios conservan una mayor disponibilidad en las cuidades de gran tama\u00f1o, reduci\u00e9ndose de forma evidente en las m\u00e1s peque\u00f1as:<\/p>\n<p style=\"text-align: justify;\"><strong>Disponibilidad de servicios de comunicaciones electr\u00f3nicas seg\u00fan poblaci\u00f3n del municipio (porcentaje de hogares)<\/strong><\/p>\n<p><img decoding=\"async\" class=\"aligncenter wp-image-1039372 size-full lazyload\" data-src=\"https:\/\/www.ugtcomunicaciones.es\/wordpress\/wp-content\/uploads\/2022\/08\/Espana_04.jpg\" alt=\"\" width=\"643\" height=\"403\" data-srcset=\"https:\/\/www.ugtcomunicaciones.es\/wordpress\/wp-content\/uploads\/2022\/08\/Espana_04.jpg 643w, https:\/\/www.ugtcomunicaciones.es\/wordpress\/wp-content\/uploads\/2022\/08\/Espana_04-300x188.jpg 300w, https:\/\/www.ugtcomunicaciones.es\/wordpress\/wp-content\/uploads\/2022\/08\/Espana_04-640x401.jpg 640w\" data-sizes=\"(max-width: 643px) 100vw, 643px\" src=\"data:image\/svg+xml;base64,PHN2ZyB3aWR0aD0iMSIgaGVpZ2h0PSIxIiB4bWxucz0iaHR0cDovL3d3dy53My5vcmcvMjAwMC9zdmciPjwvc3ZnPg==\" style=\"--smush-placeholder-width: 643px; --smush-placeholder-aspect-ratio: 643\/403;\" \/><\/p>\n<p style=\"text-align: justify;\">En la tecnolog\u00eda que preside esta conectividad a\u00fan se evidencian m\u00e1s las diferencias: en los n\u00facleos de poblaci\u00f3n m\u00e1s peque\u00f1os la fibra todav\u00eda no alcanza la mitad de los hogares, mientras que en las m\u00e1s grandes se acerca al 75%:<strong>\u00a0<\/strong><\/p>\n<p style=\"text-align: justify;\"><strong>Tipos de banda ancha fija seg\u00fan poblaci\u00f3n del municipio (% de hogares)<\/strong><\/p>\n<p style=\"text-align: justify;\"><img decoding=\"async\" class=\"aligncenter wp-image-1039372 size-full lazyload\" data-src=\"https:\/\/www.ugtcomunicaciones.es\/wordpress\/wp-content\/uploads\/2022\/08\/Espana_04.jpg\" alt=\"\" width=\"643\" height=\"403\" data-srcset=\"https:\/\/www.ugtcomunicaciones.es\/wordpress\/wp-content\/uploads\/2022\/08\/Espana_04.jpg 643w, https:\/\/www.ugtcomunicaciones.es\/wordpress\/wp-content\/uploads\/2022\/08\/Espana_04-300x188.jpg 300w, https:\/\/www.ugtcomunicaciones.es\/wordpress\/wp-content\/uploads\/2022\/08\/Espana_04-640x401.jpg 640w\" data-sizes=\"(max-width: 643px) 100vw, 643px\" src=\"data:image\/svg+xml;base64,PHN2ZyB3aWR0aD0iMSIgaGVpZ2h0PSIxIiB4bWxucz0iaHR0cDovL3d3dy53My5vcmcvMjAwMC9zdmciPjwvc3ZnPg==\" style=\"--smush-placeholder-width: 643px; --smush-placeholder-aspect-ratio: 643\/403;\" \/><\/p>\n<p style=\"text-align: justify;\">Finalizamos este somero an\u00e1lisis con la TV de pago y los motivos que se confiesan para contratarla. Si en 2017 las principales razones eran, por un lado, que \u201cven\u00eda\u201d con el producto empaquetado, y por otro, los deportes, en 2021 han ganado peso las series y el cine. No obstante, el que se ofrezca como parte integral de un producto integrado sigue siendo la principal motivaci\u00f3n para su adquisici\u00f3n:<\/p>\n<p style=\"text-align: justify;\"><strong>Raz\u00f3n principal para tener televisi\u00f3n de pago en el hogar (% de hogares)<\/strong><\/p>\n<p><img decoding=\"async\" class=\"aligncenter wp-image-1039371 size-full lazyload\" data-src=\"https:\/\/www.ugtcomunicaciones.es\/wordpress\/wp-content\/uploads\/2022\/08\/Espana_05.jpg\" alt=\"\" width=\"731\" height=\"451\" data-srcset=\"https:\/\/www.ugtcomunicaciones.es\/wordpress\/wp-content\/uploads\/2022\/08\/Espana_05.jpg 731w, https:\/\/www.ugtcomunicaciones.es\/wordpress\/wp-content\/uploads\/2022\/08\/Espana_05-300x185.jpg 300w, https:\/\/www.ugtcomunicaciones.es\/wordpress\/wp-content\/uploads\/2022\/08\/Espana_05-681x420.jpg 681w, https:\/\/www.ugtcomunicaciones.es\/wordpress\/wp-content\/uploads\/2022\/08\/Espana_05-640x395.jpg 640w\" data-sizes=\"(max-width: 731px) 100vw, 731px\" src=\"data:image\/svg+xml;base64,PHN2ZyB3aWR0aD0iMSIgaGVpZ2h0PSIxIiB4bWxucz0iaHR0cDovL3d3dy53My5vcmcvMjAwMC9zdmciPjwvc3ZnPg==\" style=\"--smush-placeholder-width: 731px; --smush-placeholder-aspect-ratio: 731\/451;\" \/><\/p>\n<h4 style=\"text-align: right;\"><span style=\"color: #ff0000;\"><strong>UGT<\/strong><\/span><strong> Comunicaciones<\/strong><\/h4>\n<p>&nbsp;<\/p>\n","protected":false},"excerpt":{"rendered":"<p>Pasamos a examinar las \u00faltimas estad\u00edsticas publicadas por la CNMC en su Panel de Hogares de la CNMC, sobre el comportamiento, uso y penetraci\u00f3n de las TIC para el 4T2021. Obviando la casi universalidad de Internet en las casas, las noticias provienen de dos m\u00e9tricas: la de hogares con telefon\u00eda fija y los que disponen [&hellip;]<\/p>\n","protected":false},"author":3,"featured_media":1039384,"comment_status":"closed","ping_status":"closed","sticky":false,"template":"","format":"standard","meta":{"footnotes":""},"categories":[13,12],"tags":[],"class_list":["post-1039369","post","type-post","status-publish","format-standard","has-post-thumbnail","hentry","category-mercado-comunicaciones","category-regulacion"],"yoast_head":"<!-- This site is optimized with the Yoast SEO Premium plugin v27.3 (Yoast SEO v27.4) - https:\/\/yoast.com\/product\/yoast-seo-premium-wordpress\/ -->\n<title>Espa\u00f1a y las TIC 4t2021: un 25% de los hogares ya no tiene tel\u00e9fono fijo - UGT Comunicaciones<\/title>\n<meta name=\"robots\" content=\"index, follow, max-snippet:-1, max-image-preview:large, max-video-preview:-1\" \/>\n<link rel=\"canonical\" href=\"https:\/\/www.ugtcomunicaciones.es\/wordpress\/espana-y-las-tic-4t2021-un-25-de-los-hogares-ya-no-tiene-telefono-fijo\/\" \/>\n<meta property=\"og:locale\" content=\"es_ES\" \/>\n<meta property=\"og:type\" content=\"article\" \/>\n<meta property=\"og:title\" content=\"Espa\u00f1a y las TIC 4t2021: un 25% de los hogares ya no tiene tel\u00e9fono fijo\" \/>\n<meta property=\"og:description\" content=\"Pasamos a examinar las \u00faltimas estad\u00edsticas publicadas por la CNMC en su Panel de Hogares de la CNMC, sobre el comportamiento, uso y penetraci\u00f3n de las TIC para el 4T2021. Obviando la casi universalidad de Internet en las casas, las noticias provienen de dos m\u00e9tricas: la de hogares con telefon\u00eda fija y los que disponen [&hellip;]\" \/>\n<meta property=\"og:url\" content=\"https:\/\/www.ugtcomunicaciones.es\/wordpress\/espana-y-las-tic-4t2021-un-25-de-los-hogares-ya-no-tiene-telefono-fijo\/\" \/>\n<meta property=\"og:site_name\" content=\"UGT Comunicaciones\" \/>\n<meta property=\"article:publisher\" content=\"https:\/\/www.facebook.com\/ugt.comunicaciones\/\" \/>\n<meta property=\"article:published_time\" content=\"2022-09-05T05:00:53+00:00\" \/>\n<meta property=\"og:image\" content=\"https:\/\/www.ugtcomunicaciones.es\/wordpress\/wp-content\/uploads\/2022\/08\/Espana_06.jpg\" \/>\n\t<meta property=\"og:image:width\" content=\"600\" \/>\n\t<meta property=\"og:image:height\" content=\"314\" \/>\n\t<meta property=\"og:image:type\" content=\"image\/jpeg\" \/>\n<meta name=\"author\" content=\"UGT\" \/>\n<meta name=\"twitter:card\" content=\"summary_large_image\" \/>\n<meta name=\"twitter:creator\" content=\"@ugtcom\" \/>\n<meta name=\"twitter:site\" content=\"@ugtcom\" \/>\n<meta name=\"twitter:label1\" content=\"Escrito por\" \/>\n\t<meta name=\"twitter:data1\" content=\"UGT\" \/>\n\t<meta name=\"twitter:label2\" content=\"Tiempo de lectura\" \/>\n\t<meta name=\"twitter:data2\" content=\"3 minutos\" \/>\n<script type=\"application\/ld+json\" class=\"yoast-schema-graph\">{\"@context\":\"https:\\\/\\\/schema.org\",\"@graph\":[{\"@type\":\"Article\",\"@id\":\"https:\\\/\\\/www.ugtcomunicaciones.es\\\/wordpress\\\/espana-y-las-tic-4t2021-un-25-de-los-hogares-ya-no-tiene-telefono-fijo\\\/#article\",\"isPartOf\":{\"@id\":\"https:\\\/\\\/www.ugtcomunicaciones.es\\\/wordpress\\\/espana-y-las-tic-4t2021-un-25-de-los-hogares-ya-no-tiene-telefono-fijo\\\/\"},\"author\":{\"name\":\"UGT\",\"@id\":\"https:\\\/\\\/www.ugtcomunicaciones.es\\\/wordpress\\\/#\\\/schema\\\/person\\\/eba0fc3fe5b444531d94d4368cba89ed\"},\"headline\":\"Espa\u00f1a y las TIC 4t2021: un 25% de los hogares ya no tiene tel\u00e9fono fijo\",\"datePublished\":\"2022-09-05T05:00:53+00:00\",\"mainEntityOfPage\":{\"@id\":\"https:\\\/\\\/www.ugtcomunicaciones.es\\\/wordpress\\\/espana-y-las-tic-4t2021-un-25-de-los-hogares-ya-no-tiene-telefono-fijo\\\/\"},\"wordCount\":426,\"publisher\":{\"@id\":\"https:\\\/\\\/www.ugtcomunicaciones.es\\\/wordpress\\\/#organization\"},\"image\":{\"@id\":\"https:\\\/\\\/www.ugtcomunicaciones.es\\\/wordpress\\\/espana-y-las-tic-4t2021-un-25-de-los-hogares-ya-no-tiene-telefono-fijo\\\/#primaryimage\"},\"thumbnailUrl\":\"https:\\\/\\\/www.ugtcomunicaciones.es\\\/wordpress\\\/wp-content\\\/uploads\\\/2022\\\/08\\\/Espana_06.jpg\",\"articleSection\":[\"Mercado Comunicaciones\",\"Regulaci\u00f3n\"],\"inLanguage\":\"es\"},{\"@type\":\"WebPage\",\"@id\":\"https:\\\/\\\/www.ugtcomunicaciones.es\\\/wordpress\\\/espana-y-las-tic-4t2021-un-25-de-los-hogares-ya-no-tiene-telefono-fijo\\\/\",\"url\":\"https:\\\/\\\/www.ugtcomunicaciones.es\\\/wordpress\\\/espana-y-las-tic-4t2021-un-25-de-los-hogares-ya-no-tiene-telefono-fijo\\\/\",\"name\":\"Espa\u00f1a y las TIC 4t2021: un 25% de los hogares ya no tiene tel\u00e9fono fijo - UGT Comunicaciones\",\"isPartOf\":{\"@id\":\"https:\\\/\\\/www.ugtcomunicaciones.es\\\/wordpress\\\/#website\"},\"primaryImageOfPage\":{\"@id\":\"https:\\\/\\\/www.ugtcomunicaciones.es\\\/wordpress\\\/espana-y-las-tic-4t2021-un-25-de-los-hogares-ya-no-tiene-telefono-fijo\\\/#primaryimage\"},\"image\":{\"@id\":\"https:\\\/\\\/www.ugtcomunicaciones.es\\\/wordpress\\\/espana-y-las-tic-4t2021-un-25-de-los-hogares-ya-no-tiene-telefono-fijo\\\/#primaryimage\"},\"thumbnailUrl\":\"https:\\\/\\\/www.ugtcomunicaciones.es\\\/wordpress\\\/wp-content\\\/uploads\\\/2022\\\/08\\\/Espana_06.jpg\",\"datePublished\":\"2022-09-05T05:00:53+00:00\",\"breadcrumb\":{\"@id\":\"https:\\\/\\\/www.ugtcomunicaciones.es\\\/wordpress\\\/espana-y-las-tic-4t2021-un-25-de-los-hogares-ya-no-tiene-telefono-fijo\\\/#breadcrumb\"},\"inLanguage\":\"es\",\"potentialAction\":[{\"@type\":\"ReadAction\",\"target\":[\"https:\\\/\\\/www.ugtcomunicaciones.es\\\/wordpress\\\/espana-y-las-tic-4t2021-un-25-de-los-hogares-ya-no-tiene-telefono-fijo\\\/\"]}]},{\"@type\":\"ImageObject\",\"inLanguage\":\"es\",\"@id\":\"https:\\\/\\\/www.ugtcomunicaciones.es\\\/wordpress\\\/espana-y-las-tic-4t2021-un-25-de-los-hogares-ya-no-tiene-telefono-fijo\\\/#primaryimage\",\"url\":\"https:\\\/\\\/www.ugtcomunicaciones.es\\\/wordpress\\\/wp-content\\\/uploads\\\/2022\\\/08\\\/Espana_06.jpg\",\"contentUrl\":\"https:\\\/\\\/www.ugtcomunicaciones.es\\\/wordpress\\\/wp-content\\\/uploads\\\/2022\\\/08\\\/Espana_06.jpg\",\"width\":600,\"height\":314},{\"@type\":\"BreadcrumbList\",\"@id\":\"https:\\\/\\\/www.ugtcomunicaciones.es\\\/wordpress\\\/espana-y-las-tic-4t2021-un-25-de-los-hogares-ya-no-tiene-telefono-fijo\\\/#breadcrumb\",\"itemListElement\":[{\"@type\":\"ListItem\",\"position\":1,\"name\":\"Portada\",\"item\":\"https:\\\/\\\/www.ugtcomunicaciones.es\\\/wordpress\\\/\"},{\"@type\":\"ListItem\",\"position\":2,\"name\":\"Espa\u00f1a y las TIC 4t2021: un 25% de los hogares ya no tiene tel\u00e9fono fijo\"}]},{\"@type\":\"WebSite\",\"@id\":\"https:\\\/\\\/www.ugtcomunicaciones.es\\\/wordpress\\\/#website\",\"url\":\"https:\\\/\\\/www.ugtcomunicaciones.es\\\/wordpress\\\/\",\"name\":\"UGT Comunicaciones\",\"description\":\"Sindicato de Telecomunicaciones\",\"publisher\":{\"@id\":\"https:\\\/\\\/www.ugtcomunicaciones.es\\\/wordpress\\\/#organization\"},\"potentialAction\":[{\"@type\":\"SearchAction\",\"target\":{\"@type\":\"EntryPoint\",\"urlTemplate\":\"https:\\\/\\\/www.ugtcomunicaciones.es\\\/wordpress\\\/?s={search_term_string}\"},\"query-input\":{\"@type\":\"PropertyValueSpecification\",\"valueRequired\":true,\"valueName\":\"search_term_string\"}}],\"inLanguage\":\"es\"},{\"@type\":\"Organization\",\"@id\":\"https:\\\/\\\/www.ugtcomunicaciones.es\\\/wordpress\\\/#organization\",\"name\":\"UGT Comunicaciones\",\"url\":\"https:\\\/\\\/www.ugtcomunicaciones.es\\\/wordpress\\\/\",\"logo\":{\"@type\":\"ImageObject\",\"inLanguage\":\"es\",\"@id\":\"https:\\\/\\\/www.ugtcomunicaciones.es\\\/wordpress\\\/#\\\/schema\\\/logo\\\/image\\\/\",\"url\":\"https:\\\/\\\/www.ugtcomunicaciones.es\\\/wordpress\\\/wp-content\\\/uploads\\\/2024\\\/04\\\/comunicaciones_logo.png\",\"contentUrl\":\"https:\\\/\\\/www.ugtcomunicaciones.es\\\/wordpress\\\/wp-content\\\/uploads\\\/2024\\\/04\\\/comunicaciones_logo.png\",\"width\":298,\"height\":81,\"caption\":\"UGT Comunicaciones\"},\"image\":{\"@id\":\"https:\\\/\\\/www.ugtcomunicaciones.es\\\/wordpress\\\/#\\\/schema\\\/logo\\\/image\\\/\"},\"sameAs\":[\"https:\\\/\\\/www.facebook.com\\\/ugt.comunicaciones\\\/\",\"https:\\\/\\\/x.com\\\/ugtcom\"]},{\"@type\":\"Person\",\"@id\":\"https:\\\/\\\/www.ugtcomunicaciones.es\\\/wordpress\\\/#\\\/schema\\\/person\\\/eba0fc3fe5b444531d94d4368cba89ed\",\"name\":\"UGT\",\"image\":{\"@type\":\"ImageObject\",\"inLanguage\":\"es\",\"@id\":\"https:\\\/\\\/secure.gravatar.com\\\/avatar\\\/2a16057d620a4c646bcfc171c4f23030879ebbdd346f0525bd5d4a564e57e13d?s=96&d=mm&r=g\",\"url\":\"https:\\\/\\\/secure.gravatar.com\\\/avatar\\\/2a16057d620a4c646bcfc171c4f23030879ebbdd346f0525bd5d4a564e57e13d?s=96&d=mm&r=g\",\"contentUrl\":\"https:\\\/\\\/secure.gravatar.com\\\/avatar\\\/2a16057d620a4c646bcfc171c4f23030879ebbdd346f0525bd5d4a564e57e13d?s=96&d=mm&r=g\",\"caption\":\"UGT\"}}]}<\/script>\n<!-- \/ Yoast SEO Premium plugin. -->","yoast_head_json":{"title":"Espa\u00f1a y las TIC 4t2021: un 25% de los hogares ya no tiene tel\u00e9fono fijo - UGT Comunicaciones","robots":{"index":"index","follow":"follow","max-snippet":"max-snippet:-1","max-image-preview":"max-image-preview:large","max-video-preview":"max-video-preview:-1"},"canonical":"https:\/\/www.ugtcomunicaciones.es\/wordpress\/espana-y-las-tic-4t2021-un-25-de-los-hogares-ya-no-tiene-telefono-fijo\/","og_locale":"es_ES","og_type":"article","og_title":"Espa\u00f1a y las TIC 4t2021: un 25% de los hogares ya no tiene tel\u00e9fono fijo","og_description":"Pasamos a examinar las \u00faltimas estad\u00edsticas publicadas por la CNMC en su Panel de Hogares de la CNMC, sobre el comportamiento, uso y penetraci\u00f3n de las TIC para el 4T2021. Obviando la casi universalidad de Internet en las casas, las noticias provienen de dos m\u00e9tricas: la de hogares con telefon\u00eda fija y los que disponen [&hellip;]","og_url":"https:\/\/www.ugtcomunicaciones.es\/wordpress\/espana-y-las-tic-4t2021-un-25-de-los-hogares-ya-no-tiene-telefono-fijo\/","og_site_name":"UGT Comunicaciones","article_publisher":"https:\/\/www.facebook.com\/ugt.comunicaciones\/","article_published_time":"2022-09-05T05:00:53+00:00","og_image":[{"width":600,"height":314,"url":"https:\/\/www.ugtcomunicaciones.es\/wordpress\/wp-content\/uploads\/2022\/08\/Espana_06.jpg","type":"image\/jpeg"}],"author":"UGT","twitter_card":"summary_large_image","twitter_creator":"@ugtcom","twitter_site":"@ugtcom","twitter_misc":{"Escrito por":"UGT","Tiempo de lectura":"3 minutos"},"schema":{"@context":"https:\/\/schema.org","@graph":[{"@type":"Article","@id":"https:\/\/www.ugtcomunicaciones.es\/wordpress\/espana-y-las-tic-4t2021-un-25-de-los-hogares-ya-no-tiene-telefono-fijo\/#article","isPartOf":{"@id":"https:\/\/www.ugtcomunicaciones.es\/wordpress\/espana-y-las-tic-4t2021-un-25-de-los-hogares-ya-no-tiene-telefono-fijo\/"},"author":{"name":"UGT","@id":"https:\/\/www.ugtcomunicaciones.es\/wordpress\/#\/schema\/person\/eba0fc3fe5b444531d94d4368cba89ed"},"headline":"Espa\u00f1a y las TIC 4t2021: un 25% de los hogares ya no tiene tel\u00e9fono fijo","datePublished":"2022-09-05T05:00:53+00:00","mainEntityOfPage":{"@id":"https:\/\/www.ugtcomunicaciones.es\/wordpress\/espana-y-las-tic-4t2021-un-25-de-los-hogares-ya-no-tiene-telefono-fijo\/"},"wordCount":426,"publisher":{"@id":"https:\/\/www.ugtcomunicaciones.es\/wordpress\/#organization"},"image":{"@id":"https:\/\/www.ugtcomunicaciones.es\/wordpress\/espana-y-las-tic-4t2021-un-25-de-los-hogares-ya-no-tiene-telefono-fijo\/#primaryimage"},"thumbnailUrl":"https:\/\/www.ugtcomunicaciones.es\/wordpress\/wp-content\/uploads\/2022\/08\/Espana_06.jpg","articleSection":["Mercado Comunicaciones","Regulaci\u00f3n"],"inLanguage":"es"},{"@type":"WebPage","@id":"https:\/\/www.ugtcomunicaciones.es\/wordpress\/espana-y-las-tic-4t2021-un-25-de-los-hogares-ya-no-tiene-telefono-fijo\/","url":"https:\/\/www.ugtcomunicaciones.es\/wordpress\/espana-y-las-tic-4t2021-un-25-de-los-hogares-ya-no-tiene-telefono-fijo\/","name":"Espa\u00f1a y las TIC 4t2021: un 25% de los hogares ya no tiene tel\u00e9fono fijo - UGT Comunicaciones","isPartOf":{"@id":"https:\/\/www.ugtcomunicaciones.es\/wordpress\/#website"},"primaryImageOfPage":{"@id":"https:\/\/www.ugtcomunicaciones.es\/wordpress\/espana-y-las-tic-4t2021-un-25-de-los-hogares-ya-no-tiene-telefono-fijo\/#primaryimage"},"image":{"@id":"https:\/\/www.ugtcomunicaciones.es\/wordpress\/espana-y-las-tic-4t2021-un-25-de-los-hogares-ya-no-tiene-telefono-fijo\/#primaryimage"},"thumbnailUrl":"https:\/\/www.ugtcomunicaciones.es\/wordpress\/wp-content\/uploads\/2022\/08\/Espana_06.jpg","datePublished":"2022-09-05T05:00:53+00:00","breadcrumb":{"@id":"https:\/\/www.ugtcomunicaciones.es\/wordpress\/espana-y-las-tic-4t2021-un-25-de-los-hogares-ya-no-tiene-telefono-fijo\/#breadcrumb"},"inLanguage":"es","potentialAction":[{"@type":"ReadAction","target":["https:\/\/www.ugtcomunicaciones.es\/wordpress\/espana-y-las-tic-4t2021-un-25-de-los-hogares-ya-no-tiene-telefono-fijo\/"]}]},{"@type":"ImageObject","inLanguage":"es","@id":"https:\/\/www.ugtcomunicaciones.es\/wordpress\/espana-y-las-tic-4t2021-un-25-de-los-hogares-ya-no-tiene-telefono-fijo\/#primaryimage","url":"https:\/\/www.ugtcomunicaciones.es\/wordpress\/wp-content\/uploads\/2022\/08\/Espana_06.jpg","contentUrl":"https:\/\/www.ugtcomunicaciones.es\/wordpress\/wp-content\/uploads\/2022\/08\/Espana_06.jpg","width":600,"height":314},{"@type":"BreadcrumbList","@id":"https:\/\/www.ugtcomunicaciones.es\/wordpress\/espana-y-las-tic-4t2021-un-25-de-los-hogares-ya-no-tiene-telefono-fijo\/#breadcrumb","itemListElement":[{"@type":"ListItem","position":1,"name":"Portada","item":"https:\/\/www.ugtcomunicaciones.es\/wordpress\/"},{"@type":"ListItem","position":2,"name":"Espa\u00f1a y las TIC 4t2021: un 25% de los hogares ya no tiene tel\u00e9fono fijo"}]},{"@type":"WebSite","@id":"https:\/\/www.ugtcomunicaciones.es\/wordpress\/#website","url":"https:\/\/www.ugtcomunicaciones.es\/wordpress\/","name":"UGT Comunicaciones","description":"Sindicato de Telecomunicaciones","publisher":{"@id":"https:\/\/www.ugtcomunicaciones.es\/wordpress\/#organization"},"potentialAction":[{"@type":"SearchAction","target":{"@type":"EntryPoint","urlTemplate":"https:\/\/www.ugtcomunicaciones.es\/wordpress\/?s={search_term_string}"},"query-input":{"@type":"PropertyValueSpecification","valueRequired":true,"valueName":"search_term_string"}}],"inLanguage":"es"},{"@type":"Organization","@id":"https:\/\/www.ugtcomunicaciones.es\/wordpress\/#organization","name":"UGT Comunicaciones","url":"https:\/\/www.ugtcomunicaciones.es\/wordpress\/","logo":{"@type":"ImageObject","inLanguage":"es","@id":"https:\/\/www.ugtcomunicaciones.es\/wordpress\/#\/schema\/logo\/image\/","url":"https:\/\/www.ugtcomunicaciones.es\/wordpress\/wp-content\/uploads\/2024\/04\/comunicaciones_logo.png","contentUrl":"https:\/\/www.ugtcomunicaciones.es\/wordpress\/wp-content\/uploads\/2024\/04\/comunicaciones_logo.png","width":298,"height":81,"caption":"UGT Comunicaciones"},"image":{"@id":"https:\/\/www.ugtcomunicaciones.es\/wordpress\/#\/schema\/logo\/image\/"},"sameAs":["https:\/\/www.facebook.com\/ugt.comunicaciones\/","https:\/\/x.com\/ugtcom"]},{"@type":"Person","@id":"https:\/\/www.ugtcomunicaciones.es\/wordpress\/#\/schema\/person\/eba0fc3fe5b444531d94d4368cba89ed","name":"UGT","image":{"@type":"ImageObject","inLanguage":"es","@id":"https:\/\/secure.gravatar.com\/avatar\/2a16057d620a4c646bcfc171c4f23030879ebbdd346f0525bd5d4a564e57e13d?s=96&d=mm&r=g","url":"https:\/\/secure.gravatar.com\/avatar\/2a16057d620a4c646bcfc171c4f23030879ebbdd346f0525bd5d4a564e57e13d?s=96&d=mm&r=g","contentUrl":"https:\/\/secure.gravatar.com\/avatar\/2a16057d620a4c646bcfc171c4f23030879ebbdd346f0525bd5d4a564e57e13d?s=96&d=mm&r=g","caption":"UGT"}}]}},"_links":{"self":[{"href":"https:\/\/www.ugtcomunicaciones.es\/wordpress\/wp-json\/wp\/v2\/posts\/1039369","targetHints":{"allow":["GET"]}}],"collection":[{"href":"https:\/\/www.ugtcomunicaciones.es\/wordpress\/wp-json\/wp\/v2\/posts"}],"about":[{"href":"https:\/\/www.ugtcomunicaciones.es\/wordpress\/wp-json\/wp\/v2\/types\/post"}],"author":[{"embeddable":true,"href":"https:\/\/www.ugtcomunicaciones.es\/wordpress\/wp-json\/wp\/v2\/users\/3"}],"replies":[{"embeddable":true,"href":"https:\/\/www.ugtcomunicaciones.es\/wordpress\/wp-json\/wp\/v2\/comments?post=1039369"}],"version-history":[{"count":0,"href":"https:\/\/www.ugtcomunicaciones.es\/wordpress\/wp-json\/wp\/v2\/posts\/1039369\/revisions"}],"wp:featuredmedia":[{"embeddable":true,"href":"https:\/\/www.ugtcomunicaciones.es\/wordpress\/wp-json\/wp\/v2\/media\/1039384"}],"wp:attachment":[{"href":"https:\/\/www.ugtcomunicaciones.es\/wordpress\/wp-json\/wp\/v2\/media?parent=1039369"}],"wp:term":[{"taxonomy":"category","embeddable":true,"href":"https:\/\/www.ugtcomunicaciones.es\/wordpress\/wp-json\/wp\/v2\/categories?post=1039369"},{"taxonomy":"post_tag","embeddable":true,"href":"https:\/\/www.ugtcomunicaciones.es\/wordpress\/wp-json\/wp\/v2\/tags?post=1039369"}],"curies":[{"name":"wp","href":"https:\/\/api.w.org\/{rel}","templated":true}]}}