{"id":1039402,"date":"2022-09-05T07:00:58","date_gmt":"2022-09-05T05:00:58","guid":{"rendered":"https:\/\/www.ugtcomunicaciones.es\/wordpress\/?p=1039402"},"modified":"2022-08-18T13:26:01","modified_gmt":"2022-08-18T11:26:01","slug":"desciende-el-gasto-en-telecos-en-los-hogares-mientras-el-ipc-se-fue-al-65","status":"publish","type":"post","link":"https:\/\/www.ugtcomunicaciones.es\/wordpress\/desciende-el-gasto-en-telecos-en-los-hogares-mientras-el-ipc-se-fue-al-65\/","title":{"rendered":"Desciende el gasto en Telecos en los hogares, mientras el IPC se fu\u00e9 al 6,5%"},"content":{"rendered":"<p style=\"text-align: justify;\">Contin\u00faa las pruebas que constatan la aberraci\u00f3n de los precios en el sector telco. La \u00faltima prueba viene desde el INE, en Encuesta de presupuestos familiares correspondiente al a\u00f1o 2021<sup class=\"modern-footnotes-footnote \" data-mfn=\"1\" data-mfn-post-scope=\"00000000000041470000000000000000_1039402\"><a href=\"javascript:void(0)\"  role=\"button\" aria-pressed=\"false\" aria-describedby=\"mfn-content-00000000000041470000000000000000_1039402-1\">1<\/a><\/sup><span id=\"mfn-content-00000000000041470000000000000000_1039402-1\" role=\"tooltip\" class=\"modern-footnotes-footnote__note\" tabindex=\"0\" data-mfn=\"1\"><a href=\"https:\/\/www.ine.es\/dyngs\/INEbase\/es\/operacion.htm?c=Estadistica_C&amp;cid=1254736176806&amp;menu=ultiDatos&amp;idp=1254735976608\" target=\"_blank\" rel=\"noopener\">https:\/\/www.ine.es\/dyngs\/INEbase\/es\/operacion.htm?c=Estadistica_C&amp;cid=1254736176806&amp;menu=ultiDatos&amp;idp=1254735976608<\/a><\/span>.<\/p>\n<p style=\"text-align: justify;\">Seg\u00fan los datos de dicha Encuesta, el Gasto medio anual por hogar en comunicaciones ascendi\u00f3 a 936 euros, lo que supone un descenso del 0,3%&#8230;cuando en ese mismo a\u00f1o 2021 el IPC si situ\u00f3 en el 6,5%. De hecho, el gasto total de los hogares aument\u00f3 un 8,3% y tenemos algunos servicios que superaron los dos d\u00edgitos (ocio y cultura, un +15%; restaurantes y hoteles, un +30,6%). Comunicaciones fue la \u00fanica actividad que descendi\u00f3 su gastos acumulado en todo el ejercicio 2021. En la siguiente gr\u00e1fica se puede ver la evoluci\u00f3n desde 2006, con los datos acumulados (barras azules) y la evoluci\u00f3n interanual (l\u00ednea roja).<\/p>\n<p style=\"text-align: justify;\"><strong>Gasto medio anual por hogar en comunicaciones 2006-2021, INE<\/strong><\/p>\n<p><img decoding=\"async\" class=\"aligncenter wp-image-1039407 size-full lazyload\" data-src=\"https:\/\/www.ugtcomunicaciones.es\/wordpress\/wp-content\/uploads\/2022\/09\/Telecos-01.jpg\" alt=\"\" width=\"669\" height=\"460\" data-srcset=\"https:\/\/www.ugtcomunicaciones.es\/wordpress\/wp-content\/uploads\/2022\/09\/Telecos-01.jpg 669w, https:\/\/www.ugtcomunicaciones.es\/wordpress\/wp-content\/uploads\/2022\/09\/Telecos-01-300x206.jpg 300w, https:\/\/www.ugtcomunicaciones.es\/wordpress\/wp-content\/uploads\/2022\/09\/Telecos-01-611x420.jpg 611w, https:\/\/www.ugtcomunicaciones.es\/wordpress\/wp-content\/uploads\/2022\/09\/Telecos-01-640x440.jpg 640w\" data-sizes=\"(max-width: 669px) 100vw, 669px\" src=\"data:image\/svg+xml;base64,PHN2ZyB3aWR0aD0iMSIgaGVpZ2h0PSIxIiB4bWxucz0iaHR0cDovL3d3dy53My5vcmcvMjAwMC9zdmciPjwvc3ZnPg==\" style=\"--smush-placeholder-width: 669px; --smush-placeholder-aspect-ratio: 669\/460;\" \/><\/p>\n<p style=\"text-align: justify;\">Pero el INE no es el \u00fanico organismo que recientemente ha publicado datos sobre gastos en telecos. As\u00ed, la CNMC, en su Panel de Hogares del 4T2021 advert\u00eda que \u201c<em>El gasto por hogar en ofertas de telecomunicaciones como el paquete cu\u00e1druple o el servicio de telefon\u00eda de pospago disminuy\u00f3 en 2021<sup class=\"modern-footnotes-footnote \" data-mfn=\"2\" data-mfn-post-scope=\"00000000000041470000000000000000_1039402\"><a href=\"javascript:void(0)\"  role=\"button\" aria-pressed=\"false\" aria-describedby=\"mfn-content-00000000000041470000000000000000_1039402-2\">2<\/a><\/sup><span id=\"mfn-content-00000000000041470000000000000000_1039402-2\" role=\"tooltip\" class=\"modern-footnotes-footnote__note\" tabindex=\"0\" data-mfn=\"2\"><a href=\"https:\/\/www.cnmc.es\/prensa\/panel-hogares-telecos-20220617\" target=\"_blank\" rel=\"noopener\">https:\/\/www.cnmc.es\/prensa\/panel-hogares-telecos-20220617<\/a><\/span>\u201d<\/em>, para afirmar que <em>\u201cel precio medio de los paquetes cu\u00e1druples (telefon\u00eda fija y m\u00f3vil, banda ancha fija y m\u00f3vil) se redujo casi un 5% con respecto al a\u00f1o anterior y el gasto en telefon\u00eda m\u00f3vil de pospago un 6,8%\u201d<\/em>. Adem\u00e1s, el servicio de telefon\u00eda m\u00f3vil no empaquetado cay\u00f3 un 6,8% respecto a finales de 2020, situ\u00e1ndose en 13,1 \u20ac al mes.<\/p>\n<p style=\"text-align: center;\"><strong>Gastos medios por hogar en los paquetes m\u00e1s contratados (\u20ac\/mes), CNMC<\/strong><\/p>\n<p><img decoding=\"async\" class=\"aligncenter wp-image-1039406 size-full lazyload\" data-src=\"https:\/\/www.ugtcomunicaciones.es\/wordpress\/wp-content\/uploads\/2022\/09\/Telecos-02.jpg\" alt=\"\" width=\"600\" height=\"244\" data-srcset=\"https:\/\/www.ugtcomunicaciones.es\/wordpress\/wp-content\/uploads\/2022\/09\/Telecos-02.jpg 600w, https:\/\/www.ugtcomunicaciones.es\/wordpress\/wp-content\/uploads\/2022\/09\/Telecos-02-300x122.jpg 300w\" data-sizes=\"(max-width: 600px) 100vw, 600px\" src=\"data:image\/svg+xml;base64,PHN2ZyB3aWR0aD0iMSIgaGVpZ2h0PSIxIiB4bWxucz0iaHR0cDovL3d3dy53My5vcmcvMjAwMC9zdmciPjwvc3ZnPg==\" style=\"--smush-placeholder-width: 600px; --smush-placeholder-aspect-ratio: 600\/244;\" \/><\/p>\n<p style=\"text-align: justify;\">Cabe recordar que, en los \u00faltimos meses, el \u00fanico \u00edndice sectorial en negativo es del Comunicaciones (-0,2 en mayo), mientras que el general se acerca peligrosamente al 9%<sup class=\"modern-footnotes-footnote \" data-mfn=\"3\" data-mfn-post-scope=\"00000000000041470000000000000000_1039402\"><a href=\"javascript:void(0)\"  role=\"button\" aria-pressed=\"false\" aria-describedby=\"mfn-content-00000000000041470000000000000000_1039402-3\">3<\/a><\/sup><span id=\"mfn-content-00000000000041470000000000000000_1039402-3\" role=\"tooltip\" class=\"modern-footnotes-footnote__note\" tabindex=\"0\" data-mfn=\"3\"><a href=\"https:\/\/www.ine.es\/dyngs\/INEbase\/es\/operacion.htm?c=Estadistica_C&amp;cid=1254736176802&amp;menu=ultiDatos&amp;idp=1254735976607\" target=\"_blank\" rel=\"noopener\">https:\/\/www.ine.es\/dyngs\/INEbase\/es\/operacion.htm?c=Estadistica_C&amp;cid=1254736176802&amp;menu=ultiDatos&amp;idp=1254735976607<\/a><\/span>.<\/p>\n<p style=\"text-align: justify;\"><strong><span style=\"color: #ff0000;\">UGT<\/span> Comunicaciones<\/strong> considera este efecto como insostenible. No es posible seguir prolongando esta disfunci\u00f3n por m\u00e1s tiempo. No es viable una actividad que, mientras toda la econom\u00eda incrementa sus precios, rebaja sus tarifas de forma ilimitada y continuada. Por nuestro futuro, esto debe cambiar.<\/p>\n<h4 style=\"text-align: right;\"><strong><span style=\"color: #ff0000;\">UGT<\/span> Comunicaciones<\/strong><\/h4>\n<p><a href=\"#_ftnref1\" name=\"_ftn1\"><\/a><\/p>\n","protected":false},"excerpt":{"rendered":"<p>Contin\u00faa las pruebas que constatan la aberraci\u00f3n de los precios en el sector telco. La \u00faltima prueba viene desde el INE, en Encuesta de presupuestos familiares correspondiente al a\u00f1o 2021. Seg\u00fan los datos de dicha Encuesta, el Gasto medio anual por hogar en comunicaciones ascendi\u00f3 a 936 euros, lo que supone un descenso del 0,3%&#8230;cuando [&hellip;]<\/p>\n","protected":false},"author":3,"featured_media":1039416,"comment_status":"closed","ping_status":"closed","sticky":false,"template":"","format":"standard","meta":{"footnotes":""},"categories":[14,12],"tags":[],"class_list":["post-1039402","post","type-post","status-publish","format-standard","has-post-thumbnail","hentry","category-opinion","category-regulacion"],"yoast_head":"<!-- This site is optimized with the Yoast SEO Premium plugin v27.3 (Yoast SEO v27.4) - https:\/\/yoast.com\/product\/yoast-seo-premium-wordpress\/ -->\n<title>Desciende el gasto en Telecos en los hogares, mientras el IPC se fu\u00e9 al 6,5% - UGT Comunicaciones<\/title>\n<meta name=\"robots\" content=\"index, follow, max-snippet:-1, max-image-preview:large, max-video-preview:-1\" \/>\n<link rel=\"canonical\" href=\"https:\/\/www.ugtcomunicaciones.es\/wordpress\/desciende-el-gasto-en-telecos-en-los-hogares-mientras-el-ipc-se-fue-al-65\/\" \/>\n<meta property=\"og:locale\" content=\"es_ES\" \/>\n<meta property=\"og:type\" content=\"article\" \/>\n<meta property=\"og:title\" content=\"Desciende el gasto en Telecos en los hogares, mientras el IPC se fu\u00e9 al 6,5%\" \/>\n<meta property=\"og:description\" content=\"Contin\u00faa las pruebas que constatan la aberraci\u00f3n de los precios en el sector telco. La \u00faltima prueba viene desde el INE, en Encuesta de presupuestos familiares correspondiente al a\u00f1o 2021. Seg\u00fan los datos de dicha Encuesta, el Gasto medio anual por hogar en comunicaciones ascendi\u00f3 a 936 euros, lo que supone un descenso del 0,3%&#8230;cuando [&hellip;]\" \/>\n<meta property=\"og:url\" content=\"https:\/\/www.ugtcomunicaciones.es\/wordpress\/desciende-el-gasto-en-telecos-en-los-hogares-mientras-el-ipc-se-fue-al-65\/\" \/>\n<meta property=\"og:site_name\" content=\"UGT Comunicaciones\" \/>\n<meta property=\"article:publisher\" content=\"https:\/\/www.facebook.com\/ugt.comunicaciones\/\" \/>\n<meta property=\"article:published_time\" content=\"2022-09-05T05:00:58+00:00\" \/>\n<meta property=\"og:image\" content=\"https:\/\/www.ugtcomunicaciones.es\/wordpress\/wp-content\/uploads\/2022\/09\/Telecos-03.jpg\" \/>\n\t<meta property=\"og:image:width\" content=\"600\" \/>\n\t<meta property=\"og:image:height\" content=\"338\" \/>\n\t<meta property=\"og:image:type\" content=\"image\/jpeg\" \/>\n<meta name=\"author\" content=\"UGT\" \/>\n<meta name=\"twitter:card\" content=\"summary_large_image\" \/>\n<meta name=\"twitter:creator\" content=\"@ugtcom\" \/>\n<meta name=\"twitter:site\" content=\"@ugtcom\" \/>\n<meta name=\"twitter:label1\" content=\"Escrito por\" \/>\n\t<meta name=\"twitter:data1\" content=\"UGT\" \/>\n\t<meta name=\"twitter:label2\" content=\"Tiempo de lectura\" \/>\n\t<meta name=\"twitter:data2\" content=\"2 minutos\" \/>\n<script type=\"application\/ld+json\" class=\"yoast-schema-graph\">{\"@context\":\"https:\\\/\\\/schema.org\",\"@graph\":[{\"@type\":\"Article\",\"@id\":\"https:\\\/\\\/www.ugtcomunicaciones.es\\\/wordpress\\\/desciende-el-gasto-en-telecos-en-los-hogares-mientras-el-ipc-se-fue-al-65\\\/#article\",\"isPartOf\":{\"@id\":\"https:\\\/\\\/www.ugtcomunicaciones.es\\\/wordpress\\\/desciende-el-gasto-en-telecos-en-los-hogares-mientras-el-ipc-se-fue-al-65\\\/\"},\"author\":{\"name\":\"UGT\",\"@id\":\"https:\\\/\\\/www.ugtcomunicaciones.es\\\/wordpress\\\/#\\\/schema\\\/person\\\/eba0fc3fe5b444531d94d4368cba89ed\"},\"headline\":\"Desciende el gasto en Telecos en los hogares, mientras el IPC se fu\u00e9 al 6,5%\",\"datePublished\":\"2022-09-05T05:00:58+00:00\",\"mainEntityOfPage\":{\"@id\":\"https:\\\/\\\/www.ugtcomunicaciones.es\\\/wordpress\\\/desciende-el-gasto-en-telecos-en-los-hogares-mientras-el-ipc-se-fue-al-65\\\/\"},\"wordCount\":416,\"publisher\":{\"@id\":\"https:\\\/\\\/www.ugtcomunicaciones.es\\\/wordpress\\\/#organization\"},\"image\":{\"@id\":\"https:\\\/\\\/www.ugtcomunicaciones.es\\\/wordpress\\\/desciende-el-gasto-en-telecos-en-los-hogares-mientras-el-ipc-se-fue-al-65\\\/#primaryimage\"},\"thumbnailUrl\":\"https:\\\/\\\/www.ugtcomunicaciones.es\\\/wordpress\\\/wp-content\\\/uploads\\\/2022\\\/09\\\/Telecos-03.jpg\",\"articleSection\":[\"Opini\u00f3n\",\"Regulaci\u00f3n\"],\"inLanguage\":\"es\"},{\"@type\":\"WebPage\",\"@id\":\"https:\\\/\\\/www.ugtcomunicaciones.es\\\/wordpress\\\/desciende-el-gasto-en-telecos-en-los-hogares-mientras-el-ipc-se-fue-al-65\\\/\",\"url\":\"https:\\\/\\\/www.ugtcomunicaciones.es\\\/wordpress\\\/desciende-el-gasto-en-telecos-en-los-hogares-mientras-el-ipc-se-fue-al-65\\\/\",\"name\":\"Desciende el gasto en Telecos en los hogares, mientras el IPC se fu\u00e9 al 6,5% - UGT Comunicaciones\",\"isPartOf\":{\"@id\":\"https:\\\/\\\/www.ugtcomunicaciones.es\\\/wordpress\\\/#website\"},\"primaryImageOfPage\":{\"@id\":\"https:\\\/\\\/www.ugtcomunicaciones.es\\\/wordpress\\\/desciende-el-gasto-en-telecos-en-los-hogares-mientras-el-ipc-se-fue-al-65\\\/#primaryimage\"},\"image\":{\"@id\":\"https:\\\/\\\/www.ugtcomunicaciones.es\\\/wordpress\\\/desciende-el-gasto-en-telecos-en-los-hogares-mientras-el-ipc-se-fue-al-65\\\/#primaryimage\"},\"thumbnailUrl\":\"https:\\\/\\\/www.ugtcomunicaciones.es\\\/wordpress\\\/wp-content\\\/uploads\\\/2022\\\/09\\\/Telecos-03.jpg\",\"datePublished\":\"2022-09-05T05:00:58+00:00\",\"breadcrumb\":{\"@id\":\"https:\\\/\\\/www.ugtcomunicaciones.es\\\/wordpress\\\/desciende-el-gasto-en-telecos-en-los-hogares-mientras-el-ipc-se-fue-al-65\\\/#breadcrumb\"},\"inLanguage\":\"es\",\"potentialAction\":[{\"@type\":\"ReadAction\",\"target\":[\"https:\\\/\\\/www.ugtcomunicaciones.es\\\/wordpress\\\/desciende-el-gasto-en-telecos-en-los-hogares-mientras-el-ipc-se-fue-al-65\\\/\"]}]},{\"@type\":\"ImageObject\",\"inLanguage\":\"es\",\"@id\":\"https:\\\/\\\/www.ugtcomunicaciones.es\\\/wordpress\\\/desciende-el-gasto-en-telecos-en-los-hogares-mientras-el-ipc-se-fue-al-65\\\/#primaryimage\",\"url\":\"https:\\\/\\\/www.ugtcomunicaciones.es\\\/wordpress\\\/wp-content\\\/uploads\\\/2022\\\/09\\\/Telecos-03.jpg\",\"contentUrl\":\"https:\\\/\\\/www.ugtcomunicaciones.es\\\/wordpress\\\/wp-content\\\/uploads\\\/2022\\\/09\\\/Telecos-03.jpg\",\"width\":600,\"height\":338},{\"@type\":\"BreadcrumbList\",\"@id\":\"https:\\\/\\\/www.ugtcomunicaciones.es\\\/wordpress\\\/desciende-el-gasto-en-telecos-en-los-hogares-mientras-el-ipc-se-fue-al-65\\\/#breadcrumb\",\"itemListElement\":[{\"@type\":\"ListItem\",\"position\":1,\"name\":\"Portada\",\"item\":\"https:\\\/\\\/www.ugtcomunicaciones.es\\\/wordpress\\\/\"},{\"@type\":\"ListItem\",\"position\":2,\"name\":\"Desciende el gasto en Telecos en los hogares, mientras el IPC se fu\u00e9 al 6,5%\"}]},{\"@type\":\"WebSite\",\"@id\":\"https:\\\/\\\/www.ugtcomunicaciones.es\\\/wordpress\\\/#website\",\"url\":\"https:\\\/\\\/www.ugtcomunicaciones.es\\\/wordpress\\\/\",\"name\":\"UGT Comunicaciones\",\"description\":\"Sindicato de Telecomunicaciones\",\"publisher\":{\"@id\":\"https:\\\/\\\/www.ugtcomunicaciones.es\\\/wordpress\\\/#organization\"},\"potentialAction\":[{\"@type\":\"SearchAction\",\"target\":{\"@type\":\"EntryPoint\",\"urlTemplate\":\"https:\\\/\\\/www.ugtcomunicaciones.es\\\/wordpress\\\/?s={search_term_string}\"},\"query-input\":{\"@type\":\"PropertyValueSpecification\",\"valueRequired\":true,\"valueName\":\"search_term_string\"}}],\"inLanguage\":\"es\"},{\"@type\":\"Organization\",\"@id\":\"https:\\\/\\\/www.ugtcomunicaciones.es\\\/wordpress\\\/#organization\",\"name\":\"UGT Comunicaciones\",\"url\":\"https:\\\/\\\/www.ugtcomunicaciones.es\\\/wordpress\\\/\",\"logo\":{\"@type\":\"ImageObject\",\"inLanguage\":\"es\",\"@id\":\"https:\\\/\\\/www.ugtcomunicaciones.es\\\/wordpress\\\/#\\\/schema\\\/logo\\\/image\\\/\",\"url\":\"https:\\\/\\\/www.ugtcomunicaciones.es\\\/wordpress\\\/wp-content\\\/uploads\\\/2024\\\/04\\\/comunicaciones_logo.png\",\"contentUrl\":\"https:\\\/\\\/www.ugtcomunicaciones.es\\\/wordpress\\\/wp-content\\\/uploads\\\/2024\\\/04\\\/comunicaciones_logo.png\",\"width\":298,\"height\":81,\"caption\":\"UGT Comunicaciones\"},\"image\":{\"@id\":\"https:\\\/\\\/www.ugtcomunicaciones.es\\\/wordpress\\\/#\\\/schema\\\/logo\\\/image\\\/\"},\"sameAs\":[\"https:\\\/\\\/www.facebook.com\\\/ugt.comunicaciones\\\/\",\"https:\\\/\\\/x.com\\\/ugtcom\"]},{\"@type\":\"Person\",\"@id\":\"https:\\\/\\\/www.ugtcomunicaciones.es\\\/wordpress\\\/#\\\/schema\\\/person\\\/eba0fc3fe5b444531d94d4368cba89ed\",\"name\":\"UGT\",\"image\":{\"@type\":\"ImageObject\",\"inLanguage\":\"es\",\"@id\":\"https:\\\/\\\/secure.gravatar.com\\\/avatar\\\/2a16057d620a4c646bcfc171c4f23030879ebbdd346f0525bd5d4a564e57e13d?s=96&d=mm&r=g\",\"url\":\"https:\\\/\\\/secure.gravatar.com\\\/avatar\\\/2a16057d620a4c646bcfc171c4f23030879ebbdd346f0525bd5d4a564e57e13d?s=96&d=mm&r=g\",\"contentUrl\":\"https:\\\/\\\/secure.gravatar.com\\\/avatar\\\/2a16057d620a4c646bcfc171c4f23030879ebbdd346f0525bd5d4a564e57e13d?s=96&d=mm&r=g\",\"caption\":\"UGT\"}}]}<\/script>\n<!-- \/ Yoast SEO Premium plugin. -->","yoast_head_json":{"title":"Desciende el gasto en Telecos en los hogares, mientras el IPC se fu\u00e9 al 6,5% - UGT Comunicaciones","robots":{"index":"index","follow":"follow","max-snippet":"max-snippet:-1","max-image-preview":"max-image-preview:large","max-video-preview":"max-video-preview:-1"},"canonical":"https:\/\/www.ugtcomunicaciones.es\/wordpress\/desciende-el-gasto-en-telecos-en-los-hogares-mientras-el-ipc-se-fue-al-65\/","og_locale":"es_ES","og_type":"article","og_title":"Desciende el gasto en Telecos en los hogares, mientras el IPC se fu\u00e9 al 6,5%","og_description":"Contin\u00faa las pruebas que constatan la aberraci\u00f3n de los precios en el sector telco. La \u00faltima prueba viene desde el INE, en Encuesta de presupuestos familiares correspondiente al a\u00f1o 2021. Seg\u00fan los datos de dicha Encuesta, el Gasto medio anual por hogar en comunicaciones ascendi\u00f3 a 936 euros, lo que supone un descenso del 0,3%&#8230;cuando [&hellip;]","og_url":"https:\/\/www.ugtcomunicaciones.es\/wordpress\/desciende-el-gasto-en-telecos-en-los-hogares-mientras-el-ipc-se-fue-al-65\/","og_site_name":"UGT Comunicaciones","article_publisher":"https:\/\/www.facebook.com\/ugt.comunicaciones\/","article_published_time":"2022-09-05T05:00:58+00:00","og_image":[{"width":600,"height":338,"url":"https:\/\/www.ugtcomunicaciones.es\/wordpress\/wp-content\/uploads\/2022\/09\/Telecos-03.jpg","type":"image\/jpeg"}],"author":"UGT","twitter_card":"summary_large_image","twitter_creator":"@ugtcom","twitter_site":"@ugtcom","twitter_misc":{"Escrito por":"UGT","Tiempo de lectura":"2 minutos"},"schema":{"@context":"https:\/\/schema.org","@graph":[{"@type":"Article","@id":"https:\/\/www.ugtcomunicaciones.es\/wordpress\/desciende-el-gasto-en-telecos-en-los-hogares-mientras-el-ipc-se-fue-al-65\/#article","isPartOf":{"@id":"https:\/\/www.ugtcomunicaciones.es\/wordpress\/desciende-el-gasto-en-telecos-en-los-hogares-mientras-el-ipc-se-fue-al-65\/"},"author":{"name":"UGT","@id":"https:\/\/www.ugtcomunicaciones.es\/wordpress\/#\/schema\/person\/eba0fc3fe5b444531d94d4368cba89ed"},"headline":"Desciende el gasto en Telecos en los hogares, mientras el IPC se fu\u00e9 al 6,5%","datePublished":"2022-09-05T05:00:58+00:00","mainEntityOfPage":{"@id":"https:\/\/www.ugtcomunicaciones.es\/wordpress\/desciende-el-gasto-en-telecos-en-los-hogares-mientras-el-ipc-se-fue-al-65\/"},"wordCount":416,"publisher":{"@id":"https:\/\/www.ugtcomunicaciones.es\/wordpress\/#organization"},"image":{"@id":"https:\/\/www.ugtcomunicaciones.es\/wordpress\/desciende-el-gasto-en-telecos-en-los-hogares-mientras-el-ipc-se-fue-al-65\/#primaryimage"},"thumbnailUrl":"https:\/\/www.ugtcomunicaciones.es\/wordpress\/wp-content\/uploads\/2022\/09\/Telecos-03.jpg","articleSection":["Opini\u00f3n","Regulaci\u00f3n"],"inLanguage":"es"},{"@type":"WebPage","@id":"https:\/\/www.ugtcomunicaciones.es\/wordpress\/desciende-el-gasto-en-telecos-en-los-hogares-mientras-el-ipc-se-fue-al-65\/","url":"https:\/\/www.ugtcomunicaciones.es\/wordpress\/desciende-el-gasto-en-telecos-en-los-hogares-mientras-el-ipc-se-fue-al-65\/","name":"Desciende el gasto en Telecos en los hogares, mientras el IPC se fu\u00e9 al 6,5% - UGT Comunicaciones","isPartOf":{"@id":"https:\/\/www.ugtcomunicaciones.es\/wordpress\/#website"},"primaryImageOfPage":{"@id":"https:\/\/www.ugtcomunicaciones.es\/wordpress\/desciende-el-gasto-en-telecos-en-los-hogares-mientras-el-ipc-se-fue-al-65\/#primaryimage"},"image":{"@id":"https:\/\/www.ugtcomunicaciones.es\/wordpress\/desciende-el-gasto-en-telecos-en-los-hogares-mientras-el-ipc-se-fue-al-65\/#primaryimage"},"thumbnailUrl":"https:\/\/www.ugtcomunicaciones.es\/wordpress\/wp-content\/uploads\/2022\/09\/Telecos-03.jpg","datePublished":"2022-09-05T05:00:58+00:00","breadcrumb":{"@id":"https:\/\/www.ugtcomunicaciones.es\/wordpress\/desciende-el-gasto-en-telecos-en-los-hogares-mientras-el-ipc-se-fue-al-65\/#breadcrumb"},"inLanguage":"es","potentialAction":[{"@type":"ReadAction","target":["https:\/\/www.ugtcomunicaciones.es\/wordpress\/desciende-el-gasto-en-telecos-en-los-hogares-mientras-el-ipc-se-fue-al-65\/"]}]},{"@type":"ImageObject","inLanguage":"es","@id":"https:\/\/www.ugtcomunicaciones.es\/wordpress\/desciende-el-gasto-en-telecos-en-los-hogares-mientras-el-ipc-se-fue-al-65\/#primaryimage","url":"https:\/\/www.ugtcomunicaciones.es\/wordpress\/wp-content\/uploads\/2022\/09\/Telecos-03.jpg","contentUrl":"https:\/\/www.ugtcomunicaciones.es\/wordpress\/wp-content\/uploads\/2022\/09\/Telecos-03.jpg","width":600,"height":338},{"@type":"BreadcrumbList","@id":"https:\/\/www.ugtcomunicaciones.es\/wordpress\/desciende-el-gasto-en-telecos-en-los-hogares-mientras-el-ipc-se-fue-al-65\/#breadcrumb","itemListElement":[{"@type":"ListItem","position":1,"name":"Portada","item":"https:\/\/www.ugtcomunicaciones.es\/wordpress\/"},{"@type":"ListItem","position":2,"name":"Desciende el gasto en Telecos en los hogares, mientras el IPC se fu\u00e9 al 6,5%"}]},{"@type":"WebSite","@id":"https:\/\/www.ugtcomunicaciones.es\/wordpress\/#website","url":"https:\/\/www.ugtcomunicaciones.es\/wordpress\/","name":"UGT Comunicaciones","description":"Sindicato de Telecomunicaciones","publisher":{"@id":"https:\/\/www.ugtcomunicaciones.es\/wordpress\/#organization"},"potentialAction":[{"@type":"SearchAction","target":{"@type":"EntryPoint","urlTemplate":"https:\/\/www.ugtcomunicaciones.es\/wordpress\/?s={search_term_string}"},"query-input":{"@type":"PropertyValueSpecification","valueRequired":true,"valueName":"search_term_string"}}],"inLanguage":"es"},{"@type":"Organization","@id":"https:\/\/www.ugtcomunicaciones.es\/wordpress\/#organization","name":"UGT Comunicaciones","url":"https:\/\/www.ugtcomunicaciones.es\/wordpress\/","logo":{"@type":"ImageObject","inLanguage":"es","@id":"https:\/\/www.ugtcomunicaciones.es\/wordpress\/#\/schema\/logo\/image\/","url":"https:\/\/www.ugtcomunicaciones.es\/wordpress\/wp-content\/uploads\/2024\/04\/comunicaciones_logo.png","contentUrl":"https:\/\/www.ugtcomunicaciones.es\/wordpress\/wp-content\/uploads\/2024\/04\/comunicaciones_logo.png","width":298,"height":81,"caption":"UGT Comunicaciones"},"image":{"@id":"https:\/\/www.ugtcomunicaciones.es\/wordpress\/#\/schema\/logo\/image\/"},"sameAs":["https:\/\/www.facebook.com\/ugt.comunicaciones\/","https:\/\/x.com\/ugtcom"]},{"@type":"Person","@id":"https:\/\/www.ugtcomunicaciones.es\/wordpress\/#\/schema\/person\/eba0fc3fe5b444531d94d4368cba89ed","name":"UGT","image":{"@type":"ImageObject","inLanguage":"es","@id":"https:\/\/secure.gravatar.com\/avatar\/2a16057d620a4c646bcfc171c4f23030879ebbdd346f0525bd5d4a564e57e13d?s=96&d=mm&r=g","url":"https:\/\/secure.gravatar.com\/avatar\/2a16057d620a4c646bcfc171c4f23030879ebbdd346f0525bd5d4a564e57e13d?s=96&d=mm&r=g","contentUrl":"https:\/\/secure.gravatar.com\/avatar\/2a16057d620a4c646bcfc171c4f23030879ebbdd346f0525bd5d4a564e57e13d?s=96&d=mm&r=g","caption":"UGT"}}]}},"_links":{"self":[{"href":"https:\/\/www.ugtcomunicaciones.es\/wordpress\/wp-json\/wp\/v2\/posts\/1039402","targetHints":{"allow":["GET"]}}],"collection":[{"href":"https:\/\/www.ugtcomunicaciones.es\/wordpress\/wp-json\/wp\/v2\/posts"}],"about":[{"href":"https:\/\/www.ugtcomunicaciones.es\/wordpress\/wp-json\/wp\/v2\/types\/post"}],"author":[{"embeddable":true,"href":"https:\/\/www.ugtcomunicaciones.es\/wordpress\/wp-json\/wp\/v2\/users\/3"}],"replies":[{"embeddable":true,"href":"https:\/\/www.ugtcomunicaciones.es\/wordpress\/wp-json\/wp\/v2\/comments?post=1039402"}],"version-history":[{"count":0,"href":"https:\/\/www.ugtcomunicaciones.es\/wordpress\/wp-json\/wp\/v2\/posts\/1039402\/revisions"}],"wp:featuredmedia":[{"embeddable":true,"href":"https:\/\/www.ugtcomunicaciones.es\/wordpress\/wp-json\/wp\/v2\/media\/1039416"}],"wp:attachment":[{"href":"https:\/\/www.ugtcomunicaciones.es\/wordpress\/wp-json\/wp\/v2\/media?parent=1039402"}],"wp:term":[{"taxonomy":"category","embeddable":true,"href":"https:\/\/www.ugtcomunicaciones.es\/wordpress\/wp-json\/wp\/v2\/categories?post=1039402"},{"taxonomy":"post_tag","embeddable":true,"href":"https:\/\/www.ugtcomunicaciones.es\/wordpress\/wp-json\/wp\/v2\/tags?post=1039402"}],"curies":[{"name":"wp","href":"https:\/\/api.w.org\/{rel}","templated":true}]}}