{"id":1044931,"date":"2022-09-02T14:03:32","date_gmt":"2022-09-02T12:03:32","guid":{"rendered":"https:\/\/www.ugtcomunicaciones.es\/wordpress\/?p=1044931"},"modified":"2022-09-02T14:03:51","modified_gmt":"2022-09-02T12:03:51","slug":"subida-objetivos-septiembre-telyco","status":"publish","type":"post","link":"https:\/\/www.ugtcomunicaciones.es\/wordpress\/subida-objetivos-septiembre-telyco\/","title":{"rendered":"UGT denuncia la subida exponencial de objetivos para septiembre en Telyco"},"content":{"rendered":"<h2>Denunciamos la subida de los objetivos propuestos por la Empresa en el mes de septiembre.<\/h2>\n<p><strong>Con incrementos de incluso un 85% <\/strong>en palancas claves como BAF<strong>, as\u00ed como incrementos de m\u00e1s del 50% <\/strong>en otras palancas que no son de recibo para esta organizaci\u00f3n sindical.<\/p>\n<p>Una m\u00e1xima es que los objetivos tienen que ser ajustados a la realidad y alcanzables, no parecen darse en estas circunstancias, dada la situaci\u00f3n del mercado, con un oto\u00f1o en retroceso econ\u00f3mico y una disminuci\u00f3n del poder adquisitivo de la gente.<\/p>\n<p>UGT hace un llamamiento a la Empresa a reconsiderar la asignaci\u00f3n de objetivos, el incremento de estos, la presi\u00f3n ejercida para su consecuci\u00f3n con herramientas del siglo XXI, pero con m\u00e9todos del siglo pasado que, en vez de motivar, crean el efecto contrario y su aplicaci\u00f3n favorece el incremento del ya de por si alto \u00edndice de absentismo que arrastramos en la empresa y la huida de personal cualificado de la misma.<\/p>\n<p>UGT tambi\u00e9n solicita una subida sustancial de las comisiones del SRV para compensar el alza disparada de los precios y reconocer el esfuerzo, que mes a mes, realiza nuestra plantilla altamente cualificada, para lograr sus objetivos comerciales. Lo puesto sobre la mesa no es suficiente.<\/p>\n<p><strong>UGT estar\u00e1 vigilante para que no se utilice cualquier medio para conseguir el fin y para que la presi\u00f3n comercial que se genere para alcanzar los mismos, est\u00e9 dentro de los par\u00e1metros marcados dentro del Grupo Telef\u00f3nica<\/strong>.<\/p>\n<blockquote><p>Las t\u00e9cnicas de presi\u00f3n y amenazas no funcionan y atenta contra la dignidad de las personas trabajadoras.<\/p><\/blockquote>\n<p>La valoraci\u00f3n que hace UGT del SRV despu\u00e9s de la presentaci\u00f3n por parte de la Empresa no es positiva, aunque el sistema haya mejorado en cuanto sencillez y pago unitario.<\/p>\n<h2>Los puntos reivindicados por este sindicato son:<\/h2>\n<ul>\n<li><strong>Incremento de las comisiones del SRV. No se entiende la baja remuneraci\u00f3n de las alarmas para ser una palanca estrat\u00e9gica, por la que se somete a un alto control a la plantilla para su consecuci\u00f3n.<\/strong><\/li>\n<li>Mejora de los sistemas de seguimiento de las comisiones (calculadora, etc), as\u00ed como la resoluci\u00f3n \u00e1gil de las incidencias de Nylo referentes a cantidades. Incidencias de asignaci\u00f3n en Telco referentes a grabaciones entre representante y representado\/a.<\/li>\n<li><strong>Informaci\u00f3n clara de los c\u00f3digos a grabar de determinados servicios, para evitar su falta de cobro (l\u00edneas m\u00f3viles extra, por ejemplo). Publicaci\u00f3n junto al SRV.<\/strong><\/li>\n<li>Ajuste de los objetivos asignados a cada tienda en funci\u00f3n de su potencialidad, plantilla, situaci\u00f3n de mercado etc&#8230; As\u00ed mismo ajuste de los objetivos de las tiendas en comparaci\u00f3n de zonas libres y reguladas para que no se pierdan dinero por este hecho.<\/li>\n<li><strong>Solicitud de informaci\u00f3n a la empresa de comisiones pagadas y su evoluci\u00f3n ente el a\u00f1o 21\/22. Informaci\u00f3n solicitada de forma recurrente y a fecha de hoy sin recibir.<\/strong><\/li>\n<li>En el segmento de FFVV se ha solicitado informaci\u00f3n sobre volver a pagar las comisiones en el periodo N+1. Esta petici\u00f3n se hizo el mes pasado.<\/li>\n<li>Se vuelve a condicionar la obtenci\u00f3n de comisi\u00f3n por comercial plus en tiendas, a la consecuci\u00f3n de la palanca de la alarma.<\/li>\n<li>Informaci\u00f3n sobre la actividad comercializadora de los Seguros de hogar. Se han quedado tramitaciones sin registrar y seg\u00fan nos transmiten compa\u00f1eros y compa\u00f1eras, van a asignar a dos personas para grabar todo lo pendiente.<br \/>\nSolicitamos regularizar los objetivos de estos compa\u00f1eros y compa\u00f1eras, por el tiempo administrativo que van a dedicar a este servicio.<\/li>\n<li><strong>Solicitamos informaci\u00f3n por la bajada de comisiones en palancas de GEVICO y ME, como TET-TEST y TMA y que se paguen comisiones extras y no se trasvase de unas partidas a otras. As\u00ed como los cambios en la legislaci\u00f3n <\/strong><strong>referente a los terminales en renting.<\/strong><\/li>\n<\/ul>\n<p>Por su parte la Empresa est\u00e1 muy satisfecha por las comisiones que ha pagado en el mes de agosto, las m\u00e1s altas del a\u00f1o seg\u00fan afirmaciones realizadas, pero sin aportar ning\u00fan dato econ\u00f3mico que las sustenten.<\/p>\n<p>Las incidencias de Nylo las est\u00e1n solucionando m\u00e1ximo en 48 horas, excepto en agosto y por temas de vacaciones del personal, que si se ha producido alg\u00fan retraso. No obstante, <strong>respecto a los retrasos lo hemos trasladado de nuevo para que la falta de personal de vacaciones en el \u00e1rea correspondiente no afecte al resto de personas en algo tan delicado como el cobro de comisiones<\/strong>.<\/p>\n<p>Seg\u00fan la Empresa el SRV de ahora es menos permeable al cumplimiento del objetivo y tiene m\u00e1s peso el unitario frente al objetivo final. La palanca alarma les parece bien remunerada, atractiva. Para este sindicato no nos parece tan bien remunerada si tan estrat\u00e9gica es para esta compa\u00f1\u00eda.<\/p>\n<p>Por su parte reconocen que la calculadora ha dado errores concretos y puntuales y que, si no se abre incidencia en Nylo, no les llega los mismos. No obstante, los retrasos continuos en la actualizaci\u00f3n de datos afectan al personal de ventas.<\/p>\n<p>Como siempre, gracias por aportar vuestras sugerencias y vuestras reclamaciones que hacen que la Empresa asuma dosis de realidad.<\/p>\n","protected":false},"excerpt":{"rendered":"<p>Denunciamos la subida de los objetivos propuestos por la Empresa en el mes de septiembre. Con incrementos de incluso un 85% en palancas claves como BAF, as\u00ed como incrementos de m\u00e1s del 50% en otras palancas que no son de recibo para esta organizaci\u00f3n sindical. Una m\u00e1xima es que los objetivos tienen que ser ajustados [&hellip;]<\/p>\n","protected":false},"author":3,"featured_media":1044974,"comment_status":"closed","ping_status":"closed","sticky":false,"template":"","format":"standard","meta":{"footnotes":""},"categories":[31],"tags":[],"class_list":["post-1044931","post","type-post","status-publish","format-standard","has-post-thumbnail","hentry","category-telyco"],"yoast_head":"<!-- This site is optimized with the Yoast SEO Premium plugin v27.3 (Yoast SEO v27.4) - https:\/\/yoast.com\/product\/yoast-seo-premium-wordpress\/ -->\n<title>UGT denuncia la subida exponencial de objetivos para septiembre en Telyco - UGT Comunicaciones<\/title>\n<meta name=\"description\" content=\"UGT hace un llamamiento a la Empresa a reconsiderar la asignaci\u00f3n de objetivo e insta a revisar la presi\u00f3n ejercida para su consecuci\u00f3n.\" \/>\n<meta name=\"robots\" content=\"index, follow, max-snippet:-1, max-image-preview:large, max-video-preview:-1\" \/>\n<link rel=\"canonical\" href=\"https:\/\/www.ugtcomunicaciones.es\/wordpress\/subida-objetivos-septiembre-telyco\/\" \/>\n<meta property=\"og:locale\" content=\"es_ES\" \/>\n<meta property=\"og:type\" content=\"article\" \/>\n<meta property=\"og:title\" content=\"UGT denuncia la subida exponencial de objetivos para septiembre en Telyco\" \/>\n<meta property=\"og:description\" content=\"UGT hace un llamamiento a la Empresa a reconsiderar la asignaci\u00f3n de objetivo e insta a revisar la presi\u00f3n ejercida para su consecuci\u00f3n.\" \/>\n<meta property=\"og:url\" content=\"https:\/\/www.ugtcomunicaciones.es\/wordpress\/subida-objetivos-septiembre-telyco\/\" \/>\n<meta property=\"og:site_name\" content=\"UGT Comunicaciones\" \/>\n<meta property=\"article:publisher\" content=\"https:\/\/www.facebook.com\/ugt.comunicaciones\/\" \/>\n<meta property=\"article:published_time\" content=\"2022-09-02T12:03:32+00:00\" \/>\n<meta property=\"article:modified_time\" content=\"2022-09-02T12:03:51+00:00\" \/>\n<meta property=\"og:image\" content=\"https:\/\/www.ugtcomunicaciones.es\/wordpress\/wp-content\/uploads\/2022\/09\/movistar-finestrelles.jpg\" \/>\n\t<meta property=\"og:image:width\" content=\"1280\" \/>\n\t<meta property=\"og:image:height\" content=\"855\" \/>\n\t<meta property=\"og:image:type\" content=\"image\/jpeg\" \/>\n<meta name=\"author\" content=\"UGT\" \/>\n<meta name=\"twitter:card\" content=\"summary_large_image\" \/>\n<meta name=\"twitter:creator\" content=\"@ugtcom\" \/>\n<meta name=\"twitter:site\" content=\"@ugtcom\" \/>\n<meta name=\"twitter:label1\" content=\"Escrito por\" \/>\n\t<meta name=\"twitter:data1\" content=\"UGT\" \/>\n\t<meta name=\"twitter:label2\" content=\"Tiempo de lectura\" \/>\n\t<meta name=\"twitter:data2\" content=\"4 minutos\" \/>\n<script type=\"application\/ld+json\" class=\"yoast-schema-graph\">{\"@context\":\"https:\\\/\\\/schema.org\",\"@graph\":[{\"@type\":\"Article\",\"@id\":\"https:\\\/\\\/www.ugtcomunicaciones.es\\\/wordpress\\\/subida-objetivos-septiembre-telyco\\\/#article\",\"isPartOf\":{\"@id\":\"https:\\\/\\\/www.ugtcomunicaciones.es\\\/wordpress\\\/subida-objetivos-septiembre-telyco\\\/\"},\"author\":{\"name\":\"UGT\",\"@id\":\"https:\\\/\\\/www.ugtcomunicaciones.es\\\/wordpress\\\/#\\\/schema\\\/person\\\/eba0fc3fe5b444531d94d4368cba89ed\"},\"headline\":\"UGT denuncia la subida exponencial de objetivos para septiembre en Telyco\",\"datePublished\":\"2022-09-02T12:03:32+00:00\",\"dateModified\":\"2022-09-02T12:03:51+00:00\",\"mainEntityOfPage\":{\"@id\":\"https:\\\/\\\/www.ugtcomunicaciones.es\\\/wordpress\\\/subida-objetivos-septiembre-telyco\\\/\"},\"wordCount\":891,\"publisher\":{\"@id\":\"https:\\\/\\\/www.ugtcomunicaciones.es\\\/wordpress\\\/#organization\"},\"image\":{\"@id\":\"https:\\\/\\\/www.ugtcomunicaciones.es\\\/wordpress\\\/subida-objetivos-septiembre-telyco\\\/#primaryimage\"},\"thumbnailUrl\":\"https:\\\/\\\/www.ugtcomunicaciones.es\\\/wordpress\\\/wp-content\\\/uploads\\\/2022\\\/09\\\/movistar-finestrelles.jpg\",\"articleSection\":[\"Telyco\"],\"inLanguage\":\"es\"},{\"@type\":\"WebPage\",\"@id\":\"https:\\\/\\\/www.ugtcomunicaciones.es\\\/wordpress\\\/subida-objetivos-septiembre-telyco\\\/\",\"url\":\"https:\\\/\\\/www.ugtcomunicaciones.es\\\/wordpress\\\/subida-objetivos-septiembre-telyco\\\/\",\"name\":\"UGT denuncia la subida exponencial de objetivos para septiembre en Telyco - UGT Comunicaciones\",\"isPartOf\":{\"@id\":\"https:\\\/\\\/www.ugtcomunicaciones.es\\\/wordpress\\\/#website\"},\"primaryImageOfPage\":{\"@id\":\"https:\\\/\\\/www.ugtcomunicaciones.es\\\/wordpress\\\/subida-objetivos-septiembre-telyco\\\/#primaryimage\"},\"image\":{\"@id\":\"https:\\\/\\\/www.ugtcomunicaciones.es\\\/wordpress\\\/subida-objetivos-septiembre-telyco\\\/#primaryimage\"},\"thumbnailUrl\":\"https:\\\/\\\/www.ugtcomunicaciones.es\\\/wordpress\\\/wp-content\\\/uploads\\\/2022\\\/09\\\/movistar-finestrelles.jpg\",\"datePublished\":\"2022-09-02T12:03:32+00:00\",\"dateModified\":\"2022-09-02T12:03:51+00:00\",\"description\":\"UGT hace un llamamiento a la Empresa a reconsiderar la asignaci\u00f3n de objetivo e insta a revisar la presi\u00f3n ejercida para su consecuci\u00f3n.\",\"breadcrumb\":{\"@id\":\"https:\\\/\\\/www.ugtcomunicaciones.es\\\/wordpress\\\/subida-objetivos-septiembre-telyco\\\/#breadcrumb\"},\"inLanguage\":\"es\",\"potentialAction\":[{\"@type\":\"ReadAction\",\"target\":[\"https:\\\/\\\/www.ugtcomunicaciones.es\\\/wordpress\\\/subida-objetivos-septiembre-telyco\\\/\"]}]},{\"@type\":\"ImageObject\",\"inLanguage\":\"es\",\"@id\":\"https:\\\/\\\/www.ugtcomunicaciones.es\\\/wordpress\\\/subida-objetivos-septiembre-telyco\\\/#primaryimage\",\"url\":\"https:\\\/\\\/www.ugtcomunicaciones.es\\\/wordpress\\\/wp-content\\\/uploads\\\/2022\\\/09\\\/movistar-finestrelles.jpg\",\"contentUrl\":\"https:\\\/\\\/www.ugtcomunicaciones.es\\\/wordpress\\\/wp-content\\\/uploads\\\/2022\\\/09\\\/movistar-finestrelles.jpg\",\"width\":1280,\"height\":855,\"caption\":\"Tienda Movistar Telyco CC Finestrelles\"},{\"@type\":\"BreadcrumbList\",\"@id\":\"https:\\\/\\\/www.ugtcomunicaciones.es\\\/wordpress\\\/subida-objetivos-septiembre-telyco\\\/#breadcrumb\",\"itemListElement\":[{\"@type\":\"ListItem\",\"position\":1,\"name\":\"Portada\",\"item\":\"https:\\\/\\\/www.ugtcomunicaciones.es\\\/wordpress\\\/\"},{\"@type\":\"ListItem\",\"position\":2,\"name\":\"UGT denuncia la subida exponencial de objetivos para septiembre en Telyco\"}]},{\"@type\":\"WebSite\",\"@id\":\"https:\\\/\\\/www.ugtcomunicaciones.es\\\/wordpress\\\/#website\",\"url\":\"https:\\\/\\\/www.ugtcomunicaciones.es\\\/wordpress\\\/\",\"name\":\"UGT Comunicaciones\",\"description\":\"Sindicato de Telecomunicaciones\",\"publisher\":{\"@id\":\"https:\\\/\\\/www.ugtcomunicaciones.es\\\/wordpress\\\/#organization\"},\"potentialAction\":[{\"@type\":\"SearchAction\",\"target\":{\"@type\":\"EntryPoint\",\"urlTemplate\":\"https:\\\/\\\/www.ugtcomunicaciones.es\\\/wordpress\\\/?s={search_term_string}\"},\"query-input\":{\"@type\":\"PropertyValueSpecification\",\"valueRequired\":true,\"valueName\":\"search_term_string\"}}],\"inLanguage\":\"es\"},{\"@type\":\"Organization\",\"@id\":\"https:\\\/\\\/www.ugtcomunicaciones.es\\\/wordpress\\\/#organization\",\"name\":\"UGT Comunicaciones\",\"url\":\"https:\\\/\\\/www.ugtcomunicaciones.es\\\/wordpress\\\/\",\"logo\":{\"@type\":\"ImageObject\",\"inLanguage\":\"es\",\"@id\":\"https:\\\/\\\/www.ugtcomunicaciones.es\\\/wordpress\\\/#\\\/schema\\\/logo\\\/image\\\/\",\"url\":\"https:\\\/\\\/www.ugtcomunicaciones.es\\\/wordpress\\\/wp-content\\\/uploads\\\/2024\\\/04\\\/comunicaciones_logo.png\",\"contentUrl\":\"https:\\\/\\\/www.ugtcomunicaciones.es\\\/wordpress\\\/wp-content\\\/uploads\\\/2024\\\/04\\\/comunicaciones_logo.png\",\"width\":298,\"height\":81,\"caption\":\"UGT Comunicaciones\"},\"image\":{\"@id\":\"https:\\\/\\\/www.ugtcomunicaciones.es\\\/wordpress\\\/#\\\/schema\\\/logo\\\/image\\\/\"},\"sameAs\":[\"https:\\\/\\\/www.facebook.com\\\/ugt.comunicaciones\\\/\",\"https:\\\/\\\/x.com\\\/ugtcom\"]},{\"@type\":\"Person\",\"@id\":\"https:\\\/\\\/www.ugtcomunicaciones.es\\\/wordpress\\\/#\\\/schema\\\/person\\\/eba0fc3fe5b444531d94d4368cba89ed\",\"name\":\"UGT\",\"image\":{\"@type\":\"ImageObject\",\"inLanguage\":\"es\",\"@id\":\"https:\\\/\\\/secure.gravatar.com\\\/avatar\\\/2a16057d620a4c646bcfc171c4f23030879ebbdd346f0525bd5d4a564e57e13d?s=96&d=mm&r=g\",\"url\":\"https:\\\/\\\/secure.gravatar.com\\\/avatar\\\/2a16057d620a4c646bcfc171c4f23030879ebbdd346f0525bd5d4a564e57e13d?s=96&d=mm&r=g\",\"contentUrl\":\"https:\\\/\\\/secure.gravatar.com\\\/avatar\\\/2a16057d620a4c646bcfc171c4f23030879ebbdd346f0525bd5d4a564e57e13d?s=96&d=mm&r=g\",\"caption\":\"UGT\"}}]}<\/script>\n<!-- \/ Yoast SEO Premium plugin. -->","yoast_head_json":{"title":"UGT denuncia la subida exponencial de objetivos para septiembre en Telyco - UGT Comunicaciones","description":"UGT hace un llamamiento a la Empresa a reconsiderar la asignaci\u00f3n de objetivo e insta a revisar la presi\u00f3n ejercida para su consecuci\u00f3n.","robots":{"index":"index","follow":"follow","max-snippet":"max-snippet:-1","max-image-preview":"max-image-preview:large","max-video-preview":"max-video-preview:-1"},"canonical":"https:\/\/www.ugtcomunicaciones.es\/wordpress\/subida-objetivos-septiembre-telyco\/","og_locale":"es_ES","og_type":"article","og_title":"UGT denuncia la subida exponencial de objetivos para septiembre en Telyco","og_description":"UGT hace un llamamiento a la Empresa a reconsiderar la asignaci\u00f3n de objetivo e insta a revisar la presi\u00f3n ejercida para su consecuci\u00f3n.","og_url":"https:\/\/www.ugtcomunicaciones.es\/wordpress\/subida-objetivos-septiembre-telyco\/","og_site_name":"UGT Comunicaciones","article_publisher":"https:\/\/www.facebook.com\/ugt.comunicaciones\/","article_published_time":"2022-09-02T12:03:32+00:00","article_modified_time":"2022-09-02T12:03:51+00:00","og_image":[{"width":1280,"height":855,"url":"https:\/\/www.ugtcomunicaciones.es\/wordpress\/wp-content\/uploads\/2022\/09\/movistar-finestrelles.jpg","type":"image\/jpeg"}],"author":"UGT","twitter_card":"summary_large_image","twitter_creator":"@ugtcom","twitter_site":"@ugtcom","twitter_misc":{"Escrito por":"UGT","Tiempo de lectura":"4 minutos"},"schema":{"@context":"https:\/\/schema.org","@graph":[{"@type":"Article","@id":"https:\/\/www.ugtcomunicaciones.es\/wordpress\/subida-objetivos-septiembre-telyco\/#article","isPartOf":{"@id":"https:\/\/www.ugtcomunicaciones.es\/wordpress\/subida-objetivos-septiembre-telyco\/"},"author":{"name":"UGT","@id":"https:\/\/www.ugtcomunicaciones.es\/wordpress\/#\/schema\/person\/eba0fc3fe5b444531d94d4368cba89ed"},"headline":"UGT denuncia la subida exponencial de objetivos para septiembre en Telyco","datePublished":"2022-09-02T12:03:32+00:00","dateModified":"2022-09-02T12:03:51+00:00","mainEntityOfPage":{"@id":"https:\/\/www.ugtcomunicaciones.es\/wordpress\/subida-objetivos-septiembre-telyco\/"},"wordCount":891,"publisher":{"@id":"https:\/\/www.ugtcomunicaciones.es\/wordpress\/#organization"},"image":{"@id":"https:\/\/www.ugtcomunicaciones.es\/wordpress\/subida-objetivos-septiembre-telyco\/#primaryimage"},"thumbnailUrl":"https:\/\/www.ugtcomunicaciones.es\/wordpress\/wp-content\/uploads\/2022\/09\/movistar-finestrelles.jpg","articleSection":["Telyco"],"inLanguage":"es"},{"@type":"WebPage","@id":"https:\/\/www.ugtcomunicaciones.es\/wordpress\/subida-objetivos-septiembre-telyco\/","url":"https:\/\/www.ugtcomunicaciones.es\/wordpress\/subida-objetivos-septiembre-telyco\/","name":"UGT denuncia la subida exponencial de objetivos para septiembre en Telyco - UGT Comunicaciones","isPartOf":{"@id":"https:\/\/www.ugtcomunicaciones.es\/wordpress\/#website"},"primaryImageOfPage":{"@id":"https:\/\/www.ugtcomunicaciones.es\/wordpress\/subida-objetivos-septiembre-telyco\/#primaryimage"},"image":{"@id":"https:\/\/www.ugtcomunicaciones.es\/wordpress\/subida-objetivos-septiembre-telyco\/#primaryimage"},"thumbnailUrl":"https:\/\/www.ugtcomunicaciones.es\/wordpress\/wp-content\/uploads\/2022\/09\/movistar-finestrelles.jpg","datePublished":"2022-09-02T12:03:32+00:00","dateModified":"2022-09-02T12:03:51+00:00","description":"UGT hace un llamamiento a la Empresa a reconsiderar la asignaci\u00f3n de objetivo e insta a revisar la presi\u00f3n ejercida para su consecuci\u00f3n.","breadcrumb":{"@id":"https:\/\/www.ugtcomunicaciones.es\/wordpress\/subida-objetivos-septiembre-telyco\/#breadcrumb"},"inLanguage":"es","potentialAction":[{"@type":"ReadAction","target":["https:\/\/www.ugtcomunicaciones.es\/wordpress\/subida-objetivos-septiembre-telyco\/"]}]},{"@type":"ImageObject","inLanguage":"es","@id":"https:\/\/www.ugtcomunicaciones.es\/wordpress\/subida-objetivos-septiembre-telyco\/#primaryimage","url":"https:\/\/www.ugtcomunicaciones.es\/wordpress\/wp-content\/uploads\/2022\/09\/movistar-finestrelles.jpg","contentUrl":"https:\/\/www.ugtcomunicaciones.es\/wordpress\/wp-content\/uploads\/2022\/09\/movistar-finestrelles.jpg","width":1280,"height":855,"caption":"Tienda Movistar Telyco CC Finestrelles"},{"@type":"BreadcrumbList","@id":"https:\/\/www.ugtcomunicaciones.es\/wordpress\/subida-objetivos-septiembre-telyco\/#breadcrumb","itemListElement":[{"@type":"ListItem","position":1,"name":"Portada","item":"https:\/\/www.ugtcomunicaciones.es\/wordpress\/"},{"@type":"ListItem","position":2,"name":"UGT denuncia la subida exponencial de objetivos para septiembre en Telyco"}]},{"@type":"WebSite","@id":"https:\/\/www.ugtcomunicaciones.es\/wordpress\/#website","url":"https:\/\/www.ugtcomunicaciones.es\/wordpress\/","name":"UGT Comunicaciones","description":"Sindicato de Telecomunicaciones","publisher":{"@id":"https:\/\/www.ugtcomunicaciones.es\/wordpress\/#organization"},"potentialAction":[{"@type":"SearchAction","target":{"@type":"EntryPoint","urlTemplate":"https:\/\/www.ugtcomunicaciones.es\/wordpress\/?s={search_term_string}"},"query-input":{"@type":"PropertyValueSpecification","valueRequired":true,"valueName":"search_term_string"}}],"inLanguage":"es"},{"@type":"Organization","@id":"https:\/\/www.ugtcomunicaciones.es\/wordpress\/#organization","name":"UGT Comunicaciones","url":"https:\/\/www.ugtcomunicaciones.es\/wordpress\/","logo":{"@type":"ImageObject","inLanguage":"es","@id":"https:\/\/www.ugtcomunicaciones.es\/wordpress\/#\/schema\/logo\/image\/","url":"https:\/\/www.ugtcomunicaciones.es\/wordpress\/wp-content\/uploads\/2024\/04\/comunicaciones_logo.png","contentUrl":"https:\/\/www.ugtcomunicaciones.es\/wordpress\/wp-content\/uploads\/2024\/04\/comunicaciones_logo.png","width":298,"height":81,"caption":"UGT Comunicaciones"},"image":{"@id":"https:\/\/www.ugtcomunicaciones.es\/wordpress\/#\/schema\/logo\/image\/"},"sameAs":["https:\/\/www.facebook.com\/ugt.comunicaciones\/","https:\/\/x.com\/ugtcom"]},{"@type":"Person","@id":"https:\/\/www.ugtcomunicaciones.es\/wordpress\/#\/schema\/person\/eba0fc3fe5b444531d94d4368cba89ed","name":"UGT","image":{"@type":"ImageObject","inLanguage":"es","@id":"https:\/\/secure.gravatar.com\/avatar\/2a16057d620a4c646bcfc171c4f23030879ebbdd346f0525bd5d4a564e57e13d?s=96&d=mm&r=g","url":"https:\/\/secure.gravatar.com\/avatar\/2a16057d620a4c646bcfc171c4f23030879ebbdd346f0525bd5d4a564e57e13d?s=96&d=mm&r=g","contentUrl":"https:\/\/secure.gravatar.com\/avatar\/2a16057d620a4c646bcfc171c4f23030879ebbdd346f0525bd5d4a564e57e13d?s=96&d=mm&r=g","caption":"UGT"}}]}},"_links":{"self":[{"href":"https:\/\/www.ugtcomunicaciones.es\/wordpress\/wp-json\/wp\/v2\/posts\/1044931","targetHints":{"allow":["GET"]}}],"collection":[{"href":"https:\/\/www.ugtcomunicaciones.es\/wordpress\/wp-json\/wp\/v2\/posts"}],"about":[{"href":"https:\/\/www.ugtcomunicaciones.es\/wordpress\/wp-json\/wp\/v2\/types\/post"}],"author":[{"embeddable":true,"href":"https:\/\/www.ugtcomunicaciones.es\/wordpress\/wp-json\/wp\/v2\/users\/3"}],"replies":[{"embeddable":true,"href":"https:\/\/www.ugtcomunicaciones.es\/wordpress\/wp-json\/wp\/v2\/comments?post=1044931"}],"version-history":[{"count":0,"href":"https:\/\/www.ugtcomunicaciones.es\/wordpress\/wp-json\/wp\/v2\/posts\/1044931\/revisions"}],"wp:featuredmedia":[{"embeddable":true,"href":"https:\/\/www.ugtcomunicaciones.es\/wordpress\/wp-json\/wp\/v2\/media\/1044974"}],"wp:attachment":[{"href":"https:\/\/www.ugtcomunicaciones.es\/wordpress\/wp-json\/wp\/v2\/media?parent=1044931"}],"wp:term":[{"taxonomy":"category","embeddable":true,"href":"https:\/\/www.ugtcomunicaciones.es\/wordpress\/wp-json\/wp\/v2\/categories?post=1044931"},{"taxonomy":"post_tag","embeddable":true,"href":"https:\/\/www.ugtcomunicaciones.es\/wordpress\/wp-json\/wp\/v2\/tags?post=1044931"}],"curies":[{"name":"wp","href":"https:\/\/api.w.org\/{rel}","templated":true}]}}