{"id":1046749,"date":"2022-09-07T13:14:32","date_gmt":"2022-09-07T11:14:32","guid":{"rendered":"https:\/\/www.ugtcomunicaciones.es\/wordpress\/?p=1046749"},"modified":"2022-09-07T13:58:21","modified_gmt":"2022-09-07T11:58:21","slug":"eliminacion-de-la-obligatoriedad-de-uso-de-las-mascarillas","status":"publish","type":"post","link":"https:\/\/www.ugtcomunicaciones.es\/wordpress\/eliminacion-de-la-obligatoriedad-de-uso-de-las-mascarillas\/","title":{"rendered":"Eliminaci\u00f3n de la obligatoriedad de uso de las mascarillas en Telef\u00f3nica y Telyco."},"content":{"rendered":"<p style=\"text-align: justify;\"><img decoding=\"async\" class=\"size-medium wp-image-591251 alignleft lazyload\" data-src=\"https:\/\/www.ugtcomunicaciones.es\/wordpress\/wp-content\/uploads\/2020\/05\/covid-2-300x200.jpg\" alt=\"\" width=\"300\" height=\"200\" data-srcset=\"https:\/\/www.ugtcomunicaciones.es\/wordpress\/wp-content\/uploads\/2020\/05\/covid-2-300x200.jpg 300w, https:\/\/www.ugtcomunicaciones.es\/wordpress\/wp-content\/uploads\/2020\/05\/covid-2.jpg 390w\" data-sizes=\"(max-width: 300px) 100vw, 300px\" src=\"data:image\/svg+xml;base64,PHN2ZyB3aWR0aD0iMSIgaGVpZ2h0PSIxIiB4bWxucz0iaHR0cDovL3d3dy53My5vcmcvMjAwMC9zdmciPjwvc3ZnPg==\" style=\"--smush-placeholder-width: 300px; --smush-placeholder-aspect-ratio: 300\/200;\" \/>En la reuni\u00f3n de la Comisi\u00f3n de seguimiento de la COVID-19 celebrada hoy, a pocos d\u00edas de la finalizaci\u00f3n de este periodo estival, en un momento en el que se mantienen buenos indicadores en el pa\u00eds sobre la pandemia que apuntan a una normalizaci\u00f3n de la situaci\u00f3n y en concreto, mejor\u00e1ndose estos indicadores generales en el Grupo Telef\u00f3nica, hemos procedido a levantar la mayor\u00eda de las restricciones que han convivido con nosotros durante la pandemia.<\/p>\n<p style=\"text-align: justify;\">De esta forma,\u00a0<strong>se elimina la obligaci\u00f3n de usar mascarillas en los ascensores, los espacios comunas y zonas de alta concurrencia como office y comedores, as\u00ed como en las salas de reuniones, manteni\u00e9ndose la recomendaci\u00f3n sobre su uso.<\/strong><\/p>\n<p style=\"text-align: justify;\">Tan s\u00f3lo\u00a0<strong>es obligatorio el uso de las mascarillas en los dos centros de los Servicios de Prevenci\u00f3n situados en Madrid y Barcelona<\/strong>.<\/p>\n<p style=\"text-align: justify;\"><strong>UGT<\/strong>\u00a0ha solicitado que estas medidas se hagan extensivas tambi\u00e9n las tiendas Telyco, cuyo personal atiende cara al p\u00fablico, y que hoy tiene la obligaci\u00f3n de hacerlo con mascarillas, as\u00ed como el resto de las empresas.<\/p>\n<p style=\"text-align: justify;\">En este sentido, se acuerda que, en las tiendas Telyco, se mantenga el uso de las mamparas de separaci\u00f3n y como recomendaci\u00f3n, el uso de la mascarilla por parte de las personas trabajadoras.<\/p>\n<p style=\"text-align: justify;\">Asimismo<strong>, a petici\u00f3n de\u00a0UGT, se mantiene la flexibilidad de 100% de teletrabajo para las personas consideradas como Grupo de Riesgo<\/strong><\/p>\n<p style=\"text-align: justify;\"><strong>Tambi\u00e9n hemos reclamado y as\u00ed ha sido aceptado por la empresa, que se mantengan las siguientes medidas extraordinarias de flexibilidad: \u00a0<\/strong><\/p>\n<ul style=\"text-align: justify;\">\n<li style=\"list-style-type: none;\">\n<ul>\n<li>Para los casos de personas trabajadoras que tengan\u00a0<strong>hijos e hijas cursando hasta 4\u00ba de la ESO sean positivos por COVID-19 y no puedan asistir al colegio<\/strong>. La\u00a0<strong>flexibilidad de 100% de teletrabajo se mantendr\u00e1 mientras persista esta situaci\u00f3n<\/strong>.<\/li>\n<\/ul>\n<\/li>\n<\/ul>\n<ul style=\"text-align: justify;\">\n<li>En el caso de que una persona trabajadora, tras realizar una prueba<strong>\u00a0de diagn\u00f3stico que confirme el positivo y el facultativo no emita pate de baja una vez valorado los s\u00edntomas, se podr\u00e1 mantener la situaci\u00f3n de 100% de teletrabajo durante 10 d\u00edas<\/strong>, previa comunicaci\u00f3n a la persona responsable del trabajador o trabajadora.<\/li>\n<\/ul>\n<p style=\"text-align: justify;\">Finalmente, se mantiene el Teletrabajo para aquellas personas que\u00a0<strong>\u00fanicamente disponen de PC de sobremesa hasta que la empresa les dote de equipo adecuado.<\/strong><\/p>\n<p style=\"text-align: justify;\">Ya para concluir,\u00a0<strong>UGT<\/strong>\u00a0ha insistido en la necesidad de mejorar y revisar los sistemas de aire acondicionado haciendo hincapi\u00e9 en la ventilaci\u00f3n y la recirculaci\u00f3n del aire en los lugares de trabajo.<\/p>\n<p style=\"text-align: justify;\"><strong>UGT<\/strong>\u00a0seguir\u00e1, tal y como lo hemos hecho hasta ahora, atenta a todos los indicadores y cambios que se puedan producir en materia de la COVID-19, con el fin de adoptar los acuerdos que conduzcan a establecer las medidas de protecci\u00f3n necesarias para todas las personas trabajadoras que integramos las plantillas del Grupo.<\/p>\n","protected":false},"excerpt":{"rendered":"<p>En la reuni\u00f3n de la Comisi\u00f3n de seguimiento de la COVID-19 celebrada hoy, a pocos d\u00edas de la finalizaci\u00f3n de este periodo estival, en un momento en el que se mantienen buenos indicadores en el pa\u00eds sobre la pandemia que apuntan a una normalizaci\u00f3n de la situaci\u00f3n y en concreto, mejor\u00e1ndose estos indicadores generales en [&hellip;]<\/p>\n","protected":false},"author":3,"featured_media":591251,"comment_status":"closed","ping_status":"closed","sticky":false,"template":"","format":"standard","meta":{"footnotes":""},"categories":[8,25,7,26,31],"tags":[],"class_list":["post-1046749","post","type-post","status-publish","format-standard","has-post-thumbnail","hentry","category-telefonica-cev","category-telefonica","category-telefonica-moviles","category-telefonica-soluciones","category-telyco"],"yoast_head":"<!-- This site is optimized with the Yoast SEO Premium plugin v27.3 (Yoast SEO v27.4) - https:\/\/yoast.com\/product\/yoast-seo-premium-wordpress\/ -->\n<title>Eliminaci\u00f3n de la obligatoriedad de uso de las mascarillas en Telef\u00f3nica y Telyco. - UGT Comunicaciones<\/title>\n<meta name=\"robots\" content=\"index, follow, max-snippet:-1, max-image-preview:large, max-video-preview:-1\" \/>\n<link rel=\"canonical\" href=\"https:\/\/www.ugtcomunicaciones.es\/wordpress\/eliminacion-de-la-obligatoriedad-de-uso-de-las-mascarillas\/\" \/>\n<meta property=\"og:locale\" content=\"es_ES\" \/>\n<meta property=\"og:type\" content=\"article\" \/>\n<meta property=\"og:title\" content=\"Eliminaci\u00f3n de la obligatoriedad de uso de las mascarillas en Telef\u00f3nica y Telyco.\" \/>\n<meta property=\"og:description\" content=\"En la reuni\u00f3n de la Comisi\u00f3n de seguimiento de la COVID-19 celebrada hoy, a pocos d\u00edas de la finalizaci\u00f3n de este periodo estival, en un momento en el que se mantienen buenos indicadores en el pa\u00eds sobre la pandemia que apuntan a una normalizaci\u00f3n de la situaci\u00f3n y en concreto, mejor\u00e1ndose estos indicadores generales en [&hellip;]\" \/>\n<meta property=\"og:url\" content=\"https:\/\/www.ugtcomunicaciones.es\/wordpress\/eliminacion-de-la-obligatoriedad-de-uso-de-las-mascarillas\/\" \/>\n<meta property=\"og:site_name\" content=\"UGT Comunicaciones\" \/>\n<meta property=\"article:publisher\" content=\"https:\/\/www.facebook.com\/ugt.comunicaciones\/\" \/>\n<meta property=\"article:published_time\" content=\"2022-09-07T11:14:32+00:00\" \/>\n<meta property=\"article:modified_time\" content=\"2022-09-07T11:58:21+00:00\" \/>\n<meta property=\"og:image\" content=\"https:\/\/www.ugtcomunicaciones.es\/wordpress\/wp-content\/uploads\/2020\/05\/covid-2.jpg\" \/>\n\t<meta property=\"og:image:width\" content=\"390\" \/>\n\t<meta property=\"og:image:height\" content=\"260\" \/>\n\t<meta property=\"og:image:type\" content=\"image\/jpeg\" \/>\n<meta name=\"author\" content=\"UGT\" \/>\n<meta name=\"twitter:card\" content=\"summary_large_image\" \/>\n<meta name=\"twitter:creator\" content=\"@ugtcom\" \/>\n<meta name=\"twitter:site\" content=\"@ugtcom\" \/>\n<meta name=\"twitter:label1\" content=\"Escrito por\" \/>\n\t<meta name=\"twitter:data1\" content=\"UGT\" \/>\n\t<meta name=\"twitter:label2\" content=\"Tiempo de lectura\" \/>\n\t<meta name=\"twitter:data2\" content=\"3 minutos\" \/>\n<script type=\"application\/ld+json\" class=\"yoast-schema-graph\">{\"@context\":\"https:\\\/\\\/schema.org\",\"@graph\":[{\"@type\":\"Article\",\"@id\":\"https:\\\/\\\/www.ugtcomunicaciones.es\\\/wordpress\\\/eliminacion-de-la-obligatoriedad-de-uso-de-las-mascarillas\\\/#article\",\"isPartOf\":{\"@id\":\"https:\\\/\\\/www.ugtcomunicaciones.es\\\/wordpress\\\/eliminacion-de-la-obligatoriedad-de-uso-de-las-mascarillas\\\/\"},\"author\":{\"name\":\"UGT\",\"@id\":\"https:\\\/\\\/www.ugtcomunicaciones.es\\\/wordpress\\\/#\\\/schema\\\/person\\\/eba0fc3fe5b444531d94d4368cba89ed\"},\"headline\":\"Eliminaci\u00f3n de la obligatoriedad de uso de las mascarillas en Telef\u00f3nica y Telyco.\",\"datePublished\":\"2022-09-07T11:14:32+00:00\",\"dateModified\":\"2022-09-07T11:58:21+00:00\",\"mainEntityOfPage\":{\"@id\":\"https:\\\/\\\/www.ugtcomunicaciones.es\\\/wordpress\\\/eliminacion-de-la-obligatoriedad-de-uso-de-las-mascarillas\\\/\"},\"wordCount\":489,\"publisher\":{\"@id\":\"https:\\\/\\\/www.ugtcomunicaciones.es\\\/wordpress\\\/#organization\"},\"image\":{\"@id\":\"https:\\\/\\\/www.ugtcomunicaciones.es\\\/wordpress\\\/eliminacion-de-la-obligatoriedad-de-uso-de-las-mascarillas\\\/#primaryimage\"},\"thumbnailUrl\":\"https:\\\/\\\/www.ugtcomunicaciones.es\\\/wordpress\\\/wp-content\\\/uploads\\\/2020\\\/05\\\/covid-2.jpg\",\"articleSection\":[\"Telef\u00f3nica CEV\",\"Telef\u00f3nica de Espa\u00f1a\",\"Telef\u00f3nica M\u00f3viles\",\"Telef\u00f3nica Soluciones\",\"Telyco\"],\"inLanguage\":\"es\"},{\"@type\":\"WebPage\",\"@id\":\"https:\\\/\\\/www.ugtcomunicaciones.es\\\/wordpress\\\/eliminacion-de-la-obligatoriedad-de-uso-de-las-mascarillas\\\/\",\"url\":\"https:\\\/\\\/www.ugtcomunicaciones.es\\\/wordpress\\\/eliminacion-de-la-obligatoriedad-de-uso-de-las-mascarillas\\\/\",\"name\":\"Eliminaci\u00f3n de la obligatoriedad de uso de las mascarillas en Telef\u00f3nica y Telyco. - UGT Comunicaciones\",\"isPartOf\":{\"@id\":\"https:\\\/\\\/www.ugtcomunicaciones.es\\\/wordpress\\\/#website\"},\"primaryImageOfPage\":{\"@id\":\"https:\\\/\\\/www.ugtcomunicaciones.es\\\/wordpress\\\/eliminacion-de-la-obligatoriedad-de-uso-de-las-mascarillas\\\/#primaryimage\"},\"image\":{\"@id\":\"https:\\\/\\\/www.ugtcomunicaciones.es\\\/wordpress\\\/eliminacion-de-la-obligatoriedad-de-uso-de-las-mascarillas\\\/#primaryimage\"},\"thumbnailUrl\":\"https:\\\/\\\/www.ugtcomunicaciones.es\\\/wordpress\\\/wp-content\\\/uploads\\\/2020\\\/05\\\/covid-2.jpg\",\"datePublished\":\"2022-09-07T11:14:32+00:00\",\"dateModified\":\"2022-09-07T11:58:21+00:00\",\"breadcrumb\":{\"@id\":\"https:\\\/\\\/www.ugtcomunicaciones.es\\\/wordpress\\\/eliminacion-de-la-obligatoriedad-de-uso-de-las-mascarillas\\\/#breadcrumb\"},\"inLanguage\":\"es\",\"potentialAction\":[{\"@type\":\"ReadAction\",\"target\":[\"https:\\\/\\\/www.ugtcomunicaciones.es\\\/wordpress\\\/eliminacion-de-la-obligatoriedad-de-uso-de-las-mascarillas\\\/\"]}]},{\"@type\":\"ImageObject\",\"inLanguage\":\"es\",\"@id\":\"https:\\\/\\\/www.ugtcomunicaciones.es\\\/wordpress\\\/eliminacion-de-la-obligatoriedad-de-uso-de-las-mascarillas\\\/#primaryimage\",\"url\":\"https:\\\/\\\/www.ugtcomunicaciones.es\\\/wordpress\\\/wp-content\\\/uploads\\\/2020\\\/05\\\/covid-2.jpg\",\"contentUrl\":\"https:\\\/\\\/www.ugtcomunicaciones.es\\\/wordpress\\\/wp-content\\\/uploads\\\/2020\\\/05\\\/covid-2.jpg\",\"width\":390,\"height\":260},{\"@type\":\"BreadcrumbList\",\"@id\":\"https:\\\/\\\/www.ugtcomunicaciones.es\\\/wordpress\\\/eliminacion-de-la-obligatoriedad-de-uso-de-las-mascarillas\\\/#breadcrumb\",\"itemListElement\":[{\"@type\":\"ListItem\",\"position\":1,\"name\":\"Portada\",\"item\":\"https:\\\/\\\/www.ugtcomunicaciones.es\\\/wordpress\\\/\"},{\"@type\":\"ListItem\",\"position\":2,\"name\":\"Eliminaci\u00f3n de la obligatoriedad de uso de las mascarillas en Telef\u00f3nica y Telyco.\"}]},{\"@type\":\"WebSite\",\"@id\":\"https:\\\/\\\/www.ugtcomunicaciones.es\\\/wordpress\\\/#website\",\"url\":\"https:\\\/\\\/www.ugtcomunicaciones.es\\\/wordpress\\\/\",\"name\":\"UGT Comunicaciones\",\"description\":\"Sindicato de Telecomunicaciones\",\"publisher\":{\"@id\":\"https:\\\/\\\/www.ugtcomunicaciones.es\\\/wordpress\\\/#organization\"},\"potentialAction\":[{\"@type\":\"SearchAction\",\"target\":{\"@type\":\"EntryPoint\",\"urlTemplate\":\"https:\\\/\\\/www.ugtcomunicaciones.es\\\/wordpress\\\/?s={search_term_string}\"},\"query-input\":{\"@type\":\"PropertyValueSpecification\",\"valueRequired\":true,\"valueName\":\"search_term_string\"}}],\"inLanguage\":\"es\"},{\"@type\":\"Organization\",\"@id\":\"https:\\\/\\\/www.ugtcomunicaciones.es\\\/wordpress\\\/#organization\",\"name\":\"UGT Comunicaciones\",\"url\":\"https:\\\/\\\/www.ugtcomunicaciones.es\\\/wordpress\\\/\",\"logo\":{\"@type\":\"ImageObject\",\"inLanguage\":\"es\",\"@id\":\"https:\\\/\\\/www.ugtcomunicaciones.es\\\/wordpress\\\/#\\\/schema\\\/logo\\\/image\\\/\",\"url\":\"https:\\\/\\\/www.ugtcomunicaciones.es\\\/wordpress\\\/wp-content\\\/uploads\\\/2024\\\/04\\\/comunicaciones_logo.png\",\"contentUrl\":\"https:\\\/\\\/www.ugtcomunicaciones.es\\\/wordpress\\\/wp-content\\\/uploads\\\/2024\\\/04\\\/comunicaciones_logo.png\",\"width\":298,\"height\":81,\"caption\":\"UGT Comunicaciones\"},\"image\":{\"@id\":\"https:\\\/\\\/www.ugtcomunicaciones.es\\\/wordpress\\\/#\\\/schema\\\/logo\\\/image\\\/\"},\"sameAs\":[\"https:\\\/\\\/www.facebook.com\\\/ugt.comunicaciones\\\/\",\"https:\\\/\\\/x.com\\\/ugtcom\"]},{\"@type\":\"Person\",\"@id\":\"https:\\\/\\\/www.ugtcomunicaciones.es\\\/wordpress\\\/#\\\/schema\\\/person\\\/eba0fc3fe5b444531d94d4368cba89ed\",\"name\":\"UGT\",\"image\":{\"@type\":\"ImageObject\",\"inLanguage\":\"es\",\"@id\":\"https:\\\/\\\/secure.gravatar.com\\\/avatar\\\/2a16057d620a4c646bcfc171c4f23030879ebbdd346f0525bd5d4a564e57e13d?s=96&d=mm&r=g\",\"url\":\"https:\\\/\\\/secure.gravatar.com\\\/avatar\\\/2a16057d620a4c646bcfc171c4f23030879ebbdd346f0525bd5d4a564e57e13d?s=96&d=mm&r=g\",\"contentUrl\":\"https:\\\/\\\/secure.gravatar.com\\\/avatar\\\/2a16057d620a4c646bcfc171c4f23030879ebbdd346f0525bd5d4a564e57e13d?s=96&d=mm&r=g\",\"caption\":\"UGT\"}}]}<\/script>\n<!-- \/ Yoast SEO Premium plugin. -->","yoast_head_json":{"title":"Eliminaci\u00f3n de la obligatoriedad de uso de las mascarillas en Telef\u00f3nica y Telyco. - UGT Comunicaciones","robots":{"index":"index","follow":"follow","max-snippet":"max-snippet:-1","max-image-preview":"max-image-preview:large","max-video-preview":"max-video-preview:-1"},"canonical":"https:\/\/www.ugtcomunicaciones.es\/wordpress\/eliminacion-de-la-obligatoriedad-de-uso-de-las-mascarillas\/","og_locale":"es_ES","og_type":"article","og_title":"Eliminaci\u00f3n de la obligatoriedad de uso de las mascarillas en Telef\u00f3nica y Telyco.","og_description":"En la reuni\u00f3n de la Comisi\u00f3n de seguimiento de la COVID-19 celebrada hoy, a pocos d\u00edas de la finalizaci\u00f3n de este periodo estival, en un momento en el que se mantienen buenos indicadores en el pa\u00eds sobre la pandemia que apuntan a una normalizaci\u00f3n de la situaci\u00f3n y en concreto, mejor\u00e1ndose estos indicadores generales en [&hellip;]","og_url":"https:\/\/www.ugtcomunicaciones.es\/wordpress\/eliminacion-de-la-obligatoriedad-de-uso-de-las-mascarillas\/","og_site_name":"UGT Comunicaciones","article_publisher":"https:\/\/www.facebook.com\/ugt.comunicaciones\/","article_published_time":"2022-09-07T11:14:32+00:00","article_modified_time":"2022-09-07T11:58:21+00:00","og_image":[{"width":390,"height":260,"url":"https:\/\/www.ugtcomunicaciones.es\/wordpress\/wp-content\/uploads\/2020\/05\/covid-2.jpg","type":"image\/jpeg"}],"author":"UGT","twitter_card":"summary_large_image","twitter_creator":"@ugtcom","twitter_site":"@ugtcom","twitter_misc":{"Escrito por":"UGT","Tiempo de lectura":"3 minutos"},"schema":{"@context":"https:\/\/schema.org","@graph":[{"@type":"Article","@id":"https:\/\/www.ugtcomunicaciones.es\/wordpress\/eliminacion-de-la-obligatoriedad-de-uso-de-las-mascarillas\/#article","isPartOf":{"@id":"https:\/\/www.ugtcomunicaciones.es\/wordpress\/eliminacion-de-la-obligatoriedad-de-uso-de-las-mascarillas\/"},"author":{"name":"UGT","@id":"https:\/\/www.ugtcomunicaciones.es\/wordpress\/#\/schema\/person\/eba0fc3fe5b444531d94d4368cba89ed"},"headline":"Eliminaci\u00f3n de la obligatoriedad de uso de las mascarillas en Telef\u00f3nica y Telyco.","datePublished":"2022-09-07T11:14:32+00:00","dateModified":"2022-09-07T11:58:21+00:00","mainEntityOfPage":{"@id":"https:\/\/www.ugtcomunicaciones.es\/wordpress\/eliminacion-de-la-obligatoriedad-de-uso-de-las-mascarillas\/"},"wordCount":489,"publisher":{"@id":"https:\/\/www.ugtcomunicaciones.es\/wordpress\/#organization"},"image":{"@id":"https:\/\/www.ugtcomunicaciones.es\/wordpress\/eliminacion-de-la-obligatoriedad-de-uso-de-las-mascarillas\/#primaryimage"},"thumbnailUrl":"https:\/\/www.ugtcomunicaciones.es\/wordpress\/wp-content\/uploads\/2020\/05\/covid-2.jpg","articleSection":["Telef\u00f3nica CEV","Telef\u00f3nica de Espa\u00f1a","Telef\u00f3nica M\u00f3viles","Telef\u00f3nica Soluciones","Telyco"],"inLanguage":"es"},{"@type":"WebPage","@id":"https:\/\/www.ugtcomunicaciones.es\/wordpress\/eliminacion-de-la-obligatoriedad-de-uso-de-las-mascarillas\/","url":"https:\/\/www.ugtcomunicaciones.es\/wordpress\/eliminacion-de-la-obligatoriedad-de-uso-de-las-mascarillas\/","name":"Eliminaci\u00f3n de la obligatoriedad de uso de las mascarillas en Telef\u00f3nica y Telyco. - UGT Comunicaciones","isPartOf":{"@id":"https:\/\/www.ugtcomunicaciones.es\/wordpress\/#website"},"primaryImageOfPage":{"@id":"https:\/\/www.ugtcomunicaciones.es\/wordpress\/eliminacion-de-la-obligatoriedad-de-uso-de-las-mascarillas\/#primaryimage"},"image":{"@id":"https:\/\/www.ugtcomunicaciones.es\/wordpress\/eliminacion-de-la-obligatoriedad-de-uso-de-las-mascarillas\/#primaryimage"},"thumbnailUrl":"https:\/\/www.ugtcomunicaciones.es\/wordpress\/wp-content\/uploads\/2020\/05\/covid-2.jpg","datePublished":"2022-09-07T11:14:32+00:00","dateModified":"2022-09-07T11:58:21+00:00","breadcrumb":{"@id":"https:\/\/www.ugtcomunicaciones.es\/wordpress\/eliminacion-de-la-obligatoriedad-de-uso-de-las-mascarillas\/#breadcrumb"},"inLanguage":"es","potentialAction":[{"@type":"ReadAction","target":["https:\/\/www.ugtcomunicaciones.es\/wordpress\/eliminacion-de-la-obligatoriedad-de-uso-de-las-mascarillas\/"]}]},{"@type":"ImageObject","inLanguage":"es","@id":"https:\/\/www.ugtcomunicaciones.es\/wordpress\/eliminacion-de-la-obligatoriedad-de-uso-de-las-mascarillas\/#primaryimage","url":"https:\/\/www.ugtcomunicaciones.es\/wordpress\/wp-content\/uploads\/2020\/05\/covid-2.jpg","contentUrl":"https:\/\/www.ugtcomunicaciones.es\/wordpress\/wp-content\/uploads\/2020\/05\/covid-2.jpg","width":390,"height":260},{"@type":"BreadcrumbList","@id":"https:\/\/www.ugtcomunicaciones.es\/wordpress\/eliminacion-de-la-obligatoriedad-de-uso-de-las-mascarillas\/#breadcrumb","itemListElement":[{"@type":"ListItem","position":1,"name":"Portada","item":"https:\/\/www.ugtcomunicaciones.es\/wordpress\/"},{"@type":"ListItem","position":2,"name":"Eliminaci\u00f3n de la obligatoriedad de uso de las mascarillas en Telef\u00f3nica y Telyco."}]},{"@type":"WebSite","@id":"https:\/\/www.ugtcomunicaciones.es\/wordpress\/#website","url":"https:\/\/www.ugtcomunicaciones.es\/wordpress\/","name":"UGT Comunicaciones","description":"Sindicato de Telecomunicaciones","publisher":{"@id":"https:\/\/www.ugtcomunicaciones.es\/wordpress\/#organization"},"potentialAction":[{"@type":"SearchAction","target":{"@type":"EntryPoint","urlTemplate":"https:\/\/www.ugtcomunicaciones.es\/wordpress\/?s={search_term_string}"},"query-input":{"@type":"PropertyValueSpecification","valueRequired":true,"valueName":"search_term_string"}}],"inLanguage":"es"},{"@type":"Organization","@id":"https:\/\/www.ugtcomunicaciones.es\/wordpress\/#organization","name":"UGT Comunicaciones","url":"https:\/\/www.ugtcomunicaciones.es\/wordpress\/","logo":{"@type":"ImageObject","inLanguage":"es","@id":"https:\/\/www.ugtcomunicaciones.es\/wordpress\/#\/schema\/logo\/image\/","url":"https:\/\/www.ugtcomunicaciones.es\/wordpress\/wp-content\/uploads\/2024\/04\/comunicaciones_logo.png","contentUrl":"https:\/\/www.ugtcomunicaciones.es\/wordpress\/wp-content\/uploads\/2024\/04\/comunicaciones_logo.png","width":298,"height":81,"caption":"UGT Comunicaciones"},"image":{"@id":"https:\/\/www.ugtcomunicaciones.es\/wordpress\/#\/schema\/logo\/image\/"},"sameAs":["https:\/\/www.facebook.com\/ugt.comunicaciones\/","https:\/\/x.com\/ugtcom"]},{"@type":"Person","@id":"https:\/\/www.ugtcomunicaciones.es\/wordpress\/#\/schema\/person\/eba0fc3fe5b444531d94d4368cba89ed","name":"UGT","image":{"@type":"ImageObject","inLanguage":"es","@id":"https:\/\/secure.gravatar.com\/avatar\/2a16057d620a4c646bcfc171c4f23030879ebbdd346f0525bd5d4a564e57e13d?s=96&d=mm&r=g","url":"https:\/\/secure.gravatar.com\/avatar\/2a16057d620a4c646bcfc171c4f23030879ebbdd346f0525bd5d4a564e57e13d?s=96&d=mm&r=g","contentUrl":"https:\/\/secure.gravatar.com\/avatar\/2a16057d620a4c646bcfc171c4f23030879ebbdd346f0525bd5d4a564e57e13d?s=96&d=mm&r=g","caption":"UGT"}}]}},"_links":{"self":[{"href":"https:\/\/www.ugtcomunicaciones.es\/wordpress\/wp-json\/wp\/v2\/posts\/1046749","targetHints":{"allow":["GET"]}}],"collection":[{"href":"https:\/\/www.ugtcomunicaciones.es\/wordpress\/wp-json\/wp\/v2\/posts"}],"about":[{"href":"https:\/\/www.ugtcomunicaciones.es\/wordpress\/wp-json\/wp\/v2\/types\/post"}],"author":[{"embeddable":true,"href":"https:\/\/www.ugtcomunicaciones.es\/wordpress\/wp-json\/wp\/v2\/users\/3"}],"replies":[{"embeddable":true,"href":"https:\/\/www.ugtcomunicaciones.es\/wordpress\/wp-json\/wp\/v2\/comments?post=1046749"}],"version-history":[{"count":0,"href":"https:\/\/www.ugtcomunicaciones.es\/wordpress\/wp-json\/wp\/v2\/posts\/1046749\/revisions"}],"wp:featuredmedia":[{"embeddable":true,"href":"https:\/\/www.ugtcomunicaciones.es\/wordpress\/wp-json\/wp\/v2\/media\/591251"}],"wp:attachment":[{"href":"https:\/\/www.ugtcomunicaciones.es\/wordpress\/wp-json\/wp\/v2\/media?parent=1046749"}],"wp:term":[{"taxonomy":"category","embeddable":true,"href":"https:\/\/www.ugtcomunicaciones.es\/wordpress\/wp-json\/wp\/v2\/categories?post=1046749"},{"taxonomy":"post_tag","embeddable":true,"href":"https:\/\/www.ugtcomunicaciones.es\/wordpress\/wp-json\/wp\/v2\/tags?post=1046749"}],"curies":[{"name":"wp","href":"https:\/\/api.w.org\/{rel}","templated":true}]}}