{"id":1047171,"date":"2022-09-19T07:00:56","date_gmt":"2022-09-19T05:00:56","guid":{"rendered":"https:\/\/www.ugtcomunicaciones.es\/wordpress\/?p=1047171"},"modified":"2022-09-08T12:51:31","modified_gmt":"2022-09-08T10:51:31","slug":"la-automatizacion-del-empleo-debe-llevarnos-a-la-jornada-semanal-de-32-horas","status":"publish","type":"post","link":"https:\/\/www.ugtcomunicaciones.es\/wordpress\/la-automatizacion-del-empleo-debe-llevarnos-a-la-jornada-semanal-de-32-horas\/","title":{"rendered":"La automatizaci\u00f3n del empleo debe llevarnos a la jornada semanal de 32 horas"},"content":{"rendered":"<p style=\"text-align: justify;\">A pesar de que la mayor\u00eda de la poblaci\u00f3n espa\u00f1ola opine que la automatizaci\u00f3n va a generar m\u00e1s desempleo que nuevos puestos de trabajo &#8211; y de que siguen public\u00e1ndose estudios que confirman tal precepci\u00f3n &#8211; no se est\u00e1 utilizando esta tendencia, de forma contundente y vinculante, para reducir nuestra jornada de trabajo.<\/p>\n<p style=\"text-align: justify;\">El Centro de Investigaciones Sociol\u00f3gicas recogi\u00f3 a finales de 2021 el amplio sentir de la ciudadan\u00eda espa\u00f1ola: un 54% consideraba que la rob\u00f3tica y el software inteligente dar\u00e1 lugar a un aumento del paro en la pr\u00f3xima d\u00e9cada<sup class=\"modern-footnotes-footnote \" data-mfn=\"1\" data-mfn-post-scope=\"000000000000413c0000000000000000_1047171\"><a href=\"javascript:void(0)\"  role=\"button\" aria-pressed=\"false\" aria-describedby=\"mfn-content-000000000000413c0000000000000000_1047171-1\">1<\/a><\/sup><span id=\"mfn-content-000000000000413c0000000000000000_1047171-1\" role=\"tooltip\" class=\"modern-footnotes-footnote__note\" tabindex=\"0\" data-mfn=\"1\"><a href=\"http:\/\/datos.cis.es\/pdf\/Es3343marMT_A.pdf\" target=\"_blank\" rel=\"noopener\">http:\/\/datos.cis.es\/pdf\/Es3343marMT_A.pdf<\/a><\/span>. Una percepci\u00f3n que recientemente ha confirmado la Fundaci\u00f3n COTEC<sup class=\"modern-footnotes-footnote \" data-mfn=\"2\" data-mfn-post-scope=\"000000000000413c0000000000000000_1047171\"><a href=\"javascript:void(0)\"  role=\"button\" aria-pressed=\"false\" aria-describedby=\"mfn-content-000000000000413c0000000000000000_1047171-2\">2<\/a><\/sup><span id=\"mfn-content-000000000000413c0000000000000000_1047171-2\" role=\"tooltip\" class=\"modern-footnotes-footnote__note\" tabindex=\"0\" data-mfn=\"2\"><a href=\"https:\/\/cotec.es\/observacion\/encuesta-de-percepcion-social-de-la-innovacion\/0e696b76-87a8-1d3c-8c7e-7a8f4d6097d1\" target=\"_blank\" rel=\"noopener\">https:\/\/cotec.es\/observacion\/encuesta-de-percepcion-social-de-la-innovacion\/0e696b76-87a8-1d3c-8c7e-7a8f4d6097d1<\/a><\/span>: un 70% de la poblaci\u00f3n considera que los actuales puestos de trabajo ser\u00edan sustituidos por m\u00e1quinas en los pr\u00f3ximos 15 a\u00f1os. Pocas ideas tienen tal grado de consenso en nuestra sociedad en la actualidad.<\/p>\n<p style=\"text-align: justify;\">Es evidente que las personas trabajadoras asisten un desembarco masivo de tecnolog\u00edas que realizan cada vez m\u00e1s tareas rutinarias y complejas. Una tendencia que muchos organismos vienen cuantificando desde hace a\u00f1os, y que UGT recopil\u00f3 en su estudio \u201cImpacto de la automatizaci\u00f3n en el empleo en Espa\u00f1a<sup class=\"modern-footnotes-footnote \" data-mfn=\"3\" data-mfn-post-scope=\"000000000000413c0000000000000000_1047171\"><a href=\"javascript:void(0)\"  role=\"button\" aria-pressed=\"false\" aria-describedby=\"mfn-content-000000000000413c0000000000000000_1047171-3\">3<\/a><\/sup><span id=\"mfn-content-000000000000413c0000000000000000_1047171-3\" role=\"tooltip\" class=\"modern-footnotes-footnote__note\" tabindex=\"0\" data-mfn=\"3\"><a href=\"https:\/\/www.ugt.es\/sites\/default\/files\/24-_maquetado-_impacto_de_la_automatizacion_en_el_empleo_en_espana.pdf\" target=\"_blank\" rel=\"noopener\">https:\/\/www.ugt.es\/sites\/default\/files\/24-_maquetado-_impacto_de_la_automatizacion_en_el_empleo_en_espana.pdf<\/a><\/span>\u201d. Todos estos an\u00e1lisis no solo no se han visto refutados, sino que han sido sistem\u00e1ticamente reafirmados con estudios posteriores, como los del Parlamento Europeo<sup class=\"modern-footnotes-footnote \" data-mfn=\"4\" data-mfn-post-scope=\"000000000000413c0000000000000000_1047171\"><a href=\"javascript:void(0)\"  role=\"button\" aria-pressed=\"false\" aria-describedby=\"mfn-content-000000000000413c0000000000000000_1047171-4\">4<\/a><\/sup><span id=\"mfn-content-000000000000413c0000000000000000_1047171-4\" role=\"tooltip\" class=\"modern-footnotes-footnote__note\" tabindex=\"0\" data-mfn=\"4\"><a href=\"https:\/\/www.europarl.europa.eu\/thinktank\/en\/document\/IPOL_STU(2021)662911\" target=\"_blank\" rel=\"noopener\">https:\/\/www.europarl.europa.eu\/thinktank\/en\/document\/IPOL_STU(2021)662911<\/a><\/span>, el Foro Econ\u00f3mico Mundial<sup class=\"modern-footnotes-footnote \" data-mfn=\"5\" data-mfn-post-scope=\"000000000000413c0000000000000000_1047171\"><a href=\"javascript:void(0)\"  role=\"button\" aria-pressed=\"false\" aria-describedby=\"mfn-content-000000000000413c0000000000000000_1047171-5\">5<\/a><\/sup><span id=\"mfn-content-000000000000413c0000000000000000_1047171-5\" role=\"tooltip\" class=\"modern-footnotes-footnote__note\" tabindex=\"0\" data-mfn=\"5\"><a href=\"https:\/\/www.weforum.org\/reports\/the-future-of-jobs-report-2020\/\" target=\"_blank\" rel=\"noopener\">https:\/\/www.weforum.org\/reports\/the-future-of-jobs-report-2020\/<\/a><\/span> o la Universidad de Lausana<sup class=\"modern-footnotes-footnote \" data-mfn=\"6\" data-mfn-post-scope=\"000000000000413c0000000000000000_1047171\"><a href=\"javascript:void(0)\"  role=\"button\" aria-pressed=\"false\" aria-describedby=\"mfn-content-000000000000413c0000000000000000_1047171-6\">6<\/a><\/sup><span id=\"mfn-content-000000000000413c0000000000000000_1047171-6\" role=\"tooltip\" class=\"modern-footnotes-footnote__note\" tabindex=\"0\" data-mfn=\"6\"><a href=\"https:\/\/www.sciencedaily.com\/releases\/2022\/04\/220413141535.htm\" target=\"_blank\" rel=\"noopener\">https:\/\/www.sciencedaily.com\/releases\/2022\/04\/220413141535.htm<\/a><\/span>. Todos ellos confirman lo ya sabido: la automatizaci\u00f3n del empleo generar\u00e1 una fort\u00edsima dislocaci\u00f3n de los mercados de trabajo, generando desempleo a corto plazo y un enorme aumento de la precariedad laboral.<\/p>\n<p style=\"text-align: justify;\">Adem\u00e1s de los imprescindibles planes de recualificaci\u00f3n profesional que tendr\u00e1n que desplegarse entre toda nuestra fuerza de trabajo para acometer este desaf\u00edo, este generalizado proceso de automatizaci\u00f3n, necesariamente, tendr\u00e1 que revertir en una inaplazable reducci\u00f3n de la jornada de trabajo hasta las 32 hora semanales.<\/p>\n<p style=\"text-align: justify;\">La reivindicaci\u00f3n abanderada por UGT ofrece por s\u00ed misma una soluci\u00f3n a un mundo actual en el que la productividad se incrementa como consecuencia de los procesos de automatizaci\u00f3n y digitalizaci\u00f3n. Adem\u00e1s, la reducci\u00f3n del tiempo de trabajo se presenta como una clara soluci\u00f3n a la elevada tasa de desempleo estructural que mantenemos, muy por encima en serie hist\u00f3rica, de la media europea.<\/p>\n<p style=\"text-align: justify;\">Por todo ello, UGT reitera que la reducci\u00f3n de la jornada laboral se configura como una propuesta clave para hacer frente a los procesos de robotizaci\u00f3n, digitalizaci\u00f3n y automatizaci\u00f3n del trabajo, proporcionando una mayor productividad, avances en la igualdad de g\u00e9nero y una mejor salud y calidad de vida de las personas trabajadoras.<\/p>\n<h4 style=\"text-align: right;\"><strong><span style=\"color: #ff0000;\">UGT<\/span> Comunicaciones<\/strong><a href=\"#_ftnref1\" name=\"_ftn1\"><\/a><\/h4>\n","protected":false},"excerpt":{"rendered":"<p>A pesar de que la mayor\u00eda de la poblaci\u00f3n espa\u00f1ola opine que la automatizaci\u00f3n va a generar m\u00e1s desempleo que nuevos puestos de trabajo &#8211; y de que siguen public\u00e1ndose estudios que confirman tal precepci\u00f3n &#8211; no se est\u00e1 utilizando esta tendencia, de forma contundente y vinculante, para reducir nuestra jornada de trabajo. El Centro [&hellip;]<\/p>\n","protected":false},"author":3,"featured_media":1047174,"comment_status":"closed","ping_status":"closed","sticky":false,"template":"","format":"standard","meta":{"footnotes":""},"categories":[14,12],"tags":[],"class_list":["post-1047171","post","type-post","status-publish","format-standard","has-post-thumbnail","hentry","category-opinion","category-regulacion"],"yoast_head":"<!-- This site is optimized with the Yoast SEO Premium plugin v27.3 (Yoast SEO v27.4) - https:\/\/yoast.com\/product\/yoast-seo-premium-wordpress\/ -->\n<title>La automatizaci\u00f3n del empleo debe llevarnos a la jornada semanal de 32 horas - UGT Comunicaciones<\/title>\n<meta name=\"robots\" content=\"index, follow, max-snippet:-1, max-image-preview:large, max-video-preview:-1\" \/>\n<link rel=\"canonical\" href=\"https:\/\/www.ugtcomunicaciones.es\/wordpress\/la-automatizacion-del-empleo-debe-llevarnos-a-la-jornada-semanal-de-32-horas\/\" \/>\n<meta property=\"og:locale\" content=\"es_ES\" \/>\n<meta property=\"og:type\" content=\"article\" \/>\n<meta property=\"og:title\" content=\"La automatizaci\u00f3n del empleo debe llevarnos a la jornada semanal de 32 horas\" \/>\n<meta property=\"og:description\" content=\"A pesar de que la mayor\u00eda de la poblaci\u00f3n espa\u00f1ola opine que la automatizaci\u00f3n va a generar m\u00e1s desempleo que nuevos puestos de trabajo &#8211; y de que siguen public\u00e1ndose estudios que confirman tal precepci\u00f3n &#8211; no se est\u00e1 utilizando esta tendencia, de forma contundente y vinculante, para reducir nuestra jornada de trabajo. El Centro [&hellip;]\" \/>\n<meta property=\"og:url\" content=\"https:\/\/www.ugtcomunicaciones.es\/wordpress\/la-automatizacion-del-empleo-debe-llevarnos-a-la-jornada-semanal-de-32-horas\/\" \/>\n<meta property=\"og:site_name\" content=\"UGT Comunicaciones\" \/>\n<meta property=\"article:publisher\" content=\"https:\/\/www.facebook.com\/ugt.comunicaciones\/\" \/>\n<meta property=\"article:published_time\" content=\"2022-09-19T05:00:56+00:00\" \/>\n<meta property=\"og:image\" content=\"https:\/\/www.ugtcomunicaciones.es\/wordpress\/wp-content\/uploads\/2022\/09\/Resumen-12.jpg\" \/>\n\t<meta property=\"og:image:width\" content=\"600\" \/>\n\t<meta property=\"og:image:height\" content=\"325\" \/>\n\t<meta property=\"og:image:type\" content=\"image\/jpeg\" \/>\n<meta name=\"author\" content=\"UGT\" \/>\n<meta name=\"twitter:card\" content=\"summary_large_image\" \/>\n<meta name=\"twitter:creator\" content=\"@ugtcom\" \/>\n<meta name=\"twitter:site\" content=\"@ugtcom\" \/>\n<meta name=\"twitter:label1\" content=\"Escrito por\" \/>\n\t<meta name=\"twitter:data1\" content=\"UGT\" \/>\n\t<meta name=\"twitter:label2\" content=\"Tiempo de lectura\" \/>\n\t<meta name=\"twitter:data2\" content=\"2 minutos\" \/>\n<script type=\"application\/ld+json\" class=\"yoast-schema-graph\">{\"@context\":\"https:\\\/\\\/schema.org\",\"@graph\":[{\"@type\":\"Article\",\"@id\":\"https:\\\/\\\/www.ugtcomunicaciones.es\\\/wordpress\\\/la-automatizacion-del-empleo-debe-llevarnos-a-la-jornada-semanal-de-32-horas\\\/#article\",\"isPartOf\":{\"@id\":\"https:\\\/\\\/www.ugtcomunicaciones.es\\\/wordpress\\\/la-automatizacion-del-empleo-debe-llevarnos-a-la-jornada-semanal-de-32-horas\\\/\"},\"author\":{\"name\":\"UGT\",\"@id\":\"https:\\\/\\\/www.ugtcomunicaciones.es\\\/wordpress\\\/#\\\/schema\\\/person\\\/eba0fc3fe5b444531d94d4368cba89ed\"},\"headline\":\"La automatizaci\u00f3n del empleo debe llevarnos a la jornada semanal de 32 horas\",\"datePublished\":\"2022-09-19T05:00:56+00:00\",\"mainEntityOfPage\":{\"@id\":\"https:\\\/\\\/www.ugtcomunicaciones.es\\\/wordpress\\\/la-automatizacion-del-empleo-debe-llevarnos-a-la-jornada-semanal-de-32-horas\\\/\"},\"wordCount\":547,\"publisher\":{\"@id\":\"https:\\\/\\\/www.ugtcomunicaciones.es\\\/wordpress\\\/#organization\"},\"image\":{\"@id\":\"https:\\\/\\\/www.ugtcomunicaciones.es\\\/wordpress\\\/la-automatizacion-del-empleo-debe-llevarnos-a-la-jornada-semanal-de-32-horas\\\/#primaryimage\"},\"thumbnailUrl\":\"https:\\\/\\\/www.ugtcomunicaciones.es\\\/wordpress\\\/wp-content\\\/uploads\\\/2022\\\/09\\\/Resumen-12.jpg\",\"articleSection\":[\"Opini\u00f3n\",\"Regulaci\u00f3n\"],\"inLanguage\":\"es\"},{\"@type\":\"WebPage\",\"@id\":\"https:\\\/\\\/www.ugtcomunicaciones.es\\\/wordpress\\\/la-automatizacion-del-empleo-debe-llevarnos-a-la-jornada-semanal-de-32-horas\\\/\",\"url\":\"https:\\\/\\\/www.ugtcomunicaciones.es\\\/wordpress\\\/la-automatizacion-del-empleo-debe-llevarnos-a-la-jornada-semanal-de-32-horas\\\/\",\"name\":\"La automatizaci\u00f3n del empleo debe llevarnos a la jornada semanal de 32 horas - UGT Comunicaciones\",\"isPartOf\":{\"@id\":\"https:\\\/\\\/www.ugtcomunicaciones.es\\\/wordpress\\\/#website\"},\"primaryImageOfPage\":{\"@id\":\"https:\\\/\\\/www.ugtcomunicaciones.es\\\/wordpress\\\/la-automatizacion-del-empleo-debe-llevarnos-a-la-jornada-semanal-de-32-horas\\\/#primaryimage\"},\"image\":{\"@id\":\"https:\\\/\\\/www.ugtcomunicaciones.es\\\/wordpress\\\/la-automatizacion-del-empleo-debe-llevarnos-a-la-jornada-semanal-de-32-horas\\\/#primaryimage\"},\"thumbnailUrl\":\"https:\\\/\\\/www.ugtcomunicaciones.es\\\/wordpress\\\/wp-content\\\/uploads\\\/2022\\\/09\\\/Resumen-12.jpg\",\"datePublished\":\"2022-09-19T05:00:56+00:00\",\"breadcrumb\":{\"@id\":\"https:\\\/\\\/www.ugtcomunicaciones.es\\\/wordpress\\\/la-automatizacion-del-empleo-debe-llevarnos-a-la-jornada-semanal-de-32-horas\\\/#breadcrumb\"},\"inLanguage\":\"es\",\"potentialAction\":[{\"@type\":\"ReadAction\",\"target\":[\"https:\\\/\\\/www.ugtcomunicaciones.es\\\/wordpress\\\/la-automatizacion-del-empleo-debe-llevarnos-a-la-jornada-semanal-de-32-horas\\\/\"]}]},{\"@type\":\"ImageObject\",\"inLanguage\":\"es\",\"@id\":\"https:\\\/\\\/www.ugtcomunicaciones.es\\\/wordpress\\\/la-automatizacion-del-empleo-debe-llevarnos-a-la-jornada-semanal-de-32-horas\\\/#primaryimage\",\"url\":\"https:\\\/\\\/www.ugtcomunicaciones.es\\\/wordpress\\\/wp-content\\\/uploads\\\/2022\\\/09\\\/Resumen-12.jpg\",\"contentUrl\":\"https:\\\/\\\/www.ugtcomunicaciones.es\\\/wordpress\\\/wp-content\\\/uploads\\\/2022\\\/09\\\/Resumen-12.jpg\",\"width\":600,\"height\":325},{\"@type\":\"BreadcrumbList\",\"@id\":\"https:\\\/\\\/www.ugtcomunicaciones.es\\\/wordpress\\\/la-automatizacion-del-empleo-debe-llevarnos-a-la-jornada-semanal-de-32-horas\\\/#breadcrumb\",\"itemListElement\":[{\"@type\":\"ListItem\",\"position\":1,\"name\":\"Portada\",\"item\":\"https:\\\/\\\/www.ugtcomunicaciones.es\\\/wordpress\\\/\"},{\"@type\":\"ListItem\",\"position\":2,\"name\":\"La automatizaci\u00f3n del empleo debe llevarnos a la jornada semanal de 32 horas\"}]},{\"@type\":\"WebSite\",\"@id\":\"https:\\\/\\\/www.ugtcomunicaciones.es\\\/wordpress\\\/#website\",\"url\":\"https:\\\/\\\/www.ugtcomunicaciones.es\\\/wordpress\\\/\",\"name\":\"UGT Comunicaciones\",\"description\":\"Sindicato de Telecomunicaciones\",\"publisher\":{\"@id\":\"https:\\\/\\\/www.ugtcomunicaciones.es\\\/wordpress\\\/#organization\"},\"potentialAction\":[{\"@type\":\"SearchAction\",\"target\":{\"@type\":\"EntryPoint\",\"urlTemplate\":\"https:\\\/\\\/www.ugtcomunicaciones.es\\\/wordpress\\\/?s={search_term_string}\"},\"query-input\":{\"@type\":\"PropertyValueSpecification\",\"valueRequired\":true,\"valueName\":\"search_term_string\"}}],\"inLanguage\":\"es\"},{\"@type\":\"Organization\",\"@id\":\"https:\\\/\\\/www.ugtcomunicaciones.es\\\/wordpress\\\/#organization\",\"name\":\"UGT Comunicaciones\",\"url\":\"https:\\\/\\\/www.ugtcomunicaciones.es\\\/wordpress\\\/\",\"logo\":{\"@type\":\"ImageObject\",\"inLanguage\":\"es\",\"@id\":\"https:\\\/\\\/www.ugtcomunicaciones.es\\\/wordpress\\\/#\\\/schema\\\/logo\\\/image\\\/\",\"url\":\"https:\\\/\\\/www.ugtcomunicaciones.es\\\/wordpress\\\/wp-content\\\/uploads\\\/2024\\\/04\\\/comunicaciones_logo.png\",\"contentUrl\":\"https:\\\/\\\/www.ugtcomunicaciones.es\\\/wordpress\\\/wp-content\\\/uploads\\\/2024\\\/04\\\/comunicaciones_logo.png\",\"width\":298,\"height\":81,\"caption\":\"UGT Comunicaciones\"},\"image\":{\"@id\":\"https:\\\/\\\/www.ugtcomunicaciones.es\\\/wordpress\\\/#\\\/schema\\\/logo\\\/image\\\/\"},\"sameAs\":[\"https:\\\/\\\/www.facebook.com\\\/ugt.comunicaciones\\\/\",\"https:\\\/\\\/x.com\\\/ugtcom\"]},{\"@type\":\"Person\",\"@id\":\"https:\\\/\\\/www.ugtcomunicaciones.es\\\/wordpress\\\/#\\\/schema\\\/person\\\/eba0fc3fe5b444531d94d4368cba89ed\",\"name\":\"UGT\",\"image\":{\"@type\":\"ImageObject\",\"inLanguage\":\"es\",\"@id\":\"https:\\\/\\\/secure.gravatar.com\\\/avatar\\\/2a16057d620a4c646bcfc171c4f23030879ebbdd346f0525bd5d4a564e57e13d?s=96&d=mm&r=g\",\"url\":\"https:\\\/\\\/secure.gravatar.com\\\/avatar\\\/2a16057d620a4c646bcfc171c4f23030879ebbdd346f0525bd5d4a564e57e13d?s=96&d=mm&r=g\",\"contentUrl\":\"https:\\\/\\\/secure.gravatar.com\\\/avatar\\\/2a16057d620a4c646bcfc171c4f23030879ebbdd346f0525bd5d4a564e57e13d?s=96&d=mm&r=g\",\"caption\":\"UGT\"}}]}<\/script>\n<!-- \/ Yoast SEO Premium plugin. -->","yoast_head_json":{"title":"La automatizaci\u00f3n del empleo debe llevarnos a la jornada semanal de 32 horas - UGT Comunicaciones","robots":{"index":"index","follow":"follow","max-snippet":"max-snippet:-1","max-image-preview":"max-image-preview:large","max-video-preview":"max-video-preview:-1"},"canonical":"https:\/\/www.ugtcomunicaciones.es\/wordpress\/la-automatizacion-del-empleo-debe-llevarnos-a-la-jornada-semanal-de-32-horas\/","og_locale":"es_ES","og_type":"article","og_title":"La automatizaci\u00f3n del empleo debe llevarnos a la jornada semanal de 32 horas","og_description":"A pesar de que la mayor\u00eda de la poblaci\u00f3n espa\u00f1ola opine que la automatizaci\u00f3n va a generar m\u00e1s desempleo que nuevos puestos de trabajo &#8211; y de que siguen public\u00e1ndose estudios que confirman tal precepci\u00f3n &#8211; no se est\u00e1 utilizando esta tendencia, de forma contundente y vinculante, para reducir nuestra jornada de trabajo. El Centro [&hellip;]","og_url":"https:\/\/www.ugtcomunicaciones.es\/wordpress\/la-automatizacion-del-empleo-debe-llevarnos-a-la-jornada-semanal-de-32-horas\/","og_site_name":"UGT Comunicaciones","article_publisher":"https:\/\/www.facebook.com\/ugt.comunicaciones\/","article_published_time":"2022-09-19T05:00:56+00:00","og_image":[{"width":600,"height":325,"url":"https:\/\/www.ugtcomunicaciones.es\/wordpress\/wp-content\/uploads\/2022\/09\/Resumen-12.jpg","type":"image\/jpeg"}],"author":"UGT","twitter_card":"summary_large_image","twitter_creator":"@ugtcom","twitter_site":"@ugtcom","twitter_misc":{"Escrito por":"UGT","Tiempo de lectura":"2 minutos"},"schema":{"@context":"https:\/\/schema.org","@graph":[{"@type":"Article","@id":"https:\/\/www.ugtcomunicaciones.es\/wordpress\/la-automatizacion-del-empleo-debe-llevarnos-a-la-jornada-semanal-de-32-horas\/#article","isPartOf":{"@id":"https:\/\/www.ugtcomunicaciones.es\/wordpress\/la-automatizacion-del-empleo-debe-llevarnos-a-la-jornada-semanal-de-32-horas\/"},"author":{"name":"UGT","@id":"https:\/\/www.ugtcomunicaciones.es\/wordpress\/#\/schema\/person\/eba0fc3fe5b444531d94d4368cba89ed"},"headline":"La automatizaci\u00f3n del empleo debe llevarnos a la jornada semanal de 32 horas","datePublished":"2022-09-19T05:00:56+00:00","mainEntityOfPage":{"@id":"https:\/\/www.ugtcomunicaciones.es\/wordpress\/la-automatizacion-del-empleo-debe-llevarnos-a-la-jornada-semanal-de-32-horas\/"},"wordCount":547,"publisher":{"@id":"https:\/\/www.ugtcomunicaciones.es\/wordpress\/#organization"},"image":{"@id":"https:\/\/www.ugtcomunicaciones.es\/wordpress\/la-automatizacion-del-empleo-debe-llevarnos-a-la-jornada-semanal-de-32-horas\/#primaryimage"},"thumbnailUrl":"https:\/\/www.ugtcomunicaciones.es\/wordpress\/wp-content\/uploads\/2022\/09\/Resumen-12.jpg","articleSection":["Opini\u00f3n","Regulaci\u00f3n"],"inLanguage":"es"},{"@type":"WebPage","@id":"https:\/\/www.ugtcomunicaciones.es\/wordpress\/la-automatizacion-del-empleo-debe-llevarnos-a-la-jornada-semanal-de-32-horas\/","url":"https:\/\/www.ugtcomunicaciones.es\/wordpress\/la-automatizacion-del-empleo-debe-llevarnos-a-la-jornada-semanal-de-32-horas\/","name":"La automatizaci\u00f3n del empleo debe llevarnos a la jornada semanal de 32 horas - UGT Comunicaciones","isPartOf":{"@id":"https:\/\/www.ugtcomunicaciones.es\/wordpress\/#website"},"primaryImageOfPage":{"@id":"https:\/\/www.ugtcomunicaciones.es\/wordpress\/la-automatizacion-del-empleo-debe-llevarnos-a-la-jornada-semanal-de-32-horas\/#primaryimage"},"image":{"@id":"https:\/\/www.ugtcomunicaciones.es\/wordpress\/la-automatizacion-del-empleo-debe-llevarnos-a-la-jornada-semanal-de-32-horas\/#primaryimage"},"thumbnailUrl":"https:\/\/www.ugtcomunicaciones.es\/wordpress\/wp-content\/uploads\/2022\/09\/Resumen-12.jpg","datePublished":"2022-09-19T05:00:56+00:00","breadcrumb":{"@id":"https:\/\/www.ugtcomunicaciones.es\/wordpress\/la-automatizacion-del-empleo-debe-llevarnos-a-la-jornada-semanal-de-32-horas\/#breadcrumb"},"inLanguage":"es","potentialAction":[{"@type":"ReadAction","target":["https:\/\/www.ugtcomunicaciones.es\/wordpress\/la-automatizacion-del-empleo-debe-llevarnos-a-la-jornada-semanal-de-32-horas\/"]}]},{"@type":"ImageObject","inLanguage":"es","@id":"https:\/\/www.ugtcomunicaciones.es\/wordpress\/la-automatizacion-del-empleo-debe-llevarnos-a-la-jornada-semanal-de-32-horas\/#primaryimage","url":"https:\/\/www.ugtcomunicaciones.es\/wordpress\/wp-content\/uploads\/2022\/09\/Resumen-12.jpg","contentUrl":"https:\/\/www.ugtcomunicaciones.es\/wordpress\/wp-content\/uploads\/2022\/09\/Resumen-12.jpg","width":600,"height":325},{"@type":"BreadcrumbList","@id":"https:\/\/www.ugtcomunicaciones.es\/wordpress\/la-automatizacion-del-empleo-debe-llevarnos-a-la-jornada-semanal-de-32-horas\/#breadcrumb","itemListElement":[{"@type":"ListItem","position":1,"name":"Portada","item":"https:\/\/www.ugtcomunicaciones.es\/wordpress\/"},{"@type":"ListItem","position":2,"name":"La automatizaci\u00f3n del empleo debe llevarnos a la jornada semanal de 32 horas"}]},{"@type":"WebSite","@id":"https:\/\/www.ugtcomunicaciones.es\/wordpress\/#website","url":"https:\/\/www.ugtcomunicaciones.es\/wordpress\/","name":"UGT Comunicaciones","description":"Sindicato de Telecomunicaciones","publisher":{"@id":"https:\/\/www.ugtcomunicaciones.es\/wordpress\/#organization"},"potentialAction":[{"@type":"SearchAction","target":{"@type":"EntryPoint","urlTemplate":"https:\/\/www.ugtcomunicaciones.es\/wordpress\/?s={search_term_string}"},"query-input":{"@type":"PropertyValueSpecification","valueRequired":true,"valueName":"search_term_string"}}],"inLanguage":"es"},{"@type":"Organization","@id":"https:\/\/www.ugtcomunicaciones.es\/wordpress\/#organization","name":"UGT Comunicaciones","url":"https:\/\/www.ugtcomunicaciones.es\/wordpress\/","logo":{"@type":"ImageObject","inLanguage":"es","@id":"https:\/\/www.ugtcomunicaciones.es\/wordpress\/#\/schema\/logo\/image\/","url":"https:\/\/www.ugtcomunicaciones.es\/wordpress\/wp-content\/uploads\/2024\/04\/comunicaciones_logo.png","contentUrl":"https:\/\/www.ugtcomunicaciones.es\/wordpress\/wp-content\/uploads\/2024\/04\/comunicaciones_logo.png","width":298,"height":81,"caption":"UGT Comunicaciones"},"image":{"@id":"https:\/\/www.ugtcomunicaciones.es\/wordpress\/#\/schema\/logo\/image\/"},"sameAs":["https:\/\/www.facebook.com\/ugt.comunicaciones\/","https:\/\/x.com\/ugtcom"]},{"@type":"Person","@id":"https:\/\/www.ugtcomunicaciones.es\/wordpress\/#\/schema\/person\/eba0fc3fe5b444531d94d4368cba89ed","name":"UGT","image":{"@type":"ImageObject","inLanguage":"es","@id":"https:\/\/secure.gravatar.com\/avatar\/2a16057d620a4c646bcfc171c4f23030879ebbdd346f0525bd5d4a564e57e13d?s=96&d=mm&r=g","url":"https:\/\/secure.gravatar.com\/avatar\/2a16057d620a4c646bcfc171c4f23030879ebbdd346f0525bd5d4a564e57e13d?s=96&d=mm&r=g","contentUrl":"https:\/\/secure.gravatar.com\/avatar\/2a16057d620a4c646bcfc171c4f23030879ebbdd346f0525bd5d4a564e57e13d?s=96&d=mm&r=g","caption":"UGT"}}]}},"_links":{"self":[{"href":"https:\/\/www.ugtcomunicaciones.es\/wordpress\/wp-json\/wp\/v2\/posts\/1047171","targetHints":{"allow":["GET"]}}],"collection":[{"href":"https:\/\/www.ugtcomunicaciones.es\/wordpress\/wp-json\/wp\/v2\/posts"}],"about":[{"href":"https:\/\/www.ugtcomunicaciones.es\/wordpress\/wp-json\/wp\/v2\/types\/post"}],"author":[{"embeddable":true,"href":"https:\/\/www.ugtcomunicaciones.es\/wordpress\/wp-json\/wp\/v2\/users\/3"}],"replies":[{"embeddable":true,"href":"https:\/\/www.ugtcomunicaciones.es\/wordpress\/wp-json\/wp\/v2\/comments?post=1047171"}],"version-history":[{"count":0,"href":"https:\/\/www.ugtcomunicaciones.es\/wordpress\/wp-json\/wp\/v2\/posts\/1047171\/revisions"}],"wp:featuredmedia":[{"embeddable":true,"href":"https:\/\/www.ugtcomunicaciones.es\/wordpress\/wp-json\/wp\/v2\/media\/1047174"}],"wp:attachment":[{"href":"https:\/\/www.ugtcomunicaciones.es\/wordpress\/wp-json\/wp\/v2\/media?parent=1047171"}],"wp:term":[{"taxonomy":"category","embeddable":true,"href":"https:\/\/www.ugtcomunicaciones.es\/wordpress\/wp-json\/wp\/v2\/categories?post=1047171"},{"taxonomy":"post_tag","embeddable":true,"href":"https:\/\/www.ugtcomunicaciones.es\/wordpress\/wp-json\/wp\/v2\/tags?post=1047171"}],"curies":[{"name":"wp","href":"https:\/\/api.w.org\/{rel}","templated":true}]}}