{"id":1047184,"date":"2022-09-19T07:00:32","date_gmt":"2022-09-19T05:00:32","guid":{"rendered":"https:\/\/www.ugtcomunicaciones.es\/wordpress\/?p=1047184"},"modified":"2022-09-13T11:17:25","modified_gmt":"2022-09-13T09:17:25","slug":"medio-millon-de-viviendas-no-reciben-la-velocidad-minima-exigible-de-30-mbps-de-internet","status":"publish","type":"post","link":"https:\/\/www.ugtcomunicaciones.es\/wordpress\/medio-millon-de-viviendas-no-reciben-la-velocidad-minima-exigible-de-30-mbps-de-internet\/","title":{"rendered":"Medio mill\u00f3n de viviendas no reciben la velocidad m\u00ednima exigible de 30 Mbps de internet"},"content":{"rendered":"<p style=\"text-align: justify;\">A pesar de que Espa\u00f1a presume de una de las mejores redes de fibra \u00f3ptica del mundo \u2013 incluyendo la tercera mejor red rural de Europa- todav\u00eda casi medio mill\u00f3n de viviendas no disponen de una cobertura funcional de conexi\u00f3n a Internet. Una cifra que aumenta hasta 635.527 unidades inmobiliarias, se si tiene en cuenta cualquier construcci\u00f3n que precise de conectividad, como negocios y locales.<\/p>\n<p style=\"text-align: justify;\">Estos datos, proporcionados por el Ministerio de Econom\u00eda para este a\u00f1o 2022<sup class=\"modern-footnotes-footnote \" data-mfn=\"1\" data-mfn-post-scope=\"00000000000041470000000000000000_1047184\"><a href=\"javascript:void(0)\"  role=\"button\" aria-pressed=\"false\" aria-describedby=\"mfn-content-00000000000041470000000000000000_1047184-1\">1<\/a><\/sup><span id=\"mfn-content-00000000000041470000000000000000_1047184-1\" role=\"tooltip\" class=\"modern-footnotes-footnote__note\" tabindex=\"0\" data-mfn=\"1\"><a href=\"https:\/\/avancedigital.mineco.gob.es\/banda-ancha\/zonas-blancas-NGA\/Paginas\/2022.aspx\" target=\"_blank\" rel=\"noopener\">https:\/\/avancedigital.mineco.gob.es\/banda-ancha\/zonas-blancas-NGA\/Paginas\/2022.aspx<\/a><\/span>, suponen el incumplimiento de la Agenda Digital para Europa que obligaba a todos los Estados Miembros de la Uni\u00f3n a ofrecer, al menos, 30 Mbps de velocidad a toda su poblaci\u00f3n en el a\u00f1o 2020<sup class=\"modern-footnotes-footnote \" data-mfn=\"2\" data-mfn-post-scope=\"00000000000041470000000000000000_1047184\"><a href=\"javascript:void(0)\"  role=\"button\" aria-pressed=\"false\" aria-describedby=\"mfn-content-00000000000041470000000000000000_1047184-2\">2<\/a><\/sup><span id=\"mfn-content-00000000000041470000000000000000_1047184-2\" role=\"tooltip\" class=\"modern-footnotes-footnote__note\" tabindex=\"0\" data-mfn=\"2\"><a href=\"https:\/\/digital-strategy.ec.europa.eu\/en\/policies\/desi-connectivity\" target=\"_blank\" rel=\"noopener\">https:\/\/digital-strategy.ec.europa.eu\/en\/policies\/desi-connectivity<\/a><\/span>. Aunque es justo indicar que solo los estados isle\u00f1os de Malta y Chipre consiguieron tal objetivo y que Espa\u00f1a, con un 95% de cobertura de dicha velocidad<sup class=\"modern-footnotes-footnote \" data-mfn=\"3\" data-mfn-post-scope=\"00000000000041470000000000000000_1047184\"><a href=\"javascript:void(0)\"  role=\"button\" aria-pressed=\"false\" aria-describedby=\"mfn-content-00000000000041470000000000000000_1047184-3\">3<\/a><\/sup><span id=\"mfn-content-00000000000041470000000000000000_1047184-3\" role=\"tooltip\" class=\"modern-footnotes-footnote__note\" tabindex=\"0\" data-mfn=\"3\"><a href=\"https:\/\/avancedigital.mineco.gob.es\/banda-ancha\/cobertura\/Paginas\/informacion-cobertura.aspx\" target=\"_blank\" rel=\"noopener\">https:\/\/avancedigital.mineco.gob.es\/banda-ancha\/cobertura\/Paginas\/informacion-cobertura.aspx<\/a><\/span>, es uno de los que m\u00e1s cerca se han quedado (Francia se qued\u00f3 en un 65% y Polonia en un 75%).<\/p>\n<p style=\"text-align: justify;\">Si se ampl\u00eda la mirada hasta los 100 Mbps, la velocidad m\u00ednima de conexi\u00f3n a Internet estipulada por la recientemente aprobada Ley General de Telecomunicaciones, y que deber\u00e1 estar garantizada en un a\u00f1o, el n\u00famero de viviendas que est\u00e1n desconectadas aumenta hasta las 583.00 (776.000 si se tienen todos los tipos de unidades inmobiliarias).<\/p>\n<p style=\"text-align: justify;\">La mitad de este porcentaje de inmuebles sin una conectividad funcional se concentra en las CCAA de Galicia, Andaluc\u00eda y Castilla Le\u00f3n (ver tablas al final). Y entre las provincias con aglutinan m\u00e1s inmuebles sin cobertura, hay tres gallegas (Ourense, A Coru\u00f1a y Lugo), seguidas de Tarragona y Alicante.<\/p>\n<p style=\"text-align: justify;\">UGT exige al Gobierno unas pol\u00edticas m\u00e1s decididas y \u00e1giles para acabar con esta brecha digital territorial. Las medidas puestas en marcha hasta la fecha llegan tarde, y si queremos dotar a todas las viviendas del pa\u00eds de una conectividad a 100 Mbps en menos de un a\u00f1o, los esfuerzos tanto econ\u00f3micos como procedimentales deber\u00e1n aumentar exponencialmente.<\/p>\n<p style=\"text-align: justify;\">Finalmente, no podemos olvidar que este esfuerzo puede resultar bald\u00edo sino se acompa\u00f1a de medidas de formaci\u00f3n en competencias digitales y de dotaci\u00f3n de medios digitales (ordenadores y bonos sociales de conectividad) a las personas actualmente excluidas del mundo digital.<\/p>\n<p><strong>ZONAS BLANCAS <sup class=\"modern-footnotes-footnote \" data-mfn=\"4\" data-mfn-post-scope=\"00000000000041470000000000000000_1047184\"><a href=\"javascript:void(0)\"  role=\"button\" aria-pressed=\"false\" aria-describedby=\"mfn-content-00000000000041470000000000000000_1047184-4\">4<\/a><\/sup><span id=\"mfn-content-00000000000041470000000000000000_1047184-4\" role=\"tooltip\" class=\"modern-footnotes-footnote__note\" tabindex=\"0\" data-mfn=\"4\"><a href=\"https:\/\/avancedigital.mineco.gob.es\/banda-ancha\/zonas-blancas-NGA\/Paginas\/Index.aspx\" target=\"_blank\" rel=\"noopener\">https:\/\/avancedigital.mineco.gob.es\/banda-ancha\/zonas-blancas-NGA\/Paginas\/Index.aspx<\/a><\/span> TIPO A (sin cobertura de 30 Mbps)<\/strong><\/p>\n<p><strong> <img decoding=\"async\" class=\"aligncenter wp-image-1047188 size-full lazyload\" data-src=\"https:\/\/www.ugtcomunicaciones.es\/wordpress\/wp-content\/uploads\/2022\/09\/Velocidad_01.jpg\" alt=\"\" width=\"744\" height=\"427\" data-srcset=\"https:\/\/www.ugtcomunicaciones.es\/wordpress\/wp-content\/uploads\/2022\/09\/Velocidad_01.jpg 744w, https:\/\/www.ugtcomunicaciones.es\/wordpress\/wp-content\/uploads\/2022\/09\/Velocidad_01-300x172.jpg 300w, https:\/\/www.ugtcomunicaciones.es\/wordpress\/wp-content\/uploads\/2022\/09\/Velocidad_01-732x420.jpg 732w, https:\/\/www.ugtcomunicaciones.es\/wordpress\/wp-content\/uploads\/2022\/09\/Velocidad_01-640x367.jpg 640w, https:\/\/www.ugtcomunicaciones.es\/wordpress\/wp-content\/uploads\/2022\/09\/Velocidad_01-681x391.jpg 681w\" data-sizes=\"(max-width: 744px) 100vw, 744px\" src=\"data:image\/svg+xml;base64,PHN2ZyB3aWR0aD0iMSIgaGVpZ2h0PSIxIiB4bWxucz0iaHR0cDovL3d3dy53My5vcmcvMjAwMC9zdmciPjwvc3ZnPg==\" style=\"--smush-placeholder-width: 744px; --smush-placeholder-aspect-ratio: 744\/427;\" \/><\/strong><\/p>\n<p><strong>ZONAS SIN COBERTURA DE 100 Mbps<\/strong><\/p>\n<p><img decoding=\"async\" class=\"aligncenter wp-image-1047187 size-full lazyload\" data-src=\"https:\/\/www.ugtcomunicaciones.es\/wordpress\/wp-content\/uploads\/2022\/09\/Velocidad_02.jpg\" alt=\"\" width=\"728\" height=\"313\" data-srcset=\"https:\/\/www.ugtcomunicaciones.es\/wordpress\/wp-content\/uploads\/2022\/09\/Velocidad_02.jpg 728w, https:\/\/www.ugtcomunicaciones.es\/wordpress\/wp-content\/uploads\/2022\/09\/Velocidad_02-300x129.jpg 300w, https:\/\/www.ugtcomunicaciones.es\/wordpress\/wp-content\/uploads\/2022\/09\/Velocidad_02-640x275.jpg 640w, https:\/\/www.ugtcomunicaciones.es\/wordpress\/wp-content\/uploads\/2022\/09\/Velocidad_02-681x293.jpg 681w\" data-sizes=\"(max-width: 728px) 100vw, 728px\" src=\"data:image\/svg+xml;base64,PHN2ZyB3aWR0aD0iMSIgaGVpZ2h0PSIxIiB4bWxucz0iaHR0cDovL3d3dy53My5vcmcvMjAwMC9zdmciPjwvc3ZnPg==\" style=\"--smush-placeholder-width: 728px; --smush-placeholder-aspect-ratio: 728\/313;\" \/><\/p>\n<p><a href=\"#_ftnref1\" name=\"_ftn1\"><\/a><\/p>\n<p style=\"text-align: justify;\"><a href=\"#_ftnref4\" name=\"_ftn4\">[4]<\/a> En la normativa de ayudas de Estado se definen como zonas blancas NGA aquellas que no disponen de cobertura de redes de banda ancha de nueva generaci\u00f3n, ni previsiones para su dotaci\u00f3n por alg\u00fan operador en el plazo de 3 a\u00f1os, en base a planes de inversi\u00f3n cre\u00edbles.<\/p>\n<h4 style=\"text-align: right;\"><strong><span style=\"color: #ff0000;\">UGT<\/span> Comunicaciones<\/strong><\/h4>\n","protected":false},"excerpt":{"rendered":"<p>A pesar de que Espa\u00f1a presume de una de las mejores redes de fibra \u00f3ptica del mundo \u2013 incluyendo la tercera mejor red rural de Europa- todav\u00eda casi medio mill\u00f3n de viviendas no disponen de una cobertura funcional de conexi\u00f3n a Internet. Una cifra que aumenta hasta 635.527 unidades inmobiliarias, se si tiene en cuenta [&hellip;]<\/p>\n","protected":false},"author":3,"featured_media":1049075,"comment_status":"closed","ping_status":"closed","sticky":false,"template":"","format":"standard","meta":{"footnotes":""},"categories":[14,12],"tags":[],"class_list":["post-1047184","post","type-post","status-publish","format-standard","has-post-thumbnail","hentry","category-opinion","category-regulacion"],"yoast_head":"<!-- This site is optimized with the Yoast SEO Premium plugin v27.3 (Yoast SEO v27.4) - https:\/\/yoast.com\/product\/yoast-seo-premium-wordpress\/ -->\n<title>Medio mill\u00f3n de viviendas no reciben la velocidad m\u00ednima exigible de 30 Mbps de internet - UGT Comunicaciones<\/title>\n<meta name=\"robots\" content=\"index, follow, max-snippet:-1, max-image-preview:large, max-video-preview:-1\" \/>\n<link rel=\"canonical\" href=\"https:\/\/www.ugtcomunicaciones.es\/wordpress\/medio-millon-de-viviendas-no-reciben-la-velocidad-minima-exigible-de-30-mbps-de-internet\/\" \/>\n<meta property=\"og:locale\" content=\"es_ES\" \/>\n<meta property=\"og:type\" content=\"article\" \/>\n<meta property=\"og:title\" content=\"Medio mill\u00f3n de viviendas no reciben la velocidad m\u00ednima exigible de 30 Mbps de internet\" \/>\n<meta property=\"og:description\" content=\"A pesar de que Espa\u00f1a presume de una de las mejores redes de fibra \u00f3ptica del mundo \u2013 incluyendo la tercera mejor red rural de Europa- todav\u00eda casi medio mill\u00f3n de viviendas no disponen de una cobertura funcional de conexi\u00f3n a Internet. Una cifra que aumenta hasta 635.527 unidades inmobiliarias, se si tiene en cuenta [&hellip;]\" \/>\n<meta property=\"og:url\" content=\"https:\/\/www.ugtcomunicaciones.es\/wordpress\/medio-millon-de-viviendas-no-reciben-la-velocidad-minima-exigible-de-30-mbps-de-internet\/\" \/>\n<meta property=\"og:site_name\" content=\"UGT Comunicaciones\" \/>\n<meta property=\"article:publisher\" content=\"https:\/\/www.facebook.com\/ugt.comunicaciones\/\" \/>\n<meta property=\"article:published_time\" content=\"2022-09-19T05:00:32+00:00\" \/>\n<meta property=\"og:image\" content=\"https:\/\/www.ugtcomunicaciones.es\/wordpress\/wp-content\/uploads\/2022\/09\/Velocidad_03.jpg\" \/>\n\t<meta property=\"og:image:width\" content=\"600\" \/>\n\t<meta property=\"og:image:height\" content=\"480\" \/>\n\t<meta property=\"og:image:type\" content=\"image\/jpeg\" \/>\n<meta name=\"author\" content=\"UGT\" \/>\n<meta name=\"twitter:card\" content=\"summary_large_image\" \/>\n<meta name=\"twitter:creator\" content=\"@ugtcom\" \/>\n<meta name=\"twitter:site\" content=\"@ugtcom\" \/>\n<meta name=\"twitter:label1\" content=\"Escrito por\" \/>\n\t<meta name=\"twitter:data1\" content=\"UGT\" \/>\n\t<meta name=\"twitter:label2\" content=\"Tiempo de lectura\" \/>\n\t<meta name=\"twitter:data2\" content=\"3 minutos\" \/>\n<script type=\"application\/ld+json\" class=\"yoast-schema-graph\">{\"@context\":\"https:\\\/\\\/schema.org\",\"@graph\":[{\"@type\":\"Article\",\"@id\":\"https:\\\/\\\/www.ugtcomunicaciones.es\\\/wordpress\\\/medio-millon-de-viviendas-no-reciben-la-velocidad-minima-exigible-de-30-mbps-de-internet\\\/#article\",\"isPartOf\":{\"@id\":\"https:\\\/\\\/www.ugtcomunicaciones.es\\\/wordpress\\\/medio-millon-de-viviendas-no-reciben-la-velocidad-minima-exigible-de-30-mbps-de-internet\\\/\"},\"author\":{\"name\":\"UGT\",\"@id\":\"https:\\\/\\\/www.ugtcomunicaciones.es\\\/wordpress\\\/#\\\/schema\\\/person\\\/eba0fc3fe5b444531d94d4368cba89ed\"},\"headline\":\"Medio mill\u00f3n de viviendas no reciben la velocidad m\u00ednima exigible de 30 Mbps de internet\",\"datePublished\":\"2022-09-19T05:00:32+00:00\",\"mainEntityOfPage\":{\"@id\":\"https:\\\/\\\/www.ugtcomunicaciones.es\\\/wordpress\\\/medio-millon-de-viviendas-no-reciben-la-velocidad-minima-exigible-de-30-mbps-de-internet\\\/\"},\"wordCount\":510,\"publisher\":{\"@id\":\"https:\\\/\\\/www.ugtcomunicaciones.es\\\/wordpress\\\/#organization\"},\"image\":{\"@id\":\"https:\\\/\\\/www.ugtcomunicaciones.es\\\/wordpress\\\/medio-millon-de-viviendas-no-reciben-la-velocidad-minima-exigible-de-30-mbps-de-internet\\\/#primaryimage\"},\"thumbnailUrl\":\"https:\\\/\\\/www.ugtcomunicaciones.es\\\/wordpress\\\/wp-content\\\/uploads\\\/2022\\\/09\\\/Velocidad_03.jpg\",\"articleSection\":[\"Opini\u00f3n\",\"Regulaci\u00f3n\"],\"inLanguage\":\"es\"},{\"@type\":\"WebPage\",\"@id\":\"https:\\\/\\\/www.ugtcomunicaciones.es\\\/wordpress\\\/medio-millon-de-viviendas-no-reciben-la-velocidad-minima-exigible-de-30-mbps-de-internet\\\/\",\"url\":\"https:\\\/\\\/www.ugtcomunicaciones.es\\\/wordpress\\\/medio-millon-de-viviendas-no-reciben-la-velocidad-minima-exigible-de-30-mbps-de-internet\\\/\",\"name\":\"Medio mill\u00f3n de viviendas no reciben la velocidad m\u00ednima exigible de 30 Mbps de internet - UGT Comunicaciones\",\"isPartOf\":{\"@id\":\"https:\\\/\\\/www.ugtcomunicaciones.es\\\/wordpress\\\/#website\"},\"primaryImageOfPage\":{\"@id\":\"https:\\\/\\\/www.ugtcomunicaciones.es\\\/wordpress\\\/medio-millon-de-viviendas-no-reciben-la-velocidad-minima-exigible-de-30-mbps-de-internet\\\/#primaryimage\"},\"image\":{\"@id\":\"https:\\\/\\\/www.ugtcomunicaciones.es\\\/wordpress\\\/medio-millon-de-viviendas-no-reciben-la-velocidad-minima-exigible-de-30-mbps-de-internet\\\/#primaryimage\"},\"thumbnailUrl\":\"https:\\\/\\\/www.ugtcomunicaciones.es\\\/wordpress\\\/wp-content\\\/uploads\\\/2022\\\/09\\\/Velocidad_03.jpg\",\"datePublished\":\"2022-09-19T05:00:32+00:00\",\"breadcrumb\":{\"@id\":\"https:\\\/\\\/www.ugtcomunicaciones.es\\\/wordpress\\\/medio-millon-de-viviendas-no-reciben-la-velocidad-minima-exigible-de-30-mbps-de-internet\\\/#breadcrumb\"},\"inLanguage\":\"es\",\"potentialAction\":[{\"@type\":\"ReadAction\",\"target\":[\"https:\\\/\\\/www.ugtcomunicaciones.es\\\/wordpress\\\/medio-millon-de-viviendas-no-reciben-la-velocidad-minima-exigible-de-30-mbps-de-internet\\\/\"]}]},{\"@type\":\"ImageObject\",\"inLanguage\":\"es\",\"@id\":\"https:\\\/\\\/www.ugtcomunicaciones.es\\\/wordpress\\\/medio-millon-de-viviendas-no-reciben-la-velocidad-minima-exigible-de-30-mbps-de-internet\\\/#primaryimage\",\"url\":\"https:\\\/\\\/www.ugtcomunicaciones.es\\\/wordpress\\\/wp-content\\\/uploads\\\/2022\\\/09\\\/Velocidad_03.jpg\",\"contentUrl\":\"https:\\\/\\\/www.ugtcomunicaciones.es\\\/wordpress\\\/wp-content\\\/uploads\\\/2022\\\/09\\\/Velocidad_03.jpg\",\"width\":600,\"height\":480},{\"@type\":\"BreadcrumbList\",\"@id\":\"https:\\\/\\\/www.ugtcomunicaciones.es\\\/wordpress\\\/medio-millon-de-viviendas-no-reciben-la-velocidad-minima-exigible-de-30-mbps-de-internet\\\/#breadcrumb\",\"itemListElement\":[{\"@type\":\"ListItem\",\"position\":1,\"name\":\"Portada\",\"item\":\"https:\\\/\\\/www.ugtcomunicaciones.es\\\/wordpress\\\/\"},{\"@type\":\"ListItem\",\"position\":2,\"name\":\"Medio mill\u00f3n de viviendas no reciben la velocidad m\u00ednima exigible de 30 Mbps de internet\"}]},{\"@type\":\"WebSite\",\"@id\":\"https:\\\/\\\/www.ugtcomunicaciones.es\\\/wordpress\\\/#website\",\"url\":\"https:\\\/\\\/www.ugtcomunicaciones.es\\\/wordpress\\\/\",\"name\":\"UGT Comunicaciones\",\"description\":\"Sindicato de Telecomunicaciones\",\"publisher\":{\"@id\":\"https:\\\/\\\/www.ugtcomunicaciones.es\\\/wordpress\\\/#organization\"},\"potentialAction\":[{\"@type\":\"SearchAction\",\"target\":{\"@type\":\"EntryPoint\",\"urlTemplate\":\"https:\\\/\\\/www.ugtcomunicaciones.es\\\/wordpress\\\/?s={search_term_string}\"},\"query-input\":{\"@type\":\"PropertyValueSpecification\",\"valueRequired\":true,\"valueName\":\"search_term_string\"}}],\"inLanguage\":\"es\"},{\"@type\":\"Organization\",\"@id\":\"https:\\\/\\\/www.ugtcomunicaciones.es\\\/wordpress\\\/#organization\",\"name\":\"UGT Comunicaciones\",\"url\":\"https:\\\/\\\/www.ugtcomunicaciones.es\\\/wordpress\\\/\",\"logo\":{\"@type\":\"ImageObject\",\"inLanguage\":\"es\",\"@id\":\"https:\\\/\\\/www.ugtcomunicaciones.es\\\/wordpress\\\/#\\\/schema\\\/logo\\\/image\\\/\",\"url\":\"https:\\\/\\\/www.ugtcomunicaciones.es\\\/wordpress\\\/wp-content\\\/uploads\\\/2024\\\/04\\\/comunicaciones_logo.png\",\"contentUrl\":\"https:\\\/\\\/www.ugtcomunicaciones.es\\\/wordpress\\\/wp-content\\\/uploads\\\/2024\\\/04\\\/comunicaciones_logo.png\",\"width\":298,\"height\":81,\"caption\":\"UGT Comunicaciones\"},\"image\":{\"@id\":\"https:\\\/\\\/www.ugtcomunicaciones.es\\\/wordpress\\\/#\\\/schema\\\/logo\\\/image\\\/\"},\"sameAs\":[\"https:\\\/\\\/www.facebook.com\\\/ugt.comunicaciones\\\/\",\"https:\\\/\\\/x.com\\\/ugtcom\"]},{\"@type\":\"Person\",\"@id\":\"https:\\\/\\\/www.ugtcomunicaciones.es\\\/wordpress\\\/#\\\/schema\\\/person\\\/eba0fc3fe5b444531d94d4368cba89ed\",\"name\":\"UGT\",\"image\":{\"@type\":\"ImageObject\",\"inLanguage\":\"es\",\"@id\":\"https:\\\/\\\/secure.gravatar.com\\\/avatar\\\/2a16057d620a4c646bcfc171c4f23030879ebbdd346f0525bd5d4a564e57e13d?s=96&d=mm&r=g\",\"url\":\"https:\\\/\\\/secure.gravatar.com\\\/avatar\\\/2a16057d620a4c646bcfc171c4f23030879ebbdd346f0525bd5d4a564e57e13d?s=96&d=mm&r=g\",\"contentUrl\":\"https:\\\/\\\/secure.gravatar.com\\\/avatar\\\/2a16057d620a4c646bcfc171c4f23030879ebbdd346f0525bd5d4a564e57e13d?s=96&d=mm&r=g\",\"caption\":\"UGT\"}}]}<\/script>\n<!-- \/ Yoast SEO Premium plugin. -->","yoast_head_json":{"title":"Medio mill\u00f3n de viviendas no reciben la velocidad m\u00ednima exigible de 30 Mbps de internet - UGT Comunicaciones","robots":{"index":"index","follow":"follow","max-snippet":"max-snippet:-1","max-image-preview":"max-image-preview:large","max-video-preview":"max-video-preview:-1"},"canonical":"https:\/\/www.ugtcomunicaciones.es\/wordpress\/medio-millon-de-viviendas-no-reciben-la-velocidad-minima-exigible-de-30-mbps-de-internet\/","og_locale":"es_ES","og_type":"article","og_title":"Medio mill\u00f3n de viviendas no reciben la velocidad m\u00ednima exigible de 30 Mbps de internet","og_description":"A pesar de que Espa\u00f1a presume de una de las mejores redes de fibra \u00f3ptica del mundo \u2013 incluyendo la tercera mejor red rural de Europa- todav\u00eda casi medio mill\u00f3n de viviendas no disponen de una cobertura funcional de conexi\u00f3n a Internet. Una cifra que aumenta hasta 635.527 unidades inmobiliarias, se si tiene en cuenta [&hellip;]","og_url":"https:\/\/www.ugtcomunicaciones.es\/wordpress\/medio-millon-de-viviendas-no-reciben-la-velocidad-minima-exigible-de-30-mbps-de-internet\/","og_site_name":"UGT Comunicaciones","article_publisher":"https:\/\/www.facebook.com\/ugt.comunicaciones\/","article_published_time":"2022-09-19T05:00:32+00:00","og_image":[{"width":600,"height":480,"url":"https:\/\/www.ugtcomunicaciones.es\/wordpress\/wp-content\/uploads\/2022\/09\/Velocidad_03.jpg","type":"image\/jpeg"}],"author":"UGT","twitter_card":"summary_large_image","twitter_creator":"@ugtcom","twitter_site":"@ugtcom","twitter_misc":{"Escrito por":"UGT","Tiempo de lectura":"3 minutos"},"schema":{"@context":"https:\/\/schema.org","@graph":[{"@type":"Article","@id":"https:\/\/www.ugtcomunicaciones.es\/wordpress\/medio-millon-de-viviendas-no-reciben-la-velocidad-minima-exigible-de-30-mbps-de-internet\/#article","isPartOf":{"@id":"https:\/\/www.ugtcomunicaciones.es\/wordpress\/medio-millon-de-viviendas-no-reciben-la-velocidad-minima-exigible-de-30-mbps-de-internet\/"},"author":{"name":"UGT","@id":"https:\/\/www.ugtcomunicaciones.es\/wordpress\/#\/schema\/person\/eba0fc3fe5b444531d94d4368cba89ed"},"headline":"Medio mill\u00f3n de viviendas no reciben la velocidad m\u00ednima exigible de 30 Mbps de internet","datePublished":"2022-09-19T05:00:32+00:00","mainEntityOfPage":{"@id":"https:\/\/www.ugtcomunicaciones.es\/wordpress\/medio-millon-de-viviendas-no-reciben-la-velocidad-minima-exigible-de-30-mbps-de-internet\/"},"wordCount":510,"publisher":{"@id":"https:\/\/www.ugtcomunicaciones.es\/wordpress\/#organization"},"image":{"@id":"https:\/\/www.ugtcomunicaciones.es\/wordpress\/medio-millon-de-viviendas-no-reciben-la-velocidad-minima-exigible-de-30-mbps-de-internet\/#primaryimage"},"thumbnailUrl":"https:\/\/www.ugtcomunicaciones.es\/wordpress\/wp-content\/uploads\/2022\/09\/Velocidad_03.jpg","articleSection":["Opini\u00f3n","Regulaci\u00f3n"],"inLanguage":"es"},{"@type":"WebPage","@id":"https:\/\/www.ugtcomunicaciones.es\/wordpress\/medio-millon-de-viviendas-no-reciben-la-velocidad-minima-exigible-de-30-mbps-de-internet\/","url":"https:\/\/www.ugtcomunicaciones.es\/wordpress\/medio-millon-de-viviendas-no-reciben-la-velocidad-minima-exigible-de-30-mbps-de-internet\/","name":"Medio mill\u00f3n de viviendas no reciben la velocidad m\u00ednima exigible de 30 Mbps de internet - UGT Comunicaciones","isPartOf":{"@id":"https:\/\/www.ugtcomunicaciones.es\/wordpress\/#website"},"primaryImageOfPage":{"@id":"https:\/\/www.ugtcomunicaciones.es\/wordpress\/medio-millon-de-viviendas-no-reciben-la-velocidad-minima-exigible-de-30-mbps-de-internet\/#primaryimage"},"image":{"@id":"https:\/\/www.ugtcomunicaciones.es\/wordpress\/medio-millon-de-viviendas-no-reciben-la-velocidad-minima-exigible-de-30-mbps-de-internet\/#primaryimage"},"thumbnailUrl":"https:\/\/www.ugtcomunicaciones.es\/wordpress\/wp-content\/uploads\/2022\/09\/Velocidad_03.jpg","datePublished":"2022-09-19T05:00:32+00:00","breadcrumb":{"@id":"https:\/\/www.ugtcomunicaciones.es\/wordpress\/medio-millon-de-viviendas-no-reciben-la-velocidad-minima-exigible-de-30-mbps-de-internet\/#breadcrumb"},"inLanguage":"es","potentialAction":[{"@type":"ReadAction","target":["https:\/\/www.ugtcomunicaciones.es\/wordpress\/medio-millon-de-viviendas-no-reciben-la-velocidad-minima-exigible-de-30-mbps-de-internet\/"]}]},{"@type":"ImageObject","inLanguage":"es","@id":"https:\/\/www.ugtcomunicaciones.es\/wordpress\/medio-millon-de-viviendas-no-reciben-la-velocidad-minima-exigible-de-30-mbps-de-internet\/#primaryimage","url":"https:\/\/www.ugtcomunicaciones.es\/wordpress\/wp-content\/uploads\/2022\/09\/Velocidad_03.jpg","contentUrl":"https:\/\/www.ugtcomunicaciones.es\/wordpress\/wp-content\/uploads\/2022\/09\/Velocidad_03.jpg","width":600,"height":480},{"@type":"BreadcrumbList","@id":"https:\/\/www.ugtcomunicaciones.es\/wordpress\/medio-millon-de-viviendas-no-reciben-la-velocidad-minima-exigible-de-30-mbps-de-internet\/#breadcrumb","itemListElement":[{"@type":"ListItem","position":1,"name":"Portada","item":"https:\/\/www.ugtcomunicaciones.es\/wordpress\/"},{"@type":"ListItem","position":2,"name":"Medio mill\u00f3n de viviendas no reciben la velocidad m\u00ednima exigible de 30 Mbps de internet"}]},{"@type":"WebSite","@id":"https:\/\/www.ugtcomunicaciones.es\/wordpress\/#website","url":"https:\/\/www.ugtcomunicaciones.es\/wordpress\/","name":"UGT Comunicaciones","description":"Sindicato de Telecomunicaciones","publisher":{"@id":"https:\/\/www.ugtcomunicaciones.es\/wordpress\/#organization"},"potentialAction":[{"@type":"SearchAction","target":{"@type":"EntryPoint","urlTemplate":"https:\/\/www.ugtcomunicaciones.es\/wordpress\/?s={search_term_string}"},"query-input":{"@type":"PropertyValueSpecification","valueRequired":true,"valueName":"search_term_string"}}],"inLanguage":"es"},{"@type":"Organization","@id":"https:\/\/www.ugtcomunicaciones.es\/wordpress\/#organization","name":"UGT Comunicaciones","url":"https:\/\/www.ugtcomunicaciones.es\/wordpress\/","logo":{"@type":"ImageObject","inLanguage":"es","@id":"https:\/\/www.ugtcomunicaciones.es\/wordpress\/#\/schema\/logo\/image\/","url":"https:\/\/www.ugtcomunicaciones.es\/wordpress\/wp-content\/uploads\/2024\/04\/comunicaciones_logo.png","contentUrl":"https:\/\/www.ugtcomunicaciones.es\/wordpress\/wp-content\/uploads\/2024\/04\/comunicaciones_logo.png","width":298,"height":81,"caption":"UGT Comunicaciones"},"image":{"@id":"https:\/\/www.ugtcomunicaciones.es\/wordpress\/#\/schema\/logo\/image\/"},"sameAs":["https:\/\/www.facebook.com\/ugt.comunicaciones\/","https:\/\/x.com\/ugtcom"]},{"@type":"Person","@id":"https:\/\/www.ugtcomunicaciones.es\/wordpress\/#\/schema\/person\/eba0fc3fe5b444531d94d4368cba89ed","name":"UGT","image":{"@type":"ImageObject","inLanguage":"es","@id":"https:\/\/secure.gravatar.com\/avatar\/2a16057d620a4c646bcfc171c4f23030879ebbdd346f0525bd5d4a564e57e13d?s=96&d=mm&r=g","url":"https:\/\/secure.gravatar.com\/avatar\/2a16057d620a4c646bcfc171c4f23030879ebbdd346f0525bd5d4a564e57e13d?s=96&d=mm&r=g","contentUrl":"https:\/\/secure.gravatar.com\/avatar\/2a16057d620a4c646bcfc171c4f23030879ebbdd346f0525bd5d4a564e57e13d?s=96&d=mm&r=g","caption":"UGT"}}]}},"_links":{"self":[{"href":"https:\/\/www.ugtcomunicaciones.es\/wordpress\/wp-json\/wp\/v2\/posts\/1047184","targetHints":{"allow":["GET"]}}],"collection":[{"href":"https:\/\/www.ugtcomunicaciones.es\/wordpress\/wp-json\/wp\/v2\/posts"}],"about":[{"href":"https:\/\/www.ugtcomunicaciones.es\/wordpress\/wp-json\/wp\/v2\/types\/post"}],"author":[{"embeddable":true,"href":"https:\/\/www.ugtcomunicaciones.es\/wordpress\/wp-json\/wp\/v2\/users\/3"}],"replies":[{"embeddable":true,"href":"https:\/\/www.ugtcomunicaciones.es\/wordpress\/wp-json\/wp\/v2\/comments?post=1047184"}],"version-history":[{"count":0,"href":"https:\/\/www.ugtcomunicaciones.es\/wordpress\/wp-json\/wp\/v2\/posts\/1047184\/revisions"}],"wp:featuredmedia":[{"embeddable":true,"href":"https:\/\/www.ugtcomunicaciones.es\/wordpress\/wp-json\/wp\/v2\/media\/1049075"}],"wp:attachment":[{"href":"https:\/\/www.ugtcomunicaciones.es\/wordpress\/wp-json\/wp\/v2\/media?parent=1047184"}],"wp:term":[{"taxonomy":"category","embeddable":true,"href":"https:\/\/www.ugtcomunicaciones.es\/wordpress\/wp-json\/wp\/v2\/categories?post=1047184"},{"taxonomy":"post_tag","embeddable":true,"href":"https:\/\/www.ugtcomunicaciones.es\/wordpress\/wp-json\/wp\/v2\/tags?post=1047184"}],"curies":[{"name":"wp","href":"https:\/\/api.w.org\/{rel}","templated":true}]}}