{"id":1049881,"date":"2022-09-15T14:08:22","date_gmt":"2022-09-15T12:08:22","guid":{"rendered":"https:\/\/www.ugtcomunicaciones.es\/wordpress\/?p=1049881"},"modified":"2022-09-15T14:08:22","modified_gmt":"2022-09-15T12:08:22","slug":"puesta-en-marcha-de-la-tarjeta-de-abono-comida","status":"publish","type":"post","link":"https:\/\/www.ugtcomunicaciones.es\/wordpress\/puesta-en-marcha-de-la-tarjeta-de-abono-comida\/","title":{"rendered":"Puesta en marcha de la tarjeta de abono comida"},"content":{"rendered":"<p style=\"text-align: justify;\">En la reuni\u00f3n celebrada hoy en el seno de la Comisi\u00f3n de Ordenaci\u00f3n de Tiempo de Trabajo, la empresa acepta nuestra reivindicaci\u00f3n de cambiar de modelo de abono de la compensaci\u00f3n por comida en residencia, pasando de los cheques en papel a tarjeta.<\/p>\n<p style=\"text-align: justify;\"><strong>El cambio ser\u00e1 efectivo a partir del 1 de octubre, elimin\u00e1ndose la posibilidad de cobrarlo en papel.<\/strong><\/p>\n<p style=\"text-align: justify;\">Creemos conveniente recordar que <strong>UGT propuso este cambio a principios de mayo, al entender que era imprescindible la implantaci\u00f3n de una tarjeta que sustituyese a los obsoletos vales comida en papel.<\/strong><\/p>\n<p style=\"text-align: justify;\">Como ya anticipamos en nuestros comunicados anteriores, las ventajas de la tarjeta son numerosas:<\/p>\n<ul style=\"text-align: justify;\">\n<li>Al tratarse de una tarjeta tipo MasterCard, su uso es admitido en todo tipo de establecimientos de restauraci\u00f3n, acabando as\u00ed con el d\u00e9ficit hist\u00f3rico de lugares habilitados que exist\u00eda en muchas localidades &#8211; especialmente las de tama\u00f1o peque\u00f1o o medio-.<\/li>\n<li>Del mismo modo, al tratarse de un pago mediante tarjeta, se permite el abono en cantidades exactas, superando as\u00ed las rigideces del valor de cada cheque.<\/li>\n<li>Se acaba con el rechazo de un cada vez m\u00e1s elevado n\u00famero de establecimientos, que ya no admit\u00edan la modalidad en papel. Sin olvidar el impacto medioambiental de abandonar dicho uso de papel.<\/li>\n<li>Se da carpetazo al reparto de las chequeras en los centros de trabajo, con los trastornos que produc\u00eda en una situaci\u00f3n de teletrabajo universal o smart work.<\/li>\n<li>Tanto la sencillez como la flexibilidad de esta modalidad de tarjeta aporta unas ventajas tan ampl\u00edas que superan, con creces, a cualquier posible inconveniente.<\/li>\n<\/ul>\n<p style=\"text-align: justify;\">La empresa nos ha <strong>confirmado que no s\u00f3lo se mantiene la cantidad acordada por convenio (11 euros\/d\u00eda, m\u00e1ximo exento), sino tambi\u00e9n que se mantienen el resto de las condiciones vigentes hasta la fecha para los vales en papel. <\/strong><\/p>\n<p style=\"text-align: justify;\">Adem\u00e1s, este cambio abre la posibilidad, tal como contempla el II CEV en la Disposici\u00f3n Adicional Primera, que las personas trabajadoras de Telef\u00f3nica de Espa\u00f1a que perciben la compensaci\u00f3n de Jornada Partida (11 \u20ac\/9,02 \u20ac) seg\u00fan la localidad pueden mantenerla, u optar voluntariamente por percibir los 11 \u20ac a trav\u00e9s de la Tarjeta, independientemente de la localidad.<\/p>\n<p style=\"text-align: justify;\"><strong>UGT<\/strong> se congratula de este paso, que aporta beneficios indiscutibles a la plantilla, aportar su granito de arena a la sostenibilidad del planeta y moderniza un aspecto que llevaba tiempo demandando una actualizaci\u00f3n.<\/p>\n<h4 style=\"text-align: right;\"><strong><span style=\"color: #ff0000;\">UGT<\/span> Comunicaciones<\/strong><\/h4>\n","protected":false},"excerpt":{"rendered":"<p>En la reuni\u00f3n celebrada hoy en el seno de la Comisi\u00f3n de Ordenaci\u00f3n de Tiempo de Trabajo, la empresa acepta nuestra reivindicaci\u00f3n de cambiar de modelo de abono de la compensaci\u00f3n por comida en residencia, pasando de los cheques en papel a tarjeta. El cambio ser\u00e1 efectivo a partir del 1 de octubre, elimin\u00e1ndose la [&hellip;]<\/p>\n","protected":false},"author":3,"featured_media":1012536,"comment_status":"closed","ping_status":"closed","sticky":false,"template":"","format":"standard","meta":{"footnotes":""},"categories":[8,25,7,26],"tags":[],"class_list":["post-1049881","post","type-post","status-publish","format-standard","has-post-thumbnail","hentry","category-telefonica-cev","category-telefonica","category-telefonica-moviles","category-telefonica-soluciones"],"yoast_head":"<!-- This site is optimized with the Yoast SEO Premium plugin v27.3 (Yoast SEO v27.4) - https:\/\/yoast.com\/product\/yoast-seo-premium-wordpress\/ -->\n<title>Puesta en marcha de la tarjeta de abono comida - UGT Comunicaciones<\/title>\n<meta name=\"robots\" content=\"index, follow, max-snippet:-1, max-image-preview:large, max-video-preview:-1\" \/>\n<link rel=\"canonical\" href=\"https:\/\/www.ugtcomunicaciones.es\/wordpress\/puesta-en-marcha-de-la-tarjeta-de-abono-comida\/\" \/>\n<meta property=\"og:locale\" content=\"es_ES\" \/>\n<meta property=\"og:type\" content=\"article\" \/>\n<meta property=\"og:title\" content=\"Puesta en marcha de la tarjeta de abono comida\" \/>\n<meta property=\"og:description\" content=\"En la reuni\u00f3n celebrada hoy en el seno de la Comisi\u00f3n de Ordenaci\u00f3n de Tiempo de Trabajo, la empresa acepta nuestra reivindicaci\u00f3n de cambiar de modelo de abono de la compensaci\u00f3n por comida en residencia, pasando de los cheques en papel a tarjeta. El cambio ser\u00e1 efectivo a partir del 1 de octubre, elimin\u00e1ndose la [&hellip;]\" \/>\n<meta property=\"og:url\" content=\"https:\/\/www.ugtcomunicaciones.es\/wordpress\/puesta-en-marcha-de-la-tarjeta-de-abono-comida\/\" \/>\n<meta property=\"og:site_name\" content=\"UGT Comunicaciones\" \/>\n<meta property=\"article:publisher\" content=\"https:\/\/www.facebook.com\/ugt.comunicaciones\/\" \/>\n<meta property=\"article:published_time\" content=\"2022-09-15T12:08:22+00:00\" \/>\n<meta property=\"og:image\" content=\"https:\/\/www.ugtcomunicaciones.es\/wordpress\/wp-content\/uploads\/2022\/06\/restaurante-1.jpg\" \/>\n\t<meta property=\"og:image:width\" content=\"600\" \/>\n\t<meta property=\"og:image:height\" content=\"420\" \/>\n\t<meta property=\"og:image:type\" content=\"image\/jpeg\" \/>\n<meta name=\"author\" content=\"UGT\" \/>\n<meta name=\"twitter:card\" content=\"summary_large_image\" \/>\n<meta name=\"twitter:creator\" content=\"@ugtcom\" \/>\n<meta name=\"twitter:site\" content=\"@ugtcom\" \/>\n<meta name=\"twitter:label1\" content=\"Escrito por\" \/>\n\t<meta name=\"twitter:data1\" content=\"UGT\" \/>\n\t<meta name=\"twitter:label2\" content=\"Tiempo de lectura\" \/>\n\t<meta name=\"twitter:data2\" content=\"2 minutos\" \/>\n<script type=\"application\/ld+json\" class=\"yoast-schema-graph\">{\"@context\":\"https:\\\/\\\/schema.org\",\"@graph\":[{\"@type\":\"Article\",\"@id\":\"https:\\\/\\\/www.ugtcomunicaciones.es\\\/wordpress\\\/puesta-en-marcha-de-la-tarjeta-de-abono-comida\\\/#article\",\"isPartOf\":{\"@id\":\"https:\\\/\\\/www.ugtcomunicaciones.es\\\/wordpress\\\/puesta-en-marcha-de-la-tarjeta-de-abono-comida\\\/\"},\"author\":{\"name\":\"UGT\",\"@id\":\"https:\\\/\\\/www.ugtcomunicaciones.es\\\/wordpress\\\/#\\\/schema\\\/person\\\/eba0fc3fe5b444531d94d4368cba89ed\"},\"headline\":\"Puesta en marcha de la tarjeta de abono comida\",\"datePublished\":\"2022-09-15T12:08:22+00:00\",\"mainEntityOfPage\":{\"@id\":\"https:\\\/\\\/www.ugtcomunicaciones.es\\\/wordpress\\\/puesta-en-marcha-de-la-tarjeta-de-abono-comida\\\/\"},\"wordCount\":419,\"publisher\":{\"@id\":\"https:\\\/\\\/www.ugtcomunicaciones.es\\\/wordpress\\\/#organization\"},\"image\":{\"@id\":\"https:\\\/\\\/www.ugtcomunicaciones.es\\\/wordpress\\\/puesta-en-marcha-de-la-tarjeta-de-abono-comida\\\/#primaryimage\"},\"thumbnailUrl\":\"https:\\\/\\\/www.ugtcomunicaciones.es\\\/wordpress\\\/wp-content\\\/uploads\\\/2022\\\/06\\\/restaurante-1.jpg\",\"articleSection\":[\"Telef\u00f3nica CEV\",\"Telef\u00f3nica de Espa\u00f1a\",\"Telef\u00f3nica M\u00f3viles\",\"Telef\u00f3nica Soluciones\"],\"inLanguage\":\"es\"},{\"@type\":\"WebPage\",\"@id\":\"https:\\\/\\\/www.ugtcomunicaciones.es\\\/wordpress\\\/puesta-en-marcha-de-la-tarjeta-de-abono-comida\\\/\",\"url\":\"https:\\\/\\\/www.ugtcomunicaciones.es\\\/wordpress\\\/puesta-en-marcha-de-la-tarjeta-de-abono-comida\\\/\",\"name\":\"Puesta en marcha de la tarjeta de abono comida - UGT Comunicaciones\",\"isPartOf\":{\"@id\":\"https:\\\/\\\/www.ugtcomunicaciones.es\\\/wordpress\\\/#website\"},\"primaryImageOfPage\":{\"@id\":\"https:\\\/\\\/www.ugtcomunicaciones.es\\\/wordpress\\\/puesta-en-marcha-de-la-tarjeta-de-abono-comida\\\/#primaryimage\"},\"image\":{\"@id\":\"https:\\\/\\\/www.ugtcomunicaciones.es\\\/wordpress\\\/puesta-en-marcha-de-la-tarjeta-de-abono-comida\\\/#primaryimage\"},\"thumbnailUrl\":\"https:\\\/\\\/www.ugtcomunicaciones.es\\\/wordpress\\\/wp-content\\\/uploads\\\/2022\\\/06\\\/restaurante-1.jpg\",\"datePublished\":\"2022-09-15T12:08:22+00:00\",\"breadcrumb\":{\"@id\":\"https:\\\/\\\/www.ugtcomunicaciones.es\\\/wordpress\\\/puesta-en-marcha-de-la-tarjeta-de-abono-comida\\\/#breadcrumb\"},\"inLanguage\":\"es\",\"potentialAction\":[{\"@type\":\"ReadAction\",\"target\":[\"https:\\\/\\\/www.ugtcomunicaciones.es\\\/wordpress\\\/puesta-en-marcha-de-la-tarjeta-de-abono-comida\\\/\"]}]},{\"@type\":\"ImageObject\",\"inLanguage\":\"es\",\"@id\":\"https:\\\/\\\/www.ugtcomunicaciones.es\\\/wordpress\\\/puesta-en-marcha-de-la-tarjeta-de-abono-comida\\\/#primaryimage\",\"url\":\"https:\\\/\\\/www.ugtcomunicaciones.es\\\/wordpress\\\/wp-content\\\/uploads\\\/2022\\\/06\\\/restaurante-1.jpg\",\"contentUrl\":\"https:\\\/\\\/www.ugtcomunicaciones.es\\\/wordpress\\\/wp-content\\\/uploads\\\/2022\\\/06\\\/restaurante-1.jpg\",\"width\":600,\"height\":420},{\"@type\":\"BreadcrumbList\",\"@id\":\"https:\\\/\\\/www.ugtcomunicaciones.es\\\/wordpress\\\/puesta-en-marcha-de-la-tarjeta-de-abono-comida\\\/#breadcrumb\",\"itemListElement\":[{\"@type\":\"ListItem\",\"position\":1,\"name\":\"Portada\",\"item\":\"https:\\\/\\\/www.ugtcomunicaciones.es\\\/wordpress\\\/\"},{\"@type\":\"ListItem\",\"position\":2,\"name\":\"Puesta en marcha de la tarjeta de abono comida\"}]},{\"@type\":\"WebSite\",\"@id\":\"https:\\\/\\\/www.ugtcomunicaciones.es\\\/wordpress\\\/#website\",\"url\":\"https:\\\/\\\/www.ugtcomunicaciones.es\\\/wordpress\\\/\",\"name\":\"UGT Comunicaciones\",\"description\":\"Sindicato de Telecomunicaciones\",\"publisher\":{\"@id\":\"https:\\\/\\\/www.ugtcomunicaciones.es\\\/wordpress\\\/#organization\"},\"potentialAction\":[{\"@type\":\"SearchAction\",\"target\":{\"@type\":\"EntryPoint\",\"urlTemplate\":\"https:\\\/\\\/www.ugtcomunicaciones.es\\\/wordpress\\\/?s={search_term_string}\"},\"query-input\":{\"@type\":\"PropertyValueSpecification\",\"valueRequired\":true,\"valueName\":\"search_term_string\"}}],\"inLanguage\":\"es\"},{\"@type\":\"Organization\",\"@id\":\"https:\\\/\\\/www.ugtcomunicaciones.es\\\/wordpress\\\/#organization\",\"name\":\"UGT Comunicaciones\",\"url\":\"https:\\\/\\\/www.ugtcomunicaciones.es\\\/wordpress\\\/\",\"logo\":{\"@type\":\"ImageObject\",\"inLanguage\":\"es\",\"@id\":\"https:\\\/\\\/www.ugtcomunicaciones.es\\\/wordpress\\\/#\\\/schema\\\/logo\\\/image\\\/\",\"url\":\"https:\\\/\\\/www.ugtcomunicaciones.es\\\/wordpress\\\/wp-content\\\/uploads\\\/2024\\\/04\\\/comunicaciones_logo.png\",\"contentUrl\":\"https:\\\/\\\/www.ugtcomunicaciones.es\\\/wordpress\\\/wp-content\\\/uploads\\\/2024\\\/04\\\/comunicaciones_logo.png\",\"width\":298,\"height\":81,\"caption\":\"UGT Comunicaciones\"},\"image\":{\"@id\":\"https:\\\/\\\/www.ugtcomunicaciones.es\\\/wordpress\\\/#\\\/schema\\\/logo\\\/image\\\/\"},\"sameAs\":[\"https:\\\/\\\/www.facebook.com\\\/ugt.comunicaciones\\\/\",\"https:\\\/\\\/x.com\\\/ugtcom\"]},{\"@type\":\"Person\",\"@id\":\"https:\\\/\\\/www.ugtcomunicaciones.es\\\/wordpress\\\/#\\\/schema\\\/person\\\/eba0fc3fe5b444531d94d4368cba89ed\",\"name\":\"UGT\",\"image\":{\"@type\":\"ImageObject\",\"inLanguage\":\"es\",\"@id\":\"https:\\\/\\\/secure.gravatar.com\\\/avatar\\\/2a16057d620a4c646bcfc171c4f23030879ebbdd346f0525bd5d4a564e57e13d?s=96&d=mm&r=g\",\"url\":\"https:\\\/\\\/secure.gravatar.com\\\/avatar\\\/2a16057d620a4c646bcfc171c4f23030879ebbdd346f0525bd5d4a564e57e13d?s=96&d=mm&r=g\",\"contentUrl\":\"https:\\\/\\\/secure.gravatar.com\\\/avatar\\\/2a16057d620a4c646bcfc171c4f23030879ebbdd346f0525bd5d4a564e57e13d?s=96&d=mm&r=g\",\"caption\":\"UGT\"}}]}<\/script>\n<!-- \/ Yoast SEO Premium plugin. -->","yoast_head_json":{"title":"Puesta en marcha de la tarjeta de abono comida - UGT Comunicaciones","robots":{"index":"index","follow":"follow","max-snippet":"max-snippet:-1","max-image-preview":"max-image-preview:large","max-video-preview":"max-video-preview:-1"},"canonical":"https:\/\/www.ugtcomunicaciones.es\/wordpress\/puesta-en-marcha-de-la-tarjeta-de-abono-comida\/","og_locale":"es_ES","og_type":"article","og_title":"Puesta en marcha de la tarjeta de abono comida","og_description":"En la reuni\u00f3n celebrada hoy en el seno de la Comisi\u00f3n de Ordenaci\u00f3n de Tiempo de Trabajo, la empresa acepta nuestra reivindicaci\u00f3n de cambiar de modelo de abono de la compensaci\u00f3n por comida en residencia, pasando de los cheques en papel a tarjeta. El cambio ser\u00e1 efectivo a partir del 1 de octubre, elimin\u00e1ndose la [&hellip;]","og_url":"https:\/\/www.ugtcomunicaciones.es\/wordpress\/puesta-en-marcha-de-la-tarjeta-de-abono-comida\/","og_site_name":"UGT Comunicaciones","article_publisher":"https:\/\/www.facebook.com\/ugt.comunicaciones\/","article_published_time":"2022-09-15T12:08:22+00:00","og_image":[{"width":600,"height":420,"url":"https:\/\/www.ugtcomunicaciones.es\/wordpress\/wp-content\/uploads\/2022\/06\/restaurante-1.jpg","type":"image\/jpeg"}],"author":"UGT","twitter_card":"summary_large_image","twitter_creator":"@ugtcom","twitter_site":"@ugtcom","twitter_misc":{"Escrito por":"UGT","Tiempo de lectura":"2 minutos"},"schema":{"@context":"https:\/\/schema.org","@graph":[{"@type":"Article","@id":"https:\/\/www.ugtcomunicaciones.es\/wordpress\/puesta-en-marcha-de-la-tarjeta-de-abono-comida\/#article","isPartOf":{"@id":"https:\/\/www.ugtcomunicaciones.es\/wordpress\/puesta-en-marcha-de-la-tarjeta-de-abono-comida\/"},"author":{"name":"UGT","@id":"https:\/\/www.ugtcomunicaciones.es\/wordpress\/#\/schema\/person\/eba0fc3fe5b444531d94d4368cba89ed"},"headline":"Puesta en marcha de la tarjeta de abono comida","datePublished":"2022-09-15T12:08:22+00:00","mainEntityOfPage":{"@id":"https:\/\/www.ugtcomunicaciones.es\/wordpress\/puesta-en-marcha-de-la-tarjeta-de-abono-comida\/"},"wordCount":419,"publisher":{"@id":"https:\/\/www.ugtcomunicaciones.es\/wordpress\/#organization"},"image":{"@id":"https:\/\/www.ugtcomunicaciones.es\/wordpress\/puesta-en-marcha-de-la-tarjeta-de-abono-comida\/#primaryimage"},"thumbnailUrl":"https:\/\/www.ugtcomunicaciones.es\/wordpress\/wp-content\/uploads\/2022\/06\/restaurante-1.jpg","articleSection":["Telef\u00f3nica CEV","Telef\u00f3nica de Espa\u00f1a","Telef\u00f3nica M\u00f3viles","Telef\u00f3nica Soluciones"],"inLanguage":"es"},{"@type":"WebPage","@id":"https:\/\/www.ugtcomunicaciones.es\/wordpress\/puesta-en-marcha-de-la-tarjeta-de-abono-comida\/","url":"https:\/\/www.ugtcomunicaciones.es\/wordpress\/puesta-en-marcha-de-la-tarjeta-de-abono-comida\/","name":"Puesta en marcha de la tarjeta de abono comida - UGT Comunicaciones","isPartOf":{"@id":"https:\/\/www.ugtcomunicaciones.es\/wordpress\/#website"},"primaryImageOfPage":{"@id":"https:\/\/www.ugtcomunicaciones.es\/wordpress\/puesta-en-marcha-de-la-tarjeta-de-abono-comida\/#primaryimage"},"image":{"@id":"https:\/\/www.ugtcomunicaciones.es\/wordpress\/puesta-en-marcha-de-la-tarjeta-de-abono-comida\/#primaryimage"},"thumbnailUrl":"https:\/\/www.ugtcomunicaciones.es\/wordpress\/wp-content\/uploads\/2022\/06\/restaurante-1.jpg","datePublished":"2022-09-15T12:08:22+00:00","breadcrumb":{"@id":"https:\/\/www.ugtcomunicaciones.es\/wordpress\/puesta-en-marcha-de-la-tarjeta-de-abono-comida\/#breadcrumb"},"inLanguage":"es","potentialAction":[{"@type":"ReadAction","target":["https:\/\/www.ugtcomunicaciones.es\/wordpress\/puesta-en-marcha-de-la-tarjeta-de-abono-comida\/"]}]},{"@type":"ImageObject","inLanguage":"es","@id":"https:\/\/www.ugtcomunicaciones.es\/wordpress\/puesta-en-marcha-de-la-tarjeta-de-abono-comida\/#primaryimage","url":"https:\/\/www.ugtcomunicaciones.es\/wordpress\/wp-content\/uploads\/2022\/06\/restaurante-1.jpg","contentUrl":"https:\/\/www.ugtcomunicaciones.es\/wordpress\/wp-content\/uploads\/2022\/06\/restaurante-1.jpg","width":600,"height":420},{"@type":"BreadcrumbList","@id":"https:\/\/www.ugtcomunicaciones.es\/wordpress\/puesta-en-marcha-de-la-tarjeta-de-abono-comida\/#breadcrumb","itemListElement":[{"@type":"ListItem","position":1,"name":"Portada","item":"https:\/\/www.ugtcomunicaciones.es\/wordpress\/"},{"@type":"ListItem","position":2,"name":"Puesta en marcha de la tarjeta de abono comida"}]},{"@type":"WebSite","@id":"https:\/\/www.ugtcomunicaciones.es\/wordpress\/#website","url":"https:\/\/www.ugtcomunicaciones.es\/wordpress\/","name":"UGT Comunicaciones","description":"Sindicato de Telecomunicaciones","publisher":{"@id":"https:\/\/www.ugtcomunicaciones.es\/wordpress\/#organization"},"potentialAction":[{"@type":"SearchAction","target":{"@type":"EntryPoint","urlTemplate":"https:\/\/www.ugtcomunicaciones.es\/wordpress\/?s={search_term_string}"},"query-input":{"@type":"PropertyValueSpecification","valueRequired":true,"valueName":"search_term_string"}}],"inLanguage":"es"},{"@type":"Organization","@id":"https:\/\/www.ugtcomunicaciones.es\/wordpress\/#organization","name":"UGT Comunicaciones","url":"https:\/\/www.ugtcomunicaciones.es\/wordpress\/","logo":{"@type":"ImageObject","inLanguage":"es","@id":"https:\/\/www.ugtcomunicaciones.es\/wordpress\/#\/schema\/logo\/image\/","url":"https:\/\/www.ugtcomunicaciones.es\/wordpress\/wp-content\/uploads\/2024\/04\/comunicaciones_logo.png","contentUrl":"https:\/\/www.ugtcomunicaciones.es\/wordpress\/wp-content\/uploads\/2024\/04\/comunicaciones_logo.png","width":298,"height":81,"caption":"UGT Comunicaciones"},"image":{"@id":"https:\/\/www.ugtcomunicaciones.es\/wordpress\/#\/schema\/logo\/image\/"},"sameAs":["https:\/\/www.facebook.com\/ugt.comunicaciones\/","https:\/\/x.com\/ugtcom"]},{"@type":"Person","@id":"https:\/\/www.ugtcomunicaciones.es\/wordpress\/#\/schema\/person\/eba0fc3fe5b444531d94d4368cba89ed","name":"UGT","image":{"@type":"ImageObject","inLanguage":"es","@id":"https:\/\/secure.gravatar.com\/avatar\/2a16057d620a4c646bcfc171c4f23030879ebbdd346f0525bd5d4a564e57e13d?s=96&d=mm&r=g","url":"https:\/\/secure.gravatar.com\/avatar\/2a16057d620a4c646bcfc171c4f23030879ebbdd346f0525bd5d4a564e57e13d?s=96&d=mm&r=g","contentUrl":"https:\/\/secure.gravatar.com\/avatar\/2a16057d620a4c646bcfc171c4f23030879ebbdd346f0525bd5d4a564e57e13d?s=96&d=mm&r=g","caption":"UGT"}}]}},"_links":{"self":[{"href":"https:\/\/www.ugtcomunicaciones.es\/wordpress\/wp-json\/wp\/v2\/posts\/1049881","targetHints":{"allow":["GET"]}}],"collection":[{"href":"https:\/\/www.ugtcomunicaciones.es\/wordpress\/wp-json\/wp\/v2\/posts"}],"about":[{"href":"https:\/\/www.ugtcomunicaciones.es\/wordpress\/wp-json\/wp\/v2\/types\/post"}],"author":[{"embeddable":true,"href":"https:\/\/www.ugtcomunicaciones.es\/wordpress\/wp-json\/wp\/v2\/users\/3"}],"replies":[{"embeddable":true,"href":"https:\/\/www.ugtcomunicaciones.es\/wordpress\/wp-json\/wp\/v2\/comments?post=1049881"}],"version-history":[{"count":0,"href":"https:\/\/www.ugtcomunicaciones.es\/wordpress\/wp-json\/wp\/v2\/posts\/1049881\/revisions"}],"wp:featuredmedia":[{"embeddable":true,"href":"https:\/\/www.ugtcomunicaciones.es\/wordpress\/wp-json\/wp\/v2\/media\/1012536"}],"wp:attachment":[{"href":"https:\/\/www.ugtcomunicaciones.es\/wordpress\/wp-json\/wp\/v2\/media?parent=1049881"}],"wp:term":[{"taxonomy":"category","embeddable":true,"href":"https:\/\/www.ugtcomunicaciones.es\/wordpress\/wp-json\/wp\/v2\/categories?post=1049881"},{"taxonomy":"post_tag","embeddable":true,"href":"https:\/\/www.ugtcomunicaciones.es\/wordpress\/wp-json\/wp\/v2\/tags?post=1049881"}],"curies":[{"name":"wp","href":"https:\/\/api.w.org\/{rel}","templated":true}]}}