{"id":1057871,"date":"2022-10-10T10:42:40","date_gmt":"2022-10-10T08:42:40","guid":{"rendered":"https:\/\/www.ugtcomunicaciones.es\/wordpress\/?p=1057871"},"modified":"2022-10-08T10:54:58","modified_gmt":"2022-10-08T08:54:58","slug":"ii-reunion-del-comite-intercentros-de-telyco","status":"publish","type":"post","link":"https:\/\/www.ugtcomunicaciones.es\/wordpress\/ii-reunion-del-comite-intercentros-de-telyco\/","title":{"rendered":"II Reuni\u00f3n del Comit\u00e9 Intercentros de Telyco."},"content":{"rendered":"<p>El d\u00eda 7 de octubre se reuni\u00f3 el Comit\u00e9 Intercentros de Telyco para tratar los siguientes temas:<\/p>\n<h2>Cierre de tiendas<\/h2>\n<p>Llevamos desde primeros de a\u00f1o con un goteo constante de cierres de puntos de venta por todos los territorios. En concreto en lo que llevamos de a\u00f1o, se han cerrado 19 puntos de venta. En la mayor parte de los cierres, la Empresa no ha reubicado a la plantilla en tiendas de su provincia. En concreto, solo el 50% de la plantilla ha sido reubicada. Para UGT, la Empresa va a cumplimiento de m\u00ednimos en la clausula de garant\u00eda de empleo, por lo que instamos a que se ofrezcan alternativas como puestos de soporte telef\u00f3nica, atenci\u00f3n telef\u00f3nica, Inside Sales etc. Cada vez le dan m\u00e1s importancia a la atenci\u00f3n telef\u00f3nica en lugares donde no se cumple los requisitos para realizar esta tarea y sobrecargando a la plantilla, pudiendo recolocar a estas personas a realizar esta tarea desde casa. Existe ya un proyecto de atenci\u00f3n telef\u00f3nica, que est\u00e1 demostrando que funciona. Y por otro lado descargamos a la plantilla de tiendas de tareas.<\/p>\n<p>Desde el Comit\u00e9 de Asturias, de mayor\u00eda UGT, como consecuencia del cierre de la tienda de ECI Gij\u00f3n, se ha presentado una petici\u00f3n para que la Empresa ofrezca otros puestos de trabajo alternativos al traslado provincial que actualmente ofrece para que se cumpla de forma efectiva la garant\u00eda de empleo.<\/p>\n<p>Desde el Comit\u00e9 Intercentros solicitamos un estudio de cierres y aperturas de las tiendas atendiendo al art\u00edculo 64 del ET.<\/p>\n<h2>SRV<\/h2>\n<p>Vuelta de tuerca a algo que cada vez crea m\u00e1s descontento. Objetivos inasumibles para una plantilla exhausta y presionada. Incentivos paup\u00e9rrimos, generando personas trabajadoras pobres. M\u00e1s del 70% de la plantilla de puntos de venta no llega ni a los 400\u20ac de comisiones. Casi el 50% de la plantilla de comercial de punto de venta cobra menos de 200\u20ac.<\/p>\n<p>En el caso de Task Force, incluso este \u00faltimo dato llega al 60% de la plantilla y casi un 30% no llega ni a los 50\u20ac.<br \/>\nLa \u00fanica forma de asegurar un reparto justo de la riqueza a nivel de toda la plantilla es luchar por un salario base digno.<\/p>\n<h2>Turnos<\/h2>\n<p>Desde UGT llevamos denunciando los reiterados incumplimientos de Convenio en materia de turnos. Hace varias semanas que solicitamos una reuni\u00f3n urgente con la Empresa y a\u00fan no hemos recibido contestaci\u00f3n. Algo prioritario para nosotros y nosotras, parece ser que no lo es para la Empresa, por lo que, si el di\u00e1logo no existe por una de las partes, solo nos queda la denuncia.<\/p>\n<p>No existe planificaci\u00f3n trimestral, estamos a octubre y no sabemos las libranzas del Black Friday ni de diciembre, mucho personal no disfruta de los 30 minutos de la pausa del bocadillo, y as\u00ed un no parar de incumplimientos, sin que haya una voluntad real por parte de la Empresa de mejorar en este aspecto.<\/p>\n<p>Acumulaciones de jornada solo cuando a la Empresa le interesa y distribuciones irregulares de la jornada superior a la permitida. Nada nuevo en el frente.<\/p>\n<p>En el mismo d\u00eda de la reuni\u00f3n, la Empresa cit\u00f3 a las y los representantes de las personas trabajadoras para informar que tienen el firme compromiso de tener los datos de los horarios del Black Friday y Navidad antes del d\u00eda 23 de octubre. Respecto al 24 y 31 de diciembre, son s\u00e1bados aperturables y se cerrar\u00e1n las tiendas de calle a las 14 horas excepto tiendas emblem\u00e1ticas y centros comerciales.<\/p>\n<p>Desde UGT instamos a la Empresa a que re\u00fana a la Comisi\u00f3n de Ordenaci\u00f3n del Tiempo de trabajo y por otro lado hemos trasladado la queja de que la plantilla no tendr\u00eda que esperar al 23 de octubre para saber los festivos que trabajar\u00e1 en fechas tan se\u00f1aladas como las Navidades.<\/p>\n<h2>Plan de Igualdad parado<\/h2>\n<p>Por la negativa de la Empresa de realizar una valoraci\u00f3n puestos de trabajo acorde al art\u00edculo 8 del RD 902\/2020. Sabemos que detr\u00e1s de todo esto est\u00e1 la negativa a abrir la Comisi\u00f3n de Grupos Profesionales y ver las tareas reales que hacen todas las personas de la Empresa. Ah\u00ed podremos ver que nuestros salarios no se corresponden con el volumen de tareas y de especializaci\u00f3n que sostenemos.<\/p>\n<h2>\u00cdndices de Bajas IT<\/h2>\n<p>Seguimos con un \u00edndice de bajas IT que dobla la media de absentismo nacional de Empresas del mismo sector. Esta situaci\u00f3n preocupa y mucho a este sindicato debido a que es un indicador del nivel de presi\u00f3n ejercido hacia la plantilla sumado a la falta de conciliaci\u00f3n y salarios tan bajos.<\/p>\n<h2>Vigencia del Convenio Colectivo.<\/h2>\n<p>Y, por \u00faltimo, pero no menos importante, este es el \u00faltimo a\u00f1o de vigencia de la pr\u00f3rroga del actual Convenio Colectivo y hemos de discutir nuestra postura. Si continuar con la pr\u00f3rroga actual, pero revisando las cl\u00e1usulas salariales, o denunciarlo y comenzar a negociar uno nuevo.<\/p>\n<p>De lo que estamos seguro es de que el IPC desorbitado, la subida de precios de combustible y productos de primera necesidad etc., requieren de una subida salarial para no seguir perdiendo poder adquisitivo.<\/p>\n<p>En este punto desde UGT tambi\u00e9n hemos solicitado la revisi\u00f3n de conceptos como dietas y gastos de locomoci\u00f3n por la inflaci\u00f3n y subida de precios tan alta que estamos soportando este a\u00f1o.<\/p>\n","protected":false},"excerpt":{"rendered":"<p>El d\u00eda 7 de octubre se reuni\u00f3 el Comit\u00e9 Intercentros de Telyco para tratar los siguientes temas: Cierre de tiendas Llevamos desde primeros de a\u00f1o con un goteo constante de cierres de puntos de venta por todos los territorios. En concreto en lo que llevamos de a\u00f1o, se han cerrado 19 puntos de venta. En [&hellip;]<\/p>\n","protected":false},"author":3,"featured_media":1057873,"comment_status":"closed","ping_status":"closed","sticky":false,"template":"","format":"standard","meta":{"footnotes":""},"categories":[31],"tags":[],"class_list":["post-1057871","post","type-post","status-publish","format-standard","has-post-thumbnail","hentry","category-telyco"],"yoast_head":"<!-- This site is optimized with the Yoast SEO Premium plugin v27.3 (Yoast SEO v27.4) - https:\/\/yoast.com\/product\/yoast-seo-premium-wordpress\/ -->\n<title>II Reuni\u00f3n del Comit\u00e9 Intercentros de Telyco. - UGT Comunicaciones<\/title>\n<meta name=\"robots\" content=\"index, follow, max-snippet:-1, max-image-preview:large, max-video-preview:-1\" \/>\n<link rel=\"canonical\" href=\"https:\/\/www.ugtcomunicaciones.es\/wordpress\/ii-reunion-del-comite-intercentros-de-telyco\/\" \/>\n<meta property=\"og:locale\" content=\"es_ES\" \/>\n<meta property=\"og:type\" content=\"article\" \/>\n<meta property=\"og:title\" content=\"II Reuni\u00f3n del Comit\u00e9 Intercentros de Telyco.\" \/>\n<meta property=\"og:description\" content=\"El d\u00eda 7 de octubre se reuni\u00f3 el Comit\u00e9 Intercentros de Telyco para tratar los siguientes temas: Cierre de tiendas Llevamos desde primeros de a\u00f1o con un goteo constante de cierres de puntos de venta por todos los territorios. En concreto en lo que llevamos de a\u00f1o, se han cerrado 19 puntos de venta. En [&hellip;]\" \/>\n<meta property=\"og:url\" content=\"https:\/\/www.ugtcomunicaciones.es\/wordpress\/ii-reunion-del-comite-intercentros-de-telyco\/\" \/>\n<meta property=\"og:site_name\" content=\"UGT Comunicaciones\" \/>\n<meta property=\"article:publisher\" content=\"https:\/\/www.facebook.com\/ugt.comunicaciones\/\" \/>\n<meta property=\"article:published_time\" content=\"2022-10-10T08:42:40+00:00\" \/>\n<meta property=\"og:image\" content=\"https:\/\/www.ugtcomunicaciones.es\/wordpress\/wp-content\/uploads\/2022\/10\/telyco-horarios.png\" \/>\n\t<meta property=\"og:image:width\" content=\"940\" \/>\n\t<meta property=\"og:image:height\" content=\"658\" \/>\n\t<meta property=\"og:image:type\" content=\"image\/png\" \/>\n<meta name=\"author\" content=\"UGT\" \/>\n<meta name=\"twitter:card\" content=\"summary_large_image\" \/>\n<meta name=\"twitter:creator\" content=\"@ugtcom\" \/>\n<meta name=\"twitter:site\" content=\"@ugtcom\" \/>\n<meta name=\"twitter:label1\" content=\"Escrito por\" \/>\n\t<meta name=\"twitter:data1\" content=\"UGT\" \/>\n\t<meta name=\"twitter:label2\" content=\"Tiempo de lectura\" \/>\n\t<meta name=\"twitter:data2\" content=\"4 minutos\" \/>\n<script type=\"application\/ld+json\" class=\"yoast-schema-graph\">{\"@context\":\"https:\\\/\\\/schema.org\",\"@graph\":[{\"@type\":\"Article\",\"@id\":\"https:\\\/\\\/www.ugtcomunicaciones.es\\\/wordpress\\\/ii-reunion-del-comite-intercentros-de-telyco\\\/#article\",\"isPartOf\":{\"@id\":\"https:\\\/\\\/www.ugtcomunicaciones.es\\\/wordpress\\\/ii-reunion-del-comite-intercentros-de-telyco\\\/\"},\"author\":{\"name\":\"UGT\",\"@id\":\"https:\\\/\\\/www.ugtcomunicaciones.es\\\/wordpress\\\/#\\\/schema\\\/person\\\/eba0fc3fe5b444531d94d4368cba89ed\"},\"headline\":\"II Reuni\u00f3n del Comit\u00e9 Intercentros de Telyco.\",\"datePublished\":\"2022-10-10T08:42:40+00:00\",\"mainEntityOfPage\":{\"@id\":\"https:\\\/\\\/www.ugtcomunicaciones.es\\\/wordpress\\\/ii-reunion-del-comite-intercentros-de-telyco\\\/\"},\"wordCount\":913,\"publisher\":{\"@id\":\"https:\\\/\\\/www.ugtcomunicaciones.es\\\/wordpress\\\/#organization\"},\"image\":{\"@id\":\"https:\\\/\\\/www.ugtcomunicaciones.es\\\/wordpress\\\/ii-reunion-del-comite-intercentros-de-telyco\\\/#primaryimage\"},\"thumbnailUrl\":\"https:\\\/\\\/www.ugtcomunicaciones.es\\\/wordpress\\\/wp-content\\\/uploads\\\/2022\\\/10\\\/telyco-horarios.png\",\"articleSection\":[\"Telyco\"],\"inLanguage\":\"es\"},{\"@type\":\"WebPage\",\"@id\":\"https:\\\/\\\/www.ugtcomunicaciones.es\\\/wordpress\\\/ii-reunion-del-comite-intercentros-de-telyco\\\/\",\"url\":\"https:\\\/\\\/www.ugtcomunicaciones.es\\\/wordpress\\\/ii-reunion-del-comite-intercentros-de-telyco\\\/\",\"name\":\"II Reuni\u00f3n del Comit\u00e9 Intercentros de Telyco. - UGT Comunicaciones\",\"isPartOf\":{\"@id\":\"https:\\\/\\\/www.ugtcomunicaciones.es\\\/wordpress\\\/#website\"},\"primaryImageOfPage\":{\"@id\":\"https:\\\/\\\/www.ugtcomunicaciones.es\\\/wordpress\\\/ii-reunion-del-comite-intercentros-de-telyco\\\/#primaryimage\"},\"image\":{\"@id\":\"https:\\\/\\\/www.ugtcomunicaciones.es\\\/wordpress\\\/ii-reunion-del-comite-intercentros-de-telyco\\\/#primaryimage\"},\"thumbnailUrl\":\"https:\\\/\\\/www.ugtcomunicaciones.es\\\/wordpress\\\/wp-content\\\/uploads\\\/2022\\\/10\\\/telyco-horarios.png\",\"datePublished\":\"2022-10-10T08:42:40+00:00\",\"breadcrumb\":{\"@id\":\"https:\\\/\\\/www.ugtcomunicaciones.es\\\/wordpress\\\/ii-reunion-del-comite-intercentros-de-telyco\\\/#breadcrumb\"},\"inLanguage\":\"es\",\"potentialAction\":[{\"@type\":\"ReadAction\",\"target\":[\"https:\\\/\\\/www.ugtcomunicaciones.es\\\/wordpress\\\/ii-reunion-del-comite-intercentros-de-telyco\\\/\"]}]},{\"@type\":\"ImageObject\",\"inLanguage\":\"es\",\"@id\":\"https:\\\/\\\/www.ugtcomunicaciones.es\\\/wordpress\\\/ii-reunion-del-comite-intercentros-de-telyco\\\/#primaryimage\",\"url\":\"https:\\\/\\\/www.ugtcomunicaciones.es\\\/wordpress\\\/wp-content\\\/uploads\\\/2022\\\/10\\\/telyco-horarios.png\",\"contentUrl\":\"https:\\\/\\\/www.ugtcomunicaciones.es\\\/wordpress\\\/wp-content\\\/uploads\\\/2022\\\/10\\\/telyco-horarios.png\",\"width\":940,\"height\":658,\"caption\":\"Tienda Telyco Horarios\"},{\"@type\":\"BreadcrumbList\",\"@id\":\"https:\\\/\\\/www.ugtcomunicaciones.es\\\/wordpress\\\/ii-reunion-del-comite-intercentros-de-telyco\\\/#breadcrumb\",\"itemListElement\":[{\"@type\":\"ListItem\",\"position\":1,\"name\":\"Portada\",\"item\":\"https:\\\/\\\/www.ugtcomunicaciones.es\\\/wordpress\\\/\"},{\"@type\":\"ListItem\",\"position\":2,\"name\":\"II Reuni\u00f3n del Comit\u00e9 Intercentros de Telyco.\"}]},{\"@type\":\"WebSite\",\"@id\":\"https:\\\/\\\/www.ugtcomunicaciones.es\\\/wordpress\\\/#website\",\"url\":\"https:\\\/\\\/www.ugtcomunicaciones.es\\\/wordpress\\\/\",\"name\":\"UGT Comunicaciones\",\"description\":\"Sindicato de Telecomunicaciones\",\"publisher\":{\"@id\":\"https:\\\/\\\/www.ugtcomunicaciones.es\\\/wordpress\\\/#organization\"},\"potentialAction\":[{\"@type\":\"SearchAction\",\"target\":{\"@type\":\"EntryPoint\",\"urlTemplate\":\"https:\\\/\\\/www.ugtcomunicaciones.es\\\/wordpress\\\/?s={search_term_string}\"},\"query-input\":{\"@type\":\"PropertyValueSpecification\",\"valueRequired\":true,\"valueName\":\"search_term_string\"}}],\"inLanguage\":\"es\"},{\"@type\":\"Organization\",\"@id\":\"https:\\\/\\\/www.ugtcomunicaciones.es\\\/wordpress\\\/#organization\",\"name\":\"UGT Comunicaciones\",\"url\":\"https:\\\/\\\/www.ugtcomunicaciones.es\\\/wordpress\\\/\",\"logo\":{\"@type\":\"ImageObject\",\"inLanguage\":\"es\",\"@id\":\"https:\\\/\\\/www.ugtcomunicaciones.es\\\/wordpress\\\/#\\\/schema\\\/logo\\\/image\\\/\",\"url\":\"https:\\\/\\\/www.ugtcomunicaciones.es\\\/wordpress\\\/wp-content\\\/uploads\\\/2024\\\/04\\\/comunicaciones_logo.png\",\"contentUrl\":\"https:\\\/\\\/www.ugtcomunicaciones.es\\\/wordpress\\\/wp-content\\\/uploads\\\/2024\\\/04\\\/comunicaciones_logo.png\",\"width\":298,\"height\":81,\"caption\":\"UGT Comunicaciones\"},\"image\":{\"@id\":\"https:\\\/\\\/www.ugtcomunicaciones.es\\\/wordpress\\\/#\\\/schema\\\/logo\\\/image\\\/\"},\"sameAs\":[\"https:\\\/\\\/www.facebook.com\\\/ugt.comunicaciones\\\/\",\"https:\\\/\\\/x.com\\\/ugtcom\"]},{\"@type\":\"Person\",\"@id\":\"https:\\\/\\\/www.ugtcomunicaciones.es\\\/wordpress\\\/#\\\/schema\\\/person\\\/eba0fc3fe5b444531d94d4368cba89ed\",\"name\":\"UGT\",\"image\":{\"@type\":\"ImageObject\",\"inLanguage\":\"es\",\"@id\":\"https:\\\/\\\/secure.gravatar.com\\\/avatar\\\/2a16057d620a4c646bcfc171c4f23030879ebbdd346f0525bd5d4a564e57e13d?s=96&d=mm&r=g\",\"url\":\"https:\\\/\\\/secure.gravatar.com\\\/avatar\\\/2a16057d620a4c646bcfc171c4f23030879ebbdd346f0525bd5d4a564e57e13d?s=96&d=mm&r=g\",\"contentUrl\":\"https:\\\/\\\/secure.gravatar.com\\\/avatar\\\/2a16057d620a4c646bcfc171c4f23030879ebbdd346f0525bd5d4a564e57e13d?s=96&d=mm&r=g\",\"caption\":\"UGT\"}}]}<\/script>\n<!-- \/ Yoast SEO Premium plugin. -->","yoast_head_json":{"title":"II Reuni\u00f3n del Comit\u00e9 Intercentros de Telyco. - UGT Comunicaciones","robots":{"index":"index","follow":"follow","max-snippet":"max-snippet:-1","max-image-preview":"max-image-preview:large","max-video-preview":"max-video-preview:-1"},"canonical":"https:\/\/www.ugtcomunicaciones.es\/wordpress\/ii-reunion-del-comite-intercentros-de-telyco\/","og_locale":"es_ES","og_type":"article","og_title":"II Reuni\u00f3n del Comit\u00e9 Intercentros de Telyco.","og_description":"El d\u00eda 7 de octubre se reuni\u00f3 el Comit\u00e9 Intercentros de Telyco para tratar los siguientes temas: Cierre de tiendas Llevamos desde primeros de a\u00f1o con un goteo constante de cierres de puntos de venta por todos los territorios. En concreto en lo que llevamos de a\u00f1o, se han cerrado 19 puntos de venta. En [&hellip;]","og_url":"https:\/\/www.ugtcomunicaciones.es\/wordpress\/ii-reunion-del-comite-intercentros-de-telyco\/","og_site_name":"UGT Comunicaciones","article_publisher":"https:\/\/www.facebook.com\/ugt.comunicaciones\/","article_published_time":"2022-10-10T08:42:40+00:00","og_image":[{"width":940,"height":658,"url":"https:\/\/www.ugtcomunicaciones.es\/wordpress\/wp-content\/uploads\/2022\/10\/telyco-horarios.png","type":"image\/png"}],"author":"UGT","twitter_card":"summary_large_image","twitter_creator":"@ugtcom","twitter_site":"@ugtcom","twitter_misc":{"Escrito por":"UGT","Tiempo de lectura":"4 minutos"},"schema":{"@context":"https:\/\/schema.org","@graph":[{"@type":"Article","@id":"https:\/\/www.ugtcomunicaciones.es\/wordpress\/ii-reunion-del-comite-intercentros-de-telyco\/#article","isPartOf":{"@id":"https:\/\/www.ugtcomunicaciones.es\/wordpress\/ii-reunion-del-comite-intercentros-de-telyco\/"},"author":{"name":"UGT","@id":"https:\/\/www.ugtcomunicaciones.es\/wordpress\/#\/schema\/person\/eba0fc3fe5b444531d94d4368cba89ed"},"headline":"II Reuni\u00f3n del Comit\u00e9 Intercentros de Telyco.","datePublished":"2022-10-10T08:42:40+00:00","mainEntityOfPage":{"@id":"https:\/\/www.ugtcomunicaciones.es\/wordpress\/ii-reunion-del-comite-intercentros-de-telyco\/"},"wordCount":913,"publisher":{"@id":"https:\/\/www.ugtcomunicaciones.es\/wordpress\/#organization"},"image":{"@id":"https:\/\/www.ugtcomunicaciones.es\/wordpress\/ii-reunion-del-comite-intercentros-de-telyco\/#primaryimage"},"thumbnailUrl":"https:\/\/www.ugtcomunicaciones.es\/wordpress\/wp-content\/uploads\/2022\/10\/telyco-horarios.png","articleSection":["Telyco"],"inLanguage":"es"},{"@type":"WebPage","@id":"https:\/\/www.ugtcomunicaciones.es\/wordpress\/ii-reunion-del-comite-intercentros-de-telyco\/","url":"https:\/\/www.ugtcomunicaciones.es\/wordpress\/ii-reunion-del-comite-intercentros-de-telyco\/","name":"II Reuni\u00f3n del Comit\u00e9 Intercentros de Telyco. - UGT Comunicaciones","isPartOf":{"@id":"https:\/\/www.ugtcomunicaciones.es\/wordpress\/#website"},"primaryImageOfPage":{"@id":"https:\/\/www.ugtcomunicaciones.es\/wordpress\/ii-reunion-del-comite-intercentros-de-telyco\/#primaryimage"},"image":{"@id":"https:\/\/www.ugtcomunicaciones.es\/wordpress\/ii-reunion-del-comite-intercentros-de-telyco\/#primaryimage"},"thumbnailUrl":"https:\/\/www.ugtcomunicaciones.es\/wordpress\/wp-content\/uploads\/2022\/10\/telyco-horarios.png","datePublished":"2022-10-10T08:42:40+00:00","breadcrumb":{"@id":"https:\/\/www.ugtcomunicaciones.es\/wordpress\/ii-reunion-del-comite-intercentros-de-telyco\/#breadcrumb"},"inLanguage":"es","potentialAction":[{"@type":"ReadAction","target":["https:\/\/www.ugtcomunicaciones.es\/wordpress\/ii-reunion-del-comite-intercentros-de-telyco\/"]}]},{"@type":"ImageObject","inLanguage":"es","@id":"https:\/\/www.ugtcomunicaciones.es\/wordpress\/ii-reunion-del-comite-intercentros-de-telyco\/#primaryimage","url":"https:\/\/www.ugtcomunicaciones.es\/wordpress\/wp-content\/uploads\/2022\/10\/telyco-horarios.png","contentUrl":"https:\/\/www.ugtcomunicaciones.es\/wordpress\/wp-content\/uploads\/2022\/10\/telyco-horarios.png","width":940,"height":658,"caption":"Tienda Telyco Horarios"},{"@type":"BreadcrumbList","@id":"https:\/\/www.ugtcomunicaciones.es\/wordpress\/ii-reunion-del-comite-intercentros-de-telyco\/#breadcrumb","itemListElement":[{"@type":"ListItem","position":1,"name":"Portada","item":"https:\/\/www.ugtcomunicaciones.es\/wordpress\/"},{"@type":"ListItem","position":2,"name":"II Reuni\u00f3n del Comit\u00e9 Intercentros de Telyco."}]},{"@type":"WebSite","@id":"https:\/\/www.ugtcomunicaciones.es\/wordpress\/#website","url":"https:\/\/www.ugtcomunicaciones.es\/wordpress\/","name":"UGT Comunicaciones","description":"Sindicato de Telecomunicaciones","publisher":{"@id":"https:\/\/www.ugtcomunicaciones.es\/wordpress\/#organization"},"potentialAction":[{"@type":"SearchAction","target":{"@type":"EntryPoint","urlTemplate":"https:\/\/www.ugtcomunicaciones.es\/wordpress\/?s={search_term_string}"},"query-input":{"@type":"PropertyValueSpecification","valueRequired":true,"valueName":"search_term_string"}}],"inLanguage":"es"},{"@type":"Organization","@id":"https:\/\/www.ugtcomunicaciones.es\/wordpress\/#organization","name":"UGT Comunicaciones","url":"https:\/\/www.ugtcomunicaciones.es\/wordpress\/","logo":{"@type":"ImageObject","inLanguage":"es","@id":"https:\/\/www.ugtcomunicaciones.es\/wordpress\/#\/schema\/logo\/image\/","url":"https:\/\/www.ugtcomunicaciones.es\/wordpress\/wp-content\/uploads\/2024\/04\/comunicaciones_logo.png","contentUrl":"https:\/\/www.ugtcomunicaciones.es\/wordpress\/wp-content\/uploads\/2024\/04\/comunicaciones_logo.png","width":298,"height":81,"caption":"UGT Comunicaciones"},"image":{"@id":"https:\/\/www.ugtcomunicaciones.es\/wordpress\/#\/schema\/logo\/image\/"},"sameAs":["https:\/\/www.facebook.com\/ugt.comunicaciones\/","https:\/\/x.com\/ugtcom"]},{"@type":"Person","@id":"https:\/\/www.ugtcomunicaciones.es\/wordpress\/#\/schema\/person\/eba0fc3fe5b444531d94d4368cba89ed","name":"UGT","image":{"@type":"ImageObject","inLanguage":"es","@id":"https:\/\/secure.gravatar.com\/avatar\/2a16057d620a4c646bcfc171c4f23030879ebbdd346f0525bd5d4a564e57e13d?s=96&d=mm&r=g","url":"https:\/\/secure.gravatar.com\/avatar\/2a16057d620a4c646bcfc171c4f23030879ebbdd346f0525bd5d4a564e57e13d?s=96&d=mm&r=g","contentUrl":"https:\/\/secure.gravatar.com\/avatar\/2a16057d620a4c646bcfc171c4f23030879ebbdd346f0525bd5d4a564e57e13d?s=96&d=mm&r=g","caption":"UGT"}}]}},"_links":{"self":[{"href":"https:\/\/www.ugtcomunicaciones.es\/wordpress\/wp-json\/wp\/v2\/posts\/1057871","targetHints":{"allow":["GET"]}}],"collection":[{"href":"https:\/\/www.ugtcomunicaciones.es\/wordpress\/wp-json\/wp\/v2\/posts"}],"about":[{"href":"https:\/\/www.ugtcomunicaciones.es\/wordpress\/wp-json\/wp\/v2\/types\/post"}],"author":[{"embeddable":true,"href":"https:\/\/www.ugtcomunicaciones.es\/wordpress\/wp-json\/wp\/v2\/users\/3"}],"replies":[{"embeddable":true,"href":"https:\/\/www.ugtcomunicaciones.es\/wordpress\/wp-json\/wp\/v2\/comments?post=1057871"}],"version-history":[{"count":0,"href":"https:\/\/www.ugtcomunicaciones.es\/wordpress\/wp-json\/wp\/v2\/posts\/1057871\/revisions"}],"wp:featuredmedia":[{"embeddable":true,"href":"https:\/\/www.ugtcomunicaciones.es\/wordpress\/wp-json\/wp\/v2\/media\/1057873"}],"wp:attachment":[{"href":"https:\/\/www.ugtcomunicaciones.es\/wordpress\/wp-json\/wp\/v2\/media?parent=1057871"}],"wp:term":[{"taxonomy":"category","embeddable":true,"href":"https:\/\/www.ugtcomunicaciones.es\/wordpress\/wp-json\/wp\/v2\/categories?post=1057871"},{"taxonomy":"post_tag","embeddable":true,"href":"https:\/\/www.ugtcomunicaciones.es\/wordpress\/wp-json\/wp\/v2\/tags?post=1057871"}],"curies":[{"name":"wp","href":"https:\/\/api.w.org\/{rel}","templated":true}]}}