{"id":1057938,"date":"2022-10-31T07:00:59","date_gmt":"2022-10-31T05:00:59","guid":{"rendered":"https:\/\/www.ugtcomunicaciones.es\/wordpress\/?p=1057938"},"modified":"2022-10-26T10:09:04","modified_gmt":"2022-10-26T08:09:04","slug":"ugt-reclama-un-plan-integral-de-politicas-para-acabar-con-el-desequilibrio-de-genero-en-el-empleo-tecnologico","status":"publish","type":"post","link":"https:\/\/www.ugtcomunicaciones.es\/wordpress\/ugt-reclama-un-plan-integral-de-politicas-para-acabar-con-el-desequilibrio-de-genero-en-el-empleo-tecnologico\/","title":{"rendered":"UGT reclama un plan integral de pol\u00edticas para acabar con el desequilibrio de g\u00e9nero en el empleo tecnol\u00f3gico"},"content":{"rendered":"<p style=\"text-align: justify;\">El informe \u201cMujer y Tecnolog\u00eda\u201d confirma que las empresas espa\u00f1olas no son capaces de construir una oferta atractiva para las tecn\u00f3logas.<\/p>\n<p style=\"text-align: justify;\">La Vicesecretaria General de UGT, Cristina Anto\u00f1anzas, el Responsable de Digitalizaci\u00f3n del sindicato, Jos\u00e9 Varela y la Secretaria de Pol\u00edticas Sociales del Sector Comunicaciones y Cultura en Madrid, Susana Romero, han presentado en rueda de prensa el informe sobre\u00a0<a href=\"https:\/\/www.ugt.es\/sites\/default\/files\/220802_no_26_-_mujer_y_tecnologia_edicion_2022_-_resumen_ejecutivo_4.pdf\">\u201cMujer y Tecnolog\u00eda\u201d<\/a>, un documento de an\u00e1lisis sobre la situaci\u00f3n de las mujeres espa\u00f1olas en los \u00e1mbitos tecnol\u00f3gicos que pretende, entre otras cosas, paliar la ins\u00f3lita ausencia de diagn\u00f3sticos oficiales y propuestas de consenso que expliquen y reparen la infrarrepresentaci\u00f3n y fort\u00edsima discriminaci\u00f3n que sufren las mujeres en este \u00e1mbito.<\/p>\n<p><img decoding=\"async\" class=\"aligncenter wp-image-1057940 size-full lazyload\" data-src=\"https:\/\/www.ugtcomunicaciones.es\/wordpress\/wp-content\/uploads\/2022\/10\/UGT-01-1.jpg\" alt=\"\" width=\"664\" height=\"349\" data-srcset=\"https:\/\/www.ugtcomunicaciones.es\/wordpress\/wp-content\/uploads\/2022\/10\/UGT-01-1.jpg 664w, https:\/\/www.ugtcomunicaciones.es\/wordpress\/wp-content\/uploads\/2022\/10\/UGT-01-1-300x158.jpg 300w, https:\/\/www.ugtcomunicaciones.es\/wordpress\/wp-content\/uploads\/2022\/10\/UGT-01-1-640x336.jpg 640w\" data-sizes=\"(max-width: 664px) 100vw, 664px\" src=\"data:image\/svg+xml;base64,PHN2ZyB3aWR0aD0iMSIgaGVpZ2h0PSIxIiB4bWxucz0iaHR0cDovL3d3dy53My5vcmcvMjAwMC9zdmciPjwvc3ZnPg==\" style=\"--smush-placeholder-width: 664px; --smush-placeholder-aspect-ratio: 664\/349;\" \/><\/p>\n<p style=\"text-align: justify;\">Jos\u00e9 Varela ha se\u00f1alado que los datos confirman que las empresas espa\u00f1olas no son capaces de construir una oferta de trabajo atractiva para las tecn\u00f3logas, \u201cpuesto que se les ofrece un salario menor que a sus pares hombres, y, por ejemplo, para los salarios superiores a 2.500 \u20ac, se le ofrece a un 11,2% de f\u00e9minas por un 20,6% de hombres y, en el extremo opuesto, el n\u00famero de ingenieras con un salario inferior a 700 euros en su primer empleo es m\u00e1s de un 6% superior al de hombres\u201d.<\/p>\n<p style=\"text-align: justify;\">Adem\u00e1s, \u201cse ofrece un primer empleo de Direcci\u00f3n a hombres mucho m\u00e1s que a mujeres, dejando para las mujeres trabajos de contables, administrativos o de oficina y las empresas reservan para las ingenieras las peores opciones como los contratos a tiempo parcial, de pr\u00e1cticas, formaci\u00f3n, etc.\u201d ha subrayado.<\/p>\n<p style=\"text-align: justify;\">\u201cCon estas cifras\u201d, ha afirmado, \u201cno es de extra\u00f1ar que un elevado porcentaje de mujeres afirmen sufrir discriminaci\u00f3n por g\u00e9nero y abandonen antes, de media, la carrera profesional. De hecho, el 27% de nuestras j\u00f3venes investigadoras han sufrido discriminaci\u00f3n por g\u00e9nero y casi un 40% de las mujeres en puesto TIC declaran haber sufrido discriminaci\u00f3n en el \u00faltimo a\u00f1o; Adem\u00e1s, para un 86% de las j\u00f3venes tecn\u00f3logas, los permisos por cuidados son una complicaci\u00f3n para desarrollar su carrera\u201d.<\/p>\n<p style=\"text-align: justify;\">Susana Romero ha destacado que \u201clos datos recabados resaltan que \u201cun 63% de las mujeres del sector tecnol\u00f3gico cree que el ecosistema tech est\u00e1 fallando a la hora de brindar igualdad de oportunidades. Por ello, es esencial que las empresas dejen de poner excusas\u00a0 y empiecen a negociar planes de igualdad realmente inclusivos, que cierren la brecha salarial e instauren verdaderas pol\u00edticas de corresponsabilidad\u201d.<\/p>\n<p style=\"text-align: justify;\">Son necesarios planes de igualdad realmente inclusivos y medidas espec\u00edficas para el \u00e1mbito tecnol\u00f3gico<\/p>\n<p style=\"text-align: justify;\">Por todo ello, Cristina Anto\u00f1anzas ha reiterado la necesidad de poner en marcha medidas para equilibrar la presencia de hombres y mujeres en el mundo tecnol\u00f3gico como \u201cincluir en todas las negociaciones colectivas la situaci\u00f3n real de las mujeres en los puestos relacionados con la tecnolog\u00eda para el cierre inmediato de la brecha salarial y permitir una verdadera corresponsabilidad y conciliaci\u00f3n de la vida personal y laboral, tales como el teletrabajo, flexibilidad horaria o permisos igualitarios y de id\u00e9ntica duraci\u00f3n\u201d.<\/p>\n<p style=\"text-align: justify;\">\u201cTambi\u00e9n hay que implementar acciones positivas para equilibrar la proporci\u00f3n de hombres y mujeres reformando los procesos de selecci\u00f3n, haci\u00e9ndolos atractivos y desterrando cualquier viso de discriminaci\u00f3n por g\u00e9nero y, en el \u00e1mbito de la formaci\u00f3n profesional, impulsar la formaci\u00f3n espec\u00edfica para que las mujeres equiparen sus capacidades digitales con sus compa\u00f1eros varones y eliminar la percepci\u00f3n negativa hacia el cambio tecnol\u00f3gico\u201d.<\/p>\n<p style=\"text-align: justify;\">Anto\u00f1anzas ha resaltado que \u201cse debe elaborar un plan integral de pol\u00edticas p\u00fablicas que acaben con este desequilibrio en el \u00e1mbito de la tecnolog\u00eda, como parte integrante de un gran Plan Transversal de Igualdad, que abarque a todos los sectores econ\u00f3micos, industriales y sociales, y que contenga las siguientes medidas\u201d.<\/p>\n<h4 style=\"text-align: right;\"><strong><span style=\"color: #ff0000;\">UGT<\/span> Comunicaciones<\/strong><\/h4>\n","protected":false},"excerpt":{"rendered":"<p>El informe \u201cMujer y Tecnolog\u00eda\u201d confirma que las empresas espa\u00f1olas no son capaces de construir una oferta atractiva para las tecn\u00f3logas. La Vicesecretaria General de UGT, Cristina Anto\u00f1anzas, el Responsable de Digitalizaci\u00f3n del sindicato, Jos\u00e9 Varela y la Secretaria de Pol\u00edticas Sociales del Sector Comunicaciones y Cultura en Madrid, Susana Romero, han presentado en rueda [&hellip;]<\/p>\n","protected":false},"author":3,"featured_media":1057975,"comment_status":"closed","ping_status":"closed","sticky":false,"template":"","format":"standard","meta":{"footnotes":""},"categories":[13,12],"tags":[],"class_list":["post-1057938","post","type-post","status-publish","format-standard","has-post-thumbnail","hentry","category-mercado-comunicaciones","category-regulacion"],"yoast_head":"<!-- This site is optimized with the Yoast SEO Premium plugin v27.3 (Yoast SEO v27.4) - https:\/\/yoast.com\/product\/yoast-seo-premium-wordpress\/ -->\n<title>UGT reclama un plan integral de pol\u00edticas para acabar con el desequilibrio de g\u00e9nero en el empleo tecnol\u00f3gico - UGT Comunicaciones<\/title>\n<meta name=\"robots\" content=\"index, follow, max-snippet:-1, max-image-preview:large, max-video-preview:-1\" \/>\n<link rel=\"canonical\" href=\"https:\/\/www.ugtcomunicaciones.es\/wordpress\/ugt-reclama-un-plan-integral-de-politicas-para-acabar-con-el-desequilibrio-de-genero-en-el-empleo-tecnologico\/\" \/>\n<meta property=\"og:locale\" content=\"es_ES\" \/>\n<meta property=\"og:type\" content=\"article\" \/>\n<meta property=\"og:title\" content=\"UGT reclama un plan integral de pol\u00edticas para acabar con el desequilibrio de g\u00e9nero en el empleo tecnol\u00f3gico\" \/>\n<meta property=\"og:description\" content=\"El informe \u201cMujer y Tecnolog\u00eda\u201d confirma que las empresas espa\u00f1olas no son capaces de construir una oferta atractiva para las tecn\u00f3logas. La Vicesecretaria General de UGT, Cristina Anto\u00f1anzas, el Responsable de Digitalizaci\u00f3n del sindicato, Jos\u00e9 Varela y la Secretaria de Pol\u00edticas Sociales del Sector Comunicaciones y Cultura en Madrid, Susana Romero, han presentado en rueda [&hellip;]\" \/>\n<meta property=\"og:url\" content=\"https:\/\/www.ugtcomunicaciones.es\/wordpress\/ugt-reclama-un-plan-integral-de-politicas-para-acabar-con-el-desequilibrio-de-genero-en-el-empleo-tecnologico\/\" \/>\n<meta property=\"og:site_name\" content=\"UGT Comunicaciones\" \/>\n<meta property=\"article:publisher\" content=\"https:\/\/www.facebook.com\/ugt.comunicaciones\/\" \/>\n<meta property=\"article:published_time\" content=\"2022-10-31T05:00:59+00:00\" \/>\n<meta property=\"og:image\" content=\"https:\/\/www.ugtcomunicaciones.es\/wordpress\/wp-content\/uploads\/2022\/10\/UGT-01-2.jpg\" \/>\n\t<meta property=\"og:image:width\" content=\"664\" \/>\n\t<meta property=\"og:image:height\" content=\"349\" \/>\n\t<meta property=\"og:image:type\" content=\"image\/jpeg\" \/>\n<meta name=\"author\" content=\"UGT\" \/>\n<meta name=\"twitter:card\" content=\"summary_large_image\" \/>\n<meta name=\"twitter:creator\" content=\"@ugtcom\" \/>\n<meta name=\"twitter:site\" content=\"@ugtcom\" \/>\n<meta name=\"twitter:label1\" content=\"Escrito por\" \/>\n\t<meta name=\"twitter:data1\" content=\"UGT\" \/>\n\t<meta name=\"twitter:label2\" content=\"Tiempo de lectura\" \/>\n\t<meta name=\"twitter:data2\" content=\"3 minutos\" \/>\n<script type=\"application\/ld+json\" class=\"yoast-schema-graph\">{\"@context\":\"https:\\\/\\\/schema.org\",\"@graph\":[{\"@type\":\"Article\",\"@id\":\"https:\\\/\\\/www.ugtcomunicaciones.es\\\/wordpress\\\/ugt-reclama-un-plan-integral-de-politicas-para-acabar-con-el-desequilibrio-de-genero-en-el-empleo-tecnologico\\\/#article\",\"isPartOf\":{\"@id\":\"https:\\\/\\\/www.ugtcomunicaciones.es\\\/wordpress\\\/ugt-reclama-un-plan-integral-de-politicas-para-acabar-con-el-desequilibrio-de-genero-en-el-empleo-tecnologico\\\/\"},\"author\":{\"name\":\"UGT\",\"@id\":\"https:\\\/\\\/www.ugtcomunicaciones.es\\\/wordpress\\\/#\\\/schema\\\/person\\\/eba0fc3fe5b444531d94d4368cba89ed\"},\"headline\":\"UGT reclama un plan integral de pol\u00edticas para acabar con el desequilibrio de g\u00e9nero en el empleo tecnol\u00f3gico\",\"datePublished\":\"2022-10-31T05:00:59+00:00\",\"mainEntityOfPage\":{\"@id\":\"https:\\\/\\\/www.ugtcomunicaciones.es\\\/wordpress\\\/ugt-reclama-un-plan-integral-de-politicas-para-acabar-con-el-desequilibrio-de-genero-en-el-empleo-tecnologico\\\/\"},\"wordCount\":676,\"publisher\":{\"@id\":\"https:\\\/\\\/www.ugtcomunicaciones.es\\\/wordpress\\\/#organization\"},\"image\":{\"@id\":\"https:\\\/\\\/www.ugtcomunicaciones.es\\\/wordpress\\\/ugt-reclama-un-plan-integral-de-politicas-para-acabar-con-el-desequilibrio-de-genero-en-el-empleo-tecnologico\\\/#primaryimage\"},\"thumbnailUrl\":\"https:\\\/\\\/www.ugtcomunicaciones.es\\\/wordpress\\\/wp-content\\\/uploads\\\/2022\\\/10\\\/UGT-01-2.jpg\",\"articleSection\":[\"Mercado Comunicaciones\",\"Regulaci\u00f3n\"],\"inLanguage\":\"es\"},{\"@type\":\"WebPage\",\"@id\":\"https:\\\/\\\/www.ugtcomunicaciones.es\\\/wordpress\\\/ugt-reclama-un-plan-integral-de-politicas-para-acabar-con-el-desequilibrio-de-genero-en-el-empleo-tecnologico\\\/\",\"url\":\"https:\\\/\\\/www.ugtcomunicaciones.es\\\/wordpress\\\/ugt-reclama-un-plan-integral-de-politicas-para-acabar-con-el-desequilibrio-de-genero-en-el-empleo-tecnologico\\\/\",\"name\":\"UGT reclama un plan integral de pol\u00edticas para acabar con el desequilibrio de g\u00e9nero en el empleo tecnol\u00f3gico - UGT Comunicaciones\",\"isPartOf\":{\"@id\":\"https:\\\/\\\/www.ugtcomunicaciones.es\\\/wordpress\\\/#website\"},\"primaryImageOfPage\":{\"@id\":\"https:\\\/\\\/www.ugtcomunicaciones.es\\\/wordpress\\\/ugt-reclama-un-plan-integral-de-politicas-para-acabar-con-el-desequilibrio-de-genero-en-el-empleo-tecnologico\\\/#primaryimage\"},\"image\":{\"@id\":\"https:\\\/\\\/www.ugtcomunicaciones.es\\\/wordpress\\\/ugt-reclama-un-plan-integral-de-politicas-para-acabar-con-el-desequilibrio-de-genero-en-el-empleo-tecnologico\\\/#primaryimage\"},\"thumbnailUrl\":\"https:\\\/\\\/www.ugtcomunicaciones.es\\\/wordpress\\\/wp-content\\\/uploads\\\/2022\\\/10\\\/UGT-01-2.jpg\",\"datePublished\":\"2022-10-31T05:00:59+00:00\",\"breadcrumb\":{\"@id\":\"https:\\\/\\\/www.ugtcomunicaciones.es\\\/wordpress\\\/ugt-reclama-un-plan-integral-de-politicas-para-acabar-con-el-desequilibrio-de-genero-en-el-empleo-tecnologico\\\/#breadcrumb\"},\"inLanguage\":\"es\",\"potentialAction\":[{\"@type\":\"ReadAction\",\"target\":[\"https:\\\/\\\/www.ugtcomunicaciones.es\\\/wordpress\\\/ugt-reclama-un-plan-integral-de-politicas-para-acabar-con-el-desequilibrio-de-genero-en-el-empleo-tecnologico\\\/\"]}]},{\"@type\":\"ImageObject\",\"inLanguage\":\"es\",\"@id\":\"https:\\\/\\\/www.ugtcomunicaciones.es\\\/wordpress\\\/ugt-reclama-un-plan-integral-de-politicas-para-acabar-con-el-desequilibrio-de-genero-en-el-empleo-tecnologico\\\/#primaryimage\",\"url\":\"https:\\\/\\\/www.ugtcomunicaciones.es\\\/wordpress\\\/wp-content\\\/uploads\\\/2022\\\/10\\\/UGT-01-2.jpg\",\"contentUrl\":\"https:\\\/\\\/www.ugtcomunicaciones.es\\\/wordpress\\\/wp-content\\\/uploads\\\/2022\\\/10\\\/UGT-01-2.jpg\",\"width\":664,\"height\":349},{\"@type\":\"BreadcrumbList\",\"@id\":\"https:\\\/\\\/www.ugtcomunicaciones.es\\\/wordpress\\\/ugt-reclama-un-plan-integral-de-politicas-para-acabar-con-el-desequilibrio-de-genero-en-el-empleo-tecnologico\\\/#breadcrumb\",\"itemListElement\":[{\"@type\":\"ListItem\",\"position\":1,\"name\":\"Portada\",\"item\":\"https:\\\/\\\/www.ugtcomunicaciones.es\\\/wordpress\\\/\"},{\"@type\":\"ListItem\",\"position\":2,\"name\":\"UGT reclama un plan integral de pol\u00edticas para acabar con el desequilibrio de g\u00e9nero en el empleo tecnol\u00f3gico\"}]},{\"@type\":\"WebSite\",\"@id\":\"https:\\\/\\\/www.ugtcomunicaciones.es\\\/wordpress\\\/#website\",\"url\":\"https:\\\/\\\/www.ugtcomunicaciones.es\\\/wordpress\\\/\",\"name\":\"UGT Comunicaciones\",\"description\":\"Sindicato de Telecomunicaciones\",\"publisher\":{\"@id\":\"https:\\\/\\\/www.ugtcomunicaciones.es\\\/wordpress\\\/#organization\"},\"potentialAction\":[{\"@type\":\"SearchAction\",\"target\":{\"@type\":\"EntryPoint\",\"urlTemplate\":\"https:\\\/\\\/www.ugtcomunicaciones.es\\\/wordpress\\\/?s={search_term_string}\"},\"query-input\":{\"@type\":\"PropertyValueSpecification\",\"valueRequired\":true,\"valueName\":\"search_term_string\"}}],\"inLanguage\":\"es\"},{\"@type\":\"Organization\",\"@id\":\"https:\\\/\\\/www.ugtcomunicaciones.es\\\/wordpress\\\/#organization\",\"name\":\"UGT Comunicaciones\",\"url\":\"https:\\\/\\\/www.ugtcomunicaciones.es\\\/wordpress\\\/\",\"logo\":{\"@type\":\"ImageObject\",\"inLanguage\":\"es\",\"@id\":\"https:\\\/\\\/www.ugtcomunicaciones.es\\\/wordpress\\\/#\\\/schema\\\/logo\\\/image\\\/\",\"url\":\"https:\\\/\\\/www.ugtcomunicaciones.es\\\/wordpress\\\/wp-content\\\/uploads\\\/2024\\\/04\\\/comunicaciones_logo.png\",\"contentUrl\":\"https:\\\/\\\/www.ugtcomunicaciones.es\\\/wordpress\\\/wp-content\\\/uploads\\\/2024\\\/04\\\/comunicaciones_logo.png\",\"width\":298,\"height\":81,\"caption\":\"UGT Comunicaciones\"},\"image\":{\"@id\":\"https:\\\/\\\/www.ugtcomunicaciones.es\\\/wordpress\\\/#\\\/schema\\\/logo\\\/image\\\/\"},\"sameAs\":[\"https:\\\/\\\/www.facebook.com\\\/ugt.comunicaciones\\\/\",\"https:\\\/\\\/x.com\\\/ugtcom\"]},{\"@type\":\"Person\",\"@id\":\"https:\\\/\\\/www.ugtcomunicaciones.es\\\/wordpress\\\/#\\\/schema\\\/person\\\/eba0fc3fe5b444531d94d4368cba89ed\",\"name\":\"UGT\",\"image\":{\"@type\":\"ImageObject\",\"inLanguage\":\"es\",\"@id\":\"https:\\\/\\\/secure.gravatar.com\\\/avatar\\\/2a16057d620a4c646bcfc171c4f23030879ebbdd346f0525bd5d4a564e57e13d?s=96&d=mm&r=g\",\"url\":\"https:\\\/\\\/secure.gravatar.com\\\/avatar\\\/2a16057d620a4c646bcfc171c4f23030879ebbdd346f0525bd5d4a564e57e13d?s=96&d=mm&r=g\",\"contentUrl\":\"https:\\\/\\\/secure.gravatar.com\\\/avatar\\\/2a16057d620a4c646bcfc171c4f23030879ebbdd346f0525bd5d4a564e57e13d?s=96&d=mm&r=g\",\"caption\":\"UGT\"}}]}<\/script>\n<!-- \/ Yoast SEO Premium plugin. -->","yoast_head_json":{"title":"UGT reclama un plan integral de pol\u00edticas para acabar con el desequilibrio de g\u00e9nero en el empleo tecnol\u00f3gico - UGT Comunicaciones","robots":{"index":"index","follow":"follow","max-snippet":"max-snippet:-1","max-image-preview":"max-image-preview:large","max-video-preview":"max-video-preview:-1"},"canonical":"https:\/\/www.ugtcomunicaciones.es\/wordpress\/ugt-reclama-un-plan-integral-de-politicas-para-acabar-con-el-desequilibrio-de-genero-en-el-empleo-tecnologico\/","og_locale":"es_ES","og_type":"article","og_title":"UGT reclama un plan integral de pol\u00edticas para acabar con el desequilibrio de g\u00e9nero en el empleo tecnol\u00f3gico","og_description":"El informe \u201cMujer y Tecnolog\u00eda\u201d confirma que las empresas espa\u00f1olas no son capaces de construir una oferta atractiva para las tecn\u00f3logas. La Vicesecretaria General de UGT, Cristina Anto\u00f1anzas, el Responsable de Digitalizaci\u00f3n del sindicato, Jos\u00e9 Varela y la Secretaria de Pol\u00edticas Sociales del Sector Comunicaciones y Cultura en Madrid, Susana Romero, han presentado en rueda [&hellip;]","og_url":"https:\/\/www.ugtcomunicaciones.es\/wordpress\/ugt-reclama-un-plan-integral-de-politicas-para-acabar-con-el-desequilibrio-de-genero-en-el-empleo-tecnologico\/","og_site_name":"UGT Comunicaciones","article_publisher":"https:\/\/www.facebook.com\/ugt.comunicaciones\/","article_published_time":"2022-10-31T05:00:59+00:00","og_image":[{"width":664,"height":349,"url":"https:\/\/www.ugtcomunicaciones.es\/wordpress\/wp-content\/uploads\/2022\/10\/UGT-01-2.jpg","type":"image\/jpeg"}],"author":"UGT","twitter_card":"summary_large_image","twitter_creator":"@ugtcom","twitter_site":"@ugtcom","twitter_misc":{"Escrito por":"UGT","Tiempo de lectura":"3 minutos"},"schema":{"@context":"https:\/\/schema.org","@graph":[{"@type":"Article","@id":"https:\/\/www.ugtcomunicaciones.es\/wordpress\/ugt-reclama-un-plan-integral-de-politicas-para-acabar-con-el-desequilibrio-de-genero-en-el-empleo-tecnologico\/#article","isPartOf":{"@id":"https:\/\/www.ugtcomunicaciones.es\/wordpress\/ugt-reclama-un-plan-integral-de-politicas-para-acabar-con-el-desequilibrio-de-genero-en-el-empleo-tecnologico\/"},"author":{"name":"UGT","@id":"https:\/\/www.ugtcomunicaciones.es\/wordpress\/#\/schema\/person\/eba0fc3fe5b444531d94d4368cba89ed"},"headline":"UGT reclama un plan integral de pol\u00edticas para acabar con el desequilibrio de g\u00e9nero en el empleo tecnol\u00f3gico","datePublished":"2022-10-31T05:00:59+00:00","mainEntityOfPage":{"@id":"https:\/\/www.ugtcomunicaciones.es\/wordpress\/ugt-reclama-un-plan-integral-de-politicas-para-acabar-con-el-desequilibrio-de-genero-en-el-empleo-tecnologico\/"},"wordCount":676,"publisher":{"@id":"https:\/\/www.ugtcomunicaciones.es\/wordpress\/#organization"},"image":{"@id":"https:\/\/www.ugtcomunicaciones.es\/wordpress\/ugt-reclama-un-plan-integral-de-politicas-para-acabar-con-el-desequilibrio-de-genero-en-el-empleo-tecnologico\/#primaryimage"},"thumbnailUrl":"https:\/\/www.ugtcomunicaciones.es\/wordpress\/wp-content\/uploads\/2022\/10\/UGT-01-2.jpg","articleSection":["Mercado Comunicaciones","Regulaci\u00f3n"],"inLanguage":"es"},{"@type":"WebPage","@id":"https:\/\/www.ugtcomunicaciones.es\/wordpress\/ugt-reclama-un-plan-integral-de-politicas-para-acabar-con-el-desequilibrio-de-genero-en-el-empleo-tecnologico\/","url":"https:\/\/www.ugtcomunicaciones.es\/wordpress\/ugt-reclama-un-plan-integral-de-politicas-para-acabar-con-el-desequilibrio-de-genero-en-el-empleo-tecnologico\/","name":"UGT reclama un plan integral de pol\u00edticas para acabar con el desequilibrio de g\u00e9nero en el empleo tecnol\u00f3gico - UGT Comunicaciones","isPartOf":{"@id":"https:\/\/www.ugtcomunicaciones.es\/wordpress\/#website"},"primaryImageOfPage":{"@id":"https:\/\/www.ugtcomunicaciones.es\/wordpress\/ugt-reclama-un-plan-integral-de-politicas-para-acabar-con-el-desequilibrio-de-genero-en-el-empleo-tecnologico\/#primaryimage"},"image":{"@id":"https:\/\/www.ugtcomunicaciones.es\/wordpress\/ugt-reclama-un-plan-integral-de-politicas-para-acabar-con-el-desequilibrio-de-genero-en-el-empleo-tecnologico\/#primaryimage"},"thumbnailUrl":"https:\/\/www.ugtcomunicaciones.es\/wordpress\/wp-content\/uploads\/2022\/10\/UGT-01-2.jpg","datePublished":"2022-10-31T05:00:59+00:00","breadcrumb":{"@id":"https:\/\/www.ugtcomunicaciones.es\/wordpress\/ugt-reclama-un-plan-integral-de-politicas-para-acabar-con-el-desequilibrio-de-genero-en-el-empleo-tecnologico\/#breadcrumb"},"inLanguage":"es","potentialAction":[{"@type":"ReadAction","target":["https:\/\/www.ugtcomunicaciones.es\/wordpress\/ugt-reclama-un-plan-integral-de-politicas-para-acabar-con-el-desequilibrio-de-genero-en-el-empleo-tecnologico\/"]}]},{"@type":"ImageObject","inLanguage":"es","@id":"https:\/\/www.ugtcomunicaciones.es\/wordpress\/ugt-reclama-un-plan-integral-de-politicas-para-acabar-con-el-desequilibrio-de-genero-en-el-empleo-tecnologico\/#primaryimage","url":"https:\/\/www.ugtcomunicaciones.es\/wordpress\/wp-content\/uploads\/2022\/10\/UGT-01-2.jpg","contentUrl":"https:\/\/www.ugtcomunicaciones.es\/wordpress\/wp-content\/uploads\/2022\/10\/UGT-01-2.jpg","width":664,"height":349},{"@type":"BreadcrumbList","@id":"https:\/\/www.ugtcomunicaciones.es\/wordpress\/ugt-reclama-un-plan-integral-de-politicas-para-acabar-con-el-desequilibrio-de-genero-en-el-empleo-tecnologico\/#breadcrumb","itemListElement":[{"@type":"ListItem","position":1,"name":"Portada","item":"https:\/\/www.ugtcomunicaciones.es\/wordpress\/"},{"@type":"ListItem","position":2,"name":"UGT reclama un plan integral de pol\u00edticas para acabar con el desequilibrio de g\u00e9nero en el empleo tecnol\u00f3gico"}]},{"@type":"WebSite","@id":"https:\/\/www.ugtcomunicaciones.es\/wordpress\/#website","url":"https:\/\/www.ugtcomunicaciones.es\/wordpress\/","name":"UGT Comunicaciones","description":"Sindicato de Telecomunicaciones","publisher":{"@id":"https:\/\/www.ugtcomunicaciones.es\/wordpress\/#organization"},"potentialAction":[{"@type":"SearchAction","target":{"@type":"EntryPoint","urlTemplate":"https:\/\/www.ugtcomunicaciones.es\/wordpress\/?s={search_term_string}"},"query-input":{"@type":"PropertyValueSpecification","valueRequired":true,"valueName":"search_term_string"}}],"inLanguage":"es"},{"@type":"Organization","@id":"https:\/\/www.ugtcomunicaciones.es\/wordpress\/#organization","name":"UGT Comunicaciones","url":"https:\/\/www.ugtcomunicaciones.es\/wordpress\/","logo":{"@type":"ImageObject","inLanguage":"es","@id":"https:\/\/www.ugtcomunicaciones.es\/wordpress\/#\/schema\/logo\/image\/","url":"https:\/\/www.ugtcomunicaciones.es\/wordpress\/wp-content\/uploads\/2024\/04\/comunicaciones_logo.png","contentUrl":"https:\/\/www.ugtcomunicaciones.es\/wordpress\/wp-content\/uploads\/2024\/04\/comunicaciones_logo.png","width":298,"height":81,"caption":"UGT Comunicaciones"},"image":{"@id":"https:\/\/www.ugtcomunicaciones.es\/wordpress\/#\/schema\/logo\/image\/"},"sameAs":["https:\/\/www.facebook.com\/ugt.comunicaciones\/","https:\/\/x.com\/ugtcom"]},{"@type":"Person","@id":"https:\/\/www.ugtcomunicaciones.es\/wordpress\/#\/schema\/person\/eba0fc3fe5b444531d94d4368cba89ed","name":"UGT","image":{"@type":"ImageObject","inLanguage":"es","@id":"https:\/\/secure.gravatar.com\/avatar\/2a16057d620a4c646bcfc171c4f23030879ebbdd346f0525bd5d4a564e57e13d?s=96&d=mm&r=g","url":"https:\/\/secure.gravatar.com\/avatar\/2a16057d620a4c646bcfc171c4f23030879ebbdd346f0525bd5d4a564e57e13d?s=96&d=mm&r=g","contentUrl":"https:\/\/secure.gravatar.com\/avatar\/2a16057d620a4c646bcfc171c4f23030879ebbdd346f0525bd5d4a564e57e13d?s=96&d=mm&r=g","caption":"UGT"}}]}},"_links":{"self":[{"href":"https:\/\/www.ugtcomunicaciones.es\/wordpress\/wp-json\/wp\/v2\/posts\/1057938","targetHints":{"allow":["GET"]}}],"collection":[{"href":"https:\/\/www.ugtcomunicaciones.es\/wordpress\/wp-json\/wp\/v2\/posts"}],"about":[{"href":"https:\/\/www.ugtcomunicaciones.es\/wordpress\/wp-json\/wp\/v2\/types\/post"}],"author":[{"embeddable":true,"href":"https:\/\/www.ugtcomunicaciones.es\/wordpress\/wp-json\/wp\/v2\/users\/3"}],"replies":[{"embeddable":true,"href":"https:\/\/www.ugtcomunicaciones.es\/wordpress\/wp-json\/wp\/v2\/comments?post=1057938"}],"version-history":[{"count":0,"href":"https:\/\/www.ugtcomunicaciones.es\/wordpress\/wp-json\/wp\/v2\/posts\/1057938\/revisions"}],"wp:featuredmedia":[{"embeddable":true,"href":"https:\/\/www.ugtcomunicaciones.es\/wordpress\/wp-json\/wp\/v2\/media\/1057975"}],"wp:attachment":[{"href":"https:\/\/www.ugtcomunicaciones.es\/wordpress\/wp-json\/wp\/v2\/media?parent=1057938"}],"wp:term":[{"taxonomy":"category","embeddable":true,"href":"https:\/\/www.ugtcomunicaciones.es\/wordpress\/wp-json\/wp\/v2\/categories?post=1057938"},{"taxonomy":"post_tag","embeddable":true,"href":"https:\/\/www.ugtcomunicaciones.es\/wordpress\/wp-json\/wp\/v2\/tags?post=1057938"}],"curies":[{"name":"wp","href":"https:\/\/api.w.org\/{rel}","templated":true}]}}