{"id":1058677,"date":"2022-11-15T14:55:41","date_gmt":"2022-11-15T12:55:41","guid":{"rendered":"https:\/\/www.ugtcomunicaciones.es\/wordpress\/?p=1058677"},"modified":"2022-11-15T15:29:46","modified_gmt":"2022-11-15T13:29:46","slug":"ugt-200-contrataciones-discapacidad-telefonica","status":"publish","type":"post","link":"https:\/\/www.ugtcomunicaciones.es\/wordpress\/ugt-200-contrataciones-discapacidad-telefonica\/","title":{"rendered":"UGT acuerda hasta 200 contrataciones para personas con discapacidad en Telef\u00f3nica"},"content":{"rendered":"<h2><strong>Seguimos desarrollando el PSE: UGT acuerda una mayor creaci\u00f3n de empleo para personas con discapacidad<\/strong><\/h2>\n<p style=\"text-align: justify;\"><strong>UGT<\/strong> siempre est\u00e1 comprometida con las personas con discapacidad, y es por ello por lo que a trav\u00e9s de la negociaci\u00f3n colectiva promovemos e impulsamos acuerdos que posibiliten garantizar su acceso al mercado laboral como elemento imprescindible para alcanzar su plena integraci\u00f3n en la sociedad.<\/p>\n<p style=\"text-align: justify;\">Uno de los pilares sobre los que <strong>UGT<\/strong> fundament\u00f3 el <a href=\"https:\/\/www.ugtcomunicaciones.es\/wordpress\/ugt-refrenda-las-condiciones-negociadas-para-la-prorroga-del-cev-pse-y-psi\/\" target=\"_blank\" rel=\"noopener\"><strong>Pacto Social por el Empleo (PSE)<\/strong><\/a> que firmamos hace casi un a\u00f1o era la creaci\u00f3n de empleo, profundizando en nuevos modelos de incorporaci\u00f3n y apostando por la igualdad y la diversidad.<\/p>\n<p style=\"text-align: justify;\">En este sentido, <strong>con el PSE busc\u00e1bamos convertirnos en un referente en inclusi\u00f3n de personas con Capacidades Diferentes, promoviendo su plena integraci\u00f3n en la empresa<\/strong>, por lo que acordamos, entre otras cuestiones, la creaci\u00f3n de vacantes espec\u00edficas dirigidas a las personas con discapacidad.<\/p>\n<p style=\"text-align: justify;\">Pero no solo eso, <strong>desde UGT en la negociaci\u00f3n del PSE instamos a superar la barrera legal y a fijar un m\u00ednimo del 5% de plazas para este colectivo<\/strong>, de cara a conseguir ser una referencia y visibilizar que la sociedad debe apoyar a todos los colectivos que la integran.<\/p>\n<p style=\"text-align: justify;\">En el d\u00eda de hoy, <strong>UGT ha firmado un acuerdo para alcanzar la cifra de hasta 200 contrataciones en el per\u00edmetro <a href=\"https:\/\/www.telefonica.com\/es\/\" target=\"_blank\" rel=\"noopener\">Telef\u00f3nica Espa\u00f1a<\/a> en el periodo 2022-2024 para personas con discapacidad<\/strong>. Este compromiso es adicional a la cifra ya establecida de 400 incorporaciones con foco en talento joven y diverso alcanzado en el texto inicial del PSE.<\/p>\n<p style=\"text-align: justify;\"><strong>UGT<\/strong><strong> considera que este acuerdo es una gran oportunidad para todo el colectivo de personas con discapacidad<\/strong>, que cuenta actualmente, respecto al total en edad laboral, con un 65,98% de personas inactivas y sufre m\u00faltiples obst\u00e1culos a la hora de alcanzar su plena inserci\u00f3n laboral y social.<\/p>\n<p style=\"text-align: justify;\">Para <strong>UGT<\/strong> es fundamental atraer e incorporar talento diverso, por lo que revisaremos que se implemente un plan que garantice la adaptaci\u00f3n del colectivo, apostando por la concienciaci\u00f3n de toda la plantilla.<\/p>\n<p style=\"text-align: justify;\"><strong>UGT<\/strong> <strong>valora positivamente este nuevo acuerdo de creaci\u00f3n de empleo, que es adicional a la creaci\u00f3n de otras 400 oportunidades de empleo para j\u00f3venes. Sin duda, apostar por la igualdad, la diversidad, y la incorporaci\u00f3n de talento joven es el camino por el que UGT apuesta seguir. <\/strong><\/p>\n","protected":false},"excerpt":{"rendered":"<p>Seguimos desarrollando el PSE: UGT acuerda una mayor creaci\u00f3n de empleo para personas con discapacidad UGT siempre est\u00e1 comprometida con las personas con discapacidad, y es por ello por lo que a trav\u00e9s de la negociaci\u00f3n colectiva promovemos e impulsamos acuerdos que posibiliten garantizar su acceso al mercado laboral como elemento imprescindible para alcanzar su [&hellip;]<\/p>\n","protected":false},"author":3,"featured_media":1058697,"comment_status":"closed","ping_status":"closed","sticky":false,"template":"","format":"standard","meta":{"footnotes":""},"categories":[8,25,7,26],"tags":[],"class_list":["post-1058677","post","type-post","status-publish","format-standard","has-post-thumbnail","hentry","category-telefonica-cev","category-telefonica","category-telefonica-moviles","category-telefonica-soluciones"],"yoast_head":"<!-- This site is optimized with the Yoast SEO Premium plugin v27.3 (Yoast SEO v27.4) - https:\/\/yoast.com\/product\/yoast-seo-premium-wordpress\/ -->\n<title>contrataciones telef\u00f3nica discapacidad empleo<\/title>\n<meta name=\"description\" content=\"UGT acuerda una mayor creaci\u00f3n de empleo para hasta 200 personas con discapacidad en Telef\u00f3nica. Seguimos desarrollando el PSE. %\" \/>\n<meta name=\"robots\" content=\"index, follow, max-snippet:-1, max-image-preview:large, max-video-preview:-1\" \/>\n<link rel=\"canonical\" href=\"https:\/\/www.ugtcomunicaciones.es\/wordpress\/ugt-200-contrataciones-discapacidad-telefonica\/\" \/>\n<meta property=\"og:locale\" content=\"es_ES\" \/>\n<meta property=\"og:type\" content=\"article\" \/>\n<meta property=\"og:title\" content=\"UGT acuerda hasta 200 contrataciones para personas con discapacidad en Telef\u00f3nica\" \/>\n<meta property=\"og:description\" content=\"UGT acuerda una mayor creaci\u00f3n de empleo para hasta 200 personas con discapacidad en Telef\u00f3nica. Seguimos desarrollando el PSE. %\" \/>\n<meta property=\"og:url\" content=\"https:\/\/www.ugtcomunicaciones.es\/wordpress\/ugt-200-contrataciones-discapacidad-telefonica\/\" \/>\n<meta property=\"og:site_name\" content=\"UGT Comunicaciones\" \/>\n<meta property=\"article:publisher\" content=\"https:\/\/www.facebook.com\/ugt.comunicaciones\/\" \/>\n<meta property=\"article:published_time\" content=\"2022-11-15T12:55:41+00:00\" \/>\n<meta property=\"article:modified_time\" content=\"2022-11-15T13:29:46+00:00\" \/>\n<meta property=\"og:image\" content=\"https:\/\/www.ugtcomunicaciones.es\/wordpress\/wp-content\/uploads\/2022\/11\/pse-ugt-telefonica.png\" \/>\n\t<meta property=\"og:image:width\" content=\"940\" \/>\n\t<meta property=\"og:image:height\" content=\"788\" \/>\n\t<meta property=\"og:image:type\" content=\"image\/png\" \/>\n<meta name=\"author\" content=\"UGT\" \/>\n<meta name=\"twitter:card\" content=\"summary_large_image\" \/>\n<meta name=\"twitter:creator\" content=\"@ugtcom\" \/>\n<meta name=\"twitter:site\" content=\"@ugtcom\" \/>\n<meta name=\"twitter:label1\" content=\"Escrito por\" \/>\n\t<meta name=\"twitter:data1\" content=\"UGT\" \/>\n\t<meta name=\"twitter:label2\" content=\"Tiempo de lectura\" \/>\n\t<meta name=\"twitter:data2\" content=\"2 minutos\" \/>\n<script type=\"application\/ld+json\" class=\"yoast-schema-graph\">{\"@context\":\"https:\\\/\\\/schema.org\",\"@graph\":[{\"@type\":\"Article\",\"@id\":\"https:\\\/\\\/www.ugtcomunicaciones.es\\\/wordpress\\\/ugt-200-contrataciones-discapacidad-telefonica\\\/#article\",\"isPartOf\":{\"@id\":\"https:\\\/\\\/www.ugtcomunicaciones.es\\\/wordpress\\\/ugt-200-contrataciones-discapacidad-telefonica\\\/\"},\"author\":{\"name\":\"UGT\",\"@id\":\"https:\\\/\\\/www.ugtcomunicaciones.es\\\/wordpress\\\/#\\\/schema\\\/person\\\/eba0fc3fe5b444531d94d4368cba89ed\"},\"headline\":\"UGT acuerda hasta 200 contrataciones para personas con discapacidad en Telef\u00f3nica\",\"datePublished\":\"2022-11-15T12:55:41+00:00\",\"dateModified\":\"2022-11-15T13:29:46+00:00\",\"mainEntityOfPage\":{\"@id\":\"https:\\\/\\\/www.ugtcomunicaciones.es\\\/wordpress\\\/ugt-200-contrataciones-discapacidad-telefonica\\\/\"},\"wordCount\":410,\"publisher\":{\"@id\":\"https:\\\/\\\/www.ugtcomunicaciones.es\\\/wordpress\\\/#organization\"},\"image\":{\"@id\":\"https:\\\/\\\/www.ugtcomunicaciones.es\\\/wordpress\\\/ugt-200-contrataciones-discapacidad-telefonica\\\/#primaryimage\"},\"thumbnailUrl\":\"https:\\\/\\\/www.ugtcomunicaciones.es\\\/wordpress\\\/wp-content\\\/uploads\\\/2022\\\/11\\\/pse-ugt-telefonica.png\",\"articleSection\":[\"Telef\u00f3nica CEV\",\"Telef\u00f3nica de Espa\u00f1a\",\"Telef\u00f3nica M\u00f3viles\",\"Telef\u00f3nica Soluciones\"],\"inLanguage\":\"es\"},{\"@type\":\"WebPage\",\"@id\":\"https:\\\/\\\/www.ugtcomunicaciones.es\\\/wordpress\\\/ugt-200-contrataciones-discapacidad-telefonica\\\/\",\"url\":\"https:\\\/\\\/www.ugtcomunicaciones.es\\\/wordpress\\\/ugt-200-contrataciones-discapacidad-telefonica\\\/\",\"name\":\"contrataciones telef\u00f3nica discapacidad empleo\",\"isPartOf\":{\"@id\":\"https:\\\/\\\/www.ugtcomunicaciones.es\\\/wordpress\\\/#website\"},\"primaryImageOfPage\":{\"@id\":\"https:\\\/\\\/www.ugtcomunicaciones.es\\\/wordpress\\\/ugt-200-contrataciones-discapacidad-telefonica\\\/#primaryimage\"},\"image\":{\"@id\":\"https:\\\/\\\/www.ugtcomunicaciones.es\\\/wordpress\\\/ugt-200-contrataciones-discapacidad-telefonica\\\/#primaryimage\"},\"thumbnailUrl\":\"https:\\\/\\\/www.ugtcomunicaciones.es\\\/wordpress\\\/wp-content\\\/uploads\\\/2022\\\/11\\\/pse-ugt-telefonica.png\",\"datePublished\":\"2022-11-15T12:55:41+00:00\",\"dateModified\":\"2022-11-15T13:29:46+00:00\",\"description\":\"UGT acuerda una mayor creaci\u00f3n de empleo para hasta 200 personas con discapacidad en Telef\u00f3nica. Seguimos desarrollando el PSE. %\",\"breadcrumb\":{\"@id\":\"https:\\\/\\\/www.ugtcomunicaciones.es\\\/wordpress\\\/ugt-200-contrataciones-discapacidad-telefonica\\\/#breadcrumb\"},\"inLanguage\":\"es\",\"potentialAction\":[{\"@type\":\"ReadAction\",\"target\":[\"https:\\\/\\\/www.ugtcomunicaciones.es\\\/wordpress\\\/ugt-200-contrataciones-discapacidad-telefonica\\\/\"]}]},{\"@type\":\"ImageObject\",\"inLanguage\":\"es\",\"@id\":\"https:\\\/\\\/www.ugtcomunicaciones.es\\\/wordpress\\\/ugt-200-contrataciones-discapacidad-telefonica\\\/#primaryimage\",\"url\":\"https:\\\/\\\/www.ugtcomunicaciones.es\\\/wordpress\\\/wp-content\\\/uploads\\\/2022\\\/11\\\/pse-ugt-telefonica.png\",\"contentUrl\":\"https:\\\/\\\/www.ugtcomunicaciones.es\\\/wordpress\\\/wp-content\\\/uploads\\\/2022\\\/11\\\/pse-ugt-telefonica.png\",\"width\":940,\"height\":788,\"caption\":\"discapacitados, telefonica\"},{\"@type\":\"BreadcrumbList\",\"@id\":\"https:\\\/\\\/www.ugtcomunicaciones.es\\\/wordpress\\\/ugt-200-contrataciones-discapacidad-telefonica\\\/#breadcrumb\",\"itemListElement\":[{\"@type\":\"ListItem\",\"position\":1,\"name\":\"Portada\",\"item\":\"https:\\\/\\\/www.ugtcomunicaciones.es\\\/wordpress\\\/\"},{\"@type\":\"ListItem\",\"position\":2,\"name\":\"UGT acuerda hasta 200 contrataciones para personas con discapacidad en Telef\u00f3nica\"}]},{\"@type\":\"WebSite\",\"@id\":\"https:\\\/\\\/www.ugtcomunicaciones.es\\\/wordpress\\\/#website\",\"url\":\"https:\\\/\\\/www.ugtcomunicaciones.es\\\/wordpress\\\/\",\"name\":\"UGT Comunicaciones\",\"description\":\"Sindicato de Telecomunicaciones\",\"publisher\":{\"@id\":\"https:\\\/\\\/www.ugtcomunicaciones.es\\\/wordpress\\\/#organization\"},\"potentialAction\":[{\"@type\":\"SearchAction\",\"target\":{\"@type\":\"EntryPoint\",\"urlTemplate\":\"https:\\\/\\\/www.ugtcomunicaciones.es\\\/wordpress\\\/?s={search_term_string}\"},\"query-input\":{\"@type\":\"PropertyValueSpecification\",\"valueRequired\":true,\"valueName\":\"search_term_string\"}}],\"inLanguage\":\"es\"},{\"@type\":\"Organization\",\"@id\":\"https:\\\/\\\/www.ugtcomunicaciones.es\\\/wordpress\\\/#organization\",\"name\":\"UGT Comunicaciones\",\"url\":\"https:\\\/\\\/www.ugtcomunicaciones.es\\\/wordpress\\\/\",\"logo\":{\"@type\":\"ImageObject\",\"inLanguage\":\"es\",\"@id\":\"https:\\\/\\\/www.ugtcomunicaciones.es\\\/wordpress\\\/#\\\/schema\\\/logo\\\/image\\\/\",\"url\":\"https:\\\/\\\/www.ugtcomunicaciones.es\\\/wordpress\\\/wp-content\\\/uploads\\\/2024\\\/04\\\/comunicaciones_logo.png\",\"contentUrl\":\"https:\\\/\\\/www.ugtcomunicaciones.es\\\/wordpress\\\/wp-content\\\/uploads\\\/2024\\\/04\\\/comunicaciones_logo.png\",\"width\":298,\"height\":81,\"caption\":\"UGT Comunicaciones\"},\"image\":{\"@id\":\"https:\\\/\\\/www.ugtcomunicaciones.es\\\/wordpress\\\/#\\\/schema\\\/logo\\\/image\\\/\"},\"sameAs\":[\"https:\\\/\\\/www.facebook.com\\\/ugt.comunicaciones\\\/\",\"https:\\\/\\\/x.com\\\/ugtcom\"]},{\"@type\":\"Person\",\"@id\":\"https:\\\/\\\/www.ugtcomunicaciones.es\\\/wordpress\\\/#\\\/schema\\\/person\\\/eba0fc3fe5b444531d94d4368cba89ed\",\"name\":\"UGT\",\"image\":{\"@type\":\"ImageObject\",\"inLanguage\":\"es\",\"@id\":\"https:\\\/\\\/secure.gravatar.com\\\/avatar\\\/2a16057d620a4c646bcfc171c4f23030879ebbdd346f0525bd5d4a564e57e13d?s=96&d=mm&r=g\",\"url\":\"https:\\\/\\\/secure.gravatar.com\\\/avatar\\\/2a16057d620a4c646bcfc171c4f23030879ebbdd346f0525bd5d4a564e57e13d?s=96&d=mm&r=g\",\"contentUrl\":\"https:\\\/\\\/secure.gravatar.com\\\/avatar\\\/2a16057d620a4c646bcfc171c4f23030879ebbdd346f0525bd5d4a564e57e13d?s=96&d=mm&r=g\",\"caption\":\"UGT\"}}]}<\/script>\n<!-- \/ Yoast SEO Premium plugin. -->","yoast_head_json":{"title":"contrataciones telef\u00f3nica discapacidad empleo","description":"UGT acuerda una mayor creaci\u00f3n de empleo para hasta 200 personas con discapacidad en Telef\u00f3nica. Seguimos desarrollando el PSE. %","robots":{"index":"index","follow":"follow","max-snippet":"max-snippet:-1","max-image-preview":"max-image-preview:large","max-video-preview":"max-video-preview:-1"},"canonical":"https:\/\/www.ugtcomunicaciones.es\/wordpress\/ugt-200-contrataciones-discapacidad-telefonica\/","og_locale":"es_ES","og_type":"article","og_title":"UGT acuerda hasta 200 contrataciones para personas con discapacidad en Telef\u00f3nica","og_description":"UGT acuerda una mayor creaci\u00f3n de empleo para hasta 200 personas con discapacidad en Telef\u00f3nica. Seguimos desarrollando el PSE. %","og_url":"https:\/\/www.ugtcomunicaciones.es\/wordpress\/ugt-200-contrataciones-discapacidad-telefonica\/","og_site_name":"UGT Comunicaciones","article_publisher":"https:\/\/www.facebook.com\/ugt.comunicaciones\/","article_published_time":"2022-11-15T12:55:41+00:00","article_modified_time":"2022-11-15T13:29:46+00:00","og_image":[{"width":940,"height":788,"url":"https:\/\/www.ugtcomunicaciones.es\/wordpress\/wp-content\/uploads\/2022\/11\/pse-ugt-telefonica.png","type":"image\/png"}],"author":"UGT","twitter_card":"summary_large_image","twitter_creator":"@ugtcom","twitter_site":"@ugtcom","twitter_misc":{"Escrito por":"UGT","Tiempo de lectura":"2 minutos"},"schema":{"@context":"https:\/\/schema.org","@graph":[{"@type":"Article","@id":"https:\/\/www.ugtcomunicaciones.es\/wordpress\/ugt-200-contrataciones-discapacidad-telefonica\/#article","isPartOf":{"@id":"https:\/\/www.ugtcomunicaciones.es\/wordpress\/ugt-200-contrataciones-discapacidad-telefonica\/"},"author":{"name":"UGT","@id":"https:\/\/www.ugtcomunicaciones.es\/wordpress\/#\/schema\/person\/eba0fc3fe5b444531d94d4368cba89ed"},"headline":"UGT acuerda hasta 200 contrataciones para personas con discapacidad en Telef\u00f3nica","datePublished":"2022-11-15T12:55:41+00:00","dateModified":"2022-11-15T13:29:46+00:00","mainEntityOfPage":{"@id":"https:\/\/www.ugtcomunicaciones.es\/wordpress\/ugt-200-contrataciones-discapacidad-telefonica\/"},"wordCount":410,"publisher":{"@id":"https:\/\/www.ugtcomunicaciones.es\/wordpress\/#organization"},"image":{"@id":"https:\/\/www.ugtcomunicaciones.es\/wordpress\/ugt-200-contrataciones-discapacidad-telefonica\/#primaryimage"},"thumbnailUrl":"https:\/\/www.ugtcomunicaciones.es\/wordpress\/wp-content\/uploads\/2022\/11\/pse-ugt-telefonica.png","articleSection":["Telef\u00f3nica CEV","Telef\u00f3nica de Espa\u00f1a","Telef\u00f3nica M\u00f3viles","Telef\u00f3nica Soluciones"],"inLanguage":"es"},{"@type":"WebPage","@id":"https:\/\/www.ugtcomunicaciones.es\/wordpress\/ugt-200-contrataciones-discapacidad-telefonica\/","url":"https:\/\/www.ugtcomunicaciones.es\/wordpress\/ugt-200-contrataciones-discapacidad-telefonica\/","name":"contrataciones telef\u00f3nica discapacidad empleo","isPartOf":{"@id":"https:\/\/www.ugtcomunicaciones.es\/wordpress\/#website"},"primaryImageOfPage":{"@id":"https:\/\/www.ugtcomunicaciones.es\/wordpress\/ugt-200-contrataciones-discapacidad-telefonica\/#primaryimage"},"image":{"@id":"https:\/\/www.ugtcomunicaciones.es\/wordpress\/ugt-200-contrataciones-discapacidad-telefonica\/#primaryimage"},"thumbnailUrl":"https:\/\/www.ugtcomunicaciones.es\/wordpress\/wp-content\/uploads\/2022\/11\/pse-ugt-telefonica.png","datePublished":"2022-11-15T12:55:41+00:00","dateModified":"2022-11-15T13:29:46+00:00","description":"UGT acuerda una mayor creaci\u00f3n de empleo para hasta 200 personas con discapacidad en Telef\u00f3nica. Seguimos desarrollando el PSE. %","breadcrumb":{"@id":"https:\/\/www.ugtcomunicaciones.es\/wordpress\/ugt-200-contrataciones-discapacidad-telefonica\/#breadcrumb"},"inLanguage":"es","potentialAction":[{"@type":"ReadAction","target":["https:\/\/www.ugtcomunicaciones.es\/wordpress\/ugt-200-contrataciones-discapacidad-telefonica\/"]}]},{"@type":"ImageObject","inLanguage":"es","@id":"https:\/\/www.ugtcomunicaciones.es\/wordpress\/ugt-200-contrataciones-discapacidad-telefonica\/#primaryimage","url":"https:\/\/www.ugtcomunicaciones.es\/wordpress\/wp-content\/uploads\/2022\/11\/pse-ugt-telefonica.png","contentUrl":"https:\/\/www.ugtcomunicaciones.es\/wordpress\/wp-content\/uploads\/2022\/11\/pse-ugt-telefonica.png","width":940,"height":788,"caption":"discapacitados, telefonica"},{"@type":"BreadcrumbList","@id":"https:\/\/www.ugtcomunicaciones.es\/wordpress\/ugt-200-contrataciones-discapacidad-telefonica\/#breadcrumb","itemListElement":[{"@type":"ListItem","position":1,"name":"Portada","item":"https:\/\/www.ugtcomunicaciones.es\/wordpress\/"},{"@type":"ListItem","position":2,"name":"UGT acuerda hasta 200 contrataciones para personas con discapacidad en Telef\u00f3nica"}]},{"@type":"WebSite","@id":"https:\/\/www.ugtcomunicaciones.es\/wordpress\/#website","url":"https:\/\/www.ugtcomunicaciones.es\/wordpress\/","name":"UGT Comunicaciones","description":"Sindicato de Telecomunicaciones","publisher":{"@id":"https:\/\/www.ugtcomunicaciones.es\/wordpress\/#organization"},"potentialAction":[{"@type":"SearchAction","target":{"@type":"EntryPoint","urlTemplate":"https:\/\/www.ugtcomunicaciones.es\/wordpress\/?s={search_term_string}"},"query-input":{"@type":"PropertyValueSpecification","valueRequired":true,"valueName":"search_term_string"}}],"inLanguage":"es"},{"@type":"Organization","@id":"https:\/\/www.ugtcomunicaciones.es\/wordpress\/#organization","name":"UGT Comunicaciones","url":"https:\/\/www.ugtcomunicaciones.es\/wordpress\/","logo":{"@type":"ImageObject","inLanguage":"es","@id":"https:\/\/www.ugtcomunicaciones.es\/wordpress\/#\/schema\/logo\/image\/","url":"https:\/\/www.ugtcomunicaciones.es\/wordpress\/wp-content\/uploads\/2024\/04\/comunicaciones_logo.png","contentUrl":"https:\/\/www.ugtcomunicaciones.es\/wordpress\/wp-content\/uploads\/2024\/04\/comunicaciones_logo.png","width":298,"height":81,"caption":"UGT Comunicaciones"},"image":{"@id":"https:\/\/www.ugtcomunicaciones.es\/wordpress\/#\/schema\/logo\/image\/"},"sameAs":["https:\/\/www.facebook.com\/ugt.comunicaciones\/","https:\/\/x.com\/ugtcom"]},{"@type":"Person","@id":"https:\/\/www.ugtcomunicaciones.es\/wordpress\/#\/schema\/person\/eba0fc3fe5b444531d94d4368cba89ed","name":"UGT","image":{"@type":"ImageObject","inLanguage":"es","@id":"https:\/\/secure.gravatar.com\/avatar\/2a16057d620a4c646bcfc171c4f23030879ebbdd346f0525bd5d4a564e57e13d?s=96&d=mm&r=g","url":"https:\/\/secure.gravatar.com\/avatar\/2a16057d620a4c646bcfc171c4f23030879ebbdd346f0525bd5d4a564e57e13d?s=96&d=mm&r=g","contentUrl":"https:\/\/secure.gravatar.com\/avatar\/2a16057d620a4c646bcfc171c4f23030879ebbdd346f0525bd5d4a564e57e13d?s=96&d=mm&r=g","caption":"UGT"}}]}},"_links":{"self":[{"href":"https:\/\/www.ugtcomunicaciones.es\/wordpress\/wp-json\/wp\/v2\/posts\/1058677","targetHints":{"allow":["GET"]}}],"collection":[{"href":"https:\/\/www.ugtcomunicaciones.es\/wordpress\/wp-json\/wp\/v2\/posts"}],"about":[{"href":"https:\/\/www.ugtcomunicaciones.es\/wordpress\/wp-json\/wp\/v2\/types\/post"}],"author":[{"embeddable":true,"href":"https:\/\/www.ugtcomunicaciones.es\/wordpress\/wp-json\/wp\/v2\/users\/3"}],"replies":[{"embeddable":true,"href":"https:\/\/www.ugtcomunicaciones.es\/wordpress\/wp-json\/wp\/v2\/comments?post=1058677"}],"version-history":[{"count":2,"href":"https:\/\/www.ugtcomunicaciones.es\/wordpress\/wp-json\/wp\/v2\/posts\/1058677\/revisions"}],"predecessor-version":[{"id":1058695,"href":"https:\/\/www.ugtcomunicaciones.es\/wordpress\/wp-json\/wp\/v2\/posts\/1058677\/revisions\/1058695"}],"wp:featuredmedia":[{"embeddable":true,"href":"https:\/\/www.ugtcomunicaciones.es\/wordpress\/wp-json\/wp\/v2\/media\/1058697"}],"wp:attachment":[{"href":"https:\/\/www.ugtcomunicaciones.es\/wordpress\/wp-json\/wp\/v2\/media?parent=1058677"}],"wp:term":[{"taxonomy":"category","embeddable":true,"href":"https:\/\/www.ugtcomunicaciones.es\/wordpress\/wp-json\/wp\/v2\/categories?post=1058677"},{"taxonomy":"post_tag","embeddable":true,"href":"https:\/\/www.ugtcomunicaciones.es\/wordpress\/wp-json\/wp\/v2\/tags?post=1058677"}],"curies":[{"name":"wp","href":"https:\/\/api.w.org\/{rel}","templated":true}]}}