{"id":1059506,"date":"2022-12-05T11:14:04","date_gmt":"2022-12-05T09:14:04","guid":{"rendered":"https:\/\/www.ugtcomunicaciones.es\/wordpress\/?p=1059506"},"modified":"2022-12-05T11:14:04","modified_gmt":"2022-12-05T09:14:04","slug":"ayudas-sociales-2023-orange","status":"publish","type":"post","link":"https:\/\/www.ugtcomunicaciones.es\/wordpress\/ayudas-sociales-2023-orange\/","title":{"rendered":"Ayudas sociales 2023 Orange"},"content":{"rendered":"<h2 align=\"justify\">UGT mantiene su compromiso de igualdad de condiciones en las ayudas sociales 2023 <a href=\"http:\/\/www.oranges.es\" target=\"_blank\" rel=\"noopener\">Orange<\/a><\/h2>\n<p align=\"justify\"><strong>UGT<\/strong>\u00a0se reuni\u00f3 con la empresa en las Comisiones de Acci\u00f3n Social de\u00a0<strong>OSP<\/strong>\u00a0y\u00a0<strong>OSFI<\/strong> para hacer balance del presupuesto final de este a\u00f1o y preparar el lanzamiento de las ayudas del a\u00f1o que viene. (ayudas sociales 2023 Orange)<\/p>\n<p align=\"justify\">Queremos insistir en lo que ya hemos repetido hasta la saciedad: las estimaciones presupuestarias que hiciera la empresa en el pasado cuando se separ\u00f3\u00a0<strong>OSFI<\/strong>\u00a0y que, en aras de dotar a esta nueva empresa de un convenio, acordamos, <a href=\"https:\/\/www.ugtcomunicaciones.es\/wordpress\/ayudas-sociales-en-orange\/\" target=\"_blank\" rel=\"noopener\">no pueden obviar el\u00a0<\/a><strong>compromiso ineludible que siempre rode\u00f3 la operaci\u00f3n:<\/strong><\/p>\n<h3 align=\"center\"><strong>OSFI\u00a0tendr\u00e1 las mismas condiciones que\u00a0OSP<\/strong><\/h3>\n<p align=\"justify\">Lo cual indica que en materia de ayudas sociales\u00a0<strong>OSFI\u00a0contar\u00e1 con las mismas ayudas y con los mismos importes.<\/strong><\/p>\n<p align=\"justify\"><strong>Gracias a este posicionamiento de\u00a0UGT\u00a0esto se ha cumplido siempre y la empresa deber\u00e1 asegurar que siga siendo as\u00ed.<\/strong><\/p>\n<p align=\"justify\">El pr\u00f3ximo d\u00eda 16 de diciembre se lanzar\u00e1 en ViveOrange la informaci\u00f3n y recordatorios de las ayudas para el a\u00f1o que viene, aunque os adelantamos las fechas y datos\u00a0<strong>previstos<\/strong>, la confirmaci\u00f3n e importes se decidir\u00e1n una vez cerrado cada plazo:<\/p>\n<ul>\n<li><strong>Personas con hijas\/hijos menores de 3 a\u00f1os<\/strong>: del 13\/01\/23 al 05\/02\/23, en principio se pagar\u00eda en la n\u00f3mina de febrero.<\/li>\n<li><strong>Sanitarias + TDA:<\/strong>\u00a0del 17\/02\/23 al 12\/03\/23, en principio se pagar\u00eda en la n\u00f3mina de mayo.<\/li>\n<li><strong>Sobredotaci\u00f3n<\/strong>: abierta todo el a\u00f1o.<\/li>\n<li><strong>Bachillerato + Celiaqu\u00eda<\/strong>: del 14\/04\/23 al 07\/05\/23 pendiente de presupuesto actualizado tras el abono de las anteriores.<\/li>\n<\/ul>\n","protected":false},"excerpt":{"rendered":"<p>UGT mantiene su compromiso de igualdad de condiciones en las ayudas sociales 2023 Orange UGT\u00a0se reuni\u00f3 con la empresa en las Comisiones de Acci\u00f3n Social de\u00a0OSP\u00a0y\u00a0OSFI para hacer balance del presupuesto final de este a\u00f1o y preparar el lanzamiento de las ayudas del a\u00f1o que viene. (ayudas sociales 2023 Orange) Queremos insistir en lo que [&hellip;]<\/p>\n","protected":false},"author":3,"featured_media":1059508,"comment_status":"closed","ping_status":"closed","sticky":false,"template":"","format":"standard","meta":{"footnotes":""},"categories":[35,36],"tags":[],"class_list":["post-1059506","post","type-post","status-publish","format-standard","has-post-thumbnail","hentry","category-orange","category-orange_espagne"],"yoast_head":"<!-- This site is optimized with the Yoast SEO Premium plugin v27.3 (Yoast SEO v27.4) - https:\/\/yoast.com\/product\/yoast-seo-premium-wordpress\/ -->\n<title>Ayudas sociales 2023 Orange - UGT Comunicaciones<\/title>\n<meta name=\"description\" content=\"Gracias a UGT habr\u00e1 ayudas sociales 2023 Orange para todos los colectivos de las empresas del grupo Orange en Espa\u00f1a.\" \/>\n<meta name=\"robots\" content=\"index, follow, max-snippet:-1, max-image-preview:large, max-video-preview:-1\" \/>\n<link rel=\"canonical\" href=\"https:\/\/www.ugtcomunicaciones.es\/wordpress\/ayudas-sociales-2023-orange\/\" \/>\n<meta property=\"og:locale\" content=\"es_ES\" \/>\n<meta property=\"og:type\" content=\"article\" \/>\n<meta property=\"og:title\" content=\"Ayudas sociales 2023 Orange\" \/>\n<meta property=\"og:description\" content=\"Gracias a UGT habr\u00e1 ayudas sociales 2023 Orange para todos los colectivos de las empresas del grupo Orange en Espa\u00f1a.\" \/>\n<meta property=\"og:url\" content=\"https:\/\/www.ugtcomunicaciones.es\/wordpress\/ayudas-sociales-2023-orange\/\" \/>\n<meta property=\"og:site_name\" content=\"UGT Comunicaciones\" \/>\n<meta property=\"article:publisher\" content=\"https:\/\/www.facebook.com\/ugt.comunicaciones\/\" \/>\n<meta property=\"article:published_time\" content=\"2022-12-05T09:14:04+00:00\" \/>\n<meta property=\"og:image\" content=\"https:\/\/www.ugtcomunicaciones.es\/wordpress\/wp-content\/uploads\/2022\/12\/ayudas_sociales.png\" \/>\n\t<meta property=\"og:image:width\" content=\"640\" \/>\n\t<meta property=\"og:image:height\" content=\"613\" \/>\n\t<meta property=\"og:image:type\" content=\"image\/png\" \/>\n<meta name=\"author\" content=\"UGT\" \/>\n<meta name=\"twitter:card\" content=\"summary_large_image\" \/>\n<meta name=\"twitter:creator\" content=\"@ugtcom\" \/>\n<meta name=\"twitter:site\" content=\"@ugtcom\" \/>\n<meta name=\"twitter:label1\" content=\"Escrito por\" \/>\n\t<meta name=\"twitter:data1\" content=\"UGT\" \/>\n\t<meta name=\"twitter:label2\" content=\"Tiempo de lectura\" \/>\n\t<meta name=\"twitter:data2\" content=\"1 minuto\" \/>\n<script type=\"application\/ld+json\" class=\"yoast-schema-graph\">{\"@context\":\"https:\\\/\\\/schema.org\",\"@graph\":[{\"@type\":\"Article\",\"@id\":\"https:\\\/\\\/www.ugtcomunicaciones.es\\\/wordpress\\\/ayudas-sociales-2023-orange\\\/#article\",\"isPartOf\":{\"@id\":\"https:\\\/\\\/www.ugtcomunicaciones.es\\\/wordpress\\\/ayudas-sociales-2023-orange\\\/\"},\"author\":{\"name\":\"UGT\",\"@id\":\"https:\\\/\\\/www.ugtcomunicaciones.es\\\/wordpress\\\/#\\\/schema\\\/person\\\/eba0fc3fe5b444531d94d4368cba89ed\"},\"headline\":\"Ayudas sociales 2023 Orange\",\"datePublished\":\"2022-12-05T09:14:04+00:00\",\"mainEntityOfPage\":{\"@id\":\"https:\\\/\\\/www.ugtcomunicaciones.es\\\/wordpress\\\/ayudas-sociales-2023-orange\\\/\"},\"wordCount\":260,\"publisher\":{\"@id\":\"https:\\\/\\\/www.ugtcomunicaciones.es\\\/wordpress\\\/#organization\"},\"image\":{\"@id\":\"https:\\\/\\\/www.ugtcomunicaciones.es\\\/wordpress\\\/ayudas-sociales-2023-orange\\\/#primaryimage\"},\"thumbnailUrl\":\"https:\\\/\\\/www.ugtcomunicaciones.es\\\/wordpress\\\/wp-content\\\/uploads\\\/2022\\\/12\\\/ayudas_sociales.png\",\"articleSection\":[\"Grupo MasOrange\",\"Orange Espa\u00f1a\"],\"inLanguage\":\"es\"},{\"@type\":\"WebPage\",\"@id\":\"https:\\\/\\\/www.ugtcomunicaciones.es\\\/wordpress\\\/ayudas-sociales-2023-orange\\\/\",\"url\":\"https:\\\/\\\/www.ugtcomunicaciones.es\\\/wordpress\\\/ayudas-sociales-2023-orange\\\/\",\"name\":\"Ayudas sociales 2023 Orange - UGT Comunicaciones\",\"isPartOf\":{\"@id\":\"https:\\\/\\\/www.ugtcomunicaciones.es\\\/wordpress\\\/#website\"},\"primaryImageOfPage\":{\"@id\":\"https:\\\/\\\/www.ugtcomunicaciones.es\\\/wordpress\\\/ayudas-sociales-2023-orange\\\/#primaryimage\"},\"image\":{\"@id\":\"https:\\\/\\\/www.ugtcomunicaciones.es\\\/wordpress\\\/ayudas-sociales-2023-orange\\\/#primaryimage\"},\"thumbnailUrl\":\"https:\\\/\\\/www.ugtcomunicaciones.es\\\/wordpress\\\/wp-content\\\/uploads\\\/2022\\\/12\\\/ayudas_sociales.png\",\"datePublished\":\"2022-12-05T09:14:04+00:00\",\"description\":\"Gracias a UGT habr\u00e1 ayudas sociales 2023 Orange para todos los colectivos de las empresas del grupo Orange en Espa\u00f1a.\",\"breadcrumb\":{\"@id\":\"https:\\\/\\\/www.ugtcomunicaciones.es\\\/wordpress\\\/ayudas-sociales-2023-orange\\\/#breadcrumb\"},\"inLanguage\":\"es\",\"potentialAction\":[{\"@type\":\"ReadAction\",\"target\":[\"https:\\\/\\\/www.ugtcomunicaciones.es\\\/wordpress\\\/ayudas-sociales-2023-orange\\\/\"]}]},{\"@type\":\"ImageObject\",\"inLanguage\":\"es\",\"@id\":\"https:\\\/\\\/www.ugtcomunicaciones.es\\\/wordpress\\\/ayudas-sociales-2023-orange\\\/#primaryimage\",\"url\":\"https:\\\/\\\/www.ugtcomunicaciones.es\\\/wordpress\\\/wp-content\\\/uploads\\\/2022\\\/12\\\/ayudas_sociales.png\",\"contentUrl\":\"https:\\\/\\\/www.ugtcomunicaciones.es\\\/wordpress\\\/wp-content\\\/uploads\\\/2022\\\/12\\\/ayudas_sociales.png\",\"width\":640,\"height\":613,\"caption\":\"ayudas sociales 2023 Orange\"},{\"@type\":\"BreadcrumbList\",\"@id\":\"https:\\\/\\\/www.ugtcomunicaciones.es\\\/wordpress\\\/ayudas-sociales-2023-orange\\\/#breadcrumb\",\"itemListElement\":[{\"@type\":\"ListItem\",\"position\":1,\"name\":\"Portada\",\"item\":\"https:\\\/\\\/www.ugtcomunicaciones.es\\\/wordpress\\\/\"},{\"@type\":\"ListItem\",\"position\":2,\"name\":\"Ayudas sociales 2023 Orange\"}]},{\"@type\":\"WebSite\",\"@id\":\"https:\\\/\\\/www.ugtcomunicaciones.es\\\/wordpress\\\/#website\",\"url\":\"https:\\\/\\\/www.ugtcomunicaciones.es\\\/wordpress\\\/\",\"name\":\"UGT Comunicaciones\",\"description\":\"Sindicato de Telecomunicaciones\",\"publisher\":{\"@id\":\"https:\\\/\\\/www.ugtcomunicaciones.es\\\/wordpress\\\/#organization\"},\"potentialAction\":[{\"@type\":\"SearchAction\",\"target\":{\"@type\":\"EntryPoint\",\"urlTemplate\":\"https:\\\/\\\/www.ugtcomunicaciones.es\\\/wordpress\\\/?s={search_term_string}\"},\"query-input\":{\"@type\":\"PropertyValueSpecification\",\"valueRequired\":true,\"valueName\":\"search_term_string\"}}],\"inLanguage\":\"es\"},{\"@type\":\"Organization\",\"@id\":\"https:\\\/\\\/www.ugtcomunicaciones.es\\\/wordpress\\\/#organization\",\"name\":\"UGT Comunicaciones\",\"url\":\"https:\\\/\\\/www.ugtcomunicaciones.es\\\/wordpress\\\/\",\"logo\":{\"@type\":\"ImageObject\",\"inLanguage\":\"es\",\"@id\":\"https:\\\/\\\/www.ugtcomunicaciones.es\\\/wordpress\\\/#\\\/schema\\\/logo\\\/image\\\/\",\"url\":\"https:\\\/\\\/www.ugtcomunicaciones.es\\\/wordpress\\\/wp-content\\\/uploads\\\/2024\\\/04\\\/comunicaciones_logo.png\",\"contentUrl\":\"https:\\\/\\\/www.ugtcomunicaciones.es\\\/wordpress\\\/wp-content\\\/uploads\\\/2024\\\/04\\\/comunicaciones_logo.png\",\"width\":298,\"height\":81,\"caption\":\"UGT Comunicaciones\"},\"image\":{\"@id\":\"https:\\\/\\\/www.ugtcomunicaciones.es\\\/wordpress\\\/#\\\/schema\\\/logo\\\/image\\\/\"},\"sameAs\":[\"https:\\\/\\\/www.facebook.com\\\/ugt.comunicaciones\\\/\",\"https:\\\/\\\/x.com\\\/ugtcom\"]},{\"@type\":\"Person\",\"@id\":\"https:\\\/\\\/www.ugtcomunicaciones.es\\\/wordpress\\\/#\\\/schema\\\/person\\\/eba0fc3fe5b444531d94d4368cba89ed\",\"name\":\"UGT\",\"image\":{\"@type\":\"ImageObject\",\"inLanguage\":\"es\",\"@id\":\"https:\\\/\\\/secure.gravatar.com\\\/avatar\\\/2a16057d620a4c646bcfc171c4f23030879ebbdd346f0525bd5d4a564e57e13d?s=96&d=mm&r=g\",\"url\":\"https:\\\/\\\/secure.gravatar.com\\\/avatar\\\/2a16057d620a4c646bcfc171c4f23030879ebbdd346f0525bd5d4a564e57e13d?s=96&d=mm&r=g\",\"contentUrl\":\"https:\\\/\\\/secure.gravatar.com\\\/avatar\\\/2a16057d620a4c646bcfc171c4f23030879ebbdd346f0525bd5d4a564e57e13d?s=96&d=mm&r=g\",\"caption\":\"UGT\"}}]}<\/script>\n<!-- \/ Yoast SEO Premium plugin. -->","yoast_head_json":{"title":"Ayudas sociales 2023 Orange - UGT Comunicaciones","description":"Gracias a UGT habr\u00e1 ayudas sociales 2023 Orange para todos los colectivos de las empresas del grupo Orange en Espa\u00f1a.","robots":{"index":"index","follow":"follow","max-snippet":"max-snippet:-1","max-image-preview":"max-image-preview:large","max-video-preview":"max-video-preview:-1"},"canonical":"https:\/\/www.ugtcomunicaciones.es\/wordpress\/ayudas-sociales-2023-orange\/","og_locale":"es_ES","og_type":"article","og_title":"Ayudas sociales 2023 Orange","og_description":"Gracias a UGT habr\u00e1 ayudas sociales 2023 Orange para todos los colectivos de las empresas del grupo Orange en Espa\u00f1a.","og_url":"https:\/\/www.ugtcomunicaciones.es\/wordpress\/ayudas-sociales-2023-orange\/","og_site_name":"UGT Comunicaciones","article_publisher":"https:\/\/www.facebook.com\/ugt.comunicaciones\/","article_published_time":"2022-12-05T09:14:04+00:00","og_image":[{"width":640,"height":613,"url":"https:\/\/www.ugtcomunicaciones.es\/wordpress\/wp-content\/uploads\/2022\/12\/ayudas_sociales.png","type":"image\/png"}],"author":"UGT","twitter_card":"summary_large_image","twitter_creator":"@ugtcom","twitter_site":"@ugtcom","twitter_misc":{"Escrito por":"UGT","Tiempo de lectura":"1 minuto"},"schema":{"@context":"https:\/\/schema.org","@graph":[{"@type":"Article","@id":"https:\/\/www.ugtcomunicaciones.es\/wordpress\/ayudas-sociales-2023-orange\/#article","isPartOf":{"@id":"https:\/\/www.ugtcomunicaciones.es\/wordpress\/ayudas-sociales-2023-orange\/"},"author":{"name":"UGT","@id":"https:\/\/www.ugtcomunicaciones.es\/wordpress\/#\/schema\/person\/eba0fc3fe5b444531d94d4368cba89ed"},"headline":"Ayudas sociales 2023 Orange","datePublished":"2022-12-05T09:14:04+00:00","mainEntityOfPage":{"@id":"https:\/\/www.ugtcomunicaciones.es\/wordpress\/ayudas-sociales-2023-orange\/"},"wordCount":260,"publisher":{"@id":"https:\/\/www.ugtcomunicaciones.es\/wordpress\/#organization"},"image":{"@id":"https:\/\/www.ugtcomunicaciones.es\/wordpress\/ayudas-sociales-2023-orange\/#primaryimage"},"thumbnailUrl":"https:\/\/www.ugtcomunicaciones.es\/wordpress\/wp-content\/uploads\/2022\/12\/ayudas_sociales.png","articleSection":["Grupo MasOrange","Orange Espa\u00f1a"],"inLanguage":"es"},{"@type":"WebPage","@id":"https:\/\/www.ugtcomunicaciones.es\/wordpress\/ayudas-sociales-2023-orange\/","url":"https:\/\/www.ugtcomunicaciones.es\/wordpress\/ayudas-sociales-2023-orange\/","name":"Ayudas sociales 2023 Orange - UGT Comunicaciones","isPartOf":{"@id":"https:\/\/www.ugtcomunicaciones.es\/wordpress\/#website"},"primaryImageOfPage":{"@id":"https:\/\/www.ugtcomunicaciones.es\/wordpress\/ayudas-sociales-2023-orange\/#primaryimage"},"image":{"@id":"https:\/\/www.ugtcomunicaciones.es\/wordpress\/ayudas-sociales-2023-orange\/#primaryimage"},"thumbnailUrl":"https:\/\/www.ugtcomunicaciones.es\/wordpress\/wp-content\/uploads\/2022\/12\/ayudas_sociales.png","datePublished":"2022-12-05T09:14:04+00:00","description":"Gracias a UGT habr\u00e1 ayudas sociales 2023 Orange para todos los colectivos de las empresas del grupo Orange en Espa\u00f1a.","breadcrumb":{"@id":"https:\/\/www.ugtcomunicaciones.es\/wordpress\/ayudas-sociales-2023-orange\/#breadcrumb"},"inLanguage":"es","potentialAction":[{"@type":"ReadAction","target":["https:\/\/www.ugtcomunicaciones.es\/wordpress\/ayudas-sociales-2023-orange\/"]}]},{"@type":"ImageObject","inLanguage":"es","@id":"https:\/\/www.ugtcomunicaciones.es\/wordpress\/ayudas-sociales-2023-orange\/#primaryimage","url":"https:\/\/www.ugtcomunicaciones.es\/wordpress\/wp-content\/uploads\/2022\/12\/ayudas_sociales.png","contentUrl":"https:\/\/www.ugtcomunicaciones.es\/wordpress\/wp-content\/uploads\/2022\/12\/ayudas_sociales.png","width":640,"height":613,"caption":"ayudas sociales 2023 Orange"},{"@type":"BreadcrumbList","@id":"https:\/\/www.ugtcomunicaciones.es\/wordpress\/ayudas-sociales-2023-orange\/#breadcrumb","itemListElement":[{"@type":"ListItem","position":1,"name":"Portada","item":"https:\/\/www.ugtcomunicaciones.es\/wordpress\/"},{"@type":"ListItem","position":2,"name":"Ayudas sociales 2023 Orange"}]},{"@type":"WebSite","@id":"https:\/\/www.ugtcomunicaciones.es\/wordpress\/#website","url":"https:\/\/www.ugtcomunicaciones.es\/wordpress\/","name":"UGT Comunicaciones","description":"Sindicato de Telecomunicaciones","publisher":{"@id":"https:\/\/www.ugtcomunicaciones.es\/wordpress\/#organization"},"potentialAction":[{"@type":"SearchAction","target":{"@type":"EntryPoint","urlTemplate":"https:\/\/www.ugtcomunicaciones.es\/wordpress\/?s={search_term_string}"},"query-input":{"@type":"PropertyValueSpecification","valueRequired":true,"valueName":"search_term_string"}}],"inLanguage":"es"},{"@type":"Organization","@id":"https:\/\/www.ugtcomunicaciones.es\/wordpress\/#organization","name":"UGT Comunicaciones","url":"https:\/\/www.ugtcomunicaciones.es\/wordpress\/","logo":{"@type":"ImageObject","inLanguage":"es","@id":"https:\/\/www.ugtcomunicaciones.es\/wordpress\/#\/schema\/logo\/image\/","url":"https:\/\/www.ugtcomunicaciones.es\/wordpress\/wp-content\/uploads\/2024\/04\/comunicaciones_logo.png","contentUrl":"https:\/\/www.ugtcomunicaciones.es\/wordpress\/wp-content\/uploads\/2024\/04\/comunicaciones_logo.png","width":298,"height":81,"caption":"UGT Comunicaciones"},"image":{"@id":"https:\/\/www.ugtcomunicaciones.es\/wordpress\/#\/schema\/logo\/image\/"},"sameAs":["https:\/\/www.facebook.com\/ugt.comunicaciones\/","https:\/\/x.com\/ugtcom"]},{"@type":"Person","@id":"https:\/\/www.ugtcomunicaciones.es\/wordpress\/#\/schema\/person\/eba0fc3fe5b444531d94d4368cba89ed","name":"UGT","image":{"@type":"ImageObject","inLanguage":"es","@id":"https:\/\/secure.gravatar.com\/avatar\/2a16057d620a4c646bcfc171c4f23030879ebbdd346f0525bd5d4a564e57e13d?s=96&d=mm&r=g","url":"https:\/\/secure.gravatar.com\/avatar\/2a16057d620a4c646bcfc171c4f23030879ebbdd346f0525bd5d4a564e57e13d?s=96&d=mm&r=g","contentUrl":"https:\/\/secure.gravatar.com\/avatar\/2a16057d620a4c646bcfc171c4f23030879ebbdd346f0525bd5d4a564e57e13d?s=96&d=mm&r=g","caption":"UGT"}}]}},"_links":{"self":[{"href":"https:\/\/www.ugtcomunicaciones.es\/wordpress\/wp-json\/wp\/v2\/posts\/1059506","targetHints":{"allow":["GET"]}}],"collection":[{"href":"https:\/\/www.ugtcomunicaciones.es\/wordpress\/wp-json\/wp\/v2\/posts"}],"about":[{"href":"https:\/\/www.ugtcomunicaciones.es\/wordpress\/wp-json\/wp\/v2\/types\/post"}],"author":[{"embeddable":true,"href":"https:\/\/www.ugtcomunicaciones.es\/wordpress\/wp-json\/wp\/v2\/users\/3"}],"replies":[{"embeddable":true,"href":"https:\/\/www.ugtcomunicaciones.es\/wordpress\/wp-json\/wp\/v2\/comments?post=1059506"}],"version-history":[{"count":1,"href":"https:\/\/www.ugtcomunicaciones.es\/wordpress\/wp-json\/wp\/v2\/posts\/1059506\/revisions"}],"predecessor-version":[{"id":1059520,"href":"https:\/\/www.ugtcomunicaciones.es\/wordpress\/wp-json\/wp\/v2\/posts\/1059506\/revisions\/1059520"}],"wp:featuredmedia":[{"embeddable":true,"href":"https:\/\/www.ugtcomunicaciones.es\/wordpress\/wp-json\/wp\/v2\/media\/1059508"}],"wp:attachment":[{"href":"https:\/\/www.ugtcomunicaciones.es\/wordpress\/wp-json\/wp\/v2\/media?parent=1059506"}],"wp:term":[{"taxonomy":"category","embeddable":true,"href":"https:\/\/www.ugtcomunicaciones.es\/wordpress\/wp-json\/wp\/v2\/categories?post=1059506"},{"taxonomy":"post_tag","embeddable":true,"href":"https:\/\/www.ugtcomunicaciones.es\/wordpress\/wp-json\/wp\/v2\/tags?post=1059506"}],"curies":[{"name":"wp","href":"https:\/\/api.w.org\/{rel}","templated":true}]}}