{"id":1061117,"date":"2023-01-23T07:00:04","date_gmt":"2023-01-23T05:00:04","guid":{"rendered":"https:\/\/www.ugtcomunicaciones.es\/wordpress\/?p=1061117"},"modified":"2023-01-10T12:15:33","modified_gmt":"2023-01-10T10:15:33","slug":"espana-y-las-tic","status":"publish","type":"post","link":"https:\/\/www.ugtcomunicaciones.es\/wordpress\/espana-y-las-tic\/","title":{"rendered":"Espa\u00f1a y las TIC 2T2022 (II): la fibra llega a la mitad de los hogares de las poblaciones peque\u00f1as"},"content":{"rendered":"<p style=\"text-align: justify;\">Segunda parte de la an\u00e1lisis de la nueva oleada del Panel de Hogares de la <a href=\"https:\/\/www.cnmc.es\/\" target=\"_blank\" rel=\"noopener\">CNMC<\/a> sobre uso y penetraci\u00f3n de las <a href=\"https:\/\/www.ugtcomunicaciones.es\/wordpress\/mercado-telecos-octubre-2022\/\" target=\"_blank\" rel=\"noopener\">TIC<\/a>. Si en la anterior parte se comparti\u00f3 el indicador que corresponde al porcentaje de individuos que usan Internet, esta vez le toca el turno a otros cuatro par\u00e1metros b\u00e1sicos: hogares con telefon\u00eda fija, con Internet, con telefon\u00eda m\u00f3vil y con TV de pago.<\/p>\n<h2 style=\"text-align: justify;\">Entre los aspectos m\u00e1s llamativos: que la telefon\u00eda fija repunta ligeramente (algo que no pasaba desde 2017); que la telefon\u00eda m\u00f3vil ya llega al 99% de los hogares; que la penetraci\u00f3n de Internet aumenta casi un punto (hasta el 93%) y que cada vez se est\u00e1 m\u00e1s cerca de que la mitad de los hogares tengan TV de pago.<\/h2>\n<p style=\"text-align: center;\"><strong>Disponibilidad de servicios de comunicaciones electr\u00f3nicas (porcentaje de hogares)<\/strong><\/p>\n<p><img decoding=\"async\" class=\"aligncenter wp-image-1061120 size-full lazyload\" data-src=\"https:\/\/www.ugtcomunicaciones.es\/wordpress\/wp-content\/uploads\/2023\/01\/TIC-01.jpg\" alt=\"\" width=\"643\" height=\"480\" data-srcset=\"https:\/\/www.ugtcomunicaciones.es\/wordpress\/wp-content\/uploads\/2023\/01\/TIC-01.jpg 643w, https:\/\/www.ugtcomunicaciones.es\/wordpress\/wp-content\/uploads\/2023\/01\/TIC-01-300x224.jpg 300w, https:\/\/www.ugtcomunicaciones.es\/wordpress\/wp-content\/uploads\/2023\/01\/TIC-01-563x420.jpg 563w, https:\/\/www.ugtcomunicaciones.es\/wordpress\/wp-content\/uploads\/2023\/01\/TIC-01-80x60.jpg 80w, https:\/\/www.ugtcomunicaciones.es\/wordpress\/wp-content\/uploads\/2023\/01\/TIC-01-100x75.jpg 100w, https:\/\/www.ugtcomunicaciones.es\/wordpress\/wp-content\/uploads\/2023\/01\/TIC-01-180x135.jpg 180w, https:\/\/www.ugtcomunicaciones.es\/wordpress\/wp-content\/uploads\/2023\/01\/TIC-01-238x178.jpg 238w, https:\/\/www.ugtcomunicaciones.es\/wordpress\/wp-content\/uploads\/2023\/01\/TIC-01-265x198.jpg 265w, https:\/\/www.ugtcomunicaciones.es\/wordpress\/wp-content\/uploads\/2023\/01\/TIC-01-640x478.jpg 640w\" data-sizes=\"(max-width: 643px) 100vw, 643px\" src=\"data:image\/svg+xml;base64,PHN2ZyB3aWR0aD0iMSIgaGVpZ2h0PSIxIiB4bWxucz0iaHR0cDovL3d3dy53My5vcmcvMjAwMC9zdmciPjwvc3ZnPg==\" style=\"--smush-placeholder-width: 643px; --smush-placeholder-aspect-ratio: 643\/480;\" \/><\/p>\n<p style=\"text-align: justify;\">Pero como siempre, estos crecimientos difieren mucho por el tama\u00f1o de la poblaci\u00f3n. Como ya hemos apuntado en infinidad de veces, a mayor n\u00facleo poblacional, mayor es la penetraci\u00f3n de los servicios de telecomunicaciones:<\/p>\n<p style=\"text-align: center;\"><strong>Disponibilidad de servicios de comunicaciones electr\u00f3nicas seg\u00fan poblaci\u00f3n del municipio (porcentaje de hogares)<\/strong><\/p>\n<p><img decoding=\"async\" class=\"aligncenter wp-image-1061123 size-full lazyload\" data-src=\"https:\/\/www.ugtcomunicaciones.es\/wordpress\/wp-content\/uploads\/2023\/01\/TIC-02.jpg\" alt=\"\" width=\"643\" height=\"425\" data-srcset=\"https:\/\/www.ugtcomunicaciones.es\/wordpress\/wp-content\/uploads\/2023\/01\/TIC-02.jpg 643w, https:\/\/www.ugtcomunicaciones.es\/wordpress\/wp-content\/uploads\/2023\/01\/TIC-02-300x198.jpg 300w, https:\/\/www.ugtcomunicaciones.es\/wordpress\/wp-content\/uploads\/2023\/01\/TIC-02-635x420.jpg 635w, https:\/\/www.ugtcomunicaciones.es\/wordpress\/wp-content\/uploads\/2023\/01\/TIC-02-640x423.jpg 640w\" data-sizes=\"(max-width: 643px) 100vw, 643px\" src=\"data:image\/svg+xml;base64,PHN2ZyB3aWR0aD0iMSIgaGVpZ2h0PSIxIiB4bWxucz0iaHR0cDovL3d3dy53My5vcmcvMjAwMC9zdmciPjwvc3ZnPg==\" style=\"--smush-placeholder-width: 643px; --smush-placeholder-aspect-ratio: 643\/425;\" \/><\/p>\n<p style=\"text-align: justify;\">Y del mismo modo, se nota el despliegue de fibra, aunque poco a poco va llegando a los lugares m\u00e1s deshabitados:<strong>\u00a0<\/strong><\/p>\n<p style=\"text-align: center;\"><strong>Tipos de banda ancha fija seg\u00fan poblaci\u00f3n del municipio (porcentaje de hogares)<\/strong><\/p>\n<p><img decoding=\"async\" class=\"aligncenter wp-image-1061122 size-full lazyload\" data-src=\"https:\/\/www.ugtcomunicaciones.es\/wordpress\/wp-content\/uploads\/2023\/01\/TIC-03.jpg\" alt=\"\" width=\"642\" height=\"283\" data-srcset=\"https:\/\/www.ugtcomunicaciones.es\/wordpress\/wp-content\/uploads\/2023\/01\/TIC-03.jpg 642w, https:\/\/www.ugtcomunicaciones.es\/wordpress\/wp-content\/uploads\/2023\/01\/TIC-03-300x132.jpg 300w, https:\/\/www.ugtcomunicaciones.es\/wordpress\/wp-content\/uploads\/2023\/01\/TIC-03-640x283.jpg 640w\" data-sizes=\"(max-width: 642px) 100vw, 642px\" src=\"data:image\/svg+xml;base64,PHN2ZyB3aWR0aD0iMSIgaGVpZ2h0PSIxIiB4bWxucz0iaHR0cDovL3d3dy53My5vcmcvMjAwMC9zdmciPjwvc3ZnPg==\" style=\"--smush-placeholder-width: 642px; --smush-placeholder-aspect-ratio: 642\/283;\" \/><\/p>\n<p style=\"text-align: justify;\">El regulador tambi\u00e9n indaga en el equipamiento tech que tenemos en nuestros hogares y llega a conclusiones francamente interesantes: el 63% ya tiene una Smart TV, otro 57% una Tablet y casi un 21% un altavoz inteligente, aunque \u00e9ste \u00faltimo se ve superado por las TV box (Chromecast, Fire Stick, etc), que est\u00e1 en el 29% de las casas:<\/p>\n<p style=\"text-align: center;\"><strong>Disponibilidad de equipamientos tecnol\u00f3gicos (porcentaje de\u00a0 hogares)<\/strong><\/p>\n<p><img decoding=\"async\" class=\"aligncenter wp-image-1061121 size-full lazyload\" data-src=\"https:\/\/www.ugtcomunicaciones.es\/wordpress\/wp-content\/uploads\/2023\/01\/TIC-04.jpg\" alt=\"\" width=\"616\" height=\"226\" data-srcset=\"https:\/\/www.ugtcomunicaciones.es\/wordpress\/wp-content\/uploads\/2023\/01\/TIC-04.jpg 616w, https:\/\/www.ugtcomunicaciones.es\/wordpress\/wp-content\/uploads\/2023\/01\/TIC-04-300x110.jpg 300w\" data-sizes=\"(max-width: 616px) 100vw, 616px\" src=\"data:image\/svg+xml;base64,PHN2ZyB3aWR0aD0iMSIgaGVpZ2h0PSIxIiB4bWxucz0iaHR0cDovL3d3dy53My5vcmcvMjAwMC9zdmciPjwvc3ZnPg==\" style=\"--smush-placeholder-width: 616px; --smush-placeholder-aspect-ratio: 616\/226;\" \/><\/p>\n<h4 style=\"text-align: right;\"><strong><span style=\"color: #ff0000;\">UGT<\/span> Comunicaciones<\/strong><\/h4>\n","protected":false},"excerpt":{"rendered":"<p>Segunda parte de la an\u00e1lisis de la nueva oleada del Panel de Hogares de la CNMC sobre uso y penetraci\u00f3n de las TIC. Si en la anterior parte se comparti\u00f3 el indicador que corresponde al porcentaje de individuos que usan Internet, esta vez le toca el turno a otros cuatro par\u00e1metros b\u00e1sicos: hogares con telefon\u00eda [&hellip;]<\/p>\n","protected":false},"author":3,"featured_media":1061145,"comment_status":"closed","ping_status":"closed","sticky":false,"template":"","format":"standard","meta":{"footnotes":""},"categories":[13,12],"tags":[],"class_list":["post-1061117","post","type-post","status-publish","format-standard","has-post-thumbnail","hentry","category-mercado-comunicaciones","category-regulacion"],"yoast_head":"<!-- This site is optimized with the Yoast SEO Premium plugin v27.3 (Yoast SEO v27.4) - https:\/\/yoast.com\/product\/yoast-seo-premium-wordpress\/ -->\n<title>Espa\u00f1a y las TIC 2T2022 (II): la fibra llega a la mitad de los hogares de las poblaciones peque\u00f1as - UGT Comunicaciones<\/title>\n<meta name=\"description\" content=\"cuatro par\u00e1metros b\u00e1sicos: hogares con telefon\u00eda fija, con Internet, con telefon\u00eda m\u00f3vil y con TV de pago.\" \/>\n<meta name=\"robots\" content=\"index, follow, max-snippet:-1, max-image-preview:large, max-video-preview:-1\" \/>\n<link rel=\"canonical\" href=\"https:\/\/www.ugtcomunicaciones.es\/wordpress\/espana-y-las-tic\/\" \/>\n<meta property=\"og:locale\" content=\"es_ES\" \/>\n<meta property=\"og:type\" content=\"article\" \/>\n<meta property=\"og:title\" content=\"Espa\u00f1a y las TIC 2T2022 (II): la fibra llega a la mitad de los hogares de las poblaciones peque\u00f1as\" \/>\n<meta property=\"og:description\" content=\"cuatro par\u00e1metros b\u00e1sicos: hogares con telefon\u00eda fija, con Internet, con telefon\u00eda m\u00f3vil y con TV de pago.\" \/>\n<meta property=\"og:url\" content=\"https:\/\/www.ugtcomunicaciones.es\/wordpress\/espana-y-las-tic\/\" \/>\n<meta property=\"og:site_name\" content=\"UGT Comunicaciones\" \/>\n<meta property=\"article:publisher\" content=\"https:\/\/www.facebook.com\/ugt.comunicaciones\/\" \/>\n<meta property=\"article:published_time\" content=\"2023-01-23T05:00:04+00:00\" \/>\n<meta property=\"og:image\" content=\"https:\/\/www.ugtcomunicaciones.es\/wordpress\/wp-content\/uploads\/2023\/01\/TIC-05.jpg\" \/>\n\t<meta property=\"og:image:width\" content=\"600\" \/>\n\t<meta property=\"og:image:height\" content=\"400\" \/>\n\t<meta property=\"og:image:type\" content=\"image\/jpeg\" \/>\n<meta name=\"author\" content=\"UGT\" \/>\n<meta name=\"twitter:card\" content=\"summary_large_image\" \/>\n<meta name=\"twitter:creator\" content=\"@ugtcom\" \/>\n<meta name=\"twitter:site\" content=\"@ugtcom\" \/>\n<meta name=\"twitter:label1\" content=\"Escrito por\" \/>\n\t<meta name=\"twitter:data1\" content=\"UGT\" \/>\n\t<meta name=\"twitter:label2\" content=\"Tiempo de lectura\" \/>\n\t<meta name=\"twitter:data2\" content=\"3 minutos\" \/>\n<script type=\"application\/ld+json\" class=\"yoast-schema-graph\">{\"@context\":\"https:\\\/\\\/schema.org\",\"@graph\":[{\"@type\":\"Article\",\"@id\":\"https:\\\/\\\/www.ugtcomunicaciones.es\\\/wordpress\\\/espana-y-las-tic\\\/#article\",\"isPartOf\":{\"@id\":\"https:\\\/\\\/www.ugtcomunicaciones.es\\\/wordpress\\\/espana-y-las-tic\\\/\"},\"author\":{\"name\":\"UGT\",\"@id\":\"https:\\\/\\\/www.ugtcomunicaciones.es\\\/wordpress\\\/#\\\/schema\\\/person\\\/eba0fc3fe5b444531d94d4368cba89ed\"},\"headline\":\"Espa\u00f1a y las TIC 2T2022 (II): la fibra llega a la mitad de los hogares de las poblaciones peque\u00f1as\",\"datePublished\":\"2023-01-23T05:00:04+00:00\",\"mainEntityOfPage\":{\"@id\":\"https:\\\/\\\/www.ugtcomunicaciones.es\\\/wordpress\\\/espana-y-las-tic\\\/\"},\"wordCount\":322,\"publisher\":{\"@id\":\"https:\\\/\\\/www.ugtcomunicaciones.es\\\/wordpress\\\/#organization\"},\"image\":{\"@id\":\"https:\\\/\\\/www.ugtcomunicaciones.es\\\/wordpress\\\/espana-y-las-tic\\\/#primaryimage\"},\"thumbnailUrl\":\"https:\\\/\\\/www.ugtcomunicaciones.es\\\/wordpress\\\/wp-content\\\/uploads\\\/2023\\\/01\\\/TIC-05.jpg\",\"articleSection\":[\"Mercado Comunicaciones\",\"Regulaci\u00f3n\"],\"inLanguage\":\"es\"},{\"@type\":\"WebPage\",\"@id\":\"https:\\\/\\\/www.ugtcomunicaciones.es\\\/wordpress\\\/espana-y-las-tic\\\/\",\"url\":\"https:\\\/\\\/www.ugtcomunicaciones.es\\\/wordpress\\\/espana-y-las-tic\\\/\",\"name\":\"Espa\u00f1a y las TIC 2T2022 (II): la fibra llega a la mitad de los hogares de las poblaciones peque\u00f1as - UGT Comunicaciones\",\"isPartOf\":{\"@id\":\"https:\\\/\\\/www.ugtcomunicaciones.es\\\/wordpress\\\/#website\"},\"primaryImageOfPage\":{\"@id\":\"https:\\\/\\\/www.ugtcomunicaciones.es\\\/wordpress\\\/espana-y-las-tic\\\/#primaryimage\"},\"image\":{\"@id\":\"https:\\\/\\\/www.ugtcomunicaciones.es\\\/wordpress\\\/espana-y-las-tic\\\/#primaryimage\"},\"thumbnailUrl\":\"https:\\\/\\\/www.ugtcomunicaciones.es\\\/wordpress\\\/wp-content\\\/uploads\\\/2023\\\/01\\\/TIC-05.jpg\",\"datePublished\":\"2023-01-23T05:00:04+00:00\",\"description\":\"cuatro par\u00e1metros b\u00e1sicos: hogares con telefon\u00eda fija, con Internet, con telefon\u00eda m\u00f3vil y con TV de pago.\",\"breadcrumb\":{\"@id\":\"https:\\\/\\\/www.ugtcomunicaciones.es\\\/wordpress\\\/espana-y-las-tic\\\/#breadcrumb\"},\"inLanguage\":\"es\",\"potentialAction\":[{\"@type\":\"ReadAction\",\"target\":[\"https:\\\/\\\/www.ugtcomunicaciones.es\\\/wordpress\\\/espana-y-las-tic\\\/\"]}]},{\"@type\":\"ImageObject\",\"inLanguage\":\"es\",\"@id\":\"https:\\\/\\\/www.ugtcomunicaciones.es\\\/wordpress\\\/espana-y-las-tic\\\/#primaryimage\",\"url\":\"https:\\\/\\\/www.ugtcomunicaciones.es\\\/wordpress\\\/wp-content\\\/uploads\\\/2023\\\/01\\\/TIC-05.jpg\",\"contentUrl\":\"https:\\\/\\\/www.ugtcomunicaciones.es\\\/wordpress\\\/wp-content\\\/uploads\\\/2023\\\/01\\\/TIC-05.jpg\",\"width\":600,\"height\":400,\"caption\":\"European telecommunication network connected over Europe, France, Germany, UK, Italy, concept about internet and global communication technology for finance, blockchain or IoT, elements from NASA (https:\\\/\\\/eoimages.gsfc.nasa.gov\\\/images\\\/imagerecords\\\/57000\\\/57752\\\/land_shallow_topo_2048.jpg)\"},{\"@type\":\"BreadcrumbList\",\"@id\":\"https:\\\/\\\/www.ugtcomunicaciones.es\\\/wordpress\\\/espana-y-las-tic\\\/#breadcrumb\",\"itemListElement\":[{\"@type\":\"ListItem\",\"position\":1,\"name\":\"Portada\",\"item\":\"https:\\\/\\\/www.ugtcomunicaciones.es\\\/wordpress\\\/\"},{\"@type\":\"ListItem\",\"position\":2,\"name\":\"Espa\u00f1a y las TIC 2T2022 (II): la fibra llega a la mitad de los hogares de las poblaciones peque\u00f1as\"}]},{\"@type\":\"WebSite\",\"@id\":\"https:\\\/\\\/www.ugtcomunicaciones.es\\\/wordpress\\\/#website\",\"url\":\"https:\\\/\\\/www.ugtcomunicaciones.es\\\/wordpress\\\/\",\"name\":\"UGT Comunicaciones\",\"description\":\"Sindicato de Telecomunicaciones\",\"publisher\":{\"@id\":\"https:\\\/\\\/www.ugtcomunicaciones.es\\\/wordpress\\\/#organization\"},\"potentialAction\":[{\"@type\":\"SearchAction\",\"target\":{\"@type\":\"EntryPoint\",\"urlTemplate\":\"https:\\\/\\\/www.ugtcomunicaciones.es\\\/wordpress\\\/?s={search_term_string}\"},\"query-input\":{\"@type\":\"PropertyValueSpecification\",\"valueRequired\":true,\"valueName\":\"search_term_string\"}}],\"inLanguage\":\"es\"},{\"@type\":\"Organization\",\"@id\":\"https:\\\/\\\/www.ugtcomunicaciones.es\\\/wordpress\\\/#organization\",\"name\":\"UGT Comunicaciones\",\"url\":\"https:\\\/\\\/www.ugtcomunicaciones.es\\\/wordpress\\\/\",\"logo\":{\"@type\":\"ImageObject\",\"inLanguage\":\"es\",\"@id\":\"https:\\\/\\\/www.ugtcomunicaciones.es\\\/wordpress\\\/#\\\/schema\\\/logo\\\/image\\\/\",\"url\":\"https:\\\/\\\/www.ugtcomunicaciones.es\\\/wordpress\\\/wp-content\\\/uploads\\\/2024\\\/04\\\/comunicaciones_logo.png\",\"contentUrl\":\"https:\\\/\\\/www.ugtcomunicaciones.es\\\/wordpress\\\/wp-content\\\/uploads\\\/2024\\\/04\\\/comunicaciones_logo.png\",\"width\":298,\"height\":81,\"caption\":\"UGT Comunicaciones\"},\"image\":{\"@id\":\"https:\\\/\\\/www.ugtcomunicaciones.es\\\/wordpress\\\/#\\\/schema\\\/logo\\\/image\\\/\"},\"sameAs\":[\"https:\\\/\\\/www.facebook.com\\\/ugt.comunicaciones\\\/\",\"https:\\\/\\\/x.com\\\/ugtcom\"]},{\"@type\":\"Person\",\"@id\":\"https:\\\/\\\/www.ugtcomunicaciones.es\\\/wordpress\\\/#\\\/schema\\\/person\\\/eba0fc3fe5b444531d94d4368cba89ed\",\"name\":\"UGT\",\"image\":{\"@type\":\"ImageObject\",\"inLanguage\":\"es\",\"@id\":\"https:\\\/\\\/secure.gravatar.com\\\/avatar\\\/2a16057d620a4c646bcfc171c4f23030879ebbdd346f0525bd5d4a564e57e13d?s=96&d=mm&r=g\",\"url\":\"https:\\\/\\\/secure.gravatar.com\\\/avatar\\\/2a16057d620a4c646bcfc171c4f23030879ebbdd346f0525bd5d4a564e57e13d?s=96&d=mm&r=g\",\"contentUrl\":\"https:\\\/\\\/secure.gravatar.com\\\/avatar\\\/2a16057d620a4c646bcfc171c4f23030879ebbdd346f0525bd5d4a564e57e13d?s=96&d=mm&r=g\",\"caption\":\"UGT\"}}]}<\/script>\n<!-- \/ Yoast SEO Premium plugin. -->","yoast_head_json":{"title":"Espa\u00f1a y las TIC 2T2022 (II): la fibra llega a la mitad de los hogares de las poblaciones peque\u00f1as - UGT Comunicaciones","description":"cuatro par\u00e1metros b\u00e1sicos: hogares con telefon\u00eda fija, con Internet, con telefon\u00eda m\u00f3vil y con TV de pago.","robots":{"index":"index","follow":"follow","max-snippet":"max-snippet:-1","max-image-preview":"max-image-preview:large","max-video-preview":"max-video-preview:-1"},"canonical":"https:\/\/www.ugtcomunicaciones.es\/wordpress\/espana-y-las-tic\/","og_locale":"es_ES","og_type":"article","og_title":"Espa\u00f1a y las TIC 2T2022 (II): la fibra llega a la mitad de los hogares de las poblaciones peque\u00f1as","og_description":"cuatro par\u00e1metros b\u00e1sicos: hogares con telefon\u00eda fija, con Internet, con telefon\u00eda m\u00f3vil y con TV de pago.","og_url":"https:\/\/www.ugtcomunicaciones.es\/wordpress\/espana-y-las-tic\/","og_site_name":"UGT Comunicaciones","article_publisher":"https:\/\/www.facebook.com\/ugt.comunicaciones\/","article_published_time":"2023-01-23T05:00:04+00:00","og_image":[{"width":600,"height":400,"url":"https:\/\/www.ugtcomunicaciones.es\/wordpress\/wp-content\/uploads\/2023\/01\/TIC-05.jpg","type":"image\/jpeg"}],"author":"UGT","twitter_card":"summary_large_image","twitter_creator":"@ugtcom","twitter_site":"@ugtcom","twitter_misc":{"Escrito por":"UGT","Tiempo de lectura":"3 minutos"},"schema":{"@context":"https:\/\/schema.org","@graph":[{"@type":"Article","@id":"https:\/\/www.ugtcomunicaciones.es\/wordpress\/espana-y-las-tic\/#article","isPartOf":{"@id":"https:\/\/www.ugtcomunicaciones.es\/wordpress\/espana-y-las-tic\/"},"author":{"name":"UGT","@id":"https:\/\/www.ugtcomunicaciones.es\/wordpress\/#\/schema\/person\/eba0fc3fe5b444531d94d4368cba89ed"},"headline":"Espa\u00f1a y las TIC 2T2022 (II): la fibra llega a la mitad de los hogares de las poblaciones peque\u00f1as","datePublished":"2023-01-23T05:00:04+00:00","mainEntityOfPage":{"@id":"https:\/\/www.ugtcomunicaciones.es\/wordpress\/espana-y-las-tic\/"},"wordCount":322,"publisher":{"@id":"https:\/\/www.ugtcomunicaciones.es\/wordpress\/#organization"},"image":{"@id":"https:\/\/www.ugtcomunicaciones.es\/wordpress\/espana-y-las-tic\/#primaryimage"},"thumbnailUrl":"https:\/\/www.ugtcomunicaciones.es\/wordpress\/wp-content\/uploads\/2023\/01\/TIC-05.jpg","articleSection":["Mercado Comunicaciones","Regulaci\u00f3n"],"inLanguage":"es"},{"@type":"WebPage","@id":"https:\/\/www.ugtcomunicaciones.es\/wordpress\/espana-y-las-tic\/","url":"https:\/\/www.ugtcomunicaciones.es\/wordpress\/espana-y-las-tic\/","name":"Espa\u00f1a y las TIC 2T2022 (II): la fibra llega a la mitad de los hogares de las poblaciones peque\u00f1as - UGT Comunicaciones","isPartOf":{"@id":"https:\/\/www.ugtcomunicaciones.es\/wordpress\/#website"},"primaryImageOfPage":{"@id":"https:\/\/www.ugtcomunicaciones.es\/wordpress\/espana-y-las-tic\/#primaryimage"},"image":{"@id":"https:\/\/www.ugtcomunicaciones.es\/wordpress\/espana-y-las-tic\/#primaryimage"},"thumbnailUrl":"https:\/\/www.ugtcomunicaciones.es\/wordpress\/wp-content\/uploads\/2023\/01\/TIC-05.jpg","datePublished":"2023-01-23T05:00:04+00:00","description":"cuatro par\u00e1metros b\u00e1sicos: hogares con telefon\u00eda fija, con Internet, con telefon\u00eda m\u00f3vil y con TV de pago.","breadcrumb":{"@id":"https:\/\/www.ugtcomunicaciones.es\/wordpress\/espana-y-las-tic\/#breadcrumb"},"inLanguage":"es","potentialAction":[{"@type":"ReadAction","target":["https:\/\/www.ugtcomunicaciones.es\/wordpress\/espana-y-las-tic\/"]}]},{"@type":"ImageObject","inLanguage":"es","@id":"https:\/\/www.ugtcomunicaciones.es\/wordpress\/espana-y-las-tic\/#primaryimage","url":"https:\/\/www.ugtcomunicaciones.es\/wordpress\/wp-content\/uploads\/2023\/01\/TIC-05.jpg","contentUrl":"https:\/\/www.ugtcomunicaciones.es\/wordpress\/wp-content\/uploads\/2023\/01\/TIC-05.jpg","width":600,"height":400,"caption":"European telecommunication network connected over Europe, France, Germany, UK, Italy, concept about internet and global communication technology for finance, blockchain or IoT, elements from NASA (https:\/\/eoimages.gsfc.nasa.gov\/images\/imagerecords\/57000\/57752\/land_shallow_topo_2048.jpg)"},{"@type":"BreadcrumbList","@id":"https:\/\/www.ugtcomunicaciones.es\/wordpress\/espana-y-las-tic\/#breadcrumb","itemListElement":[{"@type":"ListItem","position":1,"name":"Portada","item":"https:\/\/www.ugtcomunicaciones.es\/wordpress\/"},{"@type":"ListItem","position":2,"name":"Espa\u00f1a y las TIC 2T2022 (II): la fibra llega a la mitad de los hogares de las poblaciones peque\u00f1as"}]},{"@type":"WebSite","@id":"https:\/\/www.ugtcomunicaciones.es\/wordpress\/#website","url":"https:\/\/www.ugtcomunicaciones.es\/wordpress\/","name":"UGT Comunicaciones","description":"Sindicato de Telecomunicaciones","publisher":{"@id":"https:\/\/www.ugtcomunicaciones.es\/wordpress\/#organization"},"potentialAction":[{"@type":"SearchAction","target":{"@type":"EntryPoint","urlTemplate":"https:\/\/www.ugtcomunicaciones.es\/wordpress\/?s={search_term_string}"},"query-input":{"@type":"PropertyValueSpecification","valueRequired":true,"valueName":"search_term_string"}}],"inLanguage":"es"},{"@type":"Organization","@id":"https:\/\/www.ugtcomunicaciones.es\/wordpress\/#organization","name":"UGT Comunicaciones","url":"https:\/\/www.ugtcomunicaciones.es\/wordpress\/","logo":{"@type":"ImageObject","inLanguage":"es","@id":"https:\/\/www.ugtcomunicaciones.es\/wordpress\/#\/schema\/logo\/image\/","url":"https:\/\/www.ugtcomunicaciones.es\/wordpress\/wp-content\/uploads\/2024\/04\/comunicaciones_logo.png","contentUrl":"https:\/\/www.ugtcomunicaciones.es\/wordpress\/wp-content\/uploads\/2024\/04\/comunicaciones_logo.png","width":298,"height":81,"caption":"UGT Comunicaciones"},"image":{"@id":"https:\/\/www.ugtcomunicaciones.es\/wordpress\/#\/schema\/logo\/image\/"},"sameAs":["https:\/\/www.facebook.com\/ugt.comunicaciones\/","https:\/\/x.com\/ugtcom"]},{"@type":"Person","@id":"https:\/\/www.ugtcomunicaciones.es\/wordpress\/#\/schema\/person\/eba0fc3fe5b444531d94d4368cba89ed","name":"UGT","image":{"@type":"ImageObject","inLanguage":"es","@id":"https:\/\/secure.gravatar.com\/avatar\/2a16057d620a4c646bcfc171c4f23030879ebbdd346f0525bd5d4a564e57e13d?s=96&d=mm&r=g","url":"https:\/\/secure.gravatar.com\/avatar\/2a16057d620a4c646bcfc171c4f23030879ebbdd346f0525bd5d4a564e57e13d?s=96&d=mm&r=g","contentUrl":"https:\/\/secure.gravatar.com\/avatar\/2a16057d620a4c646bcfc171c4f23030879ebbdd346f0525bd5d4a564e57e13d?s=96&d=mm&r=g","caption":"UGT"}}]}},"_links":{"self":[{"href":"https:\/\/www.ugtcomunicaciones.es\/wordpress\/wp-json\/wp\/v2\/posts\/1061117","targetHints":{"allow":["GET"]}}],"collection":[{"href":"https:\/\/www.ugtcomunicaciones.es\/wordpress\/wp-json\/wp\/v2\/posts"}],"about":[{"href":"https:\/\/www.ugtcomunicaciones.es\/wordpress\/wp-json\/wp\/v2\/types\/post"}],"author":[{"embeddable":true,"href":"https:\/\/www.ugtcomunicaciones.es\/wordpress\/wp-json\/wp\/v2\/users\/3"}],"replies":[{"embeddable":true,"href":"https:\/\/www.ugtcomunicaciones.es\/wordpress\/wp-json\/wp\/v2\/comments?post=1061117"}],"version-history":[{"count":2,"href":"https:\/\/www.ugtcomunicaciones.es\/wordpress\/wp-json\/wp\/v2\/posts\/1061117\/revisions"}],"predecessor-version":[{"id":1061132,"href":"https:\/\/www.ugtcomunicaciones.es\/wordpress\/wp-json\/wp\/v2\/posts\/1061117\/revisions\/1061132"}],"wp:featuredmedia":[{"embeddable":true,"href":"https:\/\/www.ugtcomunicaciones.es\/wordpress\/wp-json\/wp\/v2\/media\/1061145"}],"wp:attachment":[{"href":"https:\/\/www.ugtcomunicaciones.es\/wordpress\/wp-json\/wp\/v2\/media?parent=1061117"}],"wp:term":[{"taxonomy":"category","embeddable":true,"href":"https:\/\/www.ugtcomunicaciones.es\/wordpress\/wp-json\/wp\/v2\/categories?post=1061117"},{"taxonomy":"post_tag","embeddable":true,"href":"https:\/\/www.ugtcomunicaciones.es\/wordpress\/wp-json\/wp\/v2\/tags?post=1061117"}],"curies":[{"name":"wp","href":"https:\/\/api.w.org\/{rel}","templated":true}]}}