{"id":1061348,"date":"2023-01-13T13:20:34","date_gmt":"2023-01-13T11:20:34","guid":{"rendered":"https:\/\/www.ugtcomunicaciones.es\/wordpress\/?p=1061348"},"modified":"2023-01-13T14:52:10","modified_gmt":"2023-01-13T12:52:10","slug":"resultados-encuestas-riesgos-psicosociales-comercial-punto-de-venta-telyco","status":"publish","type":"post","link":"https:\/\/www.ugtcomunicaciones.es\/wordpress\/resultados-encuestas-riesgos-psicosociales-comercial-punto-de-venta-telyco\/","title":{"rendered":"Resultados encuestas riesgos psicosociales comercial punto de venta Telyco."},"content":{"rendered":"<p>Por fin disponemos de los resultados de las evaluaciones de riesgos psicosociales realizados por el colectivo comercial punto de venta Telyco en el pasado mes de octubre.<\/p>\n<p>Desde UGT, queremos mostraros, sin entrar en profundidad ya el informe es muy extenso, una fotograf\u00eda de la situaci\u00f3n real del colectivo de tiendas. Los primeros datos que llaman la atenci\u00f3n en ERP, son las cifras de riesgo elevado de dos par\u00e1metros, carga de trabajo y demanda psicol\u00f3gica, adem\u00e1s de tiempo de trabajo y participaci\u00f3n\/supervisi\u00f3n, esta \u00faltima en riesgo extremo. M\u00e1s adelante os informaremos detalladamente con cifras.<\/p>\n<p>Como hemos apuntado, estos datos hay que analizarlos minuciosamente para obtener conclusiones, os informaremos cuando acabemos de extraer y sintetizar los resultados de los diferentes par\u00e1metros.<\/p>\n<p>Queremos recordar que, desde UGT, venimos llamamos la atenci\u00f3n sobre la importancia de los riesgos psicosociales, presentes en todos los lugares de trabajo y que son tambi\u00e9n causantes de diversas enfermedades, por este motivo, ped\u00edamos la realizaci\u00f3n de la ERP en Telyco. Advert\u00edamos que hab\u00eda que tener muy presentes las consecuencias para la salud de estos riesgos, no solo para las personas trabajadoras, sino tambi\u00e9n para la propia empresa, porque derivaban en bajas laborales.<\/p>\n<p>De la misma manera, venimos reclamando la necesidad indispensable de una correcta pol\u00edtica preventiva en la compa\u00f1\u00eda, que contemple los riesgos laborales desde una perspectiva integral, considerando todos sus campos: la seguridad, la higiene, la vigilancia de la salud y, como no, la ergonom\u00eda y los riesgos psicosociales.<\/p>\n<h2>Resultados en cifras. Interpretar resultados e implementar las medidas preventivas.<\/h2>\n<p>En el informe presentado de la ERP del comercial punto de venta, como hemos apuntado anteriormente, se desprenden datos llamativos, que muestran valores de riesgo muy elevados, en cargas de trabajo (50,8%), demanda psicol\u00f3gica (47,8), participaci\u00f3n\/supervisi\u00f3n (82,9%) , factores medidos a trav\u00e9s del m\u00e9todo de evaluaci\u00f3n utilizado por el SMPRL. Adem\u00e1s, aparecen muestras de una elevada exposici\u00f3n por parte de las personas trabajadoras a factores de riesgo psicosocial, como recoge el informe, que refleja sin paliativos unos resultados desfavorables.<\/p>\n<h4>Seg\u00fan los resultados obtenidos es necesario asignar prioridad muy alta sobre:<\/h4>\n<p>Autonom\u00eda: por existir un porcentaje de personas trabajadoras en situaci\u00f3n de riesgo muy elevado y elevado.Los primeros datos que llaman la atenci\u00f3n en ERP, son las cifras de riesgo elevado de dos par\u00e1metros, carga de trabajo y demanda psicol\u00f3gica, adem\u00e1s de tiempo de trabajo y participaci\u00f3n\/supervisi\u00f3n, esta \u00faltima en riesgo extremo.<\/p>\n<p><img decoding=\"async\" class=\"aligncenter wp-image-1061355 size-large lazyload\" data-src=\"https:\/\/www.ugtcomunicaciones.es\/wordpress\/wp-content\/uploads\/2023\/01\/Autonomia-Telyco-j-1024x788.jpg\" alt=\"\" width=\"640\" height=\"493\" data-srcset=\"https:\/\/www.ugtcomunicaciones.es\/wordpress\/wp-content\/uploads\/2023\/01\/Autonomia-Telyco-j-1024x788.jpg 1024w, https:\/\/www.ugtcomunicaciones.es\/wordpress\/wp-content\/uploads\/2023\/01\/Autonomia-Telyco-j-300x231.jpg 300w, https:\/\/www.ugtcomunicaciones.es\/wordpress\/wp-content\/uploads\/2023\/01\/Autonomia-Telyco-j-768x591.jpg 768w, https:\/\/www.ugtcomunicaciones.es\/wordpress\/wp-content\/uploads\/2023\/01\/Autonomia-Telyco-j-546x420.jpg 546w, https:\/\/www.ugtcomunicaciones.es\/wordpress\/wp-content\/uploads\/2023\/01\/Autonomia-Telyco-j-640x492.jpg 640w, https:\/\/www.ugtcomunicaciones.es\/wordpress\/wp-content\/uploads\/2023\/01\/Autonomia-Telyco-j-681x524.jpg 681w, https:\/\/www.ugtcomunicaciones.es\/wordpress\/wp-content\/uploads\/2023\/01\/Autonomia-Telyco-j.jpg 1080w\" data-sizes=\"(max-width: 640px) 100vw, 640px\" src=\"data:image\/svg+xml;base64,PHN2ZyB3aWR0aD0iMSIgaGVpZ2h0PSIxIiB4bWxucz0iaHR0cDovL3d3dy53My5vcmcvMjAwMC9zdmciPjwvc3ZnPg==\" style=\"--smush-placeholder-width: 640px; --smush-placeholder-aspect-ratio: 640\/493;\" \/><\/p>\n<p>Carga de trabajo: por existir un porcentaje significativo de personas trabajadoras en situaci\u00f3n de riesgo muy elevado y elevado.<\/p>\n<p><img decoding=\"async\" class=\"aligncenter wp-image-1061356 size-large lazyload\" data-src=\"https:\/\/www.ugtcomunicaciones.es\/wordpress\/wp-content\/uploads\/2023\/01\/Carga-de-Trabajo-Telyco-j-1024x782.jpg\" alt=\"\" width=\"640\" height=\"489\" data-srcset=\"https:\/\/www.ugtcomunicaciones.es\/wordpress\/wp-content\/uploads\/2023\/01\/Carga-de-Trabajo-Telyco-j-1024x782.jpg 1024w, https:\/\/www.ugtcomunicaciones.es\/wordpress\/wp-content\/uploads\/2023\/01\/Carga-de-Trabajo-Telyco-j-300x229.jpg 300w, https:\/\/www.ugtcomunicaciones.es\/wordpress\/wp-content\/uploads\/2023\/01\/Carga-de-Trabajo-Telyco-j-768x587.jpg 768w, https:\/\/www.ugtcomunicaciones.es\/wordpress\/wp-content\/uploads\/2023\/01\/Carga-de-Trabajo-Telyco-j-550x420.jpg 550w, https:\/\/www.ugtcomunicaciones.es\/wordpress\/wp-content\/uploads\/2023\/01\/Carga-de-Trabajo-Telyco-j-80x60.jpg 80w, https:\/\/www.ugtcomunicaciones.es\/wordpress\/wp-content\/uploads\/2023\/01\/Carga-de-Trabajo-Telyco-j-100x75.jpg 100w, https:\/\/www.ugtcomunicaciones.es\/wordpress\/wp-content\/uploads\/2023\/01\/Carga-de-Trabajo-Telyco-j-640x489.jpg 640w, https:\/\/www.ugtcomunicaciones.es\/wordpress\/wp-content\/uploads\/2023\/01\/Carga-de-Trabajo-Telyco-j-681x520.jpg 681w, https:\/\/www.ugtcomunicaciones.es\/wordpress\/wp-content\/uploads\/2023\/01\/Carga-de-Trabajo-Telyco-j.jpg 1080w\" data-sizes=\"(max-width: 640px) 100vw, 640px\" src=\"data:image\/svg+xml;base64,PHN2ZyB3aWR0aD0iMSIgaGVpZ2h0PSIxIiB4bWxucz0iaHR0cDovL3d3dy53My5vcmcvMjAwMC9zdmciPjwvc3ZnPg==\" style=\"--smush-placeholder-width: 640px; --smush-placeholder-aspect-ratio: 640\/489;\" \/><\/p>\n<p>Demandas psicol\u00f3gicas: por existir un porcentaje significativo de personas trabajadoras en situaci\u00f3n de riesgo muy elevado y tambi\u00e9n en riesgo elevado.<\/p>\n<p><img decoding=\"async\" class=\"aligncenter wp-image-1061357 size-large lazyload\" data-src=\"https:\/\/www.ugtcomunicaciones.es\/wordpress\/wp-content\/uploads\/2023\/01\/Demandas-Psicologicas-Telyco-j-1024x786.jpg\" alt=\"\" width=\"640\" height=\"491\" data-srcset=\"https:\/\/www.ugtcomunicaciones.es\/wordpress\/wp-content\/uploads\/2023\/01\/Demandas-Psicologicas-Telyco-j-1024x786.jpg 1024w, https:\/\/www.ugtcomunicaciones.es\/wordpress\/wp-content\/uploads\/2023\/01\/Demandas-Psicologicas-Telyco-j-300x230.jpg 300w, https:\/\/www.ugtcomunicaciones.es\/wordpress\/wp-content\/uploads\/2023\/01\/Demandas-Psicologicas-Telyco-j-768x590.jpg 768w, https:\/\/www.ugtcomunicaciones.es\/wordpress\/wp-content\/uploads\/2023\/01\/Demandas-Psicologicas-Telyco-j-547x420.jpg 547w, https:\/\/www.ugtcomunicaciones.es\/wordpress\/wp-content\/uploads\/2023\/01\/Demandas-Psicologicas-Telyco-j-80x60.jpg 80w, https:\/\/www.ugtcomunicaciones.es\/wordpress\/wp-content\/uploads\/2023\/01\/Demandas-Psicologicas-Telyco-j-640x491.jpg 640w, https:\/\/www.ugtcomunicaciones.es\/wordpress\/wp-content\/uploads\/2023\/01\/Demandas-Psicologicas-Telyco-j-681x523.jpg 681w, https:\/\/www.ugtcomunicaciones.es\/wordpress\/wp-content\/uploads\/2023\/01\/Demandas-Psicologicas-Telyco-j.jpg 1080w\" data-sizes=\"(max-width: 640px) 100vw, 640px\" src=\"data:image\/svg+xml;base64,PHN2ZyB3aWR0aD0iMSIgaGVpZ2h0PSIxIiB4bWxucz0iaHR0cDovL3d3dy53My5vcmcvMjAwMC9zdmciPjwvc3ZnPg==\" style=\"--smush-placeholder-width: 640px; --smush-placeholder-aspect-ratio: 640\/491;\" \/><\/p>\n<p>Participaci\u00f3n\/Supervisi\u00f3n: por existir un alto porcentaje de personas trabajadoras en situaci\u00f3n de riesgo muy elevado, sumado al porcentaje de riesgo elevado.<\/p>\n<p><img decoding=\"async\" class=\"aligncenter wp-image-1061358 size-large lazyload\" data-src=\"https:\/\/www.ugtcomunicaciones.es\/wordpress\/wp-content\/uploads\/2023\/01\/Participacion-y-Supervision-Telyco-j-1024x788.jpg\" alt=\"\" width=\"640\" height=\"493\" data-srcset=\"https:\/\/www.ugtcomunicaciones.es\/wordpress\/wp-content\/uploads\/2023\/01\/Participacion-y-Supervision-Telyco-j-1024x788.jpg 1024w, https:\/\/www.ugtcomunicaciones.es\/wordpress\/wp-content\/uploads\/2023\/01\/Participacion-y-Supervision-Telyco-j-300x231.jpg 300w, https:\/\/www.ugtcomunicaciones.es\/wordpress\/wp-content\/uploads\/2023\/01\/Participacion-y-Supervision-Telyco-j-768x591.jpg 768w, https:\/\/www.ugtcomunicaciones.es\/wordpress\/wp-content\/uploads\/2023\/01\/Participacion-y-Supervision-Telyco-j-546x420.jpg 546w, https:\/\/www.ugtcomunicaciones.es\/wordpress\/wp-content\/uploads\/2023\/01\/Participacion-y-Supervision-Telyco-j-640x492.jpg 640w, https:\/\/www.ugtcomunicaciones.es\/wordpress\/wp-content\/uploads\/2023\/01\/Participacion-y-Supervision-Telyco-j-681x524.jpg 681w, https:\/\/www.ugtcomunicaciones.es\/wordpress\/wp-content\/uploads\/2023\/01\/Participacion-y-Supervision-Telyco-j.jpg 1080w\" data-sizes=\"(max-width: 640px) 100vw, 640px\" src=\"data:image\/svg+xml;base64,PHN2ZyB3aWR0aD0iMSIgaGVpZ2h0PSIxIiB4bWxucz0iaHR0cDovL3d3dy53My5vcmcvMjAwMC9zdmciPjwvc3ZnPg==\" style=\"--smush-placeholder-width: 640px; --smush-placeholder-aspect-ratio: 640\/493;\" \/><\/p>\n<p>Relaciones de Apoyo Social ya que a pesar de que el 63,7% de la poblaci\u00f3n objeto de estudio se encuentra en situaci\u00f3n adecuada, hay trabajadores que manifiestan estar expuestos a conflictos interpersonales, violencia f\u00edsica y psicol\u00f3gica y acoso sexual.<\/p>\n<p><img decoding=\"async\" class=\"aligncenter wp-image-1061359 size-large lazyload\" data-src=\"https:\/\/www.ugtcomunicaciones.es\/wordpress\/wp-content\/uploads\/2023\/01\/Relaciones-de-Apoyo-Social-Telyco-j-1024x786.jpg\" alt=\"\" width=\"640\" height=\"491\" data-srcset=\"https:\/\/www.ugtcomunicaciones.es\/wordpress\/wp-content\/uploads\/2023\/01\/Relaciones-de-Apoyo-Social-Telyco-j-1024x786.jpg 1024w, https:\/\/www.ugtcomunicaciones.es\/wordpress\/wp-content\/uploads\/2023\/01\/Relaciones-de-Apoyo-Social-Telyco-j-300x230.jpg 300w, https:\/\/www.ugtcomunicaciones.es\/wordpress\/wp-content\/uploads\/2023\/01\/Relaciones-de-Apoyo-Social-Telyco-j-768x590.jpg 768w, https:\/\/www.ugtcomunicaciones.es\/wordpress\/wp-content\/uploads\/2023\/01\/Relaciones-de-Apoyo-Social-Telyco-j-547x420.jpg 547w, https:\/\/www.ugtcomunicaciones.es\/wordpress\/wp-content\/uploads\/2023\/01\/Relaciones-de-Apoyo-Social-Telyco-j-80x60.jpg 80w, https:\/\/www.ugtcomunicaciones.es\/wordpress\/wp-content\/uploads\/2023\/01\/Relaciones-de-Apoyo-Social-Telyco-j-640x491.jpg 640w, https:\/\/www.ugtcomunicaciones.es\/wordpress\/wp-content\/uploads\/2023\/01\/Relaciones-de-Apoyo-Social-Telyco-j-681x523.jpg 681w, https:\/\/www.ugtcomunicaciones.es\/wordpress\/wp-content\/uploads\/2023\/01\/Relaciones-de-Apoyo-Social-Telyco-j.jpg 1080w\" data-sizes=\"(max-width: 640px) 100vw, 640px\" src=\"data:image\/svg+xml;base64,PHN2ZyB3aWR0aD0iMSIgaGVpZ2h0PSIxIiB4bWxucz0iaHR0cDovL3d3dy53My5vcmcvMjAwMC9zdmciPjwvc3ZnPg==\" style=\"--smush-placeholder-width: 640px; --smush-placeholder-aspect-ratio: 640\/491;\" \/><\/p>\n<p>Con los resultados obtenidos es necesario asignar prioridad alta sobre:<\/p>\n<ul>\n<li>Tiempo de trabajo: por existir un porcentaje de personas trabajadoras en situaci\u00f3n de riesgo muy elevado y elevado.<\/li>\n<li>Variedad de contenido: por obtener un porcentaje significativo de personas trabajadoras en situaci\u00f3n de riesgo muy elevado y elevado.<\/li>\n<li>Inter\u00e9s por el trabajador\/Compensaci\u00f3n: por existir un porcentaje de personas trabajadoras en situaci\u00f3n de riesgo muy elevado y elevado.<\/li>\n<li>Desempe\u00f1o de rol: por existir un porcentaje de personas trabajadoras en situaci\u00f3n de riesgo muy elevado principalmente y riesgo elevado.<\/li>\n<\/ul>\n<p>UGT lleva mucho tiempo instando a <a href=\"https:\/\/ugt-telyco.org\/wp-content\/uploads\/2022\/06\/COMUNICADO-UGT-35-2022-CISS-5-DE-MAYO.pdf\" target=\"_blank\" rel=\"noopener\">Telyco<\/a> a que tome las medidas oportunas, para que la situaci\u00f3n de estr\u00e9s y de carga de trabajo que est\u00e1n sufriendo todos los colectivos comerciales, se minimice de manera urgente y se emprendan las apropiadas acciones preventivas y correctoras.<\/p>\n<p>Las medidas que inicialmente implement\u00f3 la empresa para minimizar el impacto de ambos par\u00e1metros, despu\u00e9s de nuestras demandas, se centraron en la realizaci\u00f3n de cursos, encaminados en mejorar el asertividad, la IE y la gesti\u00f3n del tiempo.<\/p>\n<p>Es evidente, y a las pruebas nos remitimos, que no han dado el resultado esperado, ya que, sin duda, el colectivo comercial contin\u00faa sufriendo una presi\u00f3n elevada, derivada de unos objetivos comerciales demasiado ambiciosos e inasumibles, que han desembocado en un preocupante y elevado \u00edndice de bajas IT.<\/p>\n<p>Pronto nos reuniremos con la empresa para contrastar los resultados obtenidos, a fin de planificar y poner en marcha las medidas preventivas oportunas en materia de protecci\u00f3n de las personas trabajadoras.<strong>\u00a0Es urgente y necesario.<\/strong><\/p>\n<p>&nbsp;<\/p>\n","protected":false},"excerpt":{"rendered":"<p>Por fin disponemos de los resultados de las evaluaciones de riesgos psicosociales realizados por el colectivo comercial punto de venta Telyco en el pasado mes de octubre. Desde UGT, queremos mostraros, sin entrar en profundidad ya el informe es muy extenso, una fotograf\u00eda de la situaci\u00f3n real del colectivo de tiendas. Los primeros datos que [&hellip;]<\/p>\n","protected":false},"author":3,"featured_media":1061364,"comment_status":"closed","ping_status":"closed","sticky":false,"template":"","format":"standard","meta":{"footnotes":""},"categories":[31],"tags":[],"class_list":["post-1061348","post","type-post","status-publish","format-standard","has-post-thumbnail","hentry","category-telyco"],"yoast_head":"<!-- This site is optimized with the Yoast SEO Premium plugin v27.3 (Yoast SEO v27.4) - https:\/\/yoast.com\/product\/yoast-seo-premium-wordpress\/ -->\n<title>Resultados encuestas riesgos psicosociales comercial punto de venta Telyco. - UGT Comunicaciones<\/title>\n<meta name=\"description\" content=\"Los resultados de la ERP de Telyco llaman la atenci\u00f3n por la gravedad en algunos par\u00e1metros donde la empresa debe tomar medidas correctoras.\" \/>\n<meta name=\"robots\" content=\"index, follow, max-snippet:-1, max-image-preview:large, max-video-preview:-1\" \/>\n<link rel=\"canonical\" href=\"https:\/\/www.ugtcomunicaciones.es\/wordpress\/resultados-encuestas-riesgos-psicosociales-comercial-punto-de-venta-telyco\/\" \/>\n<meta property=\"og:locale\" content=\"es_ES\" \/>\n<meta property=\"og:type\" content=\"article\" \/>\n<meta property=\"og:title\" content=\"Resultados encuestas riesgos psicosociales comercial punto de venta Telyco.\" \/>\n<meta property=\"og:description\" content=\"Los resultados de la ERP de Telyco llaman la atenci\u00f3n por la gravedad en algunos par\u00e1metros donde la empresa debe tomar medidas correctoras.\" \/>\n<meta property=\"og:url\" content=\"https:\/\/www.ugtcomunicaciones.es\/wordpress\/resultados-encuestas-riesgos-psicosociales-comercial-punto-de-venta-telyco\/\" \/>\n<meta property=\"og:site_name\" content=\"UGT Comunicaciones\" \/>\n<meta property=\"article:publisher\" content=\"https:\/\/www.facebook.com\/ugt.comunicaciones\/\" \/>\n<meta property=\"article:published_time\" content=\"2023-01-13T11:20:34+00:00\" \/>\n<meta property=\"article:modified_time\" content=\"2023-01-13T12:52:10+00:00\" \/>\n<meta property=\"og:image\" content=\"https:\/\/www.ugtcomunicaciones.es\/wordpress\/wp-content\/uploads\/2023\/01\/resultados-erp-telyco.png\" \/>\n\t<meta property=\"og:image:width\" content=\"940\" \/>\n\t<meta property=\"og:image:height\" content=\"615\" \/>\n\t<meta property=\"og:image:type\" content=\"image\/png\" \/>\n<meta name=\"author\" content=\"UGT\" \/>\n<meta name=\"twitter:card\" content=\"summary_large_image\" \/>\n<meta name=\"twitter:creator\" content=\"@ugtcom\" \/>\n<meta name=\"twitter:site\" content=\"@ugtcom\" \/>\n<meta name=\"twitter:label1\" content=\"Escrito por\" \/>\n\t<meta name=\"twitter:data1\" content=\"UGT\" \/>\n\t<meta name=\"twitter:label2\" content=\"Tiempo de lectura\" \/>\n\t<meta name=\"twitter:data2\" content=\"5 minutos\" \/>\n<script type=\"application\/ld+json\" class=\"yoast-schema-graph\">{\"@context\":\"https:\\\/\\\/schema.org\",\"@graph\":[{\"@type\":\"Article\",\"@id\":\"https:\\\/\\\/www.ugtcomunicaciones.es\\\/wordpress\\\/resultados-encuestas-riesgos-psicosociales-comercial-punto-de-venta-telyco\\\/#article\",\"isPartOf\":{\"@id\":\"https:\\\/\\\/www.ugtcomunicaciones.es\\\/wordpress\\\/resultados-encuestas-riesgos-psicosociales-comercial-punto-de-venta-telyco\\\/\"},\"author\":{\"name\":\"UGT\",\"@id\":\"https:\\\/\\\/www.ugtcomunicaciones.es\\\/wordpress\\\/#\\\/schema\\\/person\\\/eba0fc3fe5b444531d94d4368cba89ed\"},\"headline\":\"Resultados encuestas riesgos psicosociales comercial punto de venta Telyco.\",\"datePublished\":\"2023-01-13T11:20:34+00:00\",\"dateModified\":\"2023-01-13T12:52:10+00:00\",\"mainEntityOfPage\":{\"@id\":\"https:\\\/\\\/www.ugtcomunicaciones.es\\\/wordpress\\\/resultados-encuestas-riesgos-psicosociales-comercial-punto-de-venta-telyco\\\/\"},\"wordCount\":820,\"publisher\":{\"@id\":\"https:\\\/\\\/www.ugtcomunicaciones.es\\\/wordpress\\\/#organization\"},\"image\":{\"@id\":\"https:\\\/\\\/www.ugtcomunicaciones.es\\\/wordpress\\\/resultados-encuestas-riesgos-psicosociales-comercial-punto-de-venta-telyco\\\/#primaryimage\"},\"thumbnailUrl\":\"https:\\\/\\\/www.ugtcomunicaciones.es\\\/wordpress\\\/wp-content\\\/uploads\\\/2023\\\/01\\\/resultados-erp-telyco.png\",\"articleSection\":[\"Telyco\"],\"inLanguage\":\"es\"},{\"@type\":\"WebPage\",\"@id\":\"https:\\\/\\\/www.ugtcomunicaciones.es\\\/wordpress\\\/resultados-encuestas-riesgos-psicosociales-comercial-punto-de-venta-telyco\\\/\",\"url\":\"https:\\\/\\\/www.ugtcomunicaciones.es\\\/wordpress\\\/resultados-encuestas-riesgos-psicosociales-comercial-punto-de-venta-telyco\\\/\",\"name\":\"Resultados encuestas riesgos psicosociales comercial punto de venta Telyco. - UGT Comunicaciones\",\"isPartOf\":{\"@id\":\"https:\\\/\\\/www.ugtcomunicaciones.es\\\/wordpress\\\/#website\"},\"primaryImageOfPage\":{\"@id\":\"https:\\\/\\\/www.ugtcomunicaciones.es\\\/wordpress\\\/resultados-encuestas-riesgos-psicosociales-comercial-punto-de-venta-telyco\\\/#primaryimage\"},\"image\":{\"@id\":\"https:\\\/\\\/www.ugtcomunicaciones.es\\\/wordpress\\\/resultados-encuestas-riesgos-psicosociales-comercial-punto-de-venta-telyco\\\/#primaryimage\"},\"thumbnailUrl\":\"https:\\\/\\\/www.ugtcomunicaciones.es\\\/wordpress\\\/wp-content\\\/uploads\\\/2023\\\/01\\\/resultados-erp-telyco.png\",\"datePublished\":\"2023-01-13T11:20:34+00:00\",\"dateModified\":\"2023-01-13T12:52:10+00:00\",\"description\":\"Los resultados de la ERP de Telyco llaman la atenci\u00f3n por la gravedad en algunos par\u00e1metros donde la empresa debe tomar medidas correctoras.\",\"breadcrumb\":{\"@id\":\"https:\\\/\\\/www.ugtcomunicaciones.es\\\/wordpress\\\/resultados-encuestas-riesgos-psicosociales-comercial-punto-de-venta-telyco\\\/#breadcrumb\"},\"inLanguage\":\"es\",\"potentialAction\":[{\"@type\":\"ReadAction\",\"target\":[\"https:\\\/\\\/www.ugtcomunicaciones.es\\\/wordpress\\\/resultados-encuestas-riesgos-psicosociales-comercial-punto-de-venta-telyco\\\/\"]}]},{\"@type\":\"ImageObject\",\"inLanguage\":\"es\",\"@id\":\"https:\\\/\\\/www.ugtcomunicaciones.es\\\/wordpress\\\/resultados-encuestas-riesgos-psicosociales-comercial-punto-de-venta-telyco\\\/#primaryimage\",\"url\":\"https:\\\/\\\/www.ugtcomunicaciones.es\\\/wordpress\\\/wp-content\\\/uploads\\\/2023\\\/01\\\/resultados-erp-telyco.png\",\"contentUrl\":\"https:\\\/\\\/www.ugtcomunicaciones.es\\\/wordpress\\\/wp-content\\\/uploads\\\/2023\\\/01\\\/resultados-erp-telyco.png\",\"width\":940,\"height\":615},{\"@type\":\"BreadcrumbList\",\"@id\":\"https:\\\/\\\/www.ugtcomunicaciones.es\\\/wordpress\\\/resultados-encuestas-riesgos-psicosociales-comercial-punto-de-venta-telyco\\\/#breadcrumb\",\"itemListElement\":[{\"@type\":\"ListItem\",\"position\":1,\"name\":\"Portada\",\"item\":\"https:\\\/\\\/www.ugtcomunicaciones.es\\\/wordpress\\\/\"},{\"@type\":\"ListItem\",\"position\":2,\"name\":\"Resultados encuestas riesgos psicosociales comercial punto de venta Telyco.\"}]},{\"@type\":\"WebSite\",\"@id\":\"https:\\\/\\\/www.ugtcomunicaciones.es\\\/wordpress\\\/#website\",\"url\":\"https:\\\/\\\/www.ugtcomunicaciones.es\\\/wordpress\\\/\",\"name\":\"UGT Comunicaciones\",\"description\":\"Sindicato de Telecomunicaciones\",\"publisher\":{\"@id\":\"https:\\\/\\\/www.ugtcomunicaciones.es\\\/wordpress\\\/#organization\"},\"potentialAction\":[{\"@type\":\"SearchAction\",\"target\":{\"@type\":\"EntryPoint\",\"urlTemplate\":\"https:\\\/\\\/www.ugtcomunicaciones.es\\\/wordpress\\\/?s={search_term_string}\"},\"query-input\":{\"@type\":\"PropertyValueSpecification\",\"valueRequired\":true,\"valueName\":\"search_term_string\"}}],\"inLanguage\":\"es\"},{\"@type\":\"Organization\",\"@id\":\"https:\\\/\\\/www.ugtcomunicaciones.es\\\/wordpress\\\/#organization\",\"name\":\"UGT Comunicaciones\",\"url\":\"https:\\\/\\\/www.ugtcomunicaciones.es\\\/wordpress\\\/\",\"logo\":{\"@type\":\"ImageObject\",\"inLanguage\":\"es\",\"@id\":\"https:\\\/\\\/www.ugtcomunicaciones.es\\\/wordpress\\\/#\\\/schema\\\/logo\\\/image\\\/\",\"url\":\"https:\\\/\\\/www.ugtcomunicaciones.es\\\/wordpress\\\/wp-content\\\/uploads\\\/2024\\\/04\\\/comunicaciones_logo.png\",\"contentUrl\":\"https:\\\/\\\/www.ugtcomunicaciones.es\\\/wordpress\\\/wp-content\\\/uploads\\\/2024\\\/04\\\/comunicaciones_logo.png\",\"width\":298,\"height\":81,\"caption\":\"UGT Comunicaciones\"},\"image\":{\"@id\":\"https:\\\/\\\/www.ugtcomunicaciones.es\\\/wordpress\\\/#\\\/schema\\\/logo\\\/image\\\/\"},\"sameAs\":[\"https:\\\/\\\/www.facebook.com\\\/ugt.comunicaciones\\\/\",\"https:\\\/\\\/x.com\\\/ugtcom\"]},{\"@type\":\"Person\",\"@id\":\"https:\\\/\\\/www.ugtcomunicaciones.es\\\/wordpress\\\/#\\\/schema\\\/person\\\/eba0fc3fe5b444531d94d4368cba89ed\",\"name\":\"UGT\",\"image\":{\"@type\":\"ImageObject\",\"inLanguage\":\"es\",\"@id\":\"https:\\\/\\\/secure.gravatar.com\\\/avatar\\\/2a16057d620a4c646bcfc171c4f23030879ebbdd346f0525bd5d4a564e57e13d?s=96&d=mm&r=g\",\"url\":\"https:\\\/\\\/secure.gravatar.com\\\/avatar\\\/2a16057d620a4c646bcfc171c4f23030879ebbdd346f0525bd5d4a564e57e13d?s=96&d=mm&r=g\",\"contentUrl\":\"https:\\\/\\\/secure.gravatar.com\\\/avatar\\\/2a16057d620a4c646bcfc171c4f23030879ebbdd346f0525bd5d4a564e57e13d?s=96&d=mm&r=g\",\"caption\":\"UGT\"}}]}<\/script>\n<!-- \/ Yoast SEO Premium plugin. -->","yoast_head_json":{"title":"Resultados encuestas riesgos psicosociales comercial punto de venta Telyco. - UGT Comunicaciones","description":"Los resultados de la ERP de Telyco llaman la atenci\u00f3n por la gravedad en algunos par\u00e1metros donde la empresa debe tomar medidas correctoras.","robots":{"index":"index","follow":"follow","max-snippet":"max-snippet:-1","max-image-preview":"max-image-preview:large","max-video-preview":"max-video-preview:-1"},"canonical":"https:\/\/www.ugtcomunicaciones.es\/wordpress\/resultados-encuestas-riesgos-psicosociales-comercial-punto-de-venta-telyco\/","og_locale":"es_ES","og_type":"article","og_title":"Resultados encuestas riesgos psicosociales comercial punto de venta Telyco.","og_description":"Los resultados de la ERP de Telyco llaman la atenci\u00f3n por la gravedad en algunos par\u00e1metros donde la empresa debe tomar medidas correctoras.","og_url":"https:\/\/www.ugtcomunicaciones.es\/wordpress\/resultados-encuestas-riesgos-psicosociales-comercial-punto-de-venta-telyco\/","og_site_name":"UGT Comunicaciones","article_publisher":"https:\/\/www.facebook.com\/ugt.comunicaciones\/","article_published_time":"2023-01-13T11:20:34+00:00","article_modified_time":"2023-01-13T12:52:10+00:00","og_image":[{"width":940,"height":615,"url":"https:\/\/www.ugtcomunicaciones.es\/wordpress\/wp-content\/uploads\/2023\/01\/resultados-erp-telyco.png","type":"image\/png"}],"author":"UGT","twitter_card":"summary_large_image","twitter_creator":"@ugtcom","twitter_site":"@ugtcom","twitter_misc":{"Escrito por":"UGT","Tiempo de lectura":"5 minutos"},"schema":{"@context":"https:\/\/schema.org","@graph":[{"@type":"Article","@id":"https:\/\/www.ugtcomunicaciones.es\/wordpress\/resultados-encuestas-riesgos-psicosociales-comercial-punto-de-venta-telyco\/#article","isPartOf":{"@id":"https:\/\/www.ugtcomunicaciones.es\/wordpress\/resultados-encuestas-riesgos-psicosociales-comercial-punto-de-venta-telyco\/"},"author":{"name":"UGT","@id":"https:\/\/www.ugtcomunicaciones.es\/wordpress\/#\/schema\/person\/eba0fc3fe5b444531d94d4368cba89ed"},"headline":"Resultados encuestas riesgos psicosociales comercial punto de venta Telyco.","datePublished":"2023-01-13T11:20:34+00:00","dateModified":"2023-01-13T12:52:10+00:00","mainEntityOfPage":{"@id":"https:\/\/www.ugtcomunicaciones.es\/wordpress\/resultados-encuestas-riesgos-psicosociales-comercial-punto-de-venta-telyco\/"},"wordCount":820,"publisher":{"@id":"https:\/\/www.ugtcomunicaciones.es\/wordpress\/#organization"},"image":{"@id":"https:\/\/www.ugtcomunicaciones.es\/wordpress\/resultados-encuestas-riesgos-psicosociales-comercial-punto-de-venta-telyco\/#primaryimage"},"thumbnailUrl":"https:\/\/www.ugtcomunicaciones.es\/wordpress\/wp-content\/uploads\/2023\/01\/resultados-erp-telyco.png","articleSection":["Telyco"],"inLanguage":"es"},{"@type":"WebPage","@id":"https:\/\/www.ugtcomunicaciones.es\/wordpress\/resultados-encuestas-riesgos-psicosociales-comercial-punto-de-venta-telyco\/","url":"https:\/\/www.ugtcomunicaciones.es\/wordpress\/resultados-encuestas-riesgos-psicosociales-comercial-punto-de-venta-telyco\/","name":"Resultados encuestas riesgos psicosociales comercial punto de venta Telyco. - UGT Comunicaciones","isPartOf":{"@id":"https:\/\/www.ugtcomunicaciones.es\/wordpress\/#website"},"primaryImageOfPage":{"@id":"https:\/\/www.ugtcomunicaciones.es\/wordpress\/resultados-encuestas-riesgos-psicosociales-comercial-punto-de-venta-telyco\/#primaryimage"},"image":{"@id":"https:\/\/www.ugtcomunicaciones.es\/wordpress\/resultados-encuestas-riesgos-psicosociales-comercial-punto-de-venta-telyco\/#primaryimage"},"thumbnailUrl":"https:\/\/www.ugtcomunicaciones.es\/wordpress\/wp-content\/uploads\/2023\/01\/resultados-erp-telyco.png","datePublished":"2023-01-13T11:20:34+00:00","dateModified":"2023-01-13T12:52:10+00:00","description":"Los resultados de la ERP de Telyco llaman la atenci\u00f3n por la gravedad en algunos par\u00e1metros donde la empresa debe tomar medidas correctoras.","breadcrumb":{"@id":"https:\/\/www.ugtcomunicaciones.es\/wordpress\/resultados-encuestas-riesgos-psicosociales-comercial-punto-de-venta-telyco\/#breadcrumb"},"inLanguage":"es","potentialAction":[{"@type":"ReadAction","target":["https:\/\/www.ugtcomunicaciones.es\/wordpress\/resultados-encuestas-riesgos-psicosociales-comercial-punto-de-venta-telyco\/"]}]},{"@type":"ImageObject","inLanguage":"es","@id":"https:\/\/www.ugtcomunicaciones.es\/wordpress\/resultados-encuestas-riesgos-psicosociales-comercial-punto-de-venta-telyco\/#primaryimage","url":"https:\/\/www.ugtcomunicaciones.es\/wordpress\/wp-content\/uploads\/2023\/01\/resultados-erp-telyco.png","contentUrl":"https:\/\/www.ugtcomunicaciones.es\/wordpress\/wp-content\/uploads\/2023\/01\/resultados-erp-telyco.png","width":940,"height":615},{"@type":"BreadcrumbList","@id":"https:\/\/www.ugtcomunicaciones.es\/wordpress\/resultados-encuestas-riesgos-psicosociales-comercial-punto-de-venta-telyco\/#breadcrumb","itemListElement":[{"@type":"ListItem","position":1,"name":"Portada","item":"https:\/\/www.ugtcomunicaciones.es\/wordpress\/"},{"@type":"ListItem","position":2,"name":"Resultados encuestas riesgos psicosociales comercial punto de venta Telyco."}]},{"@type":"WebSite","@id":"https:\/\/www.ugtcomunicaciones.es\/wordpress\/#website","url":"https:\/\/www.ugtcomunicaciones.es\/wordpress\/","name":"UGT Comunicaciones","description":"Sindicato de Telecomunicaciones","publisher":{"@id":"https:\/\/www.ugtcomunicaciones.es\/wordpress\/#organization"},"potentialAction":[{"@type":"SearchAction","target":{"@type":"EntryPoint","urlTemplate":"https:\/\/www.ugtcomunicaciones.es\/wordpress\/?s={search_term_string}"},"query-input":{"@type":"PropertyValueSpecification","valueRequired":true,"valueName":"search_term_string"}}],"inLanguage":"es"},{"@type":"Organization","@id":"https:\/\/www.ugtcomunicaciones.es\/wordpress\/#organization","name":"UGT Comunicaciones","url":"https:\/\/www.ugtcomunicaciones.es\/wordpress\/","logo":{"@type":"ImageObject","inLanguage":"es","@id":"https:\/\/www.ugtcomunicaciones.es\/wordpress\/#\/schema\/logo\/image\/","url":"https:\/\/www.ugtcomunicaciones.es\/wordpress\/wp-content\/uploads\/2024\/04\/comunicaciones_logo.png","contentUrl":"https:\/\/www.ugtcomunicaciones.es\/wordpress\/wp-content\/uploads\/2024\/04\/comunicaciones_logo.png","width":298,"height":81,"caption":"UGT Comunicaciones"},"image":{"@id":"https:\/\/www.ugtcomunicaciones.es\/wordpress\/#\/schema\/logo\/image\/"},"sameAs":["https:\/\/www.facebook.com\/ugt.comunicaciones\/","https:\/\/x.com\/ugtcom"]},{"@type":"Person","@id":"https:\/\/www.ugtcomunicaciones.es\/wordpress\/#\/schema\/person\/eba0fc3fe5b444531d94d4368cba89ed","name":"UGT","image":{"@type":"ImageObject","inLanguage":"es","@id":"https:\/\/secure.gravatar.com\/avatar\/2a16057d620a4c646bcfc171c4f23030879ebbdd346f0525bd5d4a564e57e13d?s=96&d=mm&r=g","url":"https:\/\/secure.gravatar.com\/avatar\/2a16057d620a4c646bcfc171c4f23030879ebbdd346f0525bd5d4a564e57e13d?s=96&d=mm&r=g","contentUrl":"https:\/\/secure.gravatar.com\/avatar\/2a16057d620a4c646bcfc171c4f23030879ebbdd346f0525bd5d4a564e57e13d?s=96&d=mm&r=g","caption":"UGT"}}]}},"_links":{"self":[{"href":"https:\/\/www.ugtcomunicaciones.es\/wordpress\/wp-json\/wp\/v2\/posts\/1061348","targetHints":{"allow":["GET"]}}],"collection":[{"href":"https:\/\/www.ugtcomunicaciones.es\/wordpress\/wp-json\/wp\/v2\/posts"}],"about":[{"href":"https:\/\/www.ugtcomunicaciones.es\/wordpress\/wp-json\/wp\/v2\/types\/post"}],"author":[{"embeddable":true,"href":"https:\/\/www.ugtcomunicaciones.es\/wordpress\/wp-json\/wp\/v2\/users\/3"}],"replies":[{"embeddable":true,"href":"https:\/\/www.ugtcomunicaciones.es\/wordpress\/wp-json\/wp\/v2\/comments?post=1061348"}],"version-history":[{"count":4,"href":"https:\/\/www.ugtcomunicaciones.es\/wordpress\/wp-json\/wp\/v2\/posts\/1061348\/revisions"}],"predecessor-version":[{"id":1061365,"href":"https:\/\/www.ugtcomunicaciones.es\/wordpress\/wp-json\/wp\/v2\/posts\/1061348\/revisions\/1061365"}],"wp:featuredmedia":[{"embeddable":true,"href":"https:\/\/www.ugtcomunicaciones.es\/wordpress\/wp-json\/wp\/v2\/media\/1061364"}],"wp:attachment":[{"href":"https:\/\/www.ugtcomunicaciones.es\/wordpress\/wp-json\/wp\/v2\/media?parent=1061348"}],"wp:term":[{"taxonomy":"category","embeddable":true,"href":"https:\/\/www.ugtcomunicaciones.es\/wordpress\/wp-json\/wp\/v2\/categories?post=1061348"},{"taxonomy":"post_tag","embeddable":true,"href":"https:\/\/www.ugtcomunicaciones.es\/wordpress\/wp-json\/wp\/v2\/tags?post=1061348"}],"curies":[{"name":"wp","href":"https:\/\/api.w.org\/{rel}","templated":true}]}}