{"id":1061579,"date":"2023-01-19T10:28:08","date_gmt":"2023-01-19T08:28:08","guid":{"rendered":"https:\/\/www.ugtcomunicaciones.es\/wordpress\/?p=1061579"},"modified":"2023-01-19T10:28:08","modified_gmt":"2023-01-19T08:28:08","slug":"nuestra-principal-reivindicacion-en-el-sector-servicios-siguen-siendo-los-salarios","status":"publish","type":"post","link":"https:\/\/www.ugtcomunicaciones.es\/wordpress\/nuestra-principal-reivindicacion-en-el-sector-servicios-siguen-siendo-los-salarios\/","title":{"rendered":"Nuestra principal reivindicaci\u00f3n en el sector servicios siguen siendo los salarios"},"content":{"rendered":"<h2>Incrementar salarios, reforzar la representatividad de UGT en las empresas y aumentar la afiliaci\u00f3n, los tres objetivos estrat\u00e9gicos de la FeSMC-UGT para el a\u00f1o que comienza.<\/h2>\n<p style=\"text-align: justify;\">\u00abNuestra principal reivindicaci\u00f3n hoy es el salario. Los trabajadores y las trabajadoras del sector Servicios no pueden seguir perdiendo poder adquisitivo, empobreci\u00e9ndose\u00bb. As\u00ed se ha expresado\u00a0<strong>Antonio Oviedo, Secretario General de la federaci\u00f3n de Servicios, Movilidad y Consumo de UGT (FeSMC-UGT)<\/strong>\u00a0durante la celebraci\u00f3n, en la tarde de hoy, del III Comit\u00e9 Federal de FeSMC-UGT, en M\u00e1laga, al que tambi\u00e9n han asistido Pepe \u00c1lvarez, Secretario General de UGT; Mar\u00eda Jes\u00fas Montero, ministra de Hacienda y Funci\u00f3n P\u00fablica y Carmen Castilla, Secretaria General de UGT-Andaluc\u00eda, entre otros.<\/p>\n<p><img decoding=\"async\" class=\"aligncenter wp-image-1061582 size-full lazyload\" data-src=\"https:\/\/www.ugtcomunicaciones.es\/wordpress\/wp-content\/uploads\/2023\/01\/comite_federal_Fesmc.jpg\" alt=\"\" width=\"640\" height=\"320\" data-srcset=\"https:\/\/www.ugtcomunicaciones.es\/wordpress\/wp-content\/uploads\/2023\/01\/comite_federal_Fesmc.jpg 640w, https:\/\/www.ugtcomunicaciones.es\/wordpress\/wp-content\/uploads\/2023\/01\/comite_federal_Fesmc-300x150.jpg 300w\" data-sizes=\"(max-width: 640px) 100vw, 640px\" src=\"data:image\/svg+xml;base64,PHN2ZyB3aWR0aD0iMSIgaGVpZ2h0PSIxIiB4bWxucz0iaHR0cDovL3d3dy53My5vcmcvMjAwMC9zdmciPjwvc3ZnPg==\" style=\"--smush-placeholder-width: 640px; --smush-placeholder-aspect-ratio: 640\/320;\" \/><\/p>\n<p style=\"text-align: justify;\">Como bien ha se\u00f1alado Oviedo, incrementar salarios es la principal prioridad de FeSMC-UGT en este a\u00f1o. Sin embargo, en este Comit\u00e9 tambi\u00e9n se ha denunciado la anomal\u00eda que sufrimos en el sector Servicios respecto a una mayor\u00eda de sectores de actividad de nuestro sistema productivo. Una anomal\u00eda que se concreta en asociaciones empresariales de determinados sectores -claramente identificados- que se niegan a incrementar salarios y, para ello, boicotean permanentemente la negociaci\u00f3n colectiva.<\/p>\n<p style=\"text-align: justify;\">Y esto est\u00e1 pasando, precisamente, en aquellos sectores que, hist\u00f3ricamente, arrastran mayor precariedad salarial. Por tanto, estamos ante una doble penalizaci\u00f3n que est\u00e1 empobreciendo a muchos profesionales de actividades vinculadas a los Servicios a los que, no hace tanto, las instituciones y la propia sociedad reconoc\u00edan su labor esencial en los meses m\u00e1s duros de la pandemia.<\/p>\n<p style=\"text-align: justify;\"><strong>Sectores feminizados, los m\u00e1s precarios<\/strong><\/p>\n<p style=\"text-align: justify;\">Por su parte, el\u00a0<strong>Secretario General de UGT, Pepe \u00c1lvarez<\/strong>, ha puesto el foco en que esta precariedad salarial se produce, principalmente, en sectores muy feminizados. \u00abLas personas en situaci\u00f3n m\u00e1s precaria, tanto en condiciones de trabajo como salariales, est\u00e1n en el sector Servicios y son mayoritariamente mujeres\u00bb, ha reconocido \u00c1lvarez. Una realidad que ha corroborado la ministra Montero al reconocer que \u00absomos las mujeres las m\u00e1s afectadas por la situaci\u00f3n de precariedad laboral y desde el Gobierno y sus pol\u00edticas sociales se est\u00e1 avanzando\u00bb en mejorar esta realidad.<\/p>\n<p style=\"text-align: justify;\"><strong>Representaci\u00f3n sindical<\/strong><\/p>\n<p style=\"text-align: justify;\">Pero en este Comit\u00e9 no s\u00f3lo se ha hablado de salarios e inflaci\u00f3n. La Comisi\u00f3n Ejecutiva Federal y todos los delegados y delegadas asistentes han abordado las necesidades y objetivos para afrontar los importantes procesos de elecciones sindicales que se celebrar\u00e1n en este a\u00f1o 2023. En este sentido, se est\u00e1 llevando a cabo un seguimiento pormenorizado de los resultados casi en tiempo real, con an\u00e1lisis e intercambio de informaci\u00f3n para detectar en qu\u00e9 casos no se est\u00e1n alcanzado los objetivos marcados y corregir errores.<\/p>\n<p style=\"text-align: justify;\">Como viene se\u00f1alando el Secretario General de FeSMC-UGT desde que se iniciara este mandato hace ya dos a\u00f1os, \u00ablas elecciones sindicales y la afiliaci\u00f3n son el principal objetivo estrat\u00e9gico para esta Comisi\u00f3n Ejecutiva\u00bb porque es lo que nos permite representar a los trabajadores y defender sus derechos con mayor autonom\u00eda, fortaleza y capacidad de presi\u00f3n y negociaci\u00f3n.<\/p>\n","protected":false},"excerpt":{"rendered":"<p>Incrementar salarios, reforzar la representatividad de UGT en las empresas y aumentar la afiliaci\u00f3n, los tres objetivos estrat\u00e9gicos de la FeSMC-UGT para el a\u00f1o que comienza. \u00abNuestra principal reivindicaci\u00f3n hoy es el salario. Los trabajadores y las trabajadoras del sector Servicios no pueden seguir perdiendo poder adquisitivo, empobreci\u00e9ndose\u00bb. As\u00ed se ha expresado\u00a0Antonio Oviedo, Secretario General [&hellip;]<\/p>\n","protected":false},"author":3,"featured_media":1061581,"comment_status":"closed","ping_status":"closed","sticky":false,"template":"","format":"standard","meta":{"footnotes":""},"categories":[82],"tags":[],"class_list":["post-1061579","post","type-post","status-publish","format-standard","has-post-thumbnail","hentry","category-portada"],"yoast_head":"<!-- This site is optimized with the Yoast SEO Premium plugin v27.3 (Yoast SEO v27.4) - https:\/\/yoast.com\/product\/yoast-seo-premium-wordpress\/ -->\n<title>Nuestra principal reivindicaci\u00f3n en el sector servicios siguen siendo los salarios - UGT Comunicaciones<\/title>\n<meta name=\"robots\" content=\"index, follow, max-snippet:-1, max-image-preview:large, max-video-preview:-1\" \/>\n<link rel=\"canonical\" href=\"https:\/\/www.ugtcomunicaciones.es\/wordpress\/nuestra-principal-reivindicacion-en-el-sector-servicios-siguen-siendo-los-salarios\/\" \/>\n<meta property=\"og:locale\" content=\"es_ES\" \/>\n<meta property=\"og:type\" content=\"article\" \/>\n<meta property=\"og:title\" content=\"Nuestra principal reivindicaci\u00f3n en el sector servicios siguen siendo los salarios\" \/>\n<meta property=\"og:description\" content=\"Incrementar salarios, reforzar la representatividad de UGT en las empresas y aumentar la afiliaci\u00f3n, los tres objetivos estrat\u00e9gicos de la FeSMC-UGT para el a\u00f1o que comienza. \u00abNuestra principal reivindicaci\u00f3n hoy es el salario. Los trabajadores y las trabajadoras del sector Servicios no pueden seguir perdiendo poder adquisitivo, empobreci\u00e9ndose\u00bb. As\u00ed se ha expresado\u00a0Antonio Oviedo, Secretario General [&hellip;]\" \/>\n<meta property=\"og:url\" content=\"https:\/\/www.ugtcomunicaciones.es\/wordpress\/nuestra-principal-reivindicacion-en-el-sector-servicios-siguen-siendo-los-salarios\/\" \/>\n<meta property=\"og:site_name\" content=\"UGT Comunicaciones\" \/>\n<meta property=\"article:publisher\" content=\"https:\/\/www.facebook.com\/ugt.comunicaciones\/\" \/>\n<meta property=\"article:published_time\" content=\"2023-01-19T08:28:08+00:00\" \/>\n<meta property=\"og:image\" content=\"https:\/\/www.ugtcomunicaciones.es\/wordpress\/wp-content\/uploads\/2023\/01\/salrio_conflicto.jpg\" \/>\n\t<meta property=\"og:image:width\" content=\"640\" \/>\n\t<meta property=\"og:image:height\" content=\"628\" \/>\n\t<meta property=\"og:image:type\" content=\"image\/jpeg\" \/>\n<meta name=\"author\" content=\"UGT\" \/>\n<meta name=\"twitter:card\" content=\"summary_large_image\" \/>\n<meta name=\"twitter:creator\" content=\"@ugtcom\" \/>\n<meta name=\"twitter:site\" content=\"@ugtcom\" \/>\n<meta name=\"twitter:label1\" content=\"Escrito por\" \/>\n\t<meta name=\"twitter:data1\" content=\"UGT\" \/>\n\t<meta name=\"twitter:label2\" content=\"Tiempo de lectura\" \/>\n\t<meta name=\"twitter:data2\" content=\"3 minutos\" \/>\n<script type=\"application\/ld+json\" class=\"yoast-schema-graph\">{\"@context\":\"https:\\\/\\\/schema.org\",\"@graph\":[{\"@type\":\"Article\",\"@id\":\"https:\\\/\\\/www.ugtcomunicaciones.es\\\/wordpress\\\/nuestra-principal-reivindicacion-en-el-sector-servicios-siguen-siendo-los-salarios\\\/#article\",\"isPartOf\":{\"@id\":\"https:\\\/\\\/www.ugtcomunicaciones.es\\\/wordpress\\\/nuestra-principal-reivindicacion-en-el-sector-servicios-siguen-siendo-los-salarios\\\/\"},\"author\":{\"name\":\"UGT\",\"@id\":\"https:\\\/\\\/www.ugtcomunicaciones.es\\\/wordpress\\\/#\\\/schema\\\/person\\\/eba0fc3fe5b444531d94d4368cba89ed\"},\"headline\":\"Nuestra principal reivindicaci\u00f3n en el sector servicios siguen siendo los salarios\",\"datePublished\":\"2023-01-19T08:28:08+00:00\",\"mainEntityOfPage\":{\"@id\":\"https:\\\/\\\/www.ugtcomunicaciones.es\\\/wordpress\\\/nuestra-principal-reivindicacion-en-el-sector-servicios-siguen-siendo-los-salarios\\\/\"},\"wordCount\":538,\"publisher\":{\"@id\":\"https:\\\/\\\/www.ugtcomunicaciones.es\\\/wordpress\\\/#organization\"},\"image\":{\"@id\":\"https:\\\/\\\/www.ugtcomunicaciones.es\\\/wordpress\\\/nuestra-principal-reivindicacion-en-el-sector-servicios-siguen-siendo-los-salarios\\\/#primaryimage\"},\"thumbnailUrl\":\"https:\\\/\\\/www.ugtcomunicaciones.es\\\/wordpress\\\/wp-content\\\/uploads\\\/2023\\\/01\\\/salrio_conflicto.jpg\",\"articleSection\":[\"Portada\"],\"inLanguage\":\"es\"},{\"@type\":\"WebPage\",\"@id\":\"https:\\\/\\\/www.ugtcomunicaciones.es\\\/wordpress\\\/nuestra-principal-reivindicacion-en-el-sector-servicios-siguen-siendo-los-salarios\\\/\",\"url\":\"https:\\\/\\\/www.ugtcomunicaciones.es\\\/wordpress\\\/nuestra-principal-reivindicacion-en-el-sector-servicios-siguen-siendo-los-salarios\\\/\",\"name\":\"Nuestra principal reivindicaci\u00f3n en el sector servicios siguen siendo los salarios - UGT Comunicaciones\",\"isPartOf\":{\"@id\":\"https:\\\/\\\/www.ugtcomunicaciones.es\\\/wordpress\\\/#website\"},\"primaryImageOfPage\":{\"@id\":\"https:\\\/\\\/www.ugtcomunicaciones.es\\\/wordpress\\\/nuestra-principal-reivindicacion-en-el-sector-servicios-siguen-siendo-los-salarios\\\/#primaryimage\"},\"image\":{\"@id\":\"https:\\\/\\\/www.ugtcomunicaciones.es\\\/wordpress\\\/nuestra-principal-reivindicacion-en-el-sector-servicios-siguen-siendo-los-salarios\\\/#primaryimage\"},\"thumbnailUrl\":\"https:\\\/\\\/www.ugtcomunicaciones.es\\\/wordpress\\\/wp-content\\\/uploads\\\/2023\\\/01\\\/salrio_conflicto.jpg\",\"datePublished\":\"2023-01-19T08:28:08+00:00\",\"breadcrumb\":{\"@id\":\"https:\\\/\\\/www.ugtcomunicaciones.es\\\/wordpress\\\/nuestra-principal-reivindicacion-en-el-sector-servicios-siguen-siendo-los-salarios\\\/#breadcrumb\"},\"inLanguage\":\"es\",\"potentialAction\":[{\"@type\":\"ReadAction\",\"target\":[\"https:\\\/\\\/www.ugtcomunicaciones.es\\\/wordpress\\\/nuestra-principal-reivindicacion-en-el-sector-servicios-siguen-siendo-los-salarios\\\/\"]}]},{\"@type\":\"ImageObject\",\"inLanguage\":\"es\",\"@id\":\"https:\\\/\\\/www.ugtcomunicaciones.es\\\/wordpress\\\/nuestra-principal-reivindicacion-en-el-sector-servicios-siguen-siendo-los-salarios\\\/#primaryimage\",\"url\":\"https:\\\/\\\/www.ugtcomunicaciones.es\\\/wordpress\\\/wp-content\\\/uploads\\\/2023\\\/01\\\/salrio_conflicto.jpg\",\"contentUrl\":\"https:\\\/\\\/www.ugtcomunicaciones.es\\\/wordpress\\\/wp-content\\\/uploads\\\/2023\\\/01\\\/salrio_conflicto.jpg\",\"width\":640,\"height\":628,\"caption\":\"salario o conflicto\"},{\"@type\":\"BreadcrumbList\",\"@id\":\"https:\\\/\\\/www.ugtcomunicaciones.es\\\/wordpress\\\/nuestra-principal-reivindicacion-en-el-sector-servicios-siguen-siendo-los-salarios\\\/#breadcrumb\",\"itemListElement\":[{\"@type\":\"ListItem\",\"position\":1,\"name\":\"Portada\",\"item\":\"https:\\\/\\\/www.ugtcomunicaciones.es\\\/wordpress\\\/\"},{\"@type\":\"ListItem\",\"position\":2,\"name\":\"Nuestra principal reivindicaci\u00f3n en el sector servicios siguen siendo los salarios\"}]},{\"@type\":\"WebSite\",\"@id\":\"https:\\\/\\\/www.ugtcomunicaciones.es\\\/wordpress\\\/#website\",\"url\":\"https:\\\/\\\/www.ugtcomunicaciones.es\\\/wordpress\\\/\",\"name\":\"UGT Comunicaciones\",\"description\":\"Sindicato de Telecomunicaciones\",\"publisher\":{\"@id\":\"https:\\\/\\\/www.ugtcomunicaciones.es\\\/wordpress\\\/#organization\"},\"potentialAction\":[{\"@type\":\"SearchAction\",\"target\":{\"@type\":\"EntryPoint\",\"urlTemplate\":\"https:\\\/\\\/www.ugtcomunicaciones.es\\\/wordpress\\\/?s={search_term_string}\"},\"query-input\":{\"@type\":\"PropertyValueSpecification\",\"valueRequired\":true,\"valueName\":\"search_term_string\"}}],\"inLanguage\":\"es\"},{\"@type\":\"Organization\",\"@id\":\"https:\\\/\\\/www.ugtcomunicaciones.es\\\/wordpress\\\/#organization\",\"name\":\"UGT Comunicaciones\",\"url\":\"https:\\\/\\\/www.ugtcomunicaciones.es\\\/wordpress\\\/\",\"logo\":{\"@type\":\"ImageObject\",\"inLanguage\":\"es\",\"@id\":\"https:\\\/\\\/www.ugtcomunicaciones.es\\\/wordpress\\\/#\\\/schema\\\/logo\\\/image\\\/\",\"url\":\"https:\\\/\\\/www.ugtcomunicaciones.es\\\/wordpress\\\/wp-content\\\/uploads\\\/2024\\\/04\\\/comunicaciones_logo.png\",\"contentUrl\":\"https:\\\/\\\/www.ugtcomunicaciones.es\\\/wordpress\\\/wp-content\\\/uploads\\\/2024\\\/04\\\/comunicaciones_logo.png\",\"width\":298,\"height\":81,\"caption\":\"UGT Comunicaciones\"},\"image\":{\"@id\":\"https:\\\/\\\/www.ugtcomunicaciones.es\\\/wordpress\\\/#\\\/schema\\\/logo\\\/image\\\/\"},\"sameAs\":[\"https:\\\/\\\/www.facebook.com\\\/ugt.comunicaciones\\\/\",\"https:\\\/\\\/x.com\\\/ugtcom\"]},{\"@type\":\"Person\",\"@id\":\"https:\\\/\\\/www.ugtcomunicaciones.es\\\/wordpress\\\/#\\\/schema\\\/person\\\/eba0fc3fe5b444531d94d4368cba89ed\",\"name\":\"UGT\",\"image\":{\"@type\":\"ImageObject\",\"inLanguage\":\"es\",\"@id\":\"https:\\\/\\\/secure.gravatar.com\\\/avatar\\\/2a16057d620a4c646bcfc171c4f23030879ebbdd346f0525bd5d4a564e57e13d?s=96&d=mm&r=g\",\"url\":\"https:\\\/\\\/secure.gravatar.com\\\/avatar\\\/2a16057d620a4c646bcfc171c4f23030879ebbdd346f0525bd5d4a564e57e13d?s=96&d=mm&r=g\",\"contentUrl\":\"https:\\\/\\\/secure.gravatar.com\\\/avatar\\\/2a16057d620a4c646bcfc171c4f23030879ebbdd346f0525bd5d4a564e57e13d?s=96&d=mm&r=g\",\"caption\":\"UGT\"}}]}<\/script>\n<!-- \/ Yoast SEO Premium plugin. -->","yoast_head_json":{"title":"Nuestra principal reivindicaci\u00f3n en el sector servicios siguen siendo los salarios - UGT Comunicaciones","robots":{"index":"index","follow":"follow","max-snippet":"max-snippet:-1","max-image-preview":"max-image-preview:large","max-video-preview":"max-video-preview:-1"},"canonical":"https:\/\/www.ugtcomunicaciones.es\/wordpress\/nuestra-principal-reivindicacion-en-el-sector-servicios-siguen-siendo-los-salarios\/","og_locale":"es_ES","og_type":"article","og_title":"Nuestra principal reivindicaci\u00f3n en el sector servicios siguen siendo los salarios","og_description":"Incrementar salarios, reforzar la representatividad de UGT en las empresas y aumentar la afiliaci\u00f3n, los tres objetivos estrat\u00e9gicos de la FeSMC-UGT para el a\u00f1o que comienza. \u00abNuestra principal reivindicaci\u00f3n hoy es el salario. Los trabajadores y las trabajadoras del sector Servicios no pueden seguir perdiendo poder adquisitivo, empobreci\u00e9ndose\u00bb. As\u00ed se ha expresado\u00a0Antonio Oviedo, Secretario General [&hellip;]","og_url":"https:\/\/www.ugtcomunicaciones.es\/wordpress\/nuestra-principal-reivindicacion-en-el-sector-servicios-siguen-siendo-los-salarios\/","og_site_name":"UGT Comunicaciones","article_publisher":"https:\/\/www.facebook.com\/ugt.comunicaciones\/","article_published_time":"2023-01-19T08:28:08+00:00","og_image":[{"width":640,"height":628,"url":"https:\/\/www.ugtcomunicaciones.es\/wordpress\/wp-content\/uploads\/2023\/01\/salrio_conflicto.jpg","type":"image\/jpeg"}],"author":"UGT","twitter_card":"summary_large_image","twitter_creator":"@ugtcom","twitter_site":"@ugtcom","twitter_misc":{"Escrito por":"UGT","Tiempo de lectura":"3 minutos"},"schema":{"@context":"https:\/\/schema.org","@graph":[{"@type":"Article","@id":"https:\/\/www.ugtcomunicaciones.es\/wordpress\/nuestra-principal-reivindicacion-en-el-sector-servicios-siguen-siendo-los-salarios\/#article","isPartOf":{"@id":"https:\/\/www.ugtcomunicaciones.es\/wordpress\/nuestra-principal-reivindicacion-en-el-sector-servicios-siguen-siendo-los-salarios\/"},"author":{"name":"UGT","@id":"https:\/\/www.ugtcomunicaciones.es\/wordpress\/#\/schema\/person\/eba0fc3fe5b444531d94d4368cba89ed"},"headline":"Nuestra principal reivindicaci\u00f3n en el sector servicios siguen siendo los salarios","datePublished":"2023-01-19T08:28:08+00:00","mainEntityOfPage":{"@id":"https:\/\/www.ugtcomunicaciones.es\/wordpress\/nuestra-principal-reivindicacion-en-el-sector-servicios-siguen-siendo-los-salarios\/"},"wordCount":538,"publisher":{"@id":"https:\/\/www.ugtcomunicaciones.es\/wordpress\/#organization"},"image":{"@id":"https:\/\/www.ugtcomunicaciones.es\/wordpress\/nuestra-principal-reivindicacion-en-el-sector-servicios-siguen-siendo-los-salarios\/#primaryimage"},"thumbnailUrl":"https:\/\/www.ugtcomunicaciones.es\/wordpress\/wp-content\/uploads\/2023\/01\/salrio_conflicto.jpg","articleSection":["Portada"],"inLanguage":"es"},{"@type":"WebPage","@id":"https:\/\/www.ugtcomunicaciones.es\/wordpress\/nuestra-principal-reivindicacion-en-el-sector-servicios-siguen-siendo-los-salarios\/","url":"https:\/\/www.ugtcomunicaciones.es\/wordpress\/nuestra-principal-reivindicacion-en-el-sector-servicios-siguen-siendo-los-salarios\/","name":"Nuestra principal reivindicaci\u00f3n en el sector servicios siguen siendo los salarios - UGT Comunicaciones","isPartOf":{"@id":"https:\/\/www.ugtcomunicaciones.es\/wordpress\/#website"},"primaryImageOfPage":{"@id":"https:\/\/www.ugtcomunicaciones.es\/wordpress\/nuestra-principal-reivindicacion-en-el-sector-servicios-siguen-siendo-los-salarios\/#primaryimage"},"image":{"@id":"https:\/\/www.ugtcomunicaciones.es\/wordpress\/nuestra-principal-reivindicacion-en-el-sector-servicios-siguen-siendo-los-salarios\/#primaryimage"},"thumbnailUrl":"https:\/\/www.ugtcomunicaciones.es\/wordpress\/wp-content\/uploads\/2023\/01\/salrio_conflicto.jpg","datePublished":"2023-01-19T08:28:08+00:00","breadcrumb":{"@id":"https:\/\/www.ugtcomunicaciones.es\/wordpress\/nuestra-principal-reivindicacion-en-el-sector-servicios-siguen-siendo-los-salarios\/#breadcrumb"},"inLanguage":"es","potentialAction":[{"@type":"ReadAction","target":["https:\/\/www.ugtcomunicaciones.es\/wordpress\/nuestra-principal-reivindicacion-en-el-sector-servicios-siguen-siendo-los-salarios\/"]}]},{"@type":"ImageObject","inLanguage":"es","@id":"https:\/\/www.ugtcomunicaciones.es\/wordpress\/nuestra-principal-reivindicacion-en-el-sector-servicios-siguen-siendo-los-salarios\/#primaryimage","url":"https:\/\/www.ugtcomunicaciones.es\/wordpress\/wp-content\/uploads\/2023\/01\/salrio_conflicto.jpg","contentUrl":"https:\/\/www.ugtcomunicaciones.es\/wordpress\/wp-content\/uploads\/2023\/01\/salrio_conflicto.jpg","width":640,"height":628,"caption":"salario o conflicto"},{"@type":"BreadcrumbList","@id":"https:\/\/www.ugtcomunicaciones.es\/wordpress\/nuestra-principal-reivindicacion-en-el-sector-servicios-siguen-siendo-los-salarios\/#breadcrumb","itemListElement":[{"@type":"ListItem","position":1,"name":"Portada","item":"https:\/\/www.ugtcomunicaciones.es\/wordpress\/"},{"@type":"ListItem","position":2,"name":"Nuestra principal reivindicaci\u00f3n en el sector servicios siguen siendo los salarios"}]},{"@type":"WebSite","@id":"https:\/\/www.ugtcomunicaciones.es\/wordpress\/#website","url":"https:\/\/www.ugtcomunicaciones.es\/wordpress\/","name":"UGT Comunicaciones","description":"Sindicato de Telecomunicaciones","publisher":{"@id":"https:\/\/www.ugtcomunicaciones.es\/wordpress\/#organization"},"potentialAction":[{"@type":"SearchAction","target":{"@type":"EntryPoint","urlTemplate":"https:\/\/www.ugtcomunicaciones.es\/wordpress\/?s={search_term_string}"},"query-input":{"@type":"PropertyValueSpecification","valueRequired":true,"valueName":"search_term_string"}}],"inLanguage":"es"},{"@type":"Organization","@id":"https:\/\/www.ugtcomunicaciones.es\/wordpress\/#organization","name":"UGT Comunicaciones","url":"https:\/\/www.ugtcomunicaciones.es\/wordpress\/","logo":{"@type":"ImageObject","inLanguage":"es","@id":"https:\/\/www.ugtcomunicaciones.es\/wordpress\/#\/schema\/logo\/image\/","url":"https:\/\/www.ugtcomunicaciones.es\/wordpress\/wp-content\/uploads\/2024\/04\/comunicaciones_logo.png","contentUrl":"https:\/\/www.ugtcomunicaciones.es\/wordpress\/wp-content\/uploads\/2024\/04\/comunicaciones_logo.png","width":298,"height":81,"caption":"UGT Comunicaciones"},"image":{"@id":"https:\/\/www.ugtcomunicaciones.es\/wordpress\/#\/schema\/logo\/image\/"},"sameAs":["https:\/\/www.facebook.com\/ugt.comunicaciones\/","https:\/\/x.com\/ugtcom"]},{"@type":"Person","@id":"https:\/\/www.ugtcomunicaciones.es\/wordpress\/#\/schema\/person\/eba0fc3fe5b444531d94d4368cba89ed","name":"UGT","image":{"@type":"ImageObject","inLanguage":"es","@id":"https:\/\/secure.gravatar.com\/avatar\/2a16057d620a4c646bcfc171c4f23030879ebbdd346f0525bd5d4a564e57e13d?s=96&d=mm&r=g","url":"https:\/\/secure.gravatar.com\/avatar\/2a16057d620a4c646bcfc171c4f23030879ebbdd346f0525bd5d4a564e57e13d?s=96&d=mm&r=g","contentUrl":"https:\/\/secure.gravatar.com\/avatar\/2a16057d620a4c646bcfc171c4f23030879ebbdd346f0525bd5d4a564e57e13d?s=96&d=mm&r=g","caption":"UGT"}}]}},"_links":{"self":[{"href":"https:\/\/www.ugtcomunicaciones.es\/wordpress\/wp-json\/wp\/v2\/posts\/1061579","targetHints":{"allow":["GET"]}}],"collection":[{"href":"https:\/\/www.ugtcomunicaciones.es\/wordpress\/wp-json\/wp\/v2\/posts"}],"about":[{"href":"https:\/\/www.ugtcomunicaciones.es\/wordpress\/wp-json\/wp\/v2\/types\/post"}],"author":[{"embeddable":true,"href":"https:\/\/www.ugtcomunicaciones.es\/wordpress\/wp-json\/wp\/v2\/users\/3"}],"replies":[{"embeddable":true,"href":"https:\/\/www.ugtcomunicaciones.es\/wordpress\/wp-json\/wp\/v2\/comments?post=1061579"}],"version-history":[{"count":1,"href":"https:\/\/www.ugtcomunicaciones.es\/wordpress\/wp-json\/wp\/v2\/posts\/1061579\/revisions"}],"predecessor-version":[{"id":1061583,"href":"https:\/\/www.ugtcomunicaciones.es\/wordpress\/wp-json\/wp\/v2\/posts\/1061579\/revisions\/1061583"}],"wp:featuredmedia":[{"embeddable":true,"href":"https:\/\/www.ugtcomunicaciones.es\/wordpress\/wp-json\/wp\/v2\/media\/1061581"}],"wp:attachment":[{"href":"https:\/\/www.ugtcomunicaciones.es\/wordpress\/wp-json\/wp\/v2\/media?parent=1061579"}],"wp:term":[{"taxonomy":"category","embeddable":true,"href":"https:\/\/www.ugtcomunicaciones.es\/wordpress\/wp-json\/wp\/v2\/categories?post=1061579"},{"taxonomy":"post_tag","embeddable":true,"href":"https:\/\/www.ugtcomunicaciones.es\/wordpress\/wp-json\/wp\/v2\/tags?post=1061579"}],"curies":[{"name":"wp","href":"https:\/\/api.w.org\/{rel}","templated":true}]}}