{"id":1063488,"date":"2023-03-27T07:00:57","date_gmt":"2023-03-27T05:00:57","guid":{"rendered":"https:\/\/www.ugtcomunicaciones.es\/wordpress\/?p=1063488"},"modified":"2023-03-21T14:39:29","modified_gmt":"2023-03-21T12:39:29","slug":"operador-artificial","status":"publish","type":"post","link":"https:\/\/www.ugtcomunicaciones.es\/wordpress\/operador-artificial\/","title":{"rendered":"Este sector no necesita otro cuatro operador artificial"},"content":{"rendered":"<h4 style=\"text-align: justify;\">Desde el anuncio de fusi\u00f3n entre Orange y M\u00e1sM\u00f3vil se cuentan por cientos los <a href=\"https:\/\/elpais.com\/economia\/2023-03-07\/bruselas-amplia-el-plazo-para-revisar-la-fusion-de-orange-y-masmovil.html\" target=\"_blank\" rel=\"noopener\">art\u00edculos<\/a><a href=\"#_ftn1\" name=\"_ftnref1\"><\/a>, <a href=\"https:\/\/cincodias.elpais.com\/companias\/2023-02-23\/pallete-la-fusion-de-orange-y-masmovil-debe-ser-aprobada-sin-condiciones-o-minimas.html\" target=\"_blank\" rel=\"noopener\">opiniones<\/a>\u00a0y <a href=\"https:\/\/www.xatakamovil.com\/orange\/masmovil-orange-tantean-a-digi-otros-rivales-remedies-fusion-expansion\" target=\"_blank\" rel=\"noopener\">posicionamientos<\/a> alrededor de los llamados <em>remedies<\/em>.<\/h4>\n<p style=\"text-align: justify;\">Los\u00a0remedies, que podr\u00edamos traducir por <em>\u201c\u00abacciones\u00bb o \u00absoluciones jur\u00eddicas\u00bb, son un conjunto de mecanismos legales desarrollados por el\u00a0Common Law\u00a0para subsanar o compensar la infracci\u00f3n de un <a href=\"https:\/\/traduccionjuridica.es\/que-son-los-remedies\/\" target=\"_blank\" rel=\"noopener\">derecho<\/a>\u201d<\/em>. Para el caso de las telecos, son aquellas obligaciones que se imponen a los actores de una fusi\u00f3n, oblig\u00e1ndolos, por ejemplo, a vender parte de sus activos. Una muestra de esto fue la obligaci\u00f3n que se le impuso a la propia Orange cuando adquiri\u00f3 Jazztel para <em>\u201cceder una red independiente de fibra \u00f3ptica hasta el hogar (FTTH) que abarca entre 700.000 y 800.000 unidades inmobiliarias\u201d<\/em>, adem\u00e1s de comprometerse a <em>\u201cofrecer acceso mayorista a la red nacional de ADSL de Jazztel al comprador de la red fibra durante un per\u00edodo de hasta <a href=\"https:\/\/www.bankinter.com\/blog\/lo-ultimo\/bruselas-aprueba-la-compra-de-jazztel-por-parte-de-orange-pero-con-condiciones\" target=\"_blank\" rel=\"noopener\">ocho a\u00f1os<\/a>\u201d<\/em>.<\/p>\n<p style=\"text-align: justify;\">A lo largo de nuestra historia, la imposici\u00f3n de estos \u201cremedios\u201d han causado estragos en nuestro sector. Conducidos por la inefable comisaria de la CE, Margareth Vestager, cada movimiento de compra o fusi\u00f3n entre operadoras en Espa\u00f1a acaba siempre en el mismo modelo de repetici\u00f3n: una de las tres principales operadoras compra a un tercero; se le obliga a vender parte de su red para que surgiese un nuevo operador, que crec\u00eda exponencialmente tirando los precios, hasta que era de nuevo adquirido por alguna de las principales operadoras\u2026y vuelta a empezar. Entre tanto, el empleo, la competencia en infraestructuras y la calidad del servicios ca\u00edan en picado empujados por la din\u00e1mica low-cost que tanto da\u00f1o ha hecho a este sector.<\/p>\n<p style=\"text-align: justify;\">En opini\u00f3n de <span style=\"color: #ff0000;\"><strong>UGT<\/strong><\/span>, esta perniciosa din\u00e1mica debe cesar de una vez por todas, ante las grav\u00edsimas consecuencias que ha tenido para el empleo (recordemos 15.000 puestos de trabajo menos en una d\u00e9cada). La doctrina de crear un mercado artificial de cuatro, o incluso cinco operadores, pugnando por bajar constantemente los precios ha creado una <em>permacrisis<\/em> de ingresos y empleo que no pueden dilatarse por m\u00e1s <a href=\"https:\/\/www.ugtcomunicaciones.es\/wordpress\/precios-telecos\/\" target=\"_blank\" rel=\"noopener\">tiempo<\/a>.<\/p>\n<p style=\"text-align: justify;\">Consideramos inadmisible prolongar eternamente paradigmas que se han demostrado <a href=\"https:\/\/theobjective.com\/economia\/2023-03-09\/bruselas-limites-orange-masmovil\/\" target=\"_blank\" rel=\"noopener\">fallidos<\/a><a href=\"#_ftn7\" name=\"_ftnref7\"><\/a>. La Comisi\u00f3n Europea debe suprimir tics de otra <a href=\"https:\/\/cincodias.elpais.com\/opinion\/2023-03-11\/vestager-agita-de-nuevo-su-guadana-y-amenaza-la-fusion-orange-masmovil.html\" target=\"_blank\" rel=\"noopener\">\u00e9poca<\/a>, cerrar sus brechas de cohesi\u00f3n <a href=\"https:\/\/cincodias.elpais.com\/opinion\/2023-03-11\/vestager-agita-de-nuevo-su-guadana-y-amenaza-la-fusion-orange-masmovil.html\" target=\"_blank\" rel=\"noopener\">interna<\/a>\u00a0y abrirse a pol\u00edticas donde el empleo y la competencia en infraestructuras sean los ejes de crecimiento. Acierta nuestro pa\u00eds cuando apoya esta <a href=\"https:\/\/www.eleconomista.es\/telecomunicaciones\/noticias\/12176629\/03\/23\/Economia-favorecera-la-fusion-OrangeMasMovil-al-restar-poder-al-regulador.html\" target=\"_blank\" rel=\"noopener\">nueva visi\u00f3n<\/a>, olvid\u00e1ndose de los protagonismos de <a href=\"https:\/\/www.eleconomista.es\/telecomunicaciones\/noticias\/12173485\/03\/23\/La-CNMC-pide-a-Bruselas-que-la-fusion-de-Orange-y-MasMovil-se-analice-en-Espana.html\" target=\"_blank\" rel=\"noopener\">algunos <\/a>que, adem\u00e1s ejercitarse \u00a0cara a la galer\u00eda, le despistan de aquello que deber\u00edan estar haciendo (por ejemplo, analizar cual es el impacto en el empleo de sus decisiones a lo largo de estas dos \u00faltimas d\u00e9cadas).<\/p>\n<p style=\"text-align: justify;\">En conclusi\u00f3n: s\u00f3lo permitiendo una fusi\u00f3n sin m\u00e1s obligaciones que las referentes a creaci\u00f3n de empleo e <a href=\"https:\/\/www.europapress.es\/economia\/noticia-barclays-advierte-telecos-europeas-ausencia-remedies-clave-crear-valor-fusiones-20220222141348.html\" target=\"_blank\" rel=\"noopener\">inversi\u00f3n<\/a>\u00a0podremos acabar con este interminable proceso de consolidaci\u00f3n. Seguimos defendiendo la necesidad de conformar un sector\u00a0<em>telco<\/em>\u00a0integrado por operadores fuertes que compitan sobre infraestructuras y apuesten por la inversi\u00f3n, la innovaci\u00f3n, el crecimiento y el <a href=\"https:\/\/www.fesmcugt.org\/2022\/03\/08\/ante-la-fusion-de-orange-y-masmovil-ugt-exige-un-proceso-de-consolidacion-sectorial-que-cree-empleo-digno-y-cierre-la-brecha-digital\/\" target=\"_blank\" rel=\"noopener\">empleo<\/a><a href=\"#_ftn13\" name=\"_ftnref13\"><\/a>.<\/p>\n<h4 style=\"text-align: right;\"><strong><span style=\"color: #ff0000;\">UGT<\/span> Comunicaciones<\/strong><\/h4>\n<p><a href=\"#_ftnref1\" name=\"_ftn1\"><\/a><\/p>\n","protected":false},"excerpt":{"rendered":"<p>Desde el anuncio de fusi\u00f3n entre Orange y M\u00e1sM\u00f3vil se cuentan por cientos los art\u00edculos, opiniones\u00a0y posicionamientos alrededor de los llamados remedies. Los\u00a0remedies, que podr\u00edamos traducir por \u201c\u00abacciones\u00bb o \u00absoluciones jur\u00eddicas\u00bb, son un conjunto de mecanismos legales desarrollados por el\u00a0Common Law\u00a0para subsanar o compensar la infracci\u00f3n de un derecho\u201d. Para el caso de las telecos, [&hellip;]<\/p>\n","protected":false},"author":3,"featured_media":695,"comment_status":"closed","ping_status":"closed","sticky":false,"template":"","format":"standard","meta":{"footnotes":""},"categories":[14,12],"tags":[],"class_list":["post-1063488","post","type-post","status-publish","format-standard","has-post-thumbnail","hentry","category-opinion","category-regulacion"],"yoast_head":"<!-- This site is optimized with the Yoast SEO Premium plugin v27.3 (Yoast SEO v27.4) - https:\/\/yoast.com\/product\/yoast-seo-premium-wordpress\/ -->\n<title>Este sector no necesita otro cuatro operador artificial - UGT Comunicaciones<\/title>\n<meta name=\"description\" content=\"Desde el anuncio de fusi\u00f3n entre Orange y M\u00e1sM\u00f3vil se cuentan por cientos los art\u00edculos, opiniones\u00a0y posicionamientos\" \/>\n<meta name=\"robots\" content=\"index, follow, max-snippet:-1, max-image-preview:large, max-video-preview:-1\" \/>\n<link rel=\"canonical\" href=\"https:\/\/www.ugtcomunicaciones.es\/wordpress\/operador-artificial\/\" \/>\n<meta property=\"og:locale\" content=\"es_ES\" \/>\n<meta property=\"og:type\" content=\"article\" \/>\n<meta property=\"og:title\" content=\"Este sector no necesita otro cuatro operador artificial\" \/>\n<meta property=\"og:description\" content=\"Desde el anuncio de fusi\u00f3n entre Orange y M\u00e1sM\u00f3vil se cuentan por cientos los art\u00edculos, opiniones\u00a0y posicionamientos\" \/>\n<meta property=\"og:url\" content=\"https:\/\/www.ugtcomunicaciones.es\/wordpress\/operador-artificial\/\" \/>\n<meta property=\"og:site_name\" content=\"UGT Comunicaciones\" \/>\n<meta property=\"article:publisher\" content=\"https:\/\/www.facebook.com\/ugt.comunicaciones\/\" \/>\n<meta property=\"article:published_time\" content=\"2023-03-27T05:00:57+00:00\" \/>\n<meta property=\"og:image\" content=\"https:\/\/www.ugtcomunicaciones.es\/wordpress\/wp-content\/uploads\/2017\/01\/masmovil.png\" \/>\n\t<meta property=\"og:image:width\" content=\"600\" \/>\n\t<meta property=\"og:image:height\" content=\"327\" \/>\n\t<meta property=\"og:image:type\" content=\"image\/png\" \/>\n<meta name=\"author\" content=\"UGT\" \/>\n<meta name=\"twitter:card\" content=\"summary_large_image\" \/>\n<meta name=\"twitter:creator\" content=\"@ugtcom\" \/>\n<meta name=\"twitter:site\" content=\"@ugtcom\" \/>\n<meta name=\"twitter:label1\" content=\"Escrito por\" \/>\n\t<meta name=\"twitter:data1\" content=\"UGT\" \/>\n\t<meta name=\"twitter:label2\" content=\"Tiempo de lectura\" \/>\n\t<meta name=\"twitter:data2\" content=\"3 minutos\" \/>\n<script type=\"application\/ld+json\" class=\"yoast-schema-graph\">{\"@context\":\"https:\\\/\\\/schema.org\",\"@graph\":[{\"@type\":\"Article\",\"@id\":\"https:\\\/\\\/www.ugtcomunicaciones.es\\\/wordpress\\\/operador-artificial\\\/#article\",\"isPartOf\":{\"@id\":\"https:\\\/\\\/www.ugtcomunicaciones.es\\\/wordpress\\\/operador-artificial\\\/\"},\"author\":{\"name\":\"UGT\",\"@id\":\"https:\\\/\\\/www.ugtcomunicaciones.es\\\/wordpress\\\/#\\\/schema\\\/person\\\/eba0fc3fe5b444531d94d4368cba89ed\"},\"headline\":\"Este sector no necesita otro cuatro operador artificial\",\"datePublished\":\"2023-03-27T05:00:57+00:00\",\"mainEntityOfPage\":{\"@id\":\"https:\\\/\\\/www.ugtcomunicaciones.es\\\/wordpress\\\/operador-artificial\\\/\"},\"wordCount\":533,\"publisher\":{\"@id\":\"https:\\\/\\\/www.ugtcomunicaciones.es\\\/wordpress\\\/#organization\"},\"image\":{\"@id\":\"https:\\\/\\\/www.ugtcomunicaciones.es\\\/wordpress\\\/operador-artificial\\\/#primaryimage\"},\"thumbnailUrl\":\"https:\\\/\\\/www.ugtcomunicaciones.es\\\/wordpress\\\/wp-content\\\/uploads\\\/2017\\\/01\\\/masmovil.png\",\"articleSection\":[\"Opini\u00f3n\",\"Regulaci\u00f3n\"],\"inLanguage\":\"es\"},{\"@type\":\"WebPage\",\"@id\":\"https:\\\/\\\/www.ugtcomunicaciones.es\\\/wordpress\\\/operador-artificial\\\/\",\"url\":\"https:\\\/\\\/www.ugtcomunicaciones.es\\\/wordpress\\\/operador-artificial\\\/\",\"name\":\"Este sector no necesita otro cuatro operador artificial - UGT Comunicaciones\",\"isPartOf\":{\"@id\":\"https:\\\/\\\/www.ugtcomunicaciones.es\\\/wordpress\\\/#website\"},\"primaryImageOfPage\":{\"@id\":\"https:\\\/\\\/www.ugtcomunicaciones.es\\\/wordpress\\\/operador-artificial\\\/#primaryimage\"},\"image\":{\"@id\":\"https:\\\/\\\/www.ugtcomunicaciones.es\\\/wordpress\\\/operador-artificial\\\/#primaryimage\"},\"thumbnailUrl\":\"https:\\\/\\\/www.ugtcomunicaciones.es\\\/wordpress\\\/wp-content\\\/uploads\\\/2017\\\/01\\\/masmovil.png\",\"datePublished\":\"2023-03-27T05:00:57+00:00\",\"description\":\"Desde el anuncio de fusi\u00f3n entre Orange y M\u00e1sM\u00f3vil se cuentan por cientos los art\u00edculos, opiniones\u00a0y posicionamientos\",\"breadcrumb\":{\"@id\":\"https:\\\/\\\/www.ugtcomunicaciones.es\\\/wordpress\\\/operador-artificial\\\/#breadcrumb\"},\"inLanguage\":\"es\",\"potentialAction\":[{\"@type\":\"ReadAction\",\"target\":[\"https:\\\/\\\/www.ugtcomunicaciones.es\\\/wordpress\\\/operador-artificial\\\/\"]}]},{\"@type\":\"ImageObject\",\"inLanguage\":\"es\",\"@id\":\"https:\\\/\\\/www.ugtcomunicaciones.es\\\/wordpress\\\/operador-artificial\\\/#primaryimage\",\"url\":\"https:\\\/\\\/www.ugtcomunicaciones.es\\\/wordpress\\\/wp-content\\\/uploads\\\/2017\\\/01\\\/masmovil.png\",\"contentUrl\":\"https:\\\/\\\/www.ugtcomunicaciones.es\\\/wordpress\\\/wp-content\\\/uploads\\\/2017\\\/01\\\/masmovil.png\",\"width\":600,\"height\":327,\"caption\":\"masmovil\"},{\"@type\":\"BreadcrumbList\",\"@id\":\"https:\\\/\\\/www.ugtcomunicaciones.es\\\/wordpress\\\/operador-artificial\\\/#breadcrumb\",\"itemListElement\":[{\"@type\":\"ListItem\",\"position\":1,\"name\":\"Portada\",\"item\":\"https:\\\/\\\/www.ugtcomunicaciones.es\\\/wordpress\\\/\"},{\"@type\":\"ListItem\",\"position\":2,\"name\":\"Este sector no necesita otro cuatro operador artificial\"}]},{\"@type\":\"WebSite\",\"@id\":\"https:\\\/\\\/www.ugtcomunicaciones.es\\\/wordpress\\\/#website\",\"url\":\"https:\\\/\\\/www.ugtcomunicaciones.es\\\/wordpress\\\/\",\"name\":\"UGT Comunicaciones\",\"description\":\"Sindicato de Telecomunicaciones\",\"publisher\":{\"@id\":\"https:\\\/\\\/www.ugtcomunicaciones.es\\\/wordpress\\\/#organization\"},\"potentialAction\":[{\"@type\":\"SearchAction\",\"target\":{\"@type\":\"EntryPoint\",\"urlTemplate\":\"https:\\\/\\\/www.ugtcomunicaciones.es\\\/wordpress\\\/?s={search_term_string}\"},\"query-input\":{\"@type\":\"PropertyValueSpecification\",\"valueRequired\":true,\"valueName\":\"search_term_string\"}}],\"inLanguage\":\"es\"},{\"@type\":\"Organization\",\"@id\":\"https:\\\/\\\/www.ugtcomunicaciones.es\\\/wordpress\\\/#organization\",\"name\":\"UGT Comunicaciones\",\"url\":\"https:\\\/\\\/www.ugtcomunicaciones.es\\\/wordpress\\\/\",\"logo\":{\"@type\":\"ImageObject\",\"inLanguage\":\"es\",\"@id\":\"https:\\\/\\\/www.ugtcomunicaciones.es\\\/wordpress\\\/#\\\/schema\\\/logo\\\/image\\\/\",\"url\":\"https:\\\/\\\/www.ugtcomunicaciones.es\\\/wordpress\\\/wp-content\\\/uploads\\\/2024\\\/04\\\/comunicaciones_logo.png\",\"contentUrl\":\"https:\\\/\\\/www.ugtcomunicaciones.es\\\/wordpress\\\/wp-content\\\/uploads\\\/2024\\\/04\\\/comunicaciones_logo.png\",\"width\":298,\"height\":81,\"caption\":\"UGT Comunicaciones\"},\"image\":{\"@id\":\"https:\\\/\\\/www.ugtcomunicaciones.es\\\/wordpress\\\/#\\\/schema\\\/logo\\\/image\\\/\"},\"sameAs\":[\"https:\\\/\\\/www.facebook.com\\\/ugt.comunicaciones\\\/\",\"https:\\\/\\\/x.com\\\/ugtcom\"]},{\"@type\":\"Person\",\"@id\":\"https:\\\/\\\/www.ugtcomunicaciones.es\\\/wordpress\\\/#\\\/schema\\\/person\\\/eba0fc3fe5b444531d94d4368cba89ed\",\"name\":\"UGT\",\"image\":{\"@type\":\"ImageObject\",\"inLanguage\":\"es\",\"@id\":\"https:\\\/\\\/secure.gravatar.com\\\/avatar\\\/2a16057d620a4c646bcfc171c4f23030879ebbdd346f0525bd5d4a564e57e13d?s=96&d=mm&r=g\",\"url\":\"https:\\\/\\\/secure.gravatar.com\\\/avatar\\\/2a16057d620a4c646bcfc171c4f23030879ebbdd346f0525bd5d4a564e57e13d?s=96&d=mm&r=g\",\"contentUrl\":\"https:\\\/\\\/secure.gravatar.com\\\/avatar\\\/2a16057d620a4c646bcfc171c4f23030879ebbdd346f0525bd5d4a564e57e13d?s=96&d=mm&r=g\",\"caption\":\"UGT\"}}]}<\/script>\n<!-- \/ Yoast SEO Premium plugin. -->","yoast_head_json":{"title":"Este sector no necesita otro cuatro operador artificial - UGT Comunicaciones","description":"Desde el anuncio de fusi\u00f3n entre Orange y M\u00e1sM\u00f3vil se cuentan por cientos los art\u00edculos, opiniones\u00a0y posicionamientos","robots":{"index":"index","follow":"follow","max-snippet":"max-snippet:-1","max-image-preview":"max-image-preview:large","max-video-preview":"max-video-preview:-1"},"canonical":"https:\/\/www.ugtcomunicaciones.es\/wordpress\/operador-artificial\/","og_locale":"es_ES","og_type":"article","og_title":"Este sector no necesita otro cuatro operador artificial","og_description":"Desde el anuncio de fusi\u00f3n entre Orange y M\u00e1sM\u00f3vil se cuentan por cientos los art\u00edculos, opiniones\u00a0y posicionamientos","og_url":"https:\/\/www.ugtcomunicaciones.es\/wordpress\/operador-artificial\/","og_site_name":"UGT Comunicaciones","article_publisher":"https:\/\/www.facebook.com\/ugt.comunicaciones\/","article_published_time":"2023-03-27T05:00:57+00:00","og_image":[{"width":600,"height":327,"url":"https:\/\/www.ugtcomunicaciones.es\/wordpress\/wp-content\/uploads\/2017\/01\/masmovil.png","type":"image\/png"}],"author":"UGT","twitter_card":"summary_large_image","twitter_creator":"@ugtcom","twitter_site":"@ugtcom","twitter_misc":{"Escrito por":"UGT","Tiempo de lectura":"3 minutos"},"schema":{"@context":"https:\/\/schema.org","@graph":[{"@type":"Article","@id":"https:\/\/www.ugtcomunicaciones.es\/wordpress\/operador-artificial\/#article","isPartOf":{"@id":"https:\/\/www.ugtcomunicaciones.es\/wordpress\/operador-artificial\/"},"author":{"name":"UGT","@id":"https:\/\/www.ugtcomunicaciones.es\/wordpress\/#\/schema\/person\/eba0fc3fe5b444531d94d4368cba89ed"},"headline":"Este sector no necesita otro cuatro operador artificial","datePublished":"2023-03-27T05:00:57+00:00","mainEntityOfPage":{"@id":"https:\/\/www.ugtcomunicaciones.es\/wordpress\/operador-artificial\/"},"wordCount":533,"publisher":{"@id":"https:\/\/www.ugtcomunicaciones.es\/wordpress\/#organization"},"image":{"@id":"https:\/\/www.ugtcomunicaciones.es\/wordpress\/operador-artificial\/#primaryimage"},"thumbnailUrl":"https:\/\/www.ugtcomunicaciones.es\/wordpress\/wp-content\/uploads\/2017\/01\/masmovil.png","articleSection":["Opini\u00f3n","Regulaci\u00f3n"],"inLanguage":"es"},{"@type":"WebPage","@id":"https:\/\/www.ugtcomunicaciones.es\/wordpress\/operador-artificial\/","url":"https:\/\/www.ugtcomunicaciones.es\/wordpress\/operador-artificial\/","name":"Este sector no necesita otro cuatro operador artificial - UGT Comunicaciones","isPartOf":{"@id":"https:\/\/www.ugtcomunicaciones.es\/wordpress\/#website"},"primaryImageOfPage":{"@id":"https:\/\/www.ugtcomunicaciones.es\/wordpress\/operador-artificial\/#primaryimage"},"image":{"@id":"https:\/\/www.ugtcomunicaciones.es\/wordpress\/operador-artificial\/#primaryimage"},"thumbnailUrl":"https:\/\/www.ugtcomunicaciones.es\/wordpress\/wp-content\/uploads\/2017\/01\/masmovil.png","datePublished":"2023-03-27T05:00:57+00:00","description":"Desde el anuncio de fusi\u00f3n entre Orange y M\u00e1sM\u00f3vil se cuentan por cientos los art\u00edculos, opiniones\u00a0y posicionamientos","breadcrumb":{"@id":"https:\/\/www.ugtcomunicaciones.es\/wordpress\/operador-artificial\/#breadcrumb"},"inLanguage":"es","potentialAction":[{"@type":"ReadAction","target":["https:\/\/www.ugtcomunicaciones.es\/wordpress\/operador-artificial\/"]}]},{"@type":"ImageObject","inLanguage":"es","@id":"https:\/\/www.ugtcomunicaciones.es\/wordpress\/operador-artificial\/#primaryimage","url":"https:\/\/www.ugtcomunicaciones.es\/wordpress\/wp-content\/uploads\/2017\/01\/masmovil.png","contentUrl":"https:\/\/www.ugtcomunicaciones.es\/wordpress\/wp-content\/uploads\/2017\/01\/masmovil.png","width":600,"height":327,"caption":"masmovil"},{"@type":"BreadcrumbList","@id":"https:\/\/www.ugtcomunicaciones.es\/wordpress\/operador-artificial\/#breadcrumb","itemListElement":[{"@type":"ListItem","position":1,"name":"Portada","item":"https:\/\/www.ugtcomunicaciones.es\/wordpress\/"},{"@type":"ListItem","position":2,"name":"Este sector no necesita otro cuatro operador artificial"}]},{"@type":"WebSite","@id":"https:\/\/www.ugtcomunicaciones.es\/wordpress\/#website","url":"https:\/\/www.ugtcomunicaciones.es\/wordpress\/","name":"UGT Comunicaciones","description":"Sindicato de Telecomunicaciones","publisher":{"@id":"https:\/\/www.ugtcomunicaciones.es\/wordpress\/#organization"},"potentialAction":[{"@type":"SearchAction","target":{"@type":"EntryPoint","urlTemplate":"https:\/\/www.ugtcomunicaciones.es\/wordpress\/?s={search_term_string}"},"query-input":{"@type":"PropertyValueSpecification","valueRequired":true,"valueName":"search_term_string"}}],"inLanguage":"es"},{"@type":"Organization","@id":"https:\/\/www.ugtcomunicaciones.es\/wordpress\/#organization","name":"UGT Comunicaciones","url":"https:\/\/www.ugtcomunicaciones.es\/wordpress\/","logo":{"@type":"ImageObject","inLanguage":"es","@id":"https:\/\/www.ugtcomunicaciones.es\/wordpress\/#\/schema\/logo\/image\/","url":"https:\/\/www.ugtcomunicaciones.es\/wordpress\/wp-content\/uploads\/2024\/04\/comunicaciones_logo.png","contentUrl":"https:\/\/www.ugtcomunicaciones.es\/wordpress\/wp-content\/uploads\/2024\/04\/comunicaciones_logo.png","width":298,"height":81,"caption":"UGT Comunicaciones"},"image":{"@id":"https:\/\/www.ugtcomunicaciones.es\/wordpress\/#\/schema\/logo\/image\/"},"sameAs":["https:\/\/www.facebook.com\/ugt.comunicaciones\/","https:\/\/x.com\/ugtcom"]},{"@type":"Person","@id":"https:\/\/www.ugtcomunicaciones.es\/wordpress\/#\/schema\/person\/eba0fc3fe5b444531d94d4368cba89ed","name":"UGT","image":{"@type":"ImageObject","inLanguage":"es","@id":"https:\/\/secure.gravatar.com\/avatar\/2a16057d620a4c646bcfc171c4f23030879ebbdd346f0525bd5d4a564e57e13d?s=96&d=mm&r=g","url":"https:\/\/secure.gravatar.com\/avatar\/2a16057d620a4c646bcfc171c4f23030879ebbdd346f0525bd5d4a564e57e13d?s=96&d=mm&r=g","contentUrl":"https:\/\/secure.gravatar.com\/avatar\/2a16057d620a4c646bcfc171c4f23030879ebbdd346f0525bd5d4a564e57e13d?s=96&d=mm&r=g","caption":"UGT"}}]}},"_links":{"self":[{"href":"https:\/\/www.ugtcomunicaciones.es\/wordpress\/wp-json\/wp\/v2\/posts\/1063488","targetHints":{"allow":["GET"]}}],"collection":[{"href":"https:\/\/www.ugtcomunicaciones.es\/wordpress\/wp-json\/wp\/v2\/posts"}],"about":[{"href":"https:\/\/www.ugtcomunicaciones.es\/wordpress\/wp-json\/wp\/v2\/types\/post"}],"author":[{"embeddable":true,"href":"https:\/\/www.ugtcomunicaciones.es\/wordpress\/wp-json\/wp\/v2\/users\/3"}],"replies":[{"embeddable":true,"href":"https:\/\/www.ugtcomunicaciones.es\/wordpress\/wp-json\/wp\/v2\/comments?post=1063488"}],"version-history":[{"count":4,"href":"https:\/\/www.ugtcomunicaciones.es\/wordpress\/wp-json\/wp\/v2\/posts\/1063488\/revisions"}],"predecessor-version":[{"id":1063493,"href":"https:\/\/www.ugtcomunicaciones.es\/wordpress\/wp-json\/wp\/v2\/posts\/1063488\/revisions\/1063493"}],"wp:featuredmedia":[{"embeddable":true,"href":"https:\/\/www.ugtcomunicaciones.es\/wordpress\/wp-json\/wp\/v2\/media\/695"}],"wp:attachment":[{"href":"https:\/\/www.ugtcomunicaciones.es\/wordpress\/wp-json\/wp\/v2\/media?parent=1063488"}],"wp:term":[{"taxonomy":"category","embeddable":true,"href":"https:\/\/www.ugtcomunicaciones.es\/wordpress\/wp-json\/wp\/v2\/categories?post=1063488"},{"taxonomy":"post_tag","embeddable":true,"href":"https:\/\/www.ugtcomunicaciones.es\/wordpress\/wp-json\/wp\/v2\/tags?post=1063488"}],"curies":[{"name":"wp","href":"https:\/\/api.w.org\/{rel}","templated":true}]}}