{"id":1063591,"date":"2023-04-10T07:00:04","date_gmt":"2023-04-10T05:00:04","guid":{"rendered":"https:\/\/www.ugtcomunicaciones.es\/wordpress\/?p=1063591"},"modified":"2023-03-27T13:07:18","modified_gmt":"2023-03-27T11:07:18","slug":"international-broadband-scorecard","status":"publish","type":"post","link":"https:\/\/www.ugtcomunicaciones.es\/wordpress\/international-broadband-scorecard\/","title":{"rendered":"International Broadband Scorecard 2022, Ofcom"},"content":{"rendered":"<p style=\"text-align: justify;\">Volvemos a analizar un cl\u00e1sico entre los cl\u00e1sicos en las comparativas internacionales: el <em>Internacional <a href=\"https:\/\/www.ofcom.org.uk\/research-and-data\/telecoms-research\/broadband-research\/eu-broadband-scorecard\" target=\"_blank\" rel=\"noopener\">Broadband Scorecard<\/a><\/em>\u00a0del regulador brit\u00e1nico sectorial de telecos, Ofcom.<\/p>\n<p style=\"text-align: justify;\">Como en <a href=\"https:\/\/www.ugtcomunicaciones.es\/wordpress\/comparativa-internacional-de-infraestructuras-de-comunicaciones-edicion-2017\/\" target=\"_blank\" rel=\"noopener\">ocasiones<\/a> <a href=\"https:\/\/www.ugtcomunicaciones.es\/wordpress\/comparativa-internacional-infraestructuras-comunicaciones-edicion-2016\/\" target=\"_blank\" rel=\"noopener\">anteriores<\/a>, Ofcom vuelve a presentar un extens\u00edsimo documento interactivo en donde pormenoriza las infraestructuras de comunicaciones de las principales econom\u00edas del mundo, lo que nos permite extraer conclusiones muy interesantes sobre el estado de nuestro Sector en comparaci\u00f3n con otros mercados internacionales. A modo de resumen gr\u00e1fico, comentamos algunos de los apartados m\u00e1s llamativos.<\/p>\n<p style=\"text-align: justify;\">Los brit\u00e1nicos destacan a Espa\u00f1a como la econom\u00eda europea con mayor cobertura de fibra completa (extremo a extremo; es decir, FTTH), con unas ratios muy superiores a los de la propia Gran Breta\u00f1a, que casi tres veces menor que la cobertura espa\u00f1ola (89% vs 32%). Los l\u00edderes mundiales est\u00e1n en Asia, mientras que EEUU sigue muy por debajo:<\/p>\n<p><img decoding=\"async\" class=\"aligncenter wp-image-1063595 size-full lazyload\" data-src=\"https:\/\/www.ugtcomunicaciones.es\/wordpress\/wp-content\/uploads\/2023\/04\/International_01.jpg\" alt=\"\" width=\"772\" height=\"208\" data-srcset=\"https:\/\/www.ugtcomunicaciones.es\/wordpress\/wp-content\/uploads\/2023\/04\/International_01.jpg 772w, https:\/\/www.ugtcomunicaciones.es\/wordpress\/wp-content\/uploads\/2023\/04\/International_01-300x81.jpg 300w, https:\/\/www.ugtcomunicaciones.es\/wordpress\/wp-content\/uploads\/2023\/04\/International_01-768x207.jpg 768w, https:\/\/www.ugtcomunicaciones.es\/wordpress\/wp-content\/uploads\/2023\/04\/International_01-640x172.jpg 640w, https:\/\/www.ugtcomunicaciones.es\/wordpress\/wp-content\/uploads\/2023\/04\/International_01-681x183.jpg 681w\" data-sizes=\"(max-width: 772px) 100vw, 772px\" src=\"data:image\/svg+xml;base64,PHN2ZyB3aWR0aD0iMSIgaGVpZ2h0PSIxIiB4bWxucz0iaHR0cDovL3d3dy53My5vcmcvMjAwMC9zdmciPjwvc3ZnPg==\" style=\"--smush-placeholder-width: 772px; --smush-placeholder-aspect-ratio: 772\/208;\" \/><\/p>\n<p style=\"text-align: justify;\">Curiosamente, nuestro pa\u00eds aun mejora m\u00e1s cuando se entra en el apartado de la velocidad, superando a todos los pa\u00edses analizados salvo Singapur.<\/p>\n<p><img decoding=\"async\" class=\"aligncenter wp-image-1063598 size-full lazyload\" data-src=\"https:\/\/www.ugtcomunicaciones.es\/wordpress\/wp-content\/uploads\/2023\/04\/International_02.jpg\" alt=\"\" width=\"804\" height=\"202\" data-srcset=\"https:\/\/www.ugtcomunicaciones.es\/wordpress\/wp-content\/uploads\/2023\/04\/International_02.jpg 804w, https:\/\/www.ugtcomunicaciones.es\/wordpress\/wp-content\/uploads\/2023\/04\/International_02-300x75.jpg 300w, https:\/\/www.ugtcomunicaciones.es\/wordpress\/wp-content\/uploads\/2023\/04\/International_02-768x193.jpg 768w, https:\/\/www.ugtcomunicaciones.es\/wordpress\/wp-content\/uploads\/2023\/04\/International_02-640x161.jpg 640w, https:\/\/www.ugtcomunicaciones.es\/wordpress\/wp-content\/uploads\/2023\/04\/International_02-681x171.jpg 681w\" data-sizes=\"(max-width: 804px) 100vw, 804px\" src=\"data:image\/svg+xml;base64,PHN2ZyB3aWR0aD0iMSIgaGVpZ2h0PSIxIiB4bWxucz0iaHR0cDovL3d3dy53My5vcmcvMjAwMC9zdmciPjwvc3ZnPg==\" style=\"--smush-placeholder-width: 804px; --smush-placeholder-aspect-ratio: 804\/202;\" \/><\/p>\n<p style=\"text-align: justify;\">Peor desempe\u00f1o se observa cuando hablamos de la capilaridad de estas tecnolog\u00edas entre la poblaci\u00f3n. Espa\u00f1a sigue siendo un pa\u00eds renuente a contratar Internet en el hogar, como demuestra la siguiente gr\u00e1fica: s\u00f3lo tenemos 36 conexiones de banda ancha por cada 100 habitantes, por el 49% y 45% de Francia y Alemania, respectivamente. Llama la atenci\u00f3n el caso de Singapur, con 26 por cada 100, siendo el pa\u00eds con mayor despliegue de fibra \u00f3ptica del mundo:<\/p>\n<p><img decoding=\"async\" class=\"aligncenter wp-image-1063599 size-full lazyload\" data-src=\"https:\/\/www.ugtcomunicaciones.es\/wordpress\/wp-content\/uploads\/2023\/04\/International_03.jpg\" alt=\"\" width=\"787\" height=\"229\" data-srcset=\"https:\/\/www.ugtcomunicaciones.es\/wordpress\/wp-content\/uploads\/2023\/04\/International_03.jpg 787w, https:\/\/www.ugtcomunicaciones.es\/wordpress\/wp-content\/uploads\/2023\/04\/International_03-300x87.jpg 300w, https:\/\/www.ugtcomunicaciones.es\/wordpress\/wp-content\/uploads\/2023\/04\/International_03-768x223.jpg 768w, https:\/\/www.ugtcomunicaciones.es\/wordpress\/wp-content\/uploads\/2023\/04\/International_03-640x186.jpg 640w, https:\/\/www.ugtcomunicaciones.es\/wordpress\/wp-content\/uploads\/2023\/04\/International_03-681x198.jpg 681w\" data-sizes=\"(max-width: 787px) 100vw, 787px\" src=\"data:image\/svg+xml;base64,PHN2ZyB3aWR0aD0iMSIgaGVpZ2h0PSIxIiB4bWxucz0iaHR0cDovL3d3dy53My5vcmcvMjAwMC9zdmciPjwvc3ZnPg==\" style=\"--smush-placeholder-width: 787px; --smush-placeholder-aspect-ratio: 787\/229;\" \/><\/p>\n<p style=\"text-align: justify;\">El apartado de la banda ancha m\u00f3vil es caso aparte. Estamos retrasados en el 4G, con 96 conexiones por cada 100, superados por Francia, Italia y Alemania (167 para este \u00faltimo). China rompe todos los registros, con casi 180 conexiones 4G por cada 100 habitantes:<\/p>\n<p><img decoding=\"async\" class=\"aligncenter wp-image-1063600 size-full lazyload\" data-src=\"https:\/\/www.ugtcomunicaciones.es\/wordpress\/wp-content\/uploads\/2023\/04\/International_04.jpg\" alt=\"\" width=\"765\" height=\"212\" data-srcset=\"https:\/\/www.ugtcomunicaciones.es\/wordpress\/wp-content\/uploads\/2023\/04\/International_04.jpg 765w, https:\/\/www.ugtcomunicaciones.es\/wordpress\/wp-content\/uploads\/2023\/04\/International_04-300x83.jpg 300w, https:\/\/www.ugtcomunicaciones.es\/wordpress\/wp-content\/uploads\/2023\/04\/International_04-640x177.jpg 640w, https:\/\/www.ugtcomunicaciones.es\/wordpress\/wp-content\/uploads\/2023\/04\/International_04-681x189.jpg 681w\" data-sizes=\"(max-width: 765px) 100vw, 765px\" src=\"data:image\/svg+xml;base64,PHN2ZyB3aWR0aD0iMSIgaGVpZ2h0PSIxIiB4bWxucz0iaHR0cDovL3d3dy53My5vcmcvMjAwMC9zdmciPjwvc3ZnPg==\" style=\"--smush-placeholder-width: 765px; --smush-placeholder-aspect-ratio: 765\/212;\" \/><\/p>\n<p style=\"text-align: justify;\">Pero si en 4G no estamos boyantes, en 5G es a\u00fan peor nuestro retraso (como casi toda Europa, dicho sea de paso): apenas un 5% del total de conexiones lo son con esta tecnolog\u00eda, lejos de Corea, que frisa el 30%. Se trata del \u00fanico apartado en donde destaca UK (25,6%) y tambi\u00e9n es llamativo el 0% de India:<\/p>\n<p><img decoding=\"async\" class=\"aligncenter wp-image-1063601 size-full lazyload\" data-src=\"https:\/\/www.ugtcomunicaciones.es\/wordpress\/wp-content\/uploads\/2023\/04\/International_05.jpg\" alt=\"\" width=\"771\" height=\"225\" data-srcset=\"https:\/\/www.ugtcomunicaciones.es\/wordpress\/wp-content\/uploads\/2023\/04\/International_05.jpg 771w, https:\/\/www.ugtcomunicaciones.es\/wordpress\/wp-content\/uploads\/2023\/04\/International_05-300x88.jpg 300w, https:\/\/www.ugtcomunicaciones.es\/wordpress\/wp-content\/uploads\/2023\/04\/International_05-768x224.jpg 768w, https:\/\/www.ugtcomunicaciones.es\/wordpress\/wp-content\/uploads\/2023\/04\/International_05-640x187.jpg 640w, https:\/\/www.ugtcomunicaciones.es\/wordpress\/wp-content\/uploads\/2023\/04\/International_05-681x199.jpg 681w\" data-sizes=\"(max-width: 771px) 100vw, 771px\" src=\"data:image\/svg+xml;base64,PHN2ZyB3aWR0aD0iMSIgaGVpZ2h0PSIxIiB4bWxucz0iaHR0cDovL3d3dy53My5vcmcvMjAwMC9zdmciPjwvc3ZnPg==\" style=\"--smush-placeholder-width: 771px; --smush-placeholder-aspect-ratio: 771\/225;\" \/><\/p>\n<p style=\"text-align: justify;\">Finalizamos este breve resumen visual con las cifras de consumo de datos. En el negocio m\u00f3vil, la mayor consumidora es Corea, con casi 15 Gb al mes. Espala supera los 10 Gb, con un tramo a\u00fan atribuible al 2\/3G. Italia es el pa\u00eds europeo con mayor consumo: 12,6 Gb por mes.<\/p>\n<p><img decoding=\"async\" class=\"aligncenter wp-image-1063602 size-full lazyload\" data-src=\"https:\/\/www.ugtcomunicaciones.es\/wordpress\/wp-content\/uploads\/2023\/04\/International_06.jpg\" alt=\"\" width=\"777\" height=\"405\" data-srcset=\"https:\/\/www.ugtcomunicaciones.es\/wordpress\/wp-content\/uploads\/2023\/04\/International_06.jpg 777w, https:\/\/www.ugtcomunicaciones.es\/wordpress\/wp-content\/uploads\/2023\/04\/International_06-300x156.jpg 300w, https:\/\/www.ugtcomunicaciones.es\/wordpress\/wp-content\/uploads\/2023\/04\/International_06-768x400.jpg 768w, https:\/\/www.ugtcomunicaciones.es\/wordpress\/wp-content\/uploads\/2023\/04\/International_06-640x334.jpg 640w, https:\/\/www.ugtcomunicaciones.es\/wordpress\/wp-content\/uploads\/2023\/04\/International_06-681x355.jpg 681w\" data-sizes=\"(max-width: 777px) 100vw, 777px\" src=\"data:image\/svg+xml;base64,PHN2ZyB3aWR0aD0iMSIgaGVpZ2h0PSIxIiB4bWxucz0iaHR0cDovL3d3dy53My5vcmcvMjAwMC9zdmciPjwvc3ZnPg==\" style=\"--smush-placeholder-width: 777px; --smush-placeholder-aspect-ratio: 777\/405;\" \/><\/p>\n<p style=\"text-align: justify;\">Sorprendentemente, en mayor pa\u00eds con consumo en banda ancha fija es el Reino Unido, que supera los 183 Gb al mes (habr\u00eda que analizar m\u00e1s en profundidad c\u00f3mo casa este dato con una red donde el FTTH es poco com\u00fan). Nuestro pa\u00eds se acerca a los 95 Gb\/mes, por debajo de las medias europeas y asi\u00e1ticas:<\/p>\n<p><img decoding=\"async\" class=\"aligncenter wp-image-1063603 size-full lazyload\" data-src=\"https:\/\/www.ugtcomunicaciones.es\/wordpress\/wp-content\/uploads\/2023\/04\/International_07.jpg\" alt=\"\" width=\"772\" height=\"418\" data-srcset=\"https:\/\/www.ugtcomunicaciones.es\/wordpress\/wp-content\/uploads\/2023\/04\/International_07.jpg 772w, https:\/\/www.ugtcomunicaciones.es\/wordpress\/wp-content\/uploads\/2023\/04\/International_07-300x162.jpg 300w, https:\/\/www.ugtcomunicaciones.es\/wordpress\/wp-content\/uploads\/2023\/04\/International_07-768x416.jpg 768w, https:\/\/www.ugtcomunicaciones.es\/wordpress\/wp-content\/uploads\/2023\/04\/International_07-640x347.jpg 640w, https:\/\/www.ugtcomunicaciones.es\/wordpress\/wp-content\/uploads\/2023\/04\/International_07-681x369.jpg 681w\" data-sizes=\"(max-width: 772px) 100vw, 772px\" src=\"data:image\/svg+xml;base64,PHN2ZyB3aWR0aD0iMSIgaGVpZ2h0PSIxIiB4bWxucz0iaHR0cDovL3d3dy53My5vcmcvMjAwMC9zdmciPjwvc3ZnPg==\" style=\"--smush-placeholder-width: 772px; --smush-placeholder-aspect-ratio: 772\/418;\" \/><\/p>\n<h4 style=\"text-align: right;\"><span style=\"color: #ff0000;\"><strong>UGT<\/strong><\/span><strong> Comunicaciones<\/strong><\/h4>\n<p style=\"text-align: justify;\"><a href=\"#_ftnref1\" name=\"_ftn1\"><\/a><\/p>\n","protected":false},"excerpt":{"rendered":"<p>Volvemos a analizar un cl\u00e1sico entre los cl\u00e1sicos en las comparativas internacionales: el Internacional Broadband Scorecard\u00a0del regulador brit\u00e1nico sectorial de telecos, Ofcom. Como en ocasiones anteriores, Ofcom vuelve a presentar un extens\u00edsimo documento interactivo en donde pormenoriza las infraestructuras de comunicaciones de las principales econom\u00edas del mundo, lo que nos permite extraer conclusiones muy interesantes [&hellip;]<\/p>\n","protected":false},"author":3,"featured_media":1063605,"comment_status":"closed","ping_status":"closed","sticky":false,"template":"","format":"standard","meta":{"footnotes":""},"categories":[14,12],"tags":[],"class_list":["post-1063591","post","type-post","status-publish","format-standard","has-post-thumbnail","hentry","category-opinion","category-regulacion"],"yoast_head":"<!-- This site is optimized with the Yoast SEO Premium plugin v27.3 (Yoast SEO v27.4) - https:\/\/yoast.com\/product\/yoast-seo-premium-wordpress\/ -->\n<title>International Broadband Scorecard 2022, Ofcom - UGT Comunicaciones<\/title>\n<meta name=\"description\" content=\"Volvemos a analizar un cl\u00e1sico entre los cl\u00e1sicos en las comparativas internacionales: el Internacional Broadband Scorecard\u00a0del regulador\" \/>\n<meta name=\"robots\" content=\"index, follow, max-snippet:-1, max-image-preview:large, max-video-preview:-1\" \/>\n<link rel=\"canonical\" href=\"https:\/\/www.ugtcomunicaciones.es\/wordpress\/international-broadband-scorecard\/\" \/>\n<meta property=\"og:locale\" content=\"es_ES\" \/>\n<meta property=\"og:type\" content=\"article\" \/>\n<meta property=\"og:title\" content=\"International Broadband Scorecard 2022, Ofcom\" \/>\n<meta property=\"og:description\" content=\"Volvemos a analizar un cl\u00e1sico entre los cl\u00e1sicos en las comparativas internacionales: el Internacional Broadband Scorecard\u00a0del regulador\" \/>\n<meta property=\"og:url\" content=\"https:\/\/www.ugtcomunicaciones.es\/wordpress\/international-broadband-scorecard\/\" \/>\n<meta property=\"og:site_name\" content=\"UGT Comunicaciones\" \/>\n<meta property=\"article:publisher\" content=\"https:\/\/www.facebook.com\/ugt.comunicaciones\/\" \/>\n<meta property=\"article:published_time\" content=\"2023-04-10T05:00:04+00:00\" \/>\n<meta property=\"og:image\" content=\"https:\/\/www.ugtcomunicaciones.es\/wordpress\/wp-content\/uploads\/2023\/04\/International_08.jpg\" \/>\n\t<meta property=\"og:image:width\" content=\"600\" \/>\n\t<meta property=\"og:image:height\" content=\"465\" \/>\n\t<meta property=\"og:image:type\" content=\"image\/jpeg\" \/>\n<meta name=\"author\" content=\"UGT\" \/>\n<meta name=\"twitter:card\" content=\"summary_large_image\" \/>\n<meta name=\"twitter:creator\" content=\"@ugtcom\" \/>\n<meta name=\"twitter:site\" content=\"@ugtcom\" \/>\n<meta name=\"twitter:label1\" content=\"Escrito por\" \/>\n\t<meta name=\"twitter:data1\" content=\"UGT\" \/>\n\t<meta name=\"twitter:label2\" content=\"Tiempo de lectura\" \/>\n\t<meta name=\"twitter:data2\" content=\"4 minutos\" \/>\n<script type=\"application\/ld+json\" class=\"yoast-schema-graph\">{\"@context\":\"https:\\\/\\\/schema.org\",\"@graph\":[{\"@type\":\"Article\",\"@id\":\"https:\\\/\\\/www.ugtcomunicaciones.es\\\/wordpress\\\/international-broadband-scorecard\\\/#article\",\"isPartOf\":{\"@id\":\"https:\\\/\\\/www.ugtcomunicaciones.es\\\/wordpress\\\/international-broadband-scorecard\\\/\"},\"author\":{\"name\":\"UGT\",\"@id\":\"https:\\\/\\\/www.ugtcomunicaciones.es\\\/wordpress\\\/#\\\/schema\\\/person\\\/eba0fc3fe5b444531d94d4368cba89ed\"},\"headline\":\"International Broadband Scorecard 2022, Ofcom\",\"datePublished\":\"2023-04-10T05:00:04+00:00\",\"mainEntityOfPage\":{\"@id\":\"https:\\\/\\\/www.ugtcomunicaciones.es\\\/wordpress\\\/international-broadband-scorecard\\\/\"},\"wordCount\":474,\"publisher\":{\"@id\":\"https:\\\/\\\/www.ugtcomunicaciones.es\\\/wordpress\\\/#organization\"},\"image\":{\"@id\":\"https:\\\/\\\/www.ugtcomunicaciones.es\\\/wordpress\\\/international-broadband-scorecard\\\/#primaryimage\"},\"thumbnailUrl\":\"https:\\\/\\\/www.ugtcomunicaciones.es\\\/wordpress\\\/wp-content\\\/uploads\\\/2023\\\/04\\\/International_08.jpg\",\"articleSection\":[\"Opini\u00f3n\",\"Regulaci\u00f3n\"],\"inLanguage\":\"es\"},{\"@type\":\"WebPage\",\"@id\":\"https:\\\/\\\/www.ugtcomunicaciones.es\\\/wordpress\\\/international-broadband-scorecard\\\/\",\"url\":\"https:\\\/\\\/www.ugtcomunicaciones.es\\\/wordpress\\\/international-broadband-scorecard\\\/\",\"name\":\"International Broadband Scorecard 2022, Ofcom - UGT Comunicaciones\",\"isPartOf\":{\"@id\":\"https:\\\/\\\/www.ugtcomunicaciones.es\\\/wordpress\\\/#website\"},\"primaryImageOfPage\":{\"@id\":\"https:\\\/\\\/www.ugtcomunicaciones.es\\\/wordpress\\\/international-broadband-scorecard\\\/#primaryimage\"},\"image\":{\"@id\":\"https:\\\/\\\/www.ugtcomunicaciones.es\\\/wordpress\\\/international-broadband-scorecard\\\/#primaryimage\"},\"thumbnailUrl\":\"https:\\\/\\\/www.ugtcomunicaciones.es\\\/wordpress\\\/wp-content\\\/uploads\\\/2023\\\/04\\\/International_08.jpg\",\"datePublished\":\"2023-04-10T05:00:04+00:00\",\"description\":\"Volvemos a analizar un cl\u00e1sico entre los cl\u00e1sicos en las comparativas internacionales: el Internacional Broadband Scorecard\u00a0del regulador\",\"breadcrumb\":{\"@id\":\"https:\\\/\\\/www.ugtcomunicaciones.es\\\/wordpress\\\/international-broadband-scorecard\\\/#breadcrumb\"},\"inLanguage\":\"es\",\"potentialAction\":[{\"@type\":\"ReadAction\",\"target\":[\"https:\\\/\\\/www.ugtcomunicaciones.es\\\/wordpress\\\/international-broadband-scorecard\\\/\"]}]},{\"@type\":\"ImageObject\",\"inLanguage\":\"es\",\"@id\":\"https:\\\/\\\/www.ugtcomunicaciones.es\\\/wordpress\\\/international-broadband-scorecard\\\/#primaryimage\",\"url\":\"https:\\\/\\\/www.ugtcomunicaciones.es\\\/wordpress\\\/wp-content\\\/uploads\\\/2023\\\/04\\\/International_08.jpg\",\"contentUrl\":\"https:\\\/\\\/www.ugtcomunicaciones.es\\\/wordpress\\\/wp-content\\\/uploads\\\/2023\\\/04\\\/International_08.jpg\",\"width\":600,\"height\":465,\"caption\":\"Ofcom\"},{\"@type\":\"BreadcrumbList\",\"@id\":\"https:\\\/\\\/www.ugtcomunicaciones.es\\\/wordpress\\\/international-broadband-scorecard\\\/#breadcrumb\",\"itemListElement\":[{\"@type\":\"ListItem\",\"position\":1,\"name\":\"Portada\",\"item\":\"https:\\\/\\\/www.ugtcomunicaciones.es\\\/wordpress\\\/\"},{\"@type\":\"ListItem\",\"position\":2,\"name\":\"International Broadband Scorecard 2022, Ofcom\"}]},{\"@type\":\"WebSite\",\"@id\":\"https:\\\/\\\/www.ugtcomunicaciones.es\\\/wordpress\\\/#website\",\"url\":\"https:\\\/\\\/www.ugtcomunicaciones.es\\\/wordpress\\\/\",\"name\":\"UGT Comunicaciones\",\"description\":\"Sindicato de Telecomunicaciones\",\"publisher\":{\"@id\":\"https:\\\/\\\/www.ugtcomunicaciones.es\\\/wordpress\\\/#organization\"},\"potentialAction\":[{\"@type\":\"SearchAction\",\"target\":{\"@type\":\"EntryPoint\",\"urlTemplate\":\"https:\\\/\\\/www.ugtcomunicaciones.es\\\/wordpress\\\/?s={search_term_string}\"},\"query-input\":{\"@type\":\"PropertyValueSpecification\",\"valueRequired\":true,\"valueName\":\"search_term_string\"}}],\"inLanguage\":\"es\"},{\"@type\":\"Organization\",\"@id\":\"https:\\\/\\\/www.ugtcomunicaciones.es\\\/wordpress\\\/#organization\",\"name\":\"UGT Comunicaciones\",\"url\":\"https:\\\/\\\/www.ugtcomunicaciones.es\\\/wordpress\\\/\",\"logo\":{\"@type\":\"ImageObject\",\"inLanguage\":\"es\",\"@id\":\"https:\\\/\\\/www.ugtcomunicaciones.es\\\/wordpress\\\/#\\\/schema\\\/logo\\\/image\\\/\",\"url\":\"https:\\\/\\\/www.ugtcomunicaciones.es\\\/wordpress\\\/wp-content\\\/uploads\\\/2024\\\/04\\\/comunicaciones_logo.png\",\"contentUrl\":\"https:\\\/\\\/www.ugtcomunicaciones.es\\\/wordpress\\\/wp-content\\\/uploads\\\/2024\\\/04\\\/comunicaciones_logo.png\",\"width\":298,\"height\":81,\"caption\":\"UGT Comunicaciones\"},\"image\":{\"@id\":\"https:\\\/\\\/www.ugtcomunicaciones.es\\\/wordpress\\\/#\\\/schema\\\/logo\\\/image\\\/\"},\"sameAs\":[\"https:\\\/\\\/www.facebook.com\\\/ugt.comunicaciones\\\/\",\"https:\\\/\\\/x.com\\\/ugtcom\"]},{\"@type\":\"Person\",\"@id\":\"https:\\\/\\\/www.ugtcomunicaciones.es\\\/wordpress\\\/#\\\/schema\\\/person\\\/eba0fc3fe5b444531d94d4368cba89ed\",\"name\":\"UGT\",\"image\":{\"@type\":\"ImageObject\",\"inLanguage\":\"es\",\"@id\":\"https:\\\/\\\/secure.gravatar.com\\\/avatar\\\/2a16057d620a4c646bcfc171c4f23030879ebbdd346f0525bd5d4a564e57e13d?s=96&d=mm&r=g\",\"url\":\"https:\\\/\\\/secure.gravatar.com\\\/avatar\\\/2a16057d620a4c646bcfc171c4f23030879ebbdd346f0525bd5d4a564e57e13d?s=96&d=mm&r=g\",\"contentUrl\":\"https:\\\/\\\/secure.gravatar.com\\\/avatar\\\/2a16057d620a4c646bcfc171c4f23030879ebbdd346f0525bd5d4a564e57e13d?s=96&d=mm&r=g\",\"caption\":\"UGT\"}}]}<\/script>\n<!-- \/ Yoast SEO Premium plugin. -->","yoast_head_json":{"title":"International Broadband Scorecard 2022, Ofcom - UGT Comunicaciones","description":"Volvemos a analizar un cl\u00e1sico entre los cl\u00e1sicos en las comparativas internacionales: el Internacional Broadband Scorecard\u00a0del regulador","robots":{"index":"index","follow":"follow","max-snippet":"max-snippet:-1","max-image-preview":"max-image-preview:large","max-video-preview":"max-video-preview:-1"},"canonical":"https:\/\/www.ugtcomunicaciones.es\/wordpress\/international-broadband-scorecard\/","og_locale":"es_ES","og_type":"article","og_title":"International Broadband Scorecard 2022, Ofcom","og_description":"Volvemos a analizar un cl\u00e1sico entre los cl\u00e1sicos en las comparativas internacionales: el Internacional Broadband Scorecard\u00a0del regulador","og_url":"https:\/\/www.ugtcomunicaciones.es\/wordpress\/international-broadband-scorecard\/","og_site_name":"UGT Comunicaciones","article_publisher":"https:\/\/www.facebook.com\/ugt.comunicaciones\/","article_published_time":"2023-04-10T05:00:04+00:00","og_image":[{"width":600,"height":465,"url":"https:\/\/www.ugtcomunicaciones.es\/wordpress\/wp-content\/uploads\/2023\/04\/International_08.jpg","type":"image\/jpeg"}],"author":"UGT","twitter_card":"summary_large_image","twitter_creator":"@ugtcom","twitter_site":"@ugtcom","twitter_misc":{"Escrito por":"UGT","Tiempo de lectura":"4 minutos"},"schema":{"@context":"https:\/\/schema.org","@graph":[{"@type":"Article","@id":"https:\/\/www.ugtcomunicaciones.es\/wordpress\/international-broadband-scorecard\/#article","isPartOf":{"@id":"https:\/\/www.ugtcomunicaciones.es\/wordpress\/international-broadband-scorecard\/"},"author":{"name":"UGT","@id":"https:\/\/www.ugtcomunicaciones.es\/wordpress\/#\/schema\/person\/eba0fc3fe5b444531d94d4368cba89ed"},"headline":"International Broadband Scorecard 2022, Ofcom","datePublished":"2023-04-10T05:00:04+00:00","mainEntityOfPage":{"@id":"https:\/\/www.ugtcomunicaciones.es\/wordpress\/international-broadband-scorecard\/"},"wordCount":474,"publisher":{"@id":"https:\/\/www.ugtcomunicaciones.es\/wordpress\/#organization"},"image":{"@id":"https:\/\/www.ugtcomunicaciones.es\/wordpress\/international-broadband-scorecard\/#primaryimage"},"thumbnailUrl":"https:\/\/www.ugtcomunicaciones.es\/wordpress\/wp-content\/uploads\/2023\/04\/International_08.jpg","articleSection":["Opini\u00f3n","Regulaci\u00f3n"],"inLanguage":"es"},{"@type":"WebPage","@id":"https:\/\/www.ugtcomunicaciones.es\/wordpress\/international-broadband-scorecard\/","url":"https:\/\/www.ugtcomunicaciones.es\/wordpress\/international-broadband-scorecard\/","name":"International Broadband Scorecard 2022, Ofcom - UGT Comunicaciones","isPartOf":{"@id":"https:\/\/www.ugtcomunicaciones.es\/wordpress\/#website"},"primaryImageOfPage":{"@id":"https:\/\/www.ugtcomunicaciones.es\/wordpress\/international-broadband-scorecard\/#primaryimage"},"image":{"@id":"https:\/\/www.ugtcomunicaciones.es\/wordpress\/international-broadband-scorecard\/#primaryimage"},"thumbnailUrl":"https:\/\/www.ugtcomunicaciones.es\/wordpress\/wp-content\/uploads\/2023\/04\/International_08.jpg","datePublished":"2023-04-10T05:00:04+00:00","description":"Volvemos a analizar un cl\u00e1sico entre los cl\u00e1sicos en las comparativas internacionales: el Internacional Broadband Scorecard\u00a0del regulador","breadcrumb":{"@id":"https:\/\/www.ugtcomunicaciones.es\/wordpress\/international-broadband-scorecard\/#breadcrumb"},"inLanguage":"es","potentialAction":[{"@type":"ReadAction","target":["https:\/\/www.ugtcomunicaciones.es\/wordpress\/international-broadband-scorecard\/"]}]},{"@type":"ImageObject","inLanguage":"es","@id":"https:\/\/www.ugtcomunicaciones.es\/wordpress\/international-broadband-scorecard\/#primaryimage","url":"https:\/\/www.ugtcomunicaciones.es\/wordpress\/wp-content\/uploads\/2023\/04\/International_08.jpg","contentUrl":"https:\/\/www.ugtcomunicaciones.es\/wordpress\/wp-content\/uploads\/2023\/04\/International_08.jpg","width":600,"height":465,"caption":"Ofcom"},{"@type":"BreadcrumbList","@id":"https:\/\/www.ugtcomunicaciones.es\/wordpress\/international-broadband-scorecard\/#breadcrumb","itemListElement":[{"@type":"ListItem","position":1,"name":"Portada","item":"https:\/\/www.ugtcomunicaciones.es\/wordpress\/"},{"@type":"ListItem","position":2,"name":"International Broadband Scorecard 2022, Ofcom"}]},{"@type":"WebSite","@id":"https:\/\/www.ugtcomunicaciones.es\/wordpress\/#website","url":"https:\/\/www.ugtcomunicaciones.es\/wordpress\/","name":"UGT Comunicaciones","description":"Sindicato de Telecomunicaciones","publisher":{"@id":"https:\/\/www.ugtcomunicaciones.es\/wordpress\/#organization"},"potentialAction":[{"@type":"SearchAction","target":{"@type":"EntryPoint","urlTemplate":"https:\/\/www.ugtcomunicaciones.es\/wordpress\/?s={search_term_string}"},"query-input":{"@type":"PropertyValueSpecification","valueRequired":true,"valueName":"search_term_string"}}],"inLanguage":"es"},{"@type":"Organization","@id":"https:\/\/www.ugtcomunicaciones.es\/wordpress\/#organization","name":"UGT Comunicaciones","url":"https:\/\/www.ugtcomunicaciones.es\/wordpress\/","logo":{"@type":"ImageObject","inLanguage":"es","@id":"https:\/\/www.ugtcomunicaciones.es\/wordpress\/#\/schema\/logo\/image\/","url":"https:\/\/www.ugtcomunicaciones.es\/wordpress\/wp-content\/uploads\/2024\/04\/comunicaciones_logo.png","contentUrl":"https:\/\/www.ugtcomunicaciones.es\/wordpress\/wp-content\/uploads\/2024\/04\/comunicaciones_logo.png","width":298,"height":81,"caption":"UGT Comunicaciones"},"image":{"@id":"https:\/\/www.ugtcomunicaciones.es\/wordpress\/#\/schema\/logo\/image\/"},"sameAs":["https:\/\/www.facebook.com\/ugt.comunicaciones\/","https:\/\/x.com\/ugtcom"]},{"@type":"Person","@id":"https:\/\/www.ugtcomunicaciones.es\/wordpress\/#\/schema\/person\/eba0fc3fe5b444531d94d4368cba89ed","name":"UGT","image":{"@type":"ImageObject","inLanguage":"es","@id":"https:\/\/secure.gravatar.com\/avatar\/2a16057d620a4c646bcfc171c4f23030879ebbdd346f0525bd5d4a564e57e13d?s=96&d=mm&r=g","url":"https:\/\/secure.gravatar.com\/avatar\/2a16057d620a4c646bcfc171c4f23030879ebbdd346f0525bd5d4a564e57e13d?s=96&d=mm&r=g","contentUrl":"https:\/\/secure.gravatar.com\/avatar\/2a16057d620a4c646bcfc171c4f23030879ebbdd346f0525bd5d4a564e57e13d?s=96&d=mm&r=g","caption":"UGT"}}]}},"_links":{"self":[{"href":"https:\/\/www.ugtcomunicaciones.es\/wordpress\/wp-json\/wp\/v2\/posts\/1063591","targetHints":{"allow":["GET"]}}],"collection":[{"href":"https:\/\/www.ugtcomunicaciones.es\/wordpress\/wp-json\/wp\/v2\/posts"}],"about":[{"href":"https:\/\/www.ugtcomunicaciones.es\/wordpress\/wp-json\/wp\/v2\/types\/post"}],"author":[{"embeddable":true,"href":"https:\/\/www.ugtcomunicaciones.es\/wordpress\/wp-json\/wp\/v2\/users\/3"}],"replies":[{"embeddable":true,"href":"https:\/\/www.ugtcomunicaciones.es\/wordpress\/wp-json\/wp\/v2\/comments?post=1063591"}],"version-history":[{"count":2,"href":"https:\/\/www.ugtcomunicaciones.es\/wordpress\/wp-json\/wp\/v2\/posts\/1063591\/revisions"}],"predecessor-version":[{"id":1063604,"href":"https:\/\/www.ugtcomunicaciones.es\/wordpress\/wp-json\/wp\/v2\/posts\/1063591\/revisions\/1063604"}],"wp:featuredmedia":[{"embeddable":true,"href":"https:\/\/www.ugtcomunicaciones.es\/wordpress\/wp-json\/wp\/v2\/media\/1063605"}],"wp:attachment":[{"href":"https:\/\/www.ugtcomunicaciones.es\/wordpress\/wp-json\/wp\/v2\/media?parent=1063591"}],"wp:term":[{"taxonomy":"category","embeddable":true,"href":"https:\/\/www.ugtcomunicaciones.es\/wordpress\/wp-json\/wp\/v2\/categories?post=1063591"},{"taxonomy":"post_tag","embeddable":true,"href":"https:\/\/www.ugtcomunicaciones.es\/wordpress\/wp-json\/wp\/v2\/tags?post=1063591"}],"curies":[{"name":"wp","href":"https:\/\/api.w.org\/{rel}","templated":true}]}}