{"id":1063867,"date":"2023-04-11T15:25:10","date_gmt":"2023-04-11T13:25:10","guid":{"rendered":"https:\/\/www.ugtcomunicaciones.es\/wordpress\/?p=1063867"},"modified":"2023-04-11T15:25:10","modified_gmt":"2023-04-11T13:25:10","slug":"publicacion-y-apertura-del-plazo-de-solicitudes-de-las-becas-talentum-2023","status":"publish","type":"post","link":"https:\/\/www.ugtcomunicaciones.es\/wordpress\/publicacion-y-apertura-del-plazo-de-solicitudes-de-las-becas-talentum-2023\/","title":{"rendered":"Publicaci\u00f3n y apertura del plazo de solicitudes de las Becas Talentum 2023"},"content":{"rendered":"<p style=\"text-align: justify;\"><strong>Durante el d\u00eda de ma\u00f1ana se publicar\u00e1 el programa Becas Talentum 2023,<\/strong> que tiene como finalidad facilitar a j\u00f3venes titulados universitarios o estudiantes, con un m\u00e1ximo pendiente de 30 cr\u00e9ditos ECTS por aprobar, o titulados de grado superior de formaci\u00f3n profesional, per\u00edodos de formaci\u00f3n pr\u00e1ctica, como becarios y becarias, en centros de trabajo de Telef\u00f3nica bajo la supervisi\u00f3n de tutores o tutoras.<\/p>\n<p style=\"text-align: justify;\">Como novedad, un punto muy valorado y demandado por <span style=\"color: #ff0000;\"><strong>UGT<\/strong><\/span>, es el <strong>fomento de la participaci\u00f3n en el Programa de personas con alg\u00fan tipo de discapacidad<\/strong> de grado igual o superior al 33 por 100, siempre que re\u00fanan los requisitos establecidos y exista compatibilidad con la formaci\u00f3n pr\u00e1ctica a desarrollar.<\/p>\n<p style=\"text-align: justify;\">Las becas, al igual que en a\u00f1os anteriores se convocan y publican a trav\u00e9s de la Fundaci\u00f3n SEPI, <a href=\"http:\/\/www.fundacionsepi.es\">www.fundacionsepi.es<\/a>, en la que est\u00e1n <strong>disponibles las bases y las titulaciones requeridas<\/strong>.<\/p>\n<p style=\"text-align: justify;\"><strong>Las solicitudes podr\u00e1n presentarse a trav\u00e9s de la Fundaci\u00f3n desde el 12 hasta el 23 de abril<\/strong> y las entrevistas a los candidatos se realizar\u00e1n previsiblemente desde el 29 de mayo al 9 de junio.<\/p>\n<p style=\"text-align: justify;\">Las becas tendr\u00e1n una <strong>duraci\u00f3n inicial de seis meses<\/strong>, desde la fecha de incorporaci\u00f3n de las personas beneficiarias. No obstante, <strong>podr\u00e1n ser prorrogadas, a instancias de Telef\u00f3nica, por otro per\u00edodo de tres meses<\/strong>, por lo que <strong>el per\u00edodo formativo total ser\u00eda de nueve meses. <\/strong>Durante la duraci\u00f3n del Programa, las personas beneficiarias percibir\u00e1n una asignaci\u00f3n econ\u00f3mica mensual de 1.150 Euros.<\/p>\n<p style=\"text-align: justify;\"><strong>Los requisitos que deber\u00e1n cumplir<\/strong>, con car\u00e1cter general, en todos los procesos de selecci\u00f3n que se realicen durante la vigencia de la edici\u00f3n 2023, <strong>aquellas personas candidatas que deseen optar a alguna de las becas integradas en el programa<\/strong>, son los siguientes:<\/p>\n<ul style=\"text-align: justify;\">\n<li>Haber <strong>nacido a partir del 1 de enero de 1997<\/strong>y haber <strong>obtenido el t\u00edtulo acad\u00e9mico de que se trate desde el 1 de enero de 2019<\/strong>.<\/li>\n<li><strong>Nivel medio\/alto de ingl\u00e9s.<\/strong><\/li>\n<li><strong>No haber desempe\u00f1ado trabajo profesional alguno relacionado con su titulaci\u00f3n.<\/strong><\/li>\n<li><strong>Estar dispuesto a fijar la residencia en el lugar donde vaya a recibir su formaci\u00f3n pr\u00e1ctica. <\/strong><\/li>\n<li>No haber sido beneficiario o beneficiaria de alg\u00fan programa de becas de la FUNDACI\u00d3N SEPI, ni haber renunciado a alguna beca otorgada por esta instituci\u00f3n durante el periodo formativo, <strong>a excepci\u00f3n de las becas pertenecientes a los programas TELEF\u00d3NICA TALENTUM (corporaci\u00f3n Telef\u00f3nica).<\/strong><\/li>\n<\/ul>\n<p style=\"text-align: justify;\">Las titulaciones deber\u00e1n acreditarse mediante exhibici\u00f3n de original o copia legitimada en el momento en que se soliciten. Tambi\u00e9n podr\u00e1n tambi\u00e9n presentar su candidatura y optar a las becas convocadas las personas estudiantes universitarias que tengan, como m\u00e1ximo, 30 cr\u00e9ditos ECTS pendientes de aprobar, antes de la fecha de incorporaci\u00f3n a la beca.<\/p>\n<p style=\"text-align: justify;\"><span style=\"color: #ff0000;\"><strong>UGT<\/strong><\/span> ha demando a la empresa que las becas se puedan desarrollar en todo el territorio, fomentando as\u00ed la creaci\u00f3n de actividad en todas las provincias.<\/p>\n<p style=\"text-align: justify;\">Desde<span style=\"color: #ff0000;\"><strong> UGT<\/strong><\/span> resaltamos el valor del <strong>Pacto Social por el Empleo (PSE)<\/strong> acordado, que incluye la incorporaci\u00f3n de talento joven a la compa\u00f1\u00eda.<\/p>\n","protected":false},"excerpt":{"rendered":"<p>Durante el d\u00eda de ma\u00f1ana se publicar\u00e1 el programa Becas Talentum 2023, que tiene como finalidad facilitar a j\u00f3venes titulados universitarios o estudiantes, con un m\u00e1ximo pendiente de 30 cr\u00e9ditos ECTS por aprobar, o titulados de grado superior de formaci\u00f3n profesional, per\u00edodos de formaci\u00f3n pr\u00e1ctica, como becarios y becarias, en centros de trabajo de Telef\u00f3nica [&hellip;]<\/p>\n","protected":false},"author":3,"featured_media":901991,"comment_status":"closed","ping_status":"closed","sticky":false,"template":"","format":"standard","meta":{"footnotes":""},"categories":[8,25,7,26],"tags":[],"class_list":["post-1063867","post","type-post","status-publish","format-standard","has-post-thumbnail","hentry","category-telefonica-cev","category-telefonica","category-telefonica-moviles","category-telefonica-soluciones"],"yoast_head":"<!-- This site is optimized with the Yoast SEO Premium plugin v27.3 (Yoast SEO v27.4) - https:\/\/yoast.com\/product\/yoast-seo-premium-wordpress\/ -->\n<title>Publicaci\u00f3n y apertura del plazo de solicitudes de las Becas Talentum 2023 - UGT Comunicaciones<\/title>\n<meta name=\"robots\" content=\"index, follow, max-snippet:-1, max-image-preview:large, max-video-preview:-1\" \/>\n<link rel=\"canonical\" href=\"https:\/\/www.ugtcomunicaciones.es\/wordpress\/publicacion-y-apertura-del-plazo-de-solicitudes-de-las-becas-talentum-2023\/\" \/>\n<meta property=\"og:locale\" content=\"es_ES\" \/>\n<meta property=\"og:type\" content=\"article\" \/>\n<meta property=\"og:title\" content=\"Publicaci\u00f3n y apertura del plazo de solicitudes de las Becas Talentum 2023\" \/>\n<meta property=\"og:description\" content=\"Durante el d\u00eda de ma\u00f1ana se publicar\u00e1 el programa Becas Talentum 2023, que tiene como finalidad facilitar a j\u00f3venes titulados universitarios o estudiantes, con un m\u00e1ximo pendiente de 30 cr\u00e9ditos ECTS por aprobar, o titulados de grado superior de formaci\u00f3n profesional, per\u00edodos de formaci\u00f3n pr\u00e1ctica, como becarios y becarias, en centros de trabajo de Telef\u00f3nica [&hellip;]\" \/>\n<meta property=\"og:url\" content=\"https:\/\/www.ugtcomunicaciones.es\/wordpress\/publicacion-y-apertura-del-plazo-de-solicitudes-de-las-becas-talentum-2023\/\" \/>\n<meta property=\"og:site_name\" content=\"UGT Comunicaciones\" \/>\n<meta property=\"article:publisher\" content=\"https:\/\/www.facebook.com\/ugt.comunicaciones\/\" \/>\n<meta property=\"article:published_time\" content=\"2023-04-11T13:25:10+00:00\" \/>\n<meta property=\"og:image\" content=\"https:\/\/www.ugtcomunicaciones.es\/wordpress\/wp-content\/uploads\/2021\/09\/becas-talentum.jpg\" \/>\n\t<meta property=\"og:image:width\" content=\"600\" \/>\n\t<meta property=\"og:image:height\" content=\"399\" \/>\n\t<meta property=\"og:image:type\" content=\"image\/jpeg\" \/>\n<meta name=\"author\" content=\"UGT\" \/>\n<meta name=\"twitter:card\" content=\"summary_large_image\" \/>\n<meta name=\"twitter:creator\" content=\"@ugtcom\" \/>\n<meta name=\"twitter:site\" content=\"@ugtcom\" \/>\n<meta name=\"twitter:label1\" content=\"Escrito por\" \/>\n\t<meta name=\"twitter:data1\" content=\"UGT\" \/>\n\t<meta name=\"twitter:label2\" content=\"Tiempo de lectura\" \/>\n\t<meta name=\"twitter:data2\" content=\"3 minutos\" \/>\n<script type=\"application\/ld+json\" class=\"yoast-schema-graph\">{\"@context\":\"https:\\\/\\\/schema.org\",\"@graph\":[{\"@type\":\"Article\",\"@id\":\"https:\\\/\\\/www.ugtcomunicaciones.es\\\/wordpress\\\/publicacion-y-apertura-del-plazo-de-solicitudes-de-las-becas-talentum-2023\\\/#article\",\"isPartOf\":{\"@id\":\"https:\\\/\\\/www.ugtcomunicaciones.es\\\/wordpress\\\/publicacion-y-apertura-del-plazo-de-solicitudes-de-las-becas-talentum-2023\\\/\"},\"author\":{\"name\":\"UGT\",\"@id\":\"https:\\\/\\\/www.ugtcomunicaciones.es\\\/wordpress\\\/#\\\/schema\\\/person\\\/eba0fc3fe5b444531d94d4368cba89ed\"},\"headline\":\"Publicaci\u00f3n y apertura del plazo de solicitudes de las Becas Talentum 2023\",\"datePublished\":\"2023-04-11T13:25:10+00:00\",\"mainEntityOfPage\":{\"@id\":\"https:\\\/\\\/www.ugtcomunicaciones.es\\\/wordpress\\\/publicacion-y-apertura-del-plazo-de-solicitudes-de-las-becas-talentum-2023\\\/\"},\"wordCount\":545,\"publisher\":{\"@id\":\"https:\\\/\\\/www.ugtcomunicaciones.es\\\/wordpress\\\/#organization\"},\"image\":{\"@id\":\"https:\\\/\\\/www.ugtcomunicaciones.es\\\/wordpress\\\/publicacion-y-apertura-del-plazo-de-solicitudes-de-las-becas-talentum-2023\\\/#primaryimage\"},\"thumbnailUrl\":\"https:\\\/\\\/www.ugtcomunicaciones.es\\\/wordpress\\\/wp-content\\\/uploads\\\/2021\\\/09\\\/becas-talentum.jpg\",\"articleSection\":[\"Telef\u00f3nica CEV\",\"Telef\u00f3nica de Espa\u00f1a\",\"Telef\u00f3nica M\u00f3viles\",\"Telef\u00f3nica Soluciones\"],\"inLanguage\":\"es\"},{\"@type\":\"WebPage\",\"@id\":\"https:\\\/\\\/www.ugtcomunicaciones.es\\\/wordpress\\\/publicacion-y-apertura-del-plazo-de-solicitudes-de-las-becas-talentum-2023\\\/\",\"url\":\"https:\\\/\\\/www.ugtcomunicaciones.es\\\/wordpress\\\/publicacion-y-apertura-del-plazo-de-solicitudes-de-las-becas-talentum-2023\\\/\",\"name\":\"Publicaci\u00f3n y apertura del plazo de solicitudes de las Becas Talentum 2023 - UGT Comunicaciones\",\"isPartOf\":{\"@id\":\"https:\\\/\\\/www.ugtcomunicaciones.es\\\/wordpress\\\/#website\"},\"primaryImageOfPage\":{\"@id\":\"https:\\\/\\\/www.ugtcomunicaciones.es\\\/wordpress\\\/publicacion-y-apertura-del-plazo-de-solicitudes-de-las-becas-talentum-2023\\\/#primaryimage\"},\"image\":{\"@id\":\"https:\\\/\\\/www.ugtcomunicaciones.es\\\/wordpress\\\/publicacion-y-apertura-del-plazo-de-solicitudes-de-las-becas-talentum-2023\\\/#primaryimage\"},\"thumbnailUrl\":\"https:\\\/\\\/www.ugtcomunicaciones.es\\\/wordpress\\\/wp-content\\\/uploads\\\/2021\\\/09\\\/becas-talentum.jpg\",\"datePublished\":\"2023-04-11T13:25:10+00:00\",\"breadcrumb\":{\"@id\":\"https:\\\/\\\/www.ugtcomunicaciones.es\\\/wordpress\\\/publicacion-y-apertura-del-plazo-de-solicitudes-de-las-becas-talentum-2023\\\/#breadcrumb\"},\"inLanguage\":\"es\",\"potentialAction\":[{\"@type\":\"ReadAction\",\"target\":[\"https:\\\/\\\/www.ugtcomunicaciones.es\\\/wordpress\\\/publicacion-y-apertura-del-plazo-de-solicitudes-de-las-becas-talentum-2023\\\/\"]}]},{\"@type\":\"ImageObject\",\"inLanguage\":\"es\",\"@id\":\"https:\\\/\\\/www.ugtcomunicaciones.es\\\/wordpress\\\/publicacion-y-apertura-del-plazo-de-solicitudes-de-las-becas-talentum-2023\\\/#primaryimage\",\"url\":\"https:\\\/\\\/www.ugtcomunicaciones.es\\\/wordpress\\\/wp-content\\\/uploads\\\/2021\\\/09\\\/becas-talentum.jpg\",\"contentUrl\":\"https:\\\/\\\/www.ugtcomunicaciones.es\\\/wordpress\\\/wp-content\\\/uploads\\\/2021\\\/09\\\/becas-talentum.jpg\",\"width\":600,\"height\":399},{\"@type\":\"BreadcrumbList\",\"@id\":\"https:\\\/\\\/www.ugtcomunicaciones.es\\\/wordpress\\\/publicacion-y-apertura-del-plazo-de-solicitudes-de-las-becas-talentum-2023\\\/#breadcrumb\",\"itemListElement\":[{\"@type\":\"ListItem\",\"position\":1,\"name\":\"Portada\",\"item\":\"https:\\\/\\\/www.ugtcomunicaciones.es\\\/wordpress\\\/\"},{\"@type\":\"ListItem\",\"position\":2,\"name\":\"Publicaci\u00f3n y apertura del plazo de solicitudes de las Becas Talentum 2023\"}]},{\"@type\":\"WebSite\",\"@id\":\"https:\\\/\\\/www.ugtcomunicaciones.es\\\/wordpress\\\/#website\",\"url\":\"https:\\\/\\\/www.ugtcomunicaciones.es\\\/wordpress\\\/\",\"name\":\"UGT Comunicaciones\",\"description\":\"Sindicato de Telecomunicaciones\",\"publisher\":{\"@id\":\"https:\\\/\\\/www.ugtcomunicaciones.es\\\/wordpress\\\/#organization\"},\"potentialAction\":[{\"@type\":\"SearchAction\",\"target\":{\"@type\":\"EntryPoint\",\"urlTemplate\":\"https:\\\/\\\/www.ugtcomunicaciones.es\\\/wordpress\\\/?s={search_term_string}\"},\"query-input\":{\"@type\":\"PropertyValueSpecification\",\"valueRequired\":true,\"valueName\":\"search_term_string\"}}],\"inLanguage\":\"es\"},{\"@type\":\"Organization\",\"@id\":\"https:\\\/\\\/www.ugtcomunicaciones.es\\\/wordpress\\\/#organization\",\"name\":\"UGT Comunicaciones\",\"url\":\"https:\\\/\\\/www.ugtcomunicaciones.es\\\/wordpress\\\/\",\"logo\":{\"@type\":\"ImageObject\",\"inLanguage\":\"es\",\"@id\":\"https:\\\/\\\/www.ugtcomunicaciones.es\\\/wordpress\\\/#\\\/schema\\\/logo\\\/image\\\/\",\"url\":\"https:\\\/\\\/www.ugtcomunicaciones.es\\\/wordpress\\\/wp-content\\\/uploads\\\/2024\\\/04\\\/comunicaciones_logo.png\",\"contentUrl\":\"https:\\\/\\\/www.ugtcomunicaciones.es\\\/wordpress\\\/wp-content\\\/uploads\\\/2024\\\/04\\\/comunicaciones_logo.png\",\"width\":298,\"height\":81,\"caption\":\"UGT Comunicaciones\"},\"image\":{\"@id\":\"https:\\\/\\\/www.ugtcomunicaciones.es\\\/wordpress\\\/#\\\/schema\\\/logo\\\/image\\\/\"},\"sameAs\":[\"https:\\\/\\\/www.facebook.com\\\/ugt.comunicaciones\\\/\",\"https:\\\/\\\/x.com\\\/ugtcom\"]},{\"@type\":\"Person\",\"@id\":\"https:\\\/\\\/www.ugtcomunicaciones.es\\\/wordpress\\\/#\\\/schema\\\/person\\\/eba0fc3fe5b444531d94d4368cba89ed\",\"name\":\"UGT\",\"image\":{\"@type\":\"ImageObject\",\"inLanguage\":\"es\",\"@id\":\"https:\\\/\\\/secure.gravatar.com\\\/avatar\\\/2a16057d620a4c646bcfc171c4f23030879ebbdd346f0525bd5d4a564e57e13d?s=96&d=mm&r=g\",\"url\":\"https:\\\/\\\/secure.gravatar.com\\\/avatar\\\/2a16057d620a4c646bcfc171c4f23030879ebbdd346f0525bd5d4a564e57e13d?s=96&d=mm&r=g\",\"contentUrl\":\"https:\\\/\\\/secure.gravatar.com\\\/avatar\\\/2a16057d620a4c646bcfc171c4f23030879ebbdd346f0525bd5d4a564e57e13d?s=96&d=mm&r=g\",\"caption\":\"UGT\"}}]}<\/script>\n<!-- \/ Yoast SEO Premium plugin. -->","yoast_head_json":{"title":"Publicaci\u00f3n y apertura del plazo de solicitudes de las Becas Talentum 2023 - UGT Comunicaciones","robots":{"index":"index","follow":"follow","max-snippet":"max-snippet:-1","max-image-preview":"max-image-preview:large","max-video-preview":"max-video-preview:-1"},"canonical":"https:\/\/www.ugtcomunicaciones.es\/wordpress\/publicacion-y-apertura-del-plazo-de-solicitudes-de-las-becas-talentum-2023\/","og_locale":"es_ES","og_type":"article","og_title":"Publicaci\u00f3n y apertura del plazo de solicitudes de las Becas Talentum 2023","og_description":"Durante el d\u00eda de ma\u00f1ana se publicar\u00e1 el programa Becas Talentum 2023, que tiene como finalidad facilitar a j\u00f3venes titulados universitarios o estudiantes, con un m\u00e1ximo pendiente de 30 cr\u00e9ditos ECTS por aprobar, o titulados de grado superior de formaci\u00f3n profesional, per\u00edodos de formaci\u00f3n pr\u00e1ctica, como becarios y becarias, en centros de trabajo de Telef\u00f3nica [&hellip;]","og_url":"https:\/\/www.ugtcomunicaciones.es\/wordpress\/publicacion-y-apertura-del-plazo-de-solicitudes-de-las-becas-talentum-2023\/","og_site_name":"UGT Comunicaciones","article_publisher":"https:\/\/www.facebook.com\/ugt.comunicaciones\/","article_published_time":"2023-04-11T13:25:10+00:00","og_image":[{"width":600,"height":399,"url":"https:\/\/www.ugtcomunicaciones.es\/wordpress\/wp-content\/uploads\/2021\/09\/becas-talentum.jpg","type":"image\/jpeg"}],"author":"UGT","twitter_card":"summary_large_image","twitter_creator":"@ugtcom","twitter_site":"@ugtcom","twitter_misc":{"Escrito por":"UGT","Tiempo de lectura":"3 minutos"},"schema":{"@context":"https:\/\/schema.org","@graph":[{"@type":"Article","@id":"https:\/\/www.ugtcomunicaciones.es\/wordpress\/publicacion-y-apertura-del-plazo-de-solicitudes-de-las-becas-talentum-2023\/#article","isPartOf":{"@id":"https:\/\/www.ugtcomunicaciones.es\/wordpress\/publicacion-y-apertura-del-plazo-de-solicitudes-de-las-becas-talentum-2023\/"},"author":{"name":"UGT","@id":"https:\/\/www.ugtcomunicaciones.es\/wordpress\/#\/schema\/person\/eba0fc3fe5b444531d94d4368cba89ed"},"headline":"Publicaci\u00f3n y apertura del plazo de solicitudes de las Becas Talentum 2023","datePublished":"2023-04-11T13:25:10+00:00","mainEntityOfPage":{"@id":"https:\/\/www.ugtcomunicaciones.es\/wordpress\/publicacion-y-apertura-del-plazo-de-solicitudes-de-las-becas-talentum-2023\/"},"wordCount":545,"publisher":{"@id":"https:\/\/www.ugtcomunicaciones.es\/wordpress\/#organization"},"image":{"@id":"https:\/\/www.ugtcomunicaciones.es\/wordpress\/publicacion-y-apertura-del-plazo-de-solicitudes-de-las-becas-talentum-2023\/#primaryimage"},"thumbnailUrl":"https:\/\/www.ugtcomunicaciones.es\/wordpress\/wp-content\/uploads\/2021\/09\/becas-talentum.jpg","articleSection":["Telef\u00f3nica CEV","Telef\u00f3nica de Espa\u00f1a","Telef\u00f3nica M\u00f3viles","Telef\u00f3nica Soluciones"],"inLanguage":"es"},{"@type":"WebPage","@id":"https:\/\/www.ugtcomunicaciones.es\/wordpress\/publicacion-y-apertura-del-plazo-de-solicitudes-de-las-becas-talentum-2023\/","url":"https:\/\/www.ugtcomunicaciones.es\/wordpress\/publicacion-y-apertura-del-plazo-de-solicitudes-de-las-becas-talentum-2023\/","name":"Publicaci\u00f3n y apertura del plazo de solicitudes de las Becas Talentum 2023 - UGT Comunicaciones","isPartOf":{"@id":"https:\/\/www.ugtcomunicaciones.es\/wordpress\/#website"},"primaryImageOfPage":{"@id":"https:\/\/www.ugtcomunicaciones.es\/wordpress\/publicacion-y-apertura-del-plazo-de-solicitudes-de-las-becas-talentum-2023\/#primaryimage"},"image":{"@id":"https:\/\/www.ugtcomunicaciones.es\/wordpress\/publicacion-y-apertura-del-plazo-de-solicitudes-de-las-becas-talentum-2023\/#primaryimage"},"thumbnailUrl":"https:\/\/www.ugtcomunicaciones.es\/wordpress\/wp-content\/uploads\/2021\/09\/becas-talentum.jpg","datePublished":"2023-04-11T13:25:10+00:00","breadcrumb":{"@id":"https:\/\/www.ugtcomunicaciones.es\/wordpress\/publicacion-y-apertura-del-plazo-de-solicitudes-de-las-becas-talentum-2023\/#breadcrumb"},"inLanguage":"es","potentialAction":[{"@type":"ReadAction","target":["https:\/\/www.ugtcomunicaciones.es\/wordpress\/publicacion-y-apertura-del-plazo-de-solicitudes-de-las-becas-talentum-2023\/"]}]},{"@type":"ImageObject","inLanguage":"es","@id":"https:\/\/www.ugtcomunicaciones.es\/wordpress\/publicacion-y-apertura-del-plazo-de-solicitudes-de-las-becas-talentum-2023\/#primaryimage","url":"https:\/\/www.ugtcomunicaciones.es\/wordpress\/wp-content\/uploads\/2021\/09\/becas-talentum.jpg","contentUrl":"https:\/\/www.ugtcomunicaciones.es\/wordpress\/wp-content\/uploads\/2021\/09\/becas-talentum.jpg","width":600,"height":399},{"@type":"BreadcrumbList","@id":"https:\/\/www.ugtcomunicaciones.es\/wordpress\/publicacion-y-apertura-del-plazo-de-solicitudes-de-las-becas-talentum-2023\/#breadcrumb","itemListElement":[{"@type":"ListItem","position":1,"name":"Portada","item":"https:\/\/www.ugtcomunicaciones.es\/wordpress\/"},{"@type":"ListItem","position":2,"name":"Publicaci\u00f3n y apertura del plazo de solicitudes de las Becas Talentum 2023"}]},{"@type":"WebSite","@id":"https:\/\/www.ugtcomunicaciones.es\/wordpress\/#website","url":"https:\/\/www.ugtcomunicaciones.es\/wordpress\/","name":"UGT Comunicaciones","description":"Sindicato de Telecomunicaciones","publisher":{"@id":"https:\/\/www.ugtcomunicaciones.es\/wordpress\/#organization"},"potentialAction":[{"@type":"SearchAction","target":{"@type":"EntryPoint","urlTemplate":"https:\/\/www.ugtcomunicaciones.es\/wordpress\/?s={search_term_string}"},"query-input":{"@type":"PropertyValueSpecification","valueRequired":true,"valueName":"search_term_string"}}],"inLanguage":"es"},{"@type":"Organization","@id":"https:\/\/www.ugtcomunicaciones.es\/wordpress\/#organization","name":"UGT Comunicaciones","url":"https:\/\/www.ugtcomunicaciones.es\/wordpress\/","logo":{"@type":"ImageObject","inLanguage":"es","@id":"https:\/\/www.ugtcomunicaciones.es\/wordpress\/#\/schema\/logo\/image\/","url":"https:\/\/www.ugtcomunicaciones.es\/wordpress\/wp-content\/uploads\/2024\/04\/comunicaciones_logo.png","contentUrl":"https:\/\/www.ugtcomunicaciones.es\/wordpress\/wp-content\/uploads\/2024\/04\/comunicaciones_logo.png","width":298,"height":81,"caption":"UGT Comunicaciones"},"image":{"@id":"https:\/\/www.ugtcomunicaciones.es\/wordpress\/#\/schema\/logo\/image\/"},"sameAs":["https:\/\/www.facebook.com\/ugt.comunicaciones\/","https:\/\/x.com\/ugtcom"]},{"@type":"Person","@id":"https:\/\/www.ugtcomunicaciones.es\/wordpress\/#\/schema\/person\/eba0fc3fe5b444531d94d4368cba89ed","name":"UGT","image":{"@type":"ImageObject","inLanguage":"es","@id":"https:\/\/secure.gravatar.com\/avatar\/2a16057d620a4c646bcfc171c4f23030879ebbdd346f0525bd5d4a564e57e13d?s=96&d=mm&r=g","url":"https:\/\/secure.gravatar.com\/avatar\/2a16057d620a4c646bcfc171c4f23030879ebbdd346f0525bd5d4a564e57e13d?s=96&d=mm&r=g","contentUrl":"https:\/\/secure.gravatar.com\/avatar\/2a16057d620a4c646bcfc171c4f23030879ebbdd346f0525bd5d4a564e57e13d?s=96&d=mm&r=g","caption":"UGT"}}]}},"_links":{"self":[{"href":"https:\/\/www.ugtcomunicaciones.es\/wordpress\/wp-json\/wp\/v2\/posts\/1063867","targetHints":{"allow":["GET"]}}],"collection":[{"href":"https:\/\/www.ugtcomunicaciones.es\/wordpress\/wp-json\/wp\/v2\/posts"}],"about":[{"href":"https:\/\/www.ugtcomunicaciones.es\/wordpress\/wp-json\/wp\/v2\/types\/post"}],"author":[{"embeddable":true,"href":"https:\/\/www.ugtcomunicaciones.es\/wordpress\/wp-json\/wp\/v2\/users\/3"}],"replies":[{"embeddable":true,"href":"https:\/\/www.ugtcomunicaciones.es\/wordpress\/wp-json\/wp\/v2\/comments?post=1063867"}],"version-history":[{"count":2,"href":"https:\/\/www.ugtcomunicaciones.es\/wordpress\/wp-json\/wp\/v2\/posts\/1063867\/revisions"}],"predecessor-version":[{"id":1063869,"href":"https:\/\/www.ugtcomunicaciones.es\/wordpress\/wp-json\/wp\/v2\/posts\/1063867\/revisions\/1063869"}],"wp:featuredmedia":[{"embeddable":true,"href":"https:\/\/www.ugtcomunicaciones.es\/wordpress\/wp-json\/wp\/v2\/media\/901991"}],"wp:attachment":[{"href":"https:\/\/www.ugtcomunicaciones.es\/wordpress\/wp-json\/wp\/v2\/media?parent=1063867"}],"wp:term":[{"taxonomy":"category","embeddable":true,"href":"https:\/\/www.ugtcomunicaciones.es\/wordpress\/wp-json\/wp\/v2\/categories?post=1063867"},{"taxonomy":"post_tag","embeddable":true,"href":"https:\/\/www.ugtcomunicaciones.es\/wordpress\/wp-json\/wp\/v2\/tags?post=1063867"}],"curies":[{"name":"wp","href":"https:\/\/api.w.org\/{rel}","templated":true}]}}