{"id":1063910,"date":"2023-04-24T07:00:22","date_gmt":"2023-04-24T05:00:22","guid":{"rendered":"https:\/\/www.ugtcomunicaciones.es\/wordpress\/?p=1063910"},"modified":"2023-04-13T10:47:48","modified_gmt":"2023-04-13T08:47:48","slug":"precios-telecos-2","status":"publish","type":"post","link":"https:\/\/www.ugtcomunicaciones.es\/wordpress\/precios-telecos-2\/","title":{"rendered":"A vueltas con los precios de las Telecos (II)"},"content":{"rendered":"<h4 style=\"text-align: justify;\">La sospecha de que algo se estaba fraguando ante las subidas en las tarifas de la mayor\u00eda de los operadores nos hizo publicar un art\u00edculo con el t\u00edtulo \u201cA vueltas con los precios de las <a href=\"https:\/\/www.ugtcomunicaciones.es\/wordpress\/precios-telecos\/\" target=\"_blank\" rel=\"noopener\">telecos<\/a>\u201d. Ahora, escasamente dos meses despu\u00e9s, el bombardeo medi\u00e1tico no solo nos confirma aquella percepci\u00f3n, sino que nos invita a confeccionar una segunda parte.<\/h4>\n<p style=\"text-align: justify;\">En las \u00faltimas semanas nos hemos topado con esta serie de titulares, con altas dosis de tendenciosidad: <em>La subida de precios de Movistar, Vodafone y Orange suponen un coste extra de 55,28 millones de euros al mes a sus <a href=\"https:\/\/www.abc.es\/economia\/subida-precios-movistar-vodafone-orange-suponen-coste-20230323185646-nt.html\" target=\"_blank\" rel=\"noopener\">clientes<\/a><\/em>. <em>La subida de precios de Telef\u00f3nica, Vodafone y Orange <\/em>presiona al alza la <a href=\"https:\/\/www.elindependiente.com\/economia\/2023\/03\/22\/la-subida-de-precios-de-telefonica-vodafone-y-orange-presiona-al-alza-la-inflacion\/\" target=\"_blank\" rel=\"noopener\">inflaci\u00f3n<\/a>. Incluso la propia CNMC ha suscrito la siguiente entrada en su blog: <em>\u00bfQu\u00e9 pasa cuando un operador de telecos sube los <a href=\"https:\/\/blog.cnmc.es\/2023\/03\/31\/que-pasa-cuando-un-operador-de-telecos-sube-los-precios\/\" target=\"_blank\" rel=\"noopener\">precios<\/a>?<\/em><\/p>\n<p style=\"text-align: justify;\">Mas all\u00e1 del l\u00edcito inter\u00e9s p\u00fablico que puedan tener estos art\u00edculos, su sesgo hist\u00f3rico es m\u00e1s que indiscutible, perpetuando la idea de que las telecomunicaciones en Espa\u00f1a \u201cson caras\u201d. En primer lugar, es poderosamente llamativo la atenci\u00f3n que le presta ahora la CNMC a los consumidores de las telecos \u2013 ojal\u00e1 pusiese el mismo empe\u00f1o en las energ\u00e9ticas- y que persista en su nula atenci\u00f3n a la masiva destrucci\u00f3n de empleo en nuestro sector. Si lo que se quiere es ejercer de regulador, cuando menos se espera una atenci\u00f3n pareja a todos los elementos que constituyen un sector. En segundo, en una \u00e9poca hist\u00f3rica presidida por los datos, el <em>big data<\/em>, el <em>data analitycs<\/em> y toda una panoplia de ciencia alrededor los n\u00fameros, es sospechoso que se arrumben cuestiones como que nuestro sector lleva a\u00f1os bajando los precios de forma demostrada y demostrable, o que la repercusi\u00f3n real del IPC de las telecos en 2023 sea muy reducida en comparaci\u00f3n con otros sectores. Veamos tres ejemplos:<\/p>\n<p style=\"text-align: justify;\"><strong>Tasa de variaci\u00f3n de los \u00edndices nacionales del IPC (general y de grupos COICOP) entre enero de 2002 y diciembre de 2021 (\u00faltimo dato disponible)<\/strong><\/p>\n<p><img decoding=\"async\" class=\"aligncenter wp-image-1063930 size-full lazyload\" data-src=\"https:\/\/www.ugtcomunicaciones.es\/wordpress\/wp-content\/uploads\/2023\/04\/Vuelta-Telecos-1.jpg\" alt=\"\" width=\"666\" height=\"434\" data-srcset=\"https:\/\/www.ugtcomunicaciones.es\/wordpress\/wp-content\/uploads\/2023\/04\/Vuelta-Telecos-1.jpg 666w, https:\/\/www.ugtcomunicaciones.es\/wordpress\/wp-content\/uploads\/2023\/04\/Vuelta-Telecos-1-300x194.jpg 300w, https:\/\/www.ugtcomunicaciones.es\/wordpress\/wp-content\/uploads\/2023\/04\/Vuelta-Telecos-1-645x420.jpg 645w, https:\/\/www.ugtcomunicaciones.es\/wordpress\/wp-content\/uploads\/2023\/04\/Vuelta-Telecos-1-640x417.jpg 640w\" data-sizes=\"(max-width: 666px) 100vw, 666px\" src=\"data:image\/svg+xml;base64,PHN2ZyB3aWR0aD0iMSIgaGVpZ2h0PSIxIiB4bWxucz0iaHR0cDovL3d3dy53My5vcmcvMjAwMC9zdmciPjwvc3ZnPg==\" style=\"--smush-placeholder-width: 666px; --smush-placeholder-aspect-ratio: 666\/434;\" \/><\/p>\n<p style=\"text-align: justify;\"><strong>\u00cdndice de Precios de Consumo. Febrero 2023. \u00cdndices nacionales: general y de grupos<\/strong><\/p>\n<p><img decoding=\"async\" class=\"aligncenter wp-image-1063929 size-full lazyload\" data-src=\"https:\/\/www.ugtcomunicaciones.es\/wordpress\/wp-content\/uploads\/2023\/04\/Vuelta-Telecos-2.jpg\" alt=\"\" width=\"682\" height=\"476\" data-srcset=\"https:\/\/www.ugtcomunicaciones.es\/wordpress\/wp-content\/uploads\/2023\/04\/Vuelta-Telecos-2.jpg 682w, https:\/\/www.ugtcomunicaciones.es\/wordpress\/wp-content\/uploads\/2023\/04\/Vuelta-Telecos-2-300x209.jpg 300w, https:\/\/www.ugtcomunicaciones.es\/wordpress\/wp-content\/uploads\/2023\/04\/Vuelta-Telecos-2-602x420.jpg 602w, https:\/\/www.ugtcomunicaciones.es\/wordpress\/wp-content\/uploads\/2023\/04\/Vuelta-Telecos-2-640x447.jpg 640w\" data-sizes=\"(max-width: 682px) 100vw, 682px\" src=\"data:image\/svg+xml;base64,PHN2ZyB3aWR0aD0iMSIgaGVpZ2h0PSIxIiB4bWxucz0iaHR0cDovL3d3dy53My5vcmcvMjAwMC9zdmciPjwvc3ZnPg==\" style=\"--smush-placeholder-width: 682px; --smush-placeholder-aspect-ratio: 682\/476;\" \/><\/p>\n<p style=\"text-align: justify;\"><strong>\u00a0<\/strong><strong>Evoluci\u00f3n del IPC anual acumulado 1998-febrero 2023<\/strong><\/p>\n<p><img decoding=\"async\" class=\"aligncenter wp-image-1063928 size-full lazyload\" data-src=\"https:\/\/www.ugtcomunicaciones.es\/wordpress\/wp-content\/uploads\/2023\/04\/Vuelta-Telecos-3.jpg\" alt=\"\" width=\"684\" height=\"683\" data-srcset=\"https:\/\/www.ugtcomunicaciones.es\/wordpress\/wp-content\/uploads\/2023\/04\/Vuelta-Telecos-3.jpg 684w, https:\/\/www.ugtcomunicaciones.es\/wordpress\/wp-content\/uploads\/2023\/04\/Vuelta-Telecos-3-300x300.jpg 300w, https:\/\/www.ugtcomunicaciones.es\/wordpress\/wp-content\/uploads\/2023\/04\/Vuelta-Telecos-3-150x150.jpg 150w, https:\/\/www.ugtcomunicaciones.es\/wordpress\/wp-content\/uploads\/2023\/04\/Vuelta-Telecos-3-421x420.jpg 421w, https:\/\/www.ugtcomunicaciones.es\/wordpress\/wp-content\/uploads\/2023\/04\/Vuelta-Telecos-3-640x639.jpg 640w, https:\/\/www.ugtcomunicaciones.es\/wordpress\/wp-content\/uploads\/2023\/04\/Vuelta-Telecos-3-681x680.jpg 681w\" data-sizes=\"(max-width: 684px) 100vw, 684px\" src=\"data:image\/svg+xml;base64,PHN2ZyB3aWR0aD0iMSIgaGVpZ2h0PSIxIiB4bWxucz0iaHR0cDovL3d3dy53My5vcmcvMjAwMC9zdmciPjwvc3ZnPg==\" style=\"--smush-placeholder-width: 684px; --smush-placeholder-aspect-ratio: 684\/683;\" \/><\/p>\n<p style=\"text-align: justify;\">En conclusi\u00f3n: menos titulares, menos propaganda, menos populismo, menos <em>clickbait<\/em> y \u2013 por favor- m\u00e1s datos, m\u00e1s an\u00e1lisis y mucho \u2013 mucho-\u00a0 m\u00e1s rigor.<\/p>\n<p>&nbsp;<\/p>\n<h4 style=\"text-align: right;\"><span style=\"color: #ff0000;\"><strong>UGT<\/strong><\/span><strong> Comunicaciones<\/strong><\/h4>\n<p><a href=\"#_ftnref1\" name=\"_ftn1\"><\/a><\/p>\n","protected":false},"excerpt":{"rendered":"<p>La sospecha de que algo se estaba fraguando ante las subidas en las tarifas de la mayor\u00eda de los operadores nos hizo publicar un art\u00edculo con el t\u00edtulo \u201cA vueltas con los precios de las telecos\u201d. Ahora, escasamente dos meses despu\u00e9s, el bombardeo medi\u00e1tico no solo nos confirma aquella percepci\u00f3n, sino que nos invita a [&hellip;]<\/p>\n","protected":false},"author":3,"featured_media":1063927,"comment_status":"closed","ping_status":"closed","sticky":false,"template":"","format":"standard","meta":{"footnotes":""},"categories":[13,12],"tags":[],"class_list":["post-1063910","post","type-post","status-publish","format-standard","has-post-thumbnail","hentry","category-mercado-comunicaciones","category-regulacion"],"yoast_head":"<!-- This site is optimized with the Yoast SEO Premium plugin v27.3 (Yoast SEO v27.4) - https:\/\/yoast.com\/product\/yoast-seo-premium-wordpress\/ -->\n<title>A vueltas con los precios de las Telecos (II) - UGT Comunicaciones<\/title>\n<meta name=\"description\" content=\"La sospecha de que algo se estaba fraguando ante la subidas en las tarifas de la mayor\u00eda de los operadores nos hizo publicar un art\u00edculo\" \/>\n<meta name=\"robots\" content=\"index, follow, max-snippet:-1, max-image-preview:large, max-video-preview:-1\" \/>\n<link rel=\"canonical\" href=\"https:\/\/www.ugtcomunicaciones.es\/wordpress\/precios-telecos-2\/\" \/>\n<meta property=\"og:locale\" content=\"es_ES\" \/>\n<meta property=\"og:type\" content=\"article\" \/>\n<meta property=\"og:title\" content=\"A vueltas con los precios de las Telecos (II)\" \/>\n<meta property=\"og:description\" content=\"La sospecha de que algo se estaba fraguando ante la subidas en las tarifas de la mayor\u00eda de los operadores nos hizo publicar un art\u00edculo\" \/>\n<meta property=\"og:url\" content=\"https:\/\/www.ugtcomunicaciones.es\/wordpress\/precios-telecos-2\/\" \/>\n<meta property=\"og:site_name\" content=\"UGT Comunicaciones\" \/>\n<meta property=\"article:publisher\" content=\"https:\/\/www.facebook.com\/ugt.comunicaciones\/\" \/>\n<meta property=\"article:published_time\" content=\"2023-04-24T05:00:22+00:00\" \/>\n<meta property=\"og:image\" content=\"https:\/\/www.ugtcomunicaciones.es\/wordpress\/wp-content\/uploads\/2023\/04\/Vuelta-Telecos-5.jpg\" \/>\n\t<meta property=\"og:image:width\" content=\"600\" \/>\n\t<meta property=\"og:image:height\" content=\"400\" \/>\n\t<meta property=\"og:image:type\" content=\"image\/jpeg\" \/>\n<meta name=\"author\" content=\"UGT\" \/>\n<meta name=\"twitter:card\" content=\"summary_large_image\" \/>\n<meta name=\"twitter:creator\" content=\"@ugtcom\" \/>\n<meta name=\"twitter:site\" content=\"@ugtcom\" \/>\n<meta name=\"twitter:label1\" content=\"Escrito por\" \/>\n\t<meta name=\"twitter:data1\" content=\"UGT\" \/>\n\t<meta name=\"twitter:label2\" content=\"Tiempo de lectura\" \/>\n\t<meta name=\"twitter:data2\" content=\"2 minutos\" \/>\n<script type=\"application\/ld+json\" class=\"yoast-schema-graph\">{\"@context\":\"https:\\\/\\\/schema.org\",\"@graph\":[{\"@type\":\"Article\",\"@id\":\"https:\\\/\\\/www.ugtcomunicaciones.es\\\/wordpress\\\/precios-telecos-2\\\/#article\",\"isPartOf\":{\"@id\":\"https:\\\/\\\/www.ugtcomunicaciones.es\\\/wordpress\\\/precios-telecos-2\\\/\"},\"author\":{\"name\":\"UGT\",\"@id\":\"https:\\\/\\\/www.ugtcomunicaciones.es\\\/wordpress\\\/#\\\/schema\\\/person\\\/eba0fc3fe5b444531d94d4368cba89ed\"},\"headline\":\"A vueltas con los precios de las Telecos (II)\",\"datePublished\":\"2023-04-24T05:00:22+00:00\",\"mainEntityOfPage\":{\"@id\":\"https:\\\/\\\/www.ugtcomunicaciones.es\\\/wordpress\\\/precios-telecos-2\\\/\"},\"wordCount\":406,\"publisher\":{\"@id\":\"https:\\\/\\\/www.ugtcomunicaciones.es\\\/wordpress\\\/#organization\"},\"image\":{\"@id\":\"https:\\\/\\\/www.ugtcomunicaciones.es\\\/wordpress\\\/precios-telecos-2\\\/#primaryimage\"},\"thumbnailUrl\":\"https:\\\/\\\/www.ugtcomunicaciones.es\\\/wordpress\\\/wp-content\\\/uploads\\\/2023\\\/04\\\/Vuelta-Telecos-5.jpg\",\"articleSection\":[\"Mercado Comunicaciones\",\"Regulaci\u00f3n\"],\"inLanguage\":\"es\"},{\"@type\":\"WebPage\",\"@id\":\"https:\\\/\\\/www.ugtcomunicaciones.es\\\/wordpress\\\/precios-telecos-2\\\/\",\"url\":\"https:\\\/\\\/www.ugtcomunicaciones.es\\\/wordpress\\\/precios-telecos-2\\\/\",\"name\":\"A vueltas con los precios de las Telecos (II) - UGT Comunicaciones\",\"isPartOf\":{\"@id\":\"https:\\\/\\\/www.ugtcomunicaciones.es\\\/wordpress\\\/#website\"},\"primaryImageOfPage\":{\"@id\":\"https:\\\/\\\/www.ugtcomunicaciones.es\\\/wordpress\\\/precios-telecos-2\\\/#primaryimage\"},\"image\":{\"@id\":\"https:\\\/\\\/www.ugtcomunicaciones.es\\\/wordpress\\\/precios-telecos-2\\\/#primaryimage\"},\"thumbnailUrl\":\"https:\\\/\\\/www.ugtcomunicaciones.es\\\/wordpress\\\/wp-content\\\/uploads\\\/2023\\\/04\\\/Vuelta-Telecos-5.jpg\",\"datePublished\":\"2023-04-24T05:00:22+00:00\",\"description\":\"La sospecha de que algo se estaba fraguando ante la subidas en las tarifas de la mayor\u00eda de los operadores nos hizo publicar un art\u00edculo\",\"breadcrumb\":{\"@id\":\"https:\\\/\\\/www.ugtcomunicaciones.es\\\/wordpress\\\/precios-telecos-2\\\/#breadcrumb\"},\"inLanguage\":\"es\",\"potentialAction\":[{\"@type\":\"ReadAction\",\"target\":[\"https:\\\/\\\/www.ugtcomunicaciones.es\\\/wordpress\\\/precios-telecos-2\\\/\"]}]},{\"@type\":\"ImageObject\",\"inLanguage\":\"es\",\"@id\":\"https:\\\/\\\/www.ugtcomunicaciones.es\\\/wordpress\\\/precios-telecos-2\\\/#primaryimage\",\"url\":\"https:\\\/\\\/www.ugtcomunicaciones.es\\\/wordpress\\\/wp-content\\\/uploads\\\/2023\\\/04\\\/Vuelta-Telecos-5.jpg\",\"contentUrl\":\"https:\\\/\\\/www.ugtcomunicaciones.es\\\/wordpress\\\/wp-content\\\/uploads\\\/2023\\\/04\\\/Vuelta-Telecos-5.jpg\",\"width\":600,\"height\":400,\"caption\":\"Precios Telecos\"},{\"@type\":\"BreadcrumbList\",\"@id\":\"https:\\\/\\\/www.ugtcomunicaciones.es\\\/wordpress\\\/precios-telecos-2\\\/#breadcrumb\",\"itemListElement\":[{\"@type\":\"ListItem\",\"position\":1,\"name\":\"Portada\",\"item\":\"https:\\\/\\\/www.ugtcomunicaciones.es\\\/wordpress\\\/\"},{\"@type\":\"ListItem\",\"position\":2,\"name\":\"A vueltas con los precios de las Telecos (II)\"}]},{\"@type\":\"WebSite\",\"@id\":\"https:\\\/\\\/www.ugtcomunicaciones.es\\\/wordpress\\\/#website\",\"url\":\"https:\\\/\\\/www.ugtcomunicaciones.es\\\/wordpress\\\/\",\"name\":\"UGT Comunicaciones\",\"description\":\"Sindicato de Telecomunicaciones\",\"publisher\":{\"@id\":\"https:\\\/\\\/www.ugtcomunicaciones.es\\\/wordpress\\\/#organization\"},\"potentialAction\":[{\"@type\":\"SearchAction\",\"target\":{\"@type\":\"EntryPoint\",\"urlTemplate\":\"https:\\\/\\\/www.ugtcomunicaciones.es\\\/wordpress\\\/?s={search_term_string}\"},\"query-input\":{\"@type\":\"PropertyValueSpecification\",\"valueRequired\":true,\"valueName\":\"search_term_string\"}}],\"inLanguage\":\"es\"},{\"@type\":\"Organization\",\"@id\":\"https:\\\/\\\/www.ugtcomunicaciones.es\\\/wordpress\\\/#organization\",\"name\":\"UGT Comunicaciones\",\"url\":\"https:\\\/\\\/www.ugtcomunicaciones.es\\\/wordpress\\\/\",\"logo\":{\"@type\":\"ImageObject\",\"inLanguage\":\"es\",\"@id\":\"https:\\\/\\\/www.ugtcomunicaciones.es\\\/wordpress\\\/#\\\/schema\\\/logo\\\/image\\\/\",\"url\":\"https:\\\/\\\/www.ugtcomunicaciones.es\\\/wordpress\\\/wp-content\\\/uploads\\\/2024\\\/04\\\/comunicaciones_logo.png\",\"contentUrl\":\"https:\\\/\\\/www.ugtcomunicaciones.es\\\/wordpress\\\/wp-content\\\/uploads\\\/2024\\\/04\\\/comunicaciones_logo.png\",\"width\":298,\"height\":81,\"caption\":\"UGT Comunicaciones\"},\"image\":{\"@id\":\"https:\\\/\\\/www.ugtcomunicaciones.es\\\/wordpress\\\/#\\\/schema\\\/logo\\\/image\\\/\"},\"sameAs\":[\"https:\\\/\\\/www.facebook.com\\\/ugt.comunicaciones\\\/\",\"https:\\\/\\\/x.com\\\/ugtcom\"]},{\"@type\":\"Person\",\"@id\":\"https:\\\/\\\/www.ugtcomunicaciones.es\\\/wordpress\\\/#\\\/schema\\\/person\\\/eba0fc3fe5b444531d94d4368cba89ed\",\"name\":\"UGT\",\"image\":{\"@type\":\"ImageObject\",\"inLanguage\":\"es\",\"@id\":\"https:\\\/\\\/secure.gravatar.com\\\/avatar\\\/2a16057d620a4c646bcfc171c4f23030879ebbdd346f0525bd5d4a564e57e13d?s=96&d=mm&r=g\",\"url\":\"https:\\\/\\\/secure.gravatar.com\\\/avatar\\\/2a16057d620a4c646bcfc171c4f23030879ebbdd346f0525bd5d4a564e57e13d?s=96&d=mm&r=g\",\"contentUrl\":\"https:\\\/\\\/secure.gravatar.com\\\/avatar\\\/2a16057d620a4c646bcfc171c4f23030879ebbdd346f0525bd5d4a564e57e13d?s=96&d=mm&r=g\",\"caption\":\"UGT\"}}]}<\/script>\n<!-- \/ Yoast SEO Premium plugin. -->","yoast_head_json":{"title":"A vueltas con los precios de las Telecos (II) - UGT Comunicaciones","description":"La sospecha de que algo se estaba fraguando ante la subidas en las tarifas de la mayor\u00eda de los operadores nos hizo publicar un art\u00edculo","robots":{"index":"index","follow":"follow","max-snippet":"max-snippet:-1","max-image-preview":"max-image-preview:large","max-video-preview":"max-video-preview:-1"},"canonical":"https:\/\/www.ugtcomunicaciones.es\/wordpress\/precios-telecos-2\/","og_locale":"es_ES","og_type":"article","og_title":"A vueltas con los precios de las Telecos (II)","og_description":"La sospecha de que algo se estaba fraguando ante la subidas en las tarifas de la mayor\u00eda de los operadores nos hizo publicar un art\u00edculo","og_url":"https:\/\/www.ugtcomunicaciones.es\/wordpress\/precios-telecos-2\/","og_site_name":"UGT Comunicaciones","article_publisher":"https:\/\/www.facebook.com\/ugt.comunicaciones\/","article_published_time":"2023-04-24T05:00:22+00:00","og_image":[{"width":600,"height":400,"url":"https:\/\/www.ugtcomunicaciones.es\/wordpress\/wp-content\/uploads\/2023\/04\/Vuelta-Telecos-5.jpg","type":"image\/jpeg"}],"author":"UGT","twitter_card":"summary_large_image","twitter_creator":"@ugtcom","twitter_site":"@ugtcom","twitter_misc":{"Escrito por":"UGT","Tiempo de lectura":"2 minutos"},"schema":{"@context":"https:\/\/schema.org","@graph":[{"@type":"Article","@id":"https:\/\/www.ugtcomunicaciones.es\/wordpress\/precios-telecos-2\/#article","isPartOf":{"@id":"https:\/\/www.ugtcomunicaciones.es\/wordpress\/precios-telecos-2\/"},"author":{"name":"UGT","@id":"https:\/\/www.ugtcomunicaciones.es\/wordpress\/#\/schema\/person\/eba0fc3fe5b444531d94d4368cba89ed"},"headline":"A vueltas con los precios de las Telecos (II)","datePublished":"2023-04-24T05:00:22+00:00","mainEntityOfPage":{"@id":"https:\/\/www.ugtcomunicaciones.es\/wordpress\/precios-telecos-2\/"},"wordCount":406,"publisher":{"@id":"https:\/\/www.ugtcomunicaciones.es\/wordpress\/#organization"},"image":{"@id":"https:\/\/www.ugtcomunicaciones.es\/wordpress\/precios-telecos-2\/#primaryimage"},"thumbnailUrl":"https:\/\/www.ugtcomunicaciones.es\/wordpress\/wp-content\/uploads\/2023\/04\/Vuelta-Telecos-5.jpg","articleSection":["Mercado Comunicaciones","Regulaci\u00f3n"],"inLanguage":"es"},{"@type":"WebPage","@id":"https:\/\/www.ugtcomunicaciones.es\/wordpress\/precios-telecos-2\/","url":"https:\/\/www.ugtcomunicaciones.es\/wordpress\/precios-telecos-2\/","name":"A vueltas con los precios de las Telecos (II) - UGT Comunicaciones","isPartOf":{"@id":"https:\/\/www.ugtcomunicaciones.es\/wordpress\/#website"},"primaryImageOfPage":{"@id":"https:\/\/www.ugtcomunicaciones.es\/wordpress\/precios-telecos-2\/#primaryimage"},"image":{"@id":"https:\/\/www.ugtcomunicaciones.es\/wordpress\/precios-telecos-2\/#primaryimage"},"thumbnailUrl":"https:\/\/www.ugtcomunicaciones.es\/wordpress\/wp-content\/uploads\/2023\/04\/Vuelta-Telecos-5.jpg","datePublished":"2023-04-24T05:00:22+00:00","description":"La sospecha de que algo se estaba fraguando ante la subidas en las tarifas de la mayor\u00eda de los operadores nos hizo publicar un art\u00edculo","breadcrumb":{"@id":"https:\/\/www.ugtcomunicaciones.es\/wordpress\/precios-telecos-2\/#breadcrumb"},"inLanguage":"es","potentialAction":[{"@type":"ReadAction","target":["https:\/\/www.ugtcomunicaciones.es\/wordpress\/precios-telecos-2\/"]}]},{"@type":"ImageObject","inLanguage":"es","@id":"https:\/\/www.ugtcomunicaciones.es\/wordpress\/precios-telecos-2\/#primaryimage","url":"https:\/\/www.ugtcomunicaciones.es\/wordpress\/wp-content\/uploads\/2023\/04\/Vuelta-Telecos-5.jpg","contentUrl":"https:\/\/www.ugtcomunicaciones.es\/wordpress\/wp-content\/uploads\/2023\/04\/Vuelta-Telecos-5.jpg","width":600,"height":400,"caption":"Precios Telecos"},{"@type":"BreadcrumbList","@id":"https:\/\/www.ugtcomunicaciones.es\/wordpress\/precios-telecos-2\/#breadcrumb","itemListElement":[{"@type":"ListItem","position":1,"name":"Portada","item":"https:\/\/www.ugtcomunicaciones.es\/wordpress\/"},{"@type":"ListItem","position":2,"name":"A vueltas con los precios de las Telecos (II)"}]},{"@type":"WebSite","@id":"https:\/\/www.ugtcomunicaciones.es\/wordpress\/#website","url":"https:\/\/www.ugtcomunicaciones.es\/wordpress\/","name":"UGT Comunicaciones","description":"Sindicato de Telecomunicaciones","publisher":{"@id":"https:\/\/www.ugtcomunicaciones.es\/wordpress\/#organization"},"potentialAction":[{"@type":"SearchAction","target":{"@type":"EntryPoint","urlTemplate":"https:\/\/www.ugtcomunicaciones.es\/wordpress\/?s={search_term_string}"},"query-input":{"@type":"PropertyValueSpecification","valueRequired":true,"valueName":"search_term_string"}}],"inLanguage":"es"},{"@type":"Organization","@id":"https:\/\/www.ugtcomunicaciones.es\/wordpress\/#organization","name":"UGT Comunicaciones","url":"https:\/\/www.ugtcomunicaciones.es\/wordpress\/","logo":{"@type":"ImageObject","inLanguage":"es","@id":"https:\/\/www.ugtcomunicaciones.es\/wordpress\/#\/schema\/logo\/image\/","url":"https:\/\/www.ugtcomunicaciones.es\/wordpress\/wp-content\/uploads\/2024\/04\/comunicaciones_logo.png","contentUrl":"https:\/\/www.ugtcomunicaciones.es\/wordpress\/wp-content\/uploads\/2024\/04\/comunicaciones_logo.png","width":298,"height":81,"caption":"UGT Comunicaciones"},"image":{"@id":"https:\/\/www.ugtcomunicaciones.es\/wordpress\/#\/schema\/logo\/image\/"},"sameAs":["https:\/\/www.facebook.com\/ugt.comunicaciones\/","https:\/\/x.com\/ugtcom"]},{"@type":"Person","@id":"https:\/\/www.ugtcomunicaciones.es\/wordpress\/#\/schema\/person\/eba0fc3fe5b444531d94d4368cba89ed","name":"UGT","image":{"@type":"ImageObject","inLanguage":"es","@id":"https:\/\/secure.gravatar.com\/avatar\/2a16057d620a4c646bcfc171c4f23030879ebbdd346f0525bd5d4a564e57e13d?s=96&d=mm&r=g","url":"https:\/\/secure.gravatar.com\/avatar\/2a16057d620a4c646bcfc171c4f23030879ebbdd346f0525bd5d4a564e57e13d?s=96&d=mm&r=g","contentUrl":"https:\/\/secure.gravatar.com\/avatar\/2a16057d620a4c646bcfc171c4f23030879ebbdd346f0525bd5d4a564e57e13d?s=96&d=mm&r=g","caption":"UGT"}}]}},"_links":{"self":[{"href":"https:\/\/www.ugtcomunicaciones.es\/wordpress\/wp-json\/wp\/v2\/posts\/1063910","targetHints":{"allow":["GET"]}}],"collection":[{"href":"https:\/\/www.ugtcomunicaciones.es\/wordpress\/wp-json\/wp\/v2\/posts"}],"about":[{"href":"https:\/\/www.ugtcomunicaciones.es\/wordpress\/wp-json\/wp\/v2\/types\/post"}],"author":[{"embeddable":true,"href":"https:\/\/www.ugtcomunicaciones.es\/wordpress\/wp-json\/wp\/v2\/users\/3"}],"replies":[{"embeddable":true,"href":"https:\/\/www.ugtcomunicaciones.es\/wordpress\/wp-json\/wp\/v2\/comments?post=1063910"}],"version-history":[{"count":9,"href":"https:\/\/www.ugtcomunicaciones.es\/wordpress\/wp-json\/wp\/v2\/posts\/1063910\/revisions"}],"predecessor-version":[{"id":1063935,"href":"https:\/\/www.ugtcomunicaciones.es\/wordpress\/wp-json\/wp\/v2\/posts\/1063910\/revisions\/1063935"}],"wp:featuredmedia":[{"embeddable":true,"href":"https:\/\/www.ugtcomunicaciones.es\/wordpress\/wp-json\/wp\/v2\/media\/1063927"}],"wp:attachment":[{"href":"https:\/\/www.ugtcomunicaciones.es\/wordpress\/wp-json\/wp\/v2\/media?parent=1063910"}],"wp:term":[{"taxonomy":"category","embeddable":true,"href":"https:\/\/www.ugtcomunicaciones.es\/wordpress\/wp-json\/wp\/v2\/categories?post=1063910"},{"taxonomy":"post_tag","embeddable":true,"href":"https:\/\/www.ugtcomunicaciones.es\/wordpress\/wp-json\/wp\/v2\/tags?post=1063910"}],"curies":[{"name":"wp","href":"https:\/\/api.w.org\/{rel}","templated":true}]}}