{"id":1064011,"date":"2023-04-17T13:13:21","date_gmt":"2023-04-17T11:13:21","guid":{"rendered":"https:\/\/www.ugtcomunicaciones.es\/wordpress\/?p=1064011"},"modified":"2023-04-17T13:13:21","modified_gmt":"2023-04-17T11:13:21","slug":"resultados-complemento-de-venta-estrategica-bono-ti-2022","status":"publish","type":"post","link":"https:\/\/www.ugtcomunicaciones.es\/wordpress\/resultados-complemento-de-venta-estrategica-bono-ti-2022\/","title":{"rendered":"Resultados complemento de venta estrat\u00e9gica (BONO TI )2022"},"content":{"rendered":"<h4 style=\"text-align: justify;\"><span style=\"color: #ff0000;\"><strong>UGT<\/strong><\/span><strong> valora positivamente los resultados y contin\u00faa trabajando en la evoluci\u00f3n y ampliaci\u00f3n del complemento a m\u00e1s segmentos.<\/strong><\/h4>\n<p style=\"text-align: justify;\">La empresa ha comunicado los datos de cumplimiento y cobro del Complemento Venta Estrat\u00e9gica del a\u00f1o 2022 (Venta TI para este periodo), que consideramos positivos ya que <strong>mejoran los datos de cobro del a\u00f1o anterior<\/strong>, tanto en el tama\u00f1o de la bolsa a distribuir como en el n\u00famero de personas que han accedido al mismo.<\/p>\n<p style=\"text-align: justify;\">Este complemento, que <strong>naci\u00f3 gracias a la capacidad negociadora de <span style=\"color: #ff0000;\">UGT<\/span> durante la negociaci\u00f3n del nuevo modelo de carrera comercial, ha logrado crear un complemento adicional asociado a la Venta Directa sin depender del cumplimiento de la totalidad de objetivos <\/strong>y vuelve a suponer un reconocimiento econ\u00f3mico extraordinario a la labor de aquellos comerciales que han accedido a las condiciones establecidas para su cobro. No obstante, desde esta organizaci\u00f3n, con el prop\u00f3sito de valorar adecuadamente la actividad en comercial, <strong>insistimos en que se debe ampliar y consolidar la aplicaci\u00f3n de este complemento, permitiendo mayores familias de productos y servicios, as\u00ed como extenderlo a todos los segmentos.<\/strong><\/p>\n<p style=\"text-align: justify;\"><span style=\"color: #ff0000;\"><strong>UGT<\/strong><\/span> <strong>cumpli\u00f3<\/strong> con la propuesta de inclusi\u00f3n de este nuevo complemento y con la dotaci\u00f3n de <strong>hasta 5.500 euros adicionales al m\u00f3dulo de incentivos, que este a\u00f1o se distribuir\u00e1n a un total de 308 personas trabajadoras, abon\u00e1ndose en la n\u00f3mina de abril:<\/strong><strong>\u00a0<\/strong><\/p>\n<ul style=\"text-align: justify;\">\n<li><strong>146 de Mediana Empresa (esto es, 61 personas m\u00e1s que el a\u00f1o anterior).<\/strong><\/li>\n<li><strong>162 de GGCC (35 personas m\u00e1s que el a\u00f1o anterior).<\/strong><\/li>\n<\/ul>\n<p style=\"text-align: justify;\">Con respecto a los <strong>resultados de la carrera comercial del a\u00f1o 2022<\/strong>, la empresa ha indicado que esta <strong>informaci\u00f3n no estar\u00e1 disponible hasta que no finalice el per\u00edodo de evaluaciones conocido como \u201cConversaciones para Crecer\u201d<\/strong>, en el que actualmente se encuentra inmersa y que incide tanto en la promoci\u00f3n, como en las posibilidades de permanencia.<\/p>\n<p style=\"text-align: justify;\"><span style=\"color: #ff0000;\"><strong>UGT<\/strong> <\/span><strong>ha vuelto a recordar a la empresa que, una vez finalizadas las entrevistas y disponga de los datos preliminares de la Carrera, deberemos analizar las salvaguardas contenidas en el acuerdo a propuesta de esta organizaci\u00f3n. \u00a0<\/strong><\/p>\n<p style=\"text-align: justify;\">Recordamos que <span style=\"color: #ff0000;\"><strong>UGT<\/strong><\/span> sigue insistiendo en la <strong>importancia de reconocer adecuadamente a las personas en comercial<\/strong>, cuesti\u00f3n que tambi\u00e9n pasa, entre otros, por establecer <strong>objetivos realistas y acordes a la realidad del mercado al inicio del per\u00edodo<\/strong>, que la calidad solo tenga en cuenta la valoraci\u00f3n referente a la atenci\u00f3n ofrecida por el asesor\/a, el mantenimiento y correcta aplicaci\u00f3n del Smart Work, <strong>la mejora de los turnos de trabajo para facilitar la conciliaci\u00f3n<\/strong>, la creaci\u00f3n de equipos de apoyo administrativo, <strong>la simplificaci\u00f3n de procesos, la evoluci\u00f3n de aplicaciones o la mejora de los m\u00f3dulos y condiciones econ\u00f3micas en todos los segmentos.<\/strong><\/p>\n<h4 style=\"text-align: right;\"><strong><span style=\"color: #ff0000;\">UGT<\/span> Comunicaciones<\/strong><\/h4>\n","protected":false},"excerpt":{"rendered":"<p>UGT valora positivamente los resultados y contin\u00faa trabajando en la evoluci\u00f3n y ampliaci\u00f3n del complemento a m\u00e1s segmentos. La empresa ha comunicado los datos de cumplimiento y cobro del Complemento Venta Estrat\u00e9gica del a\u00f1o 2022 (Venta TI para este periodo), que consideramos positivos ya que mejoran los datos de cobro del a\u00f1o anterior, tanto en [&hellip;]<\/p>\n","protected":false},"author":3,"featured_media":1064012,"comment_status":"closed","ping_status":"closed","sticky":false,"template":"","format":"standard","meta":{"footnotes":""},"categories":[8,25,7,26],"tags":[],"class_list":["post-1064011","post","type-post","status-publish","format-standard","has-post-thumbnail","hentry","category-telefonica-cev","category-telefonica","category-telefonica-moviles","category-telefonica-soluciones"],"yoast_head":"<!-- This site is optimized with the Yoast SEO Premium plugin v27.3 (Yoast SEO v27.4) - https:\/\/yoast.com\/product\/yoast-seo-premium-wordpress\/ -->\n<title>Resultados complemento de venta estrat\u00e9gica (BONO TI )2022 - UGT Comunicaciones<\/title>\n<meta name=\"robots\" content=\"index, follow, max-snippet:-1, max-image-preview:large, max-video-preview:-1\" \/>\n<link rel=\"canonical\" href=\"https:\/\/www.ugtcomunicaciones.es\/wordpress\/resultados-complemento-de-venta-estrategica-bono-ti-2022\/\" \/>\n<meta property=\"og:locale\" content=\"es_ES\" \/>\n<meta property=\"og:type\" content=\"article\" \/>\n<meta property=\"og:title\" content=\"Resultados complemento de venta estrat\u00e9gica (BONO TI )2022\" \/>\n<meta property=\"og:description\" content=\"UGT valora positivamente los resultados y contin\u00faa trabajando en la evoluci\u00f3n y ampliaci\u00f3n del complemento a m\u00e1s segmentos. La empresa ha comunicado los datos de cumplimiento y cobro del Complemento Venta Estrat\u00e9gica del a\u00f1o 2022 (Venta TI para este periodo), que consideramos positivos ya que mejoran los datos de cobro del a\u00f1o anterior, tanto en [&hellip;]\" \/>\n<meta property=\"og:url\" content=\"https:\/\/www.ugtcomunicaciones.es\/wordpress\/resultados-complemento-de-venta-estrategica-bono-ti-2022\/\" \/>\n<meta property=\"og:site_name\" content=\"UGT Comunicaciones\" \/>\n<meta property=\"article:publisher\" content=\"https:\/\/www.facebook.com\/ugt.comunicaciones\/\" \/>\n<meta property=\"article:published_time\" content=\"2023-04-17T11:13:21+00:00\" \/>\n<meta property=\"og:image\" content=\"https:\/\/www.ugtcomunicaciones.es\/wordpress\/wp-content\/uploads\/2023\/04\/objetivos.jpg\" \/>\n\t<meta property=\"og:image:width\" content=\"600\" \/>\n\t<meta property=\"og:image:height\" content=\"400\" \/>\n\t<meta property=\"og:image:type\" content=\"image\/jpeg\" \/>\n<meta name=\"author\" content=\"UGT\" \/>\n<meta name=\"twitter:card\" content=\"summary_large_image\" \/>\n<meta name=\"twitter:creator\" content=\"@ugtcom\" \/>\n<meta name=\"twitter:site\" content=\"@ugtcom\" \/>\n<meta name=\"twitter:label1\" content=\"Escrito por\" \/>\n\t<meta name=\"twitter:data1\" content=\"UGT\" \/>\n\t<meta name=\"twitter:label2\" content=\"Tiempo de lectura\" \/>\n\t<meta name=\"twitter:data2\" content=\"2 minutos\" \/>\n<script type=\"application\/ld+json\" class=\"yoast-schema-graph\">{\"@context\":\"https:\\\/\\\/schema.org\",\"@graph\":[{\"@type\":\"Article\",\"@id\":\"https:\\\/\\\/www.ugtcomunicaciones.es\\\/wordpress\\\/resultados-complemento-de-venta-estrategica-bono-ti-2022\\\/#article\",\"isPartOf\":{\"@id\":\"https:\\\/\\\/www.ugtcomunicaciones.es\\\/wordpress\\\/resultados-complemento-de-venta-estrategica-bono-ti-2022\\\/\"},\"author\":{\"name\":\"UGT\",\"@id\":\"https:\\\/\\\/www.ugtcomunicaciones.es\\\/wordpress\\\/#\\\/schema\\\/person\\\/eba0fc3fe5b444531d94d4368cba89ed\"},\"headline\":\"Resultados complemento de venta estrat\u00e9gica (BONO TI )2022\",\"datePublished\":\"2023-04-17T11:13:21+00:00\",\"mainEntityOfPage\":{\"@id\":\"https:\\\/\\\/www.ugtcomunicaciones.es\\\/wordpress\\\/resultados-complemento-de-venta-estrategica-bono-ti-2022\\\/\"},\"wordCount\":481,\"publisher\":{\"@id\":\"https:\\\/\\\/www.ugtcomunicaciones.es\\\/wordpress\\\/#organization\"},\"image\":{\"@id\":\"https:\\\/\\\/www.ugtcomunicaciones.es\\\/wordpress\\\/resultados-complemento-de-venta-estrategica-bono-ti-2022\\\/#primaryimage\"},\"thumbnailUrl\":\"https:\\\/\\\/www.ugtcomunicaciones.es\\\/wordpress\\\/wp-content\\\/uploads\\\/2023\\\/04\\\/objetivos.jpg\",\"articleSection\":[\"Telef\u00f3nica CEV\",\"Telef\u00f3nica de Espa\u00f1a\",\"Telef\u00f3nica M\u00f3viles\",\"Telef\u00f3nica Soluciones\"],\"inLanguage\":\"es\"},{\"@type\":\"WebPage\",\"@id\":\"https:\\\/\\\/www.ugtcomunicaciones.es\\\/wordpress\\\/resultados-complemento-de-venta-estrategica-bono-ti-2022\\\/\",\"url\":\"https:\\\/\\\/www.ugtcomunicaciones.es\\\/wordpress\\\/resultados-complemento-de-venta-estrategica-bono-ti-2022\\\/\",\"name\":\"Resultados complemento de venta estrat\u00e9gica (BONO TI )2022 - UGT Comunicaciones\",\"isPartOf\":{\"@id\":\"https:\\\/\\\/www.ugtcomunicaciones.es\\\/wordpress\\\/#website\"},\"primaryImageOfPage\":{\"@id\":\"https:\\\/\\\/www.ugtcomunicaciones.es\\\/wordpress\\\/resultados-complemento-de-venta-estrategica-bono-ti-2022\\\/#primaryimage\"},\"image\":{\"@id\":\"https:\\\/\\\/www.ugtcomunicaciones.es\\\/wordpress\\\/resultados-complemento-de-venta-estrategica-bono-ti-2022\\\/#primaryimage\"},\"thumbnailUrl\":\"https:\\\/\\\/www.ugtcomunicaciones.es\\\/wordpress\\\/wp-content\\\/uploads\\\/2023\\\/04\\\/objetivos.jpg\",\"datePublished\":\"2023-04-17T11:13:21+00:00\",\"breadcrumb\":{\"@id\":\"https:\\\/\\\/www.ugtcomunicaciones.es\\\/wordpress\\\/resultados-complemento-de-venta-estrategica-bono-ti-2022\\\/#breadcrumb\"},\"inLanguage\":\"es\",\"potentialAction\":[{\"@type\":\"ReadAction\",\"target\":[\"https:\\\/\\\/www.ugtcomunicaciones.es\\\/wordpress\\\/resultados-complemento-de-venta-estrategica-bono-ti-2022\\\/\"]}]},{\"@type\":\"ImageObject\",\"inLanguage\":\"es\",\"@id\":\"https:\\\/\\\/www.ugtcomunicaciones.es\\\/wordpress\\\/resultados-complemento-de-venta-estrategica-bono-ti-2022\\\/#primaryimage\",\"url\":\"https:\\\/\\\/www.ugtcomunicaciones.es\\\/wordpress\\\/wp-content\\\/uploads\\\/2023\\\/04\\\/objetivos.jpg\",\"contentUrl\":\"https:\\\/\\\/www.ugtcomunicaciones.es\\\/wordpress\\\/wp-content\\\/uploads\\\/2023\\\/04\\\/objetivos.jpg\",\"width\":600,\"height\":400,\"caption\":\"Man giving a business presentation using a high technology digital pen\"},{\"@type\":\"BreadcrumbList\",\"@id\":\"https:\\\/\\\/www.ugtcomunicaciones.es\\\/wordpress\\\/resultados-complemento-de-venta-estrategica-bono-ti-2022\\\/#breadcrumb\",\"itemListElement\":[{\"@type\":\"ListItem\",\"position\":1,\"name\":\"Portada\",\"item\":\"https:\\\/\\\/www.ugtcomunicaciones.es\\\/wordpress\\\/\"},{\"@type\":\"ListItem\",\"position\":2,\"name\":\"Resultados complemento de venta estrat\u00e9gica (BONO TI )2022\"}]},{\"@type\":\"WebSite\",\"@id\":\"https:\\\/\\\/www.ugtcomunicaciones.es\\\/wordpress\\\/#website\",\"url\":\"https:\\\/\\\/www.ugtcomunicaciones.es\\\/wordpress\\\/\",\"name\":\"UGT Comunicaciones\",\"description\":\"Sindicato de Telecomunicaciones\",\"publisher\":{\"@id\":\"https:\\\/\\\/www.ugtcomunicaciones.es\\\/wordpress\\\/#organization\"},\"potentialAction\":[{\"@type\":\"SearchAction\",\"target\":{\"@type\":\"EntryPoint\",\"urlTemplate\":\"https:\\\/\\\/www.ugtcomunicaciones.es\\\/wordpress\\\/?s={search_term_string}\"},\"query-input\":{\"@type\":\"PropertyValueSpecification\",\"valueRequired\":true,\"valueName\":\"search_term_string\"}}],\"inLanguage\":\"es\"},{\"@type\":\"Organization\",\"@id\":\"https:\\\/\\\/www.ugtcomunicaciones.es\\\/wordpress\\\/#organization\",\"name\":\"UGT Comunicaciones\",\"url\":\"https:\\\/\\\/www.ugtcomunicaciones.es\\\/wordpress\\\/\",\"logo\":{\"@type\":\"ImageObject\",\"inLanguage\":\"es\",\"@id\":\"https:\\\/\\\/www.ugtcomunicaciones.es\\\/wordpress\\\/#\\\/schema\\\/logo\\\/image\\\/\",\"url\":\"https:\\\/\\\/www.ugtcomunicaciones.es\\\/wordpress\\\/wp-content\\\/uploads\\\/2024\\\/04\\\/comunicaciones_logo.png\",\"contentUrl\":\"https:\\\/\\\/www.ugtcomunicaciones.es\\\/wordpress\\\/wp-content\\\/uploads\\\/2024\\\/04\\\/comunicaciones_logo.png\",\"width\":298,\"height\":81,\"caption\":\"UGT Comunicaciones\"},\"image\":{\"@id\":\"https:\\\/\\\/www.ugtcomunicaciones.es\\\/wordpress\\\/#\\\/schema\\\/logo\\\/image\\\/\"},\"sameAs\":[\"https:\\\/\\\/www.facebook.com\\\/ugt.comunicaciones\\\/\",\"https:\\\/\\\/x.com\\\/ugtcom\"]},{\"@type\":\"Person\",\"@id\":\"https:\\\/\\\/www.ugtcomunicaciones.es\\\/wordpress\\\/#\\\/schema\\\/person\\\/eba0fc3fe5b444531d94d4368cba89ed\",\"name\":\"UGT\",\"image\":{\"@type\":\"ImageObject\",\"inLanguage\":\"es\",\"@id\":\"https:\\\/\\\/secure.gravatar.com\\\/avatar\\\/2a16057d620a4c646bcfc171c4f23030879ebbdd346f0525bd5d4a564e57e13d?s=96&d=mm&r=g\",\"url\":\"https:\\\/\\\/secure.gravatar.com\\\/avatar\\\/2a16057d620a4c646bcfc171c4f23030879ebbdd346f0525bd5d4a564e57e13d?s=96&d=mm&r=g\",\"contentUrl\":\"https:\\\/\\\/secure.gravatar.com\\\/avatar\\\/2a16057d620a4c646bcfc171c4f23030879ebbdd346f0525bd5d4a564e57e13d?s=96&d=mm&r=g\",\"caption\":\"UGT\"}}]}<\/script>\n<!-- \/ Yoast SEO Premium plugin. -->","yoast_head_json":{"title":"Resultados complemento de venta estrat\u00e9gica (BONO TI )2022 - UGT Comunicaciones","robots":{"index":"index","follow":"follow","max-snippet":"max-snippet:-1","max-image-preview":"max-image-preview:large","max-video-preview":"max-video-preview:-1"},"canonical":"https:\/\/www.ugtcomunicaciones.es\/wordpress\/resultados-complemento-de-venta-estrategica-bono-ti-2022\/","og_locale":"es_ES","og_type":"article","og_title":"Resultados complemento de venta estrat\u00e9gica (BONO TI )2022","og_description":"UGT valora positivamente los resultados y contin\u00faa trabajando en la evoluci\u00f3n y ampliaci\u00f3n del complemento a m\u00e1s segmentos. La empresa ha comunicado los datos de cumplimiento y cobro del Complemento Venta Estrat\u00e9gica del a\u00f1o 2022 (Venta TI para este periodo), que consideramos positivos ya que mejoran los datos de cobro del a\u00f1o anterior, tanto en [&hellip;]","og_url":"https:\/\/www.ugtcomunicaciones.es\/wordpress\/resultados-complemento-de-venta-estrategica-bono-ti-2022\/","og_site_name":"UGT Comunicaciones","article_publisher":"https:\/\/www.facebook.com\/ugt.comunicaciones\/","article_published_time":"2023-04-17T11:13:21+00:00","og_image":[{"width":600,"height":400,"url":"https:\/\/www.ugtcomunicaciones.es\/wordpress\/wp-content\/uploads\/2023\/04\/objetivos.jpg","type":"image\/jpeg"}],"author":"UGT","twitter_card":"summary_large_image","twitter_creator":"@ugtcom","twitter_site":"@ugtcom","twitter_misc":{"Escrito por":"UGT","Tiempo de lectura":"2 minutos"},"schema":{"@context":"https:\/\/schema.org","@graph":[{"@type":"Article","@id":"https:\/\/www.ugtcomunicaciones.es\/wordpress\/resultados-complemento-de-venta-estrategica-bono-ti-2022\/#article","isPartOf":{"@id":"https:\/\/www.ugtcomunicaciones.es\/wordpress\/resultados-complemento-de-venta-estrategica-bono-ti-2022\/"},"author":{"name":"UGT","@id":"https:\/\/www.ugtcomunicaciones.es\/wordpress\/#\/schema\/person\/eba0fc3fe5b444531d94d4368cba89ed"},"headline":"Resultados complemento de venta estrat\u00e9gica (BONO TI )2022","datePublished":"2023-04-17T11:13:21+00:00","mainEntityOfPage":{"@id":"https:\/\/www.ugtcomunicaciones.es\/wordpress\/resultados-complemento-de-venta-estrategica-bono-ti-2022\/"},"wordCount":481,"publisher":{"@id":"https:\/\/www.ugtcomunicaciones.es\/wordpress\/#organization"},"image":{"@id":"https:\/\/www.ugtcomunicaciones.es\/wordpress\/resultados-complemento-de-venta-estrategica-bono-ti-2022\/#primaryimage"},"thumbnailUrl":"https:\/\/www.ugtcomunicaciones.es\/wordpress\/wp-content\/uploads\/2023\/04\/objetivos.jpg","articleSection":["Telef\u00f3nica CEV","Telef\u00f3nica de Espa\u00f1a","Telef\u00f3nica M\u00f3viles","Telef\u00f3nica Soluciones"],"inLanguage":"es"},{"@type":"WebPage","@id":"https:\/\/www.ugtcomunicaciones.es\/wordpress\/resultados-complemento-de-venta-estrategica-bono-ti-2022\/","url":"https:\/\/www.ugtcomunicaciones.es\/wordpress\/resultados-complemento-de-venta-estrategica-bono-ti-2022\/","name":"Resultados complemento de venta estrat\u00e9gica (BONO TI )2022 - UGT Comunicaciones","isPartOf":{"@id":"https:\/\/www.ugtcomunicaciones.es\/wordpress\/#website"},"primaryImageOfPage":{"@id":"https:\/\/www.ugtcomunicaciones.es\/wordpress\/resultados-complemento-de-venta-estrategica-bono-ti-2022\/#primaryimage"},"image":{"@id":"https:\/\/www.ugtcomunicaciones.es\/wordpress\/resultados-complemento-de-venta-estrategica-bono-ti-2022\/#primaryimage"},"thumbnailUrl":"https:\/\/www.ugtcomunicaciones.es\/wordpress\/wp-content\/uploads\/2023\/04\/objetivos.jpg","datePublished":"2023-04-17T11:13:21+00:00","breadcrumb":{"@id":"https:\/\/www.ugtcomunicaciones.es\/wordpress\/resultados-complemento-de-venta-estrategica-bono-ti-2022\/#breadcrumb"},"inLanguage":"es","potentialAction":[{"@type":"ReadAction","target":["https:\/\/www.ugtcomunicaciones.es\/wordpress\/resultados-complemento-de-venta-estrategica-bono-ti-2022\/"]}]},{"@type":"ImageObject","inLanguage":"es","@id":"https:\/\/www.ugtcomunicaciones.es\/wordpress\/resultados-complemento-de-venta-estrategica-bono-ti-2022\/#primaryimage","url":"https:\/\/www.ugtcomunicaciones.es\/wordpress\/wp-content\/uploads\/2023\/04\/objetivos.jpg","contentUrl":"https:\/\/www.ugtcomunicaciones.es\/wordpress\/wp-content\/uploads\/2023\/04\/objetivos.jpg","width":600,"height":400,"caption":"Man giving a business presentation using a high technology digital pen"},{"@type":"BreadcrumbList","@id":"https:\/\/www.ugtcomunicaciones.es\/wordpress\/resultados-complemento-de-venta-estrategica-bono-ti-2022\/#breadcrumb","itemListElement":[{"@type":"ListItem","position":1,"name":"Portada","item":"https:\/\/www.ugtcomunicaciones.es\/wordpress\/"},{"@type":"ListItem","position":2,"name":"Resultados complemento de venta estrat\u00e9gica (BONO TI )2022"}]},{"@type":"WebSite","@id":"https:\/\/www.ugtcomunicaciones.es\/wordpress\/#website","url":"https:\/\/www.ugtcomunicaciones.es\/wordpress\/","name":"UGT Comunicaciones","description":"Sindicato de Telecomunicaciones","publisher":{"@id":"https:\/\/www.ugtcomunicaciones.es\/wordpress\/#organization"},"potentialAction":[{"@type":"SearchAction","target":{"@type":"EntryPoint","urlTemplate":"https:\/\/www.ugtcomunicaciones.es\/wordpress\/?s={search_term_string}"},"query-input":{"@type":"PropertyValueSpecification","valueRequired":true,"valueName":"search_term_string"}}],"inLanguage":"es"},{"@type":"Organization","@id":"https:\/\/www.ugtcomunicaciones.es\/wordpress\/#organization","name":"UGT Comunicaciones","url":"https:\/\/www.ugtcomunicaciones.es\/wordpress\/","logo":{"@type":"ImageObject","inLanguage":"es","@id":"https:\/\/www.ugtcomunicaciones.es\/wordpress\/#\/schema\/logo\/image\/","url":"https:\/\/www.ugtcomunicaciones.es\/wordpress\/wp-content\/uploads\/2024\/04\/comunicaciones_logo.png","contentUrl":"https:\/\/www.ugtcomunicaciones.es\/wordpress\/wp-content\/uploads\/2024\/04\/comunicaciones_logo.png","width":298,"height":81,"caption":"UGT Comunicaciones"},"image":{"@id":"https:\/\/www.ugtcomunicaciones.es\/wordpress\/#\/schema\/logo\/image\/"},"sameAs":["https:\/\/www.facebook.com\/ugt.comunicaciones\/","https:\/\/x.com\/ugtcom"]},{"@type":"Person","@id":"https:\/\/www.ugtcomunicaciones.es\/wordpress\/#\/schema\/person\/eba0fc3fe5b444531d94d4368cba89ed","name":"UGT","image":{"@type":"ImageObject","inLanguage":"es","@id":"https:\/\/secure.gravatar.com\/avatar\/2a16057d620a4c646bcfc171c4f23030879ebbdd346f0525bd5d4a564e57e13d?s=96&d=mm&r=g","url":"https:\/\/secure.gravatar.com\/avatar\/2a16057d620a4c646bcfc171c4f23030879ebbdd346f0525bd5d4a564e57e13d?s=96&d=mm&r=g","contentUrl":"https:\/\/secure.gravatar.com\/avatar\/2a16057d620a4c646bcfc171c4f23030879ebbdd346f0525bd5d4a564e57e13d?s=96&d=mm&r=g","caption":"UGT"}}]}},"_links":{"self":[{"href":"https:\/\/www.ugtcomunicaciones.es\/wordpress\/wp-json\/wp\/v2\/posts\/1064011","targetHints":{"allow":["GET"]}}],"collection":[{"href":"https:\/\/www.ugtcomunicaciones.es\/wordpress\/wp-json\/wp\/v2\/posts"}],"about":[{"href":"https:\/\/www.ugtcomunicaciones.es\/wordpress\/wp-json\/wp\/v2\/types\/post"}],"author":[{"embeddable":true,"href":"https:\/\/www.ugtcomunicaciones.es\/wordpress\/wp-json\/wp\/v2\/users\/3"}],"replies":[{"embeddable":true,"href":"https:\/\/www.ugtcomunicaciones.es\/wordpress\/wp-json\/wp\/v2\/comments?post=1064011"}],"version-history":[{"count":1,"href":"https:\/\/www.ugtcomunicaciones.es\/wordpress\/wp-json\/wp\/v2\/posts\/1064011\/revisions"}],"predecessor-version":[{"id":1064013,"href":"https:\/\/www.ugtcomunicaciones.es\/wordpress\/wp-json\/wp\/v2\/posts\/1064011\/revisions\/1064013"}],"wp:featuredmedia":[{"embeddable":true,"href":"https:\/\/www.ugtcomunicaciones.es\/wordpress\/wp-json\/wp\/v2\/media\/1064012"}],"wp:attachment":[{"href":"https:\/\/www.ugtcomunicaciones.es\/wordpress\/wp-json\/wp\/v2\/media?parent=1064011"}],"wp:term":[{"taxonomy":"category","embeddable":true,"href":"https:\/\/www.ugtcomunicaciones.es\/wordpress\/wp-json\/wp\/v2\/categories?post=1064011"},{"taxonomy":"post_tag","embeddable":true,"href":"https:\/\/www.ugtcomunicaciones.es\/wordpress\/wp-json\/wp\/v2\/tags?post=1064011"}],"curies":[{"name":"wp","href":"https:\/\/api.w.org\/{rel}","templated":true}]}}