{"id":1064045,"date":"2023-04-18T11:12:30","date_gmt":"2023-04-18T09:12:30","guid":{"rendered":"https:\/\/www.ugtcomunicaciones.es\/wordpress\/?p=1064045"},"modified":"2023-04-18T11:12:30","modified_gmt":"2023-04-18T09:12:30","slug":"ugt-solicita-a-telyco-un-plan-preventivo-ante-el-estres-termico","status":"publish","type":"post","link":"https:\/\/www.ugtcomunicaciones.es\/wordpress\/ugt-solicita-a-telyco-un-plan-preventivo-ante-el-estres-termico\/","title":{"rendered":"UGT solicita a Telyco un Plan Preventivo ante el estr\u00e9s t\u00e9rmico"},"content":{"rendered":"<h2>Estr\u00e9s t\u00e9rmico, cada vez m\u00e1s presente en todo tipo de actividad laboral.<\/h2>\n<p>Las fuertes temperaturas propias del verano en nuestro pa\u00eds, sumadas al aumento del n\u00famero y fuerza de las olas de calor provocadas por los efectos del cambio clim\u00e1tico, hacen que la amenaza por golpes de calor se extienda a muchos m\u00e1s tipos de puestos de trabajo y condiciones laborales.<br \/>\nEs una realidad que los episodios de calor extremo debido a las olas de calor son m\u00e1s recurrentes e intensos, derivando en riesgos como el estr\u00e9s t\u00e9rmico, cada vez m\u00e1s presente en todo tipo de actividad laboral, ya sea en el puesto de trabajo, como in itinere.<br \/>\nEl estr\u00e9s t\u00e9rmico por calor genera varios tipos de riesgos que pueden originar diversos da\u00f1os a la salud. En algunas ocasiones estos riesgos pueden presentarse muy r\u00e1pidamente y en otras circunstancias, en las que las condiciones ambientales no son extremas, el estr\u00e9s t\u00e9rmico por calor puede pasar inadvertido y producir da\u00f1os a las personas trabajadoras.<br \/>\nPara UGT, con las olas de calor deben intensificarse las medidas y conductas preventivas y extenderse a todos los \u00e1mbitos laborales que puedan verse afectados.<br \/>\nDesde UGT, hemos solicitado a la Empresa que se desarrolle un plan preventivo ante el riesgo de estr\u00e9s t\u00e9rmico en el trabajo, que contenga un m\u00e9todo con las siguientes pautas<\/p>\n<ol>\n<li>Establecer en cada momento el \u201cnivel de acci\u00f3n preventiva\u201d<\/li>\n<li>Medidas preventivas para paliar las temperaturas, con las responsabilidades, in situ (toma de decisiones y seguimiento de las condiciones ambientales en el trabajo), formaci\u00f3n a las personas trabajadoras y a los y las mandos. Medidas tales como fuentes de agua, ropa m\u00e1s holgada y transpirable, equipos eficientes, turnos continuos\u2026<\/li>\n<li>Desarrollo de acciones con aquellos puntos de venta, que en los periodos estivales suelen tener incidencia en la climatizaci\u00f3n, al no alcanzar un confort clim\u00e1tico en el centro de trabajo tales como, Sevilla Luis de Morales, Store de Tarragona, C\u00f3rdoba Tendillas, CC Calpe, CC Habaneras, Legan\u00e9s, Molina de Segura, Reus, Victoria.<\/li>\n<\/ol>\n<p>Volveremos a solicitar nuevamente la verificaci\u00f3n del correcto funcionamiento de los equipos de climatizaci\u00f3n, con aquellas medidas preventivas para paliar la falta de confort t\u00e9rmico.<\/p>\n","protected":false},"excerpt":{"rendered":"<p>Estr\u00e9s t\u00e9rmico, cada vez m\u00e1s presente en todo tipo de actividad laboral. Las fuertes temperaturas propias del verano en nuestro pa\u00eds, sumadas al aumento del n\u00famero y fuerza de las olas de calor provocadas por los efectos del cambio clim\u00e1tico, hacen que la amenaza por golpes de calor se extienda a muchos m\u00e1s tipos de [&hellip;]<\/p>\n","protected":false},"author":3,"featured_media":1064046,"comment_status":"closed","ping_status":"closed","sticky":false,"template":"","format":"standard","meta":{"footnotes":""},"categories":[31],"tags":[],"class_list":["post-1064045","post","type-post","status-publish","format-standard","has-post-thumbnail","hentry","category-telyco"],"yoast_head":"<!-- This site is optimized with the Yoast SEO Premium plugin v27.3 (Yoast SEO v27.4) - https:\/\/yoast.com\/product\/yoast-seo-premium-wordpress\/ -->\n<title>UGT solicita a Telyco un Plan Preventivo ante el estr\u00e9s t\u00e9rmico - UGT Comunicaciones<\/title>\n<meta name=\"robots\" content=\"index, follow, max-snippet:-1, max-image-preview:large, max-video-preview:-1\" \/>\n<link rel=\"canonical\" href=\"https:\/\/www.ugtcomunicaciones.es\/wordpress\/ugt-solicita-a-telyco-un-plan-preventivo-ante-el-estres-termico\/\" \/>\n<meta property=\"og:locale\" content=\"es_ES\" \/>\n<meta property=\"og:type\" content=\"article\" \/>\n<meta property=\"og:title\" content=\"UGT solicita a Telyco un Plan Preventivo ante el estr\u00e9s t\u00e9rmico\" \/>\n<meta property=\"og:description\" content=\"Estr\u00e9s t\u00e9rmico, cada vez m\u00e1s presente en todo tipo de actividad laboral. Las fuertes temperaturas propias del verano en nuestro pa\u00eds, sumadas al aumento del n\u00famero y fuerza de las olas de calor provocadas por los efectos del cambio clim\u00e1tico, hacen que la amenaza por golpes de calor se extienda a muchos m\u00e1s tipos de [&hellip;]\" \/>\n<meta property=\"og:url\" content=\"https:\/\/www.ugtcomunicaciones.es\/wordpress\/ugt-solicita-a-telyco-un-plan-preventivo-ante-el-estres-termico\/\" \/>\n<meta property=\"og:site_name\" content=\"UGT Comunicaciones\" \/>\n<meta property=\"article:publisher\" content=\"https:\/\/www.facebook.com\/ugt.comunicaciones\/\" \/>\n<meta property=\"article:published_time\" content=\"2023-04-18T09:12:30+00:00\" \/>\n<meta property=\"og:image\" content=\"https:\/\/www.ugtcomunicaciones.es\/wordpress\/wp-content\/uploads\/2023\/04\/tienda-movistar-sevilla.png\" \/>\n\t<meta property=\"og:image:width\" content=\"773\" \/>\n\t<meta property=\"og:image:height\" content=\"413\" \/>\n\t<meta property=\"og:image:type\" content=\"image\/png\" \/>\n<meta name=\"author\" content=\"UGT\" \/>\n<meta name=\"twitter:card\" content=\"summary_large_image\" \/>\n<meta name=\"twitter:creator\" content=\"@ugtcom\" \/>\n<meta name=\"twitter:site\" content=\"@ugtcom\" \/>\n<meta name=\"twitter:label1\" content=\"Escrito por\" \/>\n\t<meta name=\"twitter:data1\" content=\"UGT\" \/>\n\t<meta name=\"twitter:label2\" content=\"Tiempo de lectura\" \/>\n\t<meta name=\"twitter:data2\" content=\"2 minutos\" \/>\n<script type=\"application\/ld+json\" class=\"yoast-schema-graph\">{\"@context\":\"https:\\\/\\\/schema.org\",\"@graph\":[{\"@type\":\"Article\",\"@id\":\"https:\\\/\\\/www.ugtcomunicaciones.es\\\/wordpress\\\/ugt-solicita-a-telyco-un-plan-preventivo-ante-el-estres-termico\\\/#article\",\"isPartOf\":{\"@id\":\"https:\\\/\\\/www.ugtcomunicaciones.es\\\/wordpress\\\/ugt-solicita-a-telyco-un-plan-preventivo-ante-el-estres-termico\\\/\"},\"author\":{\"name\":\"UGT\",\"@id\":\"https:\\\/\\\/www.ugtcomunicaciones.es\\\/wordpress\\\/#\\\/schema\\\/person\\\/eba0fc3fe5b444531d94d4368cba89ed\"},\"headline\":\"UGT solicita a Telyco un Plan Preventivo ante el estr\u00e9s t\u00e9rmico\",\"datePublished\":\"2023-04-18T09:12:30+00:00\",\"mainEntityOfPage\":{\"@id\":\"https:\\\/\\\/www.ugtcomunicaciones.es\\\/wordpress\\\/ugt-solicita-a-telyco-un-plan-preventivo-ante-el-estres-termico\\\/\"},\"wordCount\":396,\"publisher\":{\"@id\":\"https:\\\/\\\/www.ugtcomunicaciones.es\\\/wordpress\\\/#organization\"},\"image\":{\"@id\":\"https:\\\/\\\/www.ugtcomunicaciones.es\\\/wordpress\\\/ugt-solicita-a-telyco-un-plan-preventivo-ante-el-estres-termico\\\/#primaryimage\"},\"thumbnailUrl\":\"https:\\\/\\\/www.ugtcomunicaciones.es\\\/wordpress\\\/wp-content\\\/uploads\\\/2023\\\/04\\\/tienda-movistar-sevilla.png\",\"articleSection\":[\"Telyco\"],\"inLanguage\":\"es\"},{\"@type\":\"WebPage\",\"@id\":\"https:\\\/\\\/www.ugtcomunicaciones.es\\\/wordpress\\\/ugt-solicita-a-telyco-un-plan-preventivo-ante-el-estres-termico\\\/\",\"url\":\"https:\\\/\\\/www.ugtcomunicaciones.es\\\/wordpress\\\/ugt-solicita-a-telyco-un-plan-preventivo-ante-el-estres-termico\\\/\",\"name\":\"UGT solicita a Telyco un Plan Preventivo ante el estr\u00e9s t\u00e9rmico - UGT Comunicaciones\",\"isPartOf\":{\"@id\":\"https:\\\/\\\/www.ugtcomunicaciones.es\\\/wordpress\\\/#website\"},\"primaryImageOfPage\":{\"@id\":\"https:\\\/\\\/www.ugtcomunicaciones.es\\\/wordpress\\\/ugt-solicita-a-telyco-un-plan-preventivo-ante-el-estres-termico\\\/#primaryimage\"},\"image\":{\"@id\":\"https:\\\/\\\/www.ugtcomunicaciones.es\\\/wordpress\\\/ugt-solicita-a-telyco-un-plan-preventivo-ante-el-estres-termico\\\/#primaryimage\"},\"thumbnailUrl\":\"https:\\\/\\\/www.ugtcomunicaciones.es\\\/wordpress\\\/wp-content\\\/uploads\\\/2023\\\/04\\\/tienda-movistar-sevilla.png\",\"datePublished\":\"2023-04-18T09:12:30+00:00\",\"breadcrumb\":{\"@id\":\"https:\\\/\\\/www.ugtcomunicaciones.es\\\/wordpress\\\/ugt-solicita-a-telyco-un-plan-preventivo-ante-el-estres-termico\\\/#breadcrumb\"},\"inLanguage\":\"es\",\"potentialAction\":[{\"@type\":\"ReadAction\",\"target\":[\"https:\\\/\\\/www.ugtcomunicaciones.es\\\/wordpress\\\/ugt-solicita-a-telyco-un-plan-preventivo-ante-el-estres-termico\\\/\"]}]},{\"@type\":\"ImageObject\",\"inLanguage\":\"es\",\"@id\":\"https:\\\/\\\/www.ugtcomunicaciones.es\\\/wordpress\\\/ugt-solicita-a-telyco-un-plan-preventivo-ante-el-estres-termico\\\/#primaryimage\",\"url\":\"https:\\\/\\\/www.ugtcomunicaciones.es\\\/wordpress\\\/wp-content\\\/uploads\\\/2023\\\/04\\\/tienda-movistar-sevilla.png\",\"contentUrl\":\"https:\\\/\\\/www.ugtcomunicaciones.es\\\/wordpress\\\/wp-content\\\/uploads\\\/2023\\\/04\\\/tienda-movistar-sevilla.png\",\"width\":773,\"height\":413},{\"@type\":\"BreadcrumbList\",\"@id\":\"https:\\\/\\\/www.ugtcomunicaciones.es\\\/wordpress\\\/ugt-solicita-a-telyco-un-plan-preventivo-ante-el-estres-termico\\\/#breadcrumb\",\"itemListElement\":[{\"@type\":\"ListItem\",\"position\":1,\"name\":\"Portada\",\"item\":\"https:\\\/\\\/www.ugtcomunicaciones.es\\\/wordpress\\\/\"},{\"@type\":\"ListItem\",\"position\":2,\"name\":\"UGT solicita a Telyco un Plan Preventivo ante el estr\u00e9s t\u00e9rmico\"}]},{\"@type\":\"WebSite\",\"@id\":\"https:\\\/\\\/www.ugtcomunicaciones.es\\\/wordpress\\\/#website\",\"url\":\"https:\\\/\\\/www.ugtcomunicaciones.es\\\/wordpress\\\/\",\"name\":\"UGT Comunicaciones\",\"description\":\"Sindicato de Telecomunicaciones\",\"publisher\":{\"@id\":\"https:\\\/\\\/www.ugtcomunicaciones.es\\\/wordpress\\\/#organization\"},\"potentialAction\":[{\"@type\":\"SearchAction\",\"target\":{\"@type\":\"EntryPoint\",\"urlTemplate\":\"https:\\\/\\\/www.ugtcomunicaciones.es\\\/wordpress\\\/?s={search_term_string}\"},\"query-input\":{\"@type\":\"PropertyValueSpecification\",\"valueRequired\":true,\"valueName\":\"search_term_string\"}}],\"inLanguage\":\"es\"},{\"@type\":\"Organization\",\"@id\":\"https:\\\/\\\/www.ugtcomunicaciones.es\\\/wordpress\\\/#organization\",\"name\":\"UGT Comunicaciones\",\"url\":\"https:\\\/\\\/www.ugtcomunicaciones.es\\\/wordpress\\\/\",\"logo\":{\"@type\":\"ImageObject\",\"inLanguage\":\"es\",\"@id\":\"https:\\\/\\\/www.ugtcomunicaciones.es\\\/wordpress\\\/#\\\/schema\\\/logo\\\/image\\\/\",\"url\":\"https:\\\/\\\/www.ugtcomunicaciones.es\\\/wordpress\\\/wp-content\\\/uploads\\\/2024\\\/04\\\/comunicaciones_logo.png\",\"contentUrl\":\"https:\\\/\\\/www.ugtcomunicaciones.es\\\/wordpress\\\/wp-content\\\/uploads\\\/2024\\\/04\\\/comunicaciones_logo.png\",\"width\":298,\"height\":81,\"caption\":\"UGT Comunicaciones\"},\"image\":{\"@id\":\"https:\\\/\\\/www.ugtcomunicaciones.es\\\/wordpress\\\/#\\\/schema\\\/logo\\\/image\\\/\"},\"sameAs\":[\"https:\\\/\\\/www.facebook.com\\\/ugt.comunicaciones\\\/\",\"https:\\\/\\\/x.com\\\/ugtcom\"]},{\"@type\":\"Person\",\"@id\":\"https:\\\/\\\/www.ugtcomunicaciones.es\\\/wordpress\\\/#\\\/schema\\\/person\\\/eba0fc3fe5b444531d94d4368cba89ed\",\"name\":\"UGT\",\"image\":{\"@type\":\"ImageObject\",\"inLanguage\":\"es\",\"@id\":\"https:\\\/\\\/secure.gravatar.com\\\/avatar\\\/2a16057d620a4c646bcfc171c4f23030879ebbdd346f0525bd5d4a564e57e13d?s=96&d=mm&r=g\",\"url\":\"https:\\\/\\\/secure.gravatar.com\\\/avatar\\\/2a16057d620a4c646bcfc171c4f23030879ebbdd346f0525bd5d4a564e57e13d?s=96&d=mm&r=g\",\"contentUrl\":\"https:\\\/\\\/secure.gravatar.com\\\/avatar\\\/2a16057d620a4c646bcfc171c4f23030879ebbdd346f0525bd5d4a564e57e13d?s=96&d=mm&r=g\",\"caption\":\"UGT\"}}]}<\/script>\n<!-- \/ Yoast SEO Premium plugin. -->","yoast_head_json":{"title":"UGT solicita a Telyco un Plan Preventivo ante el estr\u00e9s t\u00e9rmico - UGT Comunicaciones","robots":{"index":"index","follow":"follow","max-snippet":"max-snippet:-1","max-image-preview":"max-image-preview:large","max-video-preview":"max-video-preview:-1"},"canonical":"https:\/\/www.ugtcomunicaciones.es\/wordpress\/ugt-solicita-a-telyco-un-plan-preventivo-ante-el-estres-termico\/","og_locale":"es_ES","og_type":"article","og_title":"UGT solicita a Telyco un Plan Preventivo ante el estr\u00e9s t\u00e9rmico","og_description":"Estr\u00e9s t\u00e9rmico, cada vez m\u00e1s presente en todo tipo de actividad laboral. Las fuertes temperaturas propias del verano en nuestro pa\u00eds, sumadas al aumento del n\u00famero y fuerza de las olas de calor provocadas por los efectos del cambio clim\u00e1tico, hacen que la amenaza por golpes de calor se extienda a muchos m\u00e1s tipos de [&hellip;]","og_url":"https:\/\/www.ugtcomunicaciones.es\/wordpress\/ugt-solicita-a-telyco-un-plan-preventivo-ante-el-estres-termico\/","og_site_name":"UGT Comunicaciones","article_publisher":"https:\/\/www.facebook.com\/ugt.comunicaciones\/","article_published_time":"2023-04-18T09:12:30+00:00","og_image":[{"width":773,"height":413,"url":"https:\/\/www.ugtcomunicaciones.es\/wordpress\/wp-content\/uploads\/2023\/04\/tienda-movistar-sevilla.png","type":"image\/png"}],"author":"UGT","twitter_card":"summary_large_image","twitter_creator":"@ugtcom","twitter_site":"@ugtcom","twitter_misc":{"Escrito por":"UGT","Tiempo de lectura":"2 minutos"},"schema":{"@context":"https:\/\/schema.org","@graph":[{"@type":"Article","@id":"https:\/\/www.ugtcomunicaciones.es\/wordpress\/ugt-solicita-a-telyco-un-plan-preventivo-ante-el-estres-termico\/#article","isPartOf":{"@id":"https:\/\/www.ugtcomunicaciones.es\/wordpress\/ugt-solicita-a-telyco-un-plan-preventivo-ante-el-estres-termico\/"},"author":{"name":"UGT","@id":"https:\/\/www.ugtcomunicaciones.es\/wordpress\/#\/schema\/person\/eba0fc3fe5b444531d94d4368cba89ed"},"headline":"UGT solicita a Telyco un Plan Preventivo ante el estr\u00e9s t\u00e9rmico","datePublished":"2023-04-18T09:12:30+00:00","mainEntityOfPage":{"@id":"https:\/\/www.ugtcomunicaciones.es\/wordpress\/ugt-solicita-a-telyco-un-plan-preventivo-ante-el-estres-termico\/"},"wordCount":396,"publisher":{"@id":"https:\/\/www.ugtcomunicaciones.es\/wordpress\/#organization"},"image":{"@id":"https:\/\/www.ugtcomunicaciones.es\/wordpress\/ugt-solicita-a-telyco-un-plan-preventivo-ante-el-estres-termico\/#primaryimage"},"thumbnailUrl":"https:\/\/www.ugtcomunicaciones.es\/wordpress\/wp-content\/uploads\/2023\/04\/tienda-movistar-sevilla.png","articleSection":["Telyco"],"inLanguage":"es"},{"@type":"WebPage","@id":"https:\/\/www.ugtcomunicaciones.es\/wordpress\/ugt-solicita-a-telyco-un-plan-preventivo-ante-el-estres-termico\/","url":"https:\/\/www.ugtcomunicaciones.es\/wordpress\/ugt-solicita-a-telyco-un-plan-preventivo-ante-el-estres-termico\/","name":"UGT solicita a Telyco un Plan Preventivo ante el estr\u00e9s t\u00e9rmico - UGT Comunicaciones","isPartOf":{"@id":"https:\/\/www.ugtcomunicaciones.es\/wordpress\/#website"},"primaryImageOfPage":{"@id":"https:\/\/www.ugtcomunicaciones.es\/wordpress\/ugt-solicita-a-telyco-un-plan-preventivo-ante-el-estres-termico\/#primaryimage"},"image":{"@id":"https:\/\/www.ugtcomunicaciones.es\/wordpress\/ugt-solicita-a-telyco-un-plan-preventivo-ante-el-estres-termico\/#primaryimage"},"thumbnailUrl":"https:\/\/www.ugtcomunicaciones.es\/wordpress\/wp-content\/uploads\/2023\/04\/tienda-movistar-sevilla.png","datePublished":"2023-04-18T09:12:30+00:00","breadcrumb":{"@id":"https:\/\/www.ugtcomunicaciones.es\/wordpress\/ugt-solicita-a-telyco-un-plan-preventivo-ante-el-estres-termico\/#breadcrumb"},"inLanguage":"es","potentialAction":[{"@type":"ReadAction","target":["https:\/\/www.ugtcomunicaciones.es\/wordpress\/ugt-solicita-a-telyco-un-plan-preventivo-ante-el-estres-termico\/"]}]},{"@type":"ImageObject","inLanguage":"es","@id":"https:\/\/www.ugtcomunicaciones.es\/wordpress\/ugt-solicita-a-telyco-un-plan-preventivo-ante-el-estres-termico\/#primaryimage","url":"https:\/\/www.ugtcomunicaciones.es\/wordpress\/wp-content\/uploads\/2023\/04\/tienda-movistar-sevilla.png","contentUrl":"https:\/\/www.ugtcomunicaciones.es\/wordpress\/wp-content\/uploads\/2023\/04\/tienda-movistar-sevilla.png","width":773,"height":413},{"@type":"BreadcrumbList","@id":"https:\/\/www.ugtcomunicaciones.es\/wordpress\/ugt-solicita-a-telyco-un-plan-preventivo-ante-el-estres-termico\/#breadcrumb","itemListElement":[{"@type":"ListItem","position":1,"name":"Portada","item":"https:\/\/www.ugtcomunicaciones.es\/wordpress\/"},{"@type":"ListItem","position":2,"name":"UGT solicita a Telyco un Plan Preventivo ante el estr\u00e9s t\u00e9rmico"}]},{"@type":"WebSite","@id":"https:\/\/www.ugtcomunicaciones.es\/wordpress\/#website","url":"https:\/\/www.ugtcomunicaciones.es\/wordpress\/","name":"UGT Comunicaciones","description":"Sindicato de Telecomunicaciones","publisher":{"@id":"https:\/\/www.ugtcomunicaciones.es\/wordpress\/#organization"},"potentialAction":[{"@type":"SearchAction","target":{"@type":"EntryPoint","urlTemplate":"https:\/\/www.ugtcomunicaciones.es\/wordpress\/?s={search_term_string}"},"query-input":{"@type":"PropertyValueSpecification","valueRequired":true,"valueName":"search_term_string"}}],"inLanguage":"es"},{"@type":"Organization","@id":"https:\/\/www.ugtcomunicaciones.es\/wordpress\/#organization","name":"UGT Comunicaciones","url":"https:\/\/www.ugtcomunicaciones.es\/wordpress\/","logo":{"@type":"ImageObject","inLanguage":"es","@id":"https:\/\/www.ugtcomunicaciones.es\/wordpress\/#\/schema\/logo\/image\/","url":"https:\/\/www.ugtcomunicaciones.es\/wordpress\/wp-content\/uploads\/2024\/04\/comunicaciones_logo.png","contentUrl":"https:\/\/www.ugtcomunicaciones.es\/wordpress\/wp-content\/uploads\/2024\/04\/comunicaciones_logo.png","width":298,"height":81,"caption":"UGT Comunicaciones"},"image":{"@id":"https:\/\/www.ugtcomunicaciones.es\/wordpress\/#\/schema\/logo\/image\/"},"sameAs":["https:\/\/www.facebook.com\/ugt.comunicaciones\/","https:\/\/x.com\/ugtcom"]},{"@type":"Person","@id":"https:\/\/www.ugtcomunicaciones.es\/wordpress\/#\/schema\/person\/eba0fc3fe5b444531d94d4368cba89ed","name":"UGT","image":{"@type":"ImageObject","inLanguage":"es","@id":"https:\/\/secure.gravatar.com\/avatar\/2a16057d620a4c646bcfc171c4f23030879ebbdd346f0525bd5d4a564e57e13d?s=96&d=mm&r=g","url":"https:\/\/secure.gravatar.com\/avatar\/2a16057d620a4c646bcfc171c4f23030879ebbdd346f0525bd5d4a564e57e13d?s=96&d=mm&r=g","contentUrl":"https:\/\/secure.gravatar.com\/avatar\/2a16057d620a4c646bcfc171c4f23030879ebbdd346f0525bd5d4a564e57e13d?s=96&d=mm&r=g","caption":"UGT"}}]}},"_links":{"self":[{"href":"https:\/\/www.ugtcomunicaciones.es\/wordpress\/wp-json\/wp\/v2\/posts\/1064045","targetHints":{"allow":["GET"]}}],"collection":[{"href":"https:\/\/www.ugtcomunicaciones.es\/wordpress\/wp-json\/wp\/v2\/posts"}],"about":[{"href":"https:\/\/www.ugtcomunicaciones.es\/wordpress\/wp-json\/wp\/v2\/types\/post"}],"author":[{"embeddable":true,"href":"https:\/\/www.ugtcomunicaciones.es\/wordpress\/wp-json\/wp\/v2\/users\/3"}],"replies":[{"embeddable":true,"href":"https:\/\/www.ugtcomunicaciones.es\/wordpress\/wp-json\/wp\/v2\/comments?post=1064045"}],"version-history":[{"count":1,"href":"https:\/\/www.ugtcomunicaciones.es\/wordpress\/wp-json\/wp\/v2\/posts\/1064045\/revisions"}],"predecessor-version":[{"id":1064047,"href":"https:\/\/www.ugtcomunicaciones.es\/wordpress\/wp-json\/wp\/v2\/posts\/1064045\/revisions\/1064047"}],"wp:featuredmedia":[{"embeddable":true,"href":"https:\/\/www.ugtcomunicaciones.es\/wordpress\/wp-json\/wp\/v2\/media\/1064046"}],"wp:attachment":[{"href":"https:\/\/www.ugtcomunicaciones.es\/wordpress\/wp-json\/wp\/v2\/media?parent=1064045"}],"wp:term":[{"taxonomy":"category","embeddable":true,"href":"https:\/\/www.ugtcomunicaciones.es\/wordpress\/wp-json\/wp\/v2\/categories?post=1064045"},{"taxonomy":"post_tag","embeddable":true,"href":"https:\/\/www.ugtcomunicaciones.es\/wordpress\/wp-json\/wp\/v2\/tags?post=1064045"}],"curies":[{"name":"wp","href":"https:\/\/api.w.org\/{rel}","templated":true}]}}