{"id":1064174,"date":"2023-04-26T12:33:30","date_gmt":"2023-04-26T10:33:30","guid":{"rendered":"https:\/\/www.ugtcomunicaciones.es\/wordpress\/?p=1064174"},"modified":"2023-04-26T12:33:30","modified_gmt":"2023-04-26T10:33:30","slug":"devengos-circunstanciales","status":"publish","type":"post","link":"https:\/\/www.ugtcomunicaciones.es\/wordpress\/devengos-circunstanciales\/","title":{"rendered":"Devengos Circunstanciales"},"content":{"rendered":"<h4 style=\"text-align: justify;\"><span style=\"color: #ff0000;\"><strong>UGT<\/strong><\/span><strong> logra el compromiso de la empresa de realizar una transferencia extraordinaria por los devengos circunstanciales regulares aprobados y no abonados en la n\u00f3mina de abril.<\/strong><\/h4>\n<h4 style=\"text-align: justify;\"><strong>Adem\u00e1s, <span style=\"color: #ff0000;\">UGT<\/span> demanda adelantos peri\u00f3dicos, que la empresa estudiar\u00e1, para quienes anticipan gastos como, por ejemplo, el kilometraje.<\/strong><\/h4>\n<h4 style=\"text-align: justify;\"><strong>Igualmente, esta organizaci\u00f3n no comparte las formas de la empresa al modificar sin previo aviso el criterio de imputaci\u00f3n temporal que ven\u00eda realizando en ejercicios anteriores a los efectos de la \u201cCompensaci\u00f3n por devengos circunstanciales en vacaciones en TdE\u201d.<\/strong><strong>\u00a0<\/strong><\/h4>\n<p style=\"text-align: justify;\"><span style=\"color: #ff0000;\"><strong>UGT<\/strong><\/span> ha comprobado como en la n\u00f3mina de abril se ha producido una falta de liquidaciones de devengos circunstanciales regulares a una parte de la plantilla (jornadas partidas, kil\u00f3metros, etc.).<\/p>\n<p style=\"text-align: justify;\">Por este motivo,<span style=\"color: #ff0000;\"> <strong>UGT<\/strong><\/span> ha propuesto a la empresa soluciones concretas que eviten que las personas trabajadoras deban asumir permanentemente el adelanto de ciertos gastos relacionados con su actividad laboral, como son el kilometraje o el retraso en el cobro de devengos por fallos en los procesos internos y\/o de las aplicaciones que utiliza la empresa.<strong>\u00a0 <\/strong><\/p>\n<p style=\"text-align: justify;\"><strong>Tras las propuestas de<\/strong> <strong><span style=\"color: #ff0000;\">UGT<\/span>,<\/strong> <strong>la empresa acepta<\/strong>:<\/p>\n<ul style=\"text-align: justify;\">\n<li><strong>Realizar un pago extraordinario por la parte de devengos circunstanciales regulares aprobados y que no se han incluido en la n\u00f3mina de abril<\/strong>. La empresa ha confirmado que realizar\u00e1 estas transferencias durante la <strong>segunda semana de mayo<\/strong>.<\/li>\n<\/ul>\n<ul style=\"text-align: justify;\">\n<li><strong>Estudiar la posible instauraci\u00f3n de adelantos peri\u00f3dicos en las n\u00f3minas de las personas que por su actividad anticipan gastos como, por ejemplo, el kilometraje.<\/strong><strong>\u00a0<\/strong><\/li>\n<\/ul>\n<p style=\"text-align: justify;\">Por otra parte, ante las discrepancias detectadas en el c\u00e1lculo de devengos circunstanciales regulares relacionado con el pago de los incentivos del a\u00f1o 2022 (\u201cCOMP.DEV.CIRCUNS.VACACI\u201d) en <strong>TdE<\/strong>, <strong><span style=\"color: #ff0000;\">UGT<\/span> quiere despejar dudas y aclarar que las diferencias de c\u00e1lculo respecto a ejercicios anteriores <u>no se deben a un error de c\u00e1lculo<\/u>, sino a la modificaci\u00f3n por parte de la empresa de los criterios de imputaci\u00f3n temporal del pago de incentivos cobrados en 2023 y que se corresponden a per\u00edodos comerciales de 2022. <\/strong><\/p>\n<p style=\"text-align: justify;\"><strong>\u00bfQu\u00e9 es y c\u00f3mo se calcula la Compensaci\u00f3n de Devengos Circunstanciales por Vacaciones? <\/strong>Mediante esta compensaci\u00f3n se abona la parte de devengos correspondientes al mes de vacaciones y se calcula en funci\u00f3n de los devengos cobrados durante el a\u00f1o anterior. Para su c\u00e1lculo, deben sumarse todos los devengos cobrados en el a\u00f1o anterior, dividirlos entre 365 d\u00edas y multiplicarlos por los 30 d\u00edas de vacaciones. As\u00ed, se consigue que la plantilla no tenga una merma salarial por disfrutar de sus vacaciones anuales.<\/p>\n<p style=\"text-align: justify;\">Anteriormente, los incentivos comerciales correspondientes al \u00faltimo per\u00edodo comercial, elemento que incide en el c\u00e1lculo de la Compensaci\u00f3n de Devengos Circunstanciales por Vacaciones, se imputaban al a\u00f1o anterior a pesar de abonarse a a\u00f1o vencido, criterio que la empresa ha dejado de seguir para pasar a imputarlos en el mismo a\u00f1o en que se cobran.<\/p>\n<p style=\"text-align: justify;\">As\u00ed, con efectos de este a\u00f1o, <strong>la parte de Compensaci\u00f3n de Devengos Circunstanciales por Vacaciones que deriva del incentivo del \u00faltimo per\u00edodo del a\u00f1o y que se ha cobrado este 2023, quedar\u00e1 regularizado en la <\/strong><strong>Compensaci\u00f3n a abonar en 2024<\/strong> y, en consecuencia, a partir de dicho a\u00f1o ser\u00e1n ejercicios completos.<\/p>\n<p style=\"text-align: justify;\"><span style=\"color: #ff0000;\"><strong>UGT<\/strong><\/span> no comparte y ha criticado las formas de la empresa al realizar este cambio de criterio que, aunque pudiera ser correcto a efectos legales, se ha realizado sin previo aviso, generando dudas y malestar en la plantilla. Si bien en 2024 la situaci\u00f3n quedar\u00e1 completamente regularizada, consideramos que la empresa deber\u00eda haber comunicado oportunamente y con tiempo suficiente este cambio a la plantilla.<\/p>\n<p style=\"text-align: justify;\">Por \u00faltimo, <span style=\"color: #ff0000;\"><strong>UGT<\/strong><\/span> seguir\u00e1 trabajando en propuestas concretas que solucionen las problem\u00e1ticas detectadas, como el pago extraordinario por los Devengos circunstanciales regulares no abonados en abril y os mantendremos informados acerca de la posibilidad de instaurar adelantos peri\u00f3dicos en n\u00f3minas por gastos como el kilometraje.<\/p>\n","protected":false},"excerpt":{"rendered":"<p>UGT logra el compromiso de la empresa de realizar una transferencia extraordinaria por los devengos circunstanciales regulares aprobados y no abonados en la n\u00f3mina de abril. Adem\u00e1s, UGT demanda adelantos peri\u00f3dicos, que la empresa estudiar\u00e1, para quienes anticipan gastos como, por ejemplo, el kilometraje. Igualmente, esta organizaci\u00f3n no comparte las formas de la empresa al [&hellip;]<\/p>\n","protected":false},"author":3,"featured_media":1064175,"comment_status":"closed","ping_status":"closed","sticky":false,"template":"","format":"standard","meta":{"footnotes":""},"categories":[8,25,7,26],"tags":[],"class_list":["post-1064174","post","type-post","status-publish","format-standard","has-post-thumbnail","hentry","category-telefonica-cev","category-telefonica","category-telefonica-moviles","category-telefonica-soluciones"],"yoast_head":"<!-- This site is optimized with the Yoast SEO Premium plugin v27.3 (Yoast SEO v27.4) - https:\/\/yoast.com\/product\/yoast-seo-premium-wordpress\/ -->\n<title>Devengos Circunstanciales - UGT Comunicaciones<\/title>\n<meta name=\"robots\" content=\"index, follow, max-snippet:-1, max-image-preview:large, max-video-preview:-1\" \/>\n<link rel=\"canonical\" href=\"https:\/\/www.ugtcomunicaciones.es\/wordpress\/devengos-circunstanciales\/\" \/>\n<meta property=\"og:locale\" content=\"es_ES\" \/>\n<meta property=\"og:type\" content=\"article\" \/>\n<meta property=\"og:title\" content=\"Devengos Circunstanciales\" \/>\n<meta property=\"og:description\" content=\"UGT logra el compromiso de la empresa de realizar una transferencia extraordinaria por los devengos circunstanciales regulares aprobados y no abonados en la n\u00f3mina de abril. Adem\u00e1s, UGT demanda adelantos peri\u00f3dicos, que la empresa estudiar\u00e1, para quienes anticipan gastos como, por ejemplo, el kilometraje. Igualmente, esta organizaci\u00f3n no comparte las formas de la empresa al [&hellip;]\" \/>\n<meta property=\"og:url\" content=\"https:\/\/www.ugtcomunicaciones.es\/wordpress\/devengos-circunstanciales\/\" \/>\n<meta property=\"og:site_name\" content=\"UGT Comunicaciones\" \/>\n<meta property=\"article:publisher\" content=\"https:\/\/www.facebook.com\/ugt.comunicaciones\/\" \/>\n<meta property=\"article:published_time\" content=\"2023-04-26T10:33:30+00:00\" \/>\n<meta property=\"og:image\" content=\"https:\/\/www.ugtcomunicaciones.es\/wordpress\/wp-content\/uploads\/2023\/04\/Devengos.jpg\" \/>\n\t<meta property=\"og:image:width\" content=\"601\" \/>\n\t<meta property=\"og:image:height\" content=\"401\" \/>\n\t<meta property=\"og:image:type\" content=\"image\/jpeg\" \/>\n<meta name=\"author\" content=\"UGT\" \/>\n<meta name=\"twitter:card\" content=\"summary_large_image\" \/>\n<meta name=\"twitter:creator\" content=\"@ugtcom\" \/>\n<meta name=\"twitter:site\" content=\"@ugtcom\" \/>\n<meta name=\"twitter:label1\" content=\"Escrito por\" \/>\n\t<meta name=\"twitter:data1\" content=\"UGT\" \/>\n\t<meta name=\"twitter:label2\" content=\"Tiempo de lectura\" \/>\n\t<meta name=\"twitter:data2\" content=\"3 minutos\" \/>\n<script type=\"application\/ld+json\" class=\"yoast-schema-graph\">{\"@context\":\"https:\\\/\\\/schema.org\",\"@graph\":[{\"@type\":\"Article\",\"@id\":\"https:\\\/\\\/www.ugtcomunicaciones.es\\\/wordpress\\\/devengos-circunstanciales\\\/#article\",\"isPartOf\":{\"@id\":\"https:\\\/\\\/www.ugtcomunicaciones.es\\\/wordpress\\\/devengos-circunstanciales\\\/\"},\"author\":{\"name\":\"UGT\",\"@id\":\"https:\\\/\\\/www.ugtcomunicaciones.es\\\/wordpress\\\/#\\\/schema\\\/person\\\/eba0fc3fe5b444531d94d4368cba89ed\"},\"headline\":\"Devengos Circunstanciales\",\"datePublished\":\"2023-04-26T10:33:30+00:00\",\"mainEntityOfPage\":{\"@id\":\"https:\\\/\\\/www.ugtcomunicaciones.es\\\/wordpress\\\/devengos-circunstanciales\\\/\"},\"wordCount\":661,\"publisher\":{\"@id\":\"https:\\\/\\\/www.ugtcomunicaciones.es\\\/wordpress\\\/#organization\"},\"image\":{\"@id\":\"https:\\\/\\\/www.ugtcomunicaciones.es\\\/wordpress\\\/devengos-circunstanciales\\\/#primaryimage\"},\"thumbnailUrl\":\"https:\\\/\\\/www.ugtcomunicaciones.es\\\/wordpress\\\/wp-content\\\/uploads\\\/2023\\\/04\\\/Devengos.jpg\",\"articleSection\":[\"Telef\u00f3nica CEV\",\"Telef\u00f3nica de Espa\u00f1a\",\"Telef\u00f3nica M\u00f3viles\",\"Telef\u00f3nica Soluciones\"],\"inLanguage\":\"es\"},{\"@type\":\"WebPage\",\"@id\":\"https:\\\/\\\/www.ugtcomunicaciones.es\\\/wordpress\\\/devengos-circunstanciales\\\/\",\"url\":\"https:\\\/\\\/www.ugtcomunicaciones.es\\\/wordpress\\\/devengos-circunstanciales\\\/\",\"name\":\"Devengos Circunstanciales - UGT Comunicaciones\",\"isPartOf\":{\"@id\":\"https:\\\/\\\/www.ugtcomunicaciones.es\\\/wordpress\\\/#website\"},\"primaryImageOfPage\":{\"@id\":\"https:\\\/\\\/www.ugtcomunicaciones.es\\\/wordpress\\\/devengos-circunstanciales\\\/#primaryimage\"},\"image\":{\"@id\":\"https:\\\/\\\/www.ugtcomunicaciones.es\\\/wordpress\\\/devengos-circunstanciales\\\/#primaryimage\"},\"thumbnailUrl\":\"https:\\\/\\\/www.ugtcomunicaciones.es\\\/wordpress\\\/wp-content\\\/uploads\\\/2023\\\/04\\\/Devengos.jpg\",\"datePublished\":\"2023-04-26T10:33:30+00:00\",\"breadcrumb\":{\"@id\":\"https:\\\/\\\/www.ugtcomunicaciones.es\\\/wordpress\\\/devengos-circunstanciales\\\/#breadcrumb\"},\"inLanguage\":\"es\",\"potentialAction\":[{\"@type\":\"ReadAction\",\"target\":[\"https:\\\/\\\/www.ugtcomunicaciones.es\\\/wordpress\\\/devengos-circunstanciales\\\/\"]}]},{\"@type\":\"ImageObject\",\"inLanguage\":\"es\",\"@id\":\"https:\\\/\\\/www.ugtcomunicaciones.es\\\/wordpress\\\/devengos-circunstanciales\\\/#primaryimage\",\"url\":\"https:\\\/\\\/www.ugtcomunicaciones.es\\\/wordpress\\\/wp-content\\\/uploads\\\/2023\\\/04\\\/Devengos.jpg\",\"contentUrl\":\"https:\\\/\\\/www.ugtcomunicaciones.es\\\/wordpress\\\/wp-content\\\/uploads\\\/2023\\\/04\\\/Devengos.jpg\",\"width\":601,\"height\":401,\"caption\":\"Closeup of accountant counting on calculator and working with table\"},{\"@type\":\"BreadcrumbList\",\"@id\":\"https:\\\/\\\/www.ugtcomunicaciones.es\\\/wordpress\\\/devengos-circunstanciales\\\/#breadcrumb\",\"itemListElement\":[{\"@type\":\"ListItem\",\"position\":1,\"name\":\"Portada\",\"item\":\"https:\\\/\\\/www.ugtcomunicaciones.es\\\/wordpress\\\/\"},{\"@type\":\"ListItem\",\"position\":2,\"name\":\"Devengos Circunstanciales\"}]},{\"@type\":\"WebSite\",\"@id\":\"https:\\\/\\\/www.ugtcomunicaciones.es\\\/wordpress\\\/#website\",\"url\":\"https:\\\/\\\/www.ugtcomunicaciones.es\\\/wordpress\\\/\",\"name\":\"UGT Comunicaciones\",\"description\":\"Sindicato de Telecomunicaciones\",\"publisher\":{\"@id\":\"https:\\\/\\\/www.ugtcomunicaciones.es\\\/wordpress\\\/#organization\"},\"potentialAction\":[{\"@type\":\"SearchAction\",\"target\":{\"@type\":\"EntryPoint\",\"urlTemplate\":\"https:\\\/\\\/www.ugtcomunicaciones.es\\\/wordpress\\\/?s={search_term_string}\"},\"query-input\":{\"@type\":\"PropertyValueSpecification\",\"valueRequired\":true,\"valueName\":\"search_term_string\"}}],\"inLanguage\":\"es\"},{\"@type\":\"Organization\",\"@id\":\"https:\\\/\\\/www.ugtcomunicaciones.es\\\/wordpress\\\/#organization\",\"name\":\"UGT Comunicaciones\",\"url\":\"https:\\\/\\\/www.ugtcomunicaciones.es\\\/wordpress\\\/\",\"logo\":{\"@type\":\"ImageObject\",\"inLanguage\":\"es\",\"@id\":\"https:\\\/\\\/www.ugtcomunicaciones.es\\\/wordpress\\\/#\\\/schema\\\/logo\\\/image\\\/\",\"url\":\"https:\\\/\\\/www.ugtcomunicaciones.es\\\/wordpress\\\/wp-content\\\/uploads\\\/2024\\\/04\\\/comunicaciones_logo.png\",\"contentUrl\":\"https:\\\/\\\/www.ugtcomunicaciones.es\\\/wordpress\\\/wp-content\\\/uploads\\\/2024\\\/04\\\/comunicaciones_logo.png\",\"width\":298,\"height\":81,\"caption\":\"UGT Comunicaciones\"},\"image\":{\"@id\":\"https:\\\/\\\/www.ugtcomunicaciones.es\\\/wordpress\\\/#\\\/schema\\\/logo\\\/image\\\/\"},\"sameAs\":[\"https:\\\/\\\/www.facebook.com\\\/ugt.comunicaciones\\\/\",\"https:\\\/\\\/x.com\\\/ugtcom\"]},{\"@type\":\"Person\",\"@id\":\"https:\\\/\\\/www.ugtcomunicaciones.es\\\/wordpress\\\/#\\\/schema\\\/person\\\/eba0fc3fe5b444531d94d4368cba89ed\",\"name\":\"UGT\",\"image\":{\"@type\":\"ImageObject\",\"inLanguage\":\"es\",\"@id\":\"https:\\\/\\\/secure.gravatar.com\\\/avatar\\\/2a16057d620a4c646bcfc171c4f23030879ebbdd346f0525bd5d4a564e57e13d?s=96&d=mm&r=g\",\"url\":\"https:\\\/\\\/secure.gravatar.com\\\/avatar\\\/2a16057d620a4c646bcfc171c4f23030879ebbdd346f0525bd5d4a564e57e13d?s=96&d=mm&r=g\",\"contentUrl\":\"https:\\\/\\\/secure.gravatar.com\\\/avatar\\\/2a16057d620a4c646bcfc171c4f23030879ebbdd346f0525bd5d4a564e57e13d?s=96&d=mm&r=g\",\"caption\":\"UGT\"}}]}<\/script>\n<!-- \/ Yoast SEO Premium plugin. -->","yoast_head_json":{"title":"Devengos Circunstanciales - UGT Comunicaciones","robots":{"index":"index","follow":"follow","max-snippet":"max-snippet:-1","max-image-preview":"max-image-preview:large","max-video-preview":"max-video-preview:-1"},"canonical":"https:\/\/www.ugtcomunicaciones.es\/wordpress\/devengos-circunstanciales\/","og_locale":"es_ES","og_type":"article","og_title":"Devengos Circunstanciales","og_description":"UGT logra el compromiso de la empresa de realizar una transferencia extraordinaria por los devengos circunstanciales regulares aprobados y no abonados en la n\u00f3mina de abril. Adem\u00e1s, UGT demanda adelantos peri\u00f3dicos, que la empresa estudiar\u00e1, para quienes anticipan gastos como, por ejemplo, el kilometraje. Igualmente, esta organizaci\u00f3n no comparte las formas de la empresa al [&hellip;]","og_url":"https:\/\/www.ugtcomunicaciones.es\/wordpress\/devengos-circunstanciales\/","og_site_name":"UGT Comunicaciones","article_publisher":"https:\/\/www.facebook.com\/ugt.comunicaciones\/","article_published_time":"2023-04-26T10:33:30+00:00","og_image":[{"width":601,"height":401,"url":"https:\/\/www.ugtcomunicaciones.es\/wordpress\/wp-content\/uploads\/2023\/04\/Devengos.jpg","type":"image\/jpeg"}],"author":"UGT","twitter_card":"summary_large_image","twitter_creator":"@ugtcom","twitter_site":"@ugtcom","twitter_misc":{"Escrito por":"UGT","Tiempo de lectura":"3 minutos"},"schema":{"@context":"https:\/\/schema.org","@graph":[{"@type":"Article","@id":"https:\/\/www.ugtcomunicaciones.es\/wordpress\/devengos-circunstanciales\/#article","isPartOf":{"@id":"https:\/\/www.ugtcomunicaciones.es\/wordpress\/devengos-circunstanciales\/"},"author":{"name":"UGT","@id":"https:\/\/www.ugtcomunicaciones.es\/wordpress\/#\/schema\/person\/eba0fc3fe5b444531d94d4368cba89ed"},"headline":"Devengos Circunstanciales","datePublished":"2023-04-26T10:33:30+00:00","mainEntityOfPage":{"@id":"https:\/\/www.ugtcomunicaciones.es\/wordpress\/devengos-circunstanciales\/"},"wordCount":661,"publisher":{"@id":"https:\/\/www.ugtcomunicaciones.es\/wordpress\/#organization"},"image":{"@id":"https:\/\/www.ugtcomunicaciones.es\/wordpress\/devengos-circunstanciales\/#primaryimage"},"thumbnailUrl":"https:\/\/www.ugtcomunicaciones.es\/wordpress\/wp-content\/uploads\/2023\/04\/Devengos.jpg","articleSection":["Telef\u00f3nica CEV","Telef\u00f3nica de Espa\u00f1a","Telef\u00f3nica M\u00f3viles","Telef\u00f3nica Soluciones"],"inLanguage":"es"},{"@type":"WebPage","@id":"https:\/\/www.ugtcomunicaciones.es\/wordpress\/devengos-circunstanciales\/","url":"https:\/\/www.ugtcomunicaciones.es\/wordpress\/devengos-circunstanciales\/","name":"Devengos Circunstanciales - UGT Comunicaciones","isPartOf":{"@id":"https:\/\/www.ugtcomunicaciones.es\/wordpress\/#website"},"primaryImageOfPage":{"@id":"https:\/\/www.ugtcomunicaciones.es\/wordpress\/devengos-circunstanciales\/#primaryimage"},"image":{"@id":"https:\/\/www.ugtcomunicaciones.es\/wordpress\/devengos-circunstanciales\/#primaryimage"},"thumbnailUrl":"https:\/\/www.ugtcomunicaciones.es\/wordpress\/wp-content\/uploads\/2023\/04\/Devengos.jpg","datePublished":"2023-04-26T10:33:30+00:00","breadcrumb":{"@id":"https:\/\/www.ugtcomunicaciones.es\/wordpress\/devengos-circunstanciales\/#breadcrumb"},"inLanguage":"es","potentialAction":[{"@type":"ReadAction","target":["https:\/\/www.ugtcomunicaciones.es\/wordpress\/devengos-circunstanciales\/"]}]},{"@type":"ImageObject","inLanguage":"es","@id":"https:\/\/www.ugtcomunicaciones.es\/wordpress\/devengos-circunstanciales\/#primaryimage","url":"https:\/\/www.ugtcomunicaciones.es\/wordpress\/wp-content\/uploads\/2023\/04\/Devengos.jpg","contentUrl":"https:\/\/www.ugtcomunicaciones.es\/wordpress\/wp-content\/uploads\/2023\/04\/Devengos.jpg","width":601,"height":401,"caption":"Closeup of accountant counting on calculator and working with table"},{"@type":"BreadcrumbList","@id":"https:\/\/www.ugtcomunicaciones.es\/wordpress\/devengos-circunstanciales\/#breadcrumb","itemListElement":[{"@type":"ListItem","position":1,"name":"Portada","item":"https:\/\/www.ugtcomunicaciones.es\/wordpress\/"},{"@type":"ListItem","position":2,"name":"Devengos Circunstanciales"}]},{"@type":"WebSite","@id":"https:\/\/www.ugtcomunicaciones.es\/wordpress\/#website","url":"https:\/\/www.ugtcomunicaciones.es\/wordpress\/","name":"UGT Comunicaciones","description":"Sindicato de Telecomunicaciones","publisher":{"@id":"https:\/\/www.ugtcomunicaciones.es\/wordpress\/#organization"},"potentialAction":[{"@type":"SearchAction","target":{"@type":"EntryPoint","urlTemplate":"https:\/\/www.ugtcomunicaciones.es\/wordpress\/?s={search_term_string}"},"query-input":{"@type":"PropertyValueSpecification","valueRequired":true,"valueName":"search_term_string"}}],"inLanguage":"es"},{"@type":"Organization","@id":"https:\/\/www.ugtcomunicaciones.es\/wordpress\/#organization","name":"UGT Comunicaciones","url":"https:\/\/www.ugtcomunicaciones.es\/wordpress\/","logo":{"@type":"ImageObject","inLanguage":"es","@id":"https:\/\/www.ugtcomunicaciones.es\/wordpress\/#\/schema\/logo\/image\/","url":"https:\/\/www.ugtcomunicaciones.es\/wordpress\/wp-content\/uploads\/2024\/04\/comunicaciones_logo.png","contentUrl":"https:\/\/www.ugtcomunicaciones.es\/wordpress\/wp-content\/uploads\/2024\/04\/comunicaciones_logo.png","width":298,"height":81,"caption":"UGT Comunicaciones"},"image":{"@id":"https:\/\/www.ugtcomunicaciones.es\/wordpress\/#\/schema\/logo\/image\/"},"sameAs":["https:\/\/www.facebook.com\/ugt.comunicaciones\/","https:\/\/x.com\/ugtcom"]},{"@type":"Person","@id":"https:\/\/www.ugtcomunicaciones.es\/wordpress\/#\/schema\/person\/eba0fc3fe5b444531d94d4368cba89ed","name":"UGT","image":{"@type":"ImageObject","inLanguage":"es","@id":"https:\/\/secure.gravatar.com\/avatar\/2a16057d620a4c646bcfc171c4f23030879ebbdd346f0525bd5d4a564e57e13d?s=96&d=mm&r=g","url":"https:\/\/secure.gravatar.com\/avatar\/2a16057d620a4c646bcfc171c4f23030879ebbdd346f0525bd5d4a564e57e13d?s=96&d=mm&r=g","contentUrl":"https:\/\/secure.gravatar.com\/avatar\/2a16057d620a4c646bcfc171c4f23030879ebbdd346f0525bd5d4a564e57e13d?s=96&d=mm&r=g","caption":"UGT"}}]}},"_links":{"self":[{"href":"https:\/\/www.ugtcomunicaciones.es\/wordpress\/wp-json\/wp\/v2\/posts\/1064174","targetHints":{"allow":["GET"]}}],"collection":[{"href":"https:\/\/www.ugtcomunicaciones.es\/wordpress\/wp-json\/wp\/v2\/posts"}],"about":[{"href":"https:\/\/www.ugtcomunicaciones.es\/wordpress\/wp-json\/wp\/v2\/types\/post"}],"author":[{"embeddable":true,"href":"https:\/\/www.ugtcomunicaciones.es\/wordpress\/wp-json\/wp\/v2\/users\/3"}],"replies":[{"embeddable":true,"href":"https:\/\/www.ugtcomunicaciones.es\/wordpress\/wp-json\/wp\/v2\/comments?post=1064174"}],"version-history":[{"count":2,"href":"https:\/\/www.ugtcomunicaciones.es\/wordpress\/wp-json\/wp\/v2\/posts\/1064174\/revisions"}],"predecessor-version":[{"id":1064177,"href":"https:\/\/www.ugtcomunicaciones.es\/wordpress\/wp-json\/wp\/v2\/posts\/1064174\/revisions\/1064177"}],"wp:featuredmedia":[{"embeddable":true,"href":"https:\/\/www.ugtcomunicaciones.es\/wordpress\/wp-json\/wp\/v2\/media\/1064175"}],"wp:attachment":[{"href":"https:\/\/www.ugtcomunicaciones.es\/wordpress\/wp-json\/wp\/v2\/media?parent=1064174"}],"wp:term":[{"taxonomy":"category","embeddable":true,"href":"https:\/\/www.ugtcomunicaciones.es\/wordpress\/wp-json\/wp\/v2\/categories?post=1064174"},{"taxonomy":"post_tag","embeddable":true,"href":"https:\/\/www.ugtcomunicaciones.es\/wordpress\/wp-json\/wp\/v2\/tags?post=1064174"}],"curies":[{"name":"wp","href":"https:\/\/api.w.org\/{rel}","templated":true}]}}