{"id":1064340,"date":"2023-05-08T07:00:57","date_gmt":"2023-05-08T05:00:57","guid":{"rendered":"https:\/\/www.ugtcomunicaciones.es\/wordpress\/?p=1064340"},"modified":"2023-05-03T13:54:25","modified_gmt":"2023-05-03T11:54:25","slug":"pepephone-tambien-sufragara-el-servicio-universal","status":"publish","type":"post","link":"https:\/\/www.ugtcomunicaciones.es\/wordpress\/pepephone-tambien-sufragara-el-servicio-universal\/","title":{"rendered":"Pepephone tambi\u00e9n sufragar\u00e1 el servicio universal"},"content":{"rendered":"<h4 style=\"text-align: justify;\">Aumenta el n\u00famero de operadores que contribuyen al sufragio del Servicio Universal de Comunicaciones. Si para el ejercicio 2018 la CNMC a\u00f1adi\u00f3 a <a href=\"https:\/\/www.digimobil.es\/\" target=\"_blank\" rel=\"noopener\">Digi<\/a> y <a href=\"https:\/\/www.ugtcomunicaciones.es\/wordpress\/ree-y-digi-tambien-sufragaran-el-servicio-universal-de-comunicaciones-2\/\" target=\"_blank\" rel=\"noopener\">REE<\/a>, el regulador ha incluido a <a href=\"https:\/\/www.pepephone.com\/\" target=\"_blank\" rel=\"noopener\">Pepephone<\/a> en el a\u00f1o siguiente, seg\u00fan una resoluci\u00f3n de<a href=\"https:\/\/www.cnmc.es\/sites\/default\/files\/4613902.pdf\" target=\"_blank\" rel=\"noopener\"> reciente publicaci\u00f3n<\/a>. De hecho, el operador de los topos rojos abonar\u00e1 46.572 euros, aunque hay que destacar que su participaci\u00f3n es de las m\u00e1s bajas (un 0,68%).<\/h4>\n<p style=\"text-align: justify;\">Con estos ajustes entre los operadores obligados a dicha contribuci\u00f3n, el n\u00famero total asciende ya a <a href=\"https:\/\/www.cnmc.es\/prensa\/reparto-FNSU-19-20230330\" target=\"_blank\" rel=\"noopener\">19<\/a>, desde los 15 del a\u00f1o precedente, aunque este desfase es atribuible a las diferente segmentaciones de los negocios por parte de las compa\u00f1\u00edas (por ejemplo, Orange participa tambien con OSFI y OEV -Orange Espa\u00f1a Virtual- o M\u00e1sM\u00f3vil lo hace con Xfera y Broadband). En la siguientes tablas se pueden distinguir la diferencias:<\/p>\n<p><img decoding=\"async\" class=\"aligncenter wp-image-1064341 size-full lazyload\" data-src=\"https:\/\/www.ugtcomunicaciones.es\/wordpress\/wp-content\/uploads\/2023\/05\/Pepephone.jpg\" alt=\"\" width=\"756\" height=\"316\" data-srcset=\"https:\/\/www.ugtcomunicaciones.es\/wordpress\/wp-content\/uploads\/2023\/05\/Pepephone.jpg 756w, https:\/\/www.ugtcomunicaciones.es\/wordpress\/wp-content\/uploads\/2023\/05\/Pepephone-300x125.jpg 300w, https:\/\/www.ugtcomunicaciones.es\/wordpress\/wp-content\/uploads\/2023\/05\/Pepephone-640x268.jpg 640w, https:\/\/www.ugtcomunicaciones.es\/wordpress\/wp-content\/uploads\/2023\/05\/Pepephone-681x285.jpg 681w\" data-sizes=\"(max-width: 756px) 100vw, 756px\" src=\"data:image\/svg+xml;base64,PHN2ZyB3aWR0aD0iMSIgaGVpZ2h0PSIxIiB4bWxucz0iaHR0cDovL3d3dy53My5vcmcvMjAwMC9zdmciPjwvc3ZnPg==\" style=\"--smush-placeholder-width: 756px; --smush-placeholder-aspect-ratio: 756\/316;\" \/><\/p>\n<p style=\"text-align: justify;\">Recordar que el a\u00f1o 2019 supuso un fort\u00edsimo descenso en la cuant\u00eda del Servicio Universal, que pas\u00f3 de 14,6 millones a casi 7, como consecuencia de la exclusi\u00f3n de las cabinas de su <a href=\"https:\/\/www.ugtcomunicaciones.es\/wordpress\/la-exclusion-de-las-cabinas-reduce-un-50-el-coste-del-servicio-universal\/\" target=\"_blank\" rel=\"noopener\">c\u00e1lculo<\/a>.<\/p>\n<p style=\"text-align: justify;\">La lista de operadores rese\u00f1ados abonar\u00e1n las citadas cantidades para que la CNMC a su vez se las transfiera a Telef\u00f3nica, como operador obligado en el ejercicio 2019 a la prestaci\u00f3n de los servicios integrantes del <a href=\"https:\/\/www.xatakamovil.com\/mercado\/a-telefonica-le-costo-casi-7-millones-euros-servicio-universal-2019-ahora-tendran-que-pagarle-mitad\" target=\"_blank\" rel=\"noopener\">servicio universal de telecomunicaciones<\/a>.<\/p>\n<h4 style=\"text-align: right;\"><span style=\"color: #ff0000;\"><strong>UGT<\/strong><\/span><strong> Comunicaciones<\/strong><\/h4>\n<p><a href=\"#_ftnref1\" name=\"_ftn1\"><\/a><\/p>\n","protected":false},"excerpt":{"rendered":"<p>Aumenta el n\u00famero de operadores que contribuyen al sufragio del Servicio Universal de Comunicaciones. Si para el ejercicio 2018 la CNMC a\u00f1adi\u00f3 a Digi y REE, el regulador ha incluido a Pepephone en el a\u00f1o siguiente, seg\u00fan una resoluci\u00f3n de reciente publicaci\u00f3n. De hecho, el operador de los topos rojos abonar\u00e1 46.572 euros, aunque hay [&hellip;]<\/p>\n","protected":false},"author":3,"featured_media":1064344,"comment_status":"closed","ping_status":"closed","sticky":false,"template":"","format":"standard","meta":{"footnotes":""},"categories":[13,12],"tags":[],"class_list":["post-1064340","post","type-post","status-publish","format-standard","has-post-thumbnail","hentry","category-mercado-comunicaciones","category-regulacion"],"yoast_head":"<!-- This site is optimized with the Yoast SEO Premium plugin v27.3 (Yoast SEO v27.4) - https:\/\/yoast.com\/product\/yoast-seo-premium-wordpress\/ -->\n<title>Pepephone tambi\u00e9n sufragar\u00e1 el servicio universal - UGT Comunicaciones<\/title>\n<meta name=\"description\" content=\"Aumenta el n\u00famero de operadores que contribuyen al sufragio del Servicio Universal de Comunicaciones. Si para el ejercicio 2018\" \/>\n<meta name=\"robots\" content=\"index, follow, max-snippet:-1, max-image-preview:large, max-video-preview:-1\" \/>\n<link rel=\"canonical\" href=\"https:\/\/www.ugtcomunicaciones.es\/wordpress\/pepephone-tambien-sufragara-el-servicio-universal\/\" \/>\n<meta property=\"og:locale\" content=\"es_ES\" \/>\n<meta property=\"og:type\" content=\"article\" \/>\n<meta property=\"og:title\" content=\"Pepephone tambi\u00e9n sufragar\u00e1 el servicio universal\" \/>\n<meta property=\"og:description\" content=\"Aumenta el n\u00famero de operadores que contribuyen al sufragio del Servicio Universal de Comunicaciones. Si para el ejercicio 2018\" \/>\n<meta property=\"og:url\" content=\"https:\/\/www.ugtcomunicaciones.es\/wordpress\/pepephone-tambien-sufragara-el-servicio-universal\/\" \/>\n<meta property=\"og:site_name\" content=\"UGT Comunicaciones\" \/>\n<meta property=\"article:publisher\" content=\"https:\/\/www.facebook.com\/ugt.comunicaciones\/\" \/>\n<meta property=\"article:published_time\" content=\"2023-05-08T05:00:57+00:00\" \/>\n<meta property=\"og:image\" content=\"https:\/\/www.ugtcomunicaciones.es\/wordpress\/wp-content\/uploads\/2023\/05\/Pepephone_2.jpg\" \/>\n\t<meta property=\"og:image:width\" content=\"600\" \/>\n\t<meta property=\"og:image:height\" content=\"383\" \/>\n\t<meta property=\"og:image:type\" content=\"image\/jpeg\" \/>\n<meta name=\"author\" content=\"UGT\" \/>\n<meta name=\"twitter:card\" content=\"summary_large_image\" \/>\n<meta name=\"twitter:creator\" content=\"@ugtcom\" \/>\n<meta name=\"twitter:site\" content=\"@ugtcom\" \/>\n<meta name=\"twitter:label1\" content=\"Escrito por\" \/>\n\t<meta name=\"twitter:data1\" content=\"UGT\" \/>\n\t<meta name=\"twitter:label2\" content=\"Tiempo de lectura\" \/>\n\t<meta name=\"twitter:data2\" content=\"1 minuto\" \/>\n<script type=\"application\/ld+json\" class=\"yoast-schema-graph\">{\"@context\":\"https:\\\/\\\/schema.org\",\"@graph\":[{\"@type\":\"Article\",\"@id\":\"https:\\\/\\\/www.ugtcomunicaciones.es\\\/wordpress\\\/pepephone-tambien-sufragara-el-servicio-universal\\\/#article\",\"isPartOf\":{\"@id\":\"https:\\\/\\\/www.ugtcomunicaciones.es\\\/wordpress\\\/pepephone-tambien-sufragara-el-servicio-universal\\\/\"},\"author\":{\"name\":\"UGT\",\"@id\":\"https:\\\/\\\/www.ugtcomunicaciones.es\\\/wordpress\\\/#\\\/schema\\\/person\\\/eba0fc3fe5b444531d94d4368cba89ed\"},\"headline\":\"Pepephone tambi\u00e9n sufragar\u00e1 el servicio universal\",\"datePublished\":\"2023-05-08T05:00:57+00:00\",\"mainEntityOfPage\":{\"@id\":\"https:\\\/\\\/www.ugtcomunicaciones.es\\\/wordpress\\\/pepephone-tambien-sufragara-el-servicio-universal\\\/\"},\"wordCount\":234,\"publisher\":{\"@id\":\"https:\\\/\\\/www.ugtcomunicaciones.es\\\/wordpress\\\/#organization\"},\"image\":{\"@id\":\"https:\\\/\\\/www.ugtcomunicaciones.es\\\/wordpress\\\/pepephone-tambien-sufragara-el-servicio-universal\\\/#primaryimage\"},\"thumbnailUrl\":\"https:\\\/\\\/www.ugtcomunicaciones.es\\\/wordpress\\\/wp-content\\\/uploads\\\/2023\\\/05\\\/Pepephone_2.jpg\",\"articleSection\":[\"Mercado Comunicaciones\",\"Regulaci\u00f3n\"],\"inLanguage\":\"es\"},{\"@type\":\"WebPage\",\"@id\":\"https:\\\/\\\/www.ugtcomunicaciones.es\\\/wordpress\\\/pepephone-tambien-sufragara-el-servicio-universal\\\/\",\"url\":\"https:\\\/\\\/www.ugtcomunicaciones.es\\\/wordpress\\\/pepephone-tambien-sufragara-el-servicio-universal\\\/\",\"name\":\"Pepephone tambi\u00e9n sufragar\u00e1 el servicio universal - UGT Comunicaciones\",\"isPartOf\":{\"@id\":\"https:\\\/\\\/www.ugtcomunicaciones.es\\\/wordpress\\\/#website\"},\"primaryImageOfPage\":{\"@id\":\"https:\\\/\\\/www.ugtcomunicaciones.es\\\/wordpress\\\/pepephone-tambien-sufragara-el-servicio-universal\\\/#primaryimage\"},\"image\":{\"@id\":\"https:\\\/\\\/www.ugtcomunicaciones.es\\\/wordpress\\\/pepephone-tambien-sufragara-el-servicio-universal\\\/#primaryimage\"},\"thumbnailUrl\":\"https:\\\/\\\/www.ugtcomunicaciones.es\\\/wordpress\\\/wp-content\\\/uploads\\\/2023\\\/05\\\/Pepephone_2.jpg\",\"datePublished\":\"2023-05-08T05:00:57+00:00\",\"description\":\"Aumenta el n\u00famero de operadores que contribuyen al sufragio del Servicio Universal de Comunicaciones. Si para el ejercicio 2018\",\"breadcrumb\":{\"@id\":\"https:\\\/\\\/www.ugtcomunicaciones.es\\\/wordpress\\\/pepephone-tambien-sufragara-el-servicio-universal\\\/#breadcrumb\"},\"inLanguage\":\"es\",\"potentialAction\":[{\"@type\":\"ReadAction\",\"target\":[\"https:\\\/\\\/www.ugtcomunicaciones.es\\\/wordpress\\\/pepephone-tambien-sufragara-el-servicio-universal\\\/\"]}]},{\"@type\":\"ImageObject\",\"inLanguage\":\"es\",\"@id\":\"https:\\\/\\\/www.ugtcomunicaciones.es\\\/wordpress\\\/pepephone-tambien-sufragara-el-servicio-universal\\\/#primaryimage\",\"url\":\"https:\\\/\\\/www.ugtcomunicaciones.es\\\/wordpress\\\/wp-content\\\/uploads\\\/2023\\\/05\\\/Pepephone_2.jpg\",\"contentUrl\":\"https:\\\/\\\/www.ugtcomunicaciones.es\\\/wordpress\\\/wp-content\\\/uploads\\\/2023\\\/05\\\/Pepephone_2.jpg\",\"width\":600,\"height\":383,\"caption\":\"telephone\"},{\"@type\":\"BreadcrumbList\",\"@id\":\"https:\\\/\\\/www.ugtcomunicaciones.es\\\/wordpress\\\/pepephone-tambien-sufragara-el-servicio-universal\\\/#breadcrumb\",\"itemListElement\":[{\"@type\":\"ListItem\",\"position\":1,\"name\":\"Portada\",\"item\":\"https:\\\/\\\/www.ugtcomunicaciones.es\\\/wordpress\\\/\"},{\"@type\":\"ListItem\",\"position\":2,\"name\":\"Pepephone tambi\u00e9n sufragar\u00e1 el servicio universal\"}]},{\"@type\":\"WebSite\",\"@id\":\"https:\\\/\\\/www.ugtcomunicaciones.es\\\/wordpress\\\/#website\",\"url\":\"https:\\\/\\\/www.ugtcomunicaciones.es\\\/wordpress\\\/\",\"name\":\"UGT Comunicaciones\",\"description\":\"Sindicato de Telecomunicaciones\",\"publisher\":{\"@id\":\"https:\\\/\\\/www.ugtcomunicaciones.es\\\/wordpress\\\/#organization\"},\"potentialAction\":[{\"@type\":\"SearchAction\",\"target\":{\"@type\":\"EntryPoint\",\"urlTemplate\":\"https:\\\/\\\/www.ugtcomunicaciones.es\\\/wordpress\\\/?s={search_term_string}\"},\"query-input\":{\"@type\":\"PropertyValueSpecification\",\"valueRequired\":true,\"valueName\":\"search_term_string\"}}],\"inLanguage\":\"es\"},{\"@type\":\"Organization\",\"@id\":\"https:\\\/\\\/www.ugtcomunicaciones.es\\\/wordpress\\\/#organization\",\"name\":\"UGT Comunicaciones\",\"url\":\"https:\\\/\\\/www.ugtcomunicaciones.es\\\/wordpress\\\/\",\"logo\":{\"@type\":\"ImageObject\",\"inLanguage\":\"es\",\"@id\":\"https:\\\/\\\/www.ugtcomunicaciones.es\\\/wordpress\\\/#\\\/schema\\\/logo\\\/image\\\/\",\"url\":\"https:\\\/\\\/www.ugtcomunicaciones.es\\\/wordpress\\\/wp-content\\\/uploads\\\/2024\\\/04\\\/comunicaciones_logo.png\",\"contentUrl\":\"https:\\\/\\\/www.ugtcomunicaciones.es\\\/wordpress\\\/wp-content\\\/uploads\\\/2024\\\/04\\\/comunicaciones_logo.png\",\"width\":298,\"height\":81,\"caption\":\"UGT Comunicaciones\"},\"image\":{\"@id\":\"https:\\\/\\\/www.ugtcomunicaciones.es\\\/wordpress\\\/#\\\/schema\\\/logo\\\/image\\\/\"},\"sameAs\":[\"https:\\\/\\\/www.facebook.com\\\/ugt.comunicaciones\\\/\",\"https:\\\/\\\/x.com\\\/ugtcom\"]},{\"@type\":\"Person\",\"@id\":\"https:\\\/\\\/www.ugtcomunicaciones.es\\\/wordpress\\\/#\\\/schema\\\/person\\\/eba0fc3fe5b444531d94d4368cba89ed\",\"name\":\"UGT\",\"image\":{\"@type\":\"ImageObject\",\"inLanguage\":\"es\",\"@id\":\"https:\\\/\\\/secure.gravatar.com\\\/avatar\\\/2a16057d620a4c646bcfc171c4f23030879ebbdd346f0525bd5d4a564e57e13d?s=96&d=mm&r=g\",\"url\":\"https:\\\/\\\/secure.gravatar.com\\\/avatar\\\/2a16057d620a4c646bcfc171c4f23030879ebbdd346f0525bd5d4a564e57e13d?s=96&d=mm&r=g\",\"contentUrl\":\"https:\\\/\\\/secure.gravatar.com\\\/avatar\\\/2a16057d620a4c646bcfc171c4f23030879ebbdd346f0525bd5d4a564e57e13d?s=96&d=mm&r=g\",\"caption\":\"UGT\"}}]}<\/script>\n<!-- \/ Yoast SEO Premium plugin. -->","yoast_head_json":{"title":"Pepephone tambi\u00e9n sufragar\u00e1 el servicio universal - UGT Comunicaciones","description":"Aumenta el n\u00famero de operadores que contribuyen al sufragio del Servicio Universal de Comunicaciones. Si para el ejercicio 2018","robots":{"index":"index","follow":"follow","max-snippet":"max-snippet:-1","max-image-preview":"max-image-preview:large","max-video-preview":"max-video-preview:-1"},"canonical":"https:\/\/www.ugtcomunicaciones.es\/wordpress\/pepephone-tambien-sufragara-el-servicio-universal\/","og_locale":"es_ES","og_type":"article","og_title":"Pepephone tambi\u00e9n sufragar\u00e1 el servicio universal","og_description":"Aumenta el n\u00famero de operadores que contribuyen al sufragio del Servicio Universal de Comunicaciones. Si para el ejercicio 2018","og_url":"https:\/\/www.ugtcomunicaciones.es\/wordpress\/pepephone-tambien-sufragara-el-servicio-universal\/","og_site_name":"UGT Comunicaciones","article_publisher":"https:\/\/www.facebook.com\/ugt.comunicaciones\/","article_published_time":"2023-05-08T05:00:57+00:00","og_image":[{"width":600,"height":383,"url":"https:\/\/www.ugtcomunicaciones.es\/wordpress\/wp-content\/uploads\/2023\/05\/Pepephone_2.jpg","type":"image\/jpeg"}],"author":"UGT","twitter_card":"summary_large_image","twitter_creator":"@ugtcom","twitter_site":"@ugtcom","twitter_misc":{"Escrito por":"UGT","Tiempo de lectura":"1 minuto"},"schema":{"@context":"https:\/\/schema.org","@graph":[{"@type":"Article","@id":"https:\/\/www.ugtcomunicaciones.es\/wordpress\/pepephone-tambien-sufragara-el-servicio-universal\/#article","isPartOf":{"@id":"https:\/\/www.ugtcomunicaciones.es\/wordpress\/pepephone-tambien-sufragara-el-servicio-universal\/"},"author":{"name":"UGT","@id":"https:\/\/www.ugtcomunicaciones.es\/wordpress\/#\/schema\/person\/eba0fc3fe5b444531d94d4368cba89ed"},"headline":"Pepephone tambi\u00e9n sufragar\u00e1 el servicio universal","datePublished":"2023-05-08T05:00:57+00:00","mainEntityOfPage":{"@id":"https:\/\/www.ugtcomunicaciones.es\/wordpress\/pepephone-tambien-sufragara-el-servicio-universal\/"},"wordCount":234,"publisher":{"@id":"https:\/\/www.ugtcomunicaciones.es\/wordpress\/#organization"},"image":{"@id":"https:\/\/www.ugtcomunicaciones.es\/wordpress\/pepephone-tambien-sufragara-el-servicio-universal\/#primaryimage"},"thumbnailUrl":"https:\/\/www.ugtcomunicaciones.es\/wordpress\/wp-content\/uploads\/2023\/05\/Pepephone_2.jpg","articleSection":["Mercado Comunicaciones","Regulaci\u00f3n"],"inLanguage":"es"},{"@type":"WebPage","@id":"https:\/\/www.ugtcomunicaciones.es\/wordpress\/pepephone-tambien-sufragara-el-servicio-universal\/","url":"https:\/\/www.ugtcomunicaciones.es\/wordpress\/pepephone-tambien-sufragara-el-servicio-universal\/","name":"Pepephone tambi\u00e9n sufragar\u00e1 el servicio universal - UGT Comunicaciones","isPartOf":{"@id":"https:\/\/www.ugtcomunicaciones.es\/wordpress\/#website"},"primaryImageOfPage":{"@id":"https:\/\/www.ugtcomunicaciones.es\/wordpress\/pepephone-tambien-sufragara-el-servicio-universal\/#primaryimage"},"image":{"@id":"https:\/\/www.ugtcomunicaciones.es\/wordpress\/pepephone-tambien-sufragara-el-servicio-universal\/#primaryimage"},"thumbnailUrl":"https:\/\/www.ugtcomunicaciones.es\/wordpress\/wp-content\/uploads\/2023\/05\/Pepephone_2.jpg","datePublished":"2023-05-08T05:00:57+00:00","description":"Aumenta el n\u00famero de operadores que contribuyen al sufragio del Servicio Universal de Comunicaciones. Si para el ejercicio 2018","breadcrumb":{"@id":"https:\/\/www.ugtcomunicaciones.es\/wordpress\/pepephone-tambien-sufragara-el-servicio-universal\/#breadcrumb"},"inLanguage":"es","potentialAction":[{"@type":"ReadAction","target":["https:\/\/www.ugtcomunicaciones.es\/wordpress\/pepephone-tambien-sufragara-el-servicio-universal\/"]}]},{"@type":"ImageObject","inLanguage":"es","@id":"https:\/\/www.ugtcomunicaciones.es\/wordpress\/pepephone-tambien-sufragara-el-servicio-universal\/#primaryimage","url":"https:\/\/www.ugtcomunicaciones.es\/wordpress\/wp-content\/uploads\/2023\/05\/Pepephone_2.jpg","contentUrl":"https:\/\/www.ugtcomunicaciones.es\/wordpress\/wp-content\/uploads\/2023\/05\/Pepephone_2.jpg","width":600,"height":383,"caption":"telephone"},{"@type":"BreadcrumbList","@id":"https:\/\/www.ugtcomunicaciones.es\/wordpress\/pepephone-tambien-sufragara-el-servicio-universal\/#breadcrumb","itemListElement":[{"@type":"ListItem","position":1,"name":"Portada","item":"https:\/\/www.ugtcomunicaciones.es\/wordpress\/"},{"@type":"ListItem","position":2,"name":"Pepephone tambi\u00e9n sufragar\u00e1 el servicio universal"}]},{"@type":"WebSite","@id":"https:\/\/www.ugtcomunicaciones.es\/wordpress\/#website","url":"https:\/\/www.ugtcomunicaciones.es\/wordpress\/","name":"UGT Comunicaciones","description":"Sindicato de Telecomunicaciones","publisher":{"@id":"https:\/\/www.ugtcomunicaciones.es\/wordpress\/#organization"},"potentialAction":[{"@type":"SearchAction","target":{"@type":"EntryPoint","urlTemplate":"https:\/\/www.ugtcomunicaciones.es\/wordpress\/?s={search_term_string}"},"query-input":{"@type":"PropertyValueSpecification","valueRequired":true,"valueName":"search_term_string"}}],"inLanguage":"es"},{"@type":"Organization","@id":"https:\/\/www.ugtcomunicaciones.es\/wordpress\/#organization","name":"UGT Comunicaciones","url":"https:\/\/www.ugtcomunicaciones.es\/wordpress\/","logo":{"@type":"ImageObject","inLanguage":"es","@id":"https:\/\/www.ugtcomunicaciones.es\/wordpress\/#\/schema\/logo\/image\/","url":"https:\/\/www.ugtcomunicaciones.es\/wordpress\/wp-content\/uploads\/2024\/04\/comunicaciones_logo.png","contentUrl":"https:\/\/www.ugtcomunicaciones.es\/wordpress\/wp-content\/uploads\/2024\/04\/comunicaciones_logo.png","width":298,"height":81,"caption":"UGT Comunicaciones"},"image":{"@id":"https:\/\/www.ugtcomunicaciones.es\/wordpress\/#\/schema\/logo\/image\/"},"sameAs":["https:\/\/www.facebook.com\/ugt.comunicaciones\/","https:\/\/x.com\/ugtcom"]},{"@type":"Person","@id":"https:\/\/www.ugtcomunicaciones.es\/wordpress\/#\/schema\/person\/eba0fc3fe5b444531d94d4368cba89ed","name":"UGT","image":{"@type":"ImageObject","inLanguage":"es","@id":"https:\/\/secure.gravatar.com\/avatar\/2a16057d620a4c646bcfc171c4f23030879ebbdd346f0525bd5d4a564e57e13d?s=96&d=mm&r=g","url":"https:\/\/secure.gravatar.com\/avatar\/2a16057d620a4c646bcfc171c4f23030879ebbdd346f0525bd5d4a564e57e13d?s=96&d=mm&r=g","contentUrl":"https:\/\/secure.gravatar.com\/avatar\/2a16057d620a4c646bcfc171c4f23030879ebbdd346f0525bd5d4a564e57e13d?s=96&d=mm&r=g","caption":"UGT"}}]}},"_links":{"self":[{"href":"https:\/\/www.ugtcomunicaciones.es\/wordpress\/wp-json\/wp\/v2\/posts\/1064340","targetHints":{"allow":["GET"]}}],"collection":[{"href":"https:\/\/www.ugtcomunicaciones.es\/wordpress\/wp-json\/wp\/v2\/posts"}],"about":[{"href":"https:\/\/www.ugtcomunicaciones.es\/wordpress\/wp-json\/wp\/v2\/types\/post"}],"author":[{"embeddable":true,"href":"https:\/\/www.ugtcomunicaciones.es\/wordpress\/wp-json\/wp\/v2\/users\/3"}],"replies":[{"embeddable":true,"href":"https:\/\/www.ugtcomunicaciones.es\/wordpress\/wp-json\/wp\/v2\/comments?post=1064340"}],"version-history":[{"count":2,"href":"https:\/\/www.ugtcomunicaciones.es\/wordpress\/wp-json\/wp\/v2\/posts\/1064340\/revisions"}],"predecessor-version":[{"id":1064345,"href":"https:\/\/www.ugtcomunicaciones.es\/wordpress\/wp-json\/wp\/v2\/posts\/1064340\/revisions\/1064345"}],"wp:featuredmedia":[{"embeddable":true,"href":"https:\/\/www.ugtcomunicaciones.es\/wordpress\/wp-json\/wp\/v2\/media\/1064344"}],"wp:attachment":[{"href":"https:\/\/www.ugtcomunicaciones.es\/wordpress\/wp-json\/wp\/v2\/media?parent=1064340"}],"wp:term":[{"taxonomy":"category","embeddable":true,"href":"https:\/\/www.ugtcomunicaciones.es\/wordpress\/wp-json\/wp\/v2\/categories?post=1064340"},{"taxonomy":"post_tag","embeddable":true,"href":"https:\/\/www.ugtcomunicaciones.es\/wordpress\/wp-json\/wp\/v2\/tags?post=1064340"}],"curies":[{"name":"wp","href":"https:\/\/api.w.org\/{rel}","templated":true}]}}