{"id":1064584,"date":"2023-05-17T18:01:53","date_gmt":"2023-05-17T16:01:53","guid":{"rendered":"https:\/\/www.ugtcomunicaciones.es\/wordpress\/?p=1064584"},"modified":"2023-05-17T18:02:31","modified_gmt":"2023-05-17T16:02:31","slug":"ugt-representa-a-todos-los-trabajadores-y-trabajadoras-en-todas-las-provincias","status":"publish","type":"post","link":"https:\/\/www.ugtcomunicaciones.es\/wordpress\/ugt-representa-a-todos-los-trabajadores-y-trabajadoras-en-todas-las-provincias\/","title":{"rendered":"UGT representa a todos los trabajadores y trabajadoras en todas las provincias"},"content":{"rendered":"<h4><span style=\"color: #ff0000;\">UGT<\/span> concurre en este proceso electoral presentando candidaturas en todas las provincias<\/h4>\n<p style=\"text-align: justify;\">El pr\u00f3ximo 24 de mayo tendr\u00e1n lugar las prescriptivas elecciones sindicales en Telef\u00f3nica, cruciales para el futuro de los trabajadores y trabajadoras de nuestra empresa, que deberemos <strong>designar qui\u00e9nes y c\u00f3mo se negociar\u00e1n las condiciones econ\u00f3micas, laborales y sociales en los pr\u00f3ximos y decisivos a\u00f1os<\/strong>, que indudablemente estar\u00e1n marcados por los posibles movimientos de concentraci\u00f3n del Sector, la implementaci\u00f3n de la inteligencia artificial en los procesos laborales, el apagado del cobre y el cierre de centrales, por citar algunos temas inevitablemente candentes.<\/p>\n<p style=\"text-align: justify;\"><span style=\"color: #ff0000;\"><strong>UGT<\/strong><\/span> concurre en este proceso electoral presentando candidaturas en todas las provincias, <strong>lo que implica\u00a0que defenderemos y protegeremos, solidariamente, los intereses y las necesidades de todas las personas trabajadoras de todos los territorios, de todas las actividades y de todos los puestos laborales, comprometi\u00e9ndonos con la totalidad de la plantilla<\/strong>, sin discriminar a ning\u00fan colectivo.<\/p>\n<p style=\"text-align: justify;\"><span style=\"color: #ff0000;\"><strong>UGT<\/strong> <\/span>cumple as\u00ed, una vez m\u00e1s, con la responsabilidad adquirida con todas las personas trabajadoras <strong>para mantener y ampliar los derechos salariales y laborales que venimos consiguiendo convenio tras convenio<\/strong>, que no s\u00f3lo nos han permitido capear las consecuencias de las sucesivas crisis sociales, sanitarias y econ\u00f3micas que nos han golpeado en los \u00faltimos a\u00f1os, sino que nos han colocado como referente en el Sector y en el conjunto de las principales empresas del pa\u00eds.<\/p>\n<p style=\"text-align: justify;\">El bagaje de los numerosos acuerdos, alcanzados adem\u00e1s en un contexto muy desfavorable, que han aportado indiscutibles beneficios para todas las personas trabajadoras, manteni\u00e9ndolas adem\u00e1s a salvo de las convulsiones que lamentablemente han sacudido a otros colectivos en nuestro pa\u00eds, permite que <strong><span style=\"color: #ff0000;\">UGT<\/span> acuda a la cita electoral con el aval del trabajo bien hecho y con\u00a0 la ilusi\u00f3n de renovar nuestro compromiso con todas las personas trabajadoras de Telef\u00f3nica para ampliar derechos, mejorar salarios y condiciones laborales, garantizar su desarrollo profesional y asegurar su futuro<\/strong>.<\/p>\n","protected":false},"excerpt":{"rendered":"<p>UGT concurre en este proceso electoral presentando candidaturas en todas las provincias El pr\u00f3ximo 24 de mayo tendr\u00e1n lugar las prescriptivas elecciones sindicales en Telef\u00f3nica, cruciales para el futuro de los trabajadores y trabajadoras de nuestra empresa, que deberemos designar qui\u00e9nes y c\u00f3mo se negociar\u00e1n las condiciones econ\u00f3micas, laborales y sociales en los pr\u00f3ximos y [&hellip;]<\/p>\n","protected":false},"author":3,"featured_media":841904,"comment_status":"closed","ping_status":"closed","sticky":false,"template":"","format":"standard","meta":{"footnotes":""},"categories":[25],"tags":[],"class_list":["post-1064584","post","type-post","status-publish","format-standard","has-post-thumbnail","hentry","category-telefonica"],"yoast_head":"<!-- This site is optimized with the Yoast SEO Premium plugin v27.3 (Yoast SEO v27.4) - https:\/\/yoast.com\/product\/yoast-seo-premium-wordpress\/ -->\n<title>UGT representa a todos los trabajadores y trabajadoras en todas las provincias - UGT Comunicaciones<\/title>\n<meta name=\"robots\" content=\"index, follow, max-snippet:-1, max-image-preview:large, max-video-preview:-1\" \/>\n<link rel=\"canonical\" href=\"https:\/\/www.ugtcomunicaciones.es\/wordpress\/ugt-representa-a-todos-los-trabajadores-y-trabajadoras-en-todas-las-provincias\/\" \/>\n<meta property=\"og:locale\" content=\"es_ES\" \/>\n<meta property=\"og:type\" content=\"article\" \/>\n<meta property=\"og:title\" content=\"UGT representa a todos los trabajadores y trabajadoras en todas las provincias\" \/>\n<meta property=\"og:description\" content=\"UGT concurre en este proceso electoral presentando candidaturas en todas las provincias El pr\u00f3ximo 24 de mayo tendr\u00e1n lugar las prescriptivas elecciones sindicales en Telef\u00f3nica, cruciales para el futuro de los trabajadores y trabajadoras de nuestra empresa, que deberemos designar qui\u00e9nes y c\u00f3mo se negociar\u00e1n las condiciones econ\u00f3micas, laborales y sociales en los pr\u00f3ximos y [&hellip;]\" \/>\n<meta property=\"og:url\" content=\"https:\/\/www.ugtcomunicaciones.es\/wordpress\/ugt-representa-a-todos-los-trabajadores-y-trabajadoras-en-todas-las-provincias\/\" \/>\n<meta property=\"og:site_name\" content=\"UGT Comunicaciones\" \/>\n<meta property=\"article:publisher\" content=\"https:\/\/www.facebook.com\/ugt.comunicaciones\/\" \/>\n<meta property=\"article:published_time\" content=\"2023-05-17T16:01:53+00:00\" \/>\n<meta property=\"article:modified_time\" content=\"2023-05-17T16:02:31+00:00\" \/>\n<meta property=\"og:image\" content=\"https:\/\/www.ugtcomunicaciones.es\/wordpress\/wp-content\/uploads\/2021\/06\/Telefonica-Distrito-e1631201008430.jpg\" \/>\n\t<meta property=\"og:image:width\" content=\"600\" \/>\n\t<meta property=\"og:image:height\" content=\"450\" \/>\n\t<meta property=\"og:image:type\" content=\"image\/jpeg\" \/>\n<meta name=\"author\" content=\"UGT\" \/>\n<meta name=\"twitter:card\" content=\"summary_large_image\" \/>\n<meta name=\"twitter:creator\" content=\"@ugtcom\" \/>\n<meta name=\"twitter:site\" content=\"@ugtcom\" \/>\n<meta name=\"twitter:label1\" content=\"Escrito por\" \/>\n\t<meta name=\"twitter:data1\" content=\"UGT\" \/>\n\t<meta name=\"twitter:label2\" content=\"Tiempo de lectura\" \/>\n\t<meta name=\"twitter:data2\" content=\"2 minutos\" \/>\n<script type=\"application\/ld+json\" class=\"yoast-schema-graph\">{\"@context\":\"https:\\\/\\\/schema.org\",\"@graph\":[{\"@type\":\"Article\",\"@id\":\"https:\\\/\\\/www.ugtcomunicaciones.es\\\/wordpress\\\/ugt-representa-a-todos-los-trabajadores-y-trabajadoras-en-todas-las-provincias\\\/#article\",\"isPartOf\":{\"@id\":\"https:\\\/\\\/www.ugtcomunicaciones.es\\\/wordpress\\\/ugt-representa-a-todos-los-trabajadores-y-trabajadoras-en-todas-las-provincias\\\/\"},\"author\":{\"name\":\"UGT\",\"@id\":\"https:\\\/\\\/www.ugtcomunicaciones.es\\\/wordpress\\\/#\\\/schema\\\/person\\\/eba0fc3fe5b444531d94d4368cba89ed\"},\"headline\":\"UGT representa a todos los trabajadores y trabajadoras en todas las provincias\",\"datePublished\":\"2023-05-17T16:01:53+00:00\",\"dateModified\":\"2023-05-17T16:02:31+00:00\",\"mainEntityOfPage\":{\"@id\":\"https:\\\/\\\/www.ugtcomunicaciones.es\\\/wordpress\\\/ugt-representa-a-todos-los-trabajadores-y-trabajadoras-en-todas-las-provincias\\\/\"},\"wordCount\":347,\"publisher\":{\"@id\":\"https:\\\/\\\/www.ugtcomunicaciones.es\\\/wordpress\\\/#organization\"},\"image\":{\"@id\":\"https:\\\/\\\/www.ugtcomunicaciones.es\\\/wordpress\\\/ugt-representa-a-todos-los-trabajadores-y-trabajadoras-en-todas-las-provincias\\\/#primaryimage\"},\"thumbnailUrl\":\"https:\\\/\\\/www.ugtcomunicaciones.es\\\/wordpress\\\/wp-content\\\/uploads\\\/2021\\\/06\\\/Telefonica-Distrito-e1631201008430.jpg\",\"articleSection\":[\"Telef\u00f3nica de Espa\u00f1a\"],\"inLanguage\":\"es\"},{\"@type\":\"WebPage\",\"@id\":\"https:\\\/\\\/www.ugtcomunicaciones.es\\\/wordpress\\\/ugt-representa-a-todos-los-trabajadores-y-trabajadoras-en-todas-las-provincias\\\/\",\"url\":\"https:\\\/\\\/www.ugtcomunicaciones.es\\\/wordpress\\\/ugt-representa-a-todos-los-trabajadores-y-trabajadoras-en-todas-las-provincias\\\/\",\"name\":\"UGT representa a todos los trabajadores y trabajadoras en todas las provincias - UGT Comunicaciones\",\"isPartOf\":{\"@id\":\"https:\\\/\\\/www.ugtcomunicaciones.es\\\/wordpress\\\/#website\"},\"primaryImageOfPage\":{\"@id\":\"https:\\\/\\\/www.ugtcomunicaciones.es\\\/wordpress\\\/ugt-representa-a-todos-los-trabajadores-y-trabajadoras-en-todas-las-provincias\\\/#primaryimage\"},\"image\":{\"@id\":\"https:\\\/\\\/www.ugtcomunicaciones.es\\\/wordpress\\\/ugt-representa-a-todos-los-trabajadores-y-trabajadoras-en-todas-las-provincias\\\/#primaryimage\"},\"thumbnailUrl\":\"https:\\\/\\\/www.ugtcomunicaciones.es\\\/wordpress\\\/wp-content\\\/uploads\\\/2021\\\/06\\\/Telefonica-Distrito-e1631201008430.jpg\",\"datePublished\":\"2023-05-17T16:01:53+00:00\",\"dateModified\":\"2023-05-17T16:02:31+00:00\",\"breadcrumb\":{\"@id\":\"https:\\\/\\\/www.ugtcomunicaciones.es\\\/wordpress\\\/ugt-representa-a-todos-los-trabajadores-y-trabajadoras-en-todas-las-provincias\\\/#breadcrumb\"},\"inLanguage\":\"es\",\"potentialAction\":[{\"@type\":\"ReadAction\",\"target\":[\"https:\\\/\\\/www.ugtcomunicaciones.es\\\/wordpress\\\/ugt-representa-a-todos-los-trabajadores-y-trabajadoras-en-todas-las-provincias\\\/\"]}]},{\"@type\":\"ImageObject\",\"inLanguage\":\"es\",\"@id\":\"https:\\\/\\\/www.ugtcomunicaciones.es\\\/wordpress\\\/ugt-representa-a-todos-los-trabajadores-y-trabajadoras-en-todas-las-provincias\\\/#primaryimage\",\"url\":\"https:\\\/\\\/www.ugtcomunicaciones.es\\\/wordpress\\\/wp-content\\\/uploads\\\/2021\\\/06\\\/Telefonica-Distrito-e1631201008430.jpg\",\"contentUrl\":\"https:\\\/\\\/www.ugtcomunicaciones.es\\\/wordpress\\\/wp-content\\\/uploads\\\/2021\\\/06\\\/Telefonica-Distrito-e1631201008430.jpg\",\"width\":600,\"height\":450},{\"@type\":\"BreadcrumbList\",\"@id\":\"https:\\\/\\\/www.ugtcomunicaciones.es\\\/wordpress\\\/ugt-representa-a-todos-los-trabajadores-y-trabajadoras-en-todas-las-provincias\\\/#breadcrumb\",\"itemListElement\":[{\"@type\":\"ListItem\",\"position\":1,\"name\":\"Portada\",\"item\":\"https:\\\/\\\/www.ugtcomunicaciones.es\\\/wordpress\\\/\"},{\"@type\":\"ListItem\",\"position\":2,\"name\":\"UGT representa a todos los trabajadores y trabajadoras en todas las provincias\"}]},{\"@type\":\"WebSite\",\"@id\":\"https:\\\/\\\/www.ugtcomunicaciones.es\\\/wordpress\\\/#website\",\"url\":\"https:\\\/\\\/www.ugtcomunicaciones.es\\\/wordpress\\\/\",\"name\":\"UGT Comunicaciones\",\"description\":\"Sindicato de Telecomunicaciones\",\"publisher\":{\"@id\":\"https:\\\/\\\/www.ugtcomunicaciones.es\\\/wordpress\\\/#organization\"},\"potentialAction\":[{\"@type\":\"SearchAction\",\"target\":{\"@type\":\"EntryPoint\",\"urlTemplate\":\"https:\\\/\\\/www.ugtcomunicaciones.es\\\/wordpress\\\/?s={search_term_string}\"},\"query-input\":{\"@type\":\"PropertyValueSpecification\",\"valueRequired\":true,\"valueName\":\"search_term_string\"}}],\"inLanguage\":\"es\"},{\"@type\":\"Organization\",\"@id\":\"https:\\\/\\\/www.ugtcomunicaciones.es\\\/wordpress\\\/#organization\",\"name\":\"UGT Comunicaciones\",\"url\":\"https:\\\/\\\/www.ugtcomunicaciones.es\\\/wordpress\\\/\",\"logo\":{\"@type\":\"ImageObject\",\"inLanguage\":\"es\",\"@id\":\"https:\\\/\\\/www.ugtcomunicaciones.es\\\/wordpress\\\/#\\\/schema\\\/logo\\\/image\\\/\",\"url\":\"https:\\\/\\\/www.ugtcomunicaciones.es\\\/wordpress\\\/wp-content\\\/uploads\\\/2024\\\/04\\\/comunicaciones_logo.png\",\"contentUrl\":\"https:\\\/\\\/www.ugtcomunicaciones.es\\\/wordpress\\\/wp-content\\\/uploads\\\/2024\\\/04\\\/comunicaciones_logo.png\",\"width\":298,\"height\":81,\"caption\":\"UGT Comunicaciones\"},\"image\":{\"@id\":\"https:\\\/\\\/www.ugtcomunicaciones.es\\\/wordpress\\\/#\\\/schema\\\/logo\\\/image\\\/\"},\"sameAs\":[\"https:\\\/\\\/www.facebook.com\\\/ugt.comunicaciones\\\/\",\"https:\\\/\\\/x.com\\\/ugtcom\"]},{\"@type\":\"Person\",\"@id\":\"https:\\\/\\\/www.ugtcomunicaciones.es\\\/wordpress\\\/#\\\/schema\\\/person\\\/eba0fc3fe5b444531d94d4368cba89ed\",\"name\":\"UGT\",\"image\":{\"@type\":\"ImageObject\",\"inLanguage\":\"es\",\"@id\":\"https:\\\/\\\/secure.gravatar.com\\\/avatar\\\/2a16057d620a4c646bcfc171c4f23030879ebbdd346f0525bd5d4a564e57e13d?s=96&d=mm&r=g\",\"url\":\"https:\\\/\\\/secure.gravatar.com\\\/avatar\\\/2a16057d620a4c646bcfc171c4f23030879ebbdd346f0525bd5d4a564e57e13d?s=96&d=mm&r=g\",\"contentUrl\":\"https:\\\/\\\/secure.gravatar.com\\\/avatar\\\/2a16057d620a4c646bcfc171c4f23030879ebbdd346f0525bd5d4a564e57e13d?s=96&d=mm&r=g\",\"caption\":\"UGT\"}}]}<\/script>\n<!-- \/ Yoast SEO Premium plugin. -->","yoast_head_json":{"title":"UGT representa a todos los trabajadores y trabajadoras en todas las provincias - UGT Comunicaciones","robots":{"index":"index","follow":"follow","max-snippet":"max-snippet:-1","max-image-preview":"max-image-preview:large","max-video-preview":"max-video-preview:-1"},"canonical":"https:\/\/www.ugtcomunicaciones.es\/wordpress\/ugt-representa-a-todos-los-trabajadores-y-trabajadoras-en-todas-las-provincias\/","og_locale":"es_ES","og_type":"article","og_title":"UGT representa a todos los trabajadores y trabajadoras en todas las provincias","og_description":"UGT concurre en este proceso electoral presentando candidaturas en todas las provincias El pr\u00f3ximo 24 de mayo tendr\u00e1n lugar las prescriptivas elecciones sindicales en Telef\u00f3nica, cruciales para el futuro de los trabajadores y trabajadoras de nuestra empresa, que deberemos designar qui\u00e9nes y c\u00f3mo se negociar\u00e1n las condiciones econ\u00f3micas, laborales y sociales en los pr\u00f3ximos y [&hellip;]","og_url":"https:\/\/www.ugtcomunicaciones.es\/wordpress\/ugt-representa-a-todos-los-trabajadores-y-trabajadoras-en-todas-las-provincias\/","og_site_name":"UGT Comunicaciones","article_publisher":"https:\/\/www.facebook.com\/ugt.comunicaciones\/","article_published_time":"2023-05-17T16:01:53+00:00","article_modified_time":"2023-05-17T16:02:31+00:00","og_image":[{"width":600,"height":450,"url":"https:\/\/www.ugtcomunicaciones.es\/wordpress\/wp-content\/uploads\/2021\/06\/Telefonica-Distrito-e1631201008430.jpg","type":"image\/jpeg"}],"author":"UGT","twitter_card":"summary_large_image","twitter_creator":"@ugtcom","twitter_site":"@ugtcom","twitter_misc":{"Escrito por":"UGT","Tiempo de lectura":"2 minutos"},"schema":{"@context":"https:\/\/schema.org","@graph":[{"@type":"Article","@id":"https:\/\/www.ugtcomunicaciones.es\/wordpress\/ugt-representa-a-todos-los-trabajadores-y-trabajadoras-en-todas-las-provincias\/#article","isPartOf":{"@id":"https:\/\/www.ugtcomunicaciones.es\/wordpress\/ugt-representa-a-todos-los-trabajadores-y-trabajadoras-en-todas-las-provincias\/"},"author":{"name":"UGT","@id":"https:\/\/www.ugtcomunicaciones.es\/wordpress\/#\/schema\/person\/eba0fc3fe5b444531d94d4368cba89ed"},"headline":"UGT representa a todos los trabajadores y trabajadoras en todas las provincias","datePublished":"2023-05-17T16:01:53+00:00","dateModified":"2023-05-17T16:02:31+00:00","mainEntityOfPage":{"@id":"https:\/\/www.ugtcomunicaciones.es\/wordpress\/ugt-representa-a-todos-los-trabajadores-y-trabajadoras-en-todas-las-provincias\/"},"wordCount":347,"publisher":{"@id":"https:\/\/www.ugtcomunicaciones.es\/wordpress\/#organization"},"image":{"@id":"https:\/\/www.ugtcomunicaciones.es\/wordpress\/ugt-representa-a-todos-los-trabajadores-y-trabajadoras-en-todas-las-provincias\/#primaryimage"},"thumbnailUrl":"https:\/\/www.ugtcomunicaciones.es\/wordpress\/wp-content\/uploads\/2021\/06\/Telefonica-Distrito-e1631201008430.jpg","articleSection":["Telef\u00f3nica de Espa\u00f1a"],"inLanguage":"es"},{"@type":"WebPage","@id":"https:\/\/www.ugtcomunicaciones.es\/wordpress\/ugt-representa-a-todos-los-trabajadores-y-trabajadoras-en-todas-las-provincias\/","url":"https:\/\/www.ugtcomunicaciones.es\/wordpress\/ugt-representa-a-todos-los-trabajadores-y-trabajadoras-en-todas-las-provincias\/","name":"UGT representa a todos los trabajadores y trabajadoras en todas las provincias - UGT Comunicaciones","isPartOf":{"@id":"https:\/\/www.ugtcomunicaciones.es\/wordpress\/#website"},"primaryImageOfPage":{"@id":"https:\/\/www.ugtcomunicaciones.es\/wordpress\/ugt-representa-a-todos-los-trabajadores-y-trabajadoras-en-todas-las-provincias\/#primaryimage"},"image":{"@id":"https:\/\/www.ugtcomunicaciones.es\/wordpress\/ugt-representa-a-todos-los-trabajadores-y-trabajadoras-en-todas-las-provincias\/#primaryimage"},"thumbnailUrl":"https:\/\/www.ugtcomunicaciones.es\/wordpress\/wp-content\/uploads\/2021\/06\/Telefonica-Distrito-e1631201008430.jpg","datePublished":"2023-05-17T16:01:53+00:00","dateModified":"2023-05-17T16:02:31+00:00","breadcrumb":{"@id":"https:\/\/www.ugtcomunicaciones.es\/wordpress\/ugt-representa-a-todos-los-trabajadores-y-trabajadoras-en-todas-las-provincias\/#breadcrumb"},"inLanguage":"es","potentialAction":[{"@type":"ReadAction","target":["https:\/\/www.ugtcomunicaciones.es\/wordpress\/ugt-representa-a-todos-los-trabajadores-y-trabajadoras-en-todas-las-provincias\/"]}]},{"@type":"ImageObject","inLanguage":"es","@id":"https:\/\/www.ugtcomunicaciones.es\/wordpress\/ugt-representa-a-todos-los-trabajadores-y-trabajadoras-en-todas-las-provincias\/#primaryimage","url":"https:\/\/www.ugtcomunicaciones.es\/wordpress\/wp-content\/uploads\/2021\/06\/Telefonica-Distrito-e1631201008430.jpg","contentUrl":"https:\/\/www.ugtcomunicaciones.es\/wordpress\/wp-content\/uploads\/2021\/06\/Telefonica-Distrito-e1631201008430.jpg","width":600,"height":450},{"@type":"BreadcrumbList","@id":"https:\/\/www.ugtcomunicaciones.es\/wordpress\/ugt-representa-a-todos-los-trabajadores-y-trabajadoras-en-todas-las-provincias\/#breadcrumb","itemListElement":[{"@type":"ListItem","position":1,"name":"Portada","item":"https:\/\/www.ugtcomunicaciones.es\/wordpress\/"},{"@type":"ListItem","position":2,"name":"UGT representa a todos los trabajadores y trabajadoras en todas las provincias"}]},{"@type":"WebSite","@id":"https:\/\/www.ugtcomunicaciones.es\/wordpress\/#website","url":"https:\/\/www.ugtcomunicaciones.es\/wordpress\/","name":"UGT Comunicaciones","description":"Sindicato de Telecomunicaciones","publisher":{"@id":"https:\/\/www.ugtcomunicaciones.es\/wordpress\/#organization"},"potentialAction":[{"@type":"SearchAction","target":{"@type":"EntryPoint","urlTemplate":"https:\/\/www.ugtcomunicaciones.es\/wordpress\/?s={search_term_string}"},"query-input":{"@type":"PropertyValueSpecification","valueRequired":true,"valueName":"search_term_string"}}],"inLanguage":"es"},{"@type":"Organization","@id":"https:\/\/www.ugtcomunicaciones.es\/wordpress\/#organization","name":"UGT Comunicaciones","url":"https:\/\/www.ugtcomunicaciones.es\/wordpress\/","logo":{"@type":"ImageObject","inLanguage":"es","@id":"https:\/\/www.ugtcomunicaciones.es\/wordpress\/#\/schema\/logo\/image\/","url":"https:\/\/www.ugtcomunicaciones.es\/wordpress\/wp-content\/uploads\/2024\/04\/comunicaciones_logo.png","contentUrl":"https:\/\/www.ugtcomunicaciones.es\/wordpress\/wp-content\/uploads\/2024\/04\/comunicaciones_logo.png","width":298,"height":81,"caption":"UGT Comunicaciones"},"image":{"@id":"https:\/\/www.ugtcomunicaciones.es\/wordpress\/#\/schema\/logo\/image\/"},"sameAs":["https:\/\/www.facebook.com\/ugt.comunicaciones\/","https:\/\/x.com\/ugtcom"]},{"@type":"Person","@id":"https:\/\/www.ugtcomunicaciones.es\/wordpress\/#\/schema\/person\/eba0fc3fe5b444531d94d4368cba89ed","name":"UGT","image":{"@type":"ImageObject","inLanguage":"es","@id":"https:\/\/secure.gravatar.com\/avatar\/2a16057d620a4c646bcfc171c4f23030879ebbdd346f0525bd5d4a564e57e13d?s=96&d=mm&r=g","url":"https:\/\/secure.gravatar.com\/avatar\/2a16057d620a4c646bcfc171c4f23030879ebbdd346f0525bd5d4a564e57e13d?s=96&d=mm&r=g","contentUrl":"https:\/\/secure.gravatar.com\/avatar\/2a16057d620a4c646bcfc171c4f23030879ebbdd346f0525bd5d4a564e57e13d?s=96&d=mm&r=g","caption":"UGT"}}]}},"_links":{"self":[{"href":"https:\/\/www.ugtcomunicaciones.es\/wordpress\/wp-json\/wp\/v2\/posts\/1064584","targetHints":{"allow":["GET"]}}],"collection":[{"href":"https:\/\/www.ugtcomunicaciones.es\/wordpress\/wp-json\/wp\/v2\/posts"}],"about":[{"href":"https:\/\/www.ugtcomunicaciones.es\/wordpress\/wp-json\/wp\/v2\/types\/post"}],"author":[{"embeddable":true,"href":"https:\/\/www.ugtcomunicaciones.es\/wordpress\/wp-json\/wp\/v2\/users\/3"}],"replies":[{"embeddable":true,"href":"https:\/\/www.ugtcomunicaciones.es\/wordpress\/wp-json\/wp\/v2\/comments?post=1064584"}],"version-history":[{"count":1,"href":"https:\/\/www.ugtcomunicaciones.es\/wordpress\/wp-json\/wp\/v2\/posts\/1064584\/revisions"}],"predecessor-version":[{"id":1064585,"href":"https:\/\/www.ugtcomunicaciones.es\/wordpress\/wp-json\/wp\/v2\/posts\/1064584\/revisions\/1064585"}],"wp:featuredmedia":[{"embeddable":true,"href":"https:\/\/www.ugtcomunicaciones.es\/wordpress\/wp-json\/wp\/v2\/media\/841904"}],"wp:attachment":[{"href":"https:\/\/www.ugtcomunicaciones.es\/wordpress\/wp-json\/wp\/v2\/media?parent=1064584"}],"wp:term":[{"taxonomy":"category","embeddable":true,"href":"https:\/\/www.ugtcomunicaciones.es\/wordpress\/wp-json\/wp\/v2\/categories?post=1064584"},{"taxonomy":"post_tag","embeddable":true,"href":"https:\/\/www.ugtcomunicaciones.es\/wordpress\/wp-json\/wp\/v2\/tags?post=1064584"}],"curies":[{"name":"wp","href":"https:\/\/api.w.org\/{rel}","templated":true}]}}