{"id":1064855,"date":"2023-06-12T07:00:07","date_gmt":"2023-06-12T05:00:07","guid":{"rendered":"https:\/\/www.ugtcomunicaciones.es\/wordpress\/?p=1064855"},"modified":"2023-05-31T12:41:40","modified_gmt":"2023-05-31T10:41:40","slug":"sin-empleo-tecnologico","status":"publish","type":"post","link":"https:\/\/www.ugtcomunicaciones.es\/wordpress\/sin-empleo-tecnologico\/","title":{"rendered":"Sin empleo tecnol\u00f3gico ser\u00e1 imposible conseguir una transici\u00f3n digital justa"},"content":{"rendered":"<p style=\"text-align: justify;\">La publicaci\u00f3n de los \u00faltimos datos de <a href=\"https:\/\/ec.europa.eu\/eurostat\/statistics-explained\/index.php?title=ICT_specialists_in_employment\" target=\"_blank\" rel=\"noopener\">Eurostat<\/a>\u00a0sobre empleo tecnol\u00f3gico vuelven a poner de manifiesto el retraso de nuestra econom\u00eda en este aspecto: \u00fanicamente un 4,3% de nuestra fuerza de trabajo son personas especializadas en nuevas tecnolog\u00edas.<\/p>\n<p style=\"text-align: justify;\">Este exiguo porcentaje nos vuelve a colocar a la cola de Europa en empleo tech: puesto 20 de los 31 pa\u00edses analizados y a tres d\u00e9cimas de la media de la UE27 (4,6%). Si tenemos en cuenta que, hace exactamente una d\u00e9cada, Espa\u00f1a se situaba en la misma media europea (3,2%) y que en dicho 2012 nuestra posici\u00f3n era la decimos\u00e9ptima, la conclusi\u00f3n es irrefutable: nuestra econom\u00eda se est\u00e1 quedando muy retrasada en talento tecnol\u00f3gico.<\/p>\n<p style=\"text-align: justify;\"><strong>Porcentaje de especialistas TIC sobre el total de empleo. A\u00f1o 2022, Eurostat<\/strong><\/p>\n<p><img decoding=\"async\" class=\"aligncenter wp-image-1064856 size-full lazyload\" data-src=\"https:\/\/www.ugtcomunicaciones.es\/wordpress\/wp-content\/uploads\/2023\/05\/empleo-1.jpg\" alt=\"\" width=\"330\" height=\"871\" data-srcset=\"https:\/\/www.ugtcomunicaciones.es\/wordpress\/wp-content\/uploads\/2023\/05\/empleo-1.jpg 330w, https:\/\/www.ugtcomunicaciones.es\/wordpress\/wp-content\/uploads\/2023\/05\/empleo-1-114x300.jpg 114w, https:\/\/www.ugtcomunicaciones.es\/wordpress\/wp-content\/uploads\/2023\/05\/empleo-1-159x420.jpg 159w\" data-sizes=\"(max-width: 330px) 100vw, 330px\" src=\"data:image\/svg+xml;base64,PHN2ZyB3aWR0aD0iMSIgaGVpZ2h0PSIxIiB4bWxucz0iaHR0cDovL3d3dy53My5vcmcvMjAwMC9zdmciPjwvc3ZnPg==\" style=\"--smush-placeholder-width: 330px; --smush-placeholder-aspect-ratio: 330\/871;\" \/><\/p>\n<p style=\"text-align: justify;\">Esta insuficiencia est\u00e1 siendo aprovechada por nuestros vecinos europeos. As\u00ed, naciones como Portugal, Malta, Chipre, Letonia y Lituania nos han sobrepasado en los \u00faltimos a\u00f1os. Desde 2018, mientras la media europea y pa\u00edses como Alemania aumentaban exponencialmente este tipo de empleo, Espa\u00f1a crec\u00eda tibiamente, ampli\u00e1ndose as\u00ed nuestro diferencial negativa.<\/p>\n<p style=\"text-align: justify;\"><strong>Evoluci\u00f3n del empleo tech por pa\u00edses (%), 2012-2022, Eurostat<\/strong><\/p>\n<p><img decoding=\"async\" class=\"aligncenter wp-image-1064857 size-full lazyload\" data-src=\"https:\/\/www.ugtcomunicaciones.es\/wordpress\/wp-content\/uploads\/2023\/05\/empleo-2.jpg\" alt=\"\" width=\"671\" height=\"550\" data-srcset=\"https:\/\/www.ugtcomunicaciones.es\/wordpress\/wp-content\/uploads\/2023\/05\/empleo-2.jpg 671w, https:\/\/www.ugtcomunicaciones.es\/wordpress\/wp-content\/uploads\/2023\/05\/empleo-2-300x246.jpg 300w, https:\/\/www.ugtcomunicaciones.es\/wordpress\/wp-content\/uploads\/2023\/05\/empleo-2-512x420.jpg 512w, https:\/\/www.ugtcomunicaciones.es\/wordpress\/wp-content\/uploads\/2023\/05\/empleo-2-640x525.jpg 640w\" data-sizes=\"(max-width: 671px) 100vw, 671px\" src=\"data:image\/svg+xml;base64,PHN2ZyB3aWR0aD0iMSIgaGVpZ2h0PSIxIiB4bWxucz0iaHR0cDovL3d3dy53My5vcmcvMjAwMC9zdmciPjwvc3ZnPg==\" style=\"--smush-placeholder-width: 671px; --smush-placeholder-aspect-ratio: 671\/550;\" \/><\/p>\n<p style=\"text-align: justify;\">Y por si todo esto no fuese poco, nuestro pa\u00eds tiene el dudoso honor de pertenecer al club con menos tecn\u00f3logas: solo un 18% de la actual fuerza de trabajo tecnol\u00f3gica es mujer, un punto por debajo de la media europea y lejos de Finlandia, Irlanda o Portugal, todos ellos por encima del 20% (en esta clasificaci\u00f3n, Espa\u00f1a se sit\u00faa en el puesto 23 de 31).<\/p>\n<p style=\"text-align: justify;\">Se trata de una situaci\u00f3n que, aun no siendo <a href=\"https:\/\/servicioestudiosugt.com\/empleo-tecnologico-en-el-mercado-laboral-espanol\/\" target=\"_blank\" rel=\"noopener\">nueva<\/a>, impacta muy negativamente en la transici\u00f3n tecnol\u00f3gica que debe desarrollar nuestra econom\u00eda. Ni siquiera la milmillonaria inversi\u00f3n de los fondos europeos est\u00e1 logrando revertir un tendencia contranatural y sin explicaci\u00f3n econ\u00f3mica y competitiva.<\/p>\n<p style=\"text-align: justify;\">Nuestro sistema universitario y de FP provee al mercado de trabajo alrededor de 56.000 perfiles tech cada a\u00f1o. Sin embargo, el porcentaje de graduados universitarios que emigran al extranjero nada m\u00e1s finalizar sus estudios en especialidades como f\u00edsicas, ingenier\u00eda, matem\u00e1ticas o inform\u00e1tica ronda el 10%. La explicaci\u00f3n a este fen\u00f3meno es doble: nuestro tejido productivo no est\u00e1 realizando la necesaria digitalizaci\u00f3n productiva y, por tanto, no demanda este tipo de empleo; y, de forma simult\u00e1nea, las condiciones de trabajo que se ofertan en Espa\u00f1a para estos especialistas distan de ser dignas. En 2022, s\u00f3lo un 1,4% de las microempresas espa\u00f1olas (&lt;10 trabajadores) necesitaron contratar a un tecn\u00f3logo, cuando este tipo de compa\u00f1\u00edas dan empleo al 30% de nuestra mano de obra. En el mismo 2022, dos de cada tres ofertas de empleo tech quedaban sin cubrir porque la empleadora no quer\u00eda abonar el salario requerido (recordemos que, de media, los salarios que se pagan en el sector tecnol\u00f3gico espa\u00f1ol son la mitad que los que se abonan Francia).<\/p>\n<p style=\"text-align: justify;\">UGT vuelve a exigir a patronales y empresas un esfuerzo para modernizarse. La sostenibilidad de nuestro Estado del Bienestar y de la Econom\u00eda pasa por una transici\u00f3n digital justa, y \u00e9sta solo es posible con empleo tecnol\u00f3gico de vanguardia, numeroso, bien remunerado y de las mejores condiciones laborales.<\/p>\n<p><strong>\u00a0<\/strong><\/p>\n<h4 style=\"text-align: right;\"><span style=\"color: #ff0000;\"><strong>UGT<\/strong><\/span><strong> Comunicaciones<\/strong><\/h4>\n<p><a href=\"#_ftnref1\" name=\"_ftn1\"><\/a><\/p>\n","protected":false},"excerpt":{"rendered":"<p>La publicaci\u00f3n de los \u00faltimos datos de Eurostat\u00a0sobre empleo tecnol\u00f3gico vuelven a poner de manifiesto el retraso de nuestra econom\u00eda en este aspecto: \u00fanicamente un 4,3% de nuestra fuerza de trabajo son personas especializadas en nuevas tecnolog\u00edas. Este exiguo porcentaje nos vuelve a colocar a la cola de Europa en empleo tech: puesto 20 de [&hellip;]<\/p>\n","protected":false},"author":3,"featured_media":1064858,"comment_status":"closed","ping_status":"closed","sticky":false,"template":"","format":"standard","meta":{"footnotes":""},"categories":[14,12],"tags":[],"class_list":["post-1064855","post","type-post","status-publish","format-standard","has-post-thumbnail","hentry","category-opinion","category-regulacion"],"yoast_head":"<!-- This site is optimized with the Yoast SEO Premium plugin v27.3 (Yoast SEO v27.4) - https:\/\/yoast.com\/product\/yoast-seo-premium-wordpress\/ -->\n<title>Sin empleo tecnol\u00f3gico ser\u00e1 imposible conseguir una transici\u00f3n digital justa - UGT Comunicaciones<\/title>\n<meta name=\"description\" content=\"La publicaci\u00f3n de los \u00faltimos datos de Eurostat\u00a0sobre empleo tecnol\u00f3gico vuelven a poner de manifiesto el retraso de nuestra econom\u00eda\" \/>\n<meta name=\"robots\" content=\"index, follow, max-snippet:-1, max-image-preview:large, max-video-preview:-1\" \/>\n<link rel=\"canonical\" href=\"https:\/\/www.ugtcomunicaciones.es\/wordpress\/sin-empleo-tecnologico\/\" \/>\n<meta property=\"og:locale\" content=\"es_ES\" \/>\n<meta property=\"og:type\" content=\"article\" \/>\n<meta property=\"og:title\" content=\"Sin empleo tecnol\u00f3gico ser\u00e1 imposible conseguir una transici\u00f3n digital justa\" \/>\n<meta property=\"og:description\" content=\"La publicaci\u00f3n de los \u00faltimos datos de Eurostat\u00a0sobre empleo tecnol\u00f3gico vuelven a poner de manifiesto el retraso de nuestra econom\u00eda\" \/>\n<meta property=\"og:url\" content=\"https:\/\/www.ugtcomunicaciones.es\/wordpress\/sin-empleo-tecnologico\/\" \/>\n<meta property=\"og:site_name\" content=\"UGT Comunicaciones\" \/>\n<meta property=\"article:publisher\" content=\"https:\/\/www.facebook.com\/ugt.comunicaciones\/\" \/>\n<meta property=\"article:published_time\" content=\"2023-06-12T05:00:07+00:00\" \/>\n<meta property=\"og:image\" content=\"https:\/\/www.ugtcomunicaciones.es\/wordpress\/wp-content\/uploads\/2023\/05\/empleo-3.jpg\" \/>\n\t<meta property=\"og:image:width\" content=\"600\" \/>\n\t<meta property=\"og:image:height\" content=\"399\" \/>\n\t<meta property=\"og:image:type\" content=\"image\/jpeg\" \/>\n<meta name=\"author\" content=\"UGT\" \/>\n<meta name=\"twitter:card\" content=\"summary_large_image\" \/>\n<meta name=\"twitter:creator\" content=\"@ugtcom\" \/>\n<meta name=\"twitter:site\" content=\"@ugtcom\" \/>\n<meta name=\"twitter:label1\" content=\"Escrito por\" \/>\n\t<meta name=\"twitter:data1\" content=\"UGT\" \/>\n\t<meta name=\"twitter:label2\" content=\"Tiempo de lectura\" \/>\n\t<meta name=\"twitter:data2\" content=\"3 minutos\" \/>\n<script type=\"application\/ld+json\" class=\"yoast-schema-graph\">{\"@context\":\"https:\\\/\\\/schema.org\",\"@graph\":[{\"@type\":\"Article\",\"@id\":\"https:\\\/\\\/www.ugtcomunicaciones.es\\\/wordpress\\\/sin-empleo-tecnologico\\\/#article\",\"isPartOf\":{\"@id\":\"https:\\\/\\\/www.ugtcomunicaciones.es\\\/wordpress\\\/sin-empleo-tecnologico\\\/\"},\"author\":{\"name\":\"UGT\",\"@id\":\"https:\\\/\\\/www.ugtcomunicaciones.es\\\/wordpress\\\/#\\\/schema\\\/person\\\/eba0fc3fe5b444531d94d4368cba89ed\"},\"headline\":\"Sin empleo tecnol\u00f3gico ser\u00e1 imposible conseguir una transici\u00f3n digital justa\",\"datePublished\":\"2023-06-12T05:00:07+00:00\",\"mainEntityOfPage\":{\"@id\":\"https:\\\/\\\/www.ugtcomunicaciones.es\\\/wordpress\\\/sin-empleo-tecnologico\\\/\"},\"wordCount\":558,\"publisher\":{\"@id\":\"https:\\\/\\\/www.ugtcomunicaciones.es\\\/wordpress\\\/#organization\"},\"image\":{\"@id\":\"https:\\\/\\\/www.ugtcomunicaciones.es\\\/wordpress\\\/sin-empleo-tecnologico\\\/#primaryimage\"},\"thumbnailUrl\":\"https:\\\/\\\/www.ugtcomunicaciones.es\\\/wordpress\\\/wp-content\\\/uploads\\\/2023\\\/05\\\/empleo-3.jpg\",\"articleSection\":[\"Opini\u00f3n\",\"Regulaci\u00f3n\"],\"inLanguage\":\"es\"},{\"@type\":\"WebPage\",\"@id\":\"https:\\\/\\\/www.ugtcomunicaciones.es\\\/wordpress\\\/sin-empleo-tecnologico\\\/\",\"url\":\"https:\\\/\\\/www.ugtcomunicaciones.es\\\/wordpress\\\/sin-empleo-tecnologico\\\/\",\"name\":\"Sin empleo tecnol\u00f3gico ser\u00e1 imposible conseguir una transici\u00f3n digital justa - UGT Comunicaciones\",\"isPartOf\":{\"@id\":\"https:\\\/\\\/www.ugtcomunicaciones.es\\\/wordpress\\\/#website\"},\"primaryImageOfPage\":{\"@id\":\"https:\\\/\\\/www.ugtcomunicaciones.es\\\/wordpress\\\/sin-empleo-tecnologico\\\/#primaryimage\"},\"image\":{\"@id\":\"https:\\\/\\\/www.ugtcomunicaciones.es\\\/wordpress\\\/sin-empleo-tecnologico\\\/#primaryimage\"},\"thumbnailUrl\":\"https:\\\/\\\/www.ugtcomunicaciones.es\\\/wordpress\\\/wp-content\\\/uploads\\\/2023\\\/05\\\/empleo-3.jpg\",\"datePublished\":\"2023-06-12T05:00:07+00:00\",\"description\":\"La publicaci\u00f3n de los \u00faltimos datos de Eurostat\u00a0sobre empleo tecnol\u00f3gico vuelven a poner de manifiesto el retraso de nuestra econom\u00eda\",\"breadcrumb\":{\"@id\":\"https:\\\/\\\/www.ugtcomunicaciones.es\\\/wordpress\\\/sin-empleo-tecnologico\\\/#breadcrumb\"},\"inLanguage\":\"es\",\"potentialAction\":[{\"@type\":\"ReadAction\",\"target\":[\"https:\\\/\\\/www.ugtcomunicaciones.es\\\/wordpress\\\/sin-empleo-tecnologico\\\/\"]}]},{\"@type\":\"ImageObject\",\"inLanguage\":\"es\",\"@id\":\"https:\\\/\\\/www.ugtcomunicaciones.es\\\/wordpress\\\/sin-empleo-tecnologico\\\/#primaryimage\",\"url\":\"https:\\\/\\\/www.ugtcomunicaciones.es\\\/wordpress\\\/wp-content\\\/uploads\\\/2023\\\/05\\\/empleo-3.jpg\",\"contentUrl\":\"https:\\\/\\\/www.ugtcomunicaciones.es\\\/wordpress\\\/wp-content\\\/uploads\\\/2023\\\/05\\\/empleo-3.jpg\",\"width\":600,\"height\":399},{\"@type\":\"BreadcrumbList\",\"@id\":\"https:\\\/\\\/www.ugtcomunicaciones.es\\\/wordpress\\\/sin-empleo-tecnologico\\\/#breadcrumb\",\"itemListElement\":[{\"@type\":\"ListItem\",\"position\":1,\"name\":\"Portada\",\"item\":\"https:\\\/\\\/www.ugtcomunicaciones.es\\\/wordpress\\\/\"},{\"@type\":\"ListItem\",\"position\":2,\"name\":\"Sin empleo tecnol\u00f3gico ser\u00e1 imposible conseguir una transici\u00f3n digital justa\"}]},{\"@type\":\"WebSite\",\"@id\":\"https:\\\/\\\/www.ugtcomunicaciones.es\\\/wordpress\\\/#website\",\"url\":\"https:\\\/\\\/www.ugtcomunicaciones.es\\\/wordpress\\\/\",\"name\":\"UGT Comunicaciones\",\"description\":\"Sindicato de Telecomunicaciones\",\"publisher\":{\"@id\":\"https:\\\/\\\/www.ugtcomunicaciones.es\\\/wordpress\\\/#organization\"},\"potentialAction\":[{\"@type\":\"SearchAction\",\"target\":{\"@type\":\"EntryPoint\",\"urlTemplate\":\"https:\\\/\\\/www.ugtcomunicaciones.es\\\/wordpress\\\/?s={search_term_string}\"},\"query-input\":{\"@type\":\"PropertyValueSpecification\",\"valueRequired\":true,\"valueName\":\"search_term_string\"}}],\"inLanguage\":\"es\"},{\"@type\":\"Organization\",\"@id\":\"https:\\\/\\\/www.ugtcomunicaciones.es\\\/wordpress\\\/#organization\",\"name\":\"UGT Comunicaciones\",\"url\":\"https:\\\/\\\/www.ugtcomunicaciones.es\\\/wordpress\\\/\",\"logo\":{\"@type\":\"ImageObject\",\"inLanguage\":\"es\",\"@id\":\"https:\\\/\\\/www.ugtcomunicaciones.es\\\/wordpress\\\/#\\\/schema\\\/logo\\\/image\\\/\",\"url\":\"https:\\\/\\\/www.ugtcomunicaciones.es\\\/wordpress\\\/wp-content\\\/uploads\\\/2024\\\/04\\\/comunicaciones_logo.png\",\"contentUrl\":\"https:\\\/\\\/www.ugtcomunicaciones.es\\\/wordpress\\\/wp-content\\\/uploads\\\/2024\\\/04\\\/comunicaciones_logo.png\",\"width\":298,\"height\":81,\"caption\":\"UGT Comunicaciones\"},\"image\":{\"@id\":\"https:\\\/\\\/www.ugtcomunicaciones.es\\\/wordpress\\\/#\\\/schema\\\/logo\\\/image\\\/\"},\"sameAs\":[\"https:\\\/\\\/www.facebook.com\\\/ugt.comunicaciones\\\/\",\"https:\\\/\\\/x.com\\\/ugtcom\"]},{\"@type\":\"Person\",\"@id\":\"https:\\\/\\\/www.ugtcomunicaciones.es\\\/wordpress\\\/#\\\/schema\\\/person\\\/eba0fc3fe5b444531d94d4368cba89ed\",\"name\":\"UGT\",\"image\":{\"@type\":\"ImageObject\",\"inLanguage\":\"es\",\"@id\":\"https:\\\/\\\/secure.gravatar.com\\\/avatar\\\/2a16057d620a4c646bcfc171c4f23030879ebbdd346f0525bd5d4a564e57e13d?s=96&d=mm&r=g\",\"url\":\"https:\\\/\\\/secure.gravatar.com\\\/avatar\\\/2a16057d620a4c646bcfc171c4f23030879ebbdd346f0525bd5d4a564e57e13d?s=96&d=mm&r=g\",\"contentUrl\":\"https:\\\/\\\/secure.gravatar.com\\\/avatar\\\/2a16057d620a4c646bcfc171c4f23030879ebbdd346f0525bd5d4a564e57e13d?s=96&d=mm&r=g\",\"caption\":\"UGT\"}}]}<\/script>\n<!-- \/ Yoast SEO Premium plugin. -->","yoast_head_json":{"title":"Sin empleo tecnol\u00f3gico ser\u00e1 imposible conseguir una transici\u00f3n digital justa - UGT Comunicaciones","description":"La publicaci\u00f3n de los \u00faltimos datos de Eurostat\u00a0sobre empleo tecnol\u00f3gico vuelven a poner de manifiesto el retraso de nuestra econom\u00eda","robots":{"index":"index","follow":"follow","max-snippet":"max-snippet:-1","max-image-preview":"max-image-preview:large","max-video-preview":"max-video-preview:-1"},"canonical":"https:\/\/www.ugtcomunicaciones.es\/wordpress\/sin-empleo-tecnologico\/","og_locale":"es_ES","og_type":"article","og_title":"Sin empleo tecnol\u00f3gico ser\u00e1 imposible conseguir una transici\u00f3n digital justa","og_description":"La publicaci\u00f3n de los \u00faltimos datos de Eurostat\u00a0sobre empleo tecnol\u00f3gico vuelven a poner de manifiesto el retraso de nuestra econom\u00eda","og_url":"https:\/\/www.ugtcomunicaciones.es\/wordpress\/sin-empleo-tecnologico\/","og_site_name":"UGT Comunicaciones","article_publisher":"https:\/\/www.facebook.com\/ugt.comunicaciones\/","article_published_time":"2023-06-12T05:00:07+00:00","og_image":[{"width":600,"height":399,"url":"https:\/\/www.ugtcomunicaciones.es\/wordpress\/wp-content\/uploads\/2023\/05\/empleo-3.jpg","type":"image\/jpeg"}],"author":"UGT","twitter_card":"summary_large_image","twitter_creator":"@ugtcom","twitter_site":"@ugtcom","twitter_misc":{"Escrito por":"UGT","Tiempo de lectura":"3 minutos"},"schema":{"@context":"https:\/\/schema.org","@graph":[{"@type":"Article","@id":"https:\/\/www.ugtcomunicaciones.es\/wordpress\/sin-empleo-tecnologico\/#article","isPartOf":{"@id":"https:\/\/www.ugtcomunicaciones.es\/wordpress\/sin-empleo-tecnologico\/"},"author":{"name":"UGT","@id":"https:\/\/www.ugtcomunicaciones.es\/wordpress\/#\/schema\/person\/eba0fc3fe5b444531d94d4368cba89ed"},"headline":"Sin empleo tecnol\u00f3gico ser\u00e1 imposible conseguir una transici\u00f3n digital justa","datePublished":"2023-06-12T05:00:07+00:00","mainEntityOfPage":{"@id":"https:\/\/www.ugtcomunicaciones.es\/wordpress\/sin-empleo-tecnologico\/"},"wordCount":558,"publisher":{"@id":"https:\/\/www.ugtcomunicaciones.es\/wordpress\/#organization"},"image":{"@id":"https:\/\/www.ugtcomunicaciones.es\/wordpress\/sin-empleo-tecnologico\/#primaryimage"},"thumbnailUrl":"https:\/\/www.ugtcomunicaciones.es\/wordpress\/wp-content\/uploads\/2023\/05\/empleo-3.jpg","articleSection":["Opini\u00f3n","Regulaci\u00f3n"],"inLanguage":"es"},{"@type":"WebPage","@id":"https:\/\/www.ugtcomunicaciones.es\/wordpress\/sin-empleo-tecnologico\/","url":"https:\/\/www.ugtcomunicaciones.es\/wordpress\/sin-empleo-tecnologico\/","name":"Sin empleo tecnol\u00f3gico ser\u00e1 imposible conseguir una transici\u00f3n digital justa - UGT Comunicaciones","isPartOf":{"@id":"https:\/\/www.ugtcomunicaciones.es\/wordpress\/#website"},"primaryImageOfPage":{"@id":"https:\/\/www.ugtcomunicaciones.es\/wordpress\/sin-empleo-tecnologico\/#primaryimage"},"image":{"@id":"https:\/\/www.ugtcomunicaciones.es\/wordpress\/sin-empleo-tecnologico\/#primaryimage"},"thumbnailUrl":"https:\/\/www.ugtcomunicaciones.es\/wordpress\/wp-content\/uploads\/2023\/05\/empleo-3.jpg","datePublished":"2023-06-12T05:00:07+00:00","description":"La publicaci\u00f3n de los \u00faltimos datos de Eurostat\u00a0sobre empleo tecnol\u00f3gico vuelven a poner de manifiesto el retraso de nuestra econom\u00eda","breadcrumb":{"@id":"https:\/\/www.ugtcomunicaciones.es\/wordpress\/sin-empleo-tecnologico\/#breadcrumb"},"inLanguage":"es","potentialAction":[{"@type":"ReadAction","target":["https:\/\/www.ugtcomunicaciones.es\/wordpress\/sin-empleo-tecnologico\/"]}]},{"@type":"ImageObject","inLanguage":"es","@id":"https:\/\/www.ugtcomunicaciones.es\/wordpress\/sin-empleo-tecnologico\/#primaryimage","url":"https:\/\/www.ugtcomunicaciones.es\/wordpress\/wp-content\/uploads\/2023\/05\/empleo-3.jpg","contentUrl":"https:\/\/www.ugtcomunicaciones.es\/wordpress\/wp-content\/uploads\/2023\/05\/empleo-3.jpg","width":600,"height":399},{"@type":"BreadcrumbList","@id":"https:\/\/www.ugtcomunicaciones.es\/wordpress\/sin-empleo-tecnologico\/#breadcrumb","itemListElement":[{"@type":"ListItem","position":1,"name":"Portada","item":"https:\/\/www.ugtcomunicaciones.es\/wordpress\/"},{"@type":"ListItem","position":2,"name":"Sin empleo tecnol\u00f3gico ser\u00e1 imposible conseguir una transici\u00f3n digital justa"}]},{"@type":"WebSite","@id":"https:\/\/www.ugtcomunicaciones.es\/wordpress\/#website","url":"https:\/\/www.ugtcomunicaciones.es\/wordpress\/","name":"UGT Comunicaciones","description":"Sindicato de Telecomunicaciones","publisher":{"@id":"https:\/\/www.ugtcomunicaciones.es\/wordpress\/#organization"},"potentialAction":[{"@type":"SearchAction","target":{"@type":"EntryPoint","urlTemplate":"https:\/\/www.ugtcomunicaciones.es\/wordpress\/?s={search_term_string}"},"query-input":{"@type":"PropertyValueSpecification","valueRequired":true,"valueName":"search_term_string"}}],"inLanguage":"es"},{"@type":"Organization","@id":"https:\/\/www.ugtcomunicaciones.es\/wordpress\/#organization","name":"UGT Comunicaciones","url":"https:\/\/www.ugtcomunicaciones.es\/wordpress\/","logo":{"@type":"ImageObject","inLanguage":"es","@id":"https:\/\/www.ugtcomunicaciones.es\/wordpress\/#\/schema\/logo\/image\/","url":"https:\/\/www.ugtcomunicaciones.es\/wordpress\/wp-content\/uploads\/2024\/04\/comunicaciones_logo.png","contentUrl":"https:\/\/www.ugtcomunicaciones.es\/wordpress\/wp-content\/uploads\/2024\/04\/comunicaciones_logo.png","width":298,"height":81,"caption":"UGT Comunicaciones"},"image":{"@id":"https:\/\/www.ugtcomunicaciones.es\/wordpress\/#\/schema\/logo\/image\/"},"sameAs":["https:\/\/www.facebook.com\/ugt.comunicaciones\/","https:\/\/x.com\/ugtcom"]},{"@type":"Person","@id":"https:\/\/www.ugtcomunicaciones.es\/wordpress\/#\/schema\/person\/eba0fc3fe5b444531d94d4368cba89ed","name":"UGT","image":{"@type":"ImageObject","inLanguage":"es","@id":"https:\/\/secure.gravatar.com\/avatar\/2a16057d620a4c646bcfc171c4f23030879ebbdd346f0525bd5d4a564e57e13d?s=96&d=mm&r=g","url":"https:\/\/secure.gravatar.com\/avatar\/2a16057d620a4c646bcfc171c4f23030879ebbdd346f0525bd5d4a564e57e13d?s=96&d=mm&r=g","contentUrl":"https:\/\/secure.gravatar.com\/avatar\/2a16057d620a4c646bcfc171c4f23030879ebbdd346f0525bd5d4a564e57e13d?s=96&d=mm&r=g","caption":"UGT"}}]}},"_links":{"self":[{"href":"https:\/\/www.ugtcomunicaciones.es\/wordpress\/wp-json\/wp\/v2\/posts\/1064855","targetHints":{"allow":["GET"]}}],"collection":[{"href":"https:\/\/www.ugtcomunicaciones.es\/wordpress\/wp-json\/wp\/v2\/posts"}],"about":[{"href":"https:\/\/www.ugtcomunicaciones.es\/wordpress\/wp-json\/wp\/v2\/types\/post"}],"author":[{"embeddable":true,"href":"https:\/\/www.ugtcomunicaciones.es\/wordpress\/wp-json\/wp\/v2\/users\/3"}],"replies":[{"embeddable":true,"href":"https:\/\/www.ugtcomunicaciones.es\/wordpress\/wp-json\/wp\/v2\/comments?post=1064855"}],"version-history":[{"count":3,"href":"https:\/\/www.ugtcomunicaciones.es\/wordpress\/wp-json\/wp\/v2\/posts\/1064855\/revisions"}],"predecessor-version":[{"id":1064861,"href":"https:\/\/www.ugtcomunicaciones.es\/wordpress\/wp-json\/wp\/v2\/posts\/1064855\/revisions\/1064861"}],"wp:featuredmedia":[{"embeddable":true,"href":"https:\/\/www.ugtcomunicaciones.es\/wordpress\/wp-json\/wp\/v2\/media\/1064858"}],"wp:attachment":[{"href":"https:\/\/www.ugtcomunicaciones.es\/wordpress\/wp-json\/wp\/v2\/media?parent=1064855"}],"wp:term":[{"taxonomy":"category","embeddable":true,"href":"https:\/\/www.ugtcomunicaciones.es\/wordpress\/wp-json\/wp\/v2\/categories?post=1064855"},{"taxonomy":"post_tag","embeddable":true,"href":"https:\/\/www.ugtcomunicaciones.es\/wordpress\/wp-json\/wp\/v2\/tags?post=1064855"}],"curies":[{"name":"wp","href":"https:\/\/api.w.org\/{rel}","templated":true}]}}