{"id":1064897,"date":"2023-05-31T13:28:33","date_gmt":"2023-05-31T11:28:33","guid":{"rendered":"https:\/\/www.ugtcomunicaciones.es\/wordpress\/?p=1064897"},"modified":"2023-05-31T13:28:33","modified_gmt":"2023-05-31T11:28:33","slug":"telyco-intensifica-teams-no-venta","status":"publish","type":"post","link":"https:\/\/www.ugtcomunicaciones.es\/wordpress\/telyco-intensifica-teams-no-venta\/","title":{"rendered":"Telyco intensifica los teams de inactivos"},"content":{"rendered":"<p>Desde UGT, estamos recibiendo muchas quejas del personal de tiendas de todos los territorios, por el abuso que est\u00e1 haciendo la empresa en el empleo del teams como herramienta para tratar \u201cinactivos\u201d de manera masiva y reiterada. Ya no son s\u00f3lo por no vender alarmas, sino por MiMovistar, BAF, Solar, etc.<\/p>\n<p>No compartimos esta din\u00e1mica de entrar en grupos de teams, que se presentan como ayuda o reciclaje formativo, y se sale cuando se logra una venta.<\/p>\n<p>Desconocemos si esto atiende a alg\u00fan criterio en concreto, porque se vuelve d\u00edas despu\u00e9s si no se consigue otra venta. Esto nos genera una duda, \u00bfacaso la formaci\u00f3n antes recibida fue deficiente y por eso la vuelta a los grupos? \u00bfsirve para algo la formaci\u00f3n recibida en estos \u201cgrupos de apoyo\u201d?. La respuesta es de todas y todos conocida.<\/p>\n<p>En UGT creemos que m\u00e1s bien responde a una pol\u00edtica de estimulos desacertados que derivan en m\u00e1s estr\u00e9s y fatiga para nuestra plantilla.<\/p>\n<p>Somos de la opini\u00f3n que no podemos culpabilizar al comercial de tienda por la escasa actividad, fruto de una oferta poco competitiva.\u00a0<strong>El cliente tiene derecho a rechazar ofertas y el responsable no puede ser siempre el mismo.<\/strong><\/p>\n<p>Tenemos una plantilla muy profesional a la estamos martirizando con reportes absurdos, de no ventas, correos diarios con datos de los clientes atendidos, productos ofrecidos, o cualquier otra ocurrencia. Lo curioso es que se apela a nuestra imaginaci\u00f3n para no repetir los mismos argumentos de porqu\u00e9 no se ha vendido. Nuestra pregunta es para qu\u00e9. \u00bfEsto favorece a la venta? \u00bfalguien realiza un an\u00e1lisis posterior?, \u00bfo es para tener a la gente entretenida?<\/p>\n<p>Para UGT, se ha convertido en una cruzada erradicar esta praxis que no conduce a nada positivo y que est\u00e1 llevando a nuestra plantilla al l\u00edmite de lo soportable. No es de extra\u00f1ar que los \u00edndices de IT sigan estancados y no se reduzcan de manera considerable visto lo visto. A\u00f1adir a lo dicho la alta rotaci\u00f3n de nuestra plantilla.\u00a0<strong>El personal ya no quiere trabajar en Telyco<\/strong>.<\/p>\n<p><strong>Recordamos a la empresa que no vamos a colaborar en m\u00e1s propuestas de medidas correctoras de riesgos psicosociales, si antes no se erradican estos comportamientos nocivos y esto es definitivo.<\/strong>\u00a0No basta con buenas intenciones si luego no vemos avances sustanciales.<\/p>\n<p>Las IT, deben preocupar a la empresa como a nuestro sindicato por encima de las ventas. Y tenemos una responsabilidad en la defensa de la salud laboral.\u00a0<strong>Queremos ver resultados YA<\/strong>.<\/p>\n","protected":false},"excerpt":{"rendered":"<p>Desde UGT, estamos recibiendo muchas quejas del personal de tiendas de todos los territorios, por el abuso que est\u00e1 haciendo la empresa en el empleo del teams como herramienta para tratar \u201cinactivos\u201d de manera masiva y reiterada. Ya no son s\u00f3lo por no vender alarmas, sino por MiMovistar, BAF, Solar, etc. No compartimos esta din\u00e1mica [&hellip;]<\/p>\n","protected":false},"author":3,"featured_media":1064900,"comment_status":"closed","ping_status":"closed","sticky":false,"template":"","format":"standard","meta":{"footnotes":""},"categories":[31],"tags":[],"class_list":["post-1064897","post","type-post","status-publish","format-standard","has-post-thumbnail","hentry","category-telyco"],"yoast_head":"<!-- This site is optimized with the Yoast SEO Premium plugin v27.3 (Yoast SEO v27.4) - https:\/\/yoast.com\/product\/yoast-seo-premium-wordpress\/ -->\n<title>Telyco intensifica los teams de inactivos - UGT Comunicaciones<\/title>\n<meta name=\"robots\" content=\"index, follow, max-snippet:-1, max-image-preview:large, max-video-preview:-1\" \/>\n<link rel=\"canonical\" href=\"https:\/\/www.ugtcomunicaciones.es\/wordpress\/telyco-intensifica-teams-no-venta\/\" \/>\n<meta property=\"og:locale\" content=\"es_ES\" \/>\n<meta property=\"og:type\" content=\"article\" \/>\n<meta property=\"og:title\" content=\"Telyco intensifica los teams de inactivos\" \/>\n<meta property=\"og:description\" content=\"Desde UGT, estamos recibiendo muchas quejas del personal de tiendas de todos los territorios, por el abuso que est\u00e1 haciendo la empresa en el empleo del teams como herramienta para tratar \u201cinactivos\u201d de manera masiva y reiterada. Ya no son s\u00f3lo por no vender alarmas, sino por MiMovistar, BAF, Solar, etc. No compartimos esta din\u00e1mica [&hellip;]\" \/>\n<meta property=\"og:url\" content=\"https:\/\/www.ugtcomunicaciones.es\/wordpress\/telyco-intensifica-teams-no-venta\/\" \/>\n<meta property=\"og:site_name\" content=\"UGT Comunicaciones\" \/>\n<meta property=\"article:publisher\" content=\"https:\/\/www.facebook.com\/ugt.comunicaciones\/\" \/>\n<meta property=\"article:published_time\" content=\"2023-05-31T11:28:33+00:00\" \/>\n<meta property=\"og:image\" content=\"https:\/\/www.ugtcomunicaciones.es\/wordpress\/wp-content\/uploads\/2023\/05\/inactivos-telyco.png\" \/>\n\t<meta property=\"og:image:width\" content=\"1600\" \/>\n\t<meta property=\"og:image:height\" content=\"900\" \/>\n\t<meta property=\"og:image:type\" content=\"image\/png\" \/>\n<meta name=\"author\" content=\"UGT\" \/>\n<meta name=\"twitter:card\" content=\"summary_large_image\" \/>\n<meta name=\"twitter:creator\" content=\"@ugtcom\" \/>\n<meta name=\"twitter:site\" content=\"@ugtcom\" \/>\n<meta name=\"twitter:label1\" content=\"Escrito por\" \/>\n\t<meta name=\"twitter:data1\" content=\"UGT\" \/>\n\t<meta name=\"twitter:label2\" content=\"Tiempo de lectura\" \/>\n\t<meta name=\"twitter:data2\" content=\"2 minutos\" \/>\n<script type=\"application\/ld+json\" class=\"yoast-schema-graph\">{\"@context\":\"https:\\\/\\\/schema.org\",\"@graph\":[{\"@type\":\"Article\",\"@id\":\"https:\\\/\\\/www.ugtcomunicaciones.es\\\/wordpress\\\/telyco-intensifica-teams-no-venta\\\/#article\",\"isPartOf\":{\"@id\":\"https:\\\/\\\/www.ugtcomunicaciones.es\\\/wordpress\\\/telyco-intensifica-teams-no-venta\\\/\"},\"author\":{\"name\":\"UGT\",\"@id\":\"https:\\\/\\\/www.ugtcomunicaciones.es\\\/wordpress\\\/#\\\/schema\\\/person\\\/eba0fc3fe5b444531d94d4368cba89ed\"},\"headline\":\"Telyco intensifica los teams de inactivos\",\"datePublished\":\"2023-05-31T11:28:33+00:00\",\"mainEntityOfPage\":{\"@id\":\"https:\\\/\\\/www.ugtcomunicaciones.es\\\/wordpress\\\/telyco-intensifica-teams-no-venta\\\/\"},\"wordCount\":435,\"publisher\":{\"@id\":\"https:\\\/\\\/www.ugtcomunicaciones.es\\\/wordpress\\\/#organization\"},\"image\":{\"@id\":\"https:\\\/\\\/www.ugtcomunicaciones.es\\\/wordpress\\\/telyco-intensifica-teams-no-venta\\\/#primaryimage\"},\"thumbnailUrl\":\"https:\\\/\\\/www.ugtcomunicaciones.es\\\/wordpress\\\/wp-content\\\/uploads\\\/2023\\\/05\\\/inactivos-telyco.png\",\"articleSection\":[\"Telyco\"],\"inLanguage\":\"es\"},{\"@type\":\"WebPage\",\"@id\":\"https:\\\/\\\/www.ugtcomunicaciones.es\\\/wordpress\\\/telyco-intensifica-teams-no-venta\\\/\",\"url\":\"https:\\\/\\\/www.ugtcomunicaciones.es\\\/wordpress\\\/telyco-intensifica-teams-no-venta\\\/\",\"name\":\"Telyco intensifica los teams de inactivos - UGT Comunicaciones\",\"isPartOf\":{\"@id\":\"https:\\\/\\\/www.ugtcomunicaciones.es\\\/wordpress\\\/#website\"},\"primaryImageOfPage\":{\"@id\":\"https:\\\/\\\/www.ugtcomunicaciones.es\\\/wordpress\\\/telyco-intensifica-teams-no-venta\\\/#primaryimage\"},\"image\":{\"@id\":\"https:\\\/\\\/www.ugtcomunicaciones.es\\\/wordpress\\\/telyco-intensifica-teams-no-venta\\\/#primaryimage\"},\"thumbnailUrl\":\"https:\\\/\\\/www.ugtcomunicaciones.es\\\/wordpress\\\/wp-content\\\/uploads\\\/2023\\\/05\\\/inactivos-telyco.png\",\"datePublished\":\"2023-05-31T11:28:33+00:00\",\"breadcrumb\":{\"@id\":\"https:\\\/\\\/www.ugtcomunicaciones.es\\\/wordpress\\\/telyco-intensifica-teams-no-venta\\\/#breadcrumb\"},\"inLanguage\":\"es\",\"potentialAction\":[{\"@type\":\"ReadAction\",\"target\":[\"https:\\\/\\\/www.ugtcomunicaciones.es\\\/wordpress\\\/telyco-intensifica-teams-no-venta\\\/\"]}]},{\"@type\":\"ImageObject\",\"inLanguage\":\"es\",\"@id\":\"https:\\\/\\\/www.ugtcomunicaciones.es\\\/wordpress\\\/telyco-intensifica-teams-no-venta\\\/#primaryimage\",\"url\":\"https:\\\/\\\/www.ugtcomunicaciones.es\\\/wordpress\\\/wp-content\\\/uploads\\\/2023\\\/05\\\/inactivos-telyco.png\",\"contentUrl\":\"https:\\\/\\\/www.ugtcomunicaciones.es\\\/wordpress\\\/wp-content\\\/uploads\\\/2023\\\/05\\\/inactivos-telyco.png\",\"width\":1600,\"height\":900,\"caption\":\"Inactivos en Telyco, grupo Teams, Basta UGT\"},{\"@type\":\"BreadcrumbList\",\"@id\":\"https:\\\/\\\/www.ugtcomunicaciones.es\\\/wordpress\\\/telyco-intensifica-teams-no-venta\\\/#breadcrumb\",\"itemListElement\":[{\"@type\":\"ListItem\",\"position\":1,\"name\":\"Portada\",\"item\":\"https:\\\/\\\/www.ugtcomunicaciones.es\\\/wordpress\\\/\"},{\"@type\":\"ListItem\",\"position\":2,\"name\":\"Telyco intensifica los teams de inactivos\"}]},{\"@type\":\"WebSite\",\"@id\":\"https:\\\/\\\/www.ugtcomunicaciones.es\\\/wordpress\\\/#website\",\"url\":\"https:\\\/\\\/www.ugtcomunicaciones.es\\\/wordpress\\\/\",\"name\":\"UGT Comunicaciones\",\"description\":\"Sindicato de Telecomunicaciones\",\"publisher\":{\"@id\":\"https:\\\/\\\/www.ugtcomunicaciones.es\\\/wordpress\\\/#organization\"},\"potentialAction\":[{\"@type\":\"SearchAction\",\"target\":{\"@type\":\"EntryPoint\",\"urlTemplate\":\"https:\\\/\\\/www.ugtcomunicaciones.es\\\/wordpress\\\/?s={search_term_string}\"},\"query-input\":{\"@type\":\"PropertyValueSpecification\",\"valueRequired\":true,\"valueName\":\"search_term_string\"}}],\"inLanguage\":\"es\"},{\"@type\":\"Organization\",\"@id\":\"https:\\\/\\\/www.ugtcomunicaciones.es\\\/wordpress\\\/#organization\",\"name\":\"UGT Comunicaciones\",\"url\":\"https:\\\/\\\/www.ugtcomunicaciones.es\\\/wordpress\\\/\",\"logo\":{\"@type\":\"ImageObject\",\"inLanguage\":\"es\",\"@id\":\"https:\\\/\\\/www.ugtcomunicaciones.es\\\/wordpress\\\/#\\\/schema\\\/logo\\\/image\\\/\",\"url\":\"https:\\\/\\\/www.ugtcomunicaciones.es\\\/wordpress\\\/wp-content\\\/uploads\\\/2024\\\/04\\\/comunicaciones_logo.png\",\"contentUrl\":\"https:\\\/\\\/www.ugtcomunicaciones.es\\\/wordpress\\\/wp-content\\\/uploads\\\/2024\\\/04\\\/comunicaciones_logo.png\",\"width\":298,\"height\":81,\"caption\":\"UGT Comunicaciones\"},\"image\":{\"@id\":\"https:\\\/\\\/www.ugtcomunicaciones.es\\\/wordpress\\\/#\\\/schema\\\/logo\\\/image\\\/\"},\"sameAs\":[\"https:\\\/\\\/www.facebook.com\\\/ugt.comunicaciones\\\/\",\"https:\\\/\\\/x.com\\\/ugtcom\"]},{\"@type\":\"Person\",\"@id\":\"https:\\\/\\\/www.ugtcomunicaciones.es\\\/wordpress\\\/#\\\/schema\\\/person\\\/eba0fc3fe5b444531d94d4368cba89ed\",\"name\":\"UGT\",\"image\":{\"@type\":\"ImageObject\",\"inLanguage\":\"es\",\"@id\":\"https:\\\/\\\/secure.gravatar.com\\\/avatar\\\/2a16057d620a4c646bcfc171c4f23030879ebbdd346f0525bd5d4a564e57e13d?s=96&d=mm&r=g\",\"url\":\"https:\\\/\\\/secure.gravatar.com\\\/avatar\\\/2a16057d620a4c646bcfc171c4f23030879ebbdd346f0525bd5d4a564e57e13d?s=96&d=mm&r=g\",\"contentUrl\":\"https:\\\/\\\/secure.gravatar.com\\\/avatar\\\/2a16057d620a4c646bcfc171c4f23030879ebbdd346f0525bd5d4a564e57e13d?s=96&d=mm&r=g\",\"caption\":\"UGT\"}}]}<\/script>\n<!-- \/ Yoast SEO Premium plugin. -->","yoast_head_json":{"title":"Telyco intensifica los teams de inactivos - UGT Comunicaciones","robots":{"index":"index","follow":"follow","max-snippet":"max-snippet:-1","max-image-preview":"max-image-preview:large","max-video-preview":"max-video-preview:-1"},"canonical":"https:\/\/www.ugtcomunicaciones.es\/wordpress\/telyco-intensifica-teams-no-venta\/","og_locale":"es_ES","og_type":"article","og_title":"Telyco intensifica los teams de inactivos","og_description":"Desde UGT, estamos recibiendo muchas quejas del personal de tiendas de todos los territorios, por el abuso que est\u00e1 haciendo la empresa en el empleo del teams como herramienta para tratar \u201cinactivos\u201d de manera masiva y reiterada. Ya no son s\u00f3lo por no vender alarmas, sino por MiMovistar, BAF, Solar, etc. No compartimos esta din\u00e1mica [&hellip;]","og_url":"https:\/\/www.ugtcomunicaciones.es\/wordpress\/telyco-intensifica-teams-no-venta\/","og_site_name":"UGT Comunicaciones","article_publisher":"https:\/\/www.facebook.com\/ugt.comunicaciones\/","article_published_time":"2023-05-31T11:28:33+00:00","og_image":[{"width":1600,"height":900,"url":"https:\/\/www.ugtcomunicaciones.es\/wordpress\/wp-content\/uploads\/2023\/05\/inactivos-telyco.png","type":"image\/png"}],"author":"UGT","twitter_card":"summary_large_image","twitter_creator":"@ugtcom","twitter_site":"@ugtcom","twitter_misc":{"Escrito por":"UGT","Tiempo de lectura":"2 minutos"},"schema":{"@context":"https:\/\/schema.org","@graph":[{"@type":"Article","@id":"https:\/\/www.ugtcomunicaciones.es\/wordpress\/telyco-intensifica-teams-no-venta\/#article","isPartOf":{"@id":"https:\/\/www.ugtcomunicaciones.es\/wordpress\/telyco-intensifica-teams-no-venta\/"},"author":{"name":"UGT","@id":"https:\/\/www.ugtcomunicaciones.es\/wordpress\/#\/schema\/person\/eba0fc3fe5b444531d94d4368cba89ed"},"headline":"Telyco intensifica los teams de inactivos","datePublished":"2023-05-31T11:28:33+00:00","mainEntityOfPage":{"@id":"https:\/\/www.ugtcomunicaciones.es\/wordpress\/telyco-intensifica-teams-no-venta\/"},"wordCount":435,"publisher":{"@id":"https:\/\/www.ugtcomunicaciones.es\/wordpress\/#organization"},"image":{"@id":"https:\/\/www.ugtcomunicaciones.es\/wordpress\/telyco-intensifica-teams-no-venta\/#primaryimage"},"thumbnailUrl":"https:\/\/www.ugtcomunicaciones.es\/wordpress\/wp-content\/uploads\/2023\/05\/inactivos-telyco.png","articleSection":["Telyco"],"inLanguage":"es"},{"@type":"WebPage","@id":"https:\/\/www.ugtcomunicaciones.es\/wordpress\/telyco-intensifica-teams-no-venta\/","url":"https:\/\/www.ugtcomunicaciones.es\/wordpress\/telyco-intensifica-teams-no-venta\/","name":"Telyco intensifica los teams de inactivos - UGT Comunicaciones","isPartOf":{"@id":"https:\/\/www.ugtcomunicaciones.es\/wordpress\/#website"},"primaryImageOfPage":{"@id":"https:\/\/www.ugtcomunicaciones.es\/wordpress\/telyco-intensifica-teams-no-venta\/#primaryimage"},"image":{"@id":"https:\/\/www.ugtcomunicaciones.es\/wordpress\/telyco-intensifica-teams-no-venta\/#primaryimage"},"thumbnailUrl":"https:\/\/www.ugtcomunicaciones.es\/wordpress\/wp-content\/uploads\/2023\/05\/inactivos-telyco.png","datePublished":"2023-05-31T11:28:33+00:00","breadcrumb":{"@id":"https:\/\/www.ugtcomunicaciones.es\/wordpress\/telyco-intensifica-teams-no-venta\/#breadcrumb"},"inLanguage":"es","potentialAction":[{"@type":"ReadAction","target":["https:\/\/www.ugtcomunicaciones.es\/wordpress\/telyco-intensifica-teams-no-venta\/"]}]},{"@type":"ImageObject","inLanguage":"es","@id":"https:\/\/www.ugtcomunicaciones.es\/wordpress\/telyco-intensifica-teams-no-venta\/#primaryimage","url":"https:\/\/www.ugtcomunicaciones.es\/wordpress\/wp-content\/uploads\/2023\/05\/inactivos-telyco.png","contentUrl":"https:\/\/www.ugtcomunicaciones.es\/wordpress\/wp-content\/uploads\/2023\/05\/inactivos-telyco.png","width":1600,"height":900,"caption":"Inactivos en Telyco, grupo Teams, Basta UGT"},{"@type":"BreadcrumbList","@id":"https:\/\/www.ugtcomunicaciones.es\/wordpress\/telyco-intensifica-teams-no-venta\/#breadcrumb","itemListElement":[{"@type":"ListItem","position":1,"name":"Portada","item":"https:\/\/www.ugtcomunicaciones.es\/wordpress\/"},{"@type":"ListItem","position":2,"name":"Telyco intensifica los teams de inactivos"}]},{"@type":"WebSite","@id":"https:\/\/www.ugtcomunicaciones.es\/wordpress\/#website","url":"https:\/\/www.ugtcomunicaciones.es\/wordpress\/","name":"UGT Comunicaciones","description":"Sindicato de Telecomunicaciones","publisher":{"@id":"https:\/\/www.ugtcomunicaciones.es\/wordpress\/#organization"},"potentialAction":[{"@type":"SearchAction","target":{"@type":"EntryPoint","urlTemplate":"https:\/\/www.ugtcomunicaciones.es\/wordpress\/?s={search_term_string}"},"query-input":{"@type":"PropertyValueSpecification","valueRequired":true,"valueName":"search_term_string"}}],"inLanguage":"es"},{"@type":"Organization","@id":"https:\/\/www.ugtcomunicaciones.es\/wordpress\/#organization","name":"UGT Comunicaciones","url":"https:\/\/www.ugtcomunicaciones.es\/wordpress\/","logo":{"@type":"ImageObject","inLanguage":"es","@id":"https:\/\/www.ugtcomunicaciones.es\/wordpress\/#\/schema\/logo\/image\/","url":"https:\/\/www.ugtcomunicaciones.es\/wordpress\/wp-content\/uploads\/2024\/04\/comunicaciones_logo.png","contentUrl":"https:\/\/www.ugtcomunicaciones.es\/wordpress\/wp-content\/uploads\/2024\/04\/comunicaciones_logo.png","width":298,"height":81,"caption":"UGT Comunicaciones"},"image":{"@id":"https:\/\/www.ugtcomunicaciones.es\/wordpress\/#\/schema\/logo\/image\/"},"sameAs":["https:\/\/www.facebook.com\/ugt.comunicaciones\/","https:\/\/x.com\/ugtcom"]},{"@type":"Person","@id":"https:\/\/www.ugtcomunicaciones.es\/wordpress\/#\/schema\/person\/eba0fc3fe5b444531d94d4368cba89ed","name":"UGT","image":{"@type":"ImageObject","inLanguage":"es","@id":"https:\/\/secure.gravatar.com\/avatar\/2a16057d620a4c646bcfc171c4f23030879ebbdd346f0525bd5d4a564e57e13d?s=96&d=mm&r=g","url":"https:\/\/secure.gravatar.com\/avatar\/2a16057d620a4c646bcfc171c4f23030879ebbdd346f0525bd5d4a564e57e13d?s=96&d=mm&r=g","contentUrl":"https:\/\/secure.gravatar.com\/avatar\/2a16057d620a4c646bcfc171c4f23030879ebbdd346f0525bd5d4a564e57e13d?s=96&d=mm&r=g","caption":"UGT"}}]}},"_links":{"self":[{"href":"https:\/\/www.ugtcomunicaciones.es\/wordpress\/wp-json\/wp\/v2\/posts\/1064897","targetHints":{"allow":["GET"]}}],"collection":[{"href":"https:\/\/www.ugtcomunicaciones.es\/wordpress\/wp-json\/wp\/v2\/posts"}],"about":[{"href":"https:\/\/www.ugtcomunicaciones.es\/wordpress\/wp-json\/wp\/v2\/types\/post"}],"author":[{"embeddable":true,"href":"https:\/\/www.ugtcomunicaciones.es\/wordpress\/wp-json\/wp\/v2\/users\/3"}],"replies":[{"embeddable":true,"href":"https:\/\/www.ugtcomunicaciones.es\/wordpress\/wp-json\/wp\/v2\/comments?post=1064897"}],"version-history":[{"count":1,"href":"https:\/\/www.ugtcomunicaciones.es\/wordpress\/wp-json\/wp\/v2\/posts\/1064897\/revisions"}],"predecessor-version":[{"id":1064901,"href":"https:\/\/www.ugtcomunicaciones.es\/wordpress\/wp-json\/wp\/v2\/posts\/1064897\/revisions\/1064901"}],"wp:featuredmedia":[{"embeddable":true,"href":"https:\/\/www.ugtcomunicaciones.es\/wordpress\/wp-json\/wp\/v2\/media\/1064900"}],"wp:attachment":[{"href":"https:\/\/www.ugtcomunicaciones.es\/wordpress\/wp-json\/wp\/v2\/media?parent=1064897"}],"wp:term":[{"taxonomy":"category","embeddable":true,"href":"https:\/\/www.ugtcomunicaciones.es\/wordpress\/wp-json\/wp\/v2\/categories?post=1064897"},{"taxonomy":"post_tag","embeddable":true,"href":"https:\/\/www.ugtcomunicaciones.es\/wordpress\/wp-json\/wp\/v2\/tags?post=1064897"}],"curies":[{"name":"wp","href":"https:\/\/api.w.org\/{rel}","templated":true}]}}