{"id":1065034,"date":"2023-06-08T10:03:16","date_gmt":"2023-06-08T08:03:16","guid":{"rendered":"https:\/\/www.ugtcomunicaciones.es\/wordpress\/?p=1065034"},"modified":"2023-09-01T12:23:52","modified_gmt":"2023-09-01T10:23:52","slug":"xx-reunion-comision-interempresas-de-areas-comerciales","status":"publish","type":"post","link":"https:\/\/www.ugtcomunicaciones.es\/wordpress\/xx-reunion-comision-interempresas-de-areas-comerciales\/","title":{"rendered":"XX Reuni\u00f3n Comisi\u00f3n Interempresas de \u00c1reas Comerciales"},"content":{"rendered":"<p><strong>Resultados carrera comercial y nuevos turnos fusi\u00f3n digital<\/strong><\/p>\n<p style=\"text-align: justify;\">Hoy se ha celebrado la veinteava Reuni\u00f3n de la Comisi\u00f3n Interempresas de \u00c1reas Comerciales en la que se han tratado los siguientes temas:<\/p>\n<ul style=\"text-align: justify;\">\n<li><strong><u>Resultados Carrera Comercial 2022<\/u><\/strong><\/li>\n<\/ul>\n<p style=\"text-align: justify;\">Una vez finalizadas las conversaciones para crecer, y con los datos de cierre de los resultados comerciales del a\u00f1o 2022, este a\u00f1o se producir\u00e1n un total de 514 movimientos:<\/p>\n<p><img decoding=\"async\" class=\"aligncenter wp-image-1065035 size-full lazyload\" data-src=\"https:\/\/www.ugtcomunicaciones.es\/wordpress\/wp-content\/uploads\/2023\/06\/carrera.jpg\" alt=\"\" width=\"738\" height=\"388\" data-srcset=\"https:\/\/www.ugtcomunicaciones.es\/wordpress\/wp-content\/uploads\/2023\/06\/carrera.jpg 738w, https:\/\/www.ugtcomunicaciones.es\/wordpress\/wp-content\/uploads\/2023\/06\/carrera-300x158.jpg 300w, https:\/\/www.ugtcomunicaciones.es\/wordpress\/wp-content\/uploads\/2023\/06\/carrera-640x336.jpg 640w, https:\/\/www.ugtcomunicaciones.es\/wordpress\/wp-content\/uploads\/2023\/06\/carrera-681x358.jpg 681w\" data-sizes=\"(max-width: 738px) 100vw, 738px\" src=\"data:image\/svg+xml;base64,PHN2ZyB3aWR0aD0iMSIgaGVpZ2h0PSIxIiB4bWxucz0iaHR0cDovL3d3dy53My5vcmcvMjAwMC9zdmciPjwvc3ZnPg==\" style=\"--smush-placeholder-width: 738px; --smush-placeholder-aspect-ratio: 738\/388;\" \/><\/p>\n<p style=\"text-align: justify;\">Un 40% de las personas que promocionaron el ejercicio anterior, volver\u00e1n a promocionar este a\u00f1o, gracias al nuevo modelo de carrera comercial.<\/p>\n<p style=\"text-align: justify;\">Se abre el debate sobre <strong>la fecha de efectividad de estos movimientos a lo que la empresa informa que se har\u00e1n a 1 de abril tal como estaba pactado.<\/strong> <span style=\"color: #ff0000;\"><strong>UGT <\/strong><\/span>recuerda que esta fecha se acord\u00f3 para evitar las diferentes fechas de aplicaci\u00f3n en los movimientos que ten\u00eda la anterior Carrera Comercial, comprometi\u00e9ndose la empresa en hacer efectivo los datos a finales de marzo, por ello, entendemos que no se puede repetir esta situaci\u00f3n por motivos ajenos a las personas trabajadoras, ya que ello podr\u00eda conllevar replantear la efectividad de los movimientos. <strong>Debido a la excepcionalidad en la demora, <span style=\"color: #ff0000;\">UGT<\/span><\/strong> <strong>ha planteado que la fecha de efectividad para los reposicionamientos sea la de la comunicaci\u00f3n, siendo descartada por la empresa.<\/strong><\/p>\n<p style=\"text-align: justify;\">En t\u00e9rminos generales, <span style=\"color: #ff0000;\"><strong>UGT<\/strong><\/span> valora positivamente el comportamiento y cumplimiento de la Carrera Comercial, demostrando una vez m\u00e1s, que el acuerdo basado en automatismos y salvaguardas funciona, permitiendo un mayor n\u00famero de movimientos y garant\u00edas de transparencia. <strong>Es conveniente recordar lo acertado de haber incorporado las cautelas y excepciones recogidas en las salvaguardas, lo que ha evitado que m\u00e1s de 300 comerciales no reposicionen.\u00a0\u00a0 <\/strong><\/p>\n<p style=\"text-align: justify;\"><span style=\"color: #ff0000;\"><strong>UGT<\/strong><\/span> insiste que los datos se revisen por las distintas direcciones y <strong>que se alineen los objetivos de forma adecuada<\/strong>, ya que consideramos que la disparidad en la consecuci\u00f3n de objetivos entre direcciones viene derivada de una mala alineaci\u00f3n de estos en el contexto actual del mercado.<\/p>\n<p style=\"text-align: justify;\"><span style=\"color: #ff0000;\"><strong>UGT<\/strong><\/span> solicita informaci\u00f3n <strong>sobre las personas que puedan haber reposicionado al nivel inferior de su segmento<\/strong> y puedan suponer un cambio de actividad seg\u00fan lo recogido en el modelo, a lo que la empresa responde que, al estar configuradas las carteras para el 3T, si existe alg\u00fan caso, se comunicar\u00eda en el mes de septiembre para hacerse <strong>efectivo en fecha 1 de octubre<\/strong>.<\/p>\n<p style=\"text-align: justify;\"><span style=\"color: #ff0000;\"><strong>UGT<\/strong><\/span> insiste en que este a\u00f1o las personas trabajadoras han visto su actividad centrada en cuestiones que no les han supuesto, en muchas ocasiones, un retorno en cuanto a la consecuci\u00f3n de objetivos reales, como en el caso de los Kit Digital, por lo que se deber\u00edan revisar todas las casu\u00edsticas para que a futuro no haya penalizaciones por este tipo de cuestiones.<\/p>\n<p style=\"text-align: justify;\">Finalmente,<span style=\"color: #ff0000;\"><strong> UGT<\/strong><\/span>, insiste en que los distintos Planes de Incentivos deben basar sus modelos en el Est\u00e1ndar de Condiciones Laborales, y en caso de ausencias o bajas m\u00e9dicas se deben adaptar tanto los objetivos como las bolsas de forma proporcional.<\/p>\n<ul style=\"text-align: justify;\">\n<li><strong><u>Turnos Fusi\u00f3n Digital<\/u><\/strong><\/li>\n<\/ul>\n<p style=\"text-align: justify;\">En cuanto a los turnos de Fusi\u00f3n Digital (antes MFE \u2013 Movistar Fusi\u00f3n Empresas), la empresa acepta la revisi\u00f3n de estos despu\u00e9s de un a\u00f1o en el que <span style=\"color: #ff0000;\"><strong>UGT<\/strong><\/span> lleva solicitando al \u00e1rea la mejora los mismos.<\/p>\n<p style=\"text-align: justify;\">En Fusi\u00f3n Digital se pueden catalogar cuatro modelos de actividad que, aunque son similares tienen casu\u00edsticas diferentes. Por ello, hemos logrado una mejora en los mismos, incorporando el P3 y el M, quedando los turnos como os mostramos:<\/p>\n<p style=\"text-align: justify;\"><strong>P1<\/strong> \u00e0 9:00 a 14:00 horas \/ 15:30 a 18:00 horas, con flexibilidad para hacer\u00a0\u00a0\u00a0 de 9:30 a 14:30 horas<\/p>\n<p style=\"text-align: justify;\"><strong>P2<\/strong> \u00e0 9:00 a 14:00 horas\/15:00 a 17:30 horas<\/p>\n<p style=\"text-align: justify;\"><strong>P3 <\/strong>\u00e0 Entrada entre las 8:30 y las 9:00 horas y salida a partir de las 17:00 horas, con descanso de una hora m\u00ednimo para comer a elegir entre las 14:00h y las 16:00h.<\/p>\n<p style=\"text-align: justify;\"><strong>M <\/strong>\u00e0 Entrada entre las 7:30 a 9:00 horas y salida entre las 15:00 y las 16:30 horas<\/p>\n<p style=\"text-align: justify;\">Quedando conformado de la siguiente manera en funci\u00f3n de su actividad:<\/p>\n<ul style=\"text-align: justify;\">\n<li><strong>Gesti\u00f3n de Pedidos FD. Se implanta el turno P3 para todas las personas. <\/strong>Lo conformar\u00e1n 16 personas que ya estaban en este equipo, junto con otro grupo de 9 personas que realizan esta actividad, pero con turno de partida de convenio.<\/li>\n<\/ul>\n<ul style=\"text-align: justify;\">\n<li><strong>Atenci\u00f3n de llamadas entrantes sobre pedidos de FD en vuelo, de clientes, t\u00e9cnicos y comerciales<\/strong> (conformado por 7 personas que ya realizan esta actividad).<\/li>\n<\/ul>\n<p style=\"text-align: justify;\"><img decoding=\"async\" class=\"aligncenter wp-image-1065036 size-full lazyload\" data-src=\"https:\/\/www.ugtcomunicaciones.es\/wordpress\/wp-content\/uploads\/2023\/06\/carrera_2.jpg\" alt=\"\" width=\"336\" height=\"81\" data-srcset=\"https:\/\/www.ugtcomunicaciones.es\/wordpress\/wp-content\/uploads\/2023\/06\/carrera_2.jpg 336w, https:\/\/www.ugtcomunicaciones.es\/wordpress\/wp-content\/uploads\/2023\/06\/carrera_2-300x72.jpg 300w\" data-sizes=\"(max-width: 336px) 100vw, 336px\" src=\"data:image\/svg+xml;base64,PHN2ZyB3aWR0aD0iMSIgaGVpZ2h0PSIxIiB4bWxucz0iaHR0cDovL3d3dy53My5vcmcvMjAwMC9zdmciPjwvc3ZnPg==\" style=\"--smush-placeholder-width: 336px; --smush-placeholder-aspect-ratio: 336\/81;\" \/><\/p>\n<p style=\"text-align: justify;\"><span style=\"color: #ff0000;\"><strong>UGT <\/strong><\/span>valora positivamente que se mejoren los turnos tras nuestra insistencia durante el a\u00f1o anterior, aunque consideramos que a\u00fan hay recorrido de mejora con f\u00f3rmulas que pueden llevar a un equilibrio entre la actividad y la conciliaci\u00f3n, utilizando recursos como el teletrabajo por la tarde en el turno partido, mayor flexibilidad de entrada, o instaurar procesos de gesti\u00f3n en la interacci\u00f3n con el cliente que deriven a f\u00f3rmulas m\u00e1s digitales.<\/p>\n<p style=\"text-align: justify;\"><span style=\"color: #ff0000;\"><strong>UGT<\/strong><\/span> solicita para todo este colectivo que los viernes y los meses de julio y agosto se realice <strong>jornada de ma\u00f1ana, <\/strong>a lo que la empresa accede a <strong>los viernes y mes de agosto<\/strong>.<\/p>\n<p style=\"text-align: justify;\"><span style=\"color: #ff0000;\"><strong>UGT<\/strong><\/span> considera importante <strong>apostar por la movilidad entre los grupos<\/strong>, ya sea por preferencia de la actividad como de los turnos y <strong>solicita a la empresa que se siga trabajando en la mejora y revisi\u00f3n de los turnos de manera continua<\/strong>, <strong>garantizando la flexibilidad<\/strong> de entrada hasta las 9.30 horas para facilitar la conciliaci\u00f3n y la corresponsabilidad y que se traten con cautela los casos particulares.<\/p>\n","protected":false},"excerpt":{"rendered":"<p>Resultados carrera comercial y nuevos turnos fusi\u00f3n digital Hoy se ha celebrado la veinteava Reuni\u00f3n de la Comisi\u00f3n Interempresas de \u00c1reas Comerciales en la que se han tratado los siguientes temas: Resultados Carrera Comercial 2022 Una vez finalizadas las conversaciones para crecer, y con los datos de cierre de los resultados comerciales del a\u00f1o 2022, [&hellip;]<\/p>\n","protected":false},"author":3,"featured_media":1065037,"comment_status":"closed","ping_status":"closed","sticky":false,"template":"","format":"standard","meta":{"footnotes":""},"categories":[8,25,7,26],"tags":[],"class_list":["post-1065034","post","type-post","status-publish","format-standard","has-post-thumbnail","hentry","category-telefonica-cev","category-telefonica","category-telefonica-moviles","category-telefonica-soluciones"],"yoast_head":"<!-- This site is optimized with the Yoast SEO Premium plugin v27.3 (Yoast SEO v27.4) - https:\/\/yoast.com\/product\/yoast-seo-premium-wordpress\/ -->\n<title>XX Reuni\u00f3n Comisi\u00f3n Interempresas de \u00c1reas Comerciales - UGT Comunicaciones<\/title>\n<meta name=\"robots\" content=\"index, follow, max-snippet:-1, max-image-preview:large, max-video-preview:-1\" \/>\n<link rel=\"canonical\" href=\"https:\/\/www.ugtcomunicaciones.es\/wordpress\/xx-reunion-comision-interempresas-de-areas-comerciales\/\" \/>\n<meta property=\"og:locale\" content=\"es_ES\" \/>\n<meta property=\"og:type\" content=\"article\" \/>\n<meta property=\"og:title\" content=\"XX Reuni\u00f3n Comisi\u00f3n Interempresas de \u00c1reas Comerciales\" \/>\n<meta property=\"og:description\" content=\"Resultados carrera comercial y nuevos turnos fusi\u00f3n digital Hoy se ha celebrado la veinteava Reuni\u00f3n de la Comisi\u00f3n Interempresas de \u00c1reas Comerciales en la que se han tratado los siguientes temas: Resultados Carrera Comercial 2022 Una vez finalizadas las conversaciones para crecer, y con los datos de cierre de los resultados comerciales del a\u00f1o 2022, [&hellip;]\" \/>\n<meta property=\"og:url\" content=\"https:\/\/www.ugtcomunicaciones.es\/wordpress\/xx-reunion-comision-interempresas-de-areas-comerciales\/\" \/>\n<meta property=\"og:site_name\" content=\"UGT Comunicaciones\" \/>\n<meta property=\"article:publisher\" content=\"https:\/\/www.facebook.com\/ugt.comunicaciones\/\" \/>\n<meta property=\"article:published_time\" content=\"2023-06-08T08:03:16+00:00\" \/>\n<meta property=\"article:modified_time\" content=\"2023-09-01T10:23:52+00:00\" \/>\n<meta property=\"og:image\" content=\"https:\/\/www.ugtcomunicaciones.es\/wordpress\/wp-content\/uploads\/2023\/06\/wooden-table-product-background-scaled.jpg\" \/>\n\t<meta property=\"og:image:width\" content=\"2560\" \/>\n\t<meta property=\"og:image:height\" content=\"1430\" \/>\n\t<meta property=\"og:image:type\" content=\"image\/jpeg\" \/>\n<meta name=\"author\" content=\"UGT\" \/>\n<meta name=\"twitter:card\" content=\"summary_large_image\" \/>\n<meta name=\"twitter:creator\" content=\"@ugtcom\" \/>\n<meta name=\"twitter:site\" content=\"@ugtcom\" \/>\n<meta name=\"twitter:label1\" content=\"Escrito por\" \/>\n\t<meta name=\"twitter:data1\" content=\"UGT\" \/>\n\t<meta name=\"twitter:label2\" content=\"Tiempo de lectura\" \/>\n\t<meta name=\"twitter:data2\" content=\"5 minutos\" \/>\n<script type=\"application\/ld+json\" class=\"yoast-schema-graph\">{\"@context\":\"https:\\\/\\\/schema.org\",\"@graph\":[{\"@type\":\"Article\",\"@id\":\"https:\\\/\\\/www.ugtcomunicaciones.es\\\/wordpress\\\/xx-reunion-comision-interempresas-de-areas-comerciales\\\/#article\",\"isPartOf\":{\"@id\":\"https:\\\/\\\/www.ugtcomunicaciones.es\\\/wordpress\\\/xx-reunion-comision-interempresas-de-areas-comerciales\\\/\"},\"author\":{\"name\":\"UGT\",\"@id\":\"https:\\\/\\\/www.ugtcomunicaciones.es\\\/wordpress\\\/#\\\/schema\\\/person\\\/eba0fc3fe5b444531d94d4368cba89ed\"},\"headline\":\"XX Reuni\u00f3n Comisi\u00f3n Interempresas de \u00c1reas Comerciales\",\"datePublished\":\"2023-06-08T08:03:16+00:00\",\"dateModified\":\"2023-09-01T10:23:52+00:00\",\"mainEntityOfPage\":{\"@id\":\"https:\\\/\\\/www.ugtcomunicaciones.es\\\/wordpress\\\/xx-reunion-comision-interempresas-de-areas-comerciales\\\/\"},\"wordCount\":921,\"publisher\":{\"@id\":\"https:\\\/\\\/www.ugtcomunicaciones.es\\\/wordpress\\\/#organization\"},\"image\":{\"@id\":\"https:\\\/\\\/www.ugtcomunicaciones.es\\\/wordpress\\\/xx-reunion-comision-interempresas-de-areas-comerciales\\\/#primaryimage\"},\"thumbnailUrl\":\"https:\\\/\\\/www.ugtcomunicaciones.es\\\/wordpress\\\/wp-content\\\/uploads\\\/2023\\\/06\\\/wooden-table-product-background-scaled.jpg\",\"articleSection\":[\"Telef\u00f3nica CEV\",\"Telef\u00f3nica de Espa\u00f1a\",\"Telef\u00f3nica M\u00f3viles\",\"Telef\u00f3nica Soluciones\"],\"inLanguage\":\"es\"},{\"@type\":\"WebPage\",\"@id\":\"https:\\\/\\\/www.ugtcomunicaciones.es\\\/wordpress\\\/xx-reunion-comision-interempresas-de-areas-comerciales\\\/\",\"url\":\"https:\\\/\\\/www.ugtcomunicaciones.es\\\/wordpress\\\/xx-reunion-comision-interempresas-de-areas-comerciales\\\/\",\"name\":\"XX Reuni\u00f3n Comisi\u00f3n Interempresas de \u00c1reas Comerciales - UGT Comunicaciones\",\"isPartOf\":{\"@id\":\"https:\\\/\\\/www.ugtcomunicaciones.es\\\/wordpress\\\/#website\"},\"primaryImageOfPage\":{\"@id\":\"https:\\\/\\\/www.ugtcomunicaciones.es\\\/wordpress\\\/xx-reunion-comision-interempresas-de-areas-comerciales\\\/#primaryimage\"},\"image\":{\"@id\":\"https:\\\/\\\/www.ugtcomunicaciones.es\\\/wordpress\\\/xx-reunion-comision-interempresas-de-areas-comerciales\\\/#primaryimage\"},\"thumbnailUrl\":\"https:\\\/\\\/www.ugtcomunicaciones.es\\\/wordpress\\\/wp-content\\\/uploads\\\/2023\\\/06\\\/wooden-table-product-background-scaled.jpg\",\"datePublished\":\"2023-06-08T08:03:16+00:00\",\"dateModified\":\"2023-09-01T10:23:52+00:00\",\"breadcrumb\":{\"@id\":\"https:\\\/\\\/www.ugtcomunicaciones.es\\\/wordpress\\\/xx-reunion-comision-interempresas-de-areas-comerciales\\\/#breadcrumb\"},\"inLanguage\":\"es\",\"potentialAction\":[{\"@type\":\"ReadAction\",\"target\":[\"https:\\\/\\\/www.ugtcomunicaciones.es\\\/wordpress\\\/xx-reunion-comision-interempresas-de-areas-comerciales\\\/\"]}]},{\"@type\":\"ImageObject\",\"inLanguage\":\"es\",\"@id\":\"https:\\\/\\\/www.ugtcomunicaciones.es\\\/wordpress\\\/xx-reunion-comision-interempresas-de-areas-comerciales\\\/#primaryimage\",\"url\":\"https:\\\/\\\/www.ugtcomunicaciones.es\\\/wordpress\\\/wp-content\\\/uploads\\\/2023\\\/06\\\/wooden-table-product-background-scaled.jpg\",\"contentUrl\":\"https:\\\/\\\/www.ugtcomunicaciones.es\\\/wordpress\\\/wp-content\\\/uploads\\\/2023\\\/06\\\/wooden-table-product-background-scaled.jpg\",\"width\":2560,\"height\":1430,\"caption\":\"Wooden table in a meeting room\"},{\"@type\":\"BreadcrumbList\",\"@id\":\"https:\\\/\\\/www.ugtcomunicaciones.es\\\/wordpress\\\/xx-reunion-comision-interempresas-de-areas-comerciales\\\/#breadcrumb\",\"itemListElement\":[{\"@type\":\"ListItem\",\"position\":1,\"name\":\"Portada\",\"item\":\"https:\\\/\\\/www.ugtcomunicaciones.es\\\/wordpress\\\/\"},{\"@type\":\"ListItem\",\"position\":2,\"name\":\"XX Reuni\u00f3n Comisi\u00f3n Interempresas de \u00c1reas Comerciales\"}]},{\"@type\":\"WebSite\",\"@id\":\"https:\\\/\\\/www.ugtcomunicaciones.es\\\/wordpress\\\/#website\",\"url\":\"https:\\\/\\\/www.ugtcomunicaciones.es\\\/wordpress\\\/\",\"name\":\"UGT Comunicaciones\",\"description\":\"Sindicato de Telecomunicaciones\",\"publisher\":{\"@id\":\"https:\\\/\\\/www.ugtcomunicaciones.es\\\/wordpress\\\/#organization\"},\"potentialAction\":[{\"@type\":\"SearchAction\",\"target\":{\"@type\":\"EntryPoint\",\"urlTemplate\":\"https:\\\/\\\/www.ugtcomunicaciones.es\\\/wordpress\\\/?s={search_term_string}\"},\"query-input\":{\"@type\":\"PropertyValueSpecification\",\"valueRequired\":true,\"valueName\":\"search_term_string\"}}],\"inLanguage\":\"es\"},{\"@type\":\"Organization\",\"@id\":\"https:\\\/\\\/www.ugtcomunicaciones.es\\\/wordpress\\\/#organization\",\"name\":\"UGT Comunicaciones\",\"url\":\"https:\\\/\\\/www.ugtcomunicaciones.es\\\/wordpress\\\/\",\"logo\":{\"@type\":\"ImageObject\",\"inLanguage\":\"es\",\"@id\":\"https:\\\/\\\/www.ugtcomunicaciones.es\\\/wordpress\\\/#\\\/schema\\\/logo\\\/image\\\/\",\"url\":\"https:\\\/\\\/www.ugtcomunicaciones.es\\\/wordpress\\\/wp-content\\\/uploads\\\/2024\\\/04\\\/comunicaciones_logo.png\",\"contentUrl\":\"https:\\\/\\\/www.ugtcomunicaciones.es\\\/wordpress\\\/wp-content\\\/uploads\\\/2024\\\/04\\\/comunicaciones_logo.png\",\"width\":298,\"height\":81,\"caption\":\"UGT Comunicaciones\"},\"image\":{\"@id\":\"https:\\\/\\\/www.ugtcomunicaciones.es\\\/wordpress\\\/#\\\/schema\\\/logo\\\/image\\\/\"},\"sameAs\":[\"https:\\\/\\\/www.facebook.com\\\/ugt.comunicaciones\\\/\",\"https:\\\/\\\/x.com\\\/ugtcom\"]},{\"@type\":\"Person\",\"@id\":\"https:\\\/\\\/www.ugtcomunicaciones.es\\\/wordpress\\\/#\\\/schema\\\/person\\\/eba0fc3fe5b444531d94d4368cba89ed\",\"name\":\"UGT\",\"image\":{\"@type\":\"ImageObject\",\"inLanguage\":\"es\",\"@id\":\"https:\\\/\\\/secure.gravatar.com\\\/avatar\\\/2a16057d620a4c646bcfc171c4f23030879ebbdd346f0525bd5d4a564e57e13d?s=96&d=mm&r=g\",\"url\":\"https:\\\/\\\/secure.gravatar.com\\\/avatar\\\/2a16057d620a4c646bcfc171c4f23030879ebbdd346f0525bd5d4a564e57e13d?s=96&d=mm&r=g\",\"contentUrl\":\"https:\\\/\\\/secure.gravatar.com\\\/avatar\\\/2a16057d620a4c646bcfc171c4f23030879ebbdd346f0525bd5d4a564e57e13d?s=96&d=mm&r=g\",\"caption\":\"UGT\"}}]}<\/script>\n<!-- \/ Yoast SEO Premium plugin. -->","yoast_head_json":{"title":"XX Reuni\u00f3n Comisi\u00f3n Interempresas de \u00c1reas Comerciales - UGT Comunicaciones","robots":{"index":"index","follow":"follow","max-snippet":"max-snippet:-1","max-image-preview":"max-image-preview:large","max-video-preview":"max-video-preview:-1"},"canonical":"https:\/\/www.ugtcomunicaciones.es\/wordpress\/xx-reunion-comision-interempresas-de-areas-comerciales\/","og_locale":"es_ES","og_type":"article","og_title":"XX Reuni\u00f3n Comisi\u00f3n Interempresas de \u00c1reas Comerciales","og_description":"Resultados carrera comercial y nuevos turnos fusi\u00f3n digital Hoy se ha celebrado la veinteava Reuni\u00f3n de la Comisi\u00f3n Interempresas de \u00c1reas Comerciales en la que se han tratado los siguientes temas: Resultados Carrera Comercial 2022 Una vez finalizadas las conversaciones para crecer, y con los datos de cierre de los resultados comerciales del a\u00f1o 2022, [&hellip;]","og_url":"https:\/\/www.ugtcomunicaciones.es\/wordpress\/xx-reunion-comision-interempresas-de-areas-comerciales\/","og_site_name":"UGT Comunicaciones","article_publisher":"https:\/\/www.facebook.com\/ugt.comunicaciones\/","article_published_time":"2023-06-08T08:03:16+00:00","article_modified_time":"2023-09-01T10:23:52+00:00","og_image":[{"width":2560,"height":1430,"url":"https:\/\/www.ugtcomunicaciones.es\/wordpress\/wp-content\/uploads\/2023\/06\/wooden-table-product-background-scaled.jpg","type":"image\/jpeg"}],"author":"UGT","twitter_card":"summary_large_image","twitter_creator":"@ugtcom","twitter_site":"@ugtcom","twitter_misc":{"Escrito por":"UGT","Tiempo de lectura":"5 minutos"},"schema":{"@context":"https:\/\/schema.org","@graph":[{"@type":"Article","@id":"https:\/\/www.ugtcomunicaciones.es\/wordpress\/xx-reunion-comision-interempresas-de-areas-comerciales\/#article","isPartOf":{"@id":"https:\/\/www.ugtcomunicaciones.es\/wordpress\/xx-reunion-comision-interempresas-de-areas-comerciales\/"},"author":{"name":"UGT","@id":"https:\/\/www.ugtcomunicaciones.es\/wordpress\/#\/schema\/person\/eba0fc3fe5b444531d94d4368cba89ed"},"headline":"XX Reuni\u00f3n Comisi\u00f3n Interempresas de \u00c1reas Comerciales","datePublished":"2023-06-08T08:03:16+00:00","dateModified":"2023-09-01T10:23:52+00:00","mainEntityOfPage":{"@id":"https:\/\/www.ugtcomunicaciones.es\/wordpress\/xx-reunion-comision-interempresas-de-areas-comerciales\/"},"wordCount":921,"publisher":{"@id":"https:\/\/www.ugtcomunicaciones.es\/wordpress\/#organization"},"image":{"@id":"https:\/\/www.ugtcomunicaciones.es\/wordpress\/xx-reunion-comision-interempresas-de-areas-comerciales\/#primaryimage"},"thumbnailUrl":"https:\/\/www.ugtcomunicaciones.es\/wordpress\/wp-content\/uploads\/2023\/06\/wooden-table-product-background-scaled.jpg","articleSection":["Telef\u00f3nica CEV","Telef\u00f3nica de Espa\u00f1a","Telef\u00f3nica M\u00f3viles","Telef\u00f3nica Soluciones"],"inLanguage":"es"},{"@type":"WebPage","@id":"https:\/\/www.ugtcomunicaciones.es\/wordpress\/xx-reunion-comision-interempresas-de-areas-comerciales\/","url":"https:\/\/www.ugtcomunicaciones.es\/wordpress\/xx-reunion-comision-interempresas-de-areas-comerciales\/","name":"XX Reuni\u00f3n Comisi\u00f3n Interempresas de \u00c1reas Comerciales - UGT Comunicaciones","isPartOf":{"@id":"https:\/\/www.ugtcomunicaciones.es\/wordpress\/#website"},"primaryImageOfPage":{"@id":"https:\/\/www.ugtcomunicaciones.es\/wordpress\/xx-reunion-comision-interempresas-de-areas-comerciales\/#primaryimage"},"image":{"@id":"https:\/\/www.ugtcomunicaciones.es\/wordpress\/xx-reunion-comision-interempresas-de-areas-comerciales\/#primaryimage"},"thumbnailUrl":"https:\/\/www.ugtcomunicaciones.es\/wordpress\/wp-content\/uploads\/2023\/06\/wooden-table-product-background-scaled.jpg","datePublished":"2023-06-08T08:03:16+00:00","dateModified":"2023-09-01T10:23:52+00:00","breadcrumb":{"@id":"https:\/\/www.ugtcomunicaciones.es\/wordpress\/xx-reunion-comision-interempresas-de-areas-comerciales\/#breadcrumb"},"inLanguage":"es","potentialAction":[{"@type":"ReadAction","target":["https:\/\/www.ugtcomunicaciones.es\/wordpress\/xx-reunion-comision-interempresas-de-areas-comerciales\/"]}]},{"@type":"ImageObject","inLanguage":"es","@id":"https:\/\/www.ugtcomunicaciones.es\/wordpress\/xx-reunion-comision-interempresas-de-areas-comerciales\/#primaryimage","url":"https:\/\/www.ugtcomunicaciones.es\/wordpress\/wp-content\/uploads\/2023\/06\/wooden-table-product-background-scaled.jpg","contentUrl":"https:\/\/www.ugtcomunicaciones.es\/wordpress\/wp-content\/uploads\/2023\/06\/wooden-table-product-background-scaled.jpg","width":2560,"height":1430,"caption":"Wooden table in a meeting room"},{"@type":"BreadcrumbList","@id":"https:\/\/www.ugtcomunicaciones.es\/wordpress\/xx-reunion-comision-interempresas-de-areas-comerciales\/#breadcrumb","itemListElement":[{"@type":"ListItem","position":1,"name":"Portada","item":"https:\/\/www.ugtcomunicaciones.es\/wordpress\/"},{"@type":"ListItem","position":2,"name":"XX Reuni\u00f3n Comisi\u00f3n Interempresas de \u00c1reas Comerciales"}]},{"@type":"WebSite","@id":"https:\/\/www.ugtcomunicaciones.es\/wordpress\/#website","url":"https:\/\/www.ugtcomunicaciones.es\/wordpress\/","name":"UGT Comunicaciones","description":"Sindicato de Telecomunicaciones","publisher":{"@id":"https:\/\/www.ugtcomunicaciones.es\/wordpress\/#organization"},"potentialAction":[{"@type":"SearchAction","target":{"@type":"EntryPoint","urlTemplate":"https:\/\/www.ugtcomunicaciones.es\/wordpress\/?s={search_term_string}"},"query-input":{"@type":"PropertyValueSpecification","valueRequired":true,"valueName":"search_term_string"}}],"inLanguage":"es"},{"@type":"Organization","@id":"https:\/\/www.ugtcomunicaciones.es\/wordpress\/#organization","name":"UGT Comunicaciones","url":"https:\/\/www.ugtcomunicaciones.es\/wordpress\/","logo":{"@type":"ImageObject","inLanguage":"es","@id":"https:\/\/www.ugtcomunicaciones.es\/wordpress\/#\/schema\/logo\/image\/","url":"https:\/\/www.ugtcomunicaciones.es\/wordpress\/wp-content\/uploads\/2024\/04\/comunicaciones_logo.png","contentUrl":"https:\/\/www.ugtcomunicaciones.es\/wordpress\/wp-content\/uploads\/2024\/04\/comunicaciones_logo.png","width":298,"height":81,"caption":"UGT Comunicaciones"},"image":{"@id":"https:\/\/www.ugtcomunicaciones.es\/wordpress\/#\/schema\/logo\/image\/"},"sameAs":["https:\/\/www.facebook.com\/ugt.comunicaciones\/","https:\/\/x.com\/ugtcom"]},{"@type":"Person","@id":"https:\/\/www.ugtcomunicaciones.es\/wordpress\/#\/schema\/person\/eba0fc3fe5b444531d94d4368cba89ed","name":"UGT","image":{"@type":"ImageObject","inLanguage":"es","@id":"https:\/\/secure.gravatar.com\/avatar\/2a16057d620a4c646bcfc171c4f23030879ebbdd346f0525bd5d4a564e57e13d?s=96&d=mm&r=g","url":"https:\/\/secure.gravatar.com\/avatar\/2a16057d620a4c646bcfc171c4f23030879ebbdd346f0525bd5d4a564e57e13d?s=96&d=mm&r=g","contentUrl":"https:\/\/secure.gravatar.com\/avatar\/2a16057d620a4c646bcfc171c4f23030879ebbdd346f0525bd5d4a564e57e13d?s=96&d=mm&r=g","caption":"UGT"}}]}},"_links":{"self":[{"href":"https:\/\/www.ugtcomunicaciones.es\/wordpress\/wp-json\/wp\/v2\/posts\/1065034","targetHints":{"allow":["GET"]}}],"collection":[{"href":"https:\/\/www.ugtcomunicaciones.es\/wordpress\/wp-json\/wp\/v2\/posts"}],"about":[{"href":"https:\/\/www.ugtcomunicaciones.es\/wordpress\/wp-json\/wp\/v2\/types\/post"}],"author":[{"embeddable":true,"href":"https:\/\/www.ugtcomunicaciones.es\/wordpress\/wp-json\/wp\/v2\/users\/3"}],"replies":[{"embeddable":true,"href":"https:\/\/www.ugtcomunicaciones.es\/wordpress\/wp-json\/wp\/v2\/comments?post=1065034"}],"version-history":[{"count":1,"href":"https:\/\/www.ugtcomunicaciones.es\/wordpress\/wp-json\/wp\/v2\/posts\/1065034\/revisions"}],"predecessor-version":[{"id":1065038,"href":"https:\/\/www.ugtcomunicaciones.es\/wordpress\/wp-json\/wp\/v2\/posts\/1065034\/revisions\/1065038"}],"wp:featuredmedia":[{"embeddable":true,"href":"https:\/\/www.ugtcomunicaciones.es\/wordpress\/wp-json\/wp\/v2\/media\/1065037"}],"wp:attachment":[{"href":"https:\/\/www.ugtcomunicaciones.es\/wordpress\/wp-json\/wp\/v2\/media?parent=1065034"}],"wp:term":[{"taxonomy":"category","embeddable":true,"href":"https:\/\/www.ugtcomunicaciones.es\/wordpress\/wp-json\/wp\/v2\/categories?post=1065034"},{"taxonomy":"post_tag","embeddable":true,"href":"https:\/\/www.ugtcomunicaciones.es\/wordpress\/wp-json\/wp\/v2\/tags?post=1065034"}],"curies":[{"name":"wp","href":"https:\/\/api.w.org\/{rel}","templated":true}]}}