{"id":1066289,"date":"2023-09-08T00:00:30","date_gmt":"2023-09-07T22:00:30","guid":{"rendered":"https:\/\/www.ugtcomunicaciones.es\/wordpress\/?p=1066289"},"modified":"2023-09-08T09:27:56","modified_gmt":"2023-09-08T07:27:56","slug":"mercado-telecos-junio-2023","status":"publish","type":"post","link":"https:\/\/www.ugtcomunicaciones.es\/wordpress\/mercado-telecos-junio-2023\/","title":{"rendered":"Mercado Telecos junio 2023: Vodafone lidera la BAM y Movistar destaca en la BAF"},"content":{"rendered":"<h4 style=\"text-align: justify;\">La entrada en el verano no trae algunas novedades y la confirmaci\u00f3n de viejas tendencias. En este \u00faltimo caso, como las OMV pr\u00e1cticamente arrasan en todas las l\u00edneas de negocio, salvo en la BAM, donde Vodafone da el do de pecho. Tambi\u00e9n <a href=\"https:\/\/www.movistar.es\/\" target=\"_blank\" rel=\"noopener\">Movistar<\/a> destaca en la BAF, mientras que <a href=\"https:\/\/www.orange.es\/\" target=\"_blank\" rel=\"noopener\">Orange<\/a> y <a href=\"https:\/\/www.masmovil.es\/\" target=\"_blank\" rel=\"noopener\">M\u00e1sM\u00f3vil<\/a> dan una cal y otra de arena.<\/h4>\n<p style=\"text-align: justify;\"><strong>Panor\u00e1mica general<\/strong><\/p>\n<p style=\"text-align: justify;\">Todas las l\u00edneas de negocio mejoran las cifras de mayo, incluso el tradicional declive de la telefon\u00eda fija se amortigua un poco. La BAF, aunque con menor volumen que en mayo, mejor una d\u00e9cima su trayectoria interanual.<\/p>\n<p style=\"text-align: justify;\"><img decoding=\"async\" class=\"aligncenter wp-image-1066304 size-full lazyload\" data-src=\"https:\/\/www.ugtcomunicaciones.es\/wordpress\/wp-content\/uploads\/2023\/08\/Telecos_01.jpg\" alt=\"\" width=\"907\" height=\"405\" data-srcset=\"https:\/\/www.ugtcomunicaciones.es\/wordpress\/wp-content\/uploads\/2023\/08\/Telecos_01.jpg 907w, https:\/\/www.ugtcomunicaciones.es\/wordpress\/wp-content\/uploads\/2023\/08\/Telecos_01-300x134.jpg 300w, https:\/\/www.ugtcomunicaciones.es\/wordpress\/wp-content\/uploads\/2023\/08\/Telecos_01-768x343.jpg 768w, https:\/\/www.ugtcomunicaciones.es\/wordpress\/wp-content\/uploads\/2023\/08\/Telecos_01-640x286.jpg 640w, https:\/\/www.ugtcomunicaciones.es\/wordpress\/wp-content\/uploads\/2023\/08\/Telecos_01-681x304.jpg 681w\" data-sizes=\"(max-width: 907px) 100vw, 907px\" src=\"data:image\/svg+xml;base64,PHN2ZyB3aWR0aD0iMSIgaGVpZ2h0PSIxIiB4bWxucz0iaHR0cDovL3d3dy53My5vcmcvMjAwMC9zdmciPjwvc3ZnPg==\" style=\"--smush-placeholder-width: 907px; --smush-placeholder-aspect-ratio: 907\/405;\" \/><\/p>\n<p style=\"text-align: justify;\"><strong>Mercado de banda ancha fija<\/strong><\/p>\n<ol style=\"text-align: justify;\">\n<li><strong> Comportamiento mensual BAF<\/strong><\/li>\n<\/ol>\n<p style=\"text-align: justify;\">Otro mes marcado por la acaparaci\u00f3n de las OMV, que si bien rebajan algo su captaci\u00f3n (de las casi 50.000 altas netas de mayo a los 40.000 de este mes), siguen imparables. Otro buen mes de Movistar, calcando las cifras de mayo. Orange agudiza sus p\u00e9rdidas, M\u00e1sM\u00f3vil modera sus ganancias y Vodafone repite sus malos datos de mayo:<\/p>\n<p><img decoding=\"async\" class=\"aligncenter wp-image-1066303 size-full lazyload\" data-src=\"https:\/\/www.ugtcomunicaciones.es\/wordpress\/wp-content\/uploads\/2023\/08\/Telecos_02.jpg\" alt=\"\" width=\"635\" height=\"317\" data-srcset=\"https:\/\/www.ugtcomunicaciones.es\/wordpress\/wp-content\/uploads\/2023\/08\/Telecos_02.jpg 635w, https:\/\/www.ugtcomunicaciones.es\/wordpress\/wp-content\/uploads\/2023\/08\/Telecos_02-300x150.jpg 300w\" data-sizes=\"(max-width: 635px) 100vw, 635px\" src=\"data:image\/svg+xml;base64,PHN2ZyB3aWR0aD0iMSIgaGVpZ2h0PSIxIiB4bWxucz0iaHR0cDovL3d3dy53My5vcmcvMjAwMC9zdmciPjwvc3ZnPg==\" style=\"--smush-placeholder-width: 635px; --smush-placeholder-aspect-ratio: 635\/317;\" \/><\/p>\n<p style=\"text-align: justify;\">Cuotas de mercado: Sin apenas cambios, pero se nota la velocidad de crucero de las OMV.<\/p>\n<p style=\"text-align: justify;\"><img decoding=\"async\" class=\"aligncenter wp-image-1066302 size-full lazyload\" data-src=\"https:\/\/www.ugtcomunicaciones.es\/wordpress\/wp-content\/uploads\/2023\/08\/Telecos_03.jpg\" alt=\"\" width=\"582\" height=\"291\" data-srcset=\"https:\/\/www.ugtcomunicaciones.es\/wordpress\/wp-content\/uploads\/2023\/08\/Telecos_03.jpg 582w, https:\/\/www.ugtcomunicaciones.es\/wordpress\/wp-content\/uploads\/2023\/08\/Telecos_03-300x150.jpg 300w\" data-sizes=\"(max-width: 582px) 100vw, 582px\" src=\"data:image\/svg+xml;base64,PHN2ZyB3aWR0aD0iMSIgaGVpZ2h0PSIxIiB4bWxucz0iaHR0cDovL3d3dy53My5vcmcvMjAwMC9zdmciPjwvc3ZnPg==\" style=\"--smush-placeholder-width: 582px; --smush-placeholder-aspect-ratio: 582\/291;\" \/><\/p>\n<ol style=\"text-align: justify;\" start=\"2\">\n<li><strong> Comportamiento anual BAF<\/strong><\/li>\n<\/ol>\n<p style=\"text-align: justify;\">Solo Vodafone sigue en rojo, mientras el resto mejora su perspectiva, con unas OMV que asombran con su rendimiento:<\/p>\n<p style=\"text-align: justify;\"><img decoding=\"async\" class=\"aligncenter wp-image-1066301 size-full lazyload\" data-src=\"https:\/\/www.ugtcomunicaciones.es\/wordpress\/wp-content\/uploads\/2023\/08\/Telecos_04.jpg\" alt=\"\" width=\"630\" height=\"412\" data-srcset=\"https:\/\/www.ugtcomunicaciones.es\/wordpress\/wp-content\/uploads\/2023\/08\/Telecos_04.jpg 630w, https:\/\/www.ugtcomunicaciones.es\/wordpress\/wp-content\/uploads\/2023\/08\/Telecos_04-300x196.jpg 300w\" data-sizes=\"(max-width: 630px) 100vw, 630px\" src=\"data:image\/svg+xml;base64,PHN2ZyB3aWR0aD0iMSIgaGVpZ2h0PSIxIiB4bWxucz0iaHR0cDovL3d3dy53My5vcmcvMjAwMC9zdmciPjwvc3ZnPg==\" style=\"--smush-placeholder-width: 630px; --smush-placeholder-aspect-ratio: 630\/412;\" \/><\/p>\n<p style=\"text-align: justify;\"><strong>Mercado de telefon\u00eda m\u00f3vil<\/strong><\/p>\n<ol style=\"text-align: justify;\">\n<li><strong> Comportamiento mensual BAM<\/strong><\/li>\n<\/ol>\n<p style=\"text-align: justify;\">Vodafone mejora sus ya excelentes cifras de mayo (1240.000 vs. 101.000), llegando a superar a las invencibles OMV. Orange contin\u00faa en p\u00e9rdidas, aunque mucho menores que en el mes precedente (-13.000). Movistar y M\u00e1sM\u00f3vil multiplican sus altas netas con respecto a mayo:<\/p>\n<p><img decoding=\"async\" class=\"aligncenter wp-image-1066300 size-full lazyload\" data-src=\"https:\/\/www.ugtcomunicaciones.es\/wordpress\/wp-content\/uploads\/2023\/08\/Telecos_05.jpg\" alt=\"\" width=\"623\" height=\"322\" data-srcset=\"https:\/\/www.ugtcomunicaciones.es\/wordpress\/wp-content\/uploads\/2023\/08\/Telecos_05.jpg 623w, https:\/\/www.ugtcomunicaciones.es\/wordpress\/wp-content\/uploads\/2023\/08\/Telecos_05-300x155.jpg 300w\" data-sizes=\"(max-width: 623px) 100vw, 623px\" src=\"data:image\/svg+xml;base64,PHN2ZyB3aWR0aD0iMSIgaGVpZ2h0PSIxIiB4bWxucz0iaHR0cDovL3d3dy53My5vcmcvMjAwMC9zdmciPjwvc3ZnPg==\" style=\"--smush-placeholder-width: 623px; --smush-placeholder-aspect-ratio: 623\/322;\" \/><\/p>\n<p style=\"text-align: justify;\">Cuotas de mercado: Persiste una gran igualdad, con cuatro operadoras en menos de 9 puntos.<\/p>\n<p style=\"text-align: justify;\"><img decoding=\"async\" class=\"aligncenter wp-image-1066299 size-full lazyload\" data-src=\"https:\/\/www.ugtcomunicaciones.es\/wordpress\/wp-content\/uploads\/2023\/08\/Telecos_06.jpg\" alt=\"\" width=\"582\" height=\"290\" data-srcset=\"https:\/\/www.ugtcomunicaciones.es\/wordpress\/wp-content\/uploads\/2023\/08\/Telecos_06.jpg 582w, https:\/\/www.ugtcomunicaciones.es\/wordpress\/wp-content\/uploads\/2023\/08\/Telecos_06-300x149.jpg 300w\" data-sizes=\"(max-width: 582px) 100vw, 582px\" src=\"data:image\/svg+xml;base64,PHN2ZyB3aWR0aD0iMSIgaGVpZ2h0PSIxIiB4bWxucz0iaHR0cDovL3d3dy53My5vcmcvMjAwMC9zdmciPjwvc3ZnPg==\" style=\"--smush-placeholder-width: 582px; --smush-placeholder-aspect-ratio: 582\/290;\" \/><\/p>\n<ol style=\"text-align: justify;\" start=\"2\">\n<li><strong> Comportamiento anual BAM<\/strong><\/li>\n<\/ol>\n<p style=\"text-align: justify;\">La buena trayectoria de Vodafone le permite acercarse a cifras positivas, aunque aun necesite de un \u00faltimo impulso. La l\u00edder indiscutible en este apartado es M\u00e1sM\u00f3vil:<\/p>\n<p style=\"text-align: justify;\"><img decoding=\"async\" class=\"aligncenter wp-image-1066298 size-full lazyload\" data-src=\"https:\/\/www.ugtcomunicaciones.es\/wordpress\/wp-content\/uploads\/2023\/08\/Telecos_07.jpg\" alt=\"\" width=\"633\" height=\"369\" data-srcset=\"https:\/\/www.ugtcomunicaciones.es\/wordpress\/wp-content\/uploads\/2023\/08\/Telecos_07.jpg 633w, https:\/\/www.ugtcomunicaciones.es\/wordpress\/wp-content\/uploads\/2023\/08\/Telecos_07-300x175.jpg 300w\" data-sizes=\"(max-width: 633px) 100vw, 633px\" src=\"data:image\/svg+xml;base64,PHN2ZyB3aWR0aD0iMSIgaGVpZ2h0PSIxIiB4bWxucz0iaHR0cDovL3d3dy53My5vcmcvMjAwMC9zdmciPjwvc3ZnPg==\" style=\"--smush-placeholder-width: 633px; --smush-placeholder-aspect-ratio: 633\/369;\" \/><\/p>\n<ol style=\"text-align: justify;\" start=\"3\">\n<li><strong> Comportamiento mensual telefon\u00eda m\u00f3vil vocal<\/strong><\/li>\n<\/ol>\n<p style=\"text-align: justify;\">S\u00f3lo Movistar muestra un comportamiento negativo. El resto presente ganancias s\u00f3lidas, aunque siempre con las OMV destacando:<\/p>\n<p><img decoding=\"async\" class=\"aligncenter wp-image-1066297 size-full lazyload\" data-src=\"https:\/\/www.ugtcomunicaciones.es\/wordpress\/wp-content\/uploads\/2023\/08\/Telecos_08.jpg\" alt=\"\" width=\"637\" height=\"287\" data-srcset=\"https:\/\/www.ugtcomunicaciones.es\/wordpress\/wp-content\/uploads\/2023\/08\/Telecos_08.jpg 637w, https:\/\/www.ugtcomunicaciones.es\/wordpress\/wp-content\/uploads\/2023\/08\/Telecos_08-300x135.jpg 300w\" data-sizes=\"(max-width: 637px) 100vw, 637px\" src=\"data:image\/svg+xml;base64,PHN2ZyB3aWR0aD0iMSIgaGVpZ2h0PSIxIiB4bWxucz0iaHR0cDovL3d3dy53My5vcmcvMjAwMC9zdmciPjwvc3ZnPg==\" style=\"--smush-placeholder-width: 637px; --smush-placeholder-aspect-ratio: 637\/287;\" \/><\/p>\n<p style=\"text-align: justify;\">Cuotas de mercado: Mucha competencia, igual que en la BAM, aunque en este caso M\u00e1sM\u00f3vil amenaza el puesto de Vodafone.<\/p>\n<p style=\"text-align: justify;\"><strong> <img decoding=\"async\" class=\"aligncenter wp-image-1066296 size-full lazyload\" data-src=\"https:\/\/www.ugtcomunicaciones.es\/wordpress\/wp-content\/uploads\/2023\/08\/Telecos_09.jpg\" alt=\"\" width=\"549\" height=\"267\" data-srcset=\"https:\/\/www.ugtcomunicaciones.es\/wordpress\/wp-content\/uploads\/2023\/08\/Telecos_09.jpg 549w, https:\/\/www.ugtcomunicaciones.es\/wordpress\/wp-content\/uploads\/2023\/08\/Telecos_09-300x146.jpg 300w\" data-sizes=\"(max-width: 549px) 100vw, 549px\" src=\"data:image\/svg+xml;base64,PHN2ZyB3aWR0aD0iMSIgaGVpZ2h0PSIxIiB4bWxucz0iaHR0cDovL3d3dy53My5vcmcvMjAwMC9zdmciPjwvc3ZnPg==\" style=\"--smush-placeholder-width: 549px; --smush-placeholder-aspect-ratio: 549\/267;\" \/><\/strong><\/p>\n<p style=\"text-align: justify;\"><strong>\u00a0<\/strong><strong>\u00a0<\/strong><\/p>\n<ol style=\"text-align: justify;\" start=\"4\">\n<li><strong> Comportamiento anual telefon\u00eda m\u00f3vil vocal<\/strong><\/li>\n<\/ol>\n<p style=\"text-align: justify;\">Orange y Vodafone superan los n\u00fameros rojos y as\u00ed todas las operadoras consiguen una trayectoria interanual positiva:<\/p>\n<p style=\"text-align: justify;\"><img decoding=\"async\" class=\"aligncenter wp-image-1066295 size-full lazyload\" data-src=\"https:\/\/www.ugtcomunicaciones.es\/wordpress\/wp-content\/uploads\/2023\/08\/Telecos_10.jpg\" alt=\"\" width=\"637\" height=\"355\" data-srcset=\"https:\/\/www.ugtcomunicaciones.es\/wordpress\/wp-content\/uploads\/2023\/08\/Telecos_10.jpg 637w, https:\/\/www.ugtcomunicaciones.es\/wordpress\/wp-content\/uploads\/2023\/08\/Telecos_10-300x167.jpg 300w\" data-sizes=\"(max-width: 637px) 100vw, 637px\" src=\"data:image\/svg+xml;base64,PHN2ZyB3aWR0aD0iMSIgaGVpZ2h0PSIxIiB4bWxucz0iaHR0cDovL3d3dy53My5vcmcvMjAwMC9zdmciPjwvc3ZnPg==\" style=\"--smush-placeholder-width: 637px; --smush-placeholder-aspect-ratio: 637\/355;\" \/><\/p>\n<p style=\"text-align: justify;\"><strong>Mercado de Telefon\u00eda Fija vocal<\/strong><\/p>\n<ol style=\"text-align: justify;\">\n<li><strong> Comportamiento mensual telefon\u00eda fija vocal<\/strong><\/li>\n<\/ol>\n<p style=\"text-align: justify;\">Comportamientos que pr\u00e1cticamente replican a los de mayo, sin m\u00e1s novedad que reafirmar el constante poder\u00edo del <em>lowcost<\/em>:<\/p>\n<p><img decoding=\"async\" class=\"aligncenter wp-image-1066294 size-full lazyload\" data-src=\"https:\/\/www.ugtcomunicaciones.es\/wordpress\/wp-content\/uploads\/2023\/08\/Telecos_11.jpg\" alt=\"\" width=\"619\" height=\"272\" data-srcset=\"https:\/\/www.ugtcomunicaciones.es\/wordpress\/wp-content\/uploads\/2023\/08\/Telecos_11.jpg 619w, https:\/\/www.ugtcomunicaciones.es\/wordpress\/wp-content\/uploads\/2023\/08\/Telecos_11-300x132.jpg 300w\" data-sizes=\"(max-width: 619px) 100vw, 619px\" src=\"data:image\/svg+xml;base64,PHN2ZyB3aWR0aD0iMSIgaGVpZ2h0PSIxIiB4bWxucz0iaHR0cDovL3d3dy53My5vcmcvMjAwMC9zdmciPjwvc3ZnPg==\" style=\"--smush-placeholder-width: 619px; --smush-placeholder-aspect-ratio: 619\/272;\" \/><\/p>\n<p>Cuotas de mercado en telefon\u00eda fija: las OMV ya alcanzan el 2%:<\/p>\n<p><img decoding=\"async\" class=\"aligncenter wp-image-1066293 size-full lazyload\" data-src=\"https:\/\/www.ugtcomunicaciones.es\/wordpress\/wp-content\/uploads\/2023\/08\/Telecos_12.jpg\" alt=\"\" width=\"582\" height=\"290\" data-srcset=\"https:\/\/www.ugtcomunicaciones.es\/wordpress\/wp-content\/uploads\/2023\/08\/Telecos_12.jpg 582w, https:\/\/www.ugtcomunicaciones.es\/wordpress\/wp-content\/uploads\/2023\/08\/Telecos_12-300x149.jpg 300w\" data-sizes=\"(max-width: 582px) 100vw, 582px\" src=\"data:image\/svg+xml;base64,PHN2ZyB3aWR0aD0iMSIgaGVpZ2h0PSIxIiB4bWxucz0iaHR0cDovL3d3dy53My5vcmcvMjAwMC9zdmciPjwvc3ZnPg==\" style=\"--smush-placeholder-width: 582px; --smush-placeholder-aspect-ratio: 582\/290;\" \/><\/p>\n<ol style=\"text-align: justify;\" start=\"2\">\n<li><strong> Comportamiento anual telefon\u00eda fija vocal<\/strong><\/li>\n<\/ol>\n<p style=\"text-align: justify;\"><img decoding=\"async\" class=\"aligncenter wp-image-1066292 size-full lazyload\" data-src=\"https:\/\/www.ugtcomunicaciones.es\/wordpress\/wp-content\/uploads\/2023\/08\/Telecos_13.jpg\" alt=\"\" width=\"630\" height=\"412\" data-srcset=\"https:\/\/www.ugtcomunicaciones.es\/wordpress\/wp-content\/uploads\/2023\/08\/Telecos_13.jpg 630w, https:\/\/www.ugtcomunicaciones.es\/wordpress\/wp-content\/uploads\/2023\/08\/Telecos_13-300x196.jpg 300w\" data-sizes=\"(max-width: 630px) 100vw, 630px\" src=\"data:image\/svg+xml;base64,PHN2ZyB3aWR0aD0iMSIgaGVpZ2h0PSIxIiB4bWxucz0iaHR0cDovL3d3dy53My5vcmcvMjAwMC9zdmciPjwvc3ZnPg==\" style=\"--smush-placeholder-width: 630px; --smush-placeholder-aspect-ratio: 630\/412;\" \/><\/p>\n<h4 style=\"text-align: right;\"><span style=\"color: #ff0000;\"><strong>UGT<\/strong><\/span><strong> Comunicaciones<\/strong><\/h4>\n","protected":false},"excerpt":{"rendered":"<p>La entrada en el verano no trae algunas novedades y la confirmaci\u00f3n de viejas tendencias. En este \u00faltimo caso, como las OMV pr\u00e1cticamente arrasan en todas las l\u00edneas de negocio, salvo en la BAM, donde Vodafone da el do de pecho. Tambi\u00e9n Movistar destaca en la BAF, mientras que Orange y M\u00e1sM\u00f3vil dan una cal [&hellip;]<\/p>\n","protected":false},"author":3,"featured_media":1066308,"comment_status":"closed","ping_status":"closed","sticky":false,"template":"","format":"standard","meta":{"footnotes":""},"categories":[13,12],"tags":[],"class_list":["post-1066289","post","type-post","status-publish","format-standard","has-post-thumbnail","hentry","category-mercado-comunicaciones","category-regulacion"],"yoast_head":"<!-- This site is optimized with the Yoast SEO Premium plugin v27.3 (Yoast SEO v27.4) - https:\/\/yoast.com\/product\/yoast-seo-premium-wordpress\/ -->\n<title>Mercado Telecos junio 2023: Vodafone lidera la BAM y Movistar destaca en la BAF - UGT Comunicaciones<\/title>\n<meta name=\"description\" content=\"La entrada en el verano no trae algunas novedades y la confirmaci\u00f3n de viejas tendencias. En este \u00faltimo caso\" \/>\n<meta name=\"robots\" content=\"index, follow, max-snippet:-1, max-image-preview:large, max-video-preview:-1\" \/>\n<link rel=\"canonical\" href=\"https:\/\/www.ugtcomunicaciones.es\/wordpress\/mercado-telecos-junio-2023\/\" \/>\n<meta property=\"og:locale\" content=\"es_ES\" \/>\n<meta property=\"og:type\" content=\"article\" \/>\n<meta property=\"og:title\" content=\"Mercado Telecos junio 2023: Vodafone lidera la BAM y Movistar destaca en la BAF\" \/>\n<meta property=\"og:description\" content=\"La entrada en el verano no trae algunas novedades y la confirmaci\u00f3n de viejas tendencias. En este \u00faltimo caso\" \/>\n<meta property=\"og:url\" content=\"https:\/\/www.ugtcomunicaciones.es\/wordpress\/mercado-telecos-junio-2023\/\" \/>\n<meta property=\"og:site_name\" content=\"UGT Comunicaciones\" \/>\n<meta property=\"article:publisher\" content=\"https:\/\/www.facebook.com\/ugt.comunicaciones\/\" \/>\n<meta property=\"article:published_time\" content=\"2023-09-07T22:00:30+00:00\" \/>\n<meta property=\"article:modified_time\" content=\"2023-09-08T07:27:56+00:00\" \/>\n<meta property=\"og:image\" content=\"https:\/\/www.ugtcomunicaciones.es\/wordpress\/wp-content\/uploads\/2023\/09\/Telecos_14.jpg\" \/>\n\t<meta property=\"og:image:width\" content=\"600\" \/>\n\t<meta property=\"og:image:height\" content=\"900\" \/>\n\t<meta property=\"og:image:type\" content=\"image\/jpeg\" \/>\n<meta name=\"author\" content=\"UGT\" \/>\n<meta name=\"twitter:card\" content=\"summary_large_image\" \/>\n<meta name=\"twitter:creator\" content=\"@ugtcom\" \/>\n<meta name=\"twitter:site\" content=\"@ugtcom\" \/>\n<meta name=\"twitter:label1\" content=\"Escrito por\" \/>\n\t<meta name=\"twitter:data1\" content=\"UGT\" \/>\n\t<meta name=\"twitter:label2\" content=\"Tiempo de lectura\" \/>\n\t<meta name=\"twitter:data2\" content=\"5 minutos\" \/>\n<script type=\"application\/ld+json\" class=\"yoast-schema-graph\">{\"@context\":\"https:\\\/\\\/schema.org\",\"@graph\":[{\"@type\":\"Article\",\"@id\":\"https:\\\/\\\/www.ugtcomunicaciones.es\\\/wordpress\\\/mercado-telecos-junio-2023\\\/#article\",\"isPartOf\":{\"@id\":\"https:\\\/\\\/www.ugtcomunicaciones.es\\\/wordpress\\\/mercado-telecos-junio-2023\\\/\"},\"author\":{\"name\":\"UGT\",\"@id\":\"https:\\\/\\\/www.ugtcomunicaciones.es\\\/wordpress\\\/#\\\/schema\\\/person\\\/eba0fc3fe5b444531d94d4368cba89ed\"},\"headline\":\"Mercado Telecos junio 2023: Vodafone lidera la BAM y Movistar destaca en la BAF\",\"datePublished\":\"2023-09-07T22:00:30+00:00\",\"dateModified\":\"2023-09-08T07:27:56+00:00\",\"mainEntityOfPage\":{\"@id\":\"https:\\\/\\\/www.ugtcomunicaciones.es\\\/wordpress\\\/mercado-telecos-junio-2023\\\/\"},\"wordCount\":453,\"publisher\":{\"@id\":\"https:\\\/\\\/www.ugtcomunicaciones.es\\\/wordpress\\\/#organization\"},\"image\":{\"@id\":\"https:\\\/\\\/www.ugtcomunicaciones.es\\\/wordpress\\\/mercado-telecos-junio-2023\\\/#primaryimage\"},\"thumbnailUrl\":\"https:\\\/\\\/www.ugtcomunicaciones.es\\\/wordpress\\\/wp-content\\\/uploads\\\/2023\\\/09\\\/Telecos_14.jpg\",\"articleSection\":[\"Mercado Comunicaciones\",\"Regulaci\u00f3n\"],\"inLanguage\":\"es\"},{\"@type\":\"WebPage\",\"@id\":\"https:\\\/\\\/www.ugtcomunicaciones.es\\\/wordpress\\\/mercado-telecos-junio-2023\\\/\",\"url\":\"https:\\\/\\\/www.ugtcomunicaciones.es\\\/wordpress\\\/mercado-telecos-junio-2023\\\/\",\"name\":\"Mercado Telecos junio 2023: Vodafone lidera la BAM y Movistar destaca en la BAF - UGT Comunicaciones\",\"isPartOf\":{\"@id\":\"https:\\\/\\\/www.ugtcomunicaciones.es\\\/wordpress\\\/#website\"},\"primaryImageOfPage\":{\"@id\":\"https:\\\/\\\/www.ugtcomunicaciones.es\\\/wordpress\\\/mercado-telecos-junio-2023\\\/#primaryimage\"},\"image\":{\"@id\":\"https:\\\/\\\/www.ugtcomunicaciones.es\\\/wordpress\\\/mercado-telecos-junio-2023\\\/#primaryimage\"},\"thumbnailUrl\":\"https:\\\/\\\/www.ugtcomunicaciones.es\\\/wordpress\\\/wp-content\\\/uploads\\\/2023\\\/09\\\/Telecos_14.jpg\",\"datePublished\":\"2023-09-07T22:00:30+00:00\",\"dateModified\":\"2023-09-08T07:27:56+00:00\",\"description\":\"La entrada en el verano no trae algunas novedades y la confirmaci\u00f3n de viejas tendencias. En este \u00faltimo caso\",\"breadcrumb\":{\"@id\":\"https:\\\/\\\/www.ugtcomunicaciones.es\\\/wordpress\\\/mercado-telecos-junio-2023\\\/#breadcrumb\"},\"inLanguage\":\"es\",\"potentialAction\":[{\"@type\":\"ReadAction\",\"target\":[\"https:\\\/\\\/www.ugtcomunicaciones.es\\\/wordpress\\\/mercado-telecos-junio-2023\\\/\"]}]},{\"@type\":\"ImageObject\",\"inLanguage\":\"es\",\"@id\":\"https:\\\/\\\/www.ugtcomunicaciones.es\\\/wordpress\\\/mercado-telecos-junio-2023\\\/#primaryimage\",\"url\":\"https:\\\/\\\/www.ugtcomunicaciones.es\\\/wordpress\\\/wp-content\\\/uploads\\\/2023\\\/09\\\/Telecos_14.jpg\",\"contentUrl\":\"https:\\\/\\\/www.ugtcomunicaciones.es\\\/wordpress\\\/wp-content\\\/uploads\\\/2023\\\/09\\\/Telecos_14.jpg\",\"width\":600,\"height\":900},{\"@type\":\"BreadcrumbList\",\"@id\":\"https:\\\/\\\/www.ugtcomunicaciones.es\\\/wordpress\\\/mercado-telecos-junio-2023\\\/#breadcrumb\",\"itemListElement\":[{\"@type\":\"ListItem\",\"position\":1,\"name\":\"Portada\",\"item\":\"https:\\\/\\\/www.ugtcomunicaciones.es\\\/wordpress\\\/\"},{\"@type\":\"ListItem\",\"position\":2,\"name\":\"Mercado Telecos junio 2023: Vodafone lidera la BAM y Movistar destaca en la BAF\"}]},{\"@type\":\"WebSite\",\"@id\":\"https:\\\/\\\/www.ugtcomunicaciones.es\\\/wordpress\\\/#website\",\"url\":\"https:\\\/\\\/www.ugtcomunicaciones.es\\\/wordpress\\\/\",\"name\":\"UGT Comunicaciones\",\"description\":\"Sindicato de Telecomunicaciones\",\"publisher\":{\"@id\":\"https:\\\/\\\/www.ugtcomunicaciones.es\\\/wordpress\\\/#organization\"},\"potentialAction\":[{\"@type\":\"SearchAction\",\"target\":{\"@type\":\"EntryPoint\",\"urlTemplate\":\"https:\\\/\\\/www.ugtcomunicaciones.es\\\/wordpress\\\/?s={search_term_string}\"},\"query-input\":{\"@type\":\"PropertyValueSpecification\",\"valueRequired\":true,\"valueName\":\"search_term_string\"}}],\"inLanguage\":\"es\"},{\"@type\":\"Organization\",\"@id\":\"https:\\\/\\\/www.ugtcomunicaciones.es\\\/wordpress\\\/#organization\",\"name\":\"UGT Comunicaciones\",\"url\":\"https:\\\/\\\/www.ugtcomunicaciones.es\\\/wordpress\\\/\",\"logo\":{\"@type\":\"ImageObject\",\"inLanguage\":\"es\",\"@id\":\"https:\\\/\\\/www.ugtcomunicaciones.es\\\/wordpress\\\/#\\\/schema\\\/logo\\\/image\\\/\",\"url\":\"https:\\\/\\\/www.ugtcomunicaciones.es\\\/wordpress\\\/wp-content\\\/uploads\\\/2024\\\/04\\\/comunicaciones_logo.png\",\"contentUrl\":\"https:\\\/\\\/www.ugtcomunicaciones.es\\\/wordpress\\\/wp-content\\\/uploads\\\/2024\\\/04\\\/comunicaciones_logo.png\",\"width\":298,\"height\":81,\"caption\":\"UGT Comunicaciones\"},\"image\":{\"@id\":\"https:\\\/\\\/www.ugtcomunicaciones.es\\\/wordpress\\\/#\\\/schema\\\/logo\\\/image\\\/\"},\"sameAs\":[\"https:\\\/\\\/www.facebook.com\\\/ugt.comunicaciones\\\/\",\"https:\\\/\\\/x.com\\\/ugtcom\"]},{\"@type\":\"Person\",\"@id\":\"https:\\\/\\\/www.ugtcomunicaciones.es\\\/wordpress\\\/#\\\/schema\\\/person\\\/eba0fc3fe5b444531d94d4368cba89ed\",\"name\":\"UGT\",\"image\":{\"@type\":\"ImageObject\",\"inLanguage\":\"es\",\"@id\":\"https:\\\/\\\/secure.gravatar.com\\\/avatar\\\/2a16057d620a4c646bcfc171c4f23030879ebbdd346f0525bd5d4a564e57e13d?s=96&d=mm&r=g\",\"url\":\"https:\\\/\\\/secure.gravatar.com\\\/avatar\\\/2a16057d620a4c646bcfc171c4f23030879ebbdd346f0525bd5d4a564e57e13d?s=96&d=mm&r=g\",\"contentUrl\":\"https:\\\/\\\/secure.gravatar.com\\\/avatar\\\/2a16057d620a4c646bcfc171c4f23030879ebbdd346f0525bd5d4a564e57e13d?s=96&d=mm&r=g\",\"caption\":\"UGT\"}}]}<\/script>\n<!-- \/ Yoast SEO Premium plugin. -->","yoast_head_json":{"title":"Mercado Telecos junio 2023: Vodafone lidera la BAM y Movistar destaca en la BAF - UGT Comunicaciones","description":"La entrada en el verano no trae algunas novedades y la confirmaci\u00f3n de viejas tendencias. En este \u00faltimo caso","robots":{"index":"index","follow":"follow","max-snippet":"max-snippet:-1","max-image-preview":"max-image-preview:large","max-video-preview":"max-video-preview:-1"},"canonical":"https:\/\/www.ugtcomunicaciones.es\/wordpress\/mercado-telecos-junio-2023\/","og_locale":"es_ES","og_type":"article","og_title":"Mercado Telecos junio 2023: Vodafone lidera la BAM y Movistar destaca en la BAF","og_description":"La entrada en el verano no trae algunas novedades y la confirmaci\u00f3n de viejas tendencias. En este \u00faltimo caso","og_url":"https:\/\/www.ugtcomunicaciones.es\/wordpress\/mercado-telecos-junio-2023\/","og_site_name":"UGT Comunicaciones","article_publisher":"https:\/\/www.facebook.com\/ugt.comunicaciones\/","article_published_time":"2023-09-07T22:00:30+00:00","article_modified_time":"2023-09-08T07:27:56+00:00","og_image":[{"width":600,"height":900,"url":"https:\/\/www.ugtcomunicaciones.es\/wordpress\/wp-content\/uploads\/2023\/09\/Telecos_14.jpg","type":"image\/jpeg"}],"author":"UGT","twitter_card":"summary_large_image","twitter_creator":"@ugtcom","twitter_site":"@ugtcom","twitter_misc":{"Escrito por":"UGT","Tiempo de lectura":"5 minutos"},"schema":{"@context":"https:\/\/schema.org","@graph":[{"@type":"Article","@id":"https:\/\/www.ugtcomunicaciones.es\/wordpress\/mercado-telecos-junio-2023\/#article","isPartOf":{"@id":"https:\/\/www.ugtcomunicaciones.es\/wordpress\/mercado-telecos-junio-2023\/"},"author":{"name":"UGT","@id":"https:\/\/www.ugtcomunicaciones.es\/wordpress\/#\/schema\/person\/eba0fc3fe5b444531d94d4368cba89ed"},"headline":"Mercado Telecos junio 2023: Vodafone lidera la BAM y Movistar destaca en la BAF","datePublished":"2023-09-07T22:00:30+00:00","dateModified":"2023-09-08T07:27:56+00:00","mainEntityOfPage":{"@id":"https:\/\/www.ugtcomunicaciones.es\/wordpress\/mercado-telecos-junio-2023\/"},"wordCount":453,"publisher":{"@id":"https:\/\/www.ugtcomunicaciones.es\/wordpress\/#organization"},"image":{"@id":"https:\/\/www.ugtcomunicaciones.es\/wordpress\/mercado-telecos-junio-2023\/#primaryimage"},"thumbnailUrl":"https:\/\/www.ugtcomunicaciones.es\/wordpress\/wp-content\/uploads\/2023\/09\/Telecos_14.jpg","articleSection":["Mercado Comunicaciones","Regulaci\u00f3n"],"inLanguage":"es"},{"@type":"WebPage","@id":"https:\/\/www.ugtcomunicaciones.es\/wordpress\/mercado-telecos-junio-2023\/","url":"https:\/\/www.ugtcomunicaciones.es\/wordpress\/mercado-telecos-junio-2023\/","name":"Mercado Telecos junio 2023: Vodafone lidera la BAM y Movistar destaca en la BAF - UGT Comunicaciones","isPartOf":{"@id":"https:\/\/www.ugtcomunicaciones.es\/wordpress\/#website"},"primaryImageOfPage":{"@id":"https:\/\/www.ugtcomunicaciones.es\/wordpress\/mercado-telecos-junio-2023\/#primaryimage"},"image":{"@id":"https:\/\/www.ugtcomunicaciones.es\/wordpress\/mercado-telecos-junio-2023\/#primaryimage"},"thumbnailUrl":"https:\/\/www.ugtcomunicaciones.es\/wordpress\/wp-content\/uploads\/2023\/09\/Telecos_14.jpg","datePublished":"2023-09-07T22:00:30+00:00","dateModified":"2023-09-08T07:27:56+00:00","description":"La entrada en el verano no trae algunas novedades y la confirmaci\u00f3n de viejas tendencias. En este \u00faltimo caso","breadcrumb":{"@id":"https:\/\/www.ugtcomunicaciones.es\/wordpress\/mercado-telecos-junio-2023\/#breadcrumb"},"inLanguage":"es","potentialAction":[{"@type":"ReadAction","target":["https:\/\/www.ugtcomunicaciones.es\/wordpress\/mercado-telecos-junio-2023\/"]}]},{"@type":"ImageObject","inLanguage":"es","@id":"https:\/\/www.ugtcomunicaciones.es\/wordpress\/mercado-telecos-junio-2023\/#primaryimage","url":"https:\/\/www.ugtcomunicaciones.es\/wordpress\/wp-content\/uploads\/2023\/09\/Telecos_14.jpg","contentUrl":"https:\/\/www.ugtcomunicaciones.es\/wordpress\/wp-content\/uploads\/2023\/09\/Telecos_14.jpg","width":600,"height":900},{"@type":"BreadcrumbList","@id":"https:\/\/www.ugtcomunicaciones.es\/wordpress\/mercado-telecos-junio-2023\/#breadcrumb","itemListElement":[{"@type":"ListItem","position":1,"name":"Portada","item":"https:\/\/www.ugtcomunicaciones.es\/wordpress\/"},{"@type":"ListItem","position":2,"name":"Mercado Telecos junio 2023: Vodafone lidera la BAM y Movistar destaca en la BAF"}]},{"@type":"WebSite","@id":"https:\/\/www.ugtcomunicaciones.es\/wordpress\/#website","url":"https:\/\/www.ugtcomunicaciones.es\/wordpress\/","name":"UGT Comunicaciones","description":"Sindicato de Telecomunicaciones","publisher":{"@id":"https:\/\/www.ugtcomunicaciones.es\/wordpress\/#organization"},"potentialAction":[{"@type":"SearchAction","target":{"@type":"EntryPoint","urlTemplate":"https:\/\/www.ugtcomunicaciones.es\/wordpress\/?s={search_term_string}"},"query-input":{"@type":"PropertyValueSpecification","valueRequired":true,"valueName":"search_term_string"}}],"inLanguage":"es"},{"@type":"Organization","@id":"https:\/\/www.ugtcomunicaciones.es\/wordpress\/#organization","name":"UGT Comunicaciones","url":"https:\/\/www.ugtcomunicaciones.es\/wordpress\/","logo":{"@type":"ImageObject","inLanguage":"es","@id":"https:\/\/www.ugtcomunicaciones.es\/wordpress\/#\/schema\/logo\/image\/","url":"https:\/\/www.ugtcomunicaciones.es\/wordpress\/wp-content\/uploads\/2024\/04\/comunicaciones_logo.png","contentUrl":"https:\/\/www.ugtcomunicaciones.es\/wordpress\/wp-content\/uploads\/2024\/04\/comunicaciones_logo.png","width":298,"height":81,"caption":"UGT Comunicaciones"},"image":{"@id":"https:\/\/www.ugtcomunicaciones.es\/wordpress\/#\/schema\/logo\/image\/"},"sameAs":["https:\/\/www.facebook.com\/ugt.comunicaciones\/","https:\/\/x.com\/ugtcom"]},{"@type":"Person","@id":"https:\/\/www.ugtcomunicaciones.es\/wordpress\/#\/schema\/person\/eba0fc3fe5b444531d94d4368cba89ed","name":"UGT","image":{"@type":"ImageObject","inLanguage":"es","@id":"https:\/\/secure.gravatar.com\/avatar\/2a16057d620a4c646bcfc171c4f23030879ebbdd346f0525bd5d4a564e57e13d?s=96&d=mm&r=g","url":"https:\/\/secure.gravatar.com\/avatar\/2a16057d620a4c646bcfc171c4f23030879ebbdd346f0525bd5d4a564e57e13d?s=96&d=mm&r=g","contentUrl":"https:\/\/secure.gravatar.com\/avatar\/2a16057d620a4c646bcfc171c4f23030879ebbdd346f0525bd5d4a564e57e13d?s=96&d=mm&r=g","caption":"UGT"}}]}},"_links":{"self":[{"href":"https:\/\/www.ugtcomunicaciones.es\/wordpress\/wp-json\/wp\/v2\/posts\/1066289","targetHints":{"allow":["GET"]}}],"collection":[{"href":"https:\/\/www.ugtcomunicaciones.es\/wordpress\/wp-json\/wp\/v2\/posts"}],"about":[{"href":"https:\/\/www.ugtcomunicaciones.es\/wordpress\/wp-json\/wp\/v2\/types\/post"}],"author":[{"embeddable":true,"href":"https:\/\/www.ugtcomunicaciones.es\/wordpress\/wp-json\/wp\/v2\/users\/3"}],"replies":[{"embeddable":true,"href":"https:\/\/www.ugtcomunicaciones.es\/wordpress\/wp-json\/wp\/v2\/comments?post=1066289"}],"version-history":[{"count":6,"href":"https:\/\/www.ugtcomunicaciones.es\/wordpress\/wp-json\/wp\/v2\/posts\/1066289\/revisions"}],"predecessor-version":[{"id":1066311,"href":"https:\/\/www.ugtcomunicaciones.es\/wordpress\/wp-json\/wp\/v2\/posts\/1066289\/revisions\/1066311"}],"wp:featuredmedia":[{"embeddable":true,"href":"https:\/\/www.ugtcomunicaciones.es\/wordpress\/wp-json\/wp\/v2\/media\/1066308"}],"wp:attachment":[{"href":"https:\/\/www.ugtcomunicaciones.es\/wordpress\/wp-json\/wp\/v2\/media?parent=1066289"}],"wp:term":[{"taxonomy":"category","embeddable":true,"href":"https:\/\/www.ugtcomunicaciones.es\/wordpress\/wp-json\/wp\/v2\/categories?post=1066289"},{"taxonomy":"post_tag","embeddable":true,"href":"https:\/\/www.ugtcomunicaciones.es\/wordpress\/wp-json\/wp\/v2\/tags?post=1066289"}],"curies":[{"name":"wp","href":"https:\/\/api.w.org\/{rel}","templated":true}]}}