{"id":1066657,"date":"2023-12-11T19:41:13","date_gmt":"2023-12-11T17:41:13","guid":{"rendered":"https:\/\/www.ugtcomunicaciones.es\/wordpress\/?p=1066657"},"modified":"2025-01-10T12:03:29","modified_gmt":"2025-01-10T10:03:29","slug":"ugt-rechaza-salidas-forzosas-ere-telefonica","status":"publish","type":"post","link":"https:\/\/www.ugtcomunicaciones.es\/wordpress\/ugt-rechaza-salidas-forzosas-ere-telefonica\/","title":{"rendered":"UGT rechaza rotundamente la posibilidad de salidas forzosas en el ERE de Telef\u00f3nica."},"content":{"rendered":"<p>UGT, en las reuniones de hoy, ha rechazado el cambio de paradigma respecto a los procesos anteriores que ha introducido la empresa al abrir la posibilidad de introducir salidas forzosas en el presente ERE. UGT se opone a cualquier modelo que no persiga la voluntariedad.<\/p>\n<p>Del an\u00e1lisis de la memoria justificativa, UGT no pone en duda el entorno macroecon\u00f3mico y sectorial en que se encuentra la compa\u00f1\u00eda. De hecho UGT ha denunciado en numerosas ocasiones los efectos negativos que la actual regulaci\u00f3n europea de las telecomunicaciones y la elevada presi\u00f3n competitiva existente en nuestro pa\u00eds comportan sobre nuestro sector. Sin embargo, no compartimos la visi\u00f3n de que todos los factores sean externos, inevitables o no imputables a decisiones tomadas a lo largo de los \u00faltimos a\u00f1os en el seno de Telef\u00f3nica.<\/p>\n<p>Dicho esto, UGT no considera aceptable que el resultado de la robotizaci\u00f3n, de la automatizaci\u00f3n y del uso de herramientas de IA redunde en destrucci\u00f3n de empleo y por tanto, no comparte ni el alcance propuesto fijado en 5124 puestos de trabajo, ni la divisi\u00f3n realizada entre \u00e1reas y actividades de la compa\u00f1\u00eda afectadas o no, a criterio de la empresa, por el despido colectivo.<\/p>\n<p>Insistimos que es posible realizar en la compa\u00f1\u00eda un reskilling de calidad y fomentar la movilidad funcional voluntaria, todo ello sumado a la internalizaci\u00f3n de actividades que garanticen la empleabilidad de la plantilla.<\/p>\n<p>UGT no puede aceptar hablar de excedentes y reajustes que afecten solo a las personas trabajadoras sin conocer qu\u00e9 acciones se van a tomar con el \u00e1rea directiva que ha tenido la responsabilidad de prever y evitar la situaci\u00f3n actual. Consideramos que, si se produce una extinci\u00f3n de puestos de trabajo ese mismo porcentaje de afectaci\u00f3n y baremo de edad debe extenderse tambi\u00e9n al \u00e1rea de Direcci\u00f3n que, por cierto, es el de mayor edad.<\/p>\n<p>No podemos compartir tampoco la existencia de \u00e1reas y actividades de la compa\u00f1\u00eda no afectadas por el despido colectivo, es decir, las conocidas como \u00e1reas cr\u00edticas, que impedir\u00edan a las personas trabajadoras de estas \u00e1reas que voluntariamente as\u00ed lo decidieran, acogerse al potencial acuerdo de extinci\u00f3n resultante del per\u00edodo de consultas que estamos desarrollando.<\/p>\n<p>Por tanto, consideramos que no s\u00f3lo tiene que reducirse significativamente la afectaci\u00f3n, sino que adem\u00e1s el acuerdo que alcancemos debe ser universal, extensible a toda la compa\u00f1\u00eda y debe posibilitar que, aquellas personas a las que la empresa no permiti\u00f3 acogerse voluntariamente al \u00faltimo PSI por pertenecer a un \u00e1rea considerada como cr\u00edtica, ahora tengan la posibilidad de, si as\u00ed lo desean, extinguir su relaci\u00f3n laboral con Telef\u00f3nica por esta v\u00eda.<\/p>\n<p>Igualmente, para UGT, el despido colectivo y el convenio forman parte de una negociaci\u00f3n conjunta con la empresa. Por ello, insistimos en que en ning\u00fan caso habr\u00e1 acuerdo si no se alcanza tambi\u00e9n un acuerdo para el III CEV que garantice la estabilidad y los derechos de las personas trabajadoras de TdE, TME y TSOL.<\/p>\n","protected":false},"excerpt":{"rendered":"<p>UGT, en las reuniones de hoy, ha rechazado el cambio de paradigma respecto a los procesos anteriores que ha introducido la empresa al abrir la posibilidad de introducir salidas forzosas en el presente ERE. UGT se opone a cualquier modelo que no persiga la voluntariedad. Del an\u00e1lisis de la memoria justificativa, UGT no pone en [&hellip;]<\/p>\n","protected":false},"author":8,"featured_media":662123,"comment_status":"closed","ping_status":"closed","sticky":false,"template":"","format":"standard","meta":{"footnotes":""},"categories":[8],"tags":[],"class_list":["post-1066657","post","type-post","status-publish","format-standard","has-post-thumbnail","hentry","category-telefonica-cev"],"yoast_head":"<!-- This site is optimized with the Yoast SEO Premium plugin v27.3 (Yoast SEO v27.4) - https:\/\/yoast.com\/product\/yoast-seo-premium-wordpress\/ -->\n<title>UGT rechaza rotundamente la posibilidad de salidas forzosas en el ERE de Telef\u00f3nica. - UGT Comunicaciones<\/title>\n<meta name=\"robots\" content=\"index, follow, max-snippet:-1, max-image-preview:large, max-video-preview:-1\" \/>\n<link rel=\"canonical\" href=\"https:\/\/www.ugtcomunicaciones.es\/wordpress\/ugt-rechaza-salidas-forzosas-ere-telefonica\/\" \/>\n<meta property=\"og:locale\" content=\"es_ES\" \/>\n<meta property=\"og:type\" content=\"article\" \/>\n<meta property=\"og:title\" content=\"UGT rechaza rotundamente la posibilidad de salidas forzosas en el ERE de Telef\u00f3nica.\" \/>\n<meta property=\"og:description\" content=\"UGT, en las reuniones de hoy, ha rechazado el cambio de paradigma respecto a los procesos anteriores que ha introducido la empresa al abrir la posibilidad de introducir salidas forzosas en el presente ERE. UGT se opone a cualquier modelo que no persiga la voluntariedad. Del an\u00e1lisis de la memoria justificativa, UGT no pone en [&hellip;]\" \/>\n<meta property=\"og:url\" content=\"https:\/\/www.ugtcomunicaciones.es\/wordpress\/ugt-rechaza-salidas-forzosas-ere-telefonica\/\" \/>\n<meta property=\"og:site_name\" content=\"UGT Comunicaciones\" \/>\n<meta property=\"article:publisher\" content=\"https:\/\/www.facebook.com\/ugt.comunicaciones\/\" \/>\n<meta property=\"article:published_time\" content=\"2023-12-11T17:41:13+00:00\" \/>\n<meta property=\"article:modified_time\" content=\"2025-01-10T10:03:29+00:00\" \/>\n<meta property=\"og:image\" content=\"https:\/\/www.ugtcomunicaciones.es\/wordpress\/wp-content\/uploads\/2020\/09\/Gran-Via-28-Telefonica-10-scaled.jpg\" \/>\n\t<meta property=\"og:image:width\" content=\"2560\" \/>\n\t<meta property=\"og:image:height\" content=\"1707\" \/>\n\t<meta property=\"og:image:type\" content=\"image\/jpeg\" \/>\n<meta name=\"author\" content=\"UGT\" \/>\n<meta name=\"twitter:card\" content=\"summary_large_image\" \/>\n<meta name=\"twitter:creator\" content=\"@ugtcom\" \/>\n<meta name=\"twitter:site\" content=\"@ugtcom\" \/>\n<meta name=\"twitter:label1\" content=\"Escrito por\" \/>\n\t<meta name=\"twitter:data1\" content=\"UGT\" \/>\n\t<meta name=\"twitter:label2\" content=\"Tiempo de lectura\" \/>\n\t<meta name=\"twitter:data2\" content=\"3 minutos\" \/>\n<script type=\"application\/ld+json\" class=\"yoast-schema-graph\">{\"@context\":\"https:\\\/\\\/schema.org\",\"@graph\":[{\"@type\":\"Article\",\"@id\":\"https:\\\/\\\/www.ugtcomunicaciones.es\\\/wordpress\\\/ugt-rechaza-salidas-forzosas-ere-telefonica\\\/#article\",\"isPartOf\":{\"@id\":\"https:\\\/\\\/www.ugtcomunicaciones.es\\\/wordpress\\\/ugt-rechaza-salidas-forzosas-ere-telefonica\\\/\"},\"author\":{\"name\":\"UGT\",\"@id\":\"https:\\\/\\\/www.ugtcomunicaciones.es\\\/wordpress\\\/#\\\/schema\\\/person\\\/c5832697c991fe71075d106bc70c9a23\"},\"headline\":\"UGT rechaza rotundamente la posibilidad de salidas forzosas en el ERE de Telef\u00f3nica.\",\"datePublished\":\"2023-12-11T17:41:13+00:00\",\"dateModified\":\"2025-01-10T10:03:29+00:00\",\"mainEntityOfPage\":{\"@id\":\"https:\\\/\\\/www.ugtcomunicaciones.es\\\/wordpress\\\/ugt-rechaza-salidas-forzosas-ere-telefonica\\\/\"},\"wordCount\":534,\"publisher\":{\"@id\":\"https:\\\/\\\/www.ugtcomunicaciones.es\\\/wordpress\\\/#organization\"},\"image\":{\"@id\":\"https:\\\/\\\/www.ugtcomunicaciones.es\\\/wordpress\\\/ugt-rechaza-salidas-forzosas-ere-telefonica\\\/#primaryimage\"},\"thumbnailUrl\":\"https:\\\/\\\/www.ugtcomunicaciones.es\\\/wordpress\\\/wp-content\\\/uploads\\\/2020\\\/09\\\/Gran-Via-28-Telefonica-10-scaled.jpg\",\"articleSection\":[\"Telef\u00f3nica CEV\"],\"inLanguage\":\"es\"},{\"@type\":\"WebPage\",\"@id\":\"https:\\\/\\\/www.ugtcomunicaciones.es\\\/wordpress\\\/ugt-rechaza-salidas-forzosas-ere-telefonica\\\/\",\"url\":\"https:\\\/\\\/www.ugtcomunicaciones.es\\\/wordpress\\\/ugt-rechaza-salidas-forzosas-ere-telefonica\\\/\",\"name\":\"UGT rechaza rotundamente la posibilidad de salidas forzosas en el ERE de Telef\u00f3nica. - UGT Comunicaciones\",\"isPartOf\":{\"@id\":\"https:\\\/\\\/www.ugtcomunicaciones.es\\\/wordpress\\\/#website\"},\"primaryImageOfPage\":{\"@id\":\"https:\\\/\\\/www.ugtcomunicaciones.es\\\/wordpress\\\/ugt-rechaza-salidas-forzosas-ere-telefonica\\\/#primaryimage\"},\"image\":{\"@id\":\"https:\\\/\\\/www.ugtcomunicaciones.es\\\/wordpress\\\/ugt-rechaza-salidas-forzosas-ere-telefonica\\\/#primaryimage\"},\"thumbnailUrl\":\"https:\\\/\\\/www.ugtcomunicaciones.es\\\/wordpress\\\/wp-content\\\/uploads\\\/2020\\\/09\\\/Gran-Via-28-Telefonica-10-scaled.jpg\",\"datePublished\":\"2023-12-11T17:41:13+00:00\",\"dateModified\":\"2025-01-10T10:03:29+00:00\",\"breadcrumb\":{\"@id\":\"https:\\\/\\\/www.ugtcomunicaciones.es\\\/wordpress\\\/ugt-rechaza-salidas-forzosas-ere-telefonica\\\/#breadcrumb\"},\"inLanguage\":\"es\",\"potentialAction\":[{\"@type\":\"ReadAction\",\"target\":[\"https:\\\/\\\/www.ugtcomunicaciones.es\\\/wordpress\\\/ugt-rechaza-salidas-forzosas-ere-telefonica\\\/\"]}]},{\"@type\":\"ImageObject\",\"inLanguage\":\"es\",\"@id\":\"https:\\\/\\\/www.ugtcomunicaciones.es\\\/wordpress\\\/ugt-rechaza-salidas-forzosas-ere-telefonica\\\/#primaryimage\",\"url\":\"https:\\\/\\\/www.ugtcomunicaciones.es\\\/wordpress\\\/wp-content\\\/uploads\\\/2020\\\/09\\\/Gran-Via-28-Telefonica-10-scaled.jpg\",\"contentUrl\":\"https:\\\/\\\/www.ugtcomunicaciones.es\\\/wordpress\\\/wp-content\\\/uploads\\\/2020\\\/09\\\/Gran-Via-28-Telefonica-10-scaled.jpg\",\"width\":2560,\"height\":1707},{\"@type\":\"BreadcrumbList\",\"@id\":\"https:\\\/\\\/www.ugtcomunicaciones.es\\\/wordpress\\\/ugt-rechaza-salidas-forzosas-ere-telefonica\\\/#breadcrumb\",\"itemListElement\":[{\"@type\":\"ListItem\",\"position\":1,\"name\":\"Portada\",\"item\":\"https:\\\/\\\/www.ugtcomunicaciones.es\\\/wordpress\\\/\"},{\"@type\":\"ListItem\",\"position\":2,\"name\":\"UGT rechaza rotundamente la posibilidad de salidas forzosas en el ERE de Telef\u00f3nica.\"}]},{\"@type\":\"WebSite\",\"@id\":\"https:\\\/\\\/www.ugtcomunicaciones.es\\\/wordpress\\\/#website\",\"url\":\"https:\\\/\\\/www.ugtcomunicaciones.es\\\/wordpress\\\/\",\"name\":\"UGT Comunicaciones\",\"description\":\"Sindicato de Telecomunicaciones\",\"publisher\":{\"@id\":\"https:\\\/\\\/www.ugtcomunicaciones.es\\\/wordpress\\\/#organization\"},\"potentialAction\":[{\"@type\":\"SearchAction\",\"target\":{\"@type\":\"EntryPoint\",\"urlTemplate\":\"https:\\\/\\\/www.ugtcomunicaciones.es\\\/wordpress\\\/?s={search_term_string}\"},\"query-input\":{\"@type\":\"PropertyValueSpecification\",\"valueRequired\":true,\"valueName\":\"search_term_string\"}}],\"inLanguage\":\"es\"},{\"@type\":\"Organization\",\"@id\":\"https:\\\/\\\/www.ugtcomunicaciones.es\\\/wordpress\\\/#organization\",\"name\":\"UGT Comunicaciones\",\"url\":\"https:\\\/\\\/www.ugtcomunicaciones.es\\\/wordpress\\\/\",\"logo\":{\"@type\":\"ImageObject\",\"inLanguage\":\"es\",\"@id\":\"https:\\\/\\\/www.ugtcomunicaciones.es\\\/wordpress\\\/#\\\/schema\\\/logo\\\/image\\\/\",\"url\":\"https:\\\/\\\/www.ugtcomunicaciones.es\\\/wordpress\\\/wp-content\\\/uploads\\\/2024\\\/04\\\/comunicaciones_logo.png\",\"contentUrl\":\"https:\\\/\\\/www.ugtcomunicaciones.es\\\/wordpress\\\/wp-content\\\/uploads\\\/2024\\\/04\\\/comunicaciones_logo.png\",\"width\":298,\"height\":81,\"caption\":\"UGT Comunicaciones\"},\"image\":{\"@id\":\"https:\\\/\\\/www.ugtcomunicaciones.es\\\/wordpress\\\/#\\\/schema\\\/logo\\\/image\\\/\"},\"sameAs\":[\"https:\\\/\\\/www.facebook.com\\\/ugt.comunicaciones\\\/\",\"https:\\\/\\\/x.com\\\/ugtcom\"]},{\"@type\":\"Person\",\"@id\":\"https:\\\/\\\/www.ugtcomunicaciones.es\\\/wordpress\\\/#\\\/schema\\\/person\\\/c5832697c991fe71075d106bc70c9a23\",\"name\":\"UGT\",\"image\":{\"@type\":\"ImageObject\",\"inLanguage\":\"es\",\"@id\":\"https:\\\/\\\/secure.gravatar.com\\\/avatar\\\/dd1616245c7b0acc4a49731f0bd544f05506efa3993d3353b5c4141dbe80b813?s=96&d=mm&r=g\",\"url\":\"https:\\\/\\\/secure.gravatar.com\\\/avatar\\\/dd1616245c7b0acc4a49731f0bd544f05506efa3993d3353b5c4141dbe80b813?s=96&d=mm&r=g\",\"contentUrl\":\"https:\\\/\\\/secure.gravatar.com\\\/avatar\\\/dd1616245c7b0acc4a49731f0bd544f05506efa3993d3353b5c4141dbe80b813?s=96&d=mm&r=g\",\"caption\":\"UGT\"}}]}<\/script>\n<!-- \/ Yoast SEO Premium plugin. -->","yoast_head_json":{"title":"UGT rechaza rotundamente la posibilidad de salidas forzosas en el ERE de Telef\u00f3nica. - UGT Comunicaciones","robots":{"index":"index","follow":"follow","max-snippet":"max-snippet:-1","max-image-preview":"max-image-preview:large","max-video-preview":"max-video-preview:-1"},"canonical":"https:\/\/www.ugtcomunicaciones.es\/wordpress\/ugt-rechaza-salidas-forzosas-ere-telefonica\/","og_locale":"es_ES","og_type":"article","og_title":"UGT rechaza rotundamente la posibilidad de salidas forzosas en el ERE de Telef\u00f3nica.","og_description":"UGT, en las reuniones de hoy, ha rechazado el cambio de paradigma respecto a los procesos anteriores que ha introducido la empresa al abrir la posibilidad de introducir salidas forzosas en el presente ERE. UGT se opone a cualquier modelo que no persiga la voluntariedad. Del an\u00e1lisis de la memoria justificativa, UGT no pone en [&hellip;]","og_url":"https:\/\/www.ugtcomunicaciones.es\/wordpress\/ugt-rechaza-salidas-forzosas-ere-telefonica\/","og_site_name":"UGT Comunicaciones","article_publisher":"https:\/\/www.facebook.com\/ugt.comunicaciones\/","article_published_time":"2023-12-11T17:41:13+00:00","article_modified_time":"2025-01-10T10:03:29+00:00","og_image":[{"width":2560,"height":1707,"url":"https:\/\/www.ugtcomunicaciones.es\/wordpress\/wp-content\/uploads\/2020\/09\/Gran-Via-28-Telefonica-10-scaled.jpg","type":"image\/jpeg"}],"author":"UGT","twitter_card":"summary_large_image","twitter_creator":"@ugtcom","twitter_site":"@ugtcom","twitter_misc":{"Escrito por":"UGT","Tiempo de lectura":"3 minutos"},"schema":{"@context":"https:\/\/schema.org","@graph":[{"@type":"Article","@id":"https:\/\/www.ugtcomunicaciones.es\/wordpress\/ugt-rechaza-salidas-forzosas-ere-telefonica\/#article","isPartOf":{"@id":"https:\/\/www.ugtcomunicaciones.es\/wordpress\/ugt-rechaza-salidas-forzosas-ere-telefonica\/"},"author":{"name":"UGT","@id":"https:\/\/www.ugtcomunicaciones.es\/wordpress\/#\/schema\/person\/c5832697c991fe71075d106bc70c9a23"},"headline":"UGT rechaza rotundamente la posibilidad de salidas forzosas en el ERE de Telef\u00f3nica.","datePublished":"2023-12-11T17:41:13+00:00","dateModified":"2025-01-10T10:03:29+00:00","mainEntityOfPage":{"@id":"https:\/\/www.ugtcomunicaciones.es\/wordpress\/ugt-rechaza-salidas-forzosas-ere-telefonica\/"},"wordCount":534,"publisher":{"@id":"https:\/\/www.ugtcomunicaciones.es\/wordpress\/#organization"},"image":{"@id":"https:\/\/www.ugtcomunicaciones.es\/wordpress\/ugt-rechaza-salidas-forzosas-ere-telefonica\/#primaryimage"},"thumbnailUrl":"https:\/\/www.ugtcomunicaciones.es\/wordpress\/wp-content\/uploads\/2020\/09\/Gran-Via-28-Telefonica-10-scaled.jpg","articleSection":["Telef\u00f3nica CEV"],"inLanguage":"es"},{"@type":"WebPage","@id":"https:\/\/www.ugtcomunicaciones.es\/wordpress\/ugt-rechaza-salidas-forzosas-ere-telefonica\/","url":"https:\/\/www.ugtcomunicaciones.es\/wordpress\/ugt-rechaza-salidas-forzosas-ere-telefonica\/","name":"UGT rechaza rotundamente la posibilidad de salidas forzosas en el ERE de Telef\u00f3nica. - UGT Comunicaciones","isPartOf":{"@id":"https:\/\/www.ugtcomunicaciones.es\/wordpress\/#website"},"primaryImageOfPage":{"@id":"https:\/\/www.ugtcomunicaciones.es\/wordpress\/ugt-rechaza-salidas-forzosas-ere-telefonica\/#primaryimage"},"image":{"@id":"https:\/\/www.ugtcomunicaciones.es\/wordpress\/ugt-rechaza-salidas-forzosas-ere-telefonica\/#primaryimage"},"thumbnailUrl":"https:\/\/www.ugtcomunicaciones.es\/wordpress\/wp-content\/uploads\/2020\/09\/Gran-Via-28-Telefonica-10-scaled.jpg","datePublished":"2023-12-11T17:41:13+00:00","dateModified":"2025-01-10T10:03:29+00:00","breadcrumb":{"@id":"https:\/\/www.ugtcomunicaciones.es\/wordpress\/ugt-rechaza-salidas-forzosas-ere-telefonica\/#breadcrumb"},"inLanguage":"es","potentialAction":[{"@type":"ReadAction","target":["https:\/\/www.ugtcomunicaciones.es\/wordpress\/ugt-rechaza-salidas-forzosas-ere-telefonica\/"]}]},{"@type":"ImageObject","inLanguage":"es","@id":"https:\/\/www.ugtcomunicaciones.es\/wordpress\/ugt-rechaza-salidas-forzosas-ere-telefonica\/#primaryimage","url":"https:\/\/www.ugtcomunicaciones.es\/wordpress\/wp-content\/uploads\/2020\/09\/Gran-Via-28-Telefonica-10-scaled.jpg","contentUrl":"https:\/\/www.ugtcomunicaciones.es\/wordpress\/wp-content\/uploads\/2020\/09\/Gran-Via-28-Telefonica-10-scaled.jpg","width":2560,"height":1707},{"@type":"BreadcrumbList","@id":"https:\/\/www.ugtcomunicaciones.es\/wordpress\/ugt-rechaza-salidas-forzosas-ere-telefonica\/#breadcrumb","itemListElement":[{"@type":"ListItem","position":1,"name":"Portada","item":"https:\/\/www.ugtcomunicaciones.es\/wordpress\/"},{"@type":"ListItem","position":2,"name":"UGT rechaza rotundamente la posibilidad de salidas forzosas en el ERE de Telef\u00f3nica."}]},{"@type":"WebSite","@id":"https:\/\/www.ugtcomunicaciones.es\/wordpress\/#website","url":"https:\/\/www.ugtcomunicaciones.es\/wordpress\/","name":"UGT Comunicaciones","description":"Sindicato de Telecomunicaciones","publisher":{"@id":"https:\/\/www.ugtcomunicaciones.es\/wordpress\/#organization"},"potentialAction":[{"@type":"SearchAction","target":{"@type":"EntryPoint","urlTemplate":"https:\/\/www.ugtcomunicaciones.es\/wordpress\/?s={search_term_string}"},"query-input":{"@type":"PropertyValueSpecification","valueRequired":true,"valueName":"search_term_string"}}],"inLanguage":"es"},{"@type":"Organization","@id":"https:\/\/www.ugtcomunicaciones.es\/wordpress\/#organization","name":"UGT Comunicaciones","url":"https:\/\/www.ugtcomunicaciones.es\/wordpress\/","logo":{"@type":"ImageObject","inLanguage":"es","@id":"https:\/\/www.ugtcomunicaciones.es\/wordpress\/#\/schema\/logo\/image\/","url":"https:\/\/www.ugtcomunicaciones.es\/wordpress\/wp-content\/uploads\/2024\/04\/comunicaciones_logo.png","contentUrl":"https:\/\/www.ugtcomunicaciones.es\/wordpress\/wp-content\/uploads\/2024\/04\/comunicaciones_logo.png","width":298,"height":81,"caption":"UGT Comunicaciones"},"image":{"@id":"https:\/\/www.ugtcomunicaciones.es\/wordpress\/#\/schema\/logo\/image\/"},"sameAs":["https:\/\/www.facebook.com\/ugt.comunicaciones\/","https:\/\/x.com\/ugtcom"]},{"@type":"Person","@id":"https:\/\/www.ugtcomunicaciones.es\/wordpress\/#\/schema\/person\/c5832697c991fe71075d106bc70c9a23","name":"UGT","image":{"@type":"ImageObject","inLanguage":"es","@id":"https:\/\/secure.gravatar.com\/avatar\/dd1616245c7b0acc4a49731f0bd544f05506efa3993d3353b5c4141dbe80b813?s=96&d=mm&r=g","url":"https:\/\/secure.gravatar.com\/avatar\/dd1616245c7b0acc4a49731f0bd544f05506efa3993d3353b5c4141dbe80b813?s=96&d=mm&r=g","contentUrl":"https:\/\/secure.gravatar.com\/avatar\/dd1616245c7b0acc4a49731f0bd544f05506efa3993d3353b5c4141dbe80b813?s=96&d=mm&r=g","caption":"UGT"}}]}},"_links":{"self":[{"href":"https:\/\/www.ugtcomunicaciones.es\/wordpress\/wp-json\/wp\/v2\/posts\/1066657","targetHints":{"allow":["GET"]}}],"collection":[{"href":"https:\/\/www.ugtcomunicaciones.es\/wordpress\/wp-json\/wp\/v2\/posts"}],"about":[{"href":"https:\/\/www.ugtcomunicaciones.es\/wordpress\/wp-json\/wp\/v2\/types\/post"}],"author":[{"embeddable":true,"href":"https:\/\/www.ugtcomunicaciones.es\/wordpress\/wp-json\/wp\/v2\/users\/8"}],"replies":[{"embeddable":true,"href":"https:\/\/www.ugtcomunicaciones.es\/wordpress\/wp-json\/wp\/v2\/comments?post=1066657"}],"version-history":[{"count":1,"href":"https:\/\/www.ugtcomunicaciones.es\/wordpress\/wp-json\/wp\/v2\/posts\/1066657\/revisions"}],"predecessor-version":[{"id":1066658,"href":"https:\/\/www.ugtcomunicaciones.es\/wordpress\/wp-json\/wp\/v2\/posts\/1066657\/revisions\/1066658"}],"wp:featuredmedia":[{"embeddable":true,"href":"https:\/\/www.ugtcomunicaciones.es\/wordpress\/wp-json\/wp\/v2\/media\/662123"}],"wp:attachment":[{"href":"https:\/\/www.ugtcomunicaciones.es\/wordpress\/wp-json\/wp\/v2\/media?parent=1066657"}],"wp:term":[{"taxonomy":"category","embeddable":true,"href":"https:\/\/www.ugtcomunicaciones.es\/wordpress\/wp-json\/wp\/v2\/categories?post=1066657"},{"taxonomy":"post_tag","embeddable":true,"href":"https:\/\/www.ugtcomunicaciones.es\/wordpress\/wp-json\/wp\/v2\/tags?post=1066657"}],"curies":[{"name":"wp","href":"https:\/\/api.w.org\/{rel}","templated":true}]}}