{"id":1066701,"date":"2024-01-15T07:30:54","date_gmt":"2024-01-15T05:30:54","guid":{"rendered":"https:\/\/www.ugtcomunicaciones.es\/wordpress\/?p=1066701"},"modified":"2024-01-08T12:11:12","modified_gmt":"2024-01-08T10:11:12","slug":"1066701-2","status":"publish","type":"post","link":"https:\/\/www.ugtcomunicaciones.es\/wordpress\/1066701-2\/","title":{"rendered":"Espa\u00f1a y las TIC 2T2023: se alcanza el tope de usuarios de internet"},"content":{"rendered":"<p style=\"text-align: justify;\">Nuevos datos sobre la transformaci\u00f3n digital que se est\u00e1 desarrollando entre nuestra ciudadan\u00eda y empresas, difundidos por el Panel de Hogares de la CNMC correspondientes al segundo trimestre de 2023.<\/p>\n<p style=\"text-align: justify;\">El primer dato llamativo es el referido al estancamiento de los usuarios de Internet. El porcentaje de personas que han usado Internet se ha detenido en torno al 90%, sin apenas crecimiento alguno desde hace dos a\u00f1os y completamente inamovible en el \u00faltimo a\u00f1o. Como hemos indicado en <a href=\"https:\/\/www.fesmcugt.org\/wp-content\/uploads\/2023\/02\/De-las-redes-a-las-competencias.-La-Brecha-Digital-en-Espana-3era-version-2023-VF.pdf\" target=\"_blank\" rel=\"noopener\">m\u00faltiples ocasiones<\/a><a href=\"#_ftn1\" name=\"_ftnref1\"><\/a>, la Brecha Digital que sufre nuestra ciudadan\u00eda es todav\u00eda muy elevada, puesto que al menos un 10% no usan la red de redes.<\/p>\n<p><img decoding=\"async\" class=\"aligncenter wp-image-1066709 size-full lazyload\" data-src=\"https:\/\/www.ugtcomunicaciones.es\/wordpress\/wp-content\/uploads\/2024\/01\/Espana_01.jpg\" alt=\"\" width=\"643\" height=\"434\" data-srcset=\"https:\/\/www.ugtcomunicaciones.es\/wordpress\/wp-content\/uploads\/2024\/01\/Espana_01.jpg 643w, https:\/\/www.ugtcomunicaciones.es\/wordpress\/wp-content\/uploads\/2024\/01\/Espana_01-300x202.jpg 300w, https:\/\/www.ugtcomunicaciones.es\/wordpress\/wp-content\/uploads\/2024\/01\/Espana_01-622x420.jpg 622w, https:\/\/www.ugtcomunicaciones.es\/wordpress\/wp-content\/uploads\/2024\/01\/Espana_01-640x432.jpg 640w\" data-sizes=\"(max-width: 643px) 100vw, 643px\" src=\"data:image\/svg+xml;base64,PHN2ZyB3aWR0aD0iMSIgaGVpZ2h0PSIxIiB4bWxucz0iaHR0cDovL3d3dy53My5vcmcvMjAwMC9zdmciPjwvc3ZnPg==\" style=\"--smush-placeholder-width: 643px; --smush-placeholder-aspect-ratio: 643\/434;\" \/><\/p>\n<p style=\"text-align: justify;\">La frecuencia de uso s\u00ed demuestra un constante incremento, aunque la estad\u00edstica comienza a quedarse anticuada: se necesita una concreci\u00f3n en el valor de \u201cvarias veces al d\u00eda\u201d para comprobar si dicha intensidad realmente aumenta:<\/p>\n<p><img decoding=\"async\" class=\"aligncenter wp-image-1066708 size-full lazyload\" data-src=\"https:\/\/www.ugtcomunicaciones.es\/wordpress\/wp-content\/uploads\/2024\/01\/Espana_02.jpg\" alt=\"\" width=\"616\" height=\"191\" data-srcset=\"https:\/\/www.ugtcomunicaciones.es\/wordpress\/wp-content\/uploads\/2024\/01\/Espana_02.jpg 616w, https:\/\/www.ugtcomunicaciones.es\/wordpress\/wp-content\/uploads\/2024\/01\/Espana_02-300x93.jpg 300w\" data-sizes=\"(max-width: 616px) 100vw, 616px\" src=\"data:image\/svg+xml;base64,PHN2ZyB3aWR0aD0iMSIgaGVpZ2h0PSIxIiB4bWxucz0iaHR0cDovL3d3dy53My5vcmcvMjAwMC9zdmciPjwvc3ZnPg==\" style=\"--smush-placeholder-width: 616px; --smush-placeholder-aspect-ratio: 616\/191;\" \/><\/p>\n<p>&nbsp;<\/p>\n<p style=\"text-align: justify;\">Otro aspecto que refleja un continuo aumento es el uso del Internet m\u00f3vil, que no para de crecer, demostrando que la pantalla del smartphone es la principal v\u00eda de entrada a la Red:<\/p>\n<p style=\"text-align: justify;\"><b>Individuos que utilizan Internet en su tel\u00e9fono m\u00f3vil (no incluye aquellos que se conectan \u00fanicamente usando wifi inal\u00e1mbrico) (porcentaje de individuos)<\/b><\/p>\n<p><img decoding=\"async\" class=\"aligncenter wp-image-1066707 size-full lazyload\" data-src=\"https:\/\/www.ugtcomunicaciones.es\/wordpress\/wp-content\/uploads\/2024\/01\/Espana_03.jpg\" alt=\"\" width=\"694\" height=\"364\" data-srcset=\"https:\/\/www.ugtcomunicaciones.es\/wordpress\/wp-content\/uploads\/2024\/01\/Espana_03.jpg 694w, https:\/\/www.ugtcomunicaciones.es\/wordpress\/wp-content\/uploads\/2024\/01\/Espana_03-300x157.jpg 300w, https:\/\/www.ugtcomunicaciones.es\/wordpress\/wp-content\/uploads\/2024\/01\/Espana_03-640x336.jpg 640w, https:\/\/www.ugtcomunicaciones.es\/wordpress\/wp-content\/uploads\/2024\/01\/Espana_03-681x357.jpg 681w\" data-sizes=\"(max-width: 694px) 100vw, 694px\" src=\"data:image\/svg+xml;base64,PHN2ZyB3aWR0aD0iMSIgaGVpZ2h0PSIxIiB4bWxucz0iaHR0cDovL3d3dy53My5vcmcvMjAwMC9zdmciPjwvc3ZnPg==\" style=\"--smush-placeholder-width: 694px; --smush-placeholder-aspect-ratio: 694\/364;\" \/><\/p>\n<p style=\"text-align: justify;\">La m\u00e9trica de mensajer\u00eda instant\u00e1nea tambi\u00e9n resulta de inter\u00e9s. El poder\u00edo indiscutible de WhatsApp se refuerza con el segundo puesto de Instagram y el tercero de Facebook Messenger, todas propiedad de Facebook-Meta. Telegram, a pesar de sus aspiraciones, no opta ni al p\u00f3dium y aparece Discord, muy empleada por la juventud como un valor al alza:<\/p>\n<p style=\"text-align: justify;\"><strong>Servicios de mensajer\u00eda online usados habitualmente (porcentaje de individuos)<\/strong><\/p>\n<p><img decoding=\"async\" class=\"aligncenter wp-image-1066706 size-full lazyload\" data-src=\"https:\/\/www.ugtcomunicaciones.es\/wordpress\/wp-content\/uploads\/2024\/01\/Espana_04.jpg\" alt=\"\" width=\"623\" height=\"683\" data-srcset=\"https:\/\/www.ugtcomunicaciones.es\/wordpress\/wp-content\/uploads\/2024\/01\/Espana_04.jpg 623w, https:\/\/www.ugtcomunicaciones.es\/wordpress\/wp-content\/uploads\/2024\/01\/Espana_04-274x300.jpg 274w, https:\/\/www.ugtcomunicaciones.es\/wordpress\/wp-content\/uploads\/2024\/01\/Espana_04-383x420.jpg 383w\" data-sizes=\"(max-width: 623px) 100vw, 623px\" src=\"data:image\/svg+xml;base64,PHN2ZyB3aWR0aD0iMSIgaGVpZ2h0PSIxIiB4bWxucz0iaHR0cDovL3d3dy53My5vcmcvMjAwMC9zdmciPjwvc3ZnPg==\" style=\"--smush-placeholder-width: 623px; --smush-placeholder-aspect-ratio: 623\/683;\" \/><\/p>\n<p style=\"text-align: justify;\">Finalmente, traemos a colaci\u00f3n como han cambiado los h\u00e1bitos de consumo de los clientes de servicios de telecomunicaciones. Un 43% ya no llama nunca por tel\u00e9fono fijo y un 64% ya nunca env\u00eda SMS. Los reyes de la comunicaci\u00f3n son los mensajes por WhatsApp (70,5%), llamar por tel\u00e9fono m\u00f3vil (35%) y enviar notas de voz por WhatsApp (30%)<\/p>\n<p style=\"text-align: justify;\"><strong>Frecuencia de uso de las llamadas y mensajes mediante servicios de comunicaci\u00f3n tradicionales y OTT (porcentaje de individuos), 2T2023<\/strong><\/p>\n<p><img decoding=\"async\" class=\"aligncenter wp-image-1066705 size-full lazyload\" data-src=\"https:\/\/www.ugtcomunicaciones.es\/wordpress\/wp-content\/uploads\/2024\/01\/Espana_05.jpg\" alt=\"\" width=\"741\" height=\"501\" data-srcset=\"https:\/\/www.ugtcomunicaciones.es\/wordpress\/wp-content\/uploads\/2024\/01\/Espana_05.jpg 741w, https:\/\/www.ugtcomunicaciones.es\/wordpress\/wp-content\/uploads\/2024\/01\/Espana_05-300x203.jpg 300w, https:\/\/www.ugtcomunicaciones.es\/wordpress\/wp-content\/uploads\/2024\/01\/Espana_05-621x420.jpg 621w, https:\/\/www.ugtcomunicaciones.es\/wordpress\/wp-content\/uploads\/2024\/01\/Espana_05-640x433.jpg 640w, https:\/\/www.ugtcomunicaciones.es\/wordpress\/wp-content\/uploads\/2024\/01\/Espana_05-681x460.jpg 681w\" data-sizes=\"(max-width: 741px) 100vw, 741px\" src=\"data:image\/svg+xml;base64,PHN2ZyB3aWR0aD0iMSIgaGVpZ2h0PSIxIiB4bWxucz0iaHR0cDovL3d3dy53My5vcmcvMjAwMC9zdmciPjwvc3ZnPg==\" style=\"--smush-placeholder-width: 741px; --smush-placeholder-aspect-ratio: 741\/501;\" \/><\/p>\n<h4 style=\"text-align: right;\"><span style=\"color: #ff0000;\"><strong>UGT<\/strong><\/span><strong> Comunicaciones<\/strong><\/h4>\n","protected":false},"excerpt":{"rendered":"<p>Nuevos datos sobre la transformaci\u00f3n digital que se est\u00e1 desarrollando entre nuestra ciudadan\u00eda y empresas, difundidos por el Panel de Hogares de la CNMC correspondientes al segundo trimestre de 2023. El primer dato llamativo es el referido al estancamiento de los usuarios de Internet. El porcentaje de personas que han usado Internet se ha detenido [&hellip;]<\/p>\n","protected":false},"author":3,"featured_media":449565,"comment_status":"closed","ping_status":"closed","sticky":false,"template":"","format":"standard","meta":{"footnotes":""},"categories":[13,12],"tags":[],"class_list":["post-1066701","post","type-post","status-publish","format-standard","has-post-thumbnail","hentry","category-mercado-comunicaciones","category-regulacion"],"yoast_head":"<!-- This site is optimized with the Yoast SEO Premium plugin v27.3 (Yoast SEO v27.4) - https:\/\/yoast.com\/product\/yoast-seo-premium-wordpress\/ -->\n<title>Espa\u00f1a y las TIC 2T2023: se alcanza el tope de usuarios de internet - UGT Comunicaciones<\/title>\n<meta name=\"robots\" content=\"index, follow, max-snippet:-1, max-image-preview:large, max-video-preview:-1\" \/>\n<link rel=\"canonical\" href=\"https:\/\/www.ugtcomunicaciones.es\/wordpress\/1066701-2\/\" \/>\n<meta property=\"og:locale\" content=\"es_ES\" \/>\n<meta property=\"og:type\" content=\"article\" \/>\n<meta property=\"og:title\" content=\"Espa\u00f1a y las TIC 2T2023: se alcanza el tope de usuarios de internet\" \/>\n<meta property=\"og:description\" content=\"Nuevos datos sobre la transformaci\u00f3n digital que se est\u00e1 desarrollando entre nuestra ciudadan\u00eda y empresas, difundidos por el Panel de Hogares de la CNMC correspondientes al segundo trimestre de 2023. El primer dato llamativo es el referido al estancamiento de los usuarios de Internet. El porcentaje de personas que han usado Internet se ha detenido [&hellip;]\" \/>\n<meta property=\"og:url\" content=\"https:\/\/www.ugtcomunicaciones.es\/wordpress\/1066701-2\/\" \/>\n<meta property=\"og:site_name\" content=\"UGT Comunicaciones\" \/>\n<meta property=\"article:publisher\" content=\"https:\/\/www.facebook.com\/ugt.comunicaciones\/\" \/>\n<meta property=\"article:published_time\" content=\"2024-01-15T05:30:54+00:00\" \/>\n<meta property=\"og:image\" content=\"https:\/\/www.ugtcomunicaciones.es\/wordpress\/wp-content\/uploads\/2019\/11\/La-espa\u00f1a-digital.jpg\" \/>\n\t<meta property=\"og:image:width\" content=\"600\" \/>\n\t<meta property=\"og:image:height\" content=\"421\" \/>\n\t<meta property=\"og:image:type\" content=\"image\/jpeg\" \/>\n<meta name=\"author\" content=\"UGT\" \/>\n<meta name=\"twitter:card\" content=\"summary_large_image\" \/>\n<meta name=\"twitter:creator\" content=\"@ugtcom\" \/>\n<meta name=\"twitter:site\" content=\"@ugtcom\" \/>\n<meta name=\"twitter:label1\" content=\"Escrito por\" \/>\n\t<meta name=\"twitter:data1\" content=\"UGT\" \/>\n\t<meta name=\"twitter:label2\" content=\"Tiempo de lectura\" \/>\n\t<meta name=\"twitter:data2\" content=\"2 minutos\" \/>\n<script type=\"application\/ld+json\" class=\"yoast-schema-graph\">{\"@context\":\"https:\\\/\\\/schema.org\",\"@graph\":[{\"@type\":\"Article\",\"@id\":\"https:\\\/\\\/www.ugtcomunicaciones.es\\\/wordpress\\\/1066701-2\\\/#article\",\"isPartOf\":{\"@id\":\"https:\\\/\\\/www.ugtcomunicaciones.es\\\/wordpress\\\/1066701-2\\\/\"},\"author\":{\"name\":\"UGT\",\"@id\":\"https:\\\/\\\/www.ugtcomunicaciones.es\\\/wordpress\\\/#\\\/schema\\\/person\\\/eba0fc3fe5b444531d94d4368cba89ed\"},\"headline\":\"Espa\u00f1a y las TIC 2T2023: se alcanza el tope de usuarios de internet\",\"datePublished\":\"2024-01-15T05:30:54+00:00\",\"mainEntityOfPage\":{\"@id\":\"https:\\\/\\\/www.ugtcomunicaciones.es\\\/wordpress\\\/1066701-2\\\/\"},\"wordCount\":374,\"publisher\":{\"@id\":\"https:\\\/\\\/www.ugtcomunicaciones.es\\\/wordpress\\\/#organization\"},\"image\":{\"@id\":\"https:\\\/\\\/www.ugtcomunicaciones.es\\\/wordpress\\\/1066701-2\\\/#primaryimage\"},\"thumbnailUrl\":\"https:\\\/\\\/www.ugtcomunicaciones.es\\\/wordpress\\\/wp-content\\\/uploads\\\/2019\\\/11\\\/La-espa\u00f1a-digital.jpg\",\"articleSection\":[\"Mercado Comunicaciones\",\"Regulaci\u00f3n\"],\"inLanguage\":\"es\"},{\"@type\":\"WebPage\",\"@id\":\"https:\\\/\\\/www.ugtcomunicaciones.es\\\/wordpress\\\/1066701-2\\\/\",\"url\":\"https:\\\/\\\/www.ugtcomunicaciones.es\\\/wordpress\\\/1066701-2\\\/\",\"name\":\"Espa\u00f1a y las TIC 2T2023: se alcanza el tope de usuarios de internet - UGT Comunicaciones\",\"isPartOf\":{\"@id\":\"https:\\\/\\\/www.ugtcomunicaciones.es\\\/wordpress\\\/#website\"},\"primaryImageOfPage\":{\"@id\":\"https:\\\/\\\/www.ugtcomunicaciones.es\\\/wordpress\\\/1066701-2\\\/#primaryimage\"},\"image\":{\"@id\":\"https:\\\/\\\/www.ugtcomunicaciones.es\\\/wordpress\\\/1066701-2\\\/#primaryimage\"},\"thumbnailUrl\":\"https:\\\/\\\/www.ugtcomunicaciones.es\\\/wordpress\\\/wp-content\\\/uploads\\\/2019\\\/11\\\/La-espa\u00f1a-digital.jpg\",\"datePublished\":\"2024-01-15T05:30:54+00:00\",\"breadcrumb\":{\"@id\":\"https:\\\/\\\/www.ugtcomunicaciones.es\\\/wordpress\\\/1066701-2\\\/#breadcrumb\"},\"inLanguage\":\"es\",\"potentialAction\":[{\"@type\":\"ReadAction\",\"target\":[\"https:\\\/\\\/www.ugtcomunicaciones.es\\\/wordpress\\\/1066701-2\\\/\"]}]},{\"@type\":\"ImageObject\",\"inLanguage\":\"es\",\"@id\":\"https:\\\/\\\/www.ugtcomunicaciones.es\\\/wordpress\\\/1066701-2\\\/#primaryimage\",\"url\":\"https:\\\/\\\/www.ugtcomunicaciones.es\\\/wordpress\\\/wp-content\\\/uploads\\\/2019\\\/11\\\/La-espa\u00f1a-digital.jpg\",\"contentUrl\":\"https:\\\/\\\/www.ugtcomunicaciones.es\\\/wordpress\\\/wp-content\\\/uploads\\\/2019\\\/11\\\/La-espa\u00f1a-digital.jpg\",\"width\":600,\"height\":421,\"caption\":\"espa\u00f1a telecomunicaciones\"},{\"@type\":\"BreadcrumbList\",\"@id\":\"https:\\\/\\\/www.ugtcomunicaciones.es\\\/wordpress\\\/1066701-2\\\/#breadcrumb\",\"itemListElement\":[{\"@type\":\"ListItem\",\"position\":1,\"name\":\"Portada\",\"item\":\"https:\\\/\\\/www.ugtcomunicaciones.es\\\/wordpress\\\/\"},{\"@type\":\"ListItem\",\"position\":2,\"name\":\"Espa\u00f1a y las TIC 2T2023: se alcanza el tope de usuarios de internet\"}]},{\"@type\":\"WebSite\",\"@id\":\"https:\\\/\\\/www.ugtcomunicaciones.es\\\/wordpress\\\/#website\",\"url\":\"https:\\\/\\\/www.ugtcomunicaciones.es\\\/wordpress\\\/\",\"name\":\"UGT Comunicaciones\",\"description\":\"Sindicato de Telecomunicaciones\",\"publisher\":{\"@id\":\"https:\\\/\\\/www.ugtcomunicaciones.es\\\/wordpress\\\/#organization\"},\"potentialAction\":[{\"@type\":\"SearchAction\",\"target\":{\"@type\":\"EntryPoint\",\"urlTemplate\":\"https:\\\/\\\/www.ugtcomunicaciones.es\\\/wordpress\\\/?s={search_term_string}\"},\"query-input\":{\"@type\":\"PropertyValueSpecification\",\"valueRequired\":true,\"valueName\":\"search_term_string\"}}],\"inLanguage\":\"es\"},{\"@type\":\"Organization\",\"@id\":\"https:\\\/\\\/www.ugtcomunicaciones.es\\\/wordpress\\\/#organization\",\"name\":\"UGT Comunicaciones\",\"url\":\"https:\\\/\\\/www.ugtcomunicaciones.es\\\/wordpress\\\/\",\"logo\":{\"@type\":\"ImageObject\",\"inLanguage\":\"es\",\"@id\":\"https:\\\/\\\/www.ugtcomunicaciones.es\\\/wordpress\\\/#\\\/schema\\\/logo\\\/image\\\/\",\"url\":\"https:\\\/\\\/www.ugtcomunicaciones.es\\\/wordpress\\\/wp-content\\\/uploads\\\/2024\\\/04\\\/comunicaciones_logo.png\",\"contentUrl\":\"https:\\\/\\\/www.ugtcomunicaciones.es\\\/wordpress\\\/wp-content\\\/uploads\\\/2024\\\/04\\\/comunicaciones_logo.png\",\"width\":298,\"height\":81,\"caption\":\"UGT Comunicaciones\"},\"image\":{\"@id\":\"https:\\\/\\\/www.ugtcomunicaciones.es\\\/wordpress\\\/#\\\/schema\\\/logo\\\/image\\\/\"},\"sameAs\":[\"https:\\\/\\\/www.facebook.com\\\/ugt.comunicaciones\\\/\",\"https:\\\/\\\/x.com\\\/ugtcom\"]},{\"@type\":\"Person\",\"@id\":\"https:\\\/\\\/www.ugtcomunicaciones.es\\\/wordpress\\\/#\\\/schema\\\/person\\\/eba0fc3fe5b444531d94d4368cba89ed\",\"name\":\"UGT\",\"image\":{\"@type\":\"ImageObject\",\"inLanguage\":\"es\",\"@id\":\"https:\\\/\\\/secure.gravatar.com\\\/avatar\\\/2a16057d620a4c646bcfc171c4f23030879ebbdd346f0525bd5d4a564e57e13d?s=96&d=mm&r=g\",\"url\":\"https:\\\/\\\/secure.gravatar.com\\\/avatar\\\/2a16057d620a4c646bcfc171c4f23030879ebbdd346f0525bd5d4a564e57e13d?s=96&d=mm&r=g\",\"contentUrl\":\"https:\\\/\\\/secure.gravatar.com\\\/avatar\\\/2a16057d620a4c646bcfc171c4f23030879ebbdd346f0525bd5d4a564e57e13d?s=96&d=mm&r=g\",\"caption\":\"UGT\"}}]}<\/script>\n<!-- \/ Yoast SEO Premium plugin. -->","yoast_head_json":{"title":"Espa\u00f1a y las TIC 2T2023: se alcanza el tope de usuarios de internet - UGT Comunicaciones","robots":{"index":"index","follow":"follow","max-snippet":"max-snippet:-1","max-image-preview":"max-image-preview:large","max-video-preview":"max-video-preview:-1"},"canonical":"https:\/\/www.ugtcomunicaciones.es\/wordpress\/1066701-2\/","og_locale":"es_ES","og_type":"article","og_title":"Espa\u00f1a y las TIC 2T2023: se alcanza el tope de usuarios de internet","og_description":"Nuevos datos sobre la transformaci\u00f3n digital que se est\u00e1 desarrollando entre nuestra ciudadan\u00eda y empresas, difundidos por el Panel de Hogares de la CNMC correspondientes al segundo trimestre de 2023. El primer dato llamativo es el referido al estancamiento de los usuarios de Internet. El porcentaje de personas que han usado Internet se ha detenido [&hellip;]","og_url":"https:\/\/www.ugtcomunicaciones.es\/wordpress\/1066701-2\/","og_site_name":"UGT Comunicaciones","article_publisher":"https:\/\/www.facebook.com\/ugt.comunicaciones\/","article_published_time":"2024-01-15T05:30:54+00:00","og_image":[{"width":600,"height":421,"url":"https:\/\/www.ugtcomunicaciones.es\/wordpress\/wp-content\/uploads\/2019\/11\/La-espa\u00f1a-digital.jpg","type":"image\/jpeg"}],"author":"UGT","twitter_card":"summary_large_image","twitter_creator":"@ugtcom","twitter_site":"@ugtcom","twitter_misc":{"Escrito por":"UGT","Tiempo de lectura":"2 minutos"},"schema":{"@context":"https:\/\/schema.org","@graph":[{"@type":"Article","@id":"https:\/\/www.ugtcomunicaciones.es\/wordpress\/1066701-2\/#article","isPartOf":{"@id":"https:\/\/www.ugtcomunicaciones.es\/wordpress\/1066701-2\/"},"author":{"name":"UGT","@id":"https:\/\/www.ugtcomunicaciones.es\/wordpress\/#\/schema\/person\/eba0fc3fe5b444531d94d4368cba89ed"},"headline":"Espa\u00f1a y las TIC 2T2023: se alcanza el tope de usuarios de internet","datePublished":"2024-01-15T05:30:54+00:00","mainEntityOfPage":{"@id":"https:\/\/www.ugtcomunicaciones.es\/wordpress\/1066701-2\/"},"wordCount":374,"publisher":{"@id":"https:\/\/www.ugtcomunicaciones.es\/wordpress\/#organization"},"image":{"@id":"https:\/\/www.ugtcomunicaciones.es\/wordpress\/1066701-2\/#primaryimage"},"thumbnailUrl":"https:\/\/www.ugtcomunicaciones.es\/wordpress\/wp-content\/uploads\/2019\/11\/La-espa\u00f1a-digital.jpg","articleSection":["Mercado Comunicaciones","Regulaci\u00f3n"],"inLanguage":"es"},{"@type":"WebPage","@id":"https:\/\/www.ugtcomunicaciones.es\/wordpress\/1066701-2\/","url":"https:\/\/www.ugtcomunicaciones.es\/wordpress\/1066701-2\/","name":"Espa\u00f1a y las TIC 2T2023: se alcanza el tope de usuarios de internet - UGT Comunicaciones","isPartOf":{"@id":"https:\/\/www.ugtcomunicaciones.es\/wordpress\/#website"},"primaryImageOfPage":{"@id":"https:\/\/www.ugtcomunicaciones.es\/wordpress\/1066701-2\/#primaryimage"},"image":{"@id":"https:\/\/www.ugtcomunicaciones.es\/wordpress\/1066701-2\/#primaryimage"},"thumbnailUrl":"https:\/\/www.ugtcomunicaciones.es\/wordpress\/wp-content\/uploads\/2019\/11\/La-espa\u00f1a-digital.jpg","datePublished":"2024-01-15T05:30:54+00:00","breadcrumb":{"@id":"https:\/\/www.ugtcomunicaciones.es\/wordpress\/1066701-2\/#breadcrumb"},"inLanguage":"es","potentialAction":[{"@type":"ReadAction","target":["https:\/\/www.ugtcomunicaciones.es\/wordpress\/1066701-2\/"]}]},{"@type":"ImageObject","inLanguage":"es","@id":"https:\/\/www.ugtcomunicaciones.es\/wordpress\/1066701-2\/#primaryimage","url":"https:\/\/www.ugtcomunicaciones.es\/wordpress\/wp-content\/uploads\/2019\/11\/La-espa\u00f1a-digital.jpg","contentUrl":"https:\/\/www.ugtcomunicaciones.es\/wordpress\/wp-content\/uploads\/2019\/11\/La-espa\u00f1a-digital.jpg","width":600,"height":421,"caption":"espa\u00f1a telecomunicaciones"},{"@type":"BreadcrumbList","@id":"https:\/\/www.ugtcomunicaciones.es\/wordpress\/1066701-2\/#breadcrumb","itemListElement":[{"@type":"ListItem","position":1,"name":"Portada","item":"https:\/\/www.ugtcomunicaciones.es\/wordpress\/"},{"@type":"ListItem","position":2,"name":"Espa\u00f1a y las TIC 2T2023: se alcanza el tope de usuarios de internet"}]},{"@type":"WebSite","@id":"https:\/\/www.ugtcomunicaciones.es\/wordpress\/#website","url":"https:\/\/www.ugtcomunicaciones.es\/wordpress\/","name":"UGT Comunicaciones","description":"Sindicato de Telecomunicaciones","publisher":{"@id":"https:\/\/www.ugtcomunicaciones.es\/wordpress\/#organization"},"potentialAction":[{"@type":"SearchAction","target":{"@type":"EntryPoint","urlTemplate":"https:\/\/www.ugtcomunicaciones.es\/wordpress\/?s={search_term_string}"},"query-input":{"@type":"PropertyValueSpecification","valueRequired":true,"valueName":"search_term_string"}}],"inLanguage":"es"},{"@type":"Organization","@id":"https:\/\/www.ugtcomunicaciones.es\/wordpress\/#organization","name":"UGT Comunicaciones","url":"https:\/\/www.ugtcomunicaciones.es\/wordpress\/","logo":{"@type":"ImageObject","inLanguage":"es","@id":"https:\/\/www.ugtcomunicaciones.es\/wordpress\/#\/schema\/logo\/image\/","url":"https:\/\/www.ugtcomunicaciones.es\/wordpress\/wp-content\/uploads\/2024\/04\/comunicaciones_logo.png","contentUrl":"https:\/\/www.ugtcomunicaciones.es\/wordpress\/wp-content\/uploads\/2024\/04\/comunicaciones_logo.png","width":298,"height":81,"caption":"UGT Comunicaciones"},"image":{"@id":"https:\/\/www.ugtcomunicaciones.es\/wordpress\/#\/schema\/logo\/image\/"},"sameAs":["https:\/\/www.facebook.com\/ugt.comunicaciones\/","https:\/\/x.com\/ugtcom"]},{"@type":"Person","@id":"https:\/\/www.ugtcomunicaciones.es\/wordpress\/#\/schema\/person\/eba0fc3fe5b444531d94d4368cba89ed","name":"UGT","image":{"@type":"ImageObject","inLanguage":"es","@id":"https:\/\/secure.gravatar.com\/avatar\/2a16057d620a4c646bcfc171c4f23030879ebbdd346f0525bd5d4a564e57e13d?s=96&d=mm&r=g","url":"https:\/\/secure.gravatar.com\/avatar\/2a16057d620a4c646bcfc171c4f23030879ebbdd346f0525bd5d4a564e57e13d?s=96&d=mm&r=g","contentUrl":"https:\/\/secure.gravatar.com\/avatar\/2a16057d620a4c646bcfc171c4f23030879ebbdd346f0525bd5d4a564e57e13d?s=96&d=mm&r=g","caption":"UGT"}}]}},"_links":{"self":[{"href":"https:\/\/www.ugtcomunicaciones.es\/wordpress\/wp-json\/wp\/v2\/posts\/1066701","targetHints":{"allow":["GET"]}}],"collection":[{"href":"https:\/\/www.ugtcomunicaciones.es\/wordpress\/wp-json\/wp\/v2\/posts"}],"about":[{"href":"https:\/\/www.ugtcomunicaciones.es\/wordpress\/wp-json\/wp\/v2\/types\/post"}],"author":[{"embeddable":true,"href":"https:\/\/www.ugtcomunicaciones.es\/wordpress\/wp-json\/wp\/v2\/users\/3"}],"replies":[{"embeddable":true,"href":"https:\/\/www.ugtcomunicaciones.es\/wordpress\/wp-json\/wp\/v2\/comments?post=1066701"}],"version-history":[{"count":5,"href":"https:\/\/www.ugtcomunicaciones.es\/wordpress\/wp-json\/wp\/v2\/posts\/1066701\/revisions"}],"predecessor-version":[{"id":1066711,"href":"https:\/\/www.ugtcomunicaciones.es\/wordpress\/wp-json\/wp\/v2\/posts\/1066701\/revisions\/1066711"}],"wp:featuredmedia":[{"embeddable":true,"href":"https:\/\/www.ugtcomunicaciones.es\/wordpress\/wp-json\/wp\/v2\/media\/449565"}],"wp:attachment":[{"href":"https:\/\/www.ugtcomunicaciones.es\/wordpress\/wp-json\/wp\/v2\/media?parent=1066701"}],"wp:term":[{"taxonomy":"category","embeddable":true,"href":"https:\/\/www.ugtcomunicaciones.es\/wordpress\/wp-json\/wp\/v2\/categories?post=1066701"},{"taxonomy":"post_tag","embeddable":true,"href":"https:\/\/www.ugtcomunicaciones.es\/wordpress\/wp-json\/wp\/v2\/tags?post=1066701"}],"curies":[{"name":"wp","href":"https:\/\/api.w.org\/{rel}","templated":true}]}}