{"id":1066942,"date":"2024-05-08T07:30:05","date_gmt":"2024-05-08T06:30:05","guid":{"rendered":"https:\/\/www.ugtcomunicaciones.es\/wordpress\/?p=1066942"},"modified":"2024-04-25T13:01:54","modified_gmt":"2024-04-25T12:01:54","slug":"y-dos-anos-despues-llego-masorange","status":"publish","type":"post","link":"https:\/\/www.ugtcomunicaciones.es\/wordpress\/y-dos-anos-despues-llego-masorange\/","title":{"rendered":"Y dos a\u00f1os despu\u00e9s, lleg\u00f3 M\u00c1SORANGE"},"content":{"rendered":"<p style=\"text-align: justify;\">Pocas cosas quedan por decir m\u00e1s all\u00e1 de lo dicho en los dos \u00faltimos a\u00f1os. Constatar la lentitud y la letan\u00eda de un proceso que no ha sido el primero ni ser\u00e1 el \u00faltimo.<\/p>\n<p style=\"text-align: justify;\">Dos a\u00f1os en nuestro sector es demasiado tiempo, se mire por donde se mire. Pero m\u00e1s frustrante es comprobar c\u00f3mo se resuelve: volviendo a caer en los mismos errores del pasado.<\/p>\n<p style=\"text-align: justify;\">Hace ya una d\u00e9cada del anuncio de adquisici\u00f3n de ONO por parte de Vodafone. A aquel, le sigui\u00f3 Orange, comprando Jazztel un a\u00f1o despu\u00e9s. En el primer caso, se supon\u00eda que la fusi\u00f3n era complementaria, y en consecuencia no se le impusieron \u201c<a href=\"https:\/\/www.xatakamovil.com\/mercado\/telecos-usuarios-se-juegan-bruselas-que-remedies-como-afectaran-al-futuro-fusiones\" target=\"_blank\" rel=\"noopener\">remedies<\/a>\u201d. La segunda no se libr\u00f3 de ellos: se oblig\u00f3 a Orange a vender casi un mill\u00f3n de accesos de fibra (adem\u00e1s de otras cesiones), que acabaron, paradojas de esta inexplicable regulaci\u00f3n, en la entonces pujante M\u00e1sM\u00f3vil (que a su vez estaba inmersa en una mareante vor\u00e1gine de compras \u2013 Ibercom, Xtra Telecom, Yoigo, etc.).<\/p>\n<p style=\"text-align: justify;\">La fusi\u00f3n de Orange y M\u00e1sM\u00f3vil reitera este precepto de fusi\u00f3n = cesiones, con DIGI como m\u00e1ximo beneficiario (como antes lo fue Yoigo, y despu\u00e9s M\u00e1sM\u00f3vil). Entre medias, presenciamos la compra acumulativa de las tres cableras del norte de Espa\u00f1a (Euskatel, R y Telecable), que finalmente tambi\u00e9n acabaron en 2021 bajo el paraguas de M\u00e1sM\u00f3vil, ahora ya concomitante de Orange. En total, 21 marcas confluyendo bajo un mismo <a href=\"https:\/\/bandaancha.eu\/articulos\/estas-son-21-marcas-cuyos-clientes-veran-10201\" target=\"_blank\" rel=\"noopener\">propietario<\/a>.<\/p>\n<p style=\"text-align: justify;\">Tal secuencia podr\u00eda dar a entender que nuestro sector ha cambiado de arriba abajo en esta \u00faltima d\u00e9cada. Pero es una impresi\u00f3n que, siendo cierta en muchos sentidos, encierra una soterrada premisa de continuidad, tanto en su competitividad real como en su facturaci\u00f3n y n\u00famero de actores implicados.<\/p>\n<p style=\"text-align: justify;\">La siguiente tabla comparativa es prueba de ello: cuatro operadores (la eterna obsesi\u00f3n de Bruselas) que, con unas cuotas de mercado que pueden hasta considerarse parejas &#8211; con independencia de las marcas- se reparten casi la misma facturaci\u00f3n, a pesar de que el IPC acumulado en estos diez a\u00f1os supera el 21%. Las OMV, las ni\u00f1as mimadas de la CNMC, constatan as\u00ed su breve ciclo de vida: entran promovidas por la regulaci\u00f3n, engordan a base de tirar los precios y acaban siendo adquiridas por un tercero. Y vuelta a empezar, en una espiral que solo alimenta la especulaci\u00f3n y la inestabilidad laboral.<\/p>\n<p style=\"text-align: justify;\"><strong>Cuotas de mercado por operador de banda ancha fija<\/strong><\/p>\n<p><img decoding=\"async\" class=\"aligncenter wp-image-1066947 size-full lazyload\" data-src=\"https:\/\/www.ugtcomunicaciones.es\/wordpress\/wp-content\/uploads\/2024\/05\/masorange_02.jpg\" alt=\"\" width=\"699\" height=\"227\" data-srcset=\"https:\/\/www.ugtcomunicaciones.es\/wordpress\/wp-content\/uploads\/2024\/05\/masorange_02.jpg 699w, https:\/\/www.ugtcomunicaciones.es\/wordpress\/wp-content\/uploads\/2024\/05\/masorange_02-300x97.jpg 300w, https:\/\/www.ugtcomunicaciones.es\/wordpress\/wp-content\/uploads\/2024\/05\/masorange_02-640x208.jpg 640w, https:\/\/www.ugtcomunicaciones.es\/wordpress\/wp-content\/uploads\/2024\/05\/masorange_02-681x221.jpg 681w\" data-sizes=\"(max-width: 699px) 100vw, 699px\" src=\"data:image\/svg+xml;base64,PHN2ZyB3aWR0aD0iMSIgaGVpZ2h0PSIxIiB4bWxucz0iaHR0cDovL3d3dy53My5vcmcvMjAwMC9zdmciPjwvc3ZnPg==\" style=\"--smush-placeholder-width: 699px; --smush-placeholder-aspect-ratio: 699\/227;\" \/><\/p>\n<p style=\"text-align: justify;\">Porque s\u00ed, en esa misma d\u00e9cada, se han perdido 8.000 puestos de trabajo en todo el sector. Es imposible comprender c\u00f3mo se fomenta esta din\u00e1mica, salvo que recordemos la consabida triada de regulaci\u00f3n asim\u00e9trica, ineficiente y\u00a0<a href=\"https:\/\/cincodias.elpais.com\/cincodias\/2021\/03\/05\/companias\/1614970565_532434.html\" target=\"_blank\" rel=\"noopener\"><em>obsoleta<\/em><\/a><em>, con una CNMC apadrinando OMV y una CE empe\u00f1ada en mantener cuatro operadores, pese a quien le pese, aunque sea cre\u00e1ndolos artificialmente e instando a constantes ajustes de empleo. Una regulaci\u00f3n cada d\u00eda m\u00e1s lesiva para las personas trabajadoras.<\/em><\/p>\n<p style=\"text-align: justify;\">En resumen: se crea un gigante que liderar\u00e1 este sector en muchas m\u00e9tricas, l\u00edneas de negocio y aspectos, pero que solo el futuro confirmar\u00e1 si representa un cambio de tendencia o si vuelve a reafirmar la indolencia \u2013 y estulticia- de reguladores y legisladores ante sus propias fallas.<\/p>\n<p><a href=\"#_ftnref1\" name=\"_ftn1\"><\/a><\/p>\n<p><a href=\"#_ftnref3\" name=\"_ftn3\">[3]<\/a> <a href=\"https:\/\/www.cnmc.es\/sites\/default\/files\/1539369_7.pdf\">https:\/\/www.cnmc.es\/sites\/default\/files\/1539369_7.pdf<\/a><\/p>\n<p><a href=\"#_ftnref4\" name=\"_ftn4\">[4]<\/a> Ejercicio 2022, \u00faltimo a\u00f1o del que se disponen de datos completos. <a href=\"https:\/\/www.ugtcomunicaciones.es\/wordpress\/1066366-2\/\">https:\/\/www.ugtcomunicaciones.es\/wordpress\/1066366-2\/<\/a><\/p>\n<p>&nbsp;<\/p>\n","protected":false},"excerpt":{"rendered":"<p>Pocas cosas quedan por decir m\u00e1s all\u00e1 de lo dicho en los dos \u00faltimos a\u00f1os. Constatar la lentitud y la letan\u00eda de un proceso que no ha sido el primero ni ser\u00e1 el \u00faltimo. Dos a\u00f1os en nuestro sector es demasiado tiempo, se mire por donde se mire. Pero m\u00e1s frustrante es comprobar c\u00f3mo se [&hellip;]<\/p>\n","protected":false},"author":3,"featured_media":1066943,"comment_status":"closed","ping_status":"closed","sticky":false,"template":"","format":"standard","meta":{"footnotes":""},"categories":[14,12],"tags":[],"class_list":["post-1066942","post","type-post","status-publish","format-standard","has-post-thumbnail","hentry","category-opinion","category-regulacion"],"yoast_head":"<!-- This site is optimized with the Yoast SEO Premium plugin v27.3 (Yoast SEO v27.4) - https:\/\/yoast.com\/product\/yoast-seo-premium-wordpress\/ -->\n<title>Y dos a\u00f1os despu\u00e9s, lleg\u00f3 M\u00c1SORANGE - UGT Comunicaciones<\/title>\n<meta name=\"robots\" content=\"index, follow, max-snippet:-1, max-image-preview:large, max-video-preview:-1\" \/>\n<link rel=\"canonical\" href=\"https:\/\/www.ugtcomunicaciones.es\/wordpress\/y-dos-anos-despues-llego-masorange\/\" \/>\n<meta property=\"og:locale\" content=\"es_ES\" \/>\n<meta property=\"og:type\" content=\"article\" \/>\n<meta property=\"og:title\" content=\"Y dos a\u00f1os despu\u00e9s, lleg\u00f3 M\u00c1SORANGE\" \/>\n<meta property=\"og:description\" content=\"Pocas cosas quedan por decir m\u00e1s all\u00e1 de lo dicho en los dos \u00faltimos a\u00f1os. Constatar la lentitud y la letan\u00eda de un proceso que no ha sido el primero ni ser\u00e1 el \u00faltimo. Dos a\u00f1os en nuestro sector es demasiado tiempo, se mire por donde se mire. Pero m\u00e1s frustrante es comprobar c\u00f3mo se [&hellip;]\" \/>\n<meta property=\"og:url\" content=\"https:\/\/www.ugtcomunicaciones.es\/wordpress\/y-dos-anos-despues-llego-masorange\/\" \/>\n<meta property=\"og:site_name\" content=\"UGT Comunicaciones\" \/>\n<meta property=\"article:publisher\" content=\"https:\/\/www.facebook.com\/ugt.comunicaciones\/\" \/>\n<meta property=\"article:published_time\" content=\"2024-05-08T06:30:05+00:00\" \/>\n<meta property=\"og:image\" content=\"https:\/\/www.ugtcomunicaciones.es\/wordpress\/wp-content\/uploads\/2024\/04\/masorange.jpg\" \/>\n\t<meta property=\"og:image:width\" content=\"600\" \/>\n\t<meta property=\"og:image:height\" content=\"396\" \/>\n\t<meta property=\"og:image:type\" content=\"image\/jpeg\" \/>\n<meta name=\"author\" content=\"UGT\" \/>\n<meta name=\"twitter:card\" content=\"summary_large_image\" \/>\n<meta name=\"twitter:creator\" content=\"@ugtcom\" \/>\n<meta name=\"twitter:site\" content=\"@ugtcom\" \/>\n<meta name=\"twitter:label1\" content=\"Escrito por\" \/>\n\t<meta name=\"twitter:data1\" content=\"UGT\" \/>\n\t<meta name=\"twitter:label2\" content=\"Tiempo de lectura\" \/>\n\t<meta name=\"twitter:data2\" content=\"3 minutos\" \/>\n<script type=\"application\/ld+json\" class=\"yoast-schema-graph\">{\"@context\":\"https:\\\/\\\/schema.org\",\"@graph\":[{\"@type\":\"Article\",\"@id\":\"https:\\\/\\\/www.ugtcomunicaciones.es\\\/wordpress\\\/y-dos-anos-despues-llego-masorange\\\/#article\",\"isPartOf\":{\"@id\":\"https:\\\/\\\/www.ugtcomunicaciones.es\\\/wordpress\\\/y-dos-anos-despues-llego-masorange\\\/\"},\"author\":{\"name\":\"UGT\",\"@id\":\"https:\\\/\\\/www.ugtcomunicaciones.es\\\/wordpress\\\/#\\\/schema\\\/person\\\/eba0fc3fe5b444531d94d4368cba89ed\"},\"headline\":\"Y dos a\u00f1os despu\u00e9s, lleg\u00f3 M\u00c1SORANGE\",\"datePublished\":\"2024-05-08T06:30:05+00:00\",\"mainEntityOfPage\":{\"@id\":\"https:\\\/\\\/www.ugtcomunicaciones.es\\\/wordpress\\\/y-dos-anos-despues-llego-masorange\\\/\"},\"wordCount\":595,\"publisher\":{\"@id\":\"https:\\\/\\\/www.ugtcomunicaciones.es\\\/wordpress\\\/#organization\"},\"image\":{\"@id\":\"https:\\\/\\\/www.ugtcomunicaciones.es\\\/wordpress\\\/y-dos-anos-despues-llego-masorange\\\/#primaryimage\"},\"thumbnailUrl\":\"https:\\\/\\\/www.ugtcomunicaciones.es\\\/wordpress\\\/wp-content\\\/uploads\\\/2024\\\/04\\\/masorange.jpg\",\"articleSection\":[\"Opini\u00f3n\",\"Regulaci\u00f3n\"],\"inLanguage\":\"es\"},{\"@type\":\"WebPage\",\"@id\":\"https:\\\/\\\/www.ugtcomunicaciones.es\\\/wordpress\\\/y-dos-anos-despues-llego-masorange\\\/\",\"url\":\"https:\\\/\\\/www.ugtcomunicaciones.es\\\/wordpress\\\/y-dos-anos-despues-llego-masorange\\\/\",\"name\":\"Y dos a\u00f1os despu\u00e9s, lleg\u00f3 M\u00c1SORANGE - UGT Comunicaciones\",\"isPartOf\":{\"@id\":\"https:\\\/\\\/www.ugtcomunicaciones.es\\\/wordpress\\\/#website\"},\"primaryImageOfPage\":{\"@id\":\"https:\\\/\\\/www.ugtcomunicaciones.es\\\/wordpress\\\/y-dos-anos-despues-llego-masorange\\\/#primaryimage\"},\"image\":{\"@id\":\"https:\\\/\\\/www.ugtcomunicaciones.es\\\/wordpress\\\/y-dos-anos-despues-llego-masorange\\\/#primaryimage\"},\"thumbnailUrl\":\"https:\\\/\\\/www.ugtcomunicaciones.es\\\/wordpress\\\/wp-content\\\/uploads\\\/2024\\\/04\\\/masorange.jpg\",\"datePublished\":\"2024-05-08T06:30:05+00:00\",\"breadcrumb\":{\"@id\":\"https:\\\/\\\/www.ugtcomunicaciones.es\\\/wordpress\\\/y-dos-anos-despues-llego-masorange\\\/#breadcrumb\"},\"inLanguage\":\"es\",\"potentialAction\":[{\"@type\":\"ReadAction\",\"target\":[\"https:\\\/\\\/www.ugtcomunicaciones.es\\\/wordpress\\\/y-dos-anos-despues-llego-masorange\\\/\"]}]},{\"@type\":\"ImageObject\",\"inLanguage\":\"es\",\"@id\":\"https:\\\/\\\/www.ugtcomunicaciones.es\\\/wordpress\\\/y-dos-anos-despues-llego-masorange\\\/#primaryimage\",\"url\":\"https:\\\/\\\/www.ugtcomunicaciones.es\\\/wordpress\\\/wp-content\\\/uploads\\\/2024\\\/04\\\/masorange.jpg\",\"contentUrl\":\"https:\\\/\\\/www.ugtcomunicaciones.es\\\/wordpress\\\/wp-content\\\/uploads\\\/2024\\\/04\\\/masorange.jpg\",\"width\":600,\"height\":396},{\"@type\":\"BreadcrumbList\",\"@id\":\"https:\\\/\\\/www.ugtcomunicaciones.es\\\/wordpress\\\/y-dos-anos-despues-llego-masorange\\\/#breadcrumb\",\"itemListElement\":[{\"@type\":\"ListItem\",\"position\":1,\"name\":\"Portada\",\"item\":\"https:\\\/\\\/www.ugtcomunicaciones.es\\\/wordpress\\\/\"},{\"@type\":\"ListItem\",\"position\":2,\"name\":\"Y dos a\u00f1os despu\u00e9s, lleg\u00f3 M\u00c1SORANGE\"}]},{\"@type\":\"WebSite\",\"@id\":\"https:\\\/\\\/www.ugtcomunicaciones.es\\\/wordpress\\\/#website\",\"url\":\"https:\\\/\\\/www.ugtcomunicaciones.es\\\/wordpress\\\/\",\"name\":\"UGT Comunicaciones\",\"description\":\"Sindicato de Telecomunicaciones\",\"publisher\":{\"@id\":\"https:\\\/\\\/www.ugtcomunicaciones.es\\\/wordpress\\\/#organization\"},\"potentialAction\":[{\"@type\":\"SearchAction\",\"target\":{\"@type\":\"EntryPoint\",\"urlTemplate\":\"https:\\\/\\\/www.ugtcomunicaciones.es\\\/wordpress\\\/?s={search_term_string}\"},\"query-input\":{\"@type\":\"PropertyValueSpecification\",\"valueRequired\":true,\"valueName\":\"search_term_string\"}}],\"inLanguage\":\"es\"},{\"@type\":\"Organization\",\"@id\":\"https:\\\/\\\/www.ugtcomunicaciones.es\\\/wordpress\\\/#organization\",\"name\":\"UGT Comunicaciones\",\"url\":\"https:\\\/\\\/www.ugtcomunicaciones.es\\\/wordpress\\\/\",\"logo\":{\"@type\":\"ImageObject\",\"inLanguage\":\"es\",\"@id\":\"https:\\\/\\\/www.ugtcomunicaciones.es\\\/wordpress\\\/#\\\/schema\\\/logo\\\/image\\\/\",\"url\":\"https:\\\/\\\/www.ugtcomunicaciones.es\\\/wordpress\\\/wp-content\\\/uploads\\\/2024\\\/04\\\/comunicaciones_logo.png\",\"contentUrl\":\"https:\\\/\\\/www.ugtcomunicaciones.es\\\/wordpress\\\/wp-content\\\/uploads\\\/2024\\\/04\\\/comunicaciones_logo.png\",\"width\":298,\"height\":81,\"caption\":\"UGT Comunicaciones\"},\"image\":{\"@id\":\"https:\\\/\\\/www.ugtcomunicaciones.es\\\/wordpress\\\/#\\\/schema\\\/logo\\\/image\\\/\"},\"sameAs\":[\"https:\\\/\\\/www.facebook.com\\\/ugt.comunicaciones\\\/\",\"https:\\\/\\\/x.com\\\/ugtcom\"]},{\"@type\":\"Person\",\"@id\":\"https:\\\/\\\/www.ugtcomunicaciones.es\\\/wordpress\\\/#\\\/schema\\\/person\\\/eba0fc3fe5b444531d94d4368cba89ed\",\"name\":\"UGT\",\"image\":{\"@type\":\"ImageObject\",\"inLanguage\":\"es\",\"@id\":\"https:\\\/\\\/secure.gravatar.com\\\/avatar\\\/2a16057d620a4c646bcfc171c4f23030879ebbdd346f0525bd5d4a564e57e13d?s=96&d=mm&r=g\",\"url\":\"https:\\\/\\\/secure.gravatar.com\\\/avatar\\\/2a16057d620a4c646bcfc171c4f23030879ebbdd346f0525bd5d4a564e57e13d?s=96&d=mm&r=g\",\"contentUrl\":\"https:\\\/\\\/secure.gravatar.com\\\/avatar\\\/2a16057d620a4c646bcfc171c4f23030879ebbdd346f0525bd5d4a564e57e13d?s=96&d=mm&r=g\",\"caption\":\"UGT\"}}]}<\/script>\n<!-- \/ Yoast SEO Premium plugin. -->","yoast_head_json":{"title":"Y dos a\u00f1os despu\u00e9s, lleg\u00f3 M\u00c1SORANGE - UGT Comunicaciones","robots":{"index":"index","follow":"follow","max-snippet":"max-snippet:-1","max-image-preview":"max-image-preview:large","max-video-preview":"max-video-preview:-1"},"canonical":"https:\/\/www.ugtcomunicaciones.es\/wordpress\/y-dos-anos-despues-llego-masorange\/","og_locale":"es_ES","og_type":"article","og_title":"Y dos a\u00f1os despu\u00e9s, lleg\u00f3 M\u00c1SORANGE","og_description":"Pocas cosas quedan por decir m\u00e1s all\u00e1 de lo dicho en los dos \u00faltimos a\u00f1os. Constatar la lentitud y la letan\u00eda de un proceso que no ha sido el primero ni ser\u00e1 el \u00faltimo. Dos a\u00f1os en nuestro sector es demasiado tiempo, se mire por donde se mire. Pero m\u00e1s frustrante es comprobar c\u00f3mo se [&hellip;]","og_url":"https:\/\/www.ugtcomunicaciones.es\/wordpress\/y-dos-anos-despues-llego-masorange\/","og_site_name":"UGT Comunicaciones","article_publisher":"https:\/\/www.facebook.com\/ugt.comunicaciones\/","article_published_time":"2024-05-08T06:30:05+00:00","og_image":[{"width":600,"height":396,"url":"https:\/\/www.ugtcomunicaciones.es\/wordpress\/wp-content\/uploads\/2024\/04\/masorange.jpg","type":"image\/jpeg"}],"author":"UGT","twitter_card":"summary_large_image","twitter_creator":"@ugtcom","twitter_site":"@ugtcom","twitter_misc":{"Escrito por":"UGT","Tiempo de lectura":"3 minutos"},"schema":{"@context":"https:\/\/schema.org","@graph":[{"@type":"Article","@id":"https:\/\/www.ugtcomunicaciones.es\/wordpress\/y-dos-anos-despues-llego-masorange\/#article","isPartOf":{"@id":"https:\/\/www.ugtcomunicaciones.es\/wordpress\/y-dos-anos-despues-llego-masorange\/"},"author":{"name":"UGT","@id":"https:\/\/www.ugtcomunicaciones.es\/wordpress\/#\/schema\/person\/eba0fc3fe5b444531d94d4368cba89ed"},"headline":"Y dos a\u00f1os despu\u00e9s, lleg\u00f3 M\u00c1SORANGE","datePublished":"2024-05-08T06:30:05+00:00","mainEntityOfPage":{"@id":"https:\/\/www.ugtcomunicaciones.es\/wordpress\/y-dos-anos-despues-llego-masorange\/"},"wordCount":595,"publisher":{"@id":"https:\/\/www.ugtcomunicaciones.es\/wordpress\/#organization"},"image":{"@id":"https:\/\/www.ugtcomunicaciones.es\/wordpress\/y-dos-anos-despues-llego-masorange\/#primaryimage"},"thumbnailUrl":"https:\/\/www.ugtcomunicaciones.es\/wordpress\/wp-content\/uploads\/2024\/04\/masorange.jpg","articleSection":["Opini\u00f3n","Regulaci\u00f3n"],"inLanguage":"es"},{"@type":"WebPage","@id":"https:\/\/www.ugtcomunicaciones.es\/wordpress\/y-dos-anos-despues-llego-masorange\/","url":"https:\/\/www.ugtcomunicaciones.es\/wordpress\/y-dos-anos-despues-llego-masorange\/","name":"Y dos a\u00f1os despu\u00e9s, lleg\u00f3 M\u00c1SORANGE - UGT Comunicaciones","isPartOf":{"@id":"https:\/\/www.ugtcomunicaciones.es\/wordpress\/#website"},"primaryImageOfPage":{"@id":"https:\/\/www.ugtcomunicaciones.es\/wordpress\/y-dos-anos-despues-llego-masorange\/#primaryimage"},"image":{"@id":"https:\/\/www.ugtcomunicaciones.es\/wordpress\/y-dos-anos-despues-llego-masorange\/#primaryimage"},"thumbnailUrl":"https:\/\/www.ugtcomunicaciones.es\/wordpress\/wp-content\/uploads\/2024\/04\/masorange.jpg","datePublished":"2024-05-08T06:30:05+00:00","breadcrumb":{"@id":"https:\/\/www.ugtcomunicaciones.es\/wordpress\/y-dos-anos-despues-llego-masorange\/#breadcrumb"},"inLanguage":"es","potentialAction":[{"@type":"ReadAction","target":["https:\/\/www.ugtcomunicaciones.es\/wordpress\/y-dos-anos-despues-llego-masorange\/"]}]},{"@type":"ImageObject","inLanguage":"es","@id":"https:\/\/www.ugtcomunicaciones.es\/wordpress\/y-dos-anos-despues-llego-masorange\/#primaryimage","url":"https:\/\/www.ugtcomunicaciones.es\/wordpress\/wp-content\/uploads\/2024\/04\/masorange.jpg","contentUrl":"https:\/\/www.ugtcomunicaciones.es\/wordpress\/wp-content\/uploads\/2024\/04\/masorange.jpg","width":600,"height":396},{"@type":"BreadcrumbList","@id":"https:\/\/www.ugtcomunicaciones.es\/wordpress\/y-dos-anos-despues-llego-masorange\/#breadcrumb","itemListElement":[{"@type":"ListItem","position":1,"name":"Portada","item":"https:\/\/www.ugtcomunicaciones.es\/wordpress\/"},{"@type":"ListItem","position":2,"name":"Y dos a\u00f1os despu\u00e9s, lleg\u00f3 M\u00c1SORANGE"}]},{"@type":"WebSite","@id":"https:\/\/www.ugtcomunicaciones.es\/wordpress\/#website","url":"https:\/\/www.ugtcomunicaciones.es\/wordpress\/","name":"UGT Comunicaciones","description":"Sindicato de Telecomunicaciones","publisher":{"@id":"https:\/\/www.ugtcomunicaciones.es\/wordpress\/#organization"},"potentialAction":[{"@type":"SearchAction","target":{"@type":"EntryPoint","urlTemplate":"https:\/\/www.ugtcomunicaciones.es\/wordpress\/?s={search_term_string}"},"query-input":{"@type":"PropertyValueSpecification","valueRequired":true,"valueName":"search_term_string"}}],"inLanguage":"es"},{"@type":"Organization","@id":"https:\/\/www.ugtcomunicaciones.es\/wordpress\/#organization","name":"UGT Comunicaciones","url":"https:\/\/www.ugtcomunicaciones.es\/wordpress\/","logo":{"@type":"ImageObject","inLanguage":"es","@id":"https:\/\/www.ugtcomunicaciones.es\/wordpress\/#\/schema\/logo\/image\/","url":"https:\/\/www.ugtcomunicaciones.es\/wordpress\/wp-content\/uploads\/2024\/04\/comunicaciones_logo.png","contentUrl":"https:\/\/www.ugtcomunicaciones.es\/wordpress\/wp-content\/uploads\/2024\/04\/comunicaciones_logo.png","width":298,"height":81,"caption":"UGT Comunicaciones"},"image":{"@id":"https:\/\/www.ugtcomunicaciones.es\/wordpress\/#\/schema\/logo\/image\/"},"sameAs":["https:\/\/www.facebook.com\/ugt.comunicaciones\/","https:\/\/x.com\/ugtcom"]},{"@type":"Person","@id":"https:\/\/www.ugtcomunicaciones.es\/wordpress\/#\/schema\/person\/eba0fc3fe5b444531d94d4368cba89ed","name":"UGT","image":{"@type":"ImageObject","inLanguage":"es","@id":"https:\/\/secure.gravatar.com\/avatar\/2a16057d620a4c646bcfc171c4f23030879ebbdd346f0525bd5d4a564e57e13d?s=96&d=mm&r=g","url":"https:\/\/secure.gravatar.com\/avatar\/2a16057d620a4c646bcfc171c4f23030879ebbdd346f0525bd5d4a564e57e13d?s=96&d=mm&r=g","contentUrl":"https:\/\/secure.gravatar.com\/avatar\/2a16057d620a4c646bcfc171c4f23030879ebbdd346f0525bd5d4a564e57e13d?s=96&d=mm&r=g","caption":"UGT"}}]}},"_links":{"self":[{"href":"https:\/\/www.ugtcomunicaciones.es\/wordpress\/wp-json\/wp\/v2\/posts\/1066942","targetHints":{"allow":["GET"]}}],"collection":[{"href":"https:\/\/www.ugtcomunicaciones.es\/wordpress\/wp-json\/wp\/v2\/posts"}],"about":[{"href":"https:\/\/www.ugtcomunicaciones.es\/wordpress\/wp-json\/wp\/v2\/types\/post"}],"author":[{"embeddable":true,"href":"https:\/\/www.ugtcomunicaciones.es\/wordpress\/wp-json\/wp\/v2\/users\/3"}],"replies":[{"embeddable":true,"href":"https:\/\/www.ugtcomunicaciones.es\/wordpress\/wp-json\/wp\/v2\/comments?post=1066942"}],"version-history":[{"count":3,"href":"https:\/\/www.ugtcomunicaciones.es\/wordpress\/wp-json\/wp\/v2\/posts\/1066942\/revisions"}],"predecessor-version":[{"id":1066948,"href":"https:\/\/www.ugtcomunicaciones.es\/wordpress\/wp-json\/wp\/v2\/posts\/1066942\/revisions\/1066948"}],"wp:featuredmedia":[{"embeddable":true,"href":"https:\/\/www.ugtcomunicaciones.es\/wordpress\/wp-json\/wp\/v2\/media\/1066943"}],"wp:attachment":[{"href":"https:\/\/www.ugtcomunicaciones.es\/wordpress\/wp-json\/wp\/v2\/media?parent=1066942"}],"wp:term":[{"taxonomy":"category","embeddable":true,"href":"https:\/\/www.ugtcomunicaciones.es\/wordpress\/wp-json\/wp\/v2\/categories?post=1066942"},{"taxonomy":"post_tag","embeddable":true,"href":"https:\/\/www.ugtcomunicaciones.es\/wordpress\/wp-json\/wp\/v2\/tags?post=1066942"}],"curies":[{"name":"wp","href":"https:\/\/api.w.org\/{rel}","templated":true}]}}