{"id":1067069,"date":"2024-06-25T14:23:08","date_gmt":"2024-06-25T12:23:08","guid":{"rendered":"https:\/\/www.ugtcomunicaciones.es\/wordpress\/?p=1067069"},"modified":"2024-06-27T08:23:50","modified_gmt":"2024-06-27T06:23:50","slug":"ugt-denuncia-ere-vodafone-zegona-informe-sin-rigor","status":"publish","type":"post","link":"https:\/\/www.ugtcomunicaciones.es\/wordpress\/ugt-denuncia-ere-vodafone-zegona-informe-sin-rigor\/","title":{"rendered":"UGT denuncia el ERE de Vodafone: Un informe sin rigor y sin visi\u00f3n de futuro real"},"content":{"rendered":"<p>En la reuni\u00f3n de hoy, UGT ha constatado el nulo rigor del \u201cInforme T\u00e9cnico\u201d presentado por la consultora CMC. Esta consultora ha demostrado ser incapaz de responder a preguntas concretas necesarias para justificar las medidas de reducci\u00f3n de plantilla y organizativas propuestas. UGT exige a la direcci\u00f3n de Vodafone-Zegona-Lowi que realice un an\u00e1lisis serio y profesional de las necesidades de reducci\u00f3n de personal, si es que realmente existen, que permitan mantener la viabilidad del negocio.<\/p>\n<p>La carga de trabajo y la invalidez de las medidas presentadas hacen imposible afrontar una reducci\u00f3n de personal de manera justificada. Una plantilla que ha demostrado una y otra vez su profesionalidad y que ha sido \u201catacada\u201d por cuatro EREs previos merece mucho m\u00e1s respeto, especialmente de una direcci\u00f3n que acaba de llegar.<\/p>\n<p>La justificaci\u00f3n principal de este ERE es la reducci\u00f3n de inversiones, una explicaci\u00f3n que contrasta profundamente con las declaraciones del Sr. Escriv\u00e1. Tras la aprobaci\u00f3n de la venta, el ministro asegur\u00f3 que habr\u00eda compromisos vinculados a un plan de inversi\u00f3n en redes fijas y m\u00f3viles, y mencion\u00f3 un compromiso de preservar \u00abla estabilidad en los activos estrat\u00e9gicos\u00bb de la compa\u00f1\u00eda. \u00bfRealmente conoce el ministro en qu\u00e9 condiciones aprob\u00f3 la operaci\u00f3n? Todo parece indicar que no.<\/p>\n<p>UGT recalca que presentar un ERE \u201cagresivo\u201d no solo merma la confianza de los empleados, sino tambi\u00e9n la del mercado en la viabilidad de Vodafone-Lowi. Este tipo de decisiones impactan negativamente en la moral del personal y en la percepci\u00f3n p\u00fablica de la empresa.<\/p>\n<p>Zegona debe tener en cuenta que, aunque las campa\u00f1as de publicidad pueden ser efectivas para mantener una buena imagen p\u00fablica, no ser\u00e1n suficientes para contrarrestar el da\u00f1o reputacional que conlleva la destrucci\u00f3n de empleo y el futuro incierto de cientos de familias. La viabilidad y el \u00e9xito de una empresa no pueden construirse sobre la precariedad y la inseguridad de sus trabajadores y trabajadoras.<\/p>\n<p>UGT, reiteramos nuestra solicitud a Vodafone-Zegona-Lowi para que reconsideren su postura ante este ERE y adopten un enfoque m\u00e1s humano y responsable en la gesti\u00f3n de su personal. Instamos a la direcci\u00f3n a tomar medidas urgentes para garantizar la estabilidad laboral y el respeto a los derechos de\u00a0la\u00a0plantilla.<\/p>\n","protected":false},"excerpt":{"rendered":"<p>En la reuni\u00f3n de hoy, UGT ha constatado el nulo rigor del \u201cInforme T\u00e9cnico\u201d presentado por la consultora CMC. Esta consultora ha demostrado ser incapaz de responder a preguntas concretas necesarias para justificar las medidas de reducci\u00f3n de plantilla y organizativas propuestas. UGT exige a la direcci\u00f3n de Vodafone-Zegona-Lowi que realice un an\u00e1lisis serio y [&hellip;]<\/p>\n","protected":false},"author":8,"featured_media":1059558,"comment_status":"closed","ping_status":"closed","sticky":false,"template":"","format":"standard","meta":{"footnotes":""},"categories":[27],"tags":[],"class_list":["post-1067069","post","type-post","status-publish","format-standard","has-post-thumbnail","hentry","category-grupo-vodafone"],"yoast_head":"<!-- This site is optimized with the Yoast SEO Premium plugin v27.3 (Yoast SEO v27.4) - https:\/\/yoast.com\/product\/yoast-seo-premium-wordpress\/ -->\n<title>UGT denuncia el ERE de Vodafone: Un informe sin rigor y sin visi\u00f3n de futuro real - UGT Comunicaciones<\/title>\n<meta name=\"robots\" content=\"index, follow, max-snippet:-1, max-image-preview:large, max-video-preview:-1\" \/>\n<link rel=\"canonical\" href=\"https:\/\/www.ugtcomunicaciones.es\/wordpress\/ugt-denuncia-ere-vodafone-zegona-informe-sin-rigor\/\" \/>\n<meta property=\"og:locale\" content=\"es_ES\" \/>\n<meta property=\"og:type\" content=\"article\" \/>\n<meta property=\"og:title\" content=\"UGT denuncia el ERE de Vodafone: Un informe sin rigor y sin visi\u00f3n de futuro real\" \/>\n<meta property=\"og:description\" content=\"En la reuni\u00f3n de hoy, UGT ha constatado el nulo rigor del \u201cInforme T\u00e9cnico\u201d presentado por la consultora CMC. Esta consultora ha demostrado ser incapaz de responder a preguntas concretas necesarias para justificar las medidas de reducci\u00f3n de plantilla y organizativas propuestas. UGT exige a la direcci\u00f3n de Vodafone-Zegona-Lowi que realice un an\u00e1lisis serio y [&hellip;]\" \/>\n<meta property=\"og:url\" content=\"https:\/\/www.ugtcomunicaciones.es\/wordpress\/ugt-denuncia-ere-vodafone-zegona-informe-sin-rigor\/\" \/>\n<meta property=\"og:site_name\" content=\"UGT Comunicaciones\" \/>\n<meta property=\"article:publisher\" content=\"https:\/\/www.facebook.com\/ugt.comunicaciones\/\" \/>\n<meta property=\"article:published_time\" content=\"2024-06-25T12:23:08+00:00\" \/>\n<meta property=\"article:modified_time\" content=\"2024-06-27T06:23:50+00:00\" \/>\n<meta property=\"og:image\" content=\"https:\/\/www.ugtcomunicaciones.es\/wordpress\/wp-content\/uploads\/2022\/12\/Telecos-13.jpg\" \/>\n\t<meta property=\"og:image:width\" content=\"600\" \/>\n\t<meta property=\"og:image:height\" content=\"338\" \/>\n\t<meta property=\"og:image:type\" content=\"image\/jpeg\" \/>\n<meta name=\"author\" content=\"UGT\" \/>\n<meta name=\"twitter:card\" content=\"summary_large_image\" \/>\n<meta name=\"twitter:creator\" content=\"@ugtcom\" \/>\n<meta name=\"twitter:site\" content=\"@ugtcom\" \/>\n<meta name=\"twitter:label1\" content=\"Escrito por\" \/>\n\t<meta name=\"twitter:data1\" content=\"UGT\" \/>\n\t<meta name=\"twitter:label2\" content=\"Tiempo de lectura\" \/>\n\t<meta name=\"twitter:data2\" content=\"2 minutos\" \/>\n<script type=\"application\/ld+json\" class=\"yoast-schema-graph\">{\"@context\":\"https:\\\/\\\/schema.org\",\"@graph\":[{\"@type\":\"Article\",\"@id\":\"https:\\\/\\\/www.ugtcomunicaciones.es\\\/wordpress\\\/ugt-denuncia-ere-vodafone-zegona-informe-sin-rigor\\\/#article\",\"isPartOf\":{\"@id\":\"https:\\\/\\\/www.ugtcomunicaciones.es\\\/wordpress\\\/ugt-denuncia-ere-vodafone-zegona-informe-sin-rigor\\\/\"},\"author\":{\"name\":\"UGT\",\"@id\":\"https:\\\/\\\/www.ugtcomunicaciones.es\\\/wordpress\\\/#\\\/schema\\\/person\\\/c5832697c991fe71075d106bc70c9a23\"},\"headline\":\"UGT denuncia el ERE de Vodafone: Un informe sin rigor y sin visi\u00f3n de futuro real\",\"datePublished\":\"2024-06-25T12:23:08+00:00\",\"dateModified\":\"2024-06-27T06:23:50+00:00\",\"mainEntityOfPage\":{\"@id\":\"https:\\\/\\\/www.ugtcomunicaciones.es\\\/wordpress\\\/ugt-denuncia-ere-vodafone-zegona-informe-sin-rigor\\\/\"},\"wordCount\":408,\"publisher\":{\"@id\":\"https:\\\/\\\/www.ugtcomunicaciones.es\\\/wordpress\\\/#organization\"},\"image\":{\"@id\":\"https:\\\/\\\/www.ugtcomunicaciones.es\\\/wordpress\\\/ugt-denuncia-ere-vodafone-zegona-informe-sin-rigor\\\/#primaryimage\"},\"thumbnailUrl\":\"https:\\\/\\\/www.ugtcomunicaciones.es\\\/wordpress\\\/wp-content\\\/uploads\\\/2022\\\/12\\\/Telecos-13.jpg\",\"articleSection\":[\"Grupo Vodafone\"],\"inLanguage\":\"es\"},{\"@type\":\"WebPage\",\"@id\":\"https:\\\/\\\/www.ugtcomunicaciones.es\\\/wordpress\\\/ugt-denuncia-ere-vodafone-zegona-informe-sin-rigor\\\/\",\"url\":\"https:\\\/\\\/www.ugtcomunicaciones.es\\\/wordpress\\\/ugt-denuncia-ere-vodafone-zegona-informe-sin-rigor\\\/\",\"name\":\"UGT denuncia el ERE de Vodafone: Un informe sin rigor y sin visi\u00f3n de futuro real - UGT Comunicaciones\",\"isPartOf\":{\"@id\":\"https:\\\/\\\/www.ugtcomunicaciones.es\\\/wordpress\\\/#website\"},\"primaryImageOfPage\":{\"@id\":\"https:\\\/\\\/www.ugtcomunicaciones.es\\\/wordpress\\\/ugt-denuncia-ere-vodafone-zegona-informe-sin-rigor\\\/#primaryimage\"},\"image\":{\"@id\":\"https:\\\/\\\/www.ugtcomunicaciones.es\\\/wordpress\\\/ugt-denuncia-ere-vodafone-zegona-informe-sin-rigor\\\/#primaryimage\"},\"thumbnailUrl\":\"https:\\\/\\\/www.ugtcomunicaciones.es\\\/wordpress\\\/wp-content\\\/uploads\\\/2022\\\/12\\\/Telecos-13.jpg\",\"datePublished\":\"2024-06-25T12:23:08+00:00\",\"dateModified\":\"2024-06-27T06:23:50+00:00\",\"breadcrumb\":{\"@id\":\"https:\\\/\\\/www.ugtcomunicaciones.es\\\/wordpress\\\/ugt-denuncia-ere-vodafone-zegona-informe-sin-rigor\\\/#breadcrumb\"},\"inLanguage\":\"es\",\"potentialAction\":[{\"@type\":\"ReadAction\",\"target\":[\"https:\\\/\\\/www.ugtcomunicaciones.es\\\/wordpress\\\/ugt-denuncia-ere-vodafone-zegona-informe-sin-rigor\\\/\"]}]},{\"@type\":\"ImageObject\",\"inLanguage\":\"es\",\"@id\":\"https:\\\/\\\/www.ugtcomunicaciones.es\\\/wordpress\\\/ugt-denuncia-ere-vodafone-zegona-informe-sin-rigor\\\/#primaryimage\",\"url\":\"https:\\\/\\\/www.ugtcomunicaciones.es\\\/wordpress\\\/wp-content\\\/uploads\\\/2022\\\/12\\\/Telecos-13.jpg\",\"contentUrl\":\"https:\\\/\\\/www.ugtcomunicaciones.es\\\/wordpress\\\/wp-content\\\/uploads\\\/2022\\\/12\\\/Telecos-13.jpg\",\"width\":600,\"height\":338,\"caption\":\"Vodafone da la sorpresa en el m\u00f3vil\"},{\"@type\":\"BreadcrumbList\",\"@id\":\"https:\\\/\\\/www.ugtcomunicaciones.es\\\/wordpress\\\/ugt-denuncia-ere-vodafone-zegona-informe-sin-rigor\\\/#breadcrumb\",\"itemListElement\":[{\"@type\":\"ListItem\",\"position\":1,\"name\":\"Portada\",\"item\":\"https:\\\/\\\/www.ugtcomunicaciones.es\\\/wordpress\\\/\"},{\"@type\":\"ListItem\",\"position\":2,\"name\":\"UGT denuncia el ERE de Vodafone: Un informe sin rigor y sin visi\u00f3n de futuro real\"}]},{\"@type\":\"WebSite\",\"@id\":\"https:\\\/\\\/www.ugtcomunicaciones.es\\\/wordpress\\\/#website\",\"url\":\"https:\\\/\\\/www.ugtcomunicaciones.es\\\/wordpress\\\/\",\"name\":\"UGT Comunicaciones\",\"description\":\"Sindicato de Telecomunicaciones\",\"publisher\":{\"@id\":\"https:\\\/\\\/www.ugtcomunicaciones.es\\\/wordpress\\\/#organization\"},\"potentialAction\":[{\"@type\":\"SearchAction\",\"target\":{\"@type\":\"EntryPoint\",\"urlTemplate\":\"https:\\\/\\\/www.ugtcomunicaciones.es\\\/wordpress\\\/?s={search_term_string}\"},\"query-input\":{\"@type\":\"PropertyValueSpecification\",\"valueRequired\":true,\"valueName\":\"search_term_string\"}}],\"inLanguage\":\"es\"},{\"@type\":\"Organization\",\"@id\":\"https:\\\/\\\/www.ugtcomunicaciones.es\\\/wordpress\\\/#organization\",\"name\":\"UGT Comunicaciones\",\"url\":\"https:\\\/\\\/www.ugtcomunicaciones.es\\\/wordpress\\\/\",\"logo\":{\"@type\":\"ImageObject\",\"inLanguage\":\"es\",\"@id\":\"https:\\\/\\\/www.ugtcomunicaciones.es\\\/wordpress\\\/#\\\/schema\\\/logo\\\/image\\\/\",\"url\":\"https:\\\/\\\/www.ugtcomunicaciones.es\\\/wordpress\\\/wp-content\\\/uploads\\\/2024\\\/04\\\/comunicaciones_logo.png\",\"contentUrl\":\"https:\\\/\\\/www.ugtcomunicaciones.es\\\/wordpress\\\/wp-content\\\/uploads\\\/2024\\\/04\\\/comunicaciones_logo.png\",\"width\":298,\"height\":81,\"caption\":\"UGT Comunicaciones\"},\"image\":{\"@id\":\"https:\\\/\\\/www.ugtcomunicaciones.es\\\/wordpress\\\/#\\\/schema\\\/logo\\\/image\\\/\"},\"sameAs\":[\"https:\\\/\\\/www.facebook.com\\\/ugt.comunicaciones\\\/\",\"https:\\\/\\\/x.com\\\/ugtcom\"]},{\"@type\":\"Person\",\"@id\":\"https:\\\/\\\/www.ugtcomunicaciones.es\\\/wordpress\\\/#\\\/schema\\\/person\\\/c5832697c991fe71075d106bc70c9a23\",\"name\":\"UGT\",\"image\":{\"@type\":\"ImageObject\",\"inLanguage\":\"es\",\"@id\":\"https:\\\/\\\/secure.gravatar.com\\\/avatar\\\/dd1616245c7b0acc4a49731f0bd544f05506efa3993d3353b5c4141dbe80b813?s=96&d=mm&r=g\",\"url\":\"https:\\\/\\\/secure.gravatar.com\\\/avatar\\\/dd1616245c7b0acc4a49731f0bd544f05506efa3993d3353b5c4141dbe80b813?s=96&d=mm&r=g\",\"contentUrl\":\"https:\\\/\\\/secure.gravatar.com\\\/avatar\\\/dd1616245c7b0acc4a49731f0bd544f05506efa3993d3353b5c4141dbe80b813?s=96&d=mm&r=g\",\"caption\":\"UGT\"}}]}<\/script>\n<!-- \/ Yoast SEO Premium plugin. -->","yoast_head_json":{"title":"UGT denuncia el ERE de Vodafone: Un informe sin rigor y sin visi\u00f3n de futuro real - UGT Comunicaciones","robots":{"index":"index","follow":"follow","max-snippet":"max-snippet:-1","max-image-preview":"max-image-preview:large","max-video-preview":"max-video-preview:-1"},"canonical":"https:\/\/www.ugtcomunicaciones.es\/wordpress\/ugt-denuncia-ere-vodafone-zegona-informe-sin-rigor\/","og_locale":"es_ES","og_type":"article","og_title":"UGT denuncia el ERE de Vodafone: Un informe sin rigor y sin visi\u00f3n de futuro real","og_description":"En la reuni\u00f3n de hoy, UGT ha constatado el nulo rigor del \u201cInforme T\u00e9cnico\u201d presentado por la consultora CMC. Esta consultora ha demostrado ser incapaz de responder a preguntas concretas necesarias para justificar las medidas de reducci\u00f3n de plantilla y organizativas propuestas. UGT exige a la direcci\u00f3n de Vodafone-Zegona-Lowi que realice un an\u00e1lisis serio y [&hellip;]","og_url":"https:\/\/www.ugtcomunicaciones.es\/wordpress\/ugt-denuncia-ere-vodafone-zegona-informe-sin-rigor\/","og_site_name":"UGT Comunicaciones","article_publisher":"https:\/\/www.facebook.com\/ugt.comunicaciones\/","article_published_time":"2024-06-25T12:23:08+00:00","article_modified_time":"2024-06-27T06:23:50+00:00","og_image":[{"width":600,"height":338,"url":"https:\/\/www.ugtcomunicaciones.es\/wordpress\/wp-content\/uploads\/2022\/12\/Telecos-13.jpg","type":"image\/jpeg"}],"author":"UGT","twitter_card":"summary_large_image","twitter_creator":"@ugtcom","twitter_site":"@ugtcom","twitter_misc":{"Escrito por":"UGT","Tiempo de lectura":"2 minutos"},"schema":{"@context":"https:\/\/schema.org","@graph":[{"@type":"Article","@id":"https:\/\/www.ugtcomunicaciones.es\/wordpress\/ugt-denuncia-ere-vodafone-zegona-informe-sin-rigor\/#article","isPartOf":{"@id":"https:\/\/www.ugtcomunicaciones.es\/wordpress\/ugt-denuncia-ere-vodafone-zegona-informe-sin-rigor\/"},"author":{"name":"UGT","@id":"https:\/\/www.ugtcomunicaciones.es\/wordpress\/#\/schema\/person\/c5832697c991fe71075d106bc70c9a23"},"headline":"UGT denuncia el ERE de Vodafone: Un informe sin rigor y sin visi\u00f3n de futuro real","datePublished":"2024-06-25T12:23:08+00:00","dateModified":"2024-06-27T06:23:50+00:00","mainEntityOfPage":{"@id":"https:\/\/www.ugtcomunicaciones.es\/wordpress\/ugt-denuncia-ere-vodafone-zegona-informe-sin-rigor\/"},"wordCount":408,"publisher":{"@id":"https:\/\/www.ugtcomunicaciones.es\/wordpress\/#organization"},"image":{"@id":"https:\/\/www.ugtcomunicaciones.es\/wordpress\/ugt-denuncia-ere-vodafone-zegona-informe-sin-rigor\/#primaryimage"},"thumbnailUrl":"https:\/\/www.ugtcomunicaciones.es\/wordpress\/wp-content\/uploads\/2022\/12\/Telecos-13.jpg","articleSection":["Grupo Vodafone"],"inLanguage":"es"},{"@type":"WebPage","@id":"https:\/\/www.ugtcomunicaciones.es\/wordpress\/ugt-denuncia-ere-vodafone-zegona-informe-sin-rigor\/","url":"https:\/\/www.ugtcomunicaciones.es\/wordpress\/ugt-denuncia-ere-vodafone-zegona-informe-sin-rigor\/","name":"UGT denuncia el ERE de Vodafone: Un informe sin rigor y sin visi\u00f3n de futuro real - UGT Comunicaciones","isPartOf":{"@id":"https:\/\/www.ugtcomunicaciones.es\/wordpress\/#website"},"primaryImageOfPage":{"@id":"https:\/\/www.ugtcomunicaciones.es\/wordpress\/ugt-denuncia-ere-vodafone-zegona-informe-sin-rigor\/#primaryimage"},"image":{"@id":"https:\/\/www.ugtcomunicaciones.es\/wordpress\/ugt-denuncia-ere-vodafone-zegona-informe-sin-rigor\/#primaryimage"},"thumbnailUrl":"https:\/\/www.ugtcomunicaciones.es\/wordpress\/wp-content\/uploads\/2022\/12\/Telecos-13.jpg","datePublished":"2024-06-25T12:23:08+00:00","dateModified":"2024-06-27T06:23:50+00:00","breadcrumb":{"@id":"https:\/\/www.ugtcomunicaciones.es\/wordpress\/ugt-denuncia-ere-vodafone-zegona-informe-sin-rigor\/#breadcrumb"},"inLanguage":"es","potentialAction":[{"@type":"ReadAction","target":["https:\/\/www.ugtcomunicaciones.es\/wordpress\/ugt-denuncia-ere-vodafone-zegona-informe-sin-rigor\/"]}]},{"@type":"ImageObject","inLanguage":"es","@id":"https:\/\/www.ugtcomunicaciones.es\/wordpress\/ugt-denuncia-ere-vodafone-zegona-informe-sin-rigor\/#primaryimage","url":"https:\/\/www.ugtcomunicaciones.es\/wordpress\/wp-content\/uploads\/2022\/12\/Telecos-13.jpg","contentUrl":"https:\/\/www.ugtcomunicaciones.es\/wordpress\/wp-content\/uploads\/2022\/12\/Telecos-13.jpg","width":600,"height":338,"caption":"Vodafone da la sorpresa en el m\u00f3vil"},{"@type":"BreadcrumbList","@id":"https:\/\/www.ugtcomunicaciones.es\/wordpress\/ugt-denuncia-ere-vodafone-zegona-informe-sin-rigor\/#breadcrumb","itemListElement":[{"@type":"ListItem","position":1,"name":"Portada","item":"https:\/\/www.ugtcomunicaciones.es\/wordpress\/"},{"@type":"ListItem","position":2,"name":"UGT denuncia el ERE de Vodafone: Un informe sin rigor y sin visi\u00f3n de futuro real"}]},{"@type":"WebSite","@id":"https:\/\/www.ugtcomunicaciones.es\/wordpress\/#website","url":"https:\/\/www.ugtcomunicaciones.es\/wordpress\/","name":"UGT Comunicaciones","description":"Sindicato de Telecomunicaciones","publisher":{"@id":"https:\/\/www.ugtcomunicaciones.es\/wordpress\/#organization"},"potentialAction":[{"@type":"SearchAction","target":{"@type":"EntryPoint","urlTemplate":"https:\/\/www.ugtcomunicaciones.es\/wordpress\/?s={search_term_string}"},"query-input":{"@type":"PropertyValueSpecification","valueRequired":true,"valueName":"search_term_string"}}],"inLanguage":"es"},{"@type":"Organization","@id":"https:\/\/www.ugtcomunicaciones.es\/wordpress\/#organization","name":"UGT Comunicaciones","url":"https:\/\/www.ugtcomunicaciones.es\/wordpress\/","logo":{"@type":"ImageObject","inLanguage":"es","@id":"https:\/\/www.ugtcomunicaciones.es\/wordpress\/#\/schema\/logo\/image\/","url":"https:\/\/www.ugtcomunicaciones.es\/wordpress\/wp-content\/uploads\/2024\/04\/comunicaciones_logo.png","contentUrl":"https:\/\/www.ugtcomunicaciones.es\/wordpress\/wp-content\/uploads\/2024\/04\/comunicaciones_logo.png","width":298,"height":81,"caption":"UGT Comunicaciones"},"image":{"@id":"https:\/\/www.ugtcomunicaciones.es\/wordpress\/#\/schema\/logo\/image\/"},"sameAs":["https:\/\/www.facebook.com\/ugt.comunicaciones\/","https:\/\/x.com\/ugtcom"]},{"@type":"Person","@id":"https:\/\/www.ugtcomunicaciones.es\/wordpress\/#\/schema\/person\/c5832697c991fe71075d106bc70c9a23","name":"UGT","image":{"@type":"ImageObject","inLanguage":"es","@id":"https:\/\/secure.gravatar.com\/avatar\/dd1616245c7b0acc4a49731f0bd544f05506efa3993d3353b5c4141dbe80b813?s=96&d=mm&r=g","url":"https:\/\/secure.gravatar.com\/avatar\/dd1616245c7b0acc4a49731f0bd544f05506efa3993d3353b5c4141dbe80b813?s=96&d=mm&r=g","contentUrl":"https:\/\/secure.gravatar.com\/avatar\/dd1616245c7b0acc4a49731f0bd544f05506efa3993d3353b5c4141dbe80b813?s=96&d=mm&r=g","caption":"UGT"}}]}},"_links":{"self":[{"href":"https:\/\/www.ugtcomunicaciones.es\/wordpress\/wp-json\/wp\/v2\/posts\/1067069","targetHints":{"allow":["GET"]}}],"collection":[{"href":"https:\/\/www.ugtcomunicaciones.es\/wordpress\/wp-json\/wp\/v2\/posts"}],"about":[{"href":"https:\/\/www.ugtcomunicaciones.es\/wordpress\/wp-json\/wp\/v2\/types\/post"}],"author":[{"embeddable":true,"href":"https:\/\/www.ugtcomunicaciones.es\/wordpress\/wp-json\/wp\/v2\/users\/8"}],"replies":[{"embeddable":true,"href":"https:\/\/www.ugtcomunicaciones.es\/wordpress\/wp-json\/wp\/v2\/comments?post=1067069"}],"version-history":[{"count":1,"href":"https:\/\/www.ugtcomunicaciones.es\/wordpress\/wp-json\/wp\/v2\/posts\/1067069\/revisions"}],"predecessor-version":[{"id":1067070,"href":"https:\/\/www.ugtcomunicaciones.es\/wordpress\/wp-json\/wp\/v2\/posts\/1067069\/revisions\/1067070"}],"wp:featuredmedia":[{"embeddable":true,"href":"https:\/\/www.ugtcomunicaciones.es\/wordpress\/wp-json\/wp\/v2\/media\/1059558"}],"wp:attachment":[{"href":"https:\/\/www.ugtcomunicaciones.es\/wordpress\/wp-json\/wp\/v2\/media?parent=1067069"}],"wp:term":[{"taxonomy":"category","embeddable":true,"href":"https:\/\/www.ugtcomunicaciones.es\/wordpress\/wp-json\/wp\/v2\/categories?post=1067069"},{"taxonomy":"post_tag","embeddable":true,"href":"https:\/\/www.ugtcomunicaciones.es\/wordpress\/wp-json\/wp\/v2\/tags?post=1067069"}],"curies":[{"name":"wp","href":"https:\/\/api.w.org\/{rel}","templated":true}]}}