{"id":1067077,"date":"2024-07-15T06:00:15","date_gmt":"2024-07-15T04:00:15","guid":{"rendered":"https:\/\/www.ugtcomunicaciones.es\/wordpress\/?p=1067077"},"modified":"2024-06-27T11:41:25","modified_gmt":"2024-06-27T09:41:25","slug":"mercado-telecos-abril-2024-movistar-lidera-la-bam-por-primera-vez-en-anos","status":"publish","type":"post","link":"https:\/\/www.ugtcomunicaciones.es\/wordpress\/mercado-telecos-abril-2024-movistar-lidera-la-bam-por-primera-vez-en-anos\/","title":{"rendered":"Mercado Telecos abril 2024: Movistar lidera la BAM por primera vez en a\u00f1os"},"content":{"rendered":"<p style=\"text-align: justify;\">Continuando con la saga de \u201cdatos inconsistentes\u201d, el regulador del sector nos brinda un mes con tecnolog\u00edas de banda ancha que, de repente, desaparecen, lo que imposibilita hacen un seguimiento coherente y dotar de trazabilidad a las estad\u00edsticas. En cualquier caso, lo vamos a intentar.<\/p>\n<p style=\"text-align: justify;\"><strong>Panor\u00e1mica general<\/strong><\/p>\n<p style=\"text-align: justify;\">El sector parece encaminarse hacia la polarizaci\u00f3n: BAM y telefon\u00eda fija en descenso interanual; BAF y telefon\u00eda m\u00f3vil vocal creciendo en torno al 3%.<\/p>\n<p style=\"text-align: justify;\"><strong> <img decoding=\"async\" class=\"aligncenter wp-image-1067093 size-full lazyload\" data-src=\"https:\/\/www.ugtcomunicaciones.es\/wordpress\/wp-content\/uploads\/2024\/07\/Mercado_01.jpg\" alt=\"\" width=\"726\" height=\"331\" data-srcset=\"https:\/\/www.ugtcomunicaciones.es\/wordpress\/wp-content\/uploads\/2024\/07\/Mercado_01.jpg 726w, https:\/\/www.ugtcomunicaciones.es\/wordpress\/wp-content\/uploads\/2024\/07\/Mercado_01-300x137.jpg 300w, https:\/\/www.ugtcomunicaciones.es\/wordpress\/wp-content\/uploads\/2024\/07\/Mercado_01-640x292.jpg 640w, https:\/\/www.ugtcomunicaciones.es\/wordpress\/wp-content\/uploads\/2024\/07\/Mercado_01-681x310.jpg 681w\" data-sizes=\"(max-width: 726px) 100vw, 726px\" src=\"data:image\/svg+xml;base64,PHN2ZyB3aWR0aD0iMSIgaGVpZ2h0PSIxIiB4bWxucz0iaHR0cDovL3d3dy53My5vcmcvMjAwMC9zdmciPjwvc3ZnPg==\" style=\"--smush-placeholder-width: 726px; --smush-placeholder-aspect-ratio: 726\/331;\" \/><\/strong><\/p>\n<p style=\"text-align: justify;\"><strong>Mercado de banda ancha fija<\/strong><\/p>\n<ol style=\"text-align: justify;\">\n<li><strong> Comportamiento mensual BAF<\/strong><\/li>\n<\/ol>\n<p style=\"text-align: justify;\">Llamativa r\u00e9plica de Orange y Vodafone, que casi pierden lo mismo que en marzo. Las OMV no solo lideran, sino que aumentan sus cifras. Le siguen M\u00e1sMovil y Movistar con d\u00edgitos muy parecidos a los del mes precedente:<\/p>\n<p><img decoding=\"async\" class=\"aligncenter wp-image-1067092 size-full lazyload\" data-src=\"https:\/\/www.ugtcomunicaciones.es\/wordpress\/wp-content\/uploads\/2024\/07\/Mercado_02.jpg\" alt=\"\" width=\"622\" height=\"294\" data-srcset=\"https:\/\/www.ugtcomunicaciones.es\/wordpress\/wp-content\/uploads\/2024\/07\/Mercado_02.jpg 622w, https:\/\/www.ugtcomunicaciones.es\/wordpress\/wp-content\/uploads\/2024\/07\/Mercado_02-300x142.jpg 300w\" data-sizes=\"(max-width: 622px) 100vw, 622px\" src=\"data:image\/svg+xml;base64,PHN2ZyB3aWR0aD0iMSIgaGVpZ2h0PSIxIiB4bWxucz0iaHR0cDovL3d3dy53My5vcmcvMjAwMC9zdmciPjwvc3ZnPg==\" style=\"--smush-placeholder-width: 622px; --smush-placeholder-aspect-ratio: 622\/294;\" \/><\/p>\n<p style=\"text-align: justify;\">Cuotas de mercado: Las OMV buscan ya el 10%.<\/p>\n<p><img decoding=\"async\" class=\"aligncenter wp-image-1067091 size-full lazyload\" data-src=\"https:\/\/www.ugtcomunicaciones.es\/wordpress\/wp-content\/uploads\/2024\/07\/Mercado_03.jpg\" alt=\"\" width=\"582\" height=\"291\" data-srcset=\"https:\/\/www.ugtcomunicaciones.es\/wordpress\/wp-content\/uploads\/2024\/07\/Mercado_03.jpg 582w, https:\/\/www.ugtcomunicaciones.es\/wordpress\/wp-content\/uploads\/2024\/07\/Mercado_03-300x150.jpg 300w\" data-sizes=\"(max-width: 582px) 100vw, 582px\" src=\"data:image\/svg+xml;base64,PHN2ZyB3aWR0aD0iMSIgaGVpZ2h0PSIxIiB4bWxucz0iaHR0cDovL3d3dy53My5vcmcvMjAwMC9zdmciPjwvc3ZnPg==\" style=\"--smush-placeholder-width: 582px; --smush-placeholder-aspect-ratio: 582\/291;\" \/><\/p>\n<ol style=\"text-align: justify;\" start=\"2\">\n<li><strong> Comportamiento anual BAF<\/strong><\/li>\n<\/ol>\n<p style=\"text-align: justify;\">Vodafone vuelve a mejorar su trayectoria en tres d\u00e9cimas. Las OMV apuran el +55% de crecimiento interanual:<\/p>\n<p><img decoding=\"async\" class=\"aligncenter wp-image-1067090 size-full lazyload\" data-src=\"https:\/\/www.ugtcomunicaciones.es\/wordpress\/wp-content\/uploads\/2024\/07\/Mercado_04.jpg\" alt=\"\" width=\"630\" height=\"384\" data-srcset=\"https:\/\/www.ugtcomunicaciones.es\/wordpress\/wp-content\/uploads\/2024\/07\/Mercado_04.jpg 630w, https:\/\/www.ugtcomunicaciones.es\/wordpress\/wp-content\/uploads\/2024\/07\/Mercado_04-300x183.jpg 300w\" data-sizes=\"(max-width: 630px) 100vw, 630px\" src=\"data:image\/svg+xml;base64,PHN2ZyB3aWR0aD0iMSIgaGVpZ2h0PSIxIiB4bWxucz0iaHR0cDovL3d3dy53My5vcmcvMjAwMC9zdmciPjwvc3ZnPg==\" style=\"--smush-placeholder-width: 630px; --smush-placeholder-aspect-ratio: 630\/384;\" \/><\/p>\n<p style=\"text-align: justify;\"><strong>Mercado de telefon\u00eda m\u00f3vil<\/strong><\/p>\n<ol style=\"text-align: justify;\">\n<li><strong> Comportamiento mensual BAM<\/strong><\/li>\n<\/ol>\n<p style=\"text-align: justify;\">Sin duda el segumento que m\u00e1s llama la atenci\u00f3n este mes. Vodafone se pega un costalazo importante, pero en la l\u00ednea de que lleva en los \u00faltimos trimestres. La nueva M\u00e1sOrange no consigue cifras positivas y la sopresa el Movistar, que vuelve a ser la mejor en BAM por primera vez en mucho tiempo, superando incluso a las otrora invencibles OMV.<\/p>\n<p><img decoding=\"async\" class=\"aligncenter wp-image-1067089 size-full lazyload\" data-src=\"https:\/\/www.ugtcomunicaciones.es\/wordpress\/wp-content\/uploads\/2024\/07\/Mercado_05.jpg\" alt=\"\" width=\"651\" height=\"329\" data-srcset=\"https:\/\/www.ugtcomunicaciones.es\/wordpress\/wp-content\/uploads\/2024\/07\/Mercado_05.jpg 651w, https:\/\/www.ugtcomunicaciones.es\/wordpress\/wp-content\/uploads\/2024\/07\/Mercado_05-300x152.jpg 300w, https:\/\/www.ugtcomunicaciones.es\/wordpress\/wp-content\/uploads\/2024\/07\/Mercado_05-640x323.jpg 640w\" data-sizes=\"(max-width: 651px) 100vw, 651px\" src=\"data:image\/svg+xml;base64,PHN2ZyB3aWR0aD0iMSIgaGVpZ2h0PSIxIiB4bWxucz0iaHR0cDovL3d3dy53My5vcmcvMjAwMC9zdmciPjwvc3ZnPg==\" style=\"--smush-placeholder-width: 651px; --smush-placeholder-aspect-ratio: 651\/329;\" \/><\/p>\n<p style=\"text-align: justify;\">Cuotas de mercado:<\/p>\n<p><img decoding=\"async\" class=\"aligncenter wp-image-1067088 size-full lazyload\" data-src=\"https:\/\/www.ugtcomunicaciones.es\/wordpress\/wp-content\/uploads\/2024\/07\/Mercado_06.jpg\" alt=\"\" width=\"582\" height=\"291\" data-srcset=\"https:\/\/www.ugtcomunicaciones.es\/wordpress\/wp-content\/uploads\/2024\/07\/Mercado_06.jpg 582w, https:\/\/www.ugtcomunicaciones.es\/wordpress\/wp-content\/uploads\/2024\/07\/Mercado_06-300x150.jpg 300w\" data-sizes=\"(max-width: 582px) 100vw, 582px\" src=\"data:image\/svg+xml;base64,PHN2ZyB3aWR0aD0iMSIgaGVpZ2h0PSIxIiB4bWxucz0iaHR0cDovL3d3dy53My5vcmcvMjAwMC9zdmciPjwvc3ZnPg==\" style=\"--smush-placeholder-width: 582px; --smush-placeholder-aspect-ratio: 582\/291;\" \/><\/p>\n<p style=\"text-align: justify;\"><strong>\u00a0<\/strong><\/p>\n<ol style=\"text-align: justify;\" start=\"2\">\n<li><strong> Comportamiento anual BAM<\/strong><\/li>\n<\/ol>\n<p style=\"text-align: justify;\">Las OMV tutean a los n\u00fameros rojos, mientras que la \u00fanica en positivo es M\u00e1sM\u00f3vil:<\/p>\n<p><img decoding=\"async\" class=\"aligncenter wp-image-1067087 size-full lazyload\" data-src=\"https:\/\/www.ugtcomunicaciones.es\/wordpress\/wp-content\/uploads\/2024\/07\/Mercado_07.jpg\" alt=\"\" width=\"636\" height=\"351\" data-srcset=\"https:\/\/www.ugtcomunicaciones.es\/wordpress\/wp-content\/uploads\/2024\/07\/Mercado_07.jpg 636w, https:\/\/www.ugtcomunicaciones.es\/wordpress\/wp-content\/uploads\/2024\/07\/Mercado_07-300x166.jpg 300w\" data-sizes=\"(max-width: 636px) 100vw, 636px\" src=\"data:image\/svg+xml;base64,PHN2ZyB3aWR0aD0iMSIgaGVpZ2h0PSIxIiB4bWxucz0iaHR0cDovL3d3dy53My5vcmcvMjAwMC9zdmciPjwvc3ZnPg==\" style=\"--smush-placeholder-width: 636px; --smush-placeholder-aspect-ratio: 636\/351;\" \/><\/p>\n<p style=\"text-align: justify;\"><strong>\u00a0<\/strong><strong>\u00a0<\/strong><\/p>\n<ol style=\"text-align: justify;\" start=\"3\">\n<li><strong> Comportamiento mensual telefon\u00eda m\u00f3vil vocal<\/strong><\/li>\n<\/ol>\n<p style=\"text-align: justify;\">Catastr\u00f3ficas p\u00e9rdidas de Vodafone, a la acompa\u00f1a Movistar, aunque con un baj\u00f3n mucho m\u00e1s modesto. Discreta Orange y las mejores, como es habitual, OMV y M\u00e1sM\u00f3vil:<\/p>\n<p><img decoding=\"async\" class=\"aligncenter wp-image-1067086 size-full lazyload\" data-src=\"https:\/\/www.ugtcomunicaciones.es\/wordpress\/wp-content\/uploads\/2024\/07\/Mercado_08.jpg\" alt=\"\" width=\"621\" height=\"283\" data-srcset=\"https:\/\/www.ugtcomunicaciones.es\/wordpress\/wp-content\/uploads\/2024\/07\/Mercado_08.jpg 621w, https:\/\/www.ugtcomunicaciones.es\/wordpress\/wp-content\/uploads\/2024\/07\/Mercado_08-300x137.jpg 300w\" data-sizes=\"(max-width: 621px) 100vw, 621px\" src=\"data:image\/svg+xml;base64,PHN2ZyB3aWR0aD0iMSIgaGVpZ2h0PSIxIiB4bWxucz0iaHR0cDovL3d3dy53My5vcmcvMjAwMC9zdmciPjwvc3ZnPg==\" style=\"--smush-placeholder-width: 621px; --smush-placeholder-aspect-ratio: 621\/283;\" \/><\/p>\n<p style=\"text-align: justify;\">Cuotas de mercado: Movistar pierde definitivamente el 27% ante una M\u00e1sOrange que sigue aspirando al 43%:<\/p>\n<p style=\"text-align: justify;\"><strong><img decoding=\"async\" class=\"aligncenter wp-image-1067085 size-full lazyload\" data-src=\"https:\/\/www.ugtcomunicaciones.es\/wordpress\/wp-content\/uploads\/2024\/07\/Mercado_09.jpg\" alt=\"\" width=\"582\" height=\"291\" data-srcset=\"https:\/\/www.ugtcomunicaciones.es\/wordpress\/wp-content\/uploads\/2024\/07\/Mercado_09.jpg 582w, https:\/\/www.ugtcomunicaciones.es\/wordpress\/wp-content\/uploads\/2024\/07\/Mercado_09-300x150.jpg 300w\" data-sizes=\"(max-width: 582px) 100vw, 582px\" src=\"data:image\/svg+xml;base64,PHN2ZyB3aWR0aD0iMSIgaGVpZ2h0PSIxIiB4bWxucz0iaHR0cDovL3d3dy53My5vcmcvMjAwMC9zdmciPjwvc3ZnPg==\" style=\"--smush-placeholder-width: 582px; --smush-placeholder-aspect-ratio: 582\/291;\" \/>\u00a0<\/strong><strong>\u00a0<\/strong><strong>\u00a0<\/strong><\/p>\n<ol style=\"text-align: justify;\" start=\"4\">\n<li><strong> Comportamiento anual telefon\u00eda m\u00f3vil vocal<\/strong><\/li>\n<\/ol>\n<p style=\"text-align: justify;\">Solo Orange insiste en la tendencia negativa, aunque nimia:<\/p>\n<p><img decoding=\"async\" class=\"aligncenter wp-image-1067084 size-full lazyload\" data-src=\"https:\/\/www.ugtcomunicaciones.es\/wordpress\/wp-content\/uploads\/2024\/07\/Mercado_10.jpg\" alt=\"\" width=\"635\" height=\"356\" data-srcset=\"https:\/\/www.ugtcomunicaciones.es\/wordpress\/wp-content\/uploads\/2024\/07\/Mercado_10.jpg 635w, https:\/\/www.ugtcomunicaciones.es\/wordpress\/wp-content\/uploads\/2024\/07\/Mercado_10-300x168.jpg 300w\" data-sizes=\"(max-width: 635px) 100vw, 635px\" src=\"data:image\/svg+xml;base64,PHN2ZyB3aWR0aD0iMSIgaGVpZ2h0PSIxIiB4bWxucz0iaHR0cDovL3d3dy53My5vcmcvMjAwMC9zdmciPjwvc3ZnPg==\" style=\"--smush-placeholder-width: 635px; --smush-placeholder-aspect-ratio: 635\/356;\" \/><\/p>\n<p style=\"text-align: justify;\"><strong>Mercado de Telefon\u00eda Fija vocal<\/strong><\/p>\n<ol style=\"text-align: justify;\">\n<li><strong> Comportamiento mensual telefon\u00eda fija vocal<\/strong><\/li>\n<\/ol>\n<p style=\"text-align: justify;\">La nueva M\u00e1sOrange no logra mantenerse en positivo. Vodafone mal, pero mejor que en marzo:<\/p>\n<p><img decoding=\"async\" class=\"aligncenter wp-image-1067083 size-full lazyload\" data-src=\"https:\/\/www.ugtcomunicaciones.es\/wordpress\/wp-content\/uploads\/2024\/07\/Mercado_11.jpg\" alt=\"\" width=\"629\" height=\"283\" data-srcset=\"https:\/\/www.ugtcomunicaciones.es\/wordpress\/wp-content\/uploads\/2024\/07\/Mercado_11.jpg 629w, https:\/\/www.ugtcomunicaciones.es\/wordpress\/wp-content\/uploads\/2024\/07\/Mercado_11-300x135.jpg 300w\" data-sizes=\"(max-width: 629px) 100vw, 629px\" src=\"data:image\/svg+xml;base64,PHN2ZyB3aWR0aD0iMSIgaGVpZ2h0PSIxIiB4bWxucz0iaHR0cDovL3d3dy53My5vcmcvMjAwMC9zdmciPjwvc3ZnPg==\" style=\"--smush-placeholder-width: 629px; --smush-placeholder-aspect-ratio: 629\/283;\" \/><\/p>\n<p style=\"text-align: justify;\">Cuotas de mercado en telefon\u00eda fija: Orange resiste con el 20%.<\/p>\n<p style=\"text-align: justify;\"><strong> <img decoding=\"async\" class=\"aligncenter wp-image-1067082 size-full lazyload\" data-src=\"https:\/\/www.ugtcomunicaciones.es\/wordpress\/wp-content\/uploads\/2024\/07\/Mercado_12.jpg\" alt=\"\" width=\"582\" height=\"290\" data-srcset=\"https:\/\/www.ugtcomunicaciones.es\/wordpress\/wp-content\/uploads\/2024\/07\/Mercado_12.jpg 582w, https:\/\/www.ugtcomunicaciones.es\/wordpress\/wp-content\/uploads\/2024\/07\/Mercado_12-300x149.jpg 300w\" data-sizes=\"(max-width: 582px) 100vw, 582px\" src=\"data:image\/svg+xml;base64,PHN2ZyB3aWR0aD0iMSIgaGVpZ2h0PSIxIiB4bWxucz0iaHR0cDovL3d3dy53My5vcmcvMjAwMC9zdmciPjwvc3ZnPg==\" style=\"--smush-placeholder-width: 582px; --smush-placeholder-aspect-ratio: 582\/290;\" \/><\/strong><\/p>\n<p style=\"text-align: justify;\"><strong>\u00a0<\/strong><strong>\u00a0<\/strong><\/p>\n<ol start=\"2\">\n<li style=\"text-align: justify;\"><strong> Comportamiento anual telefon\u00eda fija vocal<\/strong><\/li>\n<\/ol>\n<p><img decoding=\"async\" class=\"aligncenter wp-image-1067081 size-full lazyload\" data-src=\"https:\/\/www.ugtcomunicaciones.es\/wordpress\/wp-content\/uploads\/2024\/07\/Mercado_13.jpg\" alt=\"\" width=\"629\" height=\"412\" data-srcset=\"https:\/\/www.ugtcomunicaciones.es\/wordpress\/wp-content\/uploads\/2024\/07\/Mercado_13.jpg 629w, https:\/\/www.ugtcomunicaciones.es\/wordpress\/wp-content\/uploads\/2024\/07\/Mercado_13-300x197.jpg 300w\" data-sizes=\"(max-width: 629px) 100vw, 629px\" src=\"data:image\/svg+xml;base64,PHN2ZyB3aWR0aD0iMSIgaGVpZ2h0PSIxIiB4bWxucz0iaHR0cDovL3d3dy53My5vcmcvMjAwMC9zdmciPjwvc3ZnPg==\" style=\"--smush-placeholder-width: 629px; --smush-placeholder-aspect-ratio: 629\/412;\" \/><\/p>\n<h4 style=\"text-align: right;\"><span style=\"color: #ff0000;\"><strong>UGT<\/strong><\/span><strong> Comunicaciones<\/strong><\/h4>\n","protected":false},"excerpt":{"rendered":"<p>Continuando con la saga de \u201cdatos inconsistentes\u201d, el regulador del sector nos brinda un mes con tecnolog\u00edas de banda ancha que, de repente, desaparecen, lo que imposibilita hacen un seguimiento coherente y dotar de trazabilidad a las estad\u00edsticas. En cualquier caso, lo vamos a intentar. Panor\u00e1mica general El sector parece encaminarse hacia la polarizaci\u00f3n: BAM [&hellip;]<\/p>\n","protected":false},"author":3,"featured_media":1067079,"comment_status":"closed","ping_status":"closed","sticky":false,"template":"","format":"standard","meta":{"footnotes":""},"categories":[13,12],"tags":[],"class_list":["post-1067077","post","type-post","status-publish","format-standard","has-post-thumbnail","hentry","category-mercado-comunicaciones","category-regulacion"],"yoast_head":"<!-- This site is optimized with the Yoast SEO Premium plugin v27.3 (Yoast SEO v27.4) - https:\/\/yoast.com\/product\/yoast-seo-premium-wordpress\/ -->\n<title>Mercado Telecos abril 2024: Movistar lidera la BAM por primera vez en a\u00f1os - UGT Comunicaciones<\/title>\n<meta name=\"robots\" content=\"index, follow, max-snippet:-1, max-image-preview:large, max-video-preview:-1\" \/>\n<link rel=\"canonical\" href=\"https:\/\/www.ugtcomunicaciones.es\/wordpress\/mercado-telecos-abril-2024-movistar-lidera-la-bam-por-primera-vez-en-anos\/\" \/>\n<meta property=\"og:locale\" content=\"es_ES\" \/>\n<meta property=\"og:type\" content=\"article\" \/>\n<meta property=\"og:title\" content=\"Mercado Telecos abril 2024: Movistar lidera la BAM por primera vez en a\u00f1os\" \/>\n<meta property=\"og:description\" content=\"Continuando con la saga de \u201cdatos inconsistentes\u201d, el regulador del sector nos brinda un mes con tecnolog\u00edas de banda ancha que, de repente, desaparecen, lo que imposibilita hacen un seguimiento coherente y dotar de trazabilidad a las estad\u00edsticas. En cualquier caso, lo vamos a intentar. Panor\u00e1mica general El sector parece encaminarse hacia la polarizaci\u00f3n: BAM [&hellip;]\" \/>\n<meta property=\"og:url\" content=\"https:\/\/www.ugtcomunicaciones.es\/wordpress\/mercado-telecos-abril-2024-movistar-lidera-la-bam-por-primera-vez-en-anos\/\" \/>\n<meta property=\"og:site_name\" content=\"UGT Comunicaciones\" \/>\n<meta property=\"article:publisher\" content=\"https:\/\/www.facebook.com\/ugt.comunicaciones\/\" \/>\n<meta property=\"article:published_time\" content=\"2024-07-15T04:00:15+00:00\" \/>\n<meta property=\"og:image\" content=\"https:\/\/www.ugtcomunicaciones.es\/wordpress\/wp-content\/uploads\/2024\/07\/Mercado_16.jpg\" \/>\n\t<meta property=\"og:image:width\" content=\"600\" \/>\n\t<meta property=\"og:image:height\" content=\"400\" \/>\n\t<meta property=\"og:image:type\" content=\"image\/jpeg\" \/>\n<meta name=\"author\" content=\"UGT\" \/>\n<meta name=\"twitter:card\" content=\"summary_large_image\" \/>\n<meta name=\"twitter:creator\" content=\"@ugtcom\" \/>\n<meta name=\"twitter:site\" content=\"@ugtcom\" \/>\n<meta name=\"twitter:label1\" content=\"Escrito por\" \/>\n\t<meta name=\"twitter:data1\" content=\"UGT\" \/>\n\t<meta name=\"twitter:label2\" content=\"Tiempo de lectura\" \/>\n\t<meta name=\"twitter:data2\" content=\"5 minutos\" \/>\n<script type=\"application\/ld+json\" class=\"yoast-schema-graph\">{\"@context\":\"https:\\\/\\\/schema.org\",\"@graph\":[{\"@type\":\"Article\",\"@id\":\"https:\\\/\\\/www.ugtcomunicaciones.es\\\/wordpress\\\/mercado-telecos-abril-2024-movistar-lidera-la-bam-por-primera-vez-en-anos\\\/#article\",\"isPartOf\":{\"@id\":\"https:\\\/\\\/www.ugtcomunicaciones.es\\\/wordpress\\\/mercado-telecos-abril-2024-movistar-lidera-la-bam-por-primera-vez-en-anos\\\/\"},\"author\":{\"name\":\"UGT\",\"@id\":\"https:\\\/\\\/www.ugtcomunicaciones.es\\\/wordpress\\\/#\\\/schema\\\/person\\\/eba0fc3fe5b444531d94d4368cba89ed\"},\"headline\":\"Mercado Telecos abril 2024: Movistar lidera la BAM por primera vez en a\u00f1os\",\"datePublished\":\"2024-07-15T04:00:15+00:00\",\"mainEntityOfPage\":{\"@id\":\"https:\\\/\\\/www.ugtcomunicaciones.es\\\/wordpress\\\/mercado-telecos-abril-2024-movistar-lidera-la-bam-por-primera-vez-en-anos\\\/\"},\"wordCount\":383,\"publisher\":{\"@id\":\"https:\\\/\\\/www.ugtcomunicaciones.es\\\/wordpress\\\/#organization\"},\"image\":{\"@id\":\"https:\\\/\\\/www.ugtcomunicaciones.es\\\/wordpress\\\/mercado-telecos-abril-2024-movistar-lidera-la-bam-por-primera-vez-en-anos\\\/#primaryimage\"},\"thumbnailUrl\":\"https:\\\/\\\/www.ugtcomunicaciones.es\\\/wordpress\\\/wp-content\\\/uploads\\\/2024\\\/07\\\/Mercado_16.jpg\",\"articleSection\":[\"Mercado Comunicaciones\",\"Regulaci\u00f3n\"],\"inLanguage\":\"es\"},{\"@type\":\"WebPage\",\"@id\":\"https:\\\/\\\/www.ugtcomunicaciones.es\\\/wordpress\\\/mercado-telecos-abril-2024-movistar-lidera-la-bam-por-primera-vez-en-anos\\\/\",\"url\":\"https:\\\/\\\/www.ugtcomunicaciones.es\\\/wordpress\\\/mercado-telecos-abril-2024-movistar-lidera-la-bam-por-primera-vez-en-anos\\\/\",\"name\":\"Mercado Telecos abril 2024: Movistar lidera la BAM por primera vez en a\u00f1os - UGT Comunicaciones\",\"isPartOf\":{\"@id\":\"https:\\\/\\\/www.ugtcomunicaciones.es\\\/wordpress\\\/#website\"},\"primaryImageOfPage\":{\"@id\":\"https:\\\/\\\/www.ugtcomunicaciones.es\\\/wordpress\\\/mercado-telecos-abril-2024-movistar-lidera-la-bam-por-primera-vez-en-anos\\\/#primaryimage\"},\"image\":{\"@id\":\"https:\\\/\\\/www.ugtcomunicaciones.es\\\/wordpress\\\/mercado-telecos-abril-2024-movistar-lidera-la-bam-por-primera-vez-en-anos\\\/#primaryimage\"},\"thumbnailUrl\":\"https:\\\/\\\/www.ugtcomunicaciones.es\\\/wordpress\\\/wp-content\\\/uploads\\\/2024\\\/07\\\/Mercado_16.jpg\",\"datePublished\":\"2024-07-15T04:00:15+00:00\",\"breadcrumb\":{\"@id\":\"https:\\\/\\\/www.ugtcomunicaciones.es\\\/wordpress\\\/mercado-telecos-abril-2024-movistar-lidera-la-bam-por-primera-vez-en-anos\\\/#breadcrumb\"},\"inLanguage\":\"es\",\"potentialAction\":[{\"@type\":\"ReadAction\",\"target\":[\"https:\\\/\\\/www.ugtcomunicaciones.es\\\/wordpress\\\/mercado-telecos-abril-2024-movistar-lidera-la-bam-por-primera-vez-en-anos\\\/\"]}]},{\"@type\":\"ImageObject\",\"inLanguage\":\"es\",\"@id\":\"https:\\\/\\\/www.ugtcomunicaciones.es\\\/wordpress\\\/mercado-telecos-abril-2024-movistar-lidera-la-bam-por-primera-vez-en-anos\\\/#primaryimage\",\"url\":\"https:\\\/\\\/www.ugtcomunicaciones.es\\\/wordpress\\\/wp-content\\\/uploads\\\/2024\\\/07\\\/Mercado_16.jpg\",\"contentUrl\":\"https:\\\/\\\/www.ugtcomunicaciones.es\\\/wordpress\\\/wp-content\\\/uploads\\\/2024\\\/07\\\/Mercado_16.jpg\",\"width\":600,\"height\":400,\"caption\":\"Business situations. People in the office\"},{\"@type\":\"BreadcrumbList\",\"@id\":\"https:\\\/\\\/www.ugtcomunicaciones.es\\\/wordpress\\\/mercado-telecos-abril-2024-movistar-lidera-la-bam-por-primera-vez-en-anos\\\/#breadcrumb\",\"itemListElement\":[{\"@type\":\"ListItem\",\"position\":1,\"name\":\"Portada\",\"item\":\"https:\\\/\\\/www.ugtcomunicaciones.es\\\/wordpress\\\/\"},{\"@type\":\"ListItem\",\"position\":2,\"name\":\"Mercado Telecos abril 2024: Movistar lidera la BAM por primera vez en a\u00f1os\"}]},{\"@type\":\"WebSite\",\"@id\":\"https:\\\/\\\/www.ugtcomunicaciones.es\\\/wordpress\\\/#website\",\"url\":\"https:\\\/\\\/www.ugtcomunicaciones.es\\\/wordpress\\\/\",\"name\":\"UGT Comunicaciones\",\"description\":\"Sindicato de Telecomunicaciones\",\"publisher\":{\"@id\":\"https:\\\/\\\/www.ugtcomunicaciones.es\\\/wordpress\\\/#organization\"},\"potentialAction\":[{\"@type\":\"SearchAction\",\"target\":{\"@type\":\"EntryPoint\",\"urlTemplate\":\"https:\\\/\\\/www.ugtcomunicaciones.es\\\/wordpress\\\/?s={search_term_string}\"},\"query-input\":{\"@type\":\"PropertyValueSpecification\",\"valueRequired\":true,\"valueName\":\"search_term_string\"}}],\"inLanguage\":\"es\"},{\"@type\":\"Organization\",\"@id\":\"https:\\\/\\\/www.ugtcomunicaciones.es\\\/wordpress\\\/#organization\",\"name\":\"UGT Comunicaciones\",\"url\":\"https:\\\/\\\/www.ugtcomunicaciones.es\\\/wordpress\\\/\",\"logo\":{\"@type\":\"ImageObject\",\"inLanguage\":\"es\",\"@id\":\"https:\\\/\\\/www.ugtcomunicaciones.es\\\/wordpress\\\/#\\\/schema\\\/logo\\\/image\\\/\",\"url\":\"https:\\\/\\\/www.ugtcomunicaciones.es\\\/wordpress\\\/wp-content\\\/uploads\\\/2024\\\/04\\\/comunicaciones_logo.png\",\"contentUrl\":\"https:\\\/\\\/www.ugtcomunicaciones.es\\\/wordpress\\\/wp-content\\\/uploads\\\/2024\\\/04\\\/comunicaciones_logo.png\",\"width\":298,\"height\":81,\"caption\":\"UGT Comunicaciones\"},\"image\":{\"@id\":\"https:\\\/\\\/www.ugtcomunicaciones.es\\\/wordpress\\\/#\\\/schema\\\/logo\\\/image\\\/\"},\"sameAs\":[\"https:\\\/\\\/www.facebook.com\\\/ugt.comunicaciones\\\/\",\"https:\\\/\\\/x.com\\\/ugtcom\"]},{\"@type\":\"Person\",\"@id\":\"https:\\\/\\\/www.ugtcomunicaciones.es\\\/wordpress\\\/#\\\/schema\\\/person\\\/eba0fc3fe5b444531d94d4368cba89ed\",\"name\":\"UGT\",\"image\":{\"@type\":\"ImageObject\",\"inLanguage\":\"es\",\"@id\":\"https:\\\/\\\/secure.gravatar.com\\\/avatar\\\/2a16057d620a4c646bcfc171c4f23030879ebbdd346f0525bd5d4a564e57e13d?s=96&d=mm&r=g\",\"url\":\"https:\\\/\\\/secure.gravatar.com\\\/avatar\\\/2a16057d620a4c646bcfc171c4f23030879ebbdd346f0525bd5d4a564e57e13d?s=96&d=mm&r=g\",\"contentUrl\":\"https:\\\/\\\/secure.gravatar.com\\\/avatar\\\/2a16057d620a4c646bcfc171c4f23030879ebbdd346f0525bd5d4a564e57e13d?s=96&d=mm&r=g\",\"caption\":\"UGT\"}}]}<\/script>\n<!-- \/ Yoast SEO Premium plugin. -->","yoast_head_json":{"title":"Mercado Telecos abril 2024: Movistar lidera la BAM por primera vez en a\u00f1os - UGT Comunicaciones","robots":{"index":"index","follow":"follow","max-snippet":"max-snippet:-1","max-image-preview":"max-image-preview:large","max-video-preview":"max-video-preview:-1"},"canonical":"https:\/\/www.ugtcomunicaciones.es\/wordpress\/mercado-telecos-abril-2024-movistar-lidera-la-bam-por-primera-vez-en-anos\/","og_locale":"es_ES","og_type":"article","og_title":"Mercado Telecos abril 2024: Movistar lidera la BAM por primera vez en a\u00f1os","og_description":"Continuando con la saga de \u201cdatos inconsistentes\u201d, el regulador del sector nos brinda un mes con tecnolog\u00edas de banda ancha que, de repente, desaparecen, lo que imposibilita hacen un seguimiento coherente y dotar de trazabilidad a las estad\u00edsticas. En cualquier caso, lo vamos a intentar. Panor\u00e1mica general El sector parece encaminarse hacia la polarizaci\u00f3n: BAM [&hellip;]","og_url":"https:\/\/www.ugtcomunicaciones.es\/wordpress\/mercado-telecos-abril-2024-movistar-lidera-la-bam-por-primera-vez-en-anos\/","og_site_name":"UGT Comunicaciones","article_publisher":"https:\/\/www.facebook.com\/ugt.comunicaciones\/","article_published_time":"2024-07-15T04:00:15+00:00","og_image":[{"width":600,"height":400,"url":"https:\/\/www.ugtcomunicaciones.es\/wordpress\/wp-content\/uploads\/2024\/07\/Mercado_16.jpg","type":"image\/jpeg"}],"author":"UGT","twitter_card":"summary_large_image","twitter_creator":"@ugtcom","twitter_site":"@ugtcom","twitter_misc":{"Escrito por":"UGT","Tiempo de lectura":"5 minutos"},"schema":{"@context":"https:\/\/schema.org","@graph":[{"@type":"Article","@id":"https:\/\/www.ugtcomunicaciones.es\/wordpress\/mercado-telecos-abril-2024-movistar-lidera-la-bam-por-primera-vez-en-anos\/#article","isPartOf":{"@id":"https:\/\/www.ugtcomunicaciones.es\/wordpress\/mercado-telecos-abril-2024-movistar-lidera-la-bam-por-primera-vez-en-anos\/"},"author":{"name":"UGT","@id":"https:\/\/www.ugtcomunicaciones.es\/wordpress\/#\/schema\/person\/eba0fc3fe5b444531d94d4368cba89ed"},"headline":"Mercado Telecos abril 2024: Movistar lidera la BAM por primera vez en a\u00f1os","datePublished":"2024-07-15T04:00:15+00:00","mainEntityOfPage":{"@id":"https:\/\/www.ugtcomunicaciones.es\/wordpress\/mercado-telecos-abril-2024-movistar-lidera-la-bam-por-primera-vez-en-anos\/"},"wordCount":383,"publisher":{"@id":"https:\/\/www.ugtcomunicaciones.es\/wordpress\/#organization"},"image":{"@id":"https:\/\/www.ugtcomunicaciones.es\/wordpress\/mercado-telecos-abril-2024-movistar-lidera-la-bam-por-primera-vez-en-anos\/#primaryimage"},"thumbnailUrl":"https:\/\/www.ugtcomunicaciones.es\/wordpress\/wp-content\/uploads\/2024\/07\/Mercado_16.jpg","articleSection":["Mercado Comunicaciones","Regulaci\u00f3n"],"inLanguage":"es"},{"@type":"WebPage","@id":"https:\/\/www.ugtcomunicaciones.es\/wordpress\/mercado-telecos-abril-2024-movistar-lidera-la-bam-por-primera-vez-en-anos\/","url":"https:\/\/www.ugtcomunicaciones.es\/wordpress\/mercado-telecos-abril-2024-movistar-lidera-la-bam-por-primera-vez-en-anos\/","name":"Mercado Telecos abril 2024: Movistar lidera la BAM por primera vez en a\u00f1os - UGT Comunicaciones","isPartOf":{"@id":"https:\/\/www.ugtcomunicaciones.es\/wordpress\/#website"},"primaryImageOfPage":{"@id":"https:\/\/www.ugtcomunicaciones.es\/wordpress\/mercado-telecos-abril-2024-movistar-lidera-la-bam-por-primera-vez-en-anos\/#primaryimage"},"image":{"@id":"https:\/\/www.ugtcomunicaciones.es\/wordpress\/mercado-telecos-abril-2024-movistar-lidera-la-bam-por-primera-vez-en-anos\/#primaryimage"},"thumbnailUrl":"https:\/\/www.ugtcomunicaciones.es\/wordpress\/wp-content\/uploads\/2024\/07\/Mercado_16.jpg","datePublished":"2024-07-15T04:00:15+00:00","breadcrumb":{"@id":"https:\/\/www.ugtcomunicaciones.es\/wordpress\/mercado-telecos-abril-2024-movistar-lidera-la-bam-por-primera-vez-en-anos\/#breadcrumb"},"inLanguage":"es","potentialAction":[{"@type":"ReadAction","target":["https:\/\/www.ugtcomunicaciones.es\/wordpress\/mercado-telecos-abril-2024-movistar-lidera-la-bam-por-primera-vez-en-anos\/"]}]},{"@type":"ImageObject","inLanguage":"es","@id":"https:\/\/www.ugtcomunicaciones.es\/wordpress\/mercado-telecos-abril-2024-movistar-lidera-la-bam-por-primera-vez-en-anos\/#primaryimage","url":"https:\/\/www.ugtcomunicaciones.es\/wordpress\/wp-content\/uploads\/2024\/07\/Mercado_16.jpg","contentUrl":"https:\/\/www.ugtcomunicaciones.es\/wordpress\/wp-content\/uploads\/2024\/07\/Mercado_16.jpg","width":600,"height":400,"caption":"Business situations. People in the office"},{"@type":"BreadcrumbList","@id":"https:\/\/www.ugtcomunicaciones.es\/wordpress\/mercado-telecos-abril-2024-movistar-lidera-la-bam-por-primera-vez-en-anos\/#breadcrumb","itemListElement":[{"@type":"ListItem","position":1,"name":"Portada","item":"https:\/\/www.ugtcomunicaciones.es\/wordpress\/"},{"@type":"ListItem","position":2,"name":"Mercado Telecos abril 2024: Movistar lidera la BAM por primera vez en a\u00f1os"}]},{"@type":"WebSite","@id":"https:\/\/www.ugtcomunicaciones.es\/wordpress\/#website","url":"https:\/\/www.ugtcomunicaciones.es\/wordpress\/","name":"UGT Comunicaciones","description":"Sindicato de Telecomunicaciones","publisher":{"@id":"https:\/\/www.ugtcomunicaciones.es\/wordpress\/#organization"},"potentialAction":[{"@type":"SearchAction","target":{"@type":"EntryPoint","urlTemplate":"https:\/\/www.ugtcomunicaciones.es\/wordpress\/?s={search_term_string}"},"query-input":{"@type":"PropertyValueSpecification","valueRequired":true,"valueName":"search_term_string"}}],"inLanguage":"es"},{"@type":"Organization","@id":"https:\/\/www.ugtcomunicaciones.es\/wordpress\/#organization","name":"UGT Comunicaciones","url":"https:\/\/www.ugtcomunicaciones.es\/wordpress\/","logo":{"@type":"ImageObject","inLanguage":"es","@id":"https:\/\/www.ugtcomunicaciones.es\/wordpress\/#\/schema\/logo\/image\/","url":"https:\/\/www.ugtcomunicaciones.es\/wordpress\/wp-content\/uploads\/2024\/04\/comunicaciones_logo.png","contentUrl":"https:\/\/www.ugtcomunicaciones.es\/wordpress\/wp-content\/uploads\/2024\/04\/comunicaciones_logo.png","width":298,"height":81,"caption":"UGT Comunicaciones"},"image":{"@id":"https:\/\/www.ugtcomunicaciones.es\/wordpress\/#\/schema\/logo\/image\/"},"sameAs":["https:\/\/www.facebook.com\/ugt.comunicaciones\/","https:\/\/x.com\/ugtcom"]},{"@type":"Person","@id":"https:\/\/www.ugtcomunicaciones.es\/wordpress\/#\/schema\/person\/eba0fc3fe5b444531d94d4368cba89ed","name":"UGT","image":{"@type":"ImageObject","inLanguage":"es","@id":"https:\/\/secure.gravatar.com\/avatar\/2a16057d620a4c646bcfc171c4f23030879ebbdd346f0525bd5d4a564e57e13d?s=96&d=mm&r=g","url":"https:\/\/secure.gravatar.com\/avatar\/2a16057d620a4c646bcfc171c4f23030879ebbdd346f0525bd5d4a564e57e13d?s=96&d=mm&r=g","contentUrl":"https:\/\/secure.gravatar.com\/avatar\/2a16057d620a4c646bcfc171c4f23030879ebbdd346f0525bd5d4a564e57e13d?s=96&d=mm&r=g","caption":"UGT"}}]}},"_links":{"self":[{"href":"https:\/\/www.ugtcomunicaciones.es\/wordpress\/wp-json\/wp\/v2\/posts\/1067077","targetHints":{"allow":["GET"]}}],"collection":[{"href":"https:\/\/www.ugtcomunicaciones.es\/wordpress\/wp-json\/wp\/v2\/posts"}],"about":[{"href":"https:\/\/www.ugtcomunicaciones.es\/wordpress\/wp-json\/wp\/v2\/types\/post"}],"author":[{"embeddable":true,"href":"https:\/\/www.ugtcomunicaciones.es\/wordpress\/wp-json\/wp\/v2\/users\/3"}],"replies":[{"embeddable":true,"href":"https:\/\/www.ugtcomunicaciones.es\/wordpress\/wp-json\/wp\/v2\/comments?post=1067077"}],"version-history":[{"count":5,"href":"https:\/\/www.ugtcomunicaciones.es\/wordpress\/wp-json\/wp\/v2\/posts\/1067077\/revisions"}],"predecessor-version":[{"id":1067096,"href":"https:\/\/www.ugtcomunicaciones.es\/wordpress\/wp-json\/wp\/v2\/posts\/1067077\/revisions\/1067096"}],"wp:featuredmedia":[{"embeddable":true,"href":"https:\/\/www.ugtcomunicaciones.es\/wordpress\/wp-json\/wp\/v2\/media\/1067079"}],"wp:attachment":[{"href":"https:\/\/www.ugtcomunicaciones.es\/wordpress\/wp-json\/wp\/v2\/media?parent=1067077"}],"wp:term":[{"taxonomy":"category","embeddable":true,"href":"https:\/\/www.ugtcomunicaciones.es\/wordpress\/wp-json\/wp\/v2\/categories?post=1067077"},{"taxonomy":"post_tag","embeddable":true,"href":"https:\/\/www.ugtcomunicaciones.es\/wordpress\/wp-json\/wp\/v2\/tags?post=1067077"}],"curies":[{"name":"wp","href":"https:\/\/api.w.org\/{rel}","templated":true}]}}