{"id":1067124,"date":"2024-07-02T20:52:38","date_gmt":"2024-07-02T18:52:38","guid":{"rendered":"https:\/\/www.ugtcomunicaciones.es\/wordpress\/?p=1067124"},"modified":"2024-07-03T11:02:13","modified_gmt":"2024-07-03T09:02:13","slug":"plantilla-vodafone-respalda-mayoritariamente-el-paro-parcial-convocado-contra-ere","status":"publish","type":"post","link":"https:\/\/www.ugtcomunicaciones.es\/wordpress\/plantilla-vodafone-respalda-mayoritariamente-el-paro-parcial-convocado-contra-ere\/","title":{"rendered":"La plantilla de Vodafone respalda mayoritariamente el paro parcial convocado contra el ERE."},"content":{"rendered":"<p><strong>M\u00e1s de un 60% (un 70% seg\u00fan nuestros c\u00e1lculos) de la plantilla ha secundado el paro convocado por la RLT del Grupo Vodafone Espa\u00f1a para protestar contra un ERE con el que Zegona ataca a las personas trabajadoras.<\/strong><\/p>\n<p>Un ERE que es, sin duda, consecuencia de la inacci\u00f3n del Ministerio para la Transformaci\u00f3n Digital y la Funci\u00f3n P\u00fablica. El cual, liderado por el Sr. Escriv\u00e0, parece decidido a desatender las consecuencias de su dejadez, que le han llevado a mantener pol\u00edticas regulatorias equivocas y a tomar decisiones nefastas que ahondan en la destrucci\u00f3n de empleo que viene sufriendo el sector de las telecomunicaciones.<\/p>\n<p><strong>Seguiremos plantando cara y luchando por la plantilla en los siguientes paros parciales convocados en Vodafone (d\u00edas 3, 4, 10, 15, 16 y 17 de julio), en las huelgas y manifestaciones frente a los Ministerios de Transformaci\u00f3n Digital y Trabajo (d\u00edas 9 y 11 de julio, respectivamente) y en la mesa de negociaci\u00f3n del ERE de Vodafone, donde el acuerdo se presume en estos momentos muy dif\u00edcil de alcanzar<\/strong> . Al tiempo que velamos armas para los procesos que puedan plantearse en un futuro pr\u00f3ximo.<\/p>\n","protected":false},"excerpt":{"rendered":"<p>M\u00e1s de un 60% (un 70% seg\u00fan nuestros c\u00e1lculos) de la plantilla ha secundado el paro convocado por la RLT del Grupo Vodafone Espa\u00f1a para protestar contra un ERE con el que Zegona ataca a las personas trabajadoras. Un ERE que es, sin duda, consecuencia de la inacci\u00f3n del Ministerio para la Transformaci\u00f3n Digital y [&hellip;]<\/p>\n","protected":false},"author":8,"featured_media":1067127,"comment_status":"closed","ping_status":"closed","sticky":false,"template":"","format":"standard","meta":{"footnotes":""},"categories":[27],"tags":[],"class_list":["post-1067124","post","type-post","status-publish","format-standard","has-post-thumbnail","hentry","category-grupo-vodafone"],"yoast_head":"<!-- This site is optimized with the Yoast SEO Premium plugin v27.3 (Yoast SEO v27.4) - https:\/\/yoast.com\/product\/yoast-seo-premium-wordpress\/ -->\n<title>La plantilla de Vodafone respalda mayoritariamente el paro parcial convocado contra el ERE. - UGT Comunicaciones<\/title>\n<meta name=\"robots\" content=\"index, follow, max-snippet:-1, max-image-preview:large, max-video-preview:-1\" \/>\n<link rel=\"canonical\" href=\"https:\/\/www.ugtcomunicaciones.es\/wordpress\/plantilla-vodafone-respalda-mayoritariamente-el-paro-parcial-convocado-contra-ere\/\" \/>\n<meta property=\"og:locale\" content=\"es_ES\" \/>\n<meta property=\"og:type\" content=\"article\" \/>\n<meta property=\"og:title\" content=\"La plantilla de Vodafone respalda mayoritariamente el paro parcial convocado contra el ERE.\" \/>\n<meta property=\"og:description\" content=\"M\u00e1s de un 60% (un 70% seg\u00fan nuestros c\u00e1lculos) de la plantilla ha secundado el paro convocado por la RLT del Grupo Vodafone Espa\u00f1a para protestar contra un ERE con el que Zegona ataca a las personas trabajadoras. Un ERE que es, sin duda, consecuencia de la inacci\u00f3n del Ministerio para la Transformaci\u00f3n Digital y [&hellip;]\" \/>\n<meta property=\"og:url\" content=\"https:\/\/www.ugtcomunicaciones.es\/wordpress\/plantilla-vodafone-respalda-mayoritariamente-el-paro-parcial-convocado-contra-ere\/\" \/>\n<meta property=\"og:site_name\" content=\"UGT Comunicaciones\" \/>\n<meta property=\"article:publisher\" content=\"https:\/\/www.facebook.com\/ugt.comunicaciones\/\" \/>\n<meta property=\"article:published_time\" content=\"2024-07-02T18:52:38+00:00\" \/>\n<meta property=\"article:modified_time\" content=\"2024-07-03T09:02:13+00:00\" \/>\n<meta property=\"og:image\" content=\"https:\/\/www.ugtcomunicaciones.es\/wordpress\/wp-content\/uploads\/2024\/07\/Paro-ERE-Vodafone-Zegona-2-03072024.jpg\" \/>\n\t<meta property=\"og:image:width\" content=\"2000\" \/>\n\t<meta property=\"og:image:height\" content=\"924\" \/>\n\t<meta property=\"og:image:type\" content=\"image\/jpeg\" \/>\n<meta name=\"author\" content=\"UGT\" \/>\n<meta name=\"twitter:card\" content=\"summary_large_image\" \/>\n<meta name=\"twitter:creator\" content=\"@ugtcom\" \/>\n<meta name=\"twitter:site\" content=\"@ugtcom\" \/>\n<meta name=\"twitter:label1\" content=\"Escrito por\" \/>\n\t<meta name=\"twitter:data1\" content=\"UGT\" \/>\n\t<meta name=\"twitter:label2\" content=\"Tiempo de lectura\" \/>\n\t<meta name=\"twitter:data2\" content=\"2 minutos\" \/>\n<script type=\"application\/ld+json\" class=\"yoast-schema-graph\">{\"@context\":\"https:\\\/\\\/schema.org\",\"@graph\":[{\"@type\":\"Article\",\"@id\":\"https:\\\/\\\/www.ugtcomunicaciones.es\\\/wordpress\\\/plantilla-vodafone-respalda-mayoritariamente-el-paro-parcial-convocado-contra-ere\\\/#article\",\"isPartOf\":{\"@id\":\"https:\\\/\\\/www.ugtcomunicaciones.es\\\/wordpress\\\/plantilla-vodafone-respalda-mayoritariamente-el-paro-parcial-convocado-contra-ere\\\/\"},\"author\":{\"name\":\"UGT\",\"@id\":\"https:\\\/\\\/www.ugtcomunicaciones.es\\\/wordpress\\\/#\\\/schema\\\/person\\\/c5832697c991fe71075d106bc70c9a23\"},\"headline\":\"La plantilla de Vodafone respalda mayoritariamente el paro parcial convocado contra el ERE.\",\"datePublished\":\"2024-07-02T18:52:38+00:00\",\"dateModified\":\"2024-07-03T09:02:13+00:00\",\"mainEntityOfPage\":{\"@id\":\"https:\\\/\\\/www.ugtcomunicaciones.es\\\/wordpress\\\/plantilla-vodafone-respalda-mayoritariamente-el-paro-parcial-convocado-contra-ere\\\/\"},\"wordCount\":206,\"publisher\":{\"@id\":\"https:\\\/\\\/www.ugtcomunicaciones.es\\\/wordpress\\\/#organization\"},\"image\":{\"@id\":\"https:\\\/\\\/www.ugtcomunicaciones.es\\\/wordpress\\\/plantilla-vodafone-respalda-mayoritariamente-el-paro-parcial-convocado-contra-ere\\\/#primaryimage\"},\"thumbnailUrl\":\"https:\\\/\\\/www.ugtcomunicaciones.es\\\/wordpress\\\/wp-content\\\/uploads\\\/2024\\\/07\\\/Paro-ERE-Vodafone-Zegona-2-03072024.jpg\",\"articleSection\":[\"Grupo Vodafone\"],\"inLanguage\":\"es\"},{\"@type\":\"WebPage\",\"@id\":\"https:\\\/\\\/www.ugtcomunicaciones.es\\\/wordpress\\\/plantilla-vodafone-respalda-mayoritariamente-el-paro-parcial-convocado-contra-ere\\\/\",\"url\":\"https:\\\/\\\/www.ugtcomunicaciones.es\\\/wordpress\\\/plantilla-vodafone-respalda-mayoritariamente-el-paro-parcial-convocado-contra-ere\\\/\",\"name\":\"La plantilla de Vodafone respalda mayoritariamente el paro parcial convocado contra el ERE. - UGT Comunicaciones\",\"isPartOf\":{\"@id\":\"https:\\\/\\\/www.ugtcomunicaciones.es\\\/wordpress\\\/#website\"},\"primaryImageOfPage\":{\"@id\":\"https:\\\/\\\/www.ugtcomunicaciones.es\\\/wordpress\\\/plantilla-vodafone-respalda-mayoritariamente-el-paro-parcial-convocado-contra-ere\\\/#primaryimage\"},\"image\":{\"@id\":\"https:\\\/\\\/www.ugtcomunicaciones.es\\\/wordpress\\\/plantilla-vodafone-respalda-mayoritariamente-el-paro-parcial-convocado-contra-ere\\\/#primaryimage\"},\"thumbnailUrl\":\"https:\\\/\\\/www.ugtcomunicaciones.es\\\/wordpress\\\/wp-content\\\/uploads\\\/2024\\\/07\\\/Paro-ERE-Vodafone-Zegona-2-03072024.jpg\",\"datePublished\":\"2024-07-02T18:52:38+00:00\",\"dateModified\":\"2024-07-03T09:02:13+00:00\",\"breadcrumb\":{\"@id\":\"https:\\\/\\\/www.ugtcomunicaciones.es\\\/wordpress\\\/plantilla-vodafone-respalda-mayoritariamente-el-paro-parcial-convocado-contra-ere\\\/#breadcrumb\"},\"inLanguage\":\"es\",\"potentialAction\":[{\"@type\":\"ReadAction\",\"target\":[\"https:\\\/\\\/www.ugtcomunicaciones.es\\\/wordpress\\\/plantilla-vodafone-respalda-mayoritariamente-el-paro-parcial-convocado-contra-ere\\\/\"]}]},{\"@type\":\"ImageObject\",\"inLanguage\":\"es\",\"@id\":\"https:\\\/\\\/www.ugtcomunicaciones.es\\\/wordpress\\\/plantilla-vodafone-respalda-mayoritariamente-el-paro-parcial-convocado-contra-ere\\\/#primaryimage\",\"url\":\"https:\\\/\\\/www.ugtcomunicaciones.es\\\/wordpress\\\/wp-content\\\/uploads\\\/2024\\\/07\\\/Paro-ERE-Vodafone-Zegona-2-03072024.jpg\",\"contentUrl\":\"https:\\\/\\\/www.ugtcomunicaciones.es\\\/wordpress\\\/wp-content\\\/uploads\\\/2024\\\/07\\\/Paro-ERE-Vodafone-Zegona-2-03072024.jpg\",\"width\":2000,\"height\":924},{\"@type\":\"BreadcrumbList\",\"@id\":\"https:\\\/\\\/www.ugtcomunicaciones.es\\\/wordpress\\\/plantilla-vodafone-respalda-mayoritariamente-el-paro-parcial-convocado-contra-ere\\\/#breadcrumb\",\"itemListElement\":[{\"@type\":\"ListItem\",\"position\":1,\"name\":\"Portada\",\"item\":\"https:\\\/\\\/www.ugtcomunicaciones.es\\\/wordpress\\\/\"},{\"@type\":\"ListItem\",\"position\":2,\"name\":\"La plantilla de Vodafone respalda mayoritariamente el paro parcial convocado contra el ERE.\"}]},{\"@type\":\"WebSite\",\"@id\":\"https:\\\/\\\/www.ugtcomunicaciones.es\\\/wordpress\\\/#website\",\"url\":\"https:\\\/\\\/www.ugtcomunicaciones.es\\\/wordpress\\\/\",\"name\":\"UGT Comunicaciones\",\"description\":\"Sindicato de Telecomunicaciones\",\"publisher\":{\"@id\":\"https:\\\/\\\/www.ugtcomunicaciones.es\\\/wordpress\\\/#organization\"},\"potentialAction\":[{\"@type\":\"SearchAction\",\"target\":{\"@type\":\"EntryPoint\",\"urlTemplate\":\"https:\\\/\\\/www.ugtcomunicaciones.es\\\/wordpress\\\/?s={search_term_string}\"},\"query-input\":{\"@type\":\"PropertyValueSpecification\",\"valueRequired\":true,\"valueName\":\"search_term_string\"}}],\"inLanguage\":\"es\"},{\"@type\":\"Organization\",\"@id\":\"https:\\\/\\\/www.ugtcomunicaciones.es\\\/wordpress\\\/#organization\",\"name\":\"UGT Comunicaciones\",\"url\":\"https:\\\/\\\/www.ugtcomunicaciones.es\\\/wordpress\\\/\",\"logo\":{\"@type\":\"ImageObject\",\"inLanguage\":\"es\",\"@id\":\"https:\\\/\\\/www.ugtcomunicaciones.es\\\/wordpress\\\/#\\\/schema\\\/logo\\\/image\\\/\",\"url\":\"https:\\\/\\\/www.ugtcomunicaciones.es\\\/wordpress\\\/wp-content\\\/uploads\\\/2024\\\/04\\\/comunicaciones_logo.png\",\"contentUrl\":\"https:\\\/\\\/www.ugtcomunicaciones.es\\\/wordpress\\\/wp-content\\\/uploads\\\/2024\\\/04\\\/comunicaciones_logo.png\",\"width\":298,\"height\":81,\"caption\":\"UGT Comunicaciones\"},\"image\":{\"@id\":\"https:\\\/\\\/www.ugtcomunicaciones.es\\\/wordpress\\\/#\\\/schema\\\/logo\\\/image\\\/\"},\"sameAs\":[\"https:\\\/\\\/www.facebook.com\\\/ugt.comunicaciones\\\/\",\"https:\\\/\\\/x.com\\\/ugtcom\"]},{\"@type\":\"Person\",\"@id\":\"https:\\\/\\\/www.ugtcomunicaciones.es\\\/wordpress\\\/#\\\/schema\\\/person\\\/c5832697c991fe71075d106bc70c9a23\",\"name\":\"UGT\",\"image\":{\"@type\":\"ImageObject\",\"inLanguage\":\"es\",\"@id\":\"https:\\\/\\\/secure.gravatar.com\\\/avatar\\\/dd1616245c7b0acc4a49731f0bd544f05506efa3993d3353b5c4141dbe80b813?s=96&d=mm&r=g\",\"url\":\"https:\\\/\\\/secure.gravatar.com\\\/avatar\\\/dd1616245c7b0acc4a49731f0bd544f05506efa3993d3353b5c4141dbe80b813?s=96&d=mm&r=g\",\"contentUrl\":\"https:\\\/\\\/secure.gravatar.com\\\/avatar\\\/dd1616245c7b0acc4a49731f0bd544f05506efa3993d3353b5c4141dbe80b813?s=96&d=mm&r=g\",\"caption\":\"UGT\"}}]}<\/script>\n<!-- \/ Yoast SEO Premium plugin. -->","yoast_head_json":{"title":"La plantilla de Vodafone respalda mayoritariamente el paro parcial convocado contra el ERE. - UGT Comunicaciones","robots":{"index":"index","follow":"follow","max-snippet":"max-snippet:-1","max-image-preview":"max-image-preview:large","max-video-preview":"max-video-preview:-1"},"canonical":"https:\/\/www.ugtcomunicaciones.es\/wordpress\/plantilla-vodafone-respalda-mayoritariamente-el-paro-parcial-convocado-contra-ere\/","og_locale":"es_ES","og_type":"article","og_title":"La plantilla de Vodafone respalda mayoritariamente el paro parcial convocado contra el ERE.","og_description":"M\u00e1s de un 60% (un 70% seg\u00fan nuestros c\u00e1lculos) de la plantilla ha secundado el paro convocado por la RLT del Grupo Vodafone Espa\u00f1a para protestar contra un ERE con el que Zegona ataca a las personas trabajadoras. Un ERE que es, sin duda, consecuencia de la inacci\u00f3n del Ministerio para la Transformaci\u00f3n Digital y [&hellip;]","og_url":"https:\/\/www.ugtcomunicaciones.es\/wordpress\/plantilla-vodafone-respalda-mayoritariamente-el-paro-parcial-convocado-contra-ere\/","og_site_name":"UGT Comunicaciones","article_publisher":"https:\/\/www.facebook.com\/ugt.comunicaciones\/","article_published_time":"2024-07-02T18:52:38+00:00","article_modified_time":"2024-07-03T09:02:13+00:00","og_image":[{"width":2000,"height":924,"url":"https:\/\/www.ugtcomunicaciones.es\/wordpress\/wp-content\/uploads\/2024\/07\/Paro-ERE-Vodafone-Zegona-2-03072024.jpg","type":"image\/jpeg"}],"author":"UGT","twitter_card":"summary_large_image","twitter_creator":"@ugtcom","twitter_site":"@ugtcom","twitter_misc":{"Escrito por":"UGT","Tiempo de lectura":"2 minutos"},"schema":{"@context":"https:\/\/schema.org","@graph":[{"@type":"Article","@id":"https:\/\/www.ugtcomunicaciones.es\/wordpress\/plantilla-vodafone-respalda-mayoritariamente-el-paro-parcial-convocado-contra-ere\/#article","isPartOf":{"@id":"https:\/\/www.ugtcomunicaciones.es\/wordpress\/plantilla-vodafone-respalda-mayoritariamente-el-paro-parcial-convocado-contra-ere\/"},"author":{"name":"UGT","@id":"https:\/\/www.ugtcomunicaciones.es\/wordpress\/#\/schema\/person\/c5832697c991fe71075d106bc70c9a23"},"headline":"La plantilla de Vodafone respalda mayoritariamente el paro parcial convocado contra el ERE.","datePublished":"2024-07-02T18:52:38+00:00","dateModified":"2024-07-03T09:02:13+00:00","mainEntityOfPage":{"@id":"https:\/\/www.ugtcomunicaciones.es\/wordpress\/plantilla-vodafone-respalda-mayoritariamente-el-paro-parcial-convocado-contra-ere\/"},"wordCount":206,"publisher":{"@id":"https:\/\/www.ugtcomunicaciones.es\/wordpress\/#organization"},"image":{"@id":"https:\/\/www.ugtcomunicaciones.es\/wordpress\/plantilla-vodafone-respalda-mayoritariamente-el-paro-parcial-convocado-contra-ere\/#primaryimage"},"thumbnailUrl":"https:\/\/www.ugtcomunicaciones.es\/wordpress\/wp-content\/uploads\/2024\/07\/Paro-ERE-Vodafone-Zegona-2-03072024.jpg","articleSection":["Grupo Vodafone"],"inLanguage":"es"},{"@type":"WebPage","@id":"https:\/\/www.ugtcomunicaciones.es\/wordpress\/plantilla-vodafone-respalda-mayoritariamente-el-paro-parcial-convocado-contra-ere\/","url":"https:\/\/www.ugtcomunicaciones.es\/wordpress\/plantilla-vodafone-respalda-mayoritariamente-el-paro-parcial-convocado-contra-ere\/","name":"La plantilla de Vodafone respalda mayoritariamente el paro parcial convocado contra el ERE. - UGT Comunicaciones","isPartOf":{"@id":"https:\/\/www.ugtcomunicaciones.es\/wordpress\/#website"},"primaryImageOfPage":{"@id":"https:\/\/www.ugtcomunicaciones.es\/wordpress\/plantilla-vodafone-respalda-mayoritariamente-el-paro-parcial-convocado-contra-ere\/#primaryimage"},"image":{"@id":"https:\/\/www.ugtcomunicaciones.es\/wordpress\/plantilla-vodafone-respalda-mayoritariamente-el-paro-parcial-convocado-contra-ere\/#primaryimage"},"thumbnailUrl":"https:\/\/www.ugtcomunicaciones.es\/wordpress\/wp-content\/uploads\/2024\/07\/Paro-ERE-Vodafone-Zegona-2-03072024.jpg","datePublished":"2024-07-02T18:52:38+00:00","dateModified":"2024-07-03T09:02:13+00:00","breadcrumb":{"@id":"https:\/\/www.ugtcomunicaciones.es\/wordpress\/plantilla-vodafone-respalda-mayoritariamente-el-paro-parcial-convocado-contra-ere\/#breadcrumb"},"inLanguage":"es","potentialAction":[{"@type":"ReadAction","target":["https:\/\/www.ugtcomunicaciones.es\/wordpress\/plantilla-vodafone-respalda-mayoritariamente-el-paro-parcial-convocado-contra-ere\/"]}]},{"@type":"ImageObject","inLanguage":"es","@id":"https:\/\/www.ugtcomunicaciones.es\/wordpress\/plantilla-vodafone-respalda-mayoritariamente-el-paro-parcial-convocado-contra-ere\/#primaryimage","url":"https:\/\/www.ugtcomunicaciones.es\/wordpress\/wp-content\/uploads\/2024\/07\/Paro-ERE-Vodafone-Zegona-2-03072024.jpg","contentUrl":"https:\/\/www.ugtcomunicaciones.es\/wordpress\/wp-content\/uploads\/2024\/07\/Paro-ERE-Vodafone-Zegona-2-03072024.jpg","width":2000,"height":924},{"@type":"BreadcrumbList","@id":"https:\/\/www.ugtcomunicaciones.es\/wordpress\/plantilla-vodafone-respalda-mayoritariamente-el-paro-parcial-convocado-contra-ere\/#breadcrumb","itemListElement":[{"@type":"ListItem","position":1,"name":"Portada","item":"https:\/\/www.ugtcomunicaciones.es\/wordpress\/"},{"@type":"ListItem","position":2,"name":"La plantilla de Vodafone respalda mayoritariamente el paro parcial convocado contra el ERE."}]},{"@type":"WebSite","@id":"https:\/\/www.ugtcomunicaciones.es\/wordpress\/#website","url":"https:\/\/www.ugtcomunicaciones.es\/wordpress\/","name":"UGT Comunicaciones","description":"Sindicato de Telecomunicaciones","publisher":{"@id":"https:\/\/www.ugtcomunicaciones.es\/wordpress\/#organization"},"potentialAction":[{"@type":"SearchAction","target":{"@type":"EntryPoint","urlTemplate":"https:\/\/www.ugtcomunicaciones.es\/wordpress\/?s={search_term_string}"},"query-input":{"@type":"PropertyValueSpecification","valueRequired":true,"valueName":"search_term_string"}}],"inLanguage":"es"},{"@type":"Organization","@id":"https:\/\/www.ugtcomunicaciones.es\/wordpress\/#organization","name":"UGT Comunicaciones","url":"https:\/\/www.ugtcomunicaciones.es\/wordpress\/","logo":{"@type":"ImageObject","inLanguage":"es","@id":"https:\/\/www.ugtcomunicaciones.es\/wordpress\/#\/schema\/logo\/image\/","url":"https:\/\/www.ugtcomunicaciones.es\/wordpress\/wp-content\/uploads\/2024\/04\/comunicaciones_logo.png","contentUrl":"https:\/\/www.ugtcomunicaciones.es\/wordpress\/wp-content\/uploads\/2024\/04\/comunicaciones_logo.png","width":298,"height":81,"caption":"UGT Comunicaciones"},"image":{"@id":"https:\/\/www.ugtcomunicaciones.es\/wordpress\/#\/schema\/logo\/image\/"},"sameAs":["https:\/\/www.facebook.com\/ugt.comunicaciones\/","https:\/\/x.com\/ugtcom"]},{"@type":"Person","@id":"https:\/\/www.ugtcomunicaciones.es\/wordpress\/#\/schema\/person\/c5832697c991fe71075d106bc70c9a23","name":"UGT","image":{"@type":"ImageObject","inLanguage":"es","@id":"https:\/\/secure.gravatar.com\/avatar\/dd1616245c7b0acc4a49731f0bd544f05506efa3993d3353b5c4141dbe80b813?s=96&d=mm&r=g","url":"https:\/\/secure.gravatar.com\/avatar\/dd1616245c7b0acc4a49731f0bd544f05506efa3993d3353b5c4141dbe80b813?s=96&d=mm&r=g","contentUrl":"https:\/\/secure.gravatar.com\/avatar\/dd1616245c7b0acc4a49731f0bd544f05506efa3993d3353b5c4141dbe80b813?s=96&d=mm&r=g","caption":"UGT"}}]}},"_links":{"self":[{"href":"https:\/\/www.ugtcomunicaciones.es\/wordpress\/wp-json\/wp\/v2\/posts\/1067124","targetHints":{"allow":["GET"]}}],"collection":[{"href":"https:\/\/www.ugtcomunicaciones.es\/wordpress\/wp-json\/wp\/v2\/posts"}],"about":[{"href":"https:\/\/www.ugtcomunicaciones.es\/wordpress\/wp-json\/wp\/v2\/types\/post"}],"author":[{"embeddable":true,"href":"https:\/\/www.ugtcomunicaciones.es\/wordpress\/wp-json\/wp\/v2\/users\/8"}],"replies":[{"embeddable":true,"href":"https:\/\/www.ugtcomunicaciones.es\/wordpress\/wp-json\/wp\/v2\/comments?post=1067124"}],"version-history":[{"count":1,"href":"https:\/\/www.ugtcomunicaciones.es\/wordpress\/wp-json\/wp\/v2\/posts\/1067124\/revisions"}],"predecessor-version":[{"id":1067126,"href":"https:\/\/www.ugtcomunicaciones.es\/wordpress\/wp-json\/wp\/v2\/posts\/1067124\/revisions\/1067126"}],"wp:featuredmedia":[{"embeddable":true,"href":"https:\/\/www.ugtcomunicaciones.es\/wordpress\/wp-json\/wp\/v2\/media\/1067127"}],"wp:attachment":[{"href":"https:\/\/www.ugtcomunicaciones.es\/wordpress\/wp-json\/wp\/v2\/media?parent=1067124"}],"wp:term":[{"taxonomy":"category","embeddable":true,"href":"https:\/\/www.ugtcomunicaciones.es\/wordpress\/wp-json\/wp\/v2\/categories?post=1067124"},{"taxonomy":"post_tag","embeddable":true,"href":"https:\/\/www.ugtcomunicaciones.es\/wordpress\/wp-json\/wp\/v2\/tags?post=1067124"}],"curies":[{"name":"wp","href":"https:\/\/api.w.org\/{rel}","templated":true}]}}