{"id":1067131,"date":"2024-07-05T16:36:28","date_gmt":"2024-07-05T14:36:28","guid":{"rendered":"https:\/\/www.ugtcomunicaciones.es\/wordpress\/?p=1067131"},"modified":"2024-07-05T16:37:12","modified_gmt":"2024-07-05T14:37:12","slug":"ugt-no-descarta-verificar-exactitud-causas-ere-vodafone-2024","status":"publish","type":"post","link":"https:\/\/www.ugtcomunicaciones.es\/wordpress\/ugt-no-descarta-verificar-exactitud-causas-ere-vodafone-2024\/","title":{"rendered":"UGT no descarta ninguna medida tendente a verificar la exactitud de las causas alegadas ante el ERE en Vodafone."},"content":{"rendered":"<p>De la revisi\u00f3n de la documentaci\u00f3n econ\u00f3mica sobre la situaci\u00f3n actual de Vodafone Espa\u00f1a, UGT extrae una conclusi\u00f3n obvia: los resultados operativos de las distintas compa\u00f1\u00edas son, en general, positivos y las empresas del grupo cuentan con un excelente margen bruto respecto a las ventas, es decir, respecto al importe neto de la cifra de negocios, demostr\u00e1ndose a nuestro juicio que los resultados negativos consolidados no derivan de los costes laborales del grupo, que no alcanzan ni el 8% de las ventas, sino que m\u00e1s bien se deben a unas cifras disparadas en concepto de amortizaciones, depreciaciones, deterioros de valor y gastos de tipo financiero, cuestiones que nada tienen que ver con el desempe\u00f1o, ni el coste de la plantilla de Vodafone Espa\u00f1a y que la evoluci\u00f3n de los meses de abril y mayo indican seguir\u00e1n existiendo pese a la ejecuci\u00f3n de este despido colectivo propuesto.<\/p>\n<p>Por ello, ya avanzamos que el presente procedimiento no nos parece ni adecuado, ni suficiente, ni proporcional entre la intensidad de las causas y las medidas propuestas.<\/p>\n<p>Por todo ello, UGT no descarta ninguna medida tendente a verificar la exactitud de las causas alegadas y la impugnaci\u00f3n futura de la decisi\u00f3n empresarial conforme a lo dispuesto en el art\u00edculo 124 de la Ley 36\/2011 reguladora de la jurisdicci\u00f3n social.<\/p>\n<p>La empresa por su parte mejora su oferta inicial condicionada por a la firma de un acuerdo:<\/p>\n<ul>\n<li>Reduce la afectaci\u00f3n en 100 personas distribuidas entre las \u00c1reas y negocio.<\/li>\n<li>Indemnizaci\u00f3n 28 d\u00edas\/a\u00f1o trabajado y 18 mensualidades<\/li>\n<li>Plan de recolocaci\u00f3n Externa 6 meses.<\/li>\n<li>CES hasta los 61 a\u00f1os para personas mayores de 55 a\u00f1os afectadas por el Despido Colectivo.<\/li>\n<li>68 Vacantes: posibles recolocaciones y en funci\u00f3n.<\/li>\n<li>Voluntariedad con Veto.<\/li>\n<\/ul>\n<p>No afectaci\u00f3n: Parejas, Violencia de Genero 18\/06 y empleados con discapacidad 65%.<\/p>\n","protected":false},"excerpt":{"rendered":"<p>De la revisi\u00f3n de la documentaci\u00f3n econ\u00f3mica sobre la situaci\u00f3n actual de Vodafone Espa\u00f1a, UGT extrae una conclusi\u00f3n obvia: los resultados operativos de las distintas compa\u00f1\u00edas son, en general, positivos y las empresas del grupo cuentan con un excelente margen bruto respecto a las ventas, es decir, respecto al importe neto de la cifra de [&hellip;]<\/p>\n","protected":false},"author":8,"featured_media":1067132,"comment_status":"closed","ping_status":"closed","sticky":false,"template":"","format":"standard","meta":{"footnotes":""},"categories":[27],"tags":[],"class_list":["post-1067131","post","type-post","status-publish","format-standard","has-post-thumbnail","hentry","category-grupo-vodafone"],"yoast_head":"<!-- This site is optimized with the Yoast SEO Premium plugin v27.3 (Yoast SEO v27.4) - https:\/\/yoast.com\/product\/yoast-seo-premium-wordpress\/ -->\n<title>UGT no descarta ninguna medida tendente a verificar la exactitud de las causas alegadas ante el ERE en Vodafone. - UGT Comunicaciones<\/title>\n<meta name=\"robots\" content=\"index, follow, max-snippet:-1, max-image-preview:large, max-video-preview:-1\" \/>\n<link rel=\"canonical\" href=\"https:\/\/www.ugtcomunicaciones.es\/wordpress\/ugt-no-descarta-verificar-exactitud-causas-ere-vodafone-2024\/\" \/>\n<meta property=\"og:locale\" content=\"es_ES\" \/>\n<meta property=\"og:type\" content=\"article\" \/>\n<meta property=\"og:title\" content=\"UGT no descarta ninguna medida tendente a verificar la exactitud de las causas alegadas ante el ERE en Vodafone.\" \/>\n<meta property=\"og:description\" content=\"De la revisi\u00f3n de la documentaci\u00f3n econ\u00f3mica sobre la situaci\u00f3n actual de Vodafone Espa\u00f1a, UGT extrae una conclusi\u00f3n obvia: los resultados operativos de las distintas compa\u00f1\u00edas son, en general, positivos y las empresas del grupo cuentan con un excelente margen bruto respecto a las ventas, es decir, respecto al importe neto de la cifra de [&hellip;]\" \/>\n<meta property=\"og:url\" content=\"https:\/\/www.ugtcomunicaciones.es\/wordpress\/ugt-no-descarta-verificar-exactitud-causas-ere-vodafone-2024\/\" \/>\n<meta property=\"og:site_name\" content=\"UGT Comunicaciones\" \/>\n<meta property=\"article:publisher\" content=\"https:\/\/www.facebook.com\/ugt.comunicaciones\/\" \/>\n<meta property=\"article:published_time\" content=\"2024-07-05T14:36:28+00:00\" \/>\n<meta property=\"article:modified_time\" content=\"2024-07-05T14:37:12+00:00\" \/>\n<meta property=\"og:image\" content=\"https:\/\/www.ugtcomunicaciones.es\/wordpress\/wp-content\/uploads\/2024\/07\/05-07-24.jpg\" \/>\n\t<meta property=\"og:image:width\" content=\"1600\" \/>\n\t<meta property=\"og:image:height\" content=\"757\" \/>\n\t<meta property=\"og:image:type\" content=\"image\/jpeg\" \/>\n<meta name=\"author\" content=\"UGT\" \/>\n<meta name=\"twitter:card\" content=\"summary_large_image\" \/>\n<meta name=\"twitter:creator\" content=\"@ugtcom\" \/>\n<meta name=\"twitter:site\" content=\"@ugtcom\" \/>\n<meta name=\"twitter:label1\" content=\"Escrito por\" \/>\n\t<meta name=\"twitter:data1\" content=\"UGT\" \/>\n\t<meta name=\"twitter:label2\" content=\"Tiempo de lectura\" \/>\n\t<meta name=\"twitter:data2\" content=\"2 minutos\" \/>\n<script type=\"application\/ld+json\" class=\"yoast-schema-graph\">{\"@context\":\"https:\\\/\\\/schema.org\",\"@graph\":[{\"@type\":\"Article\",\"@id\":\"https:\\\/\\\/www.ugtcomunicaciones.es\\\/wordpress\\\/ugt-no-descarta-verificar-exactitud-causas-ere-vodafone-2024\\\/#article\",\"isPartOf\":{\"@id\":\"https:\\\/\\\/www.ugtcomunicaciones.es\\\/wordpress\\\/ugt-no-descarta-verificar-exactitud-causas-ere-vodafone-2024\\\/\"},\"author\":{\"name\":\"UGT\",\"@id\":\"https:\\\/\\\/www.ugtcomunicaciones.es\\\/wordpress\\\/#\\\/schema\\\/person\\\/c5832697c991fe71075d106bc70c9a23\"},\"headline\":\"UGT no descarta ninguna medida tendente a verificar la exactitud de las causas alegadas ante el ERE en Vodafone.\",\"datePublished\":\"2024-07-05T14:36:28+00:00\",\"dateModified\":\"2024-07-05T14:37:12+00:00\",\"mainEntityOfPage\":{\"@id\":\"https:\\\/\\\/www.ugtcomunicaciones.es\\\/wordpress\\\/ugt-no-descarta-verificar-exactitud-causas-ere-vodafone-2024\\\/\"},\"wordCount\":330,\"publisher\":{\"@id\":\"https:\\\/\\\/www.ugtcomunicaciones.es\\\/wordpress\\\/#organization\"},\"image\":{\"@id\":\"https:\\\/\\\/www.ugtcomunicaciones.es\\\/wordpress\\\/ugt-no-descarta-verificar-exactitud-causas-ere-vodafone-2024\\\/#primaryimage\"},\"thumbnailUrl\":\"https:\\\/\\\/www.ugtcomunicaciones.es\\\/wordpress\\\/wp-content\\\/uploads\\\/2024\\\/07\\\/05-07-24.jpg\",\"articleSection\":[\"Grupo Vodafone\"],\"inLanguage\":\"es\"},{\"@type\":\"WebPage\",\"@id\":\"https:\\\/\\\/www.ugtcomunicaciones.es\\\/wordpress\\\/ugt-no-descarta-verificar-exactitud-causas-ere-vodafone-2024\\\/\",\"url\":\"https:\\\/\\\/www.ugtcomunicaciones.es\\\/wordpress\\\/ugt-no-descarta-verificar-exactitud-causas-ere-vodafone-2024\\\/\",\"name\":\"UGT no descarta ninguna medida tendente a verificar la exactitud de las causas alegadas ante el ERE en Vodafone. - UGT Comunicaciones\",\"isPartOf\":{\"@id\":\"https:\\\/\\\/www.ugtcomunicaciones.es\\\/wordpress\\\/#website\"},\"primaryImageOfPage\":{\"@id\":\"https:\\\/\\\/www.ugtcomunicaciones.es\\\/wordpress\\\/ugt-no-descarta-verificar-exactitud-causas-ere-vodafone-2024\\\/#primaryimage\"},\"image\":{\"@id\":\"https:\\\/\\\/www.ugtcomunicaciones.es\\\/wordpress\\\/ugt-no-descarta-verificar-exactitud-causas-ere-vodafone-2024\\\/#primaryimage\"},\"thumbnailUrl\":\"https:\\\/\\\/www.ugtcomunicaciones.es\\\/wordpress\\\/wp-content\\\/uploads\\\/2024\\\/07\\\/05-07-24.jpg\",\"datePublished\":\"2024-07-05T14:36:28+00:00\",\"dateModified\":\"2024-07-05T14:37:12+00:00\",\"breadcrumb\":{\"@id\":\"https:\\\/\\\/www.ugtcomunicaciones.es\\\/wordpress\\\/ugt-no-descarta-verificar-exactitud-causas-ere-vodafone-2024\\\/#breadcrumb\"},\"inLanguage\":\"es\",\"potentialAction\":[{\"@type\":\"ReadAction\",\"target\":[\"https:\\\/\\\/www.ugtcomunicaciones.es\\\/wordpress\\\/ugt-no-descarta-verificar-exactitud-causas-ere-vodafone-2024\\\/\"]}]},{\"@type\":\"ImageObject\",\"inLanguage\":\"es\",\"@id\":\"https:\\\/\\\/www.ugtcomunicaciones.es\\\/wordpress\\\/ugt-no-descarta-verificar-exactitud-causas-ere-vodafone-2024\\\/#primaryimage\",\"url\":\"https:\\\/\\\/www.ugtcomunicaciones.es\\\/wordpress\\\/wp-content\\\/uploads\\\/2024\\\/07\\\/05-07-24.jpg\",\"contentUrl\":\"https:\\\/\\\/www.ugtcomunicaciones.es\\\/wordpress\\\/wp-content\\\/uploads\\\/2024\\\/07\\\/05-07-24.jpg\",\"width\":1600,\"height\":757},{\"@type\":\"BreadcrumbList\",\"@id\":\"https:\\\/\\\/www.ugtcomunicaciones.es\\\/wordpress\\\/ugt-no-descarta-verificar-exactitud-causas-ere-vodafone-2024\\\/#breadcrumb\",\"itemListElement\":[{\"@type\":\"ListItem\",\"position\":1,\"name\":\"Portada\",\"item\":\"https:\\\/\\\/www.ugtcomunicaciones.es\\\/wordpress\\\/\"},{\"@type\":\"ListItem\",\"position\":2,\"name\":\"UGT no descarta ninguna medida tendente a verificar la exactitud de las causas alegadas ante el ERE en Vodafone.\"}]},{\"@type\":\"WebSite\",\"@id\":\"https:\\\/\\\/www.ugtcomunicaciones.es\\\/wordpress\\\/#website\",\"url\":\"https:\\\/\\\/www.ugtcomunicaciones.es\\\/wordpress\\\/\",\"name\":\"UGT Comunicaciones\",\"description\":\"Sindicato de Telecomunicaciones\",\"publisher\":{\"@id\":\"https:\\\/\\\/www.ugtcomunicaciones.es\\\/wordpress\\\/#organization\"},\"potentialAction\":[{\"@type\":\"SearchAction\",\"target\":{\"@type\":\"EntryPoint\",\"urlTemplate\":\"https:\\\/\\\/www.ugtcomunicaciones.es\\\/wordpress\\\/?s={search_term_string}\"},\"query-input\":{\"@type\":\"PropertyValueSpecification\",\"valueRequired\":true,\"valueName\":\"search_term_string\"}}],\"inLanguage\":\"es\"},{\"@type\":\"Organization\",\"@id\":\"https:\\\/\\\/www.ugtcomunicaciones.es\\\/wordpress\\\/#organization\",\"name\":\"UGT Comunicaciones\",\"url\":\"https:\\\/\\\/www.ugtcomunicaciones.es\\\/wordpress\\\/\",\"logo\":{\"@type\":\"ImageObject\",\"inLanguage\":\"es\",\"@id\":\"https:\\\/\\\/www.ugtcomunicaciones.es\\\/wordpress\\\/#\\\/schema\\\/logo\\\/image\\\/\",\"url\":\"https:\\\/\\\/www.ugtcomunicaciones.es\\\/wordpress\\\/wp-content\\\/uploads\\\/2024\\\/04\\\/comunicaciones_logo.png\",\"contentUrl\":\"https:\\\/\\\/www.ugtcomunicaciones.es\\\/wordpress\\\/wp-content\\\/uploads\\\/2024\\\/04\\\/comunicaciones_logo.png\",\"width\":298,\"height\":81,\"caption\":\"UGT Comunicaciones\"},\"image\":{\"@id\":\"https:\\\/\\\/www.ugtcomunicaciones.es\\\/wordpress\\\/#\\\/schema\\\/logo\\\/image\\\/\"},\"sameAs\":[\"https:\\\/\\\/www.facebook.com\\\/ugt.comunicaciones\\\/\",\"https:\\\/\\\/x.com\\\/ugtcom\"]},{\"@type\":\"Person\",\"@id\":\"https:\\\/\\\/www.ugtcomunicaciones.es\\\/wordpress\\\/#\\\/schema\\\/person\\\/c5832697c991fe71075d106bc70c9a23\",\"name\":\"UGT\",\"image\":{\"@type\":\"ImageObject\",\"inLanguage\":\"es\",\"@id\":\"https:\\\/\\\/secure.gravatar.com\\\/avatar\\\/dd1616245c7b0acc4a49731f0bd544f05506efa3993d3353b5c4141dbe80b813?s=96&d=mm&r=g\",\"url\":\"https:\\\/\\\/secure.gravatar.com\\\/avatar\\\/dd1616245c7b0acc4a49731f0bd544f05506efa3993d3353b5c4141dbe80b813?s=96&d=mm&r=g\",\"contentUrl\":\"https:\\\/\\\/secure.gravatar.com\\\/avatar\\\/dd1616245c7b0acc4a49731f0bd544f05506efa3993d3353b5c4141dbe80b813?s=96&d=mm&r=g\",\"caption\":\"UGT\"}}]}<\/script>\n<!-- \/ Yoast SEO Premium plugin. -->","yoast_head_json":{"title":"UGT no descarta ninguna medida tendente a verificar la exactitud de las causas alegadas ante el ERE en Vodafone. - UGT Comunicaciones","robots":{"index":"index","follow":"follow","max-snippet":"max-snippet:-1","max-image-preview":"max-image-preview:large","max-video-preview":"max-video-preview:-1"},"canonical":"https:\/\/www.ugtcomunicaciones.es\/wordpress\/ugt-no-descarta-verificar-exactitud-causas-ere-vodafone-2024\/","og_locale":"es_ES","og_type":"article","og_title":"UGT no descarta ninguna medida tendente a verificar la exactitud de las causas alegadas ante el ERE en Vodafone.","og_description":"De la revisi\u00f3n de la documentaci\u00f3n econ\u00f3mica sobre la situaci\u00f3n actual de Vodafone Espa\u00f1a, UGT extrae una conclusi\u00f3n obvia: los resultados operativos de las distintas compa\u00f1\u00edas son, en general, positivos y las empresas del grupo cuentan con un excelente margen bruto respecto a las ventas, es decir, respecto al importe neto de la cifra de [&hellip;]","og_url":"https:\/\/www.ugtcomunicaciones.es\/wordpress\/ugt-no-descarta-verificar-exactitud-causas-ere-vodafone-2024\/","og_site_name":"UGT Comunicaciones","article_publisher":"https:\/\/www.facebook.com\/ugt.comunicaciones\/","article_published_time":"2024-07-05T14:36:28+00:00","article_modified_time":"2024-07-05T14:37:12+00:00","og_image":[{"width":1600,"height":757,"url":"https:\/\/www.ugtcomunicaciones.es\/wordpress\/wp-content\/uploads\/2024\/07\/05-07-24.jpg","type":"image\/jpeg"}],"author":"UGT","twitter_card":"summary_large_image","twitter_creator":"@ugtcom","twitter_site":"@ugtcom","twitter_misc":{"Escrito por":"UGT","Tiempo de lectura":"2 minutos"},"schema":{"@context":"https:\/\/schema.org","@graph":[{"@type":"Article","@id":"https:\/\/www.ugtcomunicaciones.es\/wordpress\/ugt-no-descarta-verificar-exactitud-causas-ere-vodafone-2024\/#article","isPartOf":{"@id":"https:\/\/www.ugtcomunicaciones.es\/wordpress\/ugt-no-descarta-verificar-exactitud-causas-ere-vodafone-2024\/"},"author":{"name":"UGT","@id":"https:\/\/www.ugtcomunicaciones.es\/wordpress\/#\/schema\/person\/c5832697c991fe71075d106bc70c9a23"},"headline":"UGT no descarta ninguna medida tendente a verificar la exactitud de las causas alegadas ante el ERE en Vodafone.","datePublished":"2024-07-05T14:36:28+00:00","dateModified":"2024-07-05T14:37:12+00:00","mainEntityOfPage":{"@id":"https:\/\/www.ugtcomunicaciones.es\/wordpress\/ugt-no-descarta-verificar-exactitud-causas-ere-vodafone-2024\/"},"wordCount":330,"publisher":{"@id":"https:\/\/www.ugtcomunicaciones.es\/wordpress\/#organization"},"image":{"@id":"https:\/\/www.ugtcomunicaciones.es\/wordpress\/ugt-no-descarta-verificar-exactitud-causas-ere-vodafone-2024\/#primaryimage"},"thumbnailUrl":"https:\/\/www.ugtcomunicaciones.es\/wordpress\/wp-content\/uploads\/2024\/07\/05-07-24.jpg","articleSection":["Grupo Vodafone"],"inLanguage":"es"},{"@type":"WebPage","@id":"https:\/\/www.ugtcomunicaciones.es\/wordpress\/ugt-no-descarta-verificar-exactitud-causas-ere-vodafone-2024\/","url":"https:\/\/www.ugtcomunicaciones.es\/wordpress\/ugt-no-descarta-verificar-exactitud-causas-ere-vodafone-2024\/","name":"UGT no descarta ninguna medida tendente a verificar la exactitud de las causas alegadas ante el ERE en Vodafone. - UGT Comunicaciones","isPartOf":{"@id":"https:\/\/www.ugtcomunicaciones.es\/wordpress\/#website"},"primaryImageOfPage":{"@id":"https:\/\/www.ugtcomunicaciones.es\/wordpress\/ugt-no-descarta-verificar-exactitud-causas-ere-vodafone-2024\/#primaryimage"},"image":{"@id":"https:\/\/www.ugtcomunicaciones.es\/wordpress\/ugt-no-descarta-verificar-exactitud-causas-ere-vodafone-2024\/#primaryimage"},"thumbnailUrl":"https:\/\/www.ugtcomunicaciones.es\/wordpress\/wp-content\/uploads\/2024\/07\/05-07-24.jpg","datePublished":"2024-07-05T14:36:28+00:00","dateModified":"2024-07-05T14:37:12+00:00","breadcrumb":{"@id":"https:\/\/www.ugtcomunicaciones.es\/wordpress\/ugt-no-descarta-verificar-exactitud-causas-ere-vodafone-2024\/#breadcrumb"},"inLanguage":"es","potentialAction":[{"@type":"ReadAction","target":["https:\/\/www.ugtcomunicaciones.es\/wordpress\/ugt-no-descarta-verificar-exactitud-causas-ere-vodafone-2024\/"]}]},{"@type":"ImageObject","inLanguage":"es","@id":"https:\/\/www.ugtcomunicaciones.es\/wordpress\/ugt-no-descarta-verificar-exactitud-causas-ere-vodafone-2024\/#primaryimage","url":"https:\/\/www.ugtcomunicaciones.es\/wordpress\/wp-content\/uploads\/2024\/07\/05-07-24.jpg","contentUrl":"https:\/\/www.ugtcomunicaciones.es\/wordpress\/wp-content\/uploads\/2024\/07\/05-07-24.jpg","width":1600,"height":757},{"@type":"BreadcrumbList","@id":"https:\/\/www.ugtcomunicaciones.es\/wordpress\/ugt-no-descarta-verificar-exactitud-causas-ere-vodafone-2024\/#breadcrumb","itemListElement":[{"@type":"ListItem","position":1,"name":"Portada","item":"https:\/\/www.ugtcomunicaciones.es\/wordpress\/"},{"@type":"ListItem","position":2,"name":"UGT no descarta ninguna medida tendente a verificar la exactitud de las causas alegadas ante el ERE en Vodafone."}]},{"@type":"WebSite","@id":"https:\/\/www.ugtcomunicaciones.es\/wordpress\/#website","url":"https:\/\/www.ugtcomunicaciones.es\/wordpress\/","name":"UGT Comunicaciones","description":"Sindicato de Telecomunicaciones","publisher":{"@id":"https:\/\/www.ugtcomunicaciones.es\/wordpress\/#organization"},"potentialAction":[{"@type":"SearchAction","target":{"@type":"EntryPoint","urlTemplate":"https:\/\/www.ugtcomunicaciones.es\/wordpress\/?s={search_term_string}"},"query-input":{"@type":"PropertyValueSpecification","valueRequired":true,"valueName":"search_term_string"}}],"inLanguage":"es"},{"@type":"Organization","@id":"https:\/\/www.ugtcomunicaciones.es\/wordpress\/#organization","name":"UGT Comunicaciones","url":"https:\/\/www.ugtcomunicaciones.es\/wordpress\/","logo":{"@type":"ImageObject","inLanguage":"es","@id":"https:\/\/www.ugtcomunicaciones.es\/wordpress\/#\/schema\/logo\/image\/","url":"https:\/\/www.ugtcomunicaciones.es\/wordpress\/wp-content\/uploads\/2024\/04\/comunicaciones_logo.png","contentUrl":"https:\/\/www.ugtcomunicaciones.es\/wordpress\/wp-content\/uploads\/2024\/04\/comunicaciones_logo.png","width":298,"height":81,"caption":"UGT Comunicaciones"},"image":{"@id":"https:\/\/www.ugtcomunicaciones.es\/wordpress\/#\/schema\/logo\/image\/"},"sameAs":["https:\/\/www.facebook.com\/ugt.comunicaciones\/","https:\/\/x.com\/ugtcom"]},{"@type":"Person","@id":"https:\/\/www.ugtcomunicaciones.es\/wordpress\/#\/schema\/person\/c5832697c991fe71075d106bc70c9a23","name":"UGT","image":{"@type":"ImageObject","inLanguage":"es","@id":"https:\/\/secure.gravatar.com\/avatar\/dd1616245c7b0acc4a49731f0bd544f05506efa3993d3353b5c4141dbe80b813?s=96&d=mm&r=g","url":"https:\/\/secure.gravatar.com\/avatar\/dd1616245c7b0acc4a49731f0bd544f05506efa3993d3353b5c4141dbe80b813?s=96&d=mm&r=g","contentUrl":"https:\/\/secure.gravatar.com\/avatar\/dd1616245c7b0acc4a49731f0bd544f05506efa3993d3353b5c4141dbe80b813?s=96&d=mm&r=g","caption":"UGT"}}]}},"_links":{"self":[{"href":"https:\/\/www.ugtcomunicaciones.es\/wordpress\/wp-json\/wp\/v2\/posts\/1067131","targetHints":{"allow":["GET"]}}],"collection":[{"href":"https:\/\/www.ugtcomunicaciones.es\/wordpress\/wp-json\/wp\/v2\/posts"}],"about":[{"href":"https:\/\/www.ugtcomunicaciones.es\/wordpress\/wp-json\/wp\/v2\/types\/post"}],"author":[{"embeddable":true,"href":"https:\/\/www.ugtcomunicaciones.es\/wordpress\/wp-json\/wp\/v2\/users\/8"}],"replies":[{"embeddable":true,"href":"https:\/\/www.ugtcomunicaciones.es\/wordpress\/wp-json\/wp\/v2\/comments?post=1067131"}],"version-history":[{"count":2,"href":"https:\/\/www.ugtcomunicaciones.es\/wordpress\/wp-json\/wp\/v2\/posts\/1067131\/revisions"}],"predecessor-version":[{"id":1067134,"href":"https:\/\/www.ugtcomunicaciones.es\/wordpress\/wp-json\/wp\/v2\/posts\/1067131\/revisions\/1067134"}],"wp:featuredmedia":[{"embeddable":true,"href":"https:\/\/www.ugtcomunicaciones.es\/wordpress\/wp-json\/wp\/v2\/media\/1067132"}],"wp:attachment":[{"href":"https:\/\/www.ugtcomunicaciones.es\/wordpress\/wp-json\/wp\/v2\/media?parent=1067131"}],"wp:term":[{"taxonomy":"category","embeddable":true,"href":"https:\/\/www.ugtcomunicaciones.es\/wordpress\/wp-json\/wp\/v2\/categories?post=1067131"},{"taxonomy":"post_tag","embeddable":true,"href":"https:\/\/www.ugtcomunicaciones.es\/wordpress\/wp-json\/wp\/v2\/tags?post=1067131"}],"curies":[{"name":"wp","href":"https:\/\/api.w.org\/{rel}","templated":true}]}}