{"id":1067157,"date":"2024-09-09T06:00:04","date_gmt":"2024-09-09T04:00:04","guid":{"rendered":"https:\/\/www.ugtcomunicaciones.es\/wordpress\/?p=1067157"},"modified":"2024-08-27T12:43:35","modified_gmt":"2024-08-27T10:43:35","slug":"prexfy-el-escandalo-detras-de-los-gigas-baratos","status":"publish","type":"post","link":"https:\/\/www.ugtcomunicaciones.es\/wordpress\/prexfy-el-escandalo-detras-de-los-gigas-baratos\/","title":{"rendered":"Prexfy: el esc\u00e1ndalo detr\u00e1s de los Gigas \u201cbaratos\u201d"},"content":{"rendered":"<p style=\"text-align: justify;\">Nadie en este sector es ajeno al fen\u00f3meno <em>low-cost<\/em>. Las ofertas de productos de<img decoding=\"async\" class=\"alignright size-full wp-image-1067161 lazyload\" data-src=\"https:\/\/www.ugtcomunicaciones.es\/wordpress\/wp-content\/uploads\/2024\/09\/Prexfy-1.jpg\" alt=\"\" width=\"106\" height=\"107\" src=\"data:image\/svg+xml;base64,PHN2ZyB3aWR0aD0iMSIgaGVpZ2h0PSIxIiB4bWxucz0iaHR0cDovL3d3dy53My5vcmcvMjAwMC9zdmciPjwvc3ZnPg==\" style=\"--smush-placeholder-width: 106px; --smush-placeholder-aspect-ratio: 106\/107;\" \/> telecomunicaciones a precios irrisorios, que frisan lo regalado, son habituales y est\u00e1n generalizadas, especialmente en la l\u00ednea de negocio m\u00f3vil. De hecho, hoy en Espa\u00f1a hay 1.400 operadores <a href=\"https:\/\/www.eleconomista.es\/telecomunicaciones\/noticias\/12484568\/10\/23\/espana-asombra-al-mundo-con-mas-de-1400-operadores-de-telecos-activos.html\" target=\"_blank\" rel=\"noopener\">registrados<\/a>\u00a0y, obviamente, la abrumadora mayor\u00eda compite sobre la m\u00e1xima de tirar los precios hasta el infinito.<\/p>\n<p style=\"text-align: justify;\">Uno de esos ejemplos fue la OMV Prexfy, y conjugamos en pasado porque ya no tiene actividad. Se dio a conocer en el sector con ofertas como las que ilustran este <a href=\"https:\/\/www.chollometro.com\/ofertas\/black-friday-prexfy-30gbmes-ilimitadas-por-390eur-otras-opciones-en-la-descripcion-1171470\" target=\"_blank\" rel=\"noopener\">art\u00edculo<\/a>. Decenas de gigas por unos pocos euros.<\/p>\n<p><img decoding=\"async\" class=\"aligncenter wp-image-1067160 size-full lazyload\" data-src=\"https:\/\/www.ugtcomunicaciones.es\/wordpress\/wp-content\/uploads\/2024\/09\/Prexfy-2.jpg\" alt=\"\" width=\"391\" height=\"156\" data-srcset=\"https:\/\/www.ugtcomunicaciones.es\/wordpress\/wp-content\/uploads\/2024\/09\/Prexfy-2.jpg 391w, https:\/\/www.ugtcomunicaciones.es\/wordpress\/wp-content\/uploads\/2024\/09\/Prexfy-2-300x120.jpg 300w\" data-sizes=\"(max-width: 391px) 100vw, 391px\" src=\"data:image\/svg+xml;base64,PHN2ZyB3aWR0aD0iMSIgaGVpZ2h0PSIxIiB4bWxucz0iaHR0cDovL3d3dy53My5vcmcvMjAwMC9zdmciPjwvc3ZnPg==\" style=\"--smush-placeholder-width: 391px; --smush-placeholder-aspect-ratio: 391\/156;\" \/><\/p>\n<p style=\"text-align: justify;\">Detr\u00e1s de esta fachada de precios bajos y grandes prestaciones, se enmascaraba una operativa de una \u00ednfima calidad y con severos problemas de confiabilidad. Prexfy ofrec\u00eda cobertura de Movistar y Vodafone, aunque realmente compraba tal servicio a trav\u00e9s de dos mayoristas interpuestas (Aire Networks y Finetwork). A ambas les compraba la capacidad de red para ofrecer sus servicios.<\/p>\n<p style=\"text-align: justify;\">Su modelo de negocio pasaba por dar un volumen de datos por cliente a unos precios rid\u00edculos, pero con la esperanza de que nunca llegasen a su m\u00e1ximo. Si los clientes no consum\u00edan su m\u00e1ximo, aprovechaban el excedente para traspasarlo a otros clientes \u2013 sin comunicarlo ni a unos ni a <a href=\"https:\/\/bandaancha.eu\/articulos\/desaparicion-omv-prefxy-deja-evidencia-11021\" target=\"_blank\" rel=\"noopener\">otros<\/a>&#8211; y as\u00ed sucesivamente para no superar la capacidad mayorista contratada.<\/p>\n<p style=\"text-align: justify;\">Obviamente, un modelo de estas caracter\u00edsticas es insostenible cuando los clientes aprovechaban aquello que hab\u00edan contratado, lo que agudiz\u00f3 la picaresca del operador. No son pocos los <a href=\"https:\/\/www.chollometro.com\/temas\/problemas-con-prexfy-1288563\" target=\"_blank\" rel=\"noopener\">testimonios<\/a>\u00a0de clientes de Prexfy exponiendo un consumo de datos que realmente no hab\u00eda realizado, lo que de nuevo serv\u00eda al OMV para sostener su operativa. No es d\u00edficil encontrar un cierto parecido con sistema Ponzi.<\/p>\n<p style=\"text-align: justify;\">Pero no s\u00f3lo pecaban de un funcionamiento m\u00e1s que cuestionable, la calidad de su servicio escond\u00eda una grav\u00edsima vulneraci\u00f3n de datos <a href=\"https:\/\/www.elotrolado.net\/hilo_usuarios-prexfy-vulneracion-proteccion-de-datos_2500718\" target=\"_blank\" rel=\"noopener\">personales<\/a>: cualquier cliente pod\u00eda acceder a datos personales del resto de clientes, incluidos DNI, <a href=\"https:\/\/imgur.com\/fRelIKz\" target=\"_blank\" rel=\"noopener\">firmas, etc<\/a>.<\/p>\n<p style=\"text-align: justify;\">Ante tal amalgama de ineptitudes, no es de extra\u00f1ar que la OMV comenzase a cortar su servicio, alegando una eufem\u00edstica <em>\u00bbincidencia significativa y de naturaleza compleja que involucra a <a href=\"https:\/\/bandaancha.eu\/foros\/prexfy-corte-datos-incidencia-1753088\" target=\"_blank\" rel=\"noopener\">m\u00faltiples partes<\/a>\u201d<\/em>.<\/p>\n<p style=\"text-align: justify;\">El modelo sectorial que encubre esta mala praxis no puede continuar por m\u00e1s tiempo. Es insoportable asistir a latrocinios de esta magnitud, sin que nadie realice un ejercicio punitivo o, al menos de reconocimiento de culpa. Estos agentes son los que extraen el valor de nuestro sector, empobreci\u00e9ndolo hasta la extenuaci\u00f3n, lo que acaba llev\u00e1ndose por delante miles de empleos y una riqueza, econ\u00f3mica y tecnol\u00f3gica, que es imprescindible para el progreso de nuestra sociedad.<\/p>\n<h4 style=\"text-align: right;\"><strong><span style=\"color: #ff0000;\">UGT<\/span> Comunicaciones<\/strong><a href=\"#_ftnref1\" name=\"_ftn1\"><\/a><\/h4>\n","protected":false},"excerpt":{"rendered":"<p>Nadie en este sector es ajeno al fen\u00f3meno low-cost. Las ofertas de productos de telecomunicaciones a precios irrisorios, que frisan lo regalado, son habituales y est\u00e1n generalizadas, especialmente en la l\u00ednea de negocio m\u00f3vil. De hecho, hoy en Espa\u00f1a hay 1.400 operadores registrados\u00a0y, obviamente, la abrumadora mayor\u00eda compite sobre la m\u00e1xima de tirar los precios [&hellip;]<\/p>\n","protected":false},"author":3,"featured_media":1067159,"comment_status":"closed","ping_status":"closed","sticky":false,"template":"","format":"standard","meta":{"footnotes":""},"categories":[13,12],"tags":[],"class_list":["post-1067157","post","type-post","status-publish","format-standard","has-post-thumbnail","hentry","category-mercado-comunicaciones","category-regulacion"],"yoast_head":"<!-- This site is optimized with the Yoast SEO Premium plugin v27.3 (Yoast SEO v27.4) - https:\/\/yoast.com\/product\/yoast-seo-premium-wordpress\/ -->\n<title>Prexfy: el esc\u00e1ndalo detr\u00e1s de los Gigas \u201cbaratos\u201d - UGT Comunicaciones<\/title>\n<meta name=\"robots\" content=\"index, follow, max-snippet:-1, max-image-preview:large, max-video-preview:-1\" \/>\n<link rel=\"canonical\" href=\"https:\/\/www.ugtcomunicaciones.es\/wordpress\/prexfy-el-escandalo-detras-de-los-gigas-baratos\/\" \/>\n<meta property=\"og:locale\" content=\"es_ES\" \/>\n<meta property=\"og:type\" content=\"article\" \/>\n<meta property=\"og:title\" content=\"Prexfy: el esc\u00e1ndalo detr\u00e1s de los Gigas \u201cbaratos\u201d\" \/>\n<meta property=\"og:description\" content=\"Nadie en este sector es ajeno al fen\u00f3meno low-cost. Las ofertas de productos de telecomunicaciones a precios irrisorios, que frisan lo regalado, son habituales y est\u00e1n generalizadas, especialmente en la l\u00ednea de negocio m\u00f3vil. De hecho, hoy en Espa\u00f1a hay 1.400 operadores registrados\u00a0y, obviamente, la abrumadora mayor\u00eda compite sobre la m\u00e1xima de tirar los precios [&hellip;]\" \/>\n<meta property=\"og:url\" content=\"https:\/\/www.ugtcomunicaciones.es\/wordpress\/prexfy-el-escandalo-detras-de-los-gigas-baratos\/\" \/>\n<meta property=\"og:site_name\" content=\"UGT Comunicaciones\" \/>\n<meta property=\"article:publisher\" content=\"https:\/\/www.facebook.com\/ugt.comunicaciones\/\" \/>\n<meta property=\"article:published_time\" content=\"2024-09-09T04:00:04+00:00\" \/>\n<meta property=\"og:image\" content=\"https:\/\/www.ugtcomunicaciones.es\/wordpress\/wp-content\/uploads\/2024\/09\/Prexfy-3.jpg\" \/>\n\t<meta property=\"og:image:width\" content=\"200\" \/>\n\t<meta property=\"og:image:height\" content=\"200\" \/>\n\t<meta property=\"og:image:type\" content=\"image\/jpeg\" \/>\n<meta name=\"author\" content=\"UGT\" \/>\n<meta name=\"twitter:card\" content=\"summary_large_image\" \/>\n<meta name=\"twitter:creator\" content=\"@ugtcom\" \/>\n<meta name=\"twitter:site\" content=\"@ugtcom\" \/>\n<meta name=\"twitter:label1\" content=\"Escrito por\" \/>\n\t<meta name=\"twitter:data1\" content=\"UGT\" \/>\n\t<meta name=\"twitter:label2\" content=\"Tiempo de lectura\" \/>\n\t<meta name=\"twitter:data2\" content=\"3 minutos\" \/>\n<script type=\"application\/ld+json\" class=\"yoast-schema-graph\">{\"@context\":\"https:\\\/\\\/schema.org\",\"@graph\":[{\"@type\":\"Article\",\"@id\":\"https:\\\/\\\/www.ugtcomunicaciones.es\\\/wordpress\\\/prexfy-el-escandalo-detras-de-los-gigas-baratos\\\/#article\",\"isPartOf\":{\"@id\":\"https:\\\/\\\/www.ugtcomunicaciones.es\\\/wordpress\\\/prexfy-el-escandalo-detras-de-los-gigas-baratos\\\/\"},\"author\":{\"name\":\"UGT\",\"@id\":\"https:\\\/\\\/www.ugtcomunicaciones.es\\\/wordpress\\\/#\\\/schema\\\/person\\\/eba0fc3fe5b444531d94d4368cba89ed\"},\"headline\":\"Prexfy: el esc\u00e1ndalo detr\u00e1s de los Gigas \u201cbaratos\u201d\",\"datePublished\":\"2024-09-09T04:00:04+00:00\",\"mainEntityOfPage\":{\"@id\":\"https:\\\/\\\/www.ugtcomunicaciones.es\\\/wordpress\\\/prexfy-el-escandalo-detras-de-los-gigas-baratos\\\/\"},\"wordCount\":469,\"publisher\":{\"@id\":\"https:\\\/\\\/www.ugtcomunicaciones.es\\\/wordpress\\\/#organization\"},\"image\":{\"@id\":\"https:\\\/\\\/www.ugtcomunicaciones.es\\\/wordpress\\\/prexfy-el-escandalo-detras-de-los-gigas-baratos\\\/#primaryimage\"},\"thumbnailUrl\":\"https:\\\/\\\/www.ugtcomunicaciones.es\\\/wordpress\\\/wp-content\\\/uploads\\\/2024\\\/09\\\/Prexfy-3.jpg\",\"articleSection\":[\"Mercado Comunicaciones\",\"Regulaci\u00f3n\"],\"inLanguage\":\"es\"},{\"@type\":\"WebPage\",\"@id\":\"https:\\\/\\\/www.ugtcomunicaciones.es\\\/wordpress\\\/prexfy-el-escandalo-detras-de-los-gigas-baratos\\\/\",\"url\":\"https:\\\/\\\/www.ugtcomunicaciones.es\\\/wordpress\\\/prexfy-el-escandalo-detras-de-los-gigas-baratos\\\/\",\"name\":\"Prexfy: el esc\u00e1ndalo detr\u00e1s de los Gigas \u201cbaratos\u201d - UGT Comunicaciones\",\"isPartOf\":{\"@id\":\"https:\\\/\\\/www.ugtcomunicaciones.es\\\/wordpress\\\/#website\"},\"primaryImageOfPage\":{\"@id\":\"https:\\\/\\\/www.ugtcomunicaciones.es\\\/wordpress\\\/prexfy-el-escandalo-detras-de-los-gigas-baratos\\\/#primaryimage\"},\"image\":{\"@id\":\"https:\\\/\\\/www.ugtcomunicaciones.es\\\/wordpress\\\/prexfy-el-escandalo-detras-de-los-gigas-baratos\\\/#primaryimage\"},\"thumbnailUrl\":\"https:\\\/\\\/www.ugtcomunicaciones.es\\\/wordpress\\\/wp-content\\\/uploads\\\/2024\\\/09\\\/Prexfy-3.jpg\",\"datePublished\":\"2024-09-09T04:00:04+00:00\",\"breadcrumb\":{\"@id\":\"https:\\\/\\\/www.ugtcomunicaciones.es\\\/wordpress\\\/prexfy-el-escandalo-detras-de-los-gigas-baratos\\\/#breadcrumb\"},\"inLanguage\":\"es\",\"potentialAction\":[{\"@type\":\"ReadAction\",\"target\":[\"https:\\\/\\\/www.ugtcomunicaciones.es\\\/wordpress\\\/prexfy-el-escandalo-detras-de-los-gigas-baratos\\\/\"]}]},{\"@type\":\"ImageObject\",\"inLanguage\":\"es\",\"@id\":\"https:\\\/\\\/www.ugtcomunicaciones.es\\\/wordpress\\\/prexfy-el-escandalo-detras-de-los-gigas-baratos\\\/#primaryimage\",\"url\":\"https:\\\/\\\/www.ugtcomunicaciones.es\\\/wordpress\\\/wp-content\\\/uploads\\\/2024\\\/09\\\/Prexfy-3.jpg\",\"contentUrl\":\"https:\\\/\\\/www.ugtcomunicaciones.es\\\/wordpress\\\/wp-content\\\/uploads\\\/2024\\\/09\\\/Prexfy-3.jpg\",\"width\":200,\"height\":200},{\"@type\":\"BreadcrumbList\",\"@id\":\"https:\\\/\\\/www.ugtcomunicaciones.es\\\/wordpress\\\/prexfy-el-escandalo-detras-de-los-gigas-baratos\\\/#breadcrumb\",\"itemListElement\":[{\"@type\":\"ListItem\",\"position\":1,\"name\":\"Portada\",\"item\":\"https:\\\/\\\/www.ugtcomunicaciones.es\\\/wordpress\\\/\"},{\"@type\":\"ListItem\",\"position\":2,\"name\":\"Prexfy: el esc\u00e1ndalo detr\u00e1s de los Gigas \u201cbaratos\u201d\"}]},{\"@type\":\"WebSite\",\"@id\":\"https:\\\/\\\/www.ugtcomunicaciones.es\\\/wordpress\\\/#website\",\"url\":\"https:\\\/\\\/www.ugtcomunicaciones.es\\\/wordpress\\\/\",\"name\":\"UGT Comunicaciones\",\"description\":\"Sindicato de Telecomunicaciones\",\"publisher\":{\"@id\":\"https:\\\/\\\/www.ugtcomunicaciones.es\\\/wordpress\\\/#organization\"},\"potentialAction\":[{\"@type\":\"SearchAction\",\"target\":{\"@type\":\"EntryPoint\",\"urlTemplate\":\"https:\\\/\\\/www.ugtcomunicaciones.es\\\/wordpress\\\/?s={search_term_string}\"},\"query-input\":{\"@type\":\"PropertyValueSpecification\",\"valueRequired\":true,\"valueName\":\"search_term_string\"}}],\"inLanguage\":\"es\"},{\"@type\":\"Organization\",\"@id\":\"https:\\\/\\\/www.ugtcomunicaciones.es\\\/wordpress\\\/#organization\",\"name\":\"UGT Comunicaciones\",\"url\":\"https:\\\/\\\/www.ugtcomunicaciones.es\\\/wordpress\\\/\",\"logo\":{\"@type\":\"ImageObject\",\"inLanguage\":\"es\",\"@id\":\"https:\\\/\\\/www.ugtcomunicaciones.es\\\/wordpress\\\/#\\\/schema\\\/logo\\\/image\\\/\",\"url\":\"https:\\\/\\\/www.ugtcomunicaciones.es\\\/wordpress\\\/wp-content\\\/uploads\\\/2024\\\/04\\\/comunicaciones_logo.png\",\"contentUrl\":\"https:\\\/\\\/www.ugtcomunicaciones.es\\\/wordpress\\\/wp-content\\\/uploads\\\/2024\\\/04\\\/comunicaciones_logo.png\",\"width\":298,\"height\":81,\"caption\":\"UGT Comunicaciones\"},\"image\":{\"@id\":\"https:\\\/\\\/www.ugtcomunicaciones.es\\\/wordpress\\\/#\\\/schema\\\/logo\\\/image\\\/\"},\"sameAs\":[\"https:\\\/\\\/www.facebook.com\\\/ugt.comunicaciones\\\/\",\"https:\\\/\\\/x.com\\\/ugtcom\"]},{\"@type\":\"Person\",\"@id\":\"https:\\\/\\\/www.ugtcomunicaciones.es\\\/wordpress\\\/#\\\/schema\\\/person\\\/eba0fc3fe5b444531d94d4368cba89ed\",\"name\":\"UGT\",\"image\":{\"@type\":\"ImageObject\",\"inLanguage\":\"es\",\"@id\":\"https:\\\/\\\/secure.gravatar.com\\\/avatar\\\/2a16057d620a4c646bcfc171c4f23030879ebbdd346f0525bd5d4a564e57e13d?s=96&d=mm&r=g\",\"url\":\"https:\\\/\\\/secure.gravatar.com\\\/avatar\\\/2a16057d620a4c646bcfc171c4f23030879ebbdd346f0525bd5d4a564e57e13d?s=96&d=mm&r=g\",\"contentUrl\":\"https:\\\/\\\/secure.gravatar.com\\\/avatar\\\/2a16057d620a4c646bcfc171c4f23030879ebbdd346f0525bd5d4a564e57e13d?s=96&d=mm&r=g\",\"caption\":\"UGT\"}}]}<\/script>\n<!-- \/ Yoast SEO Premium plugin. -->","yoast_head_json":{"title":"Prexfy: el esc\u00e1ndalo detr\u00e1s de los Gigas \u201cbaratos\u201d - UGT Comunicaciones","robots":{"index":"index","follow":"follow","max-snippet":"max-snippet:-1","max-image-preview":"max-image-preview:large","max-video-preview":"max-video-preview:-1"},"canonical":"https:\/\/www.ugtcomunicaciones.es\/wordpress\/prexfy-el-escandalo-detras-de-los-gigas-baratos\/","og_locale":"es_ES","og_type":"article","og_title":"Prexfy: el esc\u00e1ndalo detr\u00e1s de los Gigas \u201cbaratos\u201d","og_description":"Nadie en este sector es ajeno al fen\u00f3meno low-cost. Las ofertas de productos de telecomunicaciones a precios irrisorios, que frisan lo regalado, son habituales y est\u00e1n generalizadas, especialmente en la l\u00ednea de negocio m\u00f3vil. De hecho, hoy en Espa\u00f1a hay 1.400 operadores registrados\u00a0y, obviamente, la abrumadora mayor\u00eda compite sobre la m\u00e1xima de tirar los precios [&hellip;]","og_url":"https:\/\/www.ugtcomunicaciones.es\/wordpress\/prexfy-el-escandalo-detras-de-los-gigas-baratos\/","og_site_name":"UGT Comunicaciones","article_publisher":"https:\/\/www.facebook.com\/ugt.comunicaciones\/","article_published_time":"2024-09-09T04:00:04+00:00","og_image":[{"width":200,"height":200,"url":"https:\/\/www.ugtcomunicaciones.es\/wordpress\/wp-content\/uploads\/2024\/09\/Prexfy-3.jpg","type":"image\/jpeg"}],"author":"UGT","twitter_card":"summary_large_image","twitter_creator":"@ugtcom","twitter_site":"@ugtcom","twitter_misc":{"Escrito por":"UGT","Tiempo de lectura":"3 minutos"},"schema":{"@context":"https:\/\/schema.org","@graph":[{"@type":"Article","@id":"https:\/\/www.ugtcomunicaciones.es\/wordpress\/prexfy-el-escandalo-detras-de-los-gigas-baratos\/#article","isPartOf":{"@id":"https:\/\/www.ugtcomunicaciones.es\/wordpress\/prexfy-el-escandalo-detras-de-los-gigas-baratos\/"},"author":{"name":"UGT","@id":"https:\/\/www.ugtcomunicaciones.es\/wordpress\/#\/schema\/person\/eba0fc3fe5b444531d94d4368cba89ed"},"headline":"Prexfy: el esc\u00e1ndalo detr\u00e1s de los Gigas \u201cbaratos\u201d","datePublished":"2024-09-09T04:00:04+00:00","mainEntityOfPage":{"@id":"https:\/\/www.ugtcomunicaciones.es\/wordpress\/prexfy-el-escandalo-detras-de-los-gigas-baratos\/"},"wordCount":469,"publisher":{"@id":"https:\/\/www.ugtcomunicaciones.es\/wordpress\/#organization"},"image":{"@id":"https:\/\/www.ugtcomunicaciones.es\/wordpress\/prexfy-el-escandalo-detras-de-los-gigas-baratos\/#primaryimage"},"thumbnailUrl":"https:\/\/www.ugtcomunicaciones.es\/wordpress\/wp-content\/uploads\/2024\/09\/Prexfy-3.jpg","articleSection":["Mercado Comunicaciones","Regulaci\u00f3n"],"inLanguage":"es"},{"@type":"WebPage","@id":"https:\/\/www.ugtcomunicaciones.es\/wordpress\/prexfy-el-escandalo-detras-de-los-gigas-baratos\/","url":"https:\/\/www.ugtcomunicaciones.es\/wordpress\/prexfy-el-escandalo-detras-de-los-gigas-baratos\/","name":"Prexfy: el esc\u00e1ndalo detr\u00e1s de los Gigas \u201cbaratos\u201d - UGT Comunicaciones","isPartOf":{"@id":"https:\/\/www.ugtcomunicaciones.es\/wordpress\/#website"},"primaryImageOfPage":{"@id":"https:\/\/www.ugtcomunicaciones.es\/wordpress\/prexfy-el-escandalo-detras-de-los-gigas-baratos\/#primaryimage"},"image":{"@id":"https:\/\/www.ugtcomunicaciones.es\/wordpress\/prexfy-el-escandalo-detras-de-los-gigas-baratos\/#primaryimage"},"thumbnailUrl":"https:\/\/www.ugtcomunicaciones.es\/wordpress\/wp-content\/uploads\/2024\/09\/Prexfy-3.jpg","datePublished":"2024-09-09T04:00:04+00:00","breadcrumb":{"@id":"https:\/\/www.ugtcomunicaciones.es\/wordpress\/prexfy-el-escandalo-detras-de-los-gigas-baratos\/#breadcrumb"},"inLanguage":"es","potentialAction":[{"@type":"ReadAction","target":["https:\/\/www.ugtcomunicaciones.es\/wordpress\/prexfy-el-escandalo-detras-de-los-gigas-baratos\/"]}]},{"@type":"ImageObject","inLanguage":"es","@id":"https:\/\/www.ugtcomunicaciones.es\/wordpress\/prexfy-el-escandalo-detras-de-los-gigas-baratos\/#primaryimage","url":"https:\/\/www.ugtcomunicaciones.es\/wordpress\/wp-content\/uploads\/2024\/09\/Prexfy-3.jpg","contentUrl":"https:\/\/www.ugtcomunicaciones.es\/wordpress\/wp-content\/uploads\/2024\/09\/Prexfy-3.jpg","width":200,"height":200},{"@type":"BreadcrumbList","@id":"https:\/\/www.ugtcomunicaciones.es\/wordpress\/prexfy-el-escandalo-detras-de-los-gigas-baratos\/#breadcrumb","itemListElement":[{"@type":"ListItem","position":1,"name":"Portada","item":"https:\/\/www.ugtcomunicaciones.es\/wordpress\/"},{"@type":"ListItem","position":2,"name":"Prexfy: el esc\u00e1ndalo detr\u00e1s de los Gigas \u201cbaratos\u201d"}]},{"@type":"WebSite","@id":"https:\/\/www.ugtcomunicaciones.es\/wordpress\/#website","url":"https:\/\/www.ugtcomunicaciones.es\/wordpress\/","name":"UGT Comunicaciones","description":"Sindicato de Telecomunicaciones","publisher":{"@id":"https:\/\/www.ugtcomunicaciones.es\/wordpress\/#organization"},"potentialAction":[{"@type":"SearchAction","target":{"@type":"EntryPoint","urlTemplate":"https:\/\/www.ugtcomunicaciones.es\/wordpress\/?s={search_term_string}"},"query-input":{"@type":"PropertyValueSpecification","valueRequired":true,"valueName":"search_term_string"}}],"inLanguage":"es"},{"@type":"Organization","@id":"https:\/\/www.ugtcomunicaciones.es\/wordpress\/#organization","name":"UGT Comunicaciones","url":"https:\/\/www.ugtcomunicaciones.es\/wordpress\/","logo":{"@type":"ImageObject","inLanguage":"es","@id":"https:\/\/www.ugtcomunicaciones.es\/wordpress\/#\/schema\/logo\/image\/","url":"https:\/\/www.ugtcomunicaciones.es\/wordpress\/wp-content\/uploads\/2024\/04\/comunicaciones_logo.png","contentUrl":"https:\/\/www.ugtcomunicaciones.es\/wordpress\/wp-content\/uploads\/2024\/04\/comunicaciones_logo.png","width":298,"height":81,"caption":"UGT Comunicaciones"},"image":{"@id":"https:\/\/www.ugtcomunicaciones.es\/wordpress\/#\/schema\/logo\/image\/"},"sameAs":["https:\/\/www.facebook.com\/ugt.comunicaciones\/","https:\/\/x.com\/ugtcom"]},{"@type":"Person","@id":"https:\/\/www.ugtcomunicaciones.es\/wordpress\/#\/schema\/person\/eba0fc3fe5b444531d94d4368cba89ed","name":"UGT","image":{"@type":"ImageObject","inLanguage":"es","@id":"https:\/\/secure.gravatar.com\/avatar\/2a16057d620a4c646bcfc171c4f23030879ebbdd346f0525bd5d4a564e57e13d?s=96&d=mm&r=g","url":"https:\/\/secure.gravatar.com\/avatar\/2a16057d620a4c646bcfc171c4f23030879ebbdd346f0525bd5d4a564e57e13d?s=96&d=mm&r=g","contentUrl":"https:\/\/secure.gravatar.com\/avatar\/2a16057d620a4c646bcfc171c4f23030879ebbdd346f0525bd5d4a564e57e13d?s=96&d=mm&r=g","caption":"UGT"}}]}},"_links":{"self":[{"href":"https:\/\/www.ugtcomunicaciones.es\/wordpress\/wp-json\/wp\/v2\/posts\/1067157","targetHints":{"allow":["GET"]}}],"collection":[{"href":"https:\/\/www.ugtcomunicaciones.es\/wordpress\/wp-json\/wp\/v2\/posts"}],"about":[{"href":"https:\/\/www.ugtcomunicaciones.es\/wordpress\/wp-json\/wp\/v2\/types\/post"}],"author":[{"embeddable":true,"href":"https:\/\/www.ugtcomunicaciones.es\/wordpress\/wp-json\/wp\/v2\/users\/3"}],"replies":[{"embeddable":true,"href":"https:\/\/www.ugtcomunicaciones.es\/wordpress\/wp-json\/wp\/v2\/comments?post=1067157"}],"version-history":[{"count":3,"href":"https:\/\/www.ugtcomunicaciones.es\/wordpress\/wp-json\/wp\/v2\/posts\/1067157\/revisions"}],"predecessor-version":[{"id":1067162,"href":"https:\/\/www.ugtcomunicaciones.es\/wordpress\/wp-json\/wp\/v2\/posts\/1067157\/revisions\/1067162"}],"wp:featuredmedia":[{"embeddable":true,"href":"https:\/\/www.ugtcomunicaciones.es\/wordpress\/wp-json\/wp\/v2\/media\/1067159"}],"wp:attachment":[{"href":"https:\/\/www.ugtcomunicaciones.es\/wordpress\/wp-json\/wp\/v2\/media?parent=1067157"}],"wp:term":[{"taxonomy":"category","embeddable":true,"href":"https:\/\/www.ugtcomunicaciones.es\/wordpress\/wp-json\/wp\/v2\/categories?post=1067157"},{"taxonomy":"post_tag","embeddable":true,"href":"https:\/\/www.ugtcomunicaciones.es\/wordpress\/wp-json\/wp\/v2\/tags?post=1067157"}],"curies":[{"name":"wp","href":"https:\/\/api.w.org\/{rel}","templated":true}]}}