{"id":1067164,"date":"2024-09-09T06:00:14","date_gmt":"2024-09-09T04:00:14","guid":{"rendered":"https:\/\/www.ugtcomunicaciones.es\/wordpress\/?p=1067164"},"modified":"2024-08-27T12:43:04","modified_gmt":"2024-08-27T10:43:04","slug":"el-progreso-digital-de-espana-debe-ser-equilibrado-inclusivo-e-integral","status":"publish","type":"post","link":"https:\/\/www.ugtcomunicaciones.es\/wordpress\/el-progreso-digital-de-espana-debe-ser-equilibrado-inclusivo-e-integral\/","title":{"rendered":"El progreso digital de Espa\u00f1a debe ser equilibrado, inclusivo e integral"},"content":{"rendered":"<p style=\"text-align: justify;\">La publicaci\u00f3n del \u00faltimo informe de progreso de la D\u00e9cada Digital para Espa\u00f1a vuelve a poner de manifiesto que, si bien existen aspectos en donde nuestro pa\u00eds est\u00e1 demostrando un desarrollo interesante y en l\u00ednea con lo esperado, se reiteran fallas en aspectos esenciales para nuestra evoluci\u00f3n laboral, social y econ\u00f3mica.<\/p>\n<p style=\"text-align: justify;\">El programa pol\u00edtico aprobado en 2022, que fija las metas digitales para las econom\u00edas europeas al final de esta d\u00e9cada, es un excelente term\u00f3metro para conocer c\u00f3mo nuestro pa\u00eds est\u00e1 acometiendo esta necesaria transformaci\u00f3n tecnol\u00f3gica. Como en todas las ocasiones anteriores, UGT quiere realizar un ejercicio de cr\u00edtica constructiva y objetiva, con la finalidad de destacar aquellas \u00e1reas donde es preciso focalizar nuestros esfuerzos, logrando as\u00ed una digitalizaci\u00f3n no deje a nadie atr\u00e1s, donde la competitividad vaya acorde con una imprescindible inclusividad laboral y social.<\/p>\n<ul style=\"text-align: justify;\">\n<li><strong>Intensidad digital de las PYMES<\/strong><\/li>\n<\/ul>\n<p style=\"text-align: justify;\">Un indicador esencial donde seguimos muy por debajo de lo deseable: <strong>cuatro de cada diez PYMES espa\u00f1olas no alcanzan ni el estatus b\u00e1sico de intensidad digital<\/strong>, con un crecimiento paup\u00e9rrimo en los dos \u00faltimos a\u00f1os de apenas un 0,7% desde 2021 \u2013 cuatro veces menor que el progreso que acredita la media europea, 2,6%-<\/p>\n<p style=\"text-align: justify;\">No podemos olvidar que las PYMES son un eje fundamental de nuestra econom\u00eda, concitando al 95% de nuestro tejido productivo, generando m\u00e1s de la mitad del PIB y dando empleo a m\u00e1s de diez millones de personas. Por ello, y como ya hemos apuntado en anteriores ocasiones, los programas de ayudas como el Kit Digital, si bien son positivos y contribuyen a impulsar su tecnificaci\u00f3n, deben complementarse con planes de formaci\u00f3n en TIC para la fuerza trabajadora empleada en estas empresas, al objeto de que dotar de las suficientes competencias para aprovechar estas ayudas a la modernizaci\u00f3n en nuevas tecnolog\u00edas.<\/p>\n<ul style=\"text-align: justify;\">\n<li><strong>Empleo tecnol\u00f3gico<\/strong><\/li>\n<\/ul>\n<p style=\"text-align: justify;\">Espa\u00f1a se vuelve a situar por debajo de la media europea en expertos TIC, con un 4,4% -sobre el total de empleo- frente a un 4,8% de la media europea (lo que representa un 8% menos que la UE27).<\/p>\n<p style=\"text-align: justify;\">Este dato, por s\u00ed solo, puede significar poco si no se detalla el contexto. Por un lado, nuestro pa\u00eds est\u00e1 en la avanzadilla europea en graduados en TIC por a\u00f1o (m\u00e1s de 217.00 s\u00f3lo en 2022, situ\u00e1ndonos el cuatro puesto continental). De hecho, la propia Comisi\u00f3n Europea nos felicita por los avances en esta materia, creciendo a\u00f1o a a\u00f1o por encima de la media comunitaria en la provisi\u00f3n de talento tecnol\u00f3gico (5,2% de titulados en TIC sobre el total de graduados, por un 4,5% de la UE27). Es decir, producimos ingente de talento digital, m\u00e1s y mejor que cualquier pa\u00eds de nuestro entorno.<\/p>\n<p style=\"text-align: justify;\">Sin embargo, cuando ya llevamos un 30% de tiempo para cumplir con el objetivo asignado (s\u00f3lo nos quedan siete a\u00f1os hasta 2030), a\u00fan estamos a un 50% de lograrlo. El principal motivo que explica esta disfunci\u00f3n se sit\u00faa en la <strong>incapacidad de las empresas espa\u00f1olas para construir una ofertas laborales a la altura de nuestros vecinos europeos, tanto a nivel retributivo como de atractivo en t\u00e9rminos de progresi\u00f3n de carrera o conciliaci\u00f3n de la vida laboral y personal<\/strong>. Ante tal disyuntiva, todo nuestra juventud tecn\u00f3loga, acaba emigrando masivamente.<\/p>\n<ul style=\"text-align: justify;\">\n<li><strong>Competencias digitales de la poblaci\u00f3n<\/strong><\/li>\n<\/ul>\n<p style=\"text-align: justify;\">Las felicitaciones a Espa\u00f1a que hace constar la Comisi\u00f3n a Espa\u00f1a en su informe anual por el progreso en esta materia oculta una problem\u00e1tica que imprescindible hacer emerger: <strong>en Espa\u00f1a, hoy, 1.200.000 personas mayores de 65 a\u00f1os no tienen ni una sola competencia digital<\/strong>. Ni una sola: no saben pedir cita con su m\u00e9dico, ni hacer operaciones en banca online, ni hacer una reserva, ni siquiera saben enviar o recibir un correo electr\u00f3nico.<\/p>\n<p style=\"text-align: justify;\">No podemos consentir que, ampar\u00e1ndonos en las buenas cifras generalistas, olvidemos a una parte integral de nuestra sociedad, porque quiz\u00e1s sean \u201cmayores\u201d, porque quiz\u00e1s ya est\u00e9n \u201cjubilados\u201d o porque vivan predominantemente en zonas rurales. Un Estado que defiende la igualdad de oportunidades y la cohesi\u00f3n social y territorial no puede padecer inm\u00f3vil ante esta tipolog\u00eda de Brecha Digital.<\/p>\n<ul style=\"text-align: justify;\">\n<li><strong>Servicios P\u00fablicos Digitales<\/strong><\/li>\n<\/ul>\n<p style=\"text-align: justify;\">En un mundo en acelerado proceso de digitaci\u00f3n de procesos <strong>no se entiende\u00a0un descenso de m\u00e1s de dos puntos en el apartado de servicios p\u00fablicos digitales a disposici\u00f3n de la ciudadan\u00eda (-2,3%)<\/strong>. El retroceso en la m\u00e9trica sobre en qu\u00e9 medida los gobiernos son transparentes en lo que respecta al proceso de prestaci\u00f3n de servicios online, es preocupante y debe ser analizado cuidadosamente para averiguar qu\u00e9 administraciones est\u00e1n retrotrayendo avances tal necesarios para nuestra ciudadan\u00eda.<\/p>\n<p>&nbsp;<\/p>\n<figure id=\"attachment_1067167\" aria-describedby=\"caption-attachment-1067167\" style=\"width: 300px\" class=\"wp-caption alignright\"><img decoding=\"async\" class=\"size-medium wp-image-1067167 lazyload\" data-src=\"https:\/\/www.ugtcomunicaciones.es\/wordpress\/wp-content\/uploads\/2024\/09\/progreso-digital-300x200.jpg\" alt=\"\" width=\"300\" height=\"200\" data-srcset=\"https:\/\/www.ugtcomunicaciones.es\/wordpress\/wp-content\/uploads\/2024\/09\/progreso-digital-300x200.jpg 300w, https:\/\/www.ugtcomunicaciones.es\/wordpress\/wp-content\/uploads\/2024\/09\/progreso-digital-1024x683.jpg 1024w, https:\/\/www.ugtcomunicaciones.es\/wordpress\/wp-content\/uploads\/2024\/09\/progreso-digital-768x512.jpg 768w, https:\/\/www.ugtcomunicaciones.es\/wordpress\/wp-content\/uploads\/2024\/09\/progreso-digital-1536x1024.jpg 1536w, https:\/\/www.ugtcomunicaciones.es\/wordpress\/wp-content\/uploads\/2024\/09\/progreso-digital-2048x1365.jpg 2048w, https:\/\/www.ugtcomunicaciones.es\/wordpress\/wp-content\/uploads\/2024\/09\/progreso-digital-630x420.jpg 630w, https:\/\/www.ugtcomunicaciones.es\/wordpress\/wp-content\/uploads\/2024\/09\/progreso-digital-537x360.jpg 537w, https:\/\/www.ugtcomunicaciones.es\/wordpress\/wp-content\/uploads\/2024\/09\/progreso-digital-640x427.jpg 640w, https:\/\/www.ugtcomunicaciones.es\/wordpress\/wp-content\/uploads\/2024\/09\/progreso-digital-681x454.jpg 681w\" data-sizes=\"(max-width: 300px) 100vw, 300px\" src=\"data:image\/svg+xml;base64,PHN2ZyB3aWR0aD0iMSIgaGVpZ2h0PSIxIiB4bWxucz0iaHR0cDovL3d3dy53My5vcmcvMjAwMC9zdmciPjwvc3ZnPg==\" style=\"--smush-placeholder-width: 300px; --smush-placeholder-aspect-ratio: 300\/200;\" \/><figcaption id=\"caption-attachment-1067167\" class=\"wp-caption-text\">Business situations. People in the office<\/figcaption><\/figure>\n<h4 style=\"text-align: right;\"><strong> Comunicaciones<\/strong><\/h4>\n","protected":false},"excerpt":{"rendered":"<p>La publicaci\u00f3n del \u00faltimo informe de progreso de la D\u00e9cada Digital para Espa\u00f1a vuelve a poner de manifiesto que, si bien existen aspectos en donde nuestro pa\u00eds est\u00e1 demostrando un desarrollo interesante y en l\u00ednea con lo esperado, se reiteran fallas en aspectos esenciales para nuestra evoluci\u00f3n laboral, social y econ\u00f3mica. El programa pol\u00edtico aprobado [&hellip;]<\/p>\n","protected":false},"author":3,"featured_media":1067167,"comment_status":"closed","ping_status":"closed","sticky":false,"template":"","format":"standard","meta":{"footnotes":""},"categories":[13,12],"tags":[],"class_list":["post-1067164","post","type-post","status-publish","format-standard","has-post-thumbnail","hentry","category-mercado-comunicaciones","category-regulacion"],"yoast_head":"<!-- This site is optimized with the Yoast SEO Premium plugin v27.3 (Yoast SEO v27.4) - https:\/\/yoast.com\/product\/yoast-seo-premium-wordpress\/ -->\n<title>El progreso digital de Espa\u00f1a debe ser equilibrado, inclusivo e integral - UGT Comunicaciones<\/title>\n<meta name=\"robots\" content=\"index, follow, max-snippet:-1, max-image-preview:large, max-video-preview:-1\" \/>\n<link rel=\"canonical\" href=\"https:\/\/www.ugtcomunicaciones.es\/wordpress\/el-progreso-digital-de-espana-debe-ser-equilibrado-inclusivo-e-integral\/\" \/>\n<meta property=\"og:locale\" content=\"es_ES\" \/>\n<meta property=\"og:type\" content=\"article\" \/>\n<meta property=\"og:title\" content=\"El progreso digital de Espa\u00f1a debe ser equilibrado, inclusivo e integral\" \/>\n<meta property=\"og:description\" content=\"La publicaci\u00f3n del \u00faltimo informe de progreso de la D\u00e9cada Digital para Espa\u00f1a vuelve a poner de manifiesto que, si bien existen aspectos en donde nuestro pa\u00eds est\u00e1 demostrando un desarrollo interesante y en l\u00ednea con lo esperado, se reiteran fallas en aspectos esenciales para nuestra evoluci\u00f3n laboral, social y econ\u00f3mica. El programa pol\u00edtico aprobado [&hellip;]\" \/>\n<meta property=\"og:url\" content=\"https:\/\/www.ugtcomunicaciones.es\/wordpress\/el-progreso-digital-de-espana-debe-ser-equilibrado-inclusivo-e-integral\/\" \/>\n<meta property=\"og:site_name\" content=\"UGT Comunicaciones\" \/>\n<meta property=\"article:publisher\" content=\"https:\/\/www.facebook.com\/ugt.comunicaciones\/\" \/>\n<meta property=\"article:published_time\" content=\"2024-09-09T04:00:14+00:00\" \/>\n<meta property=\"og:image\" content=\"https:\/\/www.ugtcomunicaciones.es\/wordpress\/wp-content\/uploads\/2024\/09\/progreso-digital-scaled.jpg\" \/>\n\t<meta property=\"og:image:width\" content=\"2560\" \/>\n\t<meta property=\"og:image:height\" content=\"1707\" \/>\n\t<meta property=\"og:image:type\" content=\"image\/jpeg\" \/>\n<meta name=\"author\" content=\"UGT\" \/>\n<meta name=\"twitter:card\" content=\"summary_large_image\" \/>\n<meta name=\"twitter:creator\" content=\"@ugtcom\" \/>\n<meta name=\"twitter:site\" content=\"@ugtcom\" \/>\n<meta name=\"twitter:label1\" content=\"Escrito por\" \/>\n\t<meta name=\"twitter:data1\" content=\"UGT\" \/>\n\t<meta name=\"twitter:label2\" content=\"Tiempo de lectura\" \/>\n\t<meta name=\"twitter:data2\" content=\"4 minutos\" \/>\n<script type=\"application\/ld+json\" class=\"yoast-schema-graph\">{\"@context\":\"https:\\\/\\\/schema.org\",\"@graph\":[{\"@type\":\"Article\",\"@id\":\"https:\\\/\\\/www.ugtcomunicaciones.es\\\/wordpress\\\/el-progreso-digital-de-espana-debe-ser-equilibrado-inclusivo-e-integral\\\/#article\",\"isPartOf\":{\"@id\":\"https:\\\/\\\/www.ugtcomunicaciones.es\\\/wordpress\\\/el-progreso-digital-de-espana-debe-ser-equilibrado-inclusivo-e-integral\\\/\"},\"author\":{\"name\":\"UGT\",\"@id\":\"https:\\\/\\\/www.ugtcomunicaciones.es\\\/wordpress\\\/#\\\/schema\\\/person\\\/eba0fc3fe5b444531d94d4368cba89ed\"},\"headline\":\"El progreso digital de Espa\u00f1a debe ser equilibrado, inclusivo e integral\",\"datePublished\":\"2024-09-09T04:00:14+00:00\",\"mainEntityOfPage\":{\"@id\":\"https:\\\/\\\/www.ugtcomunicaciones.es\\\/wordpress\\\/el-progreso-digital-de-espana-debe-ser-equilibrado-inclusivo-e-integral\\\/\"},\"wordCount\":831,\"publisher\":{\"@id\":\"https:\\\/\\\/www.ugtcomunicaciones.es\\\/wordpress\\\/#organization\"},\"image\":{\"@id\":\"https:\\\/\\\/www.ugtcomunicaciones.es\\\/wordpress\\\/el-progreso-digital-de-espana-debe-ser-equilibrado-inclusivo-e-integral\\\/#primaryimage\"},\"thumbnailUrl\":\"https:\\\/\\\/www.ugtcomunicaciones.es\\\/wordpress\\\/wp-content\\\/uploads\\\/2024\\\/09\\\/progreso-digital-scaled.jpg\",\"articleSection\":[\"Mercado Comunicaciones\",\"Regulaci\u00f3n\"],\"inLanguage\":\"es\"},{\"@type\":\"WebPage\",\"@id\":\"https:\\\/\\\/www.ugtcomunicaciones.es\\\/wordpress\\\/el-progreso-digital-de-espana-debe-ser-equilibrado-inclusivo-e-integral\\\/\",\"url\":\"https:\\\/\\\/www.ugtcomunicaciones.es\\\/wordpress\\\/el-progreso-digital-de-espana-debe-ser-equilibrado-inclusivo-e-integral\\\/\",\"name\":\"El progreso digital de Espa\u00f1a debe ser equilibrado, inclusivo e integral - UGT Comunicaciones\",\"isPartOf\":{\"@id\":\"https:\\\/\\\/www.ugtcomunicaciones.es\\\/wordpress\\\/#website\"},\"primaryImageOfPage\":{\"@id\":\"https:\\\/\\\/www.ugtcomunicaciones.es\\\/wordpress\\\/el-progreso-digital-de-espana-debe-ser-equilibrado-inclusivo-e-integral\\\/#primaryimage\"},\"image\":{\"@id\":\"https:\\\/\\\/www.ugtcomunicaciones.es\\\/wordpress\\\/el-progreso-digital-de-espana-debe-ser-equilibrado-inclusivo-e-integral\\\/#primaryimage\"},\"thumbnailUrl\":\"https:\\\/\\\/www.ugtcomunicaciones.es\\\/wordpress\\\/wp-content\\\/uploads\\\/2024\\\/09\\\/progreso-digital-scaled.jpg\",\"datePublished\":\"2024-09-09T04:00:14+00:00\",\"breadcrumb\":{\"@id\":\"https:\\\/\\\/www.ugtcomunicaciones.es\\\/wordpress\\\/el-progreso-digital-de-espana-debe-ser-equilibrado-inclusivo-e-integral\\\/#breadcrumb\"},\"inLanguage\":\"es\",\"potentialAction\":[{\"@type\":\"ReadAction\",\"target\":[\"https:\\\/\\\/www.ugtcomunicaciones.es\\\/wordpress\\\/el-progreso-digital-de-espana-debe-ser-equilibrado-inclusivo-e-integral\\\/\"]}]},{\"@type\":\"ImageObject\",\"inLanguage\":\"es\",\"@id\":\"https:\\\/\\\/www.ugtcomunicaciones.es\\\/wordpress\\\/el-progreso-digital-de-espana-debe-ser-equilibrado-inclusivo-e-integral\\\/#primaryimage\",\"url\":\"https:\\\/\\\/www.ugtcomunicaciones.es\\\/wordpress\\\/wp-content\\\/uploads\\\/2024\\\/09\\\/progreso-digital-scaled.jpg\",\"contentUrl\":\"https:\\\/\\\/www.ugtcomunicaciones.es\\\/wordpress\\\/wp-content\\\/uploads\\\/2024\\\/09\\\/progreso-digital-scaled.jpg\",\"width\":2560,\"height\":1707,\"caption\":\"Business situations. People in the office\"},{\"@type\":\"BreadcrumbList\",\"@id\":\"https:\\\/\\\/www.ugtcomunicaciones.es\\\/wordpress\\\/el-progreso-digital-de-espana-debe-ser-equilibrado-inclusivo-e-integral\\\/#breadcrumb\",\"itemListElement\":[{\"@type\":\"ListItem\",\"position\":1,\"name\":\"Portada\",\"item\":\"https:\\\/\\\/www.ugtcomunicaciones.es\\\/wordpress\\\/\"},{\"@type\":\"ListItem\",\"position\":2,\"name\":\"El progreso digital de Espa\u00f1a debe ser equilibrado, inclusivo e integral\"}]},{\"@type\":\"WebSite\",\"@id\":\"https:\\\/\\\/www.ugtcomunicaciones.es\\\/wordpress\\\/#website\",\"url\":\"https:\\\/\\\/www.ugtcomunicaciones.es\\\/wordpress\\\/\",\"name\":\"UGT Comunicaciones\",\"description\":\"Sindicato de Telecomunicaciones\",\"publisher\":{\"@id\":\"https:\\\/\\\/www.ugtcomunicaciones.es\\\/wordpress\\\/#organization\"},\"potentialAction\":[{\"@type\":\"SearchAction\",\"target\":{\"@type\":\"EntryPoint\",\"urlTemplate\":\"https:\\\/\\\/www.ugtcomunicaciones.es\\\/wordpress\\\/?s={search_term_string}\"},\"query-input\":{\"@type\":\"PropertyValueSpecification\",\"valueRequired\":true,\"valueName\":\"search_term_string\"}}],\"inLanguage\":\"es\"},{\"@type\":\"Organization\",\"@id\":\"https:\\\/\\\/www.ugtcomunicaciones.es\\\/wordpress\\\/#organization\",\"name\":\"UGT Comunicaciones\",\"url\":\"https:\\\/\\\/www.ugtcomunicaciones.es\\\/wordpress\\\/\",\"logo\":{\"@type\":\"ImageObject\",\"inLanguage\":\"es\",\"@id\":\"https:\\\/\\\/www.ugtcomunicaciones.es\\\/wordpress\\\/#\\\/schema\\\/logo\\\/image\\\/\",\"url\":\"https:\\\/\\\/www.ugtcomunicaciones.es\\\/wordpress\\\/wp-content\\\/uploads\\\/2024\\\/04\\\/comunicaciones_logo.png\",\"contentUrl\":\"https:\\\/\\\/www.ugtcomunicaciones.es\\\/wordpress\\\/wp-content\\\/uploads\\\/2024\\\/04\\\/comunicaciones_logo.png\",\"width\":298,\"height\":81,\"caption\":\"UGT Comunicaciones\"},\"image\":{\"@id\":\"https:\\\/\\\/www.ugtcomunicaciones.es\\\/wordpress\\\/#\\\/schema\\\/logo\\\/image\\\/\"},\"sameAs\":[\"https:\\\/\\\/www.facebook.com\\\/ugt.comunicaciones\\\/\",\"https:\\\/\\\/x.com\\\/ugtcom\"]},{\"@type\":\"Person\",\"@id\":\"https:\\\/\\\/www.ugtcomunicaciones.es\\\/wordpress\\\/#\\\/schema\\\/person\\\/eba0fc3fe5b444531d94d4368cba89ed\",\"name\":\"UGT\",\"image\":{\"@type\":\"ImageObject\",\"inLanguage\":\"es\",\"@id\":\"https:\\\/\\\/secure.gravatar.com\\\/avatar\\\/2a16057d620a4c646bcfc171c4f23030879ebbdd346f0525bd5d4a564e57e13d?s=96&d=mm&r=g\",\"url\":\"https:\\\/\\\/secure.gravatar.com\\\/avatar\\\/2a16057d620a4c646bcfc171c4f23030879ebbdd346f0525bd5d4a564e57e13d?s=96&d=mm&r=g\",\"contentUrl\":\"https:\\\/\\\/secure.gravatar.com\\\/avatar\\\/2a16057d620a4c646bcfc171c4f23030879ebbdd346f0525bd5d4a564e57e13d?s=96&d=mm&r=g\",\"caption\":\"UGT\"}}]}<\/script>\n<!-- \/ Yoast SEO Premium plugin. -->","yoast_head_json":{"title":"El progreso digital de Espa\u00f1a debe ser equilibrado, inclusivo e integral - UGT Comunicaciones","robots":{"index":"index","follow":"follow","max-snippet":"max-snippet:-1","max-image-preview":"max-image-preview:large","max-video-preview":"max-video-preview:-1"},"canonical":"https:\/\/www.ugtcomunicaciones.es\/wordpress\/el-progreso-digital-de-espana-debe-ser-equilibrado-inclusivo-e-integral\/","og_locale":"es_ES","og_type":"article","og_title":"El progreso digital de Espa\u00f1a debe ser equilibrado, inclusivo e integral","og_description":"La publicaci\u00f3n del \u00faltimo informe de progreso de la D\u00e9cada Digital para Espa\u00f1a vuelve a poner de manifiesto que, si bien existen aspectos en donde nuestro pa\u00eds est\u00e1 demostrando un desarrollo interesante y en l\u00ednea con lo esperado, se reiteran fallas en aspectos esenciales para nuestra evoluci\u00f3n laboral, social y econ\u00f3mica. El programa pol\u00edtico aprobado [&hellip;]","og_url":"https:\/\/www.ugtcomunicaciones.es\/wordpress\/el-progreso-digital-de-espana-debe-ser-equilibrado-inclusivo-e-integral\/","og_site_name":"UGT Comunicaciones","article_publisher":"https:\/\/www.facebook.com\/ugt.comunicaciones\/","article_published_time":"2024-09-09T04:00:14+00:00","og_image":[{"width":2560,"height":1707,"url":"https:\/\/www.ugtcomunicaciones.es\/wordpress\/wp-content\/uploads\/2024\/09\/progreso-digital-scaled.jpg","type":"image\/jpeg"}],"author":"UGT","twitter_card":"summary_large_image","twitter_creator":"@ugtcom","twitter_site":"@ugtcom","twitter_misc":{"Escrito por":"UGT","Tiempo de lectura":"4 minutos"},"schema":{"@context":"https:\/\/schema.org","@graph":[{"@type":"Article","@id":"https:\/\/www.ugtcomunicaciones.es\/wordpress\/el-progreso-digital-de-espana-debe-ser-equilibrado-inclusivo-e-integral\/#article","isPartOf":{"@id":"https:\/\/www.ugtcomunicaciones.es\/wordpress\/el-progreso-digital-de-espana-debe-ser-equilibrado-inclusivo-e-integral\/"},"author":{"name":"UGT","@id":"https:\/\/www.ugtcomunicaciones.es\/wordpress\/#\/schema\/person\/eba0fc3fe5b444531d94d4368cba89ed"},"headline":"El progreso digital de Espa\u00f1a debe ser equilibrado, inclusivo e integral","datePublished":"2024-09-09T04:00:14+00:00","mainEntityOfPage":{"@id":"https:\/\/www.ugtcomunicaciones.es\/wordpress\/el-progreso-digital-de-espana-debe-ser-equilibrado-inclusivo-e-integral\/"},"wordCount":831,"publisher":{"@id":"https:\/\/www.ugtcomunicaciones.es\/wordpress\/#organization"},"image":{"@id":"https:\/\/www.ugtcomunicaciones.es\/wordpress\/el-progreso-digital-de-espana-debe-ser-equilibrado-inclusivo-e-integral\/#primaryimage"},"thumbnailUrl":"https:\/\/www.ugtcomunicaciones.es\/wordpress\/wp-content\/uploads\/2024\/09\/progreso-digital-scaled.jpg","articleSection":["Mercado Comunicaciones","Regulaci\u00f3n"],"inLanguage":"es"},{"@type":"WebPage","@id":"https:\/\/www.ugtcomunicaciones.es\/wordpress\/el-progreso-digital-de-espana-debe-ser-equilibrado-inclusivo-e-integral\/","url":"https:\/\/www.ugtcomunicaciones.es\/wordpress\/el-progreso-digital-de-espana-debe-ser-equilibrado-inclusivo-e-integral\/","name":"El progreso digital de Espa\u00f1a debe ser equilibrado, inclusivo e integral - UGT Comunicaciones","isPartOf":{"@id":"https:\/\/www.ugtcomunicaciones.es\/wordpress\/#website"},"primaryImageOfPage":{"@id":"https:\/\/www.ugtcomunicaciones.es\/wordpress\/el-progreso-digital-de-espana-debe-ser-equilibrado-inclusivo-e-integral\/#primaryimage"},"image":{"@id":"https:\/\/www.ugtcomunicaciones.es\/wordpress\/el-progreso-digital-de-espana-debe-ser-equilibrado-inclusivo-e-integral\/#primaryimage"},"thumbnailUrl":"https:\/\/www.ugtcomunicaciones.es\/wordpress\/wp-content\/uploads\/2024\/09\/progreso-digital-scaled.jpg","datePublished":"2024-09-09T04:00:14+00:00","breadcrumb":{"@id":"https:\/\/www.ugtcomunicaciones.es\/wordpress\/el-progreso-digital-de-espana-debe-ser-equilibrado-inclusivo-e-integral\/#breadcrumb"},"inLanguage":"es","potentialAction":[{"@type":"ReadAction","target":["https:\/\/www.ugtcomunicaciones.es\/wordpress\/el-progreso-digital-de-espana-debe-ser-equilibrado-inclusivo-e-integral\/"]}]},{"@type":"ImageObject","inLanguage":"es","@id":"https:\/\/www.ugtcomunicaciones.es\/wordpress\/el-progreso-digital-de-espana-debe-ser-equilibrado-inclusivo-e-integral\/#primaryimage","url":"https:\/\/www.ugtcomunicaciones.es\/wordpress\/wp-content\/uploads\/2024\/09\/progreso-digital-scaled.jpg","contentUrl":"https:\/\/www.ugtcomunicaciones.es\/wordpress\/wp-content\/uploads\/2024\/09\/progreso-digital-scaled.jpg","width":2560,"height":1707,"caption":"Business situations. People in the office"},{"@type":"BreadcrumbList","@id":"https:\/\/www.ugtcomunicaciones.es\/wordpress\/el-progreso-digital-de-espana-debe-ser-equilibrado-inclusivo-e-integral\/#breadcrumb","itemListElement":[{"@type":"ListItem","position":1,"name":"Portada","item":"https:\/\/www.ugtcomunicaciones.es\/wordpress\/"},{"@type":"ListItem","position":2,"name":"El progreso digital de Espa\u00f1a debe ser equilibrado, inclusivo e integral"}]},{"@type":"WebSite","@id":"https:\/\/www.ugtcomunicaciones.es\/wordpress\/#website","url":"https:\/\/www.ugtcomunicaciones.es\/wordpress\/","name":"UGT Comunicaciones","description":"Sindicato de Telecomunicaciones","publisher":{"@id":"https:\/\/www.ugtcomunicaciones.es\/wordpress\/#organization"},"potentialAction":[{"@type":"SearchAction","target":{"@type":"EntryPoint","urlTemplate":"https:\/\/www.ugtcomunicaciones.es\/wordpress\/?s={search_term_string}"},"query-input":{"@type":"PropertyValueSpecification","valueRequired":true,"valueName":"search_term_string"}}],"inLanguage":"es"},{"@type":"Organization","@id":"https:\/\/www.ugtcomunicaciones.es\/wordpress\/#organization","name":"UGT Comunicaciones","url":"https:\/\/www.ugtcomunicaciones.es\/wordpress\/","logo":{"@type":"ImageObject","inLanguage":"es","@id":"https:\/\/www.ugtcomunicaciones.es\/wordpress\/#\/schema\/logo\/image\/","url":"https:\/\/www.ugtcomunicaciones.es\/wordpress\/wp-content\/uploads\/2024\/04\/comunicaciones_logo.png","contentUrl":"https:\/\/www.ugtcomunicaciones.es\/wordpress\/wp-content\/uploads\/2024\/04\/comunicaciones_logo.png","width":298,"height":81,"caption":"UGT Comunicaciones"},"image":{"@id":"https:\/\/www.ugtcomunicaciones.es\/wordpress\/#\/schema\/logo\/image\/"},"sameAs":["https:\/\/www.facebook.com\/ugt.comunicaciones\/","https:\/\/x.com\/ugtcom"]},{"@type":"Person","@id":"https:\/\/www.ugtcomunicaciones.es\/wordpress\/#\/schema\/person\/eba0fc3fe5b444531d94d4368cba89ed","name":"UGT","image":{"@type":"ImageObject","inLanguage":"es","@id":"https:\/\/secure.gravatar.com\/avatar\/2a16057d620a4c646bcfc171c4f23030879ebbdd346f0525bd5d4a564e57e13d?s=96&d=mm&r=g","url":"https:\/\/secure.gravatar.com\/avatar\/2a16057d620a4c646bcfc171c4f23030879ebbdd346f0525bd5d4a564e57e13d?s=96&d=mm&r=g","contentUrl":"https:\/\/secure.gravatar.com\/avatar\/2a16057d620a4c646bcfc171c4f23030879ebbdd346f0525bd5d4a564e57e13d?s=96&d=mm&r=g","caption":"UGT"}}]}},"_links":{"self":[{"href":"https:\/\/www.ugtcomunicaciones.es\/wordpress\/wp-json\/wp\/v2\/posts\/1067164","targetHints":{"allow":["GET"]}}],"collection":[{"href":"https:\/\/www.ugtcomunicaciones.es\/wordpress\/wp-json\/wp\/v2\/posts"}],"about":[{"href":"https:\/\/www.ugtcomunicaciones.es\/wordpress\/wp-json\/wp\/v2\/types\/post"}],"author":[{"embeddable":true,"href":"https:\/\/www.ugtcomunicaciones.es\/wordpress\/wp-json\/wp\/v2\/users\/3"}],"replies":[{"embeddable":true,"href":"https:\/\/www.ugtcomunicaciones.es\/wordpress\/wp-json\/wp\/v2\/comments?post=1067164"}],"version-history":[{"count":3,"href":"https:\/\/www.ugtcomunicaciones.es\/wordpress\/wp-json\/wp\/v2\/posts\/1067164\/revisions"}],"predecessor-version":[{"id":1067168,"href":"https:\/\/www.ugtcomunicaciones.es\/wordpress\/wp-json\/wp\/v2\/posts\/1067164\/revisions\/1067168"}],"wp:featuredmedia":[{"embeddable":true,"href":"https:\/\/www.ugtcomunicaciones.es\/wordpress\/wp-json\/wp\/v2\/media\/1067167"}],"wp:attachment":[{"href":"https:\/\/www.ugtcomunicaciones.es\/wordpress\/wp-json\/wp\/v2\/media?parent=1067164"}],"wp:term":[{"taxonomy":"category","embeddable":true,"href":"https:\/\/www.ugtcomunicaciones.es\/wordpress\/wp-json\/wp\/v2\/categories?post=1067164"},{"taxonomy":"post_tag","embeddable":true,"href":"https:\/\/www.ugtcomunicaciones.es\/wordpress\/wp-json\/wp\/v2\/tags?post=1067164"}],"curies":[{"name":"wp","href":"https:\/\/api.w.org\/{rel}","templated":true}]}}