{"id":1067200,"date":"2024-09-09T11:46:41","date_gmt":"2024-09-09T09:46:41","guid":{"rendered":"https:\/\/www.ugtcomunicaciones.es\/wordpress\/?p=1067200"},"modified":"2024-09-09T11:46:41","modified_gmt":"2024-09-09T09:46:41","slug":"ere-masorange-2024","status":"publish","type":"post","link":"https:\/\/www.ugtcomunicaciones.es\/wordpress\/ere-masorange-2024\/","title":{"rendered":"Masorange presenta un ERE que afectar\u00e1 a 795 personas trabajadoras."},"content":{"rendered":"<p>Este 3 de septiembre de 2024, la direcci\u00f3n del Grupo Mas Orange ha presentado un ERE en el grupo. Tiene como objetivo una extinci\u00f3n m\u00e1xima de 795 puestos de trabajo en 6 de las 9 jur\u00eddicas que componen el grupo (Orange Espagne, OsFI, R-Telecable, Euskatel, Lorca y Xfera). Al haberse reconocido administrativamente como grupo laboral de empresas, se constituir\u00e1 una mesa \u00fanica de negociaci\u00f3n.<\/p>\n<p>UGT rechaza la medida, que ahonda en pol\u00edticas de destrucci\u00f3n de empleo bien formado, bien remunerado y que aporta riqueza y valor a\u00f1adido a la econom\u00eda de Espa\u00f1a. Una regulaci\u00f3n perniciosa que no ha querido ser corregida por ning\u00fan gobierno conduce a un c\u00edrculo vicioso de despidos colectivos.<\/p>\n<p>En cualquier caso y en caso de no ser retirado, UGT defender\u00e1 la voluntariedad total y un paquete Indemnizatorio y prejubilaciones similares a las firmadas en 2021 en Orange Espa\u00f1a.<\/p>\n<p>Rechazamos los planteamientos de aquellos que ven en este ERE la \u201cbuena nueva\u201d,\u00a0<strong>s\u00f3lo se puede plantear eso desde el m\u00e1s absoluto desconocimiento de lo que es un ERE, o porque nunca se han tenido que enfrentar a ello<\/strong>.<\/p>\n<p><strong>La destrucci\u00f3n de empleo es siempre,<\/strong>\u00a0<strong>SIEMPRE, un fracaso<\/strong>. M\u00e1xime viniendo de quienes dec\u00edan que este es un proyecto de crecimiento y que \u201c<em>aqu\u00ed no sobra nadie<\/em>\u201d. Y, a\u00fan m\u00e1s, con el verano que hemos sufrido lleno de despidos\u2026 \u00bfPara qu\u00e9? \u00bfQu\u00e9 sentido ten\u00edan?\u00a0<strong>NINGUNO<\/strong>.<\/p>\n<p>Un ERE es, adem\u00e1s, un\u00a0<strong>golpe dur\u00edsimo para los que se quedan, que tienen que asumir una enorme sobrecarga de trabajo, y una reorganizaci\u00f3n muy fuerte.<\/strong><\/p>\n<p>Quienes hemos sufrido y negociado EREs sabemos de lo que hablamos, y por ello\u00a0<strong>estamos en las ant\u00edpodas de quienes se felicitan por ello<\/strong>, cuando ni siquiera se saben las condiciones.<\/p>\n<ul>\n<li><strong>UGT<\/strong>\u00a0rechaza este ERE y trabajar\u00e1 para su retirada y buscar alternativas.<\/li>\n<li><strong>UGT<\/strong>\u00a0nunca va a aceptar un ERE que no vaya en la l\u00ednea de los firmados en el mundo\u00a0<strong>Orange<\/strong><\/li>\n<li><strong>UGT<\/strong>, si no es posible parar la medida, no s\u00f3lo trabajar\u00e1, como siempre, para poder obtener las mejores condiciones de salida potenciando prejubilaciones, sino\u00a0<strong>medidas y garant\u00edas que mejoren la vida de quienes sigan en la empresa<\/strong>.<\/li>\n<\/ul>\n<p>La fecha de constituci\u00f3n de mesa est\u00e1 prevista para el 17 de septiembre.<\/p>\n<p>La plantilla del grupo es de 4840 aprox y de los cifs afectados es de 4695 aprox.<\/p>\n","protected":false},"excerpt":{"rendered":"<p>Este 3 de septiembre de 2024, la direcci\u00f3n del Grupo Mas Orange ha presentado un ERE en el grupo. Tiene como objetivo una extinci\u00f3n m\u00e1xima de 795 puestos de trabajo en 6 de las 9 jur\u00eddicas que componen el grupo (Orange Espagne, OsFI, R-Telecable, Euskatel, Lorca y Xfera). Al haberse reconocido administrativamente como grupo laboral [&hellip;]<\/p>\n","protected":false},"author":8,"featured_media":1067201,"comment_status":"closed","ping_status":"closed","sticky":false,"template":"","format":"standard","meta":{"footnotes":""},"categories":[35],"tags":[],"class_list":["post-1067200","post","type-post","status-publish","format-standard","has-post-thumbnail","hentry","category-orange"],"yoast_head":"<!-- This site is optimized with the Yoast SEO Premium plugin v27.3 (Yoast SEO v27.4) - https:\/\/yoast.com\/product\/yoast-seo-premium-wordpress\/ -->\n<title>Masorange presenta un ERE que afectar\u00e1 a 795 personas trabajadoras. - UGT Comunicaciones<\/title>\n<meta name=\"robots\" content=\"index, follow, max-snippet:-1, max-image-preview:large, max-video-preview:-1\" \/>\n<link rel=\"canonical\" href=\"https:\/\/www.ugtcomunicaciones.es\/wordpress\/ere-masorange-2024\/\" \/>\n<meta property=\"og:locale\" content=\"es_ES\" \/>\n<meta property=\"og:type\" content=\"article\" \/>\n<meta property=\"og:title\" content=\"Masorange presenta un ERE que afectar\u00e1 a 795 personas trabajadoras.\" \/>\n<meta property=\"og:description\" content=\"Este 3 de septiembre de 2024, la direcci\u00f3n del Grupo Mas Orange ha presentado un ERE en el grupo. Tiene como objetivo una extinci\u00f3n m\u00e1xima de 795 puestos de trabajo en 6 de las 9 jur\u00eddicas que componen el grupo (Orange Espagne, OsFI, R-Telecable, Euskatel, Lorca y Xfera). Al haberse reconocido administrativamente como grupo laboral [&hellip;]\" \/>\n<meta property=\"og:url\" content=\"https:\/\/www.ugtcomunicaciones.es\/wordpress\/ere-masorange-2024\/\" \/>\n<meta property=\"og:site_name\" content=\"UGT Comunicaciones\" \/>\n<meta property=\"article:publisher\" content=\"https:\/\/www.facebook.com\/ugt.comunicaciones\/\" \/>\n<meta property=\"article:published_time\" content=\"2024-09-09T09:46:41+00:00\" \/>\n<meta property=\"og:image\" content=\"https:\/\/www.ugtcomunicaciones.es\/wordpress\/wp-content\/uploads\/2024\/09\/Diseno-sin-titulo-scaled.jpg\" \/>\n\t<meta property=\"og:image:width\" content=\"2560\" \/>\n\t<meta property=\"og:image:height\" content=\"1707\" \/>\n\t<meta property=\"og:image:type\" content=\"image\/jpeg\" \/>\n<meta name=\"author\" content=\"UGT\" \/>\n<meta name=\"twitter:card\" content=\"summary_large_image\" \/>\n<meta name=\"twitter:creator\" content=\"@ugtcom\" \/>\n<meta name=\"twitter:site\" content=\"@ugtcom\" \/>\n<meta name=\"twitter:label1\" content=\"Escrito por\" \/>\n\t<meta name=\"twitter:data1\" content=\"UGT\" \/>\n\t<meta name=\"twitter:label2\" content=\"Tiempo de lectura\" \/>\n\t<meta name=\"twitter:data2\" content=\"2 minutos\" \/>\n<script type=\"application\/ld+json\" class=\"yoast-schema-graph\">{\"@context\":\"https:\\\/\\\/schema.org\",\"@graph\":[{\"@type\":\"Article\",\"@id\":\"https:\\\/\\\/www.ugtcomunicaciones.es\\\/wordpress\\\/ere-masorange-2024\\\/#article\",\"isPartOf\":{\"@id\":\"https:\\\/\\\/www.ugtcomunicaciones.es\\\/wordpress\\\/ere-masorange-2024\\\/\"},\"author\":{\"name\":\"UGT\",\"@id\":\"https:\\\/\\\/www.ugtcomunicaciones.es\\\/wordpress\\\/#\\\/schema\\\/person\\\/c5832697c991fe71075d106bc70c9a23\"},\"headline\":\"Masorange presenta un ERE que afectar\u00e1 a 795 personas trabajadoras.\",\"datePublished\":\"2024-09-09T09:46:41+00:00\",\"mainEntityOfPage\":{\"@id\":\"https:\\\/\\\/www.ugtcomunicaciones.es\\\/wordpress\\\/ere-masorange-2024\\\/\"},\"wordCount\":412,\"publisher\":{\"@id\":\"https:\\\/\\\/www.ugtcomunicaciones.es\\\/wordpress\\\/#organization\"},\"image\":{\"@id\":\"https:\\\/\\\/www.ugtcomunicaciones.es\\\/wordpress\\\/ere-masorange-2024\\\/#primaryimage\"},\"thumbnailUrl\":\"https:\\\/\\\/www.ugtcomunicaciones.es\\\/wordpress\\\/wp-content\\\/uploads\\\/2024\\\/09\\\/Diseno-sin-titulo-scaled.jpg\",\"articleSection\":[\"Grupo MasOrange\"],\"inLanguage\":\"es\"},{\"@type\":\"WebPage\",\"@id\":\"https:\\\/\\\/www.ugtcomunicaciones.es\\\/wordpress\\\/ere-masorange-2024\\\/\",\"url\":\"https:\\\/\\\/www.ugtcomunicaciones.es\\\/wordpress\\\/ere-masorange-2024\\\/\",\"name\":\"Masorange presenta un ERE que afectar\u00e1 a 795 personas trabajadoras. - UGT Comunicaciones\",\"isPartOf\":{\"@id\":\"https:\\\/\\\/www.ugtcomunicaciones.es\\\/wordpress\\\/#website\"},\"primaryImageOfPage\":{\"@id\":\"https:\\\/\\\/www.ugtcomunicaciones.es\\\/wordpress\\\/ere-masorange-2024\\\/#primaryimage\"},\"image\":{\"@id\":\"https:\\\/\\\/www.ugtcomunicaciones.es\\\/wordpress\\\/ere-masorange-2024\\\/#primaryimage\"},\"thumbnailUrl\":\"https:\\\/\\\/www.ugtcomunicaciones.es\\\/wordpress\\\/wp-content\\\/uploads\\\/2024\\\/09\\\/Diseno-sin-titulo-scaled.jpg\",\"datePublished\":\"2024-09-09T09:46:41+00:00\",\"breadcrumb\":{\"@id\":\"https:\\\/\\\/www.ugtcomunicaciones.es\\\/wordpress\\\/ere-masorange-2024\\\/#breadcrumb\"},\"inLanguage\":\"es\",\"potentialAction\":[{\"@type\":\"ReadAction\",\"target\":[\"https:\\\/\\\/www.ugtcomunicaciones.es\\\/wordpress\\\/ere-masorange-2024\\\/\"]}]},{\"@type\":\"ImageObject\",\"inLanguage\":\"es\",\"@id\":\"https:\\\/\\\/www.ugtcomunicaciones.es\\\/wordpress\\\/ere-masorange-2024\\\/#primaryimage\",\"url\":\"https:\\\/\\\/www.ugtcomunicaciones.es\\\/wordpress\\\/wp-content\\\/uploads\\\/2024\\\/09\\\/Diseno-sin-titulo-scaled.jpg\",\"contentUrl\":\"https:\\\/\\\/www.ugtcomunicaciones.es\\\/wordpress\\\/wp-content\\\/uploads\\\/2024\\\/09\\\/Diseno-sin-titulo-scaled.jpg\",\"width\":2560,\"height\":1707},{\"@type\":\"BreadcrumbList\",\"@id\":\"https:\\\/\\\/www.ugtcomunicaciones.es\\\/wordpress\\\/ere-masorange-2024\\\/#breadcrumb\",\"itemListElement\":[{\"@type\":\"ListItem\",\"position\":1,\"name\":\"Portada\",\"item\":\"https:\\\/\\\/www.ugtcomunicaciones.es\\\/wordpress\\\/\"},{\"@type\":\"ListItem\",\"position\":2,\"name\":\"Masorange presenta un ERE que afectar\u00e1 a 795 personas trabajadoras.\"}]},{\"@type\":\"WebSite\",\"@id\":\"https:\\\/\\\/www.ugtcomunicaciones.es\\\/wordpress\\\/#website\",\"url\":\"https:\\\/\\\/www.ugtcomunicaciones.es\\\/wordpress\\\/\",\"name\":\"UGT Comunicaciones\",\"description\":\"Sindicato de Telecomunicaciones\",\"publisher\":{\"@id\":\"https:\\\/\\\/www.ugtcomunicaciones.es\\\/wordpress\\\/#organization\"},\"potentialAction\":[{\"@type\":\"SearchAction\",\"target\":{\"@type\":\"EntryPoint\",\"urlTemplate\":\"https:\\\/\\\/www.ugtcomunicaciones.es\\\/wordpress\\\/?s={search_term_string}\"},\"query-input\":{\"@type\":\"PropertyValueSpecification\",\"valueRequired\":true,\"valueName\":\"search_term_string\"}}],\"inLanguage\":\"es\"},{\"@type\":\"Organization\",\"@id\":\"https:\\\/\\\/www.ugtcomunicaciones.es\\\/wordpress\\\/#organization\",\"name\":\"UGT Comunicaciones\",\"url\":\"https:\\\/\\\/www.ugtcomunicaciones.es\\\/wordpress\\\/\",\"logo\":{\"@type\":\"ImageObject\",\"inLanguage\":\"es\",\"@id\":\"https:\\\/\\\/www.ugtcomunicaciones.es\\\/wordpress\\\/#\\\/schema\\\/logo\\\/image\\\/\",\"url\":\"https:\\\/\\\/www.ugtcomunicaciones.es\\\/wordpress\\\/wp-content\\\/uploads\\\/2024\\\/04\\\/comunicaciones_logo.png\",\"contentUrl\":\"https:\\\/\\\/www.ugtcomunicaciones.es\\\/wordpress\\\/wp-content\\\/uploads\\\/2024\\\/04\\\/comunicaciones_logo.png\",\"width\":298,\"height\":81,\"caption\":\"UGT Comunicaciones\"},\"image\":{\"@id\":\"https:\\\/\\\/www.ugtcomunicaciones.es\\\/wordpress\\\/#\\\/schema\\\/logo\\\/image\\\/\"},\"sameAs\":[\"https:\\\/\\\/www.facebook.com\\\/ugt.comunicaciones\\\/\",\"https:\\\/\\\/x.com\\\/ugtcom\"]},{\"@type\":\"Person\",\"@id\":\"https:\\\/\\\/www.ugtcomunicaciones.es\\\/wordpress\\\/#\\\/schema\\\/person\\\/c5832697c991fe71075d106bc70c9a23\",\"name\":\"UGT\",\"image\":{\"@type\":\"ImageObject\",\"inLanguage\":\"es\",\"@id\":\"https:\\\/\\\/secure.gravatar.com\\\/avatar\\\/dd1616245c7b0acc4a49731f0bd544f05506efa3993d3353b5c4141dbe80b813?s=96&d=mm&r=g\",\"url\":\"https:\\\/\\\/secure.gravatar.com\\\/avatar\\\/dd1616245c7b0acc4a49731f0bd544f05506efa3993d3353b5c4141dbe80b813?s=96&d=mm&r=g\",\"contentUrl\":\"https:\\\/\\\/secure.gravatar.com\\\/avatar\\\/dd1616245c7b0acc4a49731f0bd544f05506efa3993d3353b5c4141dbe80b813?s=96&d=mm&r=g\",\"caption\":\"UGT\"}}]}<\/script>\n<!-- \/ Yoast SEO Premium plugin. -->","yoast_head_json":{"title":"Masorange presenta un ERE que afectar\u00e1 a 795 personas trabajadoras. - UGT Comunicaciones","robots":{"index":"index","follow":"follow","max-snippet":"max-snippet:-1","max-image-preview":"max-image-preview:large","max-video-preview":"max-video-preview:-1"},"canonical":"https:\/\/www.ugtcomunicaciones.es\/wordpress\/ere-masorange-2024\/","og_locale":"es_ES","og_type":"article","og_title":"Masorange presenta un ERE que afectar\u00e1 a 795 personas trabajadoras.","og_description":"Este 3 de septiembre de 2024, la direcci\u00f3n del Grupo Mas Orange ha presentado un ERE en el grupo. Tiene como objetivo una extinci\u00f3n m\u00e1xima de 795 puestos de trabajo en 6 de las 9 jur\u00eddicas que componen el grupo (Orange Espagne, OsFI, R-Telecable, Euskatel, Lorca y Xfera). Al haberse reconocido administrativamente como grupo laboral [&hellip;]","og_url":"https:\/\/www.ugtcomunicaciones.es\/wordpress\/ere-masorange-2024\/","og_site_name":"UGT Comunicaciones","article_publisher":"https:\/\/www.facebook.com\/ugt.comunicaciones\/","article_published_time":"2024-09-09T09:46:41+00:00","og_image":[{"width":2560,"height":1707,"url":"https:\/\/www.ugtcomunicaciones.es\/wordpress\/wp-content\/uploads\/2024\/09\/Diseno-sin-titulo-scaled.jpg","type":"image\/jpeg"}],"author":"UGT","twitter_card":"summary_large_image","twitter_creator":"@ugtcom","twitter_site":"@ugtcom","twitter_misc":{"Escrito por":"UGT","Tiempo de lectura":"2 minutos"},"schema":{"@context":"https:\/\/schema.org","@graph":[{"@type":"Article","@id":"https:\/\/www.ugtcomunicaciones.es\/wordpress\/ere-masorange-2024\/#article","isPartOf":{"@id":"https:\/\/www.ugtcomunicaciones.es\/wordpress\/ere-masorange-2024\/"},"author":{"name":"UGT","@id":"https:\/\/www.ugtcomunicaciones.es\/wordpress\/#\/schema\/person\/c5832697c991fe71075d106bc70c9a23"},"headline":"Masorange presenta un ERE que afectar\u00e1 a 795 personas trabajadoras.","datePublished":"2024-09-09T09:46:41+00:00","mainEntityOfPage":{"@id":"https:\/\/www.ugtcomunicaciones.es\/wordpress\/ere-masorange-2024\/"},"wordCount":412,"publisher":{"@id":"https:\/\/www.ugtcomunicaciones.es\/wordpress\/#organization"},"image":{"@id":"https:\/\/www.ugtcomunicaciones.es\/wordpress\/ere-masorange-2024\/#primaryimage"},"thumbnailUrl":"https:\/\/www.ugtcomunicaciones.es\/wordpress\/wp-content\/uploads\/2024\/09\/Diseno-sin-titulo-scaled.jpg","articleSection":["Grupo MasOrange"],"inLanguage":"es"},{"@type":"WebPage","@id":"https:\/\/www.ugtcomunicaciones.es\/wordpress\/ere-masorange-2024\/","url":"https:\/\/www.ugtcomunicaciones.es\/wordpress\/ere-masorange-2024\/","name":"Masorange presenta un ERE que afectar\u00e1 a 795 personas trabajadoras. - UGT Comunicaciones","isPartOf":{"@id":"https:\/\/www.ugtcomunicaciones.es\/wordpress\/#website"},"primaryImageOfPage":{"@id":"https:\/\/www.ugtcomunicaciones.es\/wordpress\/ere-masorange-2024\/#primaryimage"},"image":{"@id":"https:\/\/www.ugtcomunicaciones.es\/wordpress\/ere-masorange-2024\/#primaryimage"},"thumbnailUrl":"https:\/\/www.ugtcomunicaciones.es\/wordpress\/wp-content\/uploads\/2024\/09\/Diseno-sin-titulo-scaled.jpg","datePublished":"2024-09-09T09:46:41+00:00","breadcrumb":{"@id":"https:\/\/www.ugtcomunicaciones.es\/wordpress\/ere-masorange-2024\/#breadcrumb"},"inLanguage":"es","potentialAction":[{"@type":"ReadAction","target":["https:\/\/www.ugtcomunicaciones.es\/wordpress\/ere-masorange-2024\/"]}]},{"@type":"ImageObject","inLanguage":"es","@id":"https:\/\/www.ugtcomunicaciones.es\/wordpress\/ere-masorange-2024\/#primaryimage","url":"https:\/\/www.ugtcomunicaciones.es\/wordpress\/wp-content\/uploads\/2024\/09\/Diseno-sin-titulo-scaled.jpg","contentUrl":"https:\/\/www.ugtcomunicaciones.es\/wordpress\/wp-content\/uploads\/2024\/09\/Diseno-sin-titulo-scaled.jpg","width":2560,"height":1707},{"@type":"BreadcrumbList","@id":"https:\/\/www.ugtcomunicaciones.es\/wordpress\/ere-masorange-2024\/#breadcrumb","itemListElement":[{"@type":"ListItem","position":1,"name":"Portada","item":"https:\/\/www.ugtcomunicaciones.es\/wordpress\/"},{"@type":"ListItem","position":2,"name":"Masorange presenta un ERE que afectar\u00e1 a 795 personas trabajadoras."}]},{"@type":"WebSite","@id":"https:\/\/www.ugtcomunicaciones.es\/wordpress\/#website","url":"https:\/\/www.ugtcomunicaciones.es\/wordpress\/","name":"UGT Comunicaciones","description":"Sindicato de Telecomunicaciones","publisher":{"@id":"https:\/\/www.ugtcomunicaciones.es\/wordpress\/#organization"},"potentialAction":[{"@type":"SearchAction","target":{"@type":"EntryPoint","urlTemplate":"https:\/\/www.ugtcomunicaciones.es\/wordpress\/?s={search_term_string}"},"query-input":{"@type":"PropertyValueSpecification","valueRequired":true,"valueName":"search_term_string"}}],"inLanguage":"es"},{"@type":"Organization","@id":"https:\/\/www.ugtcomunicaciones.es\/wordpress\/#organization","name":"UGT Comunicaciones","url":"https:\/\/www.ugtcomunicaciones.es\/wordpress\/","logo":{"@type":"ImageObject","inLanguage":"es","@id":"https:\/\/www.ugtcomunicaciones.es\/wordpress\/#\/schema\/logo\/image\/","url":"https:\/\/www.ugtcomunicaciones.es\/wordpress\/wp-content\/uploads\/2024\/04\/comunicaciones_logo.png","contentUrl":"https:\/\/www.ugtcomunicaciones.es\/wordpress\/wp-content\/uploads\/2024\/04\/comunicaciones_logo.png","width":298,"height":81,"caption":"UGT Comunicaciones"},"image":{"@id":"https:\/\/www.ugtcomunicaciones.es\/wordpress\/#\/schema\/logo\/image\/"},"sameAs":["https:\/\/www.facebook.com\/ugt.comunicaciones\/","https:\/\/x.com\/ugtcom"]},{"@type":"Person","@id":"https:\/\/www.ugtcomunicaciones.es\/wordpress\/#\/schema\/person\/c5832697c991fe71075d106bc70c9a23","name":"UGT","image":{"@type":"ImageObject","inLanguage":"es","@id":"https:\/\/secure.gravatar.com\/avatar\/dd1616245c7b0acc4a49731f0bd544f05506efa3993d3353b5c4141dbe80b813?s=96&d=mm&r=g","url":"https:\/\/secure.gravatar.com\/avatar\/dd1616245c7b0acc4a49731f0bd544f05506efa3993d3353b5c4141dbe80b813?s=96&d=mm&r=g","contentUrl":"https:\/\/secure.gravatar.com\/avatar\/dd1616245c7b0acc4a49731f0bd544f05506efa3993d3353b5c4141dbe80b813?s=96&d=mm&r=g","caption":"UGT"}}]}},"_links":{"self":[{"href":"https:\/\/www.ugtcomunicaciones.es\/wordpress\/wp-json\/wp\/v2\/posts\/1067200","targetHints":{"allow":["GET"]}}],"collection":[{"href":"https:\/\/www.ugtcomunicaciones.es\/wordpress\/wp-json\/wp\/v2\/posts"}],"about":[{"href":"https:\/\/www.ugtcomunicaciones.es\/wordpress\/wp-json\/wp\/v2\/types\/post"}],"author":[{"embeddable":true,"href":"https:\/\/www.ugtcomunicaciones.es\/wordpress\/wp-json\/wp\/v2\/users\/8"}],"replies":[{"embeddable":true,"href":"https:\/\/www.ugtcomunicaciones.es\/wordpress\/wp-json\/wp\/v2\/comments?post=1067200"}],"version-history":[{"count":2,"href":"https:\/\/www.ugtcomunicaciones.es\/wordpress\/wp-json\/wp\/v2\/posts\/1067200\/revisions"}],"predecessor-version":[{"id":1067203,"href":"https:\/\/www.ugtcomunicaciones.es\/wordpress\/wp-json\/wp\/v2\/posts\/1067200\/revisions\/1067203"}],"wp:featuredmedia":[{"embeddable":true,"href":"https:\/\/www.ugtcomunicaciones.es\/wordpress\/wp-json\/wp\/v2\/media\/1067201"}],"wp:attachment":[{"href":"https:\/\/www.ugtcomunicaciones.es\/wordpress\/wp-json\/wp\/v2\/media?parent=1067200"}],"wp:term":[{"taxonomy":"category","embeddable":true,"href":"https:\/\/www.ugtcomunicaciones.es\/wordpress\/wp-json\/wp\/v2\/categories?post=1067200"},{"taxonomy":"post_tag","embeddable":true,"href":"https:\/\/www.ugtcomunicaciones.es\/wordpress\/wp-json\/wp\/v2\/tags?post=1067200"}],"curies":[{"name":"wp","href":"https:\/\/api.w.org\/{rel}","templated":true}]}}