{"id":1067371,"date":"2024-12-04T06:30:53","date_gmt":"2024-12-04T04:30:53","guid":{"rendered":"https:\/\/www.ugtcomunicaciones.es\/wordpress\/?p=1067371"},"modified":"2024-12-04T14:32:12","modified_gmt":"2024-12-04T12:32:12","slug":"mercado-telecos-agosto-2024-movistar-gana-parque-en-todas-sus-lineas-de-negocio","status":"publish","type":"post","link":"https:\/\/www.ugtcomunicaciones.es\/wordpress\/mercado-telecos-agosto-2024-movistar-gana-parque-en-todas-sus-lineas-de-negocio\/","title":{"rendered":"Mercado Telecos agosto 2024: Movistar gana parque en todas sus l\u00edneas de negocio"},"content":{"rendered":"<p style=\"text-align: justify;\">Agosto nos ha deparado un hecho ya casi olvidado: Movistar firma un mes en donde ha crecido en todas sus l\u00edneas de negocio. Un hecho que casi replica Vodafone, que solo pincha en el segmento de telefon\u00eda fija.<\/p>\n<p style=\"text-align: justify;\"><strong>Panor\u00e1mica general<\/strong><\/p>\n<p style=\"text-align: justify;\">Aunque las proyecciones sean las mismas que en julio, el volumen si ha descendido ostensiblemente, como suele acontecer en un mes tan poco comercial como el de agosto.<\/p>\n<p style=\"text-align: justify;\"><strong><img decoding=\"async\" class=\"aligncenter wp-image-1067384 size-full lazyload\" data-src=\"https:\/\/www.ugtcomunicaciones.es\/wordpress\/wp-content\/uploads\/2024\/12\/Mercado_01.jpg\" alt=\"\" width=\"741\" height=\"321\" data-srcset=\"https:\/\/www.ugtcomunicaciones.es\/wordpress\/wp-content\/uploads\/2024\/12\/Mercado_01.jpg 741w, https:\/\/www.ugtcomunicaciones.es\/wordpress\/wp-content\/uploads\/2024\/12\/Mercado_01-300x130.jpg 300w, https:\/\/www.ugtcomunicaciones.es\/wordpress\/wp-content\/uploads\/2024\/12\/Mercado_01-640x277.jpg 640w, https:\/\/www.ugtcomunicaciones.es\/wordpress\/wp-content\/uploads\/2024\/12\/Mercado_01-681x295.jpg 681w\" data-sizes=\"(max-width: 741px) 100vw, 741px\" src=\"data:image\/svg+xml;base64,PHN2ZyB3aWR0aD0iMSIgaGVpZ2h0PSIxIiB4bWxucz0iaHR0cDovL3d3dy53My5vcmcvMjAwMC9zdmciPjwvc3ZnPg==\" style=\"--smush-placeholder-width: 741px; --smush-placeholder-aspect-ratio: 741\/321;\" \/><\/strong><\/p>\n<p style=\"text-align: justify;\"><strong>Mercado de banda ancha fija<\/strong><\/p>\n<ol style=\"text-align: justify;\">\n<li><strong> Comportamiento mensual BAF<\/strong><\/li>\n<\/ol>\n<p style=\"text-align: justify;\">Cuarto mes consecutivo con dificultades para M\u00e1sOrange. Vodafone mejora su rendimiento en su remontada de verano y las OMV son, simple y llanamente, inalcanzables para sus rivales.<\/p>\n<p style=\"text-align: justify;\"><img decoding=\"async\" class=\"aligncenter wp-image-1067383 size-full lazyload\" data-src=\"https:\/\/www.ugtcomunicaciones.es\/wordpress\/wp-content\/uploads\/2024\/12\/Mercado_02.jpg\" alt=\"\" width=\"633\" height=\"313\" data-srcset=\"https:\/\/www.ugtcomunicaciones.es\/wordpress\/wp-content\/uploads\/2024\/12\/Mercado_02.jpg 633w, https:\/\/www.ugtcomunicaciones.es\/wordpress\/wp-content\/uploads\/2024\/12\/Mercado_02-300x148.jpg 300w\" data-sizes=\"(max-width: 633px) 100vw, 633px\" src=\"data:image\/svg+xml;base64,PHN2ZyB3aWR0aD0iMSIgaGVpZ2h0PSIxIiB4bWxucz0iaHR0cDovL3d3dy53My5vcmcvMjAwMC9zdmciPjwvc3ZnPg==\" style=\"--smush-placeholder-width: 633px; --smush-placeholder-aspect-ratio: 633\/313;\" \/><\/p>\n<p style=\"text-align: justify;\">Cuotas de mercado: Como ya advert\u00edamos, las OMV a punto est\u00e1n de volver al 10%. Despu\u00e9s de varias adquisiciones cruzadas de operadoras, volvemos al punto de partida:<\/p>\n<p style=\"text-align: justify;\"><strong> <img decoding=\"async\" class=\"aligncenter wp-image-1067382 size-full lazyload\" data-src=\"https:\/\/www.ugtcomunicaciones.es\/wordpress\/wp-content\/uploads\/2024\/12\/Mercado_03.jpg\" alt=\"\" width=\"581\" height=\"291\" data-srcset=\"https:\/\/www.ugtcomunicaciones.es\/wordpress\/wp-content\/uploads\/2024\/12\/Mercado_03.jpg 581w, https:\/\/www.ugtcomunicaciones.es\/wordpress\/wp-content\/uploads\/2024\/12\/Mercado_03-300x150.jpg 300w\" data-sizes=\"(max-width: 581px) 100vw, 581px\" src=\"data:image\/svg+xml;base64,PHN2ZyB3aWR0aD0iMSIgaGVpZ2h0PSIxIiB4bWxucz0iaHR0cDovL3d3dy53My5vcmcvMjAwMC9zdmciPjwvc3ZnPg==\" style=\"--smush-placeholder-width: 581px; --smush-placeholder-aspect-ratio: 581\/291;\" \/><\/strong><\/p>\n<p style=\"text-align: justify;\"><strong>\u00a0<\/strong><strong>\u00a0<\/strong><\/p>\n<ol style=\"text-align: justify;\" start=\"2\">\n<li><strong> Comportamiento anual BAF<\/strong><\/li>\n<\/ol>\n<p style=\"text-align: justify;\">M\u00e1sOrange entra en tendencia negativa mientras Vodafone prosigue en su mejor\u00eda:<\/p>\n<p style=\"text-align: justify;\"><img decoding=\"async\" class=\"aligncenter wp-image-1067381 size-full lazyload\" data-src=\"https:\/\/www.ugtcomunicaciones.es\/wordpress\/wp-content\/uploads\/2024\/12\/Mercado_04.jpg\" alt=\"\" width=\"641\" height=\"412\" data-srcset=\"https:\/\/www.ugtcomunicaciones.es\/wordpress\/wp-content\/uploads\/2024\/12\/Mercado_04.jpg 641w, https:\/\/www.ugtcomunicaciones.es\/wordpress\/wp-content\/uploads\/2024\/12\/Mercado_04-300x194.jpg 300w, https:\/\/www.ugtcomunicaciones.es\/wordpress\/wp-content\/uploads\/2024\/12\/Mercado_04-341x220.jpg 341w\" data-sizes=\"(max-width: 641px) 100vw, 641px\" src=\"data:image\/svg+xml;base64,PHN2ZyB3aWR0aD0iMSIgaGVpZ2h0PSIxIiB4bWxucz0iaHR0cDovL3d3dy53My5vcmcvMjAwMC9zdmciPjwvc3ZnPg==\" style=\"--smush-placeholder-width: 641px; --smush-placeholder-aspect-ratio: 641\/412;\" \/><\/p>\n<p style=\"text-align: justify;\"><strong>Mercado de telefon\u00eda m\u00f3vil<\/strong><\/p>\n<ol style=\"text-align: justify;\">\n<li><strong> Comportamiento mensual BAM<\/strong><\/li>\n<\/ol>\n<p style=\"text-align: justify;\">Todas las operadoras desear\u00edan haber copiado julio, pero M+ se descuelga. Movistar rubrica su buena salud:<\/p>\n<p style=\"text-align: justify;\"><img decoding=\"async\" class=\"aligncenter wp-image-1067380 size-full lazyload\" data-src=\"https:\/\/www.ugtcomunicaciones.es\/wordpress\/wp-content\/uploads\/2024\/12\/Mercado_05.jpg\" alt=\"\" width=\"641\" height=\"278\" data-srcset=\"https:\/\/www.ugtcomunicaciones.es\/wordpress\/wp-content\/uploads\/2024\/12\/Mercado_05.jpg 641w, https:\/\/www.ugtcomunicaciones.es\/wordpress\/wp-content\/uploads\/2024\/12\/Mercado_05-300x130.jpg 300w\" data-sizes=\"(max-width: 641px) 100vw, 641px\" src=\"data:image\/svg+xml;base64,PHN2ZyB3aWR0aD0iMSIgaGVpZ2h0PSIxIiB4bWxucz0iaHR0cDovL3d3dy53My5vcmcvMjAwMC9zdmciPjwvc3ZnPg==\" style=\"--smush-placeholder-width: 641px; --smush-placeholder-aspect-ratio: 641\/278;\" \/><\/p>\n<p style=\"text-align: justify;\">Cuotas de mercado: M\u00e1sOrange vuelve a dejarse una d\u00e9cima, que la gana las OMV:<\/p>\n<p><img decoding=\"async\" class=\"aligncenter wp-image-1067379 size-full lazyload\" data-src=\"https:\/\/www.ugtcomunicaciones.es\/wordpress\/wp-content\/uploads\/2024\/12\/Mercado_06.jpg\" alt=\"\" width=\"582\" height=\"290\" data-srcset=\"https:\/\/www.ugtcomunicaciones.es\/wordpress\/wp-content\/uploads\/2024\/12\/Mercado_06.jpg 582w, https:\/\/www.ugtcomunicaciones.es\/wordpress\/wp-content\/uploads\/2024\/12\/Mercado_06-300x149.jpg 300w\" data-sizes=\"(max-width: 582px) 100vw, 582px\" src=\"data:image\/svg+xml;base64,PHN2ZyB3aWR0aD0iMSIgaGVpZ2h0PSIxIiB4bWxucz0iaHR0cDovL3d3dy53My5vcmcvMjAwMC9zdmciPjwvc3ZnPg==\" style=\"--smush-placeholder-width: 582px; --smush-placeholder-aspect-ratio: 582\/290;\" \/><\/p>\n<ol style=\"text-align: justify;\" start=\"2\">\n<li><strong> Comportamiento anual BAM<\/strong><\/li>\n<\/ol>\n<p style=\"text-align: justify;\">Movistar reduce a la mitad sus n\u00fameros rojos, mientras que O+, a pesar de sus leves p\u00e9rdidas, sigue a ritmo de +3,5% interanual:<\/p>\n<p style=\"text-align: justify;\"><strong> <img decoding=\"async\" class=\"aligncenter wp-image-1067378 size-full lazyload\" data-src=\"https:\/\/www.ugtcomunicaciones.es\/wordpress\/wp-content\/uploads\/2024\/12\/Mercado_07.jpg\" alt=\"\" width=\"643\" height=\"364\" data-srcset=\"https:\/\/www.ugtcomunicaciones.es\/wordpress\/wp-content\/uploads\/2024\/12\/Mercado_07.jpg 643w, https:\/\/www.ugtcomunicaciones.es\/wordpress\/wp-content\/uploads\/2024\/12\/Mercado_07-300x170.jpg 300w, https:\/\/www.ugtcomunicaciones.es\/wordpress\/wp-content\/uploads\/2024\/12\/Mercado_07-640x362.jpg 640w\" data-sizes=\"(max-width: 643px) 100vw, 643px\" src=\"data:image\/svg+xml;base64,PHN2ZyB3aWR0aD0iMSIgaGVpZ2h0PSIxIiB4bWxucz0iaHR0cDovL3d3dy53My5vcmcvMjAwMC9zdmciPjwvc3ZnPg==\" style=\"--smush-placeholder-width: 643px; --smush-placeholder-aspect-ratio: 643\/364;\" \/><\/strong><\/p>\n<ol style=\"text-align: justify;\" start=\"3\">\n<li><strong> Comportamiento mensual telefon\u00eda m\u00f3vil vocal<\/strong><\/li>\n<\/ol>\n<p style=\"text-align: justify;\">Como el julio, todas ganan parque, si bien se reducen las ganancias, salvo Movistar. Vodafone sobresale y M\u00e1sOrange se muestra algo m\u00e1s d\u00e9bil.<\/p>\n<p><img decoding=\"async\" class=\"aligncenter wp-image-1067377 size-full lazyload\" data-src=\"https:\/\/www.ugtcomunicaciones.es\/wordpress\/wp-content\/uploads\/2024\/12\/Mercado_08.jpg\" alt=\"\" width=\"627\" height=\"302\" data-srcset=\"https:\/\/www.ugtcomunicaciones.es\/wordpress\/wp-content\/uploads\/2024\/12\/Mercado_08.jpg 627w, https:\/\/www.ugtcomunicaciones.es\/wordpress\/wp-content\/uploads\/2024\/12\/Mercado_08-300x144.jpg 300w\" data-sizes=\"(max-width: 627px) 100vw, 627px\" src=\"data:image\/svg+xml;base64,PHN2ZyB3aWR0aD0iMSIgaGVpZ2h0PSIxIiB4bWxucz0iaHR0cDovL3d3dy53My5vcmcvMjAwMC9zdmciPjwvc3ZnPg==\" style=\"--smush-placeholder-width: 627px; --smush-placeholder-aspect-ratio: 627\/302;\" \/><\/p>\n<p style=\"text-align: justify;\">Cuotas de mercado: un mercado con 60 millones de l\u00edneas es dif\u00edcil que sufra variaciones en un mes de agosto.<\/p>\n<p style=\"text-align: justify;\"><strong> <img decoding=\"async\" class=\"aligncenter wp-image-1067376 size-full lazyload\" data-src=\"https:\/\/www.ugtcomunicaciones.es\/wordpress\/wp-content\/uploads\/2024\/12\/Mercado_09.jpg\" alt=\"\" width=\"582\" height=\"291\" data-srcset=\"https:\/\/www.ugtcomunicaciones.es\/wordpress\/wp-content\/uploads\/2024\/12\/Mercado_09.jpg 582w, https:\/\/www.ugtcomunicaciones.es\/wordpress\/wp-content\/uploads\/2024\/12\/Mercado_09-300x150.jpg 300w\" data-sizes=\"(max-width: 582px) 100vw, 582px\" src=\"data:image\/svg+xml;base64,PHN2ZyB3aWR0aD0iMSIgaGVpZ2h0PSIxIiB4bWxucz0iaHR0cDovL3d3dy53My5vcmcvMjAwMC9zdmciPjwvc3ZnPg==\" style=\"--smush-placeholder-width: 582px; --smush-placeholder-aspect-ratio: 582\/291;\" \/><\/strong><\/p>\n<p style=\"text-align: justify;\"><strong>\u00a0<\/strong><strong>\u00a0<\/strong><\/p>\n<ol style=\"text-align: justify;\" start=\"4\">\n<li><strong> Comportamiento anual telefon\u00eda m\u00f3vil vocal<\/strong><\/li>\n<\/ol>\n<p style=\"text-align: justify;\"><img decoding=\"async\" class=\"aligncenter wp-image-1067375 size-full lazyload\" data-src=\"https:\/\/www.ugtcomunicaciones.es\/wordpress\/wp-content\/uploads\/2024\/12\/Mercado_10.jpg\" alt=\"\" width=\"639\" height=\"396\" data-srcset=\"https:\/\/www.ugtcomunicaciones.es\/wordpress\/wp-content\/uploads\/2024\/12\/Mercado_10.jpg 639w, https:\/\/www.ugtcomunicaciones.es\/wordpress\/wp-content\/uploads\/2024\/12\/Mercado_10-300x186.jpg 300w\" data-sizes=\"(max-width: 639px) 100vw, 639px\" src=\"data:image\/svg+xml;base64,PHN2ZyB3aWR0aD0iMSIgaGVpZ2h0PSIxIiB4bWxucz0iaHR0cDovL3d3dy53My5vcmcvMjAwMC9zdmciPjwvc3ZnPg==\" style=\"--smush-placeholder-width: 639px; --smush-placeholder-aspect-ratio: 639\/396;\" \/><\/p>\n<p style=\"text-align: justify;\"><strong>Mercado de Telefon\u00eda Fija vocal<\/strong><\/p>\n<ol style=\"text-align: justify;\">\n<li><strong> Comportamiento mensual telefon\u00eda fija vocal<\/strong><\/li>\n<\/ol>\n<p style=\"text-align: justify;\">Movistar repite sus ganancias, efecto que solo pueden replicar las OMV.<\/p>\n<p style=\"text-align: justify;\"><img decoding=\"async\" class=\"aligncenter wp-image-1067374 size-full lazyload\" data-src=\"https:\/\/www.ugtcomunicaciones.es\/wordpress\/wp-content\/uploads\/2024\/12\/Mercado_11.jpg\" alt=\"\" width=\"630\" height=\"250\" data-srcset=\"https:\/\/www.ugtcomunicaciones.es\/wordpress\/wp-content\/uploads\/2024\/12\/Mercado_11.jpg 630w, https:\/\/www.ugtcomunicaciones.es\/wordpress\/wp-content\/uploads\/2024\/12\/Mercado_11-300x119.jpg 300w\" data-sizes=\"(max-width: 630px) 100vw, 630px\" src=\"data:image\/svg+xml;base64,PHN2ZyB3aWR0aD0iMSIgaGVpZ2h0PSIxIiB4bWxucz0iaHR0cDovL3d3dy53My5vcmcvMjAwMC9zdmciPjwvc3ZnPg==\" style=\"--smush-placeholder-width: 630px; --smush-placeholder-aspect-ratio: 630\/250;\" \/><\/p>\n<p style=\"text-align: justify;\">Cuotas de mercado en telefon\u00eda fija:<\/p>\n<p style=\"text-align: justify;\"><strong> <img decoding=\"async\" class=\"wp-image-1067373 size-full alignleft lazyload\" data-src=\"https:\/\/www.ugtcomunicaciones.es\/wordpress\/wp-content\/uploads\/2024\/12\/Mercado_12.jpg\" alt=\"\" width=\"581\" height=\"290\" data-srcset=\"https:\/\/www.ugtcomunicaciones.es\/wordpress\/wp-content\/uploads\/2024\/12\/Mercado_12.jpg 581w, https:\/\/www.ugtcomunicaciones.es\/wordpress\/wp-content\/uploads\/2024\/12\/Mercado_12-300x150.jpg 300w\" data-sizes=\"(max-width: 581px) 100vw, 581px\" src=\"data:image\/svg+xml;base64,PHN2ZyB3aWR0aD0iMSIgaGVpZ2h0PSIxIiB4bWxucz0iaHR0cDovL3d3dy53My5vcmcvMjAwMC9zdmciPjwvc3ZnPg==\" style=\"--smush-placeholder-width: 581px; --smush-placeholder-aspect-ratio: 581\/290;\" \/><\/strong><\/p>\n<p style=\"text-align: justify;\"><strong>\u00a0<\/strong><strong>\u00a0<\/strong><strong>\u00a0<\/strong><\/p>\n<p>&nbsp;<\/p>\n<p>&nbsp;<\/p>\n<p>&nbsp;<\/p>\n<p>&nbsp;<\/p>\n<p>&nbsp;<\/p>\n<p>&nbsp;<\/p>\n<ol style=\"text-align: justify;\" start=\"2\">\n<li><strong> Comportamiento anual telefon\u00eda fija vocal<\/strong><\/li>\n<\/ol>\n<p style=\"text-align: justify;\"><img decoding=\"async\" class=\"aligncenter wp-image-1067372 size-full lazyload\" data-src=\"https:\/\/www.ugtcomunicaciones.es\/wordpress\/wp-content\/uploads\/2024\/12\/Mercado_13.jpg\" alt=\"\" width=\"640\" height=\"406\" data-srcset=\"https:\/\/www.ugtcomunicaciones.es\/wordpress\/wp-content\/uploads\/2024\/12\/Mercado_13.jpg 640w, https:\/\/www.ugtcomunicaciones.es\/wordpress\/wp-content\/uploads\/2024\/12\/Mercado_13-300x190.jpg 300w\" data-sizes=\"(max-width: 640px) 100vw, 640px\" src=\"data:image\/svg+xml;base64,PHN2ZyB3aWR0aD0iMSIgaGVpZ2h0PSIxIiB4bWxucz0iaHR0cDovL3d3dy53My5vcmcvMjAwMC9zdmciPjwvc3ZnPg==\" style=\"--smush-placeholder-width: 640px; --smush-placeholder-aspect-ratio: 640\/406;\" \/><\/p>\n<h4 style=\"text-align: right;\"><span style=\"color: #ff0000;\"><strong>UGT<\/strong><\/span><strong> Comunicaciones<\/strong><\/h4>\n","protected":false},"excerpt":{"rendered":"<p>Agosto nos ha deparado un hecho ya casi olvidado: Movistar firma un mes en donde ha crecido en todas sus l\u00edneas de negocio. Un hecho que casi replica Vodafone, que solo pincha en el segmento de telefon\u00eda fija. Panor\u00e1mica general Aunque las proyecciones sean las mismas que en julio, el volumen si ha descendido ostensiblemente, [&hellip;]<\/p>\n","protected":false},"author":3,"featured_media":1067386,"comment_status":"closed","ping_status":"closed","sticky":false,"template":"","format":"standard","meta":{"footnotes":""},"categories":[13,12],"tags":[],"class_list":["post-1067371","post","type-post","status-publish","format-standard","has-post-thumbnail","hentry","category-mercado-comunicaciones","category-regulacion"],"yoast_head":"<!-- This site is optimized with the Yoast SEO Premium plugin v27.3 (Yoast SEO v27.4) - https:\/\/yoast.com\/product\/yoast-seo-premium-wordpress\/ -->\n<title>Mercado Telecos agosto 2024: Movistar gana parque en todas sus l\u00edneas de negocio - UGT Comunicaciones<\/title>\n<meta name=\"robots\" content=\"index, follow, max-snippet:-1, max-image-preview:large, max-video-preview:-1\" \/>\n<link rel=\"canonical\" href=\"https:\/\/www.ugtcomunicaciones.es\/wordpress\/mercado-telecos-agosto-2024-movistar-gana-parque-en-todas-sus-lineas-de-negocio\/\" \/>\n<meta property=\"og:locale\" content=\"es_ES\" \/>\n<meta property=\"og:type\" content=\"article\" \/>\n<meta property=\"og:title\" content=\"Mercado Telecos agosto 2024: Movistar gana parque en todas sus l\u00edneas de negocio\" \/>\n<meta property=\"og:description\" content=\"Agosto nos ha deparado un hecho ya casi olvidado: Movistar firma un mes en donde ha crecido en todas sus l\u00edneas de negocio. Un hecho que casi replica Vodafone, que solo pincha en el segmento de telefon\u00eda fija. Panor\u00e1mica general Aunque las proyecciones sean las mismas que en julio, el volumen si ha descendido ostensiblemente, [&hellip;]\" \/>\n<meta property=\"og:url\" content=\"https:\/\/www.ugtcomunicaciones.es\/wordpress\/mercado-telecos-agosto-2024-movistar-gana-parque-en-todas-sus-lineas-de-negocio\/\" \/>\n<meta property=\"og:site_name\" content=\"UGT Comunicaciones\" \/>\n<meta property=\"article:publisher\" content=\"https:\/\/www.facebook.com\/ugt.comunicaciones\/\" \/>\n<meta property=\"article:published_time\" content=\"2024-12-04T04:30:53+00:00\" \/>\n<meta property=\"article:modified_time\" content=\"2024-12-04T12:32:12+00:00\" \/>\n<meta property=\"og:image\" content=\"https:\/\/www.ugtcomunicaciones.es\/wordpress\/wp-content\/uploads\/2024\/12\/Mercado_14_1.jpg\" \/>\n\t<meta property=\"og:image:width\" content=\"600\" \/>\n\t<meta property=\"og:image:height\" content=\"400\" \/>\n\t<meta property=\"og:image:type\" content=\"image\/jpeg\" \/>\n<meta name=\"author\" content=\"UGT\" \/>\n<meta name=\"twitter:card\" content=\"summary_large_image\" \/>\n<meta name=\"twitter:creator\" content=\"@ugtcom\" \/>\n<meta name=\"twitter:site\" content=\"@ugtcom\" \/>\n<meta name=\"twitter:label1\" content=\"Escrito por\" \/>\n\t<meta name=\"twitter:data1\" content=\"UGT\" \/>\n\t<meta name=\"twitter:label2\" content=\"Tiempo de lectura\" \/>\n\t<meta name=\"twitter:data2\" content=\"5 minutos\" \/>\n<script type=\"application\/ld+json\" class=\"yoast-schema-graph\">{\"@context\":\"https:\\\/\\\/schema.org\",\"@graph\":[{\"@type\":\"Article\",\"@id\":\"https:\\\/\\\/www.ugtcomunicaciones.es\\\/wordpress\\\/mercado-telecos-agosto-2024-movistar-gana-parque-en-todas-sus-lineas-de-negocio\\\/#article\",\"isPartOf\":{\"@id\":\"https:\\\/\\\/www.ugtcomunicaciones.es\\\/wordpress\\\/mercado-telecos-agosto-2024-movistar-gana-parque-en-todas-sus-lineas-de-negocio\\\/\"},\"author\":{\"name\":\"UGT\",\"@id\":\"https:\\\/\\\/www.ugtcomunicaciones.es\\\/wordpress\\\/#\\\/schema\\\/person\\\/eba0fc3fe5b444531d94d4368cba89ed\"},\"headline\":\"Mercado Telecos agosto 2024: Movistar gana parque en todas sus l\u00edneas de negocio\",\"datePublished\":\"2024-12-04T04:30:53+00:00\",\"dateModified\":\"2024-12-04T12:32:12+00:00\",\"mainEntityOfPage\":{\"@id\":\"https:\\\/\\\/www.ugtcomunicaciones.es\\\/wordpress\\\/mercado-telecos-agosto-2024-movistar-gana-parque-en-todas-sus-lineas-de-negocio\\\/\"},\"wordCount\":339,\"publisher\":{\"@id\":\"https:\\\/\\\/www.ugtcomunicaciones.es\\\/wordpress\\\/#organization\"},\"image\":{\"@id\":\"https:\\\/\\\/www.ugtcomunicaciones.es\\\/wordpress\\\/mercado-telecos-agosto-2024-movistar-gana-parque-en-todas-sus-lineas-de-negocio\\\/#primaryimage\"},\"thumbnailUrl\":\"https:\\\/\\\/www.ugtcomunicaciones.es\\\/wordpress\\\/wp-content\\\/uploads\\\/2024\\\/12\\\/Mercado_14_1.jpg\",\"articleSection\":[\"Mercado Comunicaciones\",\"Regulaci\u00f3n\"],\"inLanguage\":\"es\"},{\"@type\":\"WebPage\",\"@id\":\"https:\\\/\\\/www.ugtcomunicaciones.es\\\/wordpress\\\/mercado-telecos-agosto-2024-movistar-gana-parque-en-todas-sus-lineas-de-negocio\\\/\",\"url\":\"https:\\\/\\\/www.ugtcomunicaciones.es\\\/wordpress\\\/mercado-telecos-agosto-2024-movistar-gana-parque-en-todas-sus-lineas-de-negocio\\\/\",\"name\":\"Mercado Telecos agosto 2024: Movistar gana parque en todas sus l\u00edneas de negocio - UGT Comunicaciones\",\"isPartOf\":{\"@id\":\"https:\\\/\\\/www.ugtcomunicaciones.es\\\/wordpress\\\/#website\"},\"primaryImageOfPage\":{\"@id\":\"https:\\\/\\\/www.ugtcomunicaciones.es\\\/wordpress\\\/mercado-telecos-agosto-2024-movistar-gana-parque-en-todas-sus-lineas-de-negocio\\\/#primaryimage\"},\"image\":{\"@id\":\"https:\\\/\\\/www.ugtcomunicaciones.es\\\/wordpress\\\/mercado-telecos-agosto-2024-movistar-gana-parque-en-todas-sus-lineas-de-negocio\\\/#primaryimage\"},\"thumbnailUrl\":\"https:\\\/\\\/www.ugtcomunicaciones.es\\\/wordpress\\\/wp-content\\\/uploads\\\/2024\\\/12\\\/Mercado_14_1.jpg\",\"datePublished\":\"2024-12-04T04:30:53+00:00\",\"dateModified\":\"2024-12-04T12:32:12+00:00\",\"breadcrumb\":{\"@id\":\"https:\\\/\\\/www.ugtcomunicaciones.es\\\/wordpress\\\/mercado-telecos-agosto-2024-movistar-gana-parque-en-todas-sus-lineas-de-negocio\\\/#breadcrumb\"},\"inLanguage\":\"es\",\"potentialAction\":[{\"@type\":\"ReadAction\",\"target\":[\"https:\\\/\\\/www.ugtcomunicaciones.es\\\/wordpress\\\/mercado-telecos-agosto-2024-movistar-gana-parque-en-todas-sus-lineas-de-negocio\\\/\"]}]},{\"@type\":\"ImageObject\",\"inLanguage\":\"es\",\"@id\":\"https:\\\/\\\/www.ugtcomunicaciones.es\\\/wordpress\\\/mercado-telecos-agosto-2024-movistar-gana-parque-en-todas-sus-lineas-de-negocio\\\/#primaryimage\",\"url\":\"https:\\\/\\\/www.ugtcomunicaciones.es\\\/wordpress\\\/wp-content\\\/uploads\\\/2024\\\/12\\\/Mercado_14_1.jpg\",\"contentUrl\":\"https:\\\/\\\/www.ugtcomunicaciones.es\\\/wordpress\\\/wp-content\\\/uploads\\\/2024\\\/12\\\/Mercado_14_1.jpg\",\"width\":600,\"height\":400,\"caption\":\"composite of hand using smartphone with graphics\"},{\"@type\":\"BreadcrumbList\",\"@id\":\"https:\\\/\\\/www.ugtcomunicaciones.es\\\/wordpress\\\/mercado-telecos-agosto-2024-movistar-gana-parque-en-todas-sus-lineas-de-negocio\\\/#breadcrumb\",\"itemListElement\":[{\"@type\":\"ListItem\",\"position\":1,\"name\":\"Portada\",\"item\":\"https:\\\/\\\/www.ugtcomunicaciones.es\\\/wordpress\\\/\"},{\"@type\":\"ListItem\",\"position\":2,\"name\":\"Mercado Telecos agosto 2024: Movistar gana parque en todas sus l\u00edneas de negocio\"}]},{\"@type\":\"WebSite\",\"@id\":\"https:\\\/\\\/www.ugtcomunicaciones.es\\\/wordpress\\\/#website\",\"url\":\"https:\\\/\\\/www.ugtcomunicaciones.es\\\/wordpress\\\/\",\"name\":\"UGT Comunicaciones\",\"description\":\"Sindicato de Telecomunicaciones\",\"publisher\":{\"@id\":\"https:\\\/\\\/www.ugtcomunicaciones.es\\\/wordpress\\\/#organization\"},\"potentialAction\":[{\"@type\":\"SearchAction\",\"target\":{\"@type\":\"EntryPoint\",\"urlTemplate\":\"https:\\\/\\\/www.ugtcomunicaciones.es\\\/wordpress\\\/?s={search_term_string}\"},\"query-input\":{\"@type\":\"PropertyValueSpecification\",\"valueRequired\":true,\"valueName\":\"search_term_string\"}}],\"inLanguage\":\"es\"},{\"@type\":\"Organization\",\"@id\":\"https:\\\/\\\/www.ugtcomunicaciones.es\\\/wordpress\\\/#organization\",\"name\":\"UGT Comunicaciones\",\"url\":\"https:\\\/\\\/www.ugtcomunicaciones.es\\\/wordpress\\\/\",\"logo\":{\"@type\":\"ImageObject\",\"inLanguage\":\"es\",\"@id\":\"https:\\\/\\\/www.ugtcomunicaciones.es\\\/wordpress\\\/#\\\/schema\\\/logo\\\/image\\\/\",\"url\":\"https:\\\/\\\/www.ugtcomunicaciones.es\\\/wordpress\\\/wp-content\\\/uploads\\\/2024\\\/04\\\/comunicaciones_logo.png\",\"contentUrl\":\"https:\\\/\\\/www.ugtcomunicaciones.es\\\/wordpress\\\/wp-content\\\/uploads\\\/2024\\\/04\\\/comunicaciones_logo.png\",\"width\":298,\"height\":81,\"caption\":\"UGT Comunicaciones\"},\"image\":{\"@id\":\"https:\\\/\\\/www.ugtcomunicaciones.es\\\/wordpress\\\/#\\\/schema\\\/logo\\\/image\\\/\"},\"sameAs\":[\"https:\\\/\\\/www.facebook.com\\\/ugt.comunicaciones\\\/\",\"https:\\\/\\\/x.com\\\/ugtcom\"]},{\"@type\":\"Person\",\"@id\":\"https:\\\/\\\/www.ugtcomunicaciones.es\\\/wordpress\\\/#\\\/schema\\\/person\\\/eba0fc3fe5b444531d94d4368cba89ed\",\"name\":\"UGT\",\"image\":{\"@type\":\"ImageObject\",\"inLanguage\":\"es\",\"@id\":\"https:\\\/\\\/secure.gravatar.com\\\/avatar\\\/2a16057d620a4c646bcfc171c4f23030879ebbdd346f0525bd5d4a564e57e13d?s=96&d=mm&r=g\",\"url\":\"https:\\\/\\\/secure.gravatar.com\\\/avatar\\\/2a16057d620a4c646bcfc171c4f23030879ebbdd346f0525bd5d4a564e57e13d?s=96&d=mm&r=g\",\"contentUrl\":\"https:\\\/\\\/secure.gravatar.com\\\/avatar\\\/2a16057d620a4c646bcfc171c4f23030879ebbdd346f0525bd5d4a564e57e13d?s=96&d=mm&r=g\",\"caption\":\"UGT\"}}]}<\/script>\n<!-- \/ Yoast SEO Premium plugin. -->","yoast_head_json":{"title":"Mercado Telecos agosto 2024: Movistar gana parque en todas sus l\u00edneas de negocio - UGT Comunicaciones","robots":{"index":"index","follow":"follow","max-snippet":"max-snippet:-1","max-image-preview":"max-image-preview:large","max-video-preview":"max-video-preview:-1"},"canonical":"https:\/\/www.ugtcomunicaciones.es\/wordpress\/mercado-telecos-agosto-2024-movistar-gana-parque-en-todas-sus-lineas-de-negocio\/","og_locale":"es_ES","og_type":"article","og_title":"Mercado Telecos agosto 2024: Movistar gana parque en todas sus l\u00edneas de negocio","og_description":"Agosto nos ha deparado un hecho ya casi olvidado: Movistar firma un mes en donde ha crecido en todas sus l\u00edneas de negocio. Un hecho que casi replica Vodafone, que solo pincha en el segmento de telefon\u00eda fija. Panor\u00e1mica general Aunque las proyecciones sean las mismas que en julio, el volumen si ha descendido ostensiblemente, [&hellip;]","og_url":"https:\/\/www.ugtcomunicaciones.es\/wordpress\/mercado-telecos-agosto-2024-movistar-gana-parque-en-todas-sus-lineas-de-negocio\/","og_site_name":"UGT Comunicaciones","article_publisher":"https:\/\/www.facebook.com\/ugt.comunicaciones\/","article_published_time":"2024-12-04T04:30:53+00:00","article_modified_time":"2024-12-04T12:32:12+00:00","og_image":[{"width":600,"height":400,"url":"https:\/\/www.ugtcomunicaciones.es\/wordpress\/wp-content\/uploads\/2024\/12\/Mercado_14_1.jpg","type":"image\/jpeg"}],"author":"UGT","twitter_card":"summary_large_image","twitter_creator":"@ugtcom","twitter_site":"@ugtcom","twitter_misc":{"Escrito por":"UGT","Tiempo de lectura":"5 minutos"},"schema":{"@context":"https:\/\/schema.org","@graph":[{"@type":"Article","@id":"https:\/\/www.ugtcomunicaciones.es\/wordpress\/mercado-telecos-agosto-2024-movistar-gana-parque-en-todas-sus-lineas-de-negocio\/#article","isPartOf":{"@id":"https:\/\/www.ugtcomunicaciones.es\/wordpress\/mercado-telecos-agosto-2024-movistar-gana-parque-en-todas-sus-lineas-de-negocio\/"},"author":{"name":"UGT","@id":"https:\/\/www.ugtcomunicaciones.es\/wordpress\/#\/schema\/person\/eba0fc3fe5b444531d94d4368cba89ed"},"headline":"Mercado Telecos agosto 2024: Movistar gana parque en todas sus l\u00edneas de negocio","datePublished":"2024-12-04T04:30:53+00:00","dateModified":"2024-12-04T12:32:12+00:00","mainEntityOfPage":{"@id":"https:\/\/www.ugtcomunicaciones.es\/wordpress\/mercado-telecos-agosto-2024-movistar-gana-parque-en-todas-sus-lineas-de-negocio\/"},"wordCount":339,"publisher":{"@id":"https:\/\/www.ugtcomunicaciones.es\/wordpress\/#organization"},"image":{"@id":"https:\/\/www.ugtcomunicaciones.es\/wordpress\/mercado-telecos-agosto-2024-movistar-gana-parque-en-todas-sus-lineas-de-negocio\/#primaryimage"},"thumbnailUrl":"https:\/\/www.ugtcomunicaciones.es\/wordpress\/wp-content\/uploads\/2024\/12\/Mercado_14_1.jpg","articleSection":["Mercado Comunicaciones","Regulaci\u00f3n"],"inLanguage":"es"},{"@type":"WebPage","@id":"https:\/\/www.ugtcomunicaciones.es\/wordpress\/mercado-telecos-agosto-2024-movistar-gana-parque-en-todas-sus-lineas-de-negocio\/","url":"https:\/\/www.ugtcomunicaciones.es\/wordpress\/mercado-telecos-agosto-2024-movistar-gana-parque-en-todas-sus-lineas-de-negocio\/","name":"Mercado Telecos agosto 2024: Movistar gana parque en todas sus l\u00edneas de negocio - UGT Comunicaciones","isPartOf":{"@id":"https:\/\/www.ugtcomunicaciones.es\/wordpress\/#website"},"primaryImageOfPage":{"@id":"https:\/\/www.ugtcomunicaciones.es\/wordpress\/mercado-telecos-agosto-2024-movistar-gana-parque-en-todas-sus-lineas-de-negocio\/#primaryimage"},"image":{"@id":"https:\/\/www.ugtcomunicaciones.es\/wordpress\/mercado-telecos-agosto-2024-movistar-gana-parque-en-todas-sus-lineas-de-negocio\/#primaryimage"},"thumbnailUrl":"https:\/\/www.ugtcomunicaciones.es\/wordpress\/wp-content\/uploads\/2024\/12\/Mercado_14_1.jpg","datePublished":"2024-12-04T04:30:53+00:00","dateModified":"2024-12-04T12:32:12+00:00","breadcrumb":{"@id":"https:\/\/www.ugtcomunicaciones.es\/wordpress\/mercado-telecos-agosto-2024-movistar-gana-parque-en-todas-sus-lineas-de-negocio\/#breadcrumb"},"inLanguage":"es","potentialAction":[{"@type":"ReadAction","target":["https:\/\/www.ugtcomunicaciones.es\/wordpress\/mercado-telecos-agosto-2024-movistar-gana-parque-en-todas-sus-lineas-de-negocio\/"]}]},{"@type":"ImageObject","inLanguage":"es","@id":"https:\/\/www.ugtcomunicaciones.es\/wordpress\/mercado-telecos-agosto-2024-movistar-gana-parque-en-todas-sus-lineas-de-negocio\/#primaryimage","url":"https:\/\/www.ugtcomunicaciones.es\/wordpress\/wp-content\/uploads\/2024\/12\/Mercado_14_1.jpg","contentUrl":"https:\/\/www.ugtcomunicaciones.es\/wordpress\/wp-content\/uploads\/2024\/12\/Mercado_14_1.jpg","width":600,"height":400,"caption":"composite of hand using smartphone with graphics"},{"@type":"BreadcrumbList","@id":"https:\/\/www.ugtcomunicaciones.es\/wordpress\/mercado-telecos-agosto-2024-movistar-gana-parque-en-todas-sus-lineas-de-negocio\/#breadcrumb","itemListElement":[{"@type":"ListItem","position":1,"name":"Portada","item":"https:\/\/www.ugtcomunicaciones.es\/wordpress\/"},{"@type":"ListItem","position":2,"name":"Mercado Telecos agosto 2024: Movistar gana parque en todas sus l\u00edneas de negocio"}]},{"@type":"WebSite","@id":"https:\/\/www.ugtcomunicaciones.es\/wordpress\/#website","url":"https:\/\/www.ugtcomunicaciones.es\/wordpress\/","name":"UGT Comunicaciones","description":"Sindicato de Telecomunicaciones","publisher":{"@id":"https:\/\/www.ugtcomunicaciones.es\/wordpress\/#organization"},"potentialAction":[{"@type":"SearchAction","target":{"@type":"EntryPoint","urlTemplate":"https:\/\/www.ugtcomunicaciones.es\/wordpress\/?s={search_term_string}"},"query-input":{"@type":"PropertyValueSpecification","valueRequired":true,"valueName":"search_term_string"}}],"inLanguage":"es"},{"@type":"Organization","@id":"https:\/\/www.ugtcomunicaciones.es\/wordpress\/#organization","name":"UGT Comunicaciones","url":"https:\/\/www.ugtcomunicaciones.es\/wordpress\/","logo":{"@type":"ImageObject","inLanguage":"es","@id":"https:\/\/www.ugtcomunicaciones.es\/wordpress\/#\/schema\/logo\/image\/","url":"https:\/\/www.ugtcomunicaciones.es\/wordpress\/wp-content\/uploads\/2024\/04\/comunicaciones_logo.png","contentUrl":"https:\/\/www.ugtcomunicaciones.es\/wordpress\/wp-content\/uploads\/2024\/04\/comunicaciones_logo.png","width":298,"height":81,"caption":"UGT Comunicaciones"},"image":{"@id":"https:\/\/www.ugtcomunicaciones.es\/wordpress\/#\/schema\/logo\/image\/"},"sameAs":["https:\/\/www.facebook.com\/ugt.comunicaciones\/","https:\/\/x.com\/ugtcom"]},{"@type":"Person","@id":"https:\/\/www.ugtcomunicaciones.es\/wordpress\/#\/schema\/person\/eba0fc3fe5b444531d94d4368cba89ed","name":"UGT","image":{"@type":"ImageObject","inLanguage":"es","@id":"https:\/\/secure.gravatar.com\/avatar\/2a16057d620a4c646bcfc171c4f23030879ebbdd346f0525bd5d4a564e57e13d?s=96&d=mm&r=g","url":"https:\/\/secure.gravatar.com\/avatar\/2a16057d620a4c646bcfc171c4f23030879ebbdd346f0525bd5d4a564e57e13d?s=96&d=mm&r=g","contentUrl":"https:\/\/secure.gravatar.com\/avatar\/2a16057d620a4c646bcfc171c4f23030879ebbdd346f0525bd5d4a564e57e13d?s=96&d=mm&r=g","caption":"UGT"}}]}},"_links":{"self":[{"href":"https:\/\/www.ugtcomunicaciones.es\/wordpress\/wp-json\/wp\/v2\/posts\/1067371","targetHints":{"allow":["GET"]}}],"collection":[{"href":"https:\/\/www.ugtcomunicaciones.es\/wordpress\/wp-json\/wp\/v2\/posts"}],"about":[{"href":"https:\/\/www.ugtcomunicaciones.es\/wordpress\/wp-json\/wp\/v2\/types\/post"}],"author":[{"embeddable":true,"href":"https:\/\/www.ugtcomunicaciones.es\/wordpress\/wp-json\/wp\/v2\/users\/3"}],"replies":[{"embeddable":true,"href":"https:\/\/www.ugtcomunicaciones.es\/wordpress\/wp-json\/wp\/v2\/comments?post=1067371"}],"version-history":[{"count":3,"href":"https:\/\/www.ugtcomunicaciones.es\/wordpress\/wp-json\/wp\/v2\/posts\/1067371\/revisions"}],"predecessor-version":[{"id":1067387,"href":"https:\/\/www.ugtcomunicaciones.es\/wordpress\/wp-json\/wp\/v2\/posts\/1067371\/revisions\/1067387"}],"wp:featuredmedia":[{"embeddable":true,"href":"https:\/\/www.ugtcomunicaciones.es\/wordpress\/wp-json\/wp\/v2\/media\/1067386"}],"wp:attachment":[{"href":"https:\/\/www.ugtcomunicaciones.es\/wordpress\/wp-json\/wp\/v2\/media?parent=1067371"}],"wp:term":[{"taxonomy":"category","embeddable":true,"href":"https:\/\/www.ugtcomunicaciones.es\/wordpress\/wp-json\/wp\/v2\/categories?post=1067371"},{"taxonomy":"post_tag","embeddable":true,"href":"https:\/\/www.ugtcomunicaciones.es\/wordpress\/wp-json\/wp\/v2\/tags?post=1067371"}],"curies":[{"name":"wp","href":"https:\/\/api.w.org\/{rel}","templated":true}]}}