{"id":1067527,"date":"2025-02-03T06:00:21","date_gmt":"2025-02-03T05:00:21","guid":{"rendered":"https:\/\/www.ugtcomunicaciones.es\/wordpress\/?p=1067527"},"modified":"2025-01-28T12:50:50","modified_gmt":"2025-01-28T11:50:50","slug":"el-coste-del-servicio-universal-es-ya-20-veces-menor-que-hace-dos-decadas","status":"publish","type":"post","link":"https:\/\/www.ugtcomunicaciones.es\/wordpress\/el-coste-del-servicio-universal-es-ya-20-veces-menor-que-hace-dos-decadas\/","title":{"rendered":"El coste del servicio universal es ya 20 veces menor que hace dos d\u00e9cadas"},"content":{"rendered":"<p style=\"text-align: justify;\">La prestaci\u00f3n del Servicio Universal ha sido un aspecto sectorial que siempre ha acaparado la atenci\u00f3n de UGT, hasta el punto de ser objeto de un estudio pionero en la materia, all\u00e1 por finales de <a href=\"https:\/\/www.fesmcugt.org\/app\/uploads\/archivo\/sites\/16\/2019\/06\/servicio_universal.pdf\" target=\"_blank\" rel=\"noopener\">2012<\/a>.<\/p>\n<p style=\"text-align: justify;\">El objetivo primigenio del Servicio Universal (garantizar a cualquier ciudadano, con independencia de donde resida, una conexi\u00f3n a Internet y una <a href=\"https:\/\/www.cnmc.es\/ambitos-de-actuacion\/telecomunicaciones\/servicio-universal-contabilidad-regulatoria\" target=\"_blank\" rel=\"noopener\">conexi\u00f3n vocal fija<\/a>) est\u00e1 hoy claramente desfasado. En un pa\u00eds donde la conexi\u00f3n a Internet es pr\u00e1cticamente <a href=\"https:\/\/www.ugtcomunicaciones.es\/wordpress\/1067108-2\/\" target=\"_blank\" rel=\"noopener\">universal<\/a>\u00a0\u2013 sea por red fija, m\u00f3vil o satelital- las preocupaciones por la integraci\u00f3n digital de la ciudadan\u00eda se centran en otros aspectos, como las <a href=\"https:\/\/www.ugtcomunicaciones.es\/wordpress\/todavia-queda-mucho-camino-para-acabar-con-la-gran-brecha-digital-que-tiene-espana\/\" target=\"_blank\" rel=\"noopener\">competencia tecnol\u00f3gicas<\/a>\u00a0-a diferencia del <a href=\"https:\/\/www.ugtcomunicaciones.es\/wordpress\/mientras-espana-roza-el-internet-universal-eeuu-lo-buscara-en-2030\/\" target=\"_blank\" rel=\"noopener\">resto del mundo<\/a>-.<\/p>\n<p style=\"text-align: justify;\">Las consecuencias de esta fort\u00edsima expansi\u00f3n de las redes fijas de nueva generaci\u00f3n tambien afectan a la financiaci\u00f3n de esta protecci\u00f3n social, redundando en una exponencial reducci\u00f3n de sus costes. As\u00ed, si en 2001 el coste neto del Servicio Universal superaba los 181 millones de euros, en 2021 no alcanza los 9. Se trata de una reducci\u00f3n de 20 veces en dos d\u00e9cadas:<\/p>\n<p><img decoding=\"async\" class=\"aligncenter wp-image-1067531 size-full lazyload\" data-src=\"https:\/\/www.ugtcomunicaciones.es\/wordpress\/wp-content\/uploads\/2025\/02\/Coste_01.jpg\" alt=\"\" width=\"649\" height=\"335\" data-srcset=\"https:\/\/www.ugtcomunicaciones.es\/wordpress\/wp-content\/uploads\/2025\/02\/Coste_01.jpg 649w, https:\/\/www.ugtcomunicaciones.es\/wordpress\/wp-content\/uploads\/2025\/02\/Coste_01-300x155.jpg 300w, https:\/\/www.ugtcomunicaciones.es\/wordpress\/wp-content\/uploads\/2025\/02\/Coste_01-640x330.jpg 640w\" data-sizes=\"(max-width: 649px) 100vw, 649px\" src=\"data:image\/svg+xml;base64,PHN2ZyB3aWR0aD0iMSIgaGVpZ2h0PSIxIiB4bWxucz0iaHR0cDovL3d3dy53My5vcmcvMjAwMC9zdmciPjwvc3ZnPg==\" style=\"--smush-placeholder-width: 649px; --smush-placeholder-aspect-ratio: 649\/335;\" \/><\/p>\n<p style=\"text-align: justify;\">Tal y como explica la <a href=\"https:\/\/www.cnmc.es\/prensa\/servicio-universal-21-20240718\" target=\"_blank\" rel=\"noopener\">CNMC<\/a>, Telef\u00f3nica prest\u00f3 el servicio universal en 2021, que00 inclu\u00eda:<\/p>\n<ul style=\"text-align: justify;\">\n<li>La conexi\u00f3n a la red desde una ubicaci\u00f3n fija, el servicio telef\u00f3nico y la conectividad a internet a 1 Mb\/s en zonas no rentables.<\/li>\n<li>Las prestaciones a usuarios con discapacidad (por ejemplo, facturas en Braille).<\/li>\n<li>Los servicios de conexi\u00f3n y de telefon\u00eda a precios asequibles a jubilados y pensionistas con una renta baja (usuarios con tarifas especiales; la principal partida de este componente es el abono social).<\/li>\n<li>El servicio de cabinas.<\/li>\n<\/ul>\n<p style=\"text-align: justify;\">Para calcular dicho coste neto, se restan beneficios no monetarios y las subvenciones vinculadas a servicios que forman parte del servicio universal y se determina, finalmente, que existe <em>\u201cuna carga injusta para Telef\u00f3nica de Espa\u00f1a, S.A.U como consecuencia de la obligaci\u00f3n de prestaci\u00f3n del servicio universal en el ejercicio 2021\u201d<\/em>, <a href=\"https:\/\/www.cnmc.es\/expedientes\/sudtsa01023\" target=\"_blank\" rel=\"noopener\">quedando as\u00ed<\/a>:<\/p>\n<p><img decoding=\"async\" class=\"aligncenter wp-image-1067532 size-full lazyload\" data-src=\"https:\/\/www.ugtcomunicaciones.es\/wordpress\/wp-content\/uploads\/2025\/02\/Coste_02.jpg\" alt=\"\" width=\"643\" height=\"232\" data-srcset=\"https:\/\/www.ugtcomunicaciones.es\/wordpress\/wp-content\/uploads\/2025\/02\/Coste_02.jpg 643w, https:\/\/www.ugtcomunicaciones.es\/wordpress\/wp-content\/uploads\/2025\/02\/Coste_02-300x108.jpg 300w, https:\/\/www.ugtcomunicaciones.es\/wordpress\/wp-content\/uploads\/2025\/02\/Coste_02-640x232.jpg 640w\" data-sizes=\"(max-width: 643px) 100vw, 643px\" src=\"data:image\/svg+xml;base64,PHN2ZyB3aWR0aD0iMSIgaGVpZ2h0PSIxIiB4bWxucz0iaHR0cDovL3d3dy53My5vcmcvMjAwMC9zdmciPjwvc3ZnPg==\" style=\"--smush-placeholder-width: 643px; --smush-placeholder-aspect-ratio: 643\/232;\" \/><\/p>\n<p style=\"text-align: justify;\">Como en ocasiones <a href=\"https:\/\/www.ugtcomunicaciones.es\/wordpress\/los-mismos-20-operadores-sufragaran-el-servicio-universal\/\" target=\"_blank\" rel=\"noopener\">anteriores<\/a>, esta cantidad se repartir\u00e1 pr\u00f3ximamente entre los operadores de telecomunicaciones con ingresos anuales superiores a 100 millones de euros en el a\u00f1o 2021.<\/p>\n<h4 style=\"text-align: right;\"><span style=\"color: #ff0000;\"><strong>UGT<\/strong><\/span><strong> Comunicaciones<\/strong><\/h4>\n<p><a href=\"#_ftnref1\" name=\"_ftn1\"><\/a><a href=\"#_ftnref3\" name=\"_ftn3\"><\/a><\/p>\n","protected":false},"excerpt":{"rendered":"<p>La prestaci\u00f3n del Servicio Universal ha sido un aspecto sectorial que siempre ha acaparado la atenci\u00f3n de UGT, hasta el punto de ser objeto de un estudio pionero en la materia, all\u00e1 por finales de 2012. El objetivo primigenio del Servicio Universal (garantizar a cualquier ciudadano, con independencia de donde resida, una conexi\u00f3n a Internet [&hellip;]<\/p>\n","protected":false},"author":3,"featured_media":1067533,"comment_status":"closed","ping_status":"closed","sticky":false,"template":"","format":"standard","meta":{"footnotes":""},"categories":[14,12],"tags":[],"class_list":["post-1067527","post","type-post","status-publish","format-standard","has-post-thumbnail","hentry","category-opinion","category-regulacion"],"yoast_head":"<!-- This site is optimized with the Yoast SEO Premium plugin v27.3 (Yoast SEO v27.4) - https:\/\/yoast.com\/product\/yoast-seo-premium-wordpress\/ -->\n<title>El coste del servicio universal es ya 20 veces menor que hace dos d\u00e9cadas - UGT Comunicaciones<\/title>\n<meta name=\"robots\" content=\"index, follow, max-snippet:-1, max-image-preview:large, max-video-preview:-1\" \/>\n<link rel=\"canonical\" href=\"https:\/\/www.ugtcomunicaciones.es\/wordpress\/el-coste-del-servicio-universal-es-ya-20-veces-menor-que-hace-dos-decadas\/\" \/>\n<meta property=\"og:locale\" content=\"es_ES\" \/>\n<meta property=\"og:type\" content=\"article\" \/>\n<meta property=\"og:title\" content=\"El coste del servicio universal es ya 20 veces menor que hace dos d\u00e9cadas\" \/>\n<meta property=\"og:description\" content=\"La prestaci\u00f3n del Servicio Universal ha sido un aspecto sectorial que siempre ha acaparado la atenci\u00f3n de UGT, hasta el punto de ser objeto de un estudio pionero en la materia, all\u00e1 por finales de 2012. El objetivo primigenio del Servicio Universal (garantizar a cualquier ciudadano, con independencia de donde resida, una conexi\u00f3n a Internet [&hellip;]\" \/>\n<meta property=\"og:url\" content=\"https:\/\/www.ugtcomunicaciones.es\/wordpress\/el-coste-del-servicio-universal-es-ya-20-veces-menor-que-hace-dos-decadas\/\" \/>\n<meta property=\"og:site_name\" content=\"UGT Comunicaciones\" \/>\n<meta property=\"article:publisher\" content=\"https:\/\/www.facebook.com\/ugt.comunicaciones\/\" \/>\n<meta property=\"article:published_time\" content=\"2025-02-03T05:00:21+00:00\" \/>\n<meta property=\"og:image\" content=\"https:\/\/www.ugtcomunicaciones.es\/wordpress\/wp-content\/uploads\/2025\/02\/Coste_03.jpg\" \/>\n\t<meta property=\"og:image:width\" content=\"600\" \/>\n\t<meta property=\"og:image:height\" content=\"400\" \/>\n\t<meta property=\"og:image:type\" content=\"image\/jpeg\" \/>\n<meta name=\"author\" content=\"UGT\" \/>\n<meta name=\"twitter:card\" content=\"summary_large_image\" \/>\n<meta name=\"twitter:creator\" content=\"@ugtcom\" \/>\n<meta name=\"twitter:site\" content=\"@ugtcom\" \/>\n<meta name=\"twitter:label1\" content=\"Escrito por\" \/>\n\t<meta name=\"twitter:data1\" content=\"UGT\" \/>\n\t<meta name=\"twitter:label2\" content=\"Tiempo de lectura\" \/>\n\t<meta name=\"twitter:data2\" content=\"3 minutos\" \/>\n<script type=\"application\/ld+json\" class=\"yoast-schema-graph\">{\"@context\":\"https:\\\/\\\/schema.org\",\"@graph\":[{\"@type\":\"Article\",\"@id\":\"https:\\\/\\\/www.ugtcomunicaciones.es\\\/wordpress\\\/el-coste-del-servicio-universal-es-ya-20-veces-menor-que-hace-dos-decadas\\\/#article\",\"isPartOf\":{\"@id\":\"https:\\\/\\\/www.ugtcomunicaciones.es\\\/wordpress\\\/el-coste-del-servicio-universal-es-ya-20-veces-menor-que-hace-dos-decadas\\\/\"},\"author\":{\"name\":\"UGT\",\"@id\":\"https:\\\/\\\/www.ugtcomunicaciones.es\\\/wordpress\\\/#\\\/schema\\\/person\\\/eba0fc3fe5b444531d94d4368cba89ed\"},\"headline\":\"El coste del servicio universal es ya 20 veces menor que hace dos d\u00e9cadas\",\"datePublished\":\"2025-02-03T05:00:21+00:00\",\"mainEntityOfPage\":{\"@id\":\"https:\\\/\\\/www.ugtcomunicaciones.es\\\/wordpress\\\/el-coste-del-servicio-universal-es-ya-20-veces-menor-que-hace-dos-decadas\\\/\"},\"wordCount\":374,\"publisher\":{\"@id\":\"https:\\\/\\\/www.ugtcomunicaciones.es\\\/wordpress\\\/#organization\"},\"image\":{\"@id\":\"https:\\\/\\\/www.ugtcomunicaciones.es\\\/wordpress\\\/el-coste-del-servicio-universal-es-ya-20-veces-menor-que-hace-dos-decadas\\\/#primaryimage\"},\"thumbnailUrl\":\"https:\\\/\\\/www.ugtcomunicaciones.es\\\/wordpress\\\/wp-content\\\/uploads\\\/2025\\\/02\\\/Coste_03.jpg\",\"articleSection\":[\"Opini\u00f3n\",\"Regulaci\u00f3n\"],\"inLanguage\":\"es\"},{\"@type\":\"WebPage\",\"@id\":\"https:\\\/\\\/www.ugtcomunicaciones.es\\\/wordpress\\\/el-coste-del-servicio-universal-es-ya-20-veces-menor-que-hace-dos-decadas\\\/\",\"url\":\"https:\\\/\\\/www.ugtcomunicaciones.es\\\/wordpress\\\/el-coste-del-servicio-universal-es-ya-20-veces-menor-que-hace-dos-decadas\\\/\",\"name\":\"El coste del servicio universal es ya 20 veces menor que hace dos d\u00e9cadas - UGT Comunicaciones\",\"isPartOf\":{\"@id\":\"https:\\\/\\\/www.ugtcomunicaciones.es\\\/wordpress\\\/#website\"},\"primaryImageOfPage\":{\"@id\":\"https:\\\/\\\/www.ugtcomunicaciones.es\\\/wordpress\\\/el-coste-del-servicio-universal-es-ya-20-veces-menor-que-hace-dos-decadas\\\/#primaryimage\"},\"image\":{\"@id\":\"https:\\\/\\\/www.ugtcomunicaciones.es\\\/wordpress\\\/el-coste-del-servicio-universal-es-ya-20-veces-menor-que-hace-dos-decadas\\\/#primaryimage\"},\"thumbnailUrl\":\"https:\\\/\\\/www.ugtcomunicaciones.es\\\/wordpress\\\/wp-content\\\/uploads\\\/2025\\\/02\\\/Coste_03.jpg\",\"datePublished\":\"2025-02-03T05:00:21+00:00\",\"breadcrumb\":{\"@id\":\"https:\\\/\\\/www.ugtcomunicaciones.es\\\/wordpress\\\/el-coste-del-servicio-universal-es-ya-20-veces-menor-que-hace-dos-decadas\\\/#breadcrumb\"},\"inLanguage\":\"es\",\"potentialAction\":[{\"@type\":\"ReadAction\",\"target\":[\"https:\\\/\\\/www.ugtcomunicaciones.es\\\/wordpress\\\/el-coste-del-servicio-universal-es-ya-20-veces-menor-que-hace-dos-decadas\\\/\"]}]},{\"@type\":\"ImageObject\",\"inLanguage\":\"es\",\"@id\":\"https:\\\/\\\/www.ugtcomunicaciones.es\\\/wordpress\\\/el-coste-del-servicio-universal-es-ya-20-veces-menor-que-hace-dos-decadas\\\/#primaryimage\",\"url\":\"https:\\\/\\\/www.ugtcomunicaciones.es\\\/wordpress\\\/wp-content\\\/uploads\\\/2025\\\/02\\\/Coste_03.jpg\",\"contentUrl\":\"https:\\\/\\\/www.ugtcomunicaciones.es\\\/wordpress\\\/wp-content\\\/uploads\\\/2025\\\/02\\\/Coste_03.jpg\",\"width\":600,\"height\":400,\"caption\":\"Cross legged woman using a laptop against bright room with window\"},{\"@type\":\"BreadcrumbList\",\"@id\":\"https:\\\/\\\/www.ugtcomunicaciones.es\\\/wordpress\\\/el-coste-del-servicio-universal-es-ya-20-veces-menor-que-hace-dos-decadas\\\/#breadcrumb\",\"itemListElement\":[{\"@type\":\"ListItem\",\"position\":1,\"name\":\"Portada\",\"item\":\"https:\\\/\\\/www.ugtcomunicaciones.es\\\/wordpress\\\/\"},{\"@type\":\"ListItem\",\"position\":2,\"name\":\"El coste del servicio universal es ya 20 veces menor que hace dos d\u00e9cadas\"}]},{\"@type\":\"WebSite\",\"@id\":\"https:\\\/\\\/www.ugtcomunicaciones.es\\\/wordpress\\\/#website\",\"url\":\"https:\\\/\\\/www.ugtcomunicaciones.es\\\/wordpress\\\/\",\"name\":\"UGT Comunicaciones\",\"description\":\"Sindicato de Telecomunicaciones\",\"publisher\":{\"@id\":\"https:\\\/\\\/www.ugtcomunicaciones.es\\\/wordpress\\\/#organization\"},\"potentialAction\":[{\"@type\":\"SearchAction\",\"target\":{\"@type\":\"EntryPoint\",\"urlTemplate\":\"https:\\\/\\\/www.ugtcomunicaciones.es\\\/wordpress\\\/?s={search_term_string}\"},\"query-input\":{\"@type\":\"PropertyValueSpecification\",\"valueRequired\":true,\"valueName\":\"search_term_string\"}}],\"inLanguage\":\"es\"},{\"@type\":\"Organization\",\"@id\":\"https:\\\/\\\/www.ugtcomunicaciones.es\\\/wordpress\\\/#organization\",\"name\":\"UGT Comunicaciones\",\"url\":\"https:\\\/\\\/www.ugtcomunicaciones.es\\\/wordpress\\\/\",\"logo\":{\"@type\":\"ImageObject\",\"inLanguage\":\"es\",\"@id\":\"https:\\\/\\\/www.ugtcomunicaciones.es\\\/wordpress\\\/#\\\/schema\\\/logo\\\/image\\\/\",\"url\":\"https:\\\/\\\/www.ugtcomunicaciones.es\\\/wordpress\\\/wp-content\\\/uploads\\\/2024\\\/04\\\/comunicaciones_logo.png\",\"contentUrl\":\"https:\\\/\\\/www.ugtcomunicaciones.es\\\/wordpress\\\/wp-content\\\/uploads\\\/2024\\\/04\\\/comunicaciones_logo.png\",\"width\":298,\"height\":81,\"caption\":\"UGT Comunicaciones\"},\"image\":{\"@id\":\"https:\\\/\\\/www.ugtcomunicaciones.es\\\/wordpress\\\/#\\\/schema\\\/logo\\\/image\\\/\"},\"sameAs\":[\"https:\\\/\\\/www.facebook.com\\\/ugt.comunicaciones\\\/\",\"https:\\\/\\\/x.com\\\/ugtcom\"]},{\"@type\":\"Person\",\"@id\":\"https:\\\/\\\/www.ugtcomunicaciones.es\\\/wordpress\\\/#\\\/schema\\\/person\\\/eba0fc3fe5b444531d94d4368cba89ed\",\"name\":\"UGT\",\"image\":{\"@type\":\"ImageObject\",\"inLanguage\":\"es\",\"@id\":\"https:\\\/\\\/secure.gravatar.com\\\/avatar\\\/2a16057d620a4c646bcfc171c4f23030879ebbdd346f0525bd5d4a564e57e13d?s=96&d=mm&r=g\",\"url\":\"https:\\\/\\\/secure.gravatar.com\\\/avatar\\\/2a16057d620a4c646bcfc171c4f23030879ebbdd346f0525bd5d4a564e57e13d?s=96&d=mm&r=g\",\"contentUrl\":\"https:\\\/\\\/secure.gravatar.com\\\/avatar\\\/2a16057d620a4c646bcfc171c4f23030879ebbdd346f0525bd5d4a564e57e13d?s=96&d=mm&r=g\",\"caption\":\"UGT\"}}]}<\/script>\n<!-- \/ Yoast SEO Premium plugin. -->","yoast_head_json":{"title":"El coste del servicio universal es ya 20 veces menor que hace dos d\u00e9cadas - UGT Comunicaciones","robots":{"index":"index","follow":"follow","max-snippet":"max-snippet:-1","max-image-preview":"max-image-preview:large","max-video-preview":"max-video-preview:-1"},"canonical":"https:\/\/www.ugtcomunicaciones.es\/wordpress\/el-coste-del-servicio-universal-es-ya-20-veces-menor-que-hace-dos-decadas\/","og_locale":"es_ES","og_type":"article","og_title":"El coste del servicio universal es ya 20 veces menor que hace dos d\u00e9cadas","og_description":"La prestaci\u00f3n del Servicio Universal ha sido un aspecto sectorial que siempre ha acaparado la atenci\u00f3n de UGT, hasta el punto de ser objeto de un estudio pionero en la materia, all\u00e1 por finales de 2012. El objetivo primigenio del Servicio Universal (garantizar a cualquier ciudadano, con independencia de donde resida, una conexi\u00f3n a Internet [&hellip;]","og_url":"https:\/\/www.ugtcomunicaciones.es\/wordpress\/el-coste-del-servicio-universal-es-ya-20-veces-menor-que-hace-dos-decadas\/","og_site_name":"UGT Comunicaciones","article_publisher":"https:\/\/www.facebook.com\/ugt.comunicaciones\/","article_published_time":"2025-02-03T05:00:21+00:00","og_image":[{"width":600,"height":400,"url":"https:\/\/www.ugtcomunicaciones.es\/wordpress\/wp-content\/uploads\/2025\/02\/Coste_03.jpg","type":"image\/jpeg"}],"author":"UGT","twitter_card":"summary_large_image","twitter_creator":"@ugtcom","twitter_site":"@ugtcom","twitter_misc":{"Escrito por":"UGT","Tiempo de lectura":"3 minutos"},"schema":{"@context":"https:\/\/schema.org","@graph":[{"@type":"Article","@id":"https:\/\/www.ugtcomunicaciones.es\/wordpress\/el-coste-del-servicio-universal-es-ya-20-veces-menor-que-hace-dos-decadas\/#article","isPartOf":{"@id":"https:\/\/www.ugtcomunicaciones.es\/wordpress\/el-coste-del-servicio-universal-es-ya-20-veces-menor-que-hace-dos-decadas\/"},"author":{"name":"UGT","@id":"https:\/\/www.ugtcomunicaciones.es\/wordpress\/#\/schema\/person\/eba0fc3fe5b444531d94d4368cba89ed"},"headline":"El coste del servicio universal es ya 20 veces menor que hace dos d\u00e9cadas","datePublished":"2025-02-03T05:00:21+00:00","mainEntityOfPage":{"@id":"https:\/\/www.ugtcomunicaciones.es\/wordpress\/el-coste-del-servicio-universal-es-ya-20-veces-menor-que-hace-dos-decadas\/"},"wordCount":374,"publisher":{"@id":"https:\/\/www.ugtcomunicaciones.es\/wordpress\/#organization"},"image":{"@id":"https:\/\/www.ugtcomunicaciones.es\/wordpress\/el-coste-del-servicio-universal-es-ya-20-veces-menor-que-hace-dos-decadas\/#primaryimage"},"thumbnailUrl":"https:\/\/www.ugtcomunicaciones.es\/wordpress\/wp-content\/uploads\/2025\/02\/Coste_03.jpg","articleSection":["Opini\u00f3n","Regulaci\u00f3n"],"inLanguage":"es"},{"@type":"WebPage","@id":"https:\/\/www.ugtcomunicaciones.es\/wordpress\/el-coste-del-servicio-universal-es-ya-20-veces-menor-que-hace-dos-decadas\/","url":"https:\/\/www.ugtcomunicaciones.es\/wordpress\/el-coste-del-servicio-universal-es-ya-20-veces-menor-que-hace-dos-decadas\/","name":"El coste del servicio universal es ya 20 veces menor que hace dos d\u00e9cadas - UGT Comunicaciones","isPartOf":{"@id":"https:\/\/www.ugtcomunicaciones.es\/wordpress\/#website"},"primaryImageOfPage":{"@id":"https:\/\/www.ugtcomunicaciones.es\/wordpress\/el-coste-del-servicio-universal-es-ya-20-veces-menor-que-hace-dos-decadas\/#primaryimage"},"image":{"@id":"https:\/\/www.ugtcomunicaciones.es\/wordpress\/el-coste-del-servicio-universal-es-ya-20-veces-menor-que-hace-dos-decadas\/#primaryimage"},"thumbnailUrl":"https:\/\/www.ugtcomunicaciones.es\/wordpress\/wp-content\/uploads\/2025\/02\/Coste_03.jpg","datePublished":"2025-02-03T05:00:21+00:00","breadcrumb":{"@id":"https:\/\/www.ugtcomunicaciones.es\/wordpress\/el-coste-del-servicio-universal-es-ya-20-veces-menor-que-hace-dos-decadas\/#breadcrumb"},"inLanguage":"es","potentialAction":[{"@type":"ReadAction","target":["https:\/\/www.ugtcomunicaciones.es\/wordpress\/el-coste-del-servicio-universal-es-ya-20-veces-menor-que-hace-dos-decadas\/"]}]},{"@type":"ImageObject","inLanguage":"es","@id":"https:\/\/www.ugtcomunicaciones.es\/wordpress\/el-coste-del-servicio-universal-es-ya-20-veces-menor-que-hace-dos-decadas\/#primaryimage","url":"https:\/\/www.ugtcomunicaciones.es\/wordpress\/wp-content\/uploads\/2025\/02\/Coste_03.jpg","contentUrl":"https:\/\/www.ugtcomunicaciones.es\/wordpress\/wp-content\/uploads\/2025\/02\/Coste_03.jpg","width":600,"height":400,"caption":"Cross legged woman using a laptop against bright room with window"},{"@type":"BreadcrumbList","@id":"https:\/\/www.ugtcomunicaciones.es\/wordpress\/el-coste-del-servicio-universal-es-ya-20-veces-menor-que-hace-dos-decadas\/#breadcrumb","itemListElement":[{"@type":"ListItem","position":1,"name":"Portada","item":"https:\/\/www.ugtcomunicaciones.es\/wordpress\/"},{"@type":"ListItem","position":2,"name":"El coste del servicio universal es ya 20 veces menor que hace dos d\u00e9cadas"}]},{"@type":"WebSite","@id":"https:\/\/www.ugtcomunicaciones.es\/wordpress\/#website","url":"https:\/\/www.ugtcomunicaciones.es\/wordpress\/","name":"UGT Comunicaciones","description":"Sindicato de Telecomunicaciones","publisher":{"@id":"https:\/\/www.ugtcomunicaciones.es\/wordpress\/#organization"},"potentialAction":[{"@type":"SearchAction","target":{"@type":"EntryPoint","urlTemplate":"https:\/\/www.ugtcomunicaciones.es\/wordpress\/?s={search_term_string}"},"query-input":{"@type":"PropertyValueSpecification","valueRequired":true,"valueName":"search_term_string"}}],"inLanguage":"es"},{"@type":"Organization","@id":"https:\/\/www.ugtcomunicaciones.es\/wordpress\/#organization","name":"UGT Comunicaciones","url":"https:\/\/www.ugtcomunicaciones.es\/wordpress\/","logo":{"@type":"ImageObject","inLanguage":"es","@id":"https:\/\/www.ugtcomunicaciones.es\/wordpress\/#\/schema\/logo\/image\/","url":"https:\/\/www.ugtcomunicaciones.es\/wordpress\/wp-content\/uploads\/2024\/04\/comunicaciones_logo.png","contentUrl":"https:\/\/www.ugtcomunicaciones.es\/wordpress\/wp-content\/uploads\/2024\/04\/comunicaciones_logo.png","width":298,"height":81,"caption":"UGT Comunicaciones"},"image":{"@id":"https:\/\/www.ugtcomunicaciones.es\/wordpress\/#\/schema\/logo\/image\/"},"sameAs":["https:\/\/www.facebook.com\/ugt.comunicaciones\/","https:\/\/x.com\/ugtcom"]},{"@type":"Person","@id":"https:\/\/www.ugtcomunicaciones.es\/wordpress\/#\/schema\/person\/eba0fc3fe5b444531d94d4368cba89ed","name":"UGT","image":{"@type":"ImageObject","inLanguage":"es","@id":"https:\/\/secure.gravatar.com\/avatar\/2a16057d620a4c646bcfc171c4f23030879ebbdd346f0525bd5d4a564e57e13d?s=96&d=mm&r=g","url":"https:\/\/secure.gravatar.com\/avatar\/2a16057d620a4c646bcfc171c4f23030879ebbdd346f0525bd5d4a564e57e13d?s=96&d=mm&r=g","contentUrl":"https:\/\/secure.gravatar.com\/avatar\/2a16057d620a4c646bcfc171c4f23030879ebbdd346f0525bd5d4a564e57e13d?s=96&d=mm&r=g","caption":"UGT"}}]}},"_links":{"self":[{"href":"https:\/\/www.ugtcomunicaciones.es\/wordpress\/wp-json\/wp\/v2\/posts\/1067527","targetHints":{"allow":["GET"]}}],"collection":[{"href":"https:\/\/www.ugtcomunicaciones.es\/wordpress\/wp-json\/wp\/v2\/posts"}],"about":[{"href":"https:\/\/www.ugtcomunicaciones.es\/wordpress\/wp-json\/wp\/v2\/types\/post"}],"author":[{"embeddable":true,"href":"https:\/\/www.ugtcomunicaciones.es\/wordpress\/wp-json\/wp\/v2\/users\/3"}],"replies":[{"embeddable":true,"href":"https:\/\/www.ugtcomunicaciones.es\/wordpress\/wp-json\/wp\/v2\/comments?post=1067527"}],"version-history":[{"count":4,"href":"https:\/\/www.ugtcomunicaciones.es\/wordpress\/wp-json\/wp\/v2\/posts\/1067527\/revisions"}],"predecessor-version":[{"id":1067534,"href":"https:\/\/www.ugtcomunicaciones.es\/wordpress\/wp-json\/wp\/v2\/posts\/1067527\/revisions\/1067534"}],"wp:featuredmedia":[{"embeddable":true,"href":"https:\/\/www.ugtcomunicaciones.es\/wordpress\/wp-json\/wp\/v2\/media\/1067533"}],"wp:attachment":[{"href":"https:\/\/www.ugtcomunicaciones.es\/wordpress\/wp-json\/wp\/v2\/media?parent=1067527"}],"wp:term":[{"taxonomy":"category","embeddable":true,"href":"https:\/\/www.ugtcomunicaciones.es\/wordpress\/wp-json\/wp\/v2\/categories?post=1067527"},{"taxonomy":"post_tag","embeddable":true,"href":"https:\/\/www.ugtcomunicaciones.es\/wordpress\/wp-json\/wp\/v2\/tags?post=1067527"}],"curies":[{"name":"wp","href":"https:\/\/api.w.org\/{rel}","templated":true}]}}