{"id":1067641,"date":"2025-03-26T13:25:11","date_gmt":"2025-03-26T12:25:11","guid":{"rendered":"https:\/\/www.ugtcomunicaciones.es\/wordpress\/?p=1067641"},"modified":"2025-03-26T13:31:20","modified_gmt":"2025-03-26T12:31:20","slug":"sanciones-por-el-uso-del-movil-personal-para-usos-profesionales","status":"publish","type":"post","link":"https:\/\/www.ugtcomunicaciones.es\/wordpress\/sanciones-por-el-uso-del-movil-personal-para-usos-profesionales\/","title":{"rendered":"Posibles sanciones a empresas por obligar el uso de  m\u00f3viles personales."},"content":{"rendered":"<p style=\"text-align: justify;\">La Agencia Espa\u00f1ola de Protecci\u00f3n de Datos (AEPD) ha sancionado a una empresa por obligar a un trabajador a usar su m\u00f3vil personal como herramienta laboral, a pesar de su negativa reiterada. Este caso, analizado por el Servicio de Estudios Confederal de <strong>UGT<\/strong>, pone de manifiesto tres aspectos clave:<\/p>\n<p style=\"text-align: justify;\"><strong>1. Tratamiento de datos fuera de la seguridad empresarial<\/strong><br \/>\nEl uso de m\u00f3viles particulares para fines laborales expone datos sensibles fuera del entorno seguro de la empresa, lo que puede vulnerar la Ley Org\u00e1nica 3\/2018 de Protecci\u00f3n de Datos (LOPD). Seg\u00fan esta normativa, los trabajadores tienen derecho a la protecci\u00f3n de su intimidad en el uso de dispositivos digitales.<\/p>\n<p style=\"text-align: justify;\"><strong>2. Uso ilegal del m\u00f3vil privado como comunicaci\u00f3n laboral<\/strong><br \/>\nObligar al uso del m\u00f3vil personal para fines laborales es una pr\u00e1ctica ilegal, ya que contradice el principio de ajenidad en los medios estipulado en el contrato laboral. La Ley establece que es responsabilidad del empleador proporcionar las herramientas necesarias para el trabajo.<\/p>\n<p style=\"text-align: justify;\"><strong>3. Quebrantamiento del derecho a la desconexi\u00f3n digital<\/strong><br \/>\nLa Ley Org\u00e1nica 3\/2018 garantiza el derecho a la desconexi\u00f3n digital para respetar el tiempo de descanso y la intimidad personal y familiar del trabajador. Sin embargo, muchas empresas vulneran este derecho al contactar fuera del horario laboral o insistir en el uso de dispositivos personales.<\/p>\n<p style=\"text-align: justify;\"><strong>Conclusiones<\/strong><br \/>\n<strong>UGT<\/strong> subraya que estas pr\u00e1cticas no solo son ilegales, sino que tambi\u00e9n afectan negativamente al bienestar del trabajador y pueden ser objeto de sanciones graves por parte de organismos como la AEPD. Las empresas deben garantizar el cumplimiento de los derechos digitales y laborales para evitar conflictos legales y proteger la dignidad de sus empleados.<\/p>\n","protected":false},"excerpt":{"rendered":"<p>La Agencia Espa\u00f1ola de Protecci\u00f3n de Datos (AEPD) ha sancionado a una empresa por obligar a un trabajador a usar su m\u00f3vil personal como herramienta laboral, a pesar de su negativa reiterada. Este caso, analizado por el Servicio de Estudios Confederal de UGT, pone de manifiesto tres aspectos clave: 1. Tratamiento de datos fuera de [&hellip;]<\/p>\n","protected":false},"author":10,"featured_media":1067643,"comment_status":"closed","ping_status":"closed","sticky":false,"template":"","format":"standard","meta":{"footnotes":""},"categories":[13,12],"tags":[],"class_list":["post-1067641","post","type-post","status-publish","format-standard","has-post-thumbnail","hentry","category-mercado-comunicaciones","category-regulacion"],"yoast_head":"<!-- This site is optimized with the Yoast SEO Premium plugin v27.3 (Yoast SEO v27.4) - https:\/\/yoast.com\/product\/yoast-seo-premium-wordpress\/ -->\n<title>Empresa sancionada por obligar a usar el m\u00f3vil personal.<\/title>\n<meta name=\"description\" content=\"La AEPD ha sancionado a una empresa por obligar a un trabajador a usar su m\u00f3vil personal como herramienta laboral.\" \/>\n<meta name=\"robots\" content=\"index, follow, max-snippet:-1, max-image-preview:large, max-video-preview:-1\" \/>\n<link rel=\"canonical\" href=\"https:\/\/www.ugtcomunicaciones.es\/wordpress\/sanciones-por-el-uso-del-movil-personal-para-usos-profesionales\/\" \/>\n<meta property=\"og:locale\" content=\"es_ES\" \/>\n<meta property=\"og:type\" content=\"article\" \/>\n<meta property=\"og:title\" content=\"Posibles sanciones a empresas por obligar el uso de m\u00f3viles personales.\" \/>\n<meta property=\"og:description\" content=\"La AEPD ha sancionado a una empresa por obligar a un trabajador a usar su m\u00f3vil personal como herramienta laboral.\" \/>\n<meta property=\"og:url\" content=\"https:\/\/www.ugtcomunicaciones.es\/wordpress\/sanciones-por-el-uso-del-movil-personal-para-usos-profesionales\/\" \/>\n<meta property=\"og:site_name\" content=\"UGT Comunicaciones\" \/>\n<meta property=\"article:publisher\" content=\"https:\/\/www.facebook.com\/ugt.comunicaciones\/\" \/>\n<meta property=\"article:published_time\" content=\"2025-03-26T12:25:11+00:00\" \/>\n<meta property=\"article:modified_time\" content=\"2025-03-26T12:31:20+00:00\" \/>\n<meta property=\"og:image\" content=\"https:\/\/www.ugtcomunicaciones.es\/wordpress\/wp-content\/uploads\/2025\/03\/175.png\" \/>\n\t<meta property=\"og:image:width\" content=\"640\" \/>\n\t<meta property=\"og:image:height\" content=\"427\" \/>\n\t<meta property=\"og:image:type\" content=\"image\/png\" \/>\n<meta name=\"author\" content=\"UGT\" \/>\n<meta name=\"twitter:card\" content=\"summary_large_image\" \/>\n<meta name=\"twitter:creator\" content=\"@ugtcom\" \/>\n<meta name=\"twitter:site\" content=\"@ugtcom\" \/>\n<meta name=\"twitter:label1\" content=\"Escrito por\" \/>\n\t<meta name=\"twitter:data1\" content=\"UGT\" \/>\n\t<meta name=\"twitter:label2\" content=\"Tiempo de lectura\" \/>\n\t<meta name=\"twitter:data2\" content=\"2 minutos\" \/>\n<script type=\"application\/ld+json\" class=\"yoast-schema-graph\">{\"@context\":\"https:\\\/\\\/schema.org\",\"@graph\":[{\"@type\":\"Article\",\"@id\":\"https:\\\/\\\/www.ugtcomunicaciones.es\\\/wordpress\\\/sanciones-por-el-uso-del-movil-personal-para-usos-profesionales\\\/#article\",\"isPartOf\":{\"@id\":\"https:\\\/\\\/www.ugtcomunicaciones.es\\\/wordpress\\\/sanciones-por-el-uso-del-movil-personal-para-usos-profesionales\\\/\"},\"author\":{\"name\":\"UGT\",\"@id\":\"https:\\\/\\\/www.ugtcomunicaciones.es\\\/wordpress\\\/#\\\/schema\\\/person\\\/75f8547d370622a8ad1e5b7efe72bebc\"},\"headline\":\"Posibles sanciones a empresas por obligar el uso de m\u00f3viles personales.\",\"datePublished\":\"2025-03-26T12:25:11+00:00\",\"dateModified\":\"2025-03-26T12:31:20+00:00\",\"mainEntityOfPage\":{\"@id\":\"https:\\\/\\\/www.ugtcomunicaciones.es\\\/wordpress\\\/sanciones-por-el-uso-del-movil-personal-para-usos-profesionales\\\/\"},\"wordCount\":294,\"publisher\":{\"@id\":\"https:\\\/\\\/www.ugtcomunicaciones.es\\\/wordpress\\\/#organization\"},\"image\":{\"@id\":\"https:\\\/\\\/www.ugtcomunicaciones.es\\\/wordpress\\\/sanciones-por-el-uso-del-movil-personal-para-usos-profesionales\\\/#primaryimage\"},\"thumbnailUrl\":\"https:\\\/\\\/www.ugtcomunicaciones.es\\\/wordpress\\\/wp-content\\\/uploads\\\/2025\\\/03\\\/175.png\",\"articleSection\":[\"Mercado Comunicaciones\",\"Regulaci\u00f3n\"],\"inLanguage\":\"es\"},{\"@type\":\"WebPage\",\"@id\":\"https:\\\/\\\/www.ugtcomunicaciones.es\\\/wordpress\\\/sanciones-por-el-uso-del-movil-personal-para-usos-profesionales\\\/\",\"url\":\"https:\\\/\\\/www.ugtcomunicaciones.es\\\/wordpress\\\/sanciones-por-el-uso-del-movil-personal-para-usos-profesionales\\\/\",\"name\":\"Empresa sancionada por obligar a usar el m\u00f3vil personal.\",\"isPartOf\":{\"@id\":\"https:\\\/\\\/www.ugtcomunicaciones.es\\\/wordpress\\\/#website\"},\"primaryImageOfPage\":{\"@id\":\"https:\\\/\\\/www.ugtcomunicaciones.es\\\/wordpress\\\/sanciones-por-el-uso-del-movil-personal-para-usos-profesionales\\\/#primaryimage\"},\"image\":{\"@id\":\"https:\\\/\\\/www.ugtcomunicaciones.es\\\/wordpress\\\/sanciones-por-el-uso-del-movil-personal-para-usos-profesionales\\\/#primaryimage\"},\"thumbnailUrl\":\"https:\\\/\\\/www.ugtcomunicaciones.es\\\/wordpress\\\/wp-content\\\/uploads\\\/2025\\\/03\\\/175.png\",\"datePublished\":\"2025-03-26T12:25:11+00:00\",\"dateModified\":\"2025-03-26T12:31:20+00:00\",\"description\":\"La AEPD ha sancionado a una empresa por obligar a un trabajador a usar su m\u00f3vil personal como herramienta laboral.\",\"breadcrumb\":{\"@id\":\"https:\\\/\\\/www.ugtcomunicaciones.es\\\/wordpress\\\/sanciones-por-el-uso-del-movil-personal-para-usos-profesionales\\\/#breadcrumb\"},\"inLanguage\":\"es\",\"potentialAction\":[{\"@type\":\"ReadAction\",\"target\":[\"https:\\\/\\\/www.ugtcomunicaciones.es\\\/wordpress\\\/sanciones-por-el-uso-del-movil-personal-para-usos-profesionales\\\/\"]}]},{\"@type\":\"ImageObject\",\"inLanguage\":\"es\",\"@id\":\"https:\\\/\\\/www.ugtcomunicaciones.es\\\/wordpress\\\/sanciones-por-el-uso-del-movil-personal-para-usos-profesionales\\\/#primaryimage\",\"url\":\"https:\\\/\\\/www.ugtcomunicaciones.es\\\/wordpress\\\/wp-content\\\/uploads\\\/2025\\\/03\\\/175.png\",\"contentUrl\":\"https:\\\/\\\/www.ugtcomunicaciones.es\\\/wordpress\\\/wp-content\\\/uploads\\\/2025\\\/03\\\/175.png\",\"width\":640,\"height\":427,\"caption\":\"Sanciones por el uso del m\u00f3vil personal\"},{\"@type\":\"BreadcrumbList\",\"@id\":\"https:\\\/\\\/www.ugtcomunicaciones.es\\\/wordpress\\\/sanciones-por-el-uso-del-movil-personal-para-usos-profesionales\\\/#breadcrumb\",\"itemListElement\":[{\"@type\":\"ListItem\",\"position\":1,\"name\":\"Portada\",\"item\":\"https:\\\/\\\/www.ugtcomunicaciones.es\\\/wordpress\\\/\"},{\"@type\":\"ListItem\",\"position\":2,\"name\":\"Posibles sanciones a empresas por obligar el uso de m\u00f3viles personales.\"}]},{\"@type\":\"WebSite\",\"@id\":\"https:\\\/\\\/www.ugtcomunicaciones.es\\\/wordpress\\\/#website\",\"url\":\"https:\\\/\\\/www.ugtcomunicaciones.es\\\/wordpress\\\/\",\"name\":\"UGT Comunicaciones\",\"description\":\"Sindicato de Telecomunicaciones\",\"publisher\":{\"@id\":\"https:\\\/\\\/www.ugtcomunicaciones.es\\\/wordpress\\\/#organization\"},\"potentialAction\":[{\"@type\":\"SearchAction\",\"target\":{\"@type\":\"EntryPoint\",\"urlTemplate\":\"https:\\\/\\\/www.ugtcomunicaciones.es\\\/wordpress\\\/?s={search_term_string}\"},\"query-input\":{\"@type\":\"PropertyValueSpecification\",\"valueRequired\":true,\"valueName\":\"search_term_string\"}}],\"inLanguage\":\"es\"},{\"@type\":\"Organization\",\"@id\":\"https:\\\/\\\/www.ugtcomunicaciones.es\\\/wordpress\\\/#organization\",\"name\":\"UGT Comunicaciones\",\"url\":\"https:\\\/\\\/www.ugtcomunicaciones.es\\\/wordpress\\\/\",\"logo\":{\"@type\":\"ImageObject\",\"inLanguage\":\"es\",\"@id\":\"https:\\\/\\\/www.ugtcomunicaciones.es\\\/wordpress\\\/#\\\/schema\\\/logo\\\/image\\\/\",\"url\":\"https:\\\/\\\/www.ugtcomunicaciones.es\\\/wordpress\\\/wp-content\\\/uploads\\\/2024\\\/04\\\/comunicaciones_logo.png\",\"contentUrl\":\"https:\\\/\\\/www.ugtcomunicaciones.es\\\/wordpress\\\/wp-content\\\/uploads\\\/2024\\\/04\\\/comunicaciones_logo.png\",\"width\":298,\"height\":81,\"caption\":\"UGT Comunicaciones\"},\"image\":{\"@id\":\"https:\\\/\\\/www.ugtcomunicaciones.es\\\/wordpress\\\/#\\\/schema\\\/logo\\\/image\\\/\"},\"sameAs\":[\"https:\\\/\\\/www.facebook.com\\\/ugt.comunicaciones\\\/\",\"https:\\\/\\\/x.com\\\/ugtcom\"]},{\"@type\":\"Person\",\"@id\":\"https:\\\/\\\/www.ugtcomunicaciones.es\\\/wordpress\\\/#\\\/schema\\\/person\\\/75f8547d370622a8ad1e5b7efe72bebc\",\"name\":\"UGT\",\"image\":{\"@type\":\"ImageObject\",\"inLanguage\":\"es\",\"@id\":\"https:\\\/\\\/secure.gravatar.com\\\/avatar\\\/af9239a359a6ab48283fe5a98378a8044a76e2dd16b6945431659307f867ccc8?s=96&d=mm&r=g\",\"url\":\"https:\\\/\\\/secure.gravatar.com\\\/avatar\\\/af9239a359a6ab48283fe5a98378a8044a76e2dd16b6945431659307f867ccc8?s=96&d=mm&r=g\",\"contentUrl\":\"https:\\\/\\\/secure.gravatar.com\\\/avatar\\\/af9239a359a6ab48283fe5a98378a8044a76e2dd16b6945431659307f867ccc8?s=96&d=mm&r=g\",\"caption\":\"UGT\"}}]}<\/script>\n<!-- \/ Yoast SEO Premium plugin. -->","yoast_head_json":{"title":"Empresa sancionada por obligar a usar el m\u00f3vil personal.","description":"La AEPD ha sancionado a una empresa por obligar a un trabajador a usar su m\u00f3vil personal como herramienta laboral.","robots":{"index":"index","follow":"follow","max-snippet":"max-snippet:-1","max-image-preview":"max-image-preview:large","max-video-preview":"max-video-preview:-1"},"canonical":"https:\/\/www.ugtcomunicaciones.es\/wordpress\/sanciones-por-el-uso-del-movil-personal-para-usos-profesionales\/","og_locale":"es_ES","og_type":"article","og_title":"Posibles sanciones a empresas por obligar el uso de m\u00f3viles personales.","og_description":"La AEPD ha sancionado a una empresa por obligar a un trabajador a usar su m\u00f3vil personal como herramienta laboral.","og_url":"https:\/\/www.ugtcomunicaciones.es\/wordpress\/sanciones-por-el-uso-del-movil-personal-para-usos-profesionales\/","og_site_name":"UGT Comunicaciones","article_publisher":"https:\/\/www.facebook.com\/ugt.comunicaciones\/","article_published_time":"2025-03-26T12:25:11+00:00","article_modified_time":"2025-03-26T12:31:20+00:00","og_image":[{"width":640,"height":427,"url":"https:\/\/www.ugtcomunicaciones.es\/wordpress\/wp-content\/uploads\/2025\/03\/175.png","type":"image\/png"}],"author":"UGT","twitter_card":"summary_large_image","twitter_creator":"@ugtcom","twitter_site":"@ugtcom","twitter_misc":{"Escrito por":"UGT","Tiempo de lectura":"2 minutos"},"schema":{"@context":"https:\/\/schema.org","@graph":[{"@type":"Article","@id":"https:\/\/www.ugtcomunicaciones.es\/wordpress\/sanciones-por-el-uso-del-movil-personal-para-usos-profesionales\/#article","isPartOf":{"@id":"https:\/\/www.ugtcomunicaciones.es\/wordpress\/sanciones-por-el-uso-del-movil-personal-para-usos-profesionales\/"},"author":{"name":"UGT","@id":"https:\/\/www.ugtcomunicaciones.es\/wordpress\/#\/schema\/person\/75f8547d370622a8ad1e5b7efe72bebc"},"headline":"Posibles sanciones a empresas por obligar el uso de m\u00f3viles personales.","datePublished":"2025-03-26T12:25:11+00:00","dateModified":"2025-03-26T12:31:20+00:00","mainEntityOfPage":{"@id":"https:\/\/www.ugtcomunicaciones.es\/wordpress\/sanciones-por-el-uso-del-movil-personal-para-usos-profesionales\/"},"wordCount":294,"publisher":{"@id":"https:\/\/www.ugtcomunicaciones.es\/wordpress\/#organization"},"image":{"@id":"https:\/\/www.ugtcomunicaciones.es\/wordpress\/sanciones-por-el-uso-del-movil-personal-para-usos-profesionales\/#primaryimage"},"thumbnailUrl":"https:\/\/www.ugtcomunicaciones.es\/wordpress\/wp-content\/uploads\/2025\/03\/175.png","articleSection":["Mercado Comunicaciones","Regulaci\u00f3n"],"inLanguage":"es"},{"@type":"WebPage","@id":"https:\/\/www.ugtcomunicaciones.es\/wordpress\/sanciones-por-el-uso-del-movil-personal-para-usos-profesionales\/","url":"https:\/\/www.ugtcomunicaciones.es\/wordpress\/sanciones-por-el-uso-del-movil-personal-para-usos-profesionales\/","name":"Empresa sancionada por obligar a usar el m\u00f3vil personal.","isPartOf":{"@id":"https:\/\/www.ugtcomunicaciones.es\/wordpress\/#website"},"primaryImageOfPage":{"@id":"https:\/\/www.ugtcomunicaciones.es\/wordpress\/sanciones-por-el-uso-del-movil-personal-para-usos-profesionales\/#primaryimage"},"image":{"@id":"https:\/\/www.ugtcomunicaciones.es\/wordpress\/sanciones-por-el-uso-del-movil-personal-para-usos-profesionales\/#primaryimage"},"thumbnailUrl":"https:\/\/www.ugtcomunicaciones.es\/wordpress\/wp-content\/uploads\/2025\/03\/175.png","datePublished":"2025-03-26T12:25:11+00:00","dateModified":"2025-03-26T12:31:20+00:00","description":"La AEPD ha sancionado a una empresa por obligar a un trabajador a usar su m\u00f3vil personal como herramienta laboral.","breadcrumb":{"@id":"https:\/\/www.ugtcomunicaciones.es\/wordpress\/sanciones-por-el-uso-del-movil-personal-para-usos-profesionales\/#breadcrumb"},"inLanguage":"es","potentialAction":[{"@type":"ReadAction","target":["https:\/\/www.ugtcomunicaciones.es\/wordpress\/sanciones-por-el-uso-del-movil-personal-para-usos-profesionales\/"]}]},{"@type":"ImageObject","inLanguage":"es","@id":"https:\/\/www.ugtcomunicaciones.es\/wordpress\/sanciones-por-el-uso-del-movil-personal-para-usos-profesionales\/#primaryimage","url":"https:\/\/www.ugtcomunicaciones.es\/wordpress\/wp-content\/uploads\/2025\/03\/175.png","contentUrl":"https:\/\/www.ugtcomunicaciones.es\/wordpress\/wp-content\/uploads\/2025\/03\/175.png","width":640,"height":427,"caption":"Sanciones por el uso del m\u00f3vil personal"},{"@type":"BreadcrumbList","@id":"https:\/\/www.ugtcomunicaciones.es\/wordpress\/sanciones-por-el-uso-del-movil-personal-para-usos-profesionales\/#breadcrumb","itemListElement":[{"@type":"ListItem","position":1,"name":"Portada","item":"https:\/\/www.ugtcomunicaciones.es\/wordpress\/"},{"@type":"ListItem","position":2,"name":"Posibles sanciones a empresas por obligar el uso de m\u00f3viles personales."}]},{"@type":"WebSite","@id":"https:\/\/www.ugtcomunicaciones.es\/wordpress\/#website","url":"https:\/\/www.ugtcomunicaciones.es\/wordpress\/","name":"UGT Comunicaciones","description":"Sindicato de Telecomunicaciones","publisher":{"@id":"https:\/\/www.ugtcomunicaciones.es\/wordpress\/#organization"},"potentialAction":[{"@type":"SearchAction","target":{"@type":"EntryPoint","urlTemplate":"https:\/\/www.ugtcomunicaciones.es\/wordpress\/?s={search_term_string}"},"query-input":{"@type":"PropertyValueSpecification","valueRequired":true,"valueName":"search_term_string"}}],"inLanguage":"es"},{"@type":"Organization","@id":"https:\/\/www.ugtcomunicaciones.es\/wordpress\/#organization","name":"UGT Comunicaciones","url":"https:\/\/www.ugtcomunicaciones.es\/wordpress\/","logo":{"@type":"ImageObject","inLanguage":"es","@id":"https:\/\/www.ugtcomunicaciones.es\/wordpress\/#\/schema\/logo\/image\/","url":"https:\/\/www.ugtcomunicaciones.es\/wordpress\/wp-content\/uploads\/2024\/04\/comunicaciones_logo.png","contentUrl":"https:\/\/www.ugtcomunicaciones.es\/wordpress\/wp-content\/uploads\/2024\/04\/comunicaciones_logo.png","width":298,"height":81,"caption":"UGT Comunicaciones"},"image":{"@id":"https:\/\/www.ugtcomunicaciones.es\/wordpress\/#\/schema\/logo\/image\/"},"sameAs":["https:\/\/www.facebook.com\/ugt.comunicaciones\/","https:\/\/x.com\/ugtcom"]},{"@type":"Person","@id":"https:\/\/www.ugtcomunicaciones.es\/wordpress\/#\/schema\/person\/75f8547d370622a8ad1e5b7efe72bebc","name":"UGT","image":{"@type":"ImageObject","inLanguage":"es","@id":"https:\/\/secure.gravatar.com\/avatar\/af9239a359a6ab48283fe5a98378a8044a76e2dd16b6945431659307f867ccc8?s=96&d=mm&r=g","url":"https:\/\/secure.gravatar.com\/avatar\/af9239a359a6ab48283fe5a98378a8044a76e2dd16b6945431659307f867ccc8?s=96&d=mm&r=g","contentUrl":"https:\/\/secure.gravatar.com\/avatar\/af9239a359a6ab48283fe5a98378a8044a76e2dd16b6945431659307f867ccc8?s=96&d=mm&r=g","caption":"UGT"}}]}},"_links":{"self":[{"href":"https:\/\/www.ugtcomunicaciones.es\/wordpress\/wp-json\/wp\/v2\/posts\/1067641","targetHints":{"allow":["GET"]}}],"collection":[{"href":"https:\/\/www.ugtcomunicaciones.es\/wordpress\/wp-json\/wp\/v2\/posts"}],"about":[{"href":"https:\/\/www.ugtcomunicaciones.es\/wordpress\/wp-json\/wp\/v2\/types\/post"}],"author":[{"embeddable":true,"href":"https:\/\/www.ugtcomunicaciones.es\/wordpress\/wp-json\/wp\/v2\/users\/10"}],"replies":[{"embeddable":true,"href":"https:\/\/www.ugtcomunicaciones.es\/wordpress\/wp-json\/wp\/v2\/comments?post=1067641"}],"version-history":[{"count":4,"href":"https:\/\/www.ugtcomunicaciones.es\/wordpress\/wp-json\/wp\/v2\/posts\/1067641\/revisions"}],"predecessor-version":[{"id":1067647,"href":"https:\/\/www.ugtcomunicaciones.es\/wordpress\/wp-json\/wp\/v2\/posts\/1067641\/revisions\/1067647"}],"wp:featuredmedia":[{"embeddable":true,"href":"https:\/\/www.ugtcomunicaciones.es\/wordpress\/wp-json\/wp\/v2\/media\/1067643"}],"wp:attachment":[{"href":"https:\/\/www.ugtcomunicaciones.es\/wordpress\/wp-json\/wp\/v2\/media?parent=1067641"}],"wp:term":[{"taxonomy":"category","embeddable":true,"href":"https:\/\/www.ugtcomunicaciones.es\/wordpress\/wp-json\/wp\/v2\/categories?post=1067641"},{"taxonomy":"post_tag","embeddable":true,"href":"https:\/\/www.ugtcomunicaciones.es\/wordpress\/wp-json\/wp\/v2\/tags?post=1067641"}],"curies":[{"name":"wp","href":"https:\/\/api.w.org\/{rel}","templated":true}]}}