{"id":1067642,"date":"2025-04-01T06:00:43","date_gmt":"2025-04-01T05:00:43","guid":{"rendered":"https:\/\/www.ugtcomunicaciones.es\/wordpress\/?p=1067642"},"modified":"2025-03-26T14:04:41","modified_gmt":"2025-03-26T13:04:41","slug":"el-6g-ya-tiene-logo-y-requerimientos","status":"publish","type":"post","link":"https:\/\/www.ugtcomunicaciones.es\/wordpress\/el-6g-ya-tiene-logo-y-requerimientos\/","title":{"rendered":"El 6G ya tiene logo y requerimientos"},"content":{"rendered":"<p style=\"text-align: justify;\">Cuando a\u00fan se pugna por llevar el 5G a todas las poblaciones de <a href=\"https:\/\/www.esmartcity.es\/2024\/06\/03\/resolucion-provisional-unico-5g-redes-activas-lleva-cobertura-5g-7330-municipios-pequenos\" target=\"_blank\" rel=\"noopener\">Espa\u00f1a<\/a>, la tecnolog\u00eda vuelve a demostrarnos que se desarrolla a un ritmo que es dif\u00edcil de seguir.<\/p>\n<p style=\"text-align: justify;\">S\u00ed, a <a href=\"https:\/\/www.ugtcomunicaciones.es\/wordpress\/aun-no-tenemos-5g-pero-ya-hablamos-de-6g\/\" target=\"_blank\" rel=\"noopener\">finales de 2019<\/a>\u00a0ya nos hac\u00edamos eco del runr\u00fan acerca del alumbramiento de la sexta generaci\u00f3n de telefon\u00eda m\u00f3vil, un lustro despu\u00e9s ya asistimos a los primeros avances serios, que prometen un heredero de la quinta <a href=\"https:\/\/www.adslzone.net\/noticias\/redes\/redes-6g-hasta-9000-veces-rapidas-5g\/\" target=\"_blank\" rel=\"noopener\">generaci\u00f3n actual<\/a>.<\/p>\n<p style=\"text-align: justify;\">El 6G no solo ya tiene logo, que puede parece trivial, sino que adem\u00e1s tiene ya una<img decoding=\"async\" class=\"alignright size-full wp-image-1067653 lazyload\" data-src=\"https:\/\/www.ugtcomunicaciones.es\/wordpress\/wp-content\/uploads\/2025\/04\/6G_04.jpg\" alt=\"\" width=\"167\" height=\"129\" src=\"data:image\/svg+xml;base64,PHN2ZyB3aWR0aD0iMSIgaGVpZ2h0PSIxIiB4bWxucz0iaHR0cDovL3d3dy53My5vcmcvMjAwMC9zdmciPjwvc3ZnPg==\" style=\"--smush-placeholder-width: 167px; --smush-placeholder-aspect-ratio: 167\/129;\" \/> recomendaci\u00f3n oficial de la Uni\u00f3n Internacional de Comunicaciones (<a href=\"https:\/\/www.itu.int\/dms_pubrec\/itu-r\/rec\/m\/R-REC-M.2160-0-202311-I%21%21PDF-E.pdf\" target=\"_blank\" rel=\"noopener\">la ITU -R M.2160<\/a>), que busca alcanzar una velocidad pico de 200 Gbps y velocidades medias estables entre 300 y 500 Mbps (aunque ya se han conseguido pruebas de <a href=\"https:\/\/elchapuzasinformatico.com\/2024\/10\/red-6g-938-gbps\/\" target=\"_blank\" rel=\"noopener\">938 Gbps en laboratorio<\/a>). Las estimaciones de latencia tambi\u00e9n son asombrosas (hasta 0,1 ms) y, en cuanto a capacidad, se pretende absorber un tr\u00e1fico por \u00e1rea en una horquilla de 30 Mbit\/s\/m2 &#8211; 50 Mbit\/s\/m2.<\/p>\n<p style=\"text-align: justify;\">Las primeras pruebas (como siempre realizadas en Asia, como lo fueron con el 4G y 5G, donde Europa perdi\u00f3 el prestigio adquirido con el 2G\/GSM) ya consiguen 100 Gbps por segundo en interiores empleando la banda de 100 GHz.<\/p>\n<p style=\"text-align: justify;\">Los fabricantes, <a href=\"https:\/\/news.samsung.com\/global\/samsung-unveils-6g-spectrum-white-paper-and-6g-research-findings\" target=\"_blank\" rel=\"noopener\">como Samsung<\/a>, afirman que para alcanzar tales magnitudes habr\u00e1 que reservar una cantidad ingente de espectro, considerando desde la banda baja por debajo de 1 GHz, hasta la banda media en el rango de 1-24 GHz y la banda alta en el rango de 24-300 GHz. En suma, ciertos de megahercios que tendr\u00e1n que ponerse a disposici\u00f3n de las operadoras para sacar todo el jugo a esta nueva tecnolog\u00eda, lo que conllevar\u00e1 nuevos dividendos digitales y <em>refarming<\/em>.<\/p>\n<p style=\"text-align: justify;\">Con todo, la comercializaci\u00f3n se fija en el <a href=\"https:\/\/es.euronews.com\/next\/2024\/08\/11\/asi-sera-el-estandar-6g-para-moviles-que-estara-disponible-para-2029-segun-el-etsi\" target=\"_blank\" rel=\"noopener\">horizonte 2030<\/a>, seg\u00fan el Instituto Europeo de Normas de Telecomunicaciones (ETSI)<strong>, <\/strong>por lo que a\u00fan existe margen de adaptaci\u00f3n y previsi\u00f3n, pero algunos <a href=\"https:\/\/www.ericsson.com\/en\/reports-and-papers\/ericsson-technology-review\/articles\/6g-network-architecture\" target=\"_blank\" rel=\"noopener\">fabricantes como Ericsson<\/a>\u00a0ya est\u00e1n presentando sus propias arquitecturas, con sugerentes nombres como <em>\u201c<a href=\"https:\/\/www.ericsson.com\/en\/reports-and-papers\/mobility-report\/reports\/november-2024\" target=\"_blank\" rel=\"noopener\">The cyber-physical world<\/a>\u201d.<\/em><\/p>\n<p><strong> <img decoding=\"async\" class=\"aligncenter wp-image-1067650 size-full lazyload\" data-src=\"https:\/\/www.ugtcomunicaciones.es\/wordpress\/wp-content\/uploads\/2025\/04\/6G_01.jpg\" alt=\"\" width=\"569\" height=\"410\" data-srcset=\"https:\/\/www.ugtcomunicaciones.es\/wordpress\/wp-content\/uploads\/2025\/04\/6G_01.jpg 569w, https:\/\/www.ugtcomunicaciones.es\/wordpress\/wp-content\/uploads\/2025\/04\/6G_01-300x216.jpg 300w\" data-sizes=\"(max-width: 569px) 100vw, 569px\" src=\"data:image\/svg+xml;base64,PHN2ZyB3aWR0aD0iMSIgaGVpZ2h0PSIxIiB4bWxucz0iaHR0cDovL3d3dy53My5vcmcvMjAwMC9zdmciPjwvc3ZnPg==\" style=\"--smush-placeholder-width: 569px; --smush-placeholder-aspect-ratio: 569\/410;\" \/><\/strong><\/p>\n<p><strong> <img decoding=\"async\" class=\"aligncenter wp-image-1067649 size-full lazyload\" data-src=\"https:\/\/www.ugtcomunicaciones.es\/wordpress\/wp-content\/uploads\/2025\/04\/6G_02.jpg\" alt=\"\" width=\"596\" height=\"506\" data-srcset=\"https:\/\/www.ugtcomunicaciones.es\/wordpress\/wp-content\/uploads\/2025\/04\/6G_02.jpg 596w, https:\/\/www.ugtcomunicaciones.es\/wordpress\/wp-content\/uploads\/2025\/04\/6G_02-300x255.jpg 300w, https:\/\/www.ugtcomunicaciones.es\/wordpress\/wp-content\/uploads\/2025\/04\/6G_02-495x420.jpg 495w\" data-sizes=\"(max-width: 596px) 100vw, 596px\" src=\"data:image\/svg+xml;base64,PHN2ZyB3aWR0aD0iMSIgaGVpZ2h0PSIxIiB4bWxucz0iaHR0cDovL3d3dy53My5vcmcvMjAwMC9zdmciPjwvc3ZnPg==\" style=\"--smush-placeholder-width: 596px; --smush-placeholder-aspect-ratio: 596\/506;\" \/><\/strong><\/p>\n<p><strong>\u00a0<\/strong><strong>\u00a0<\/strong><\/p>\n<h4 style=\"text-align: right;\"><span style=\"color: #ff0000;\"><strong>UGT<\/strong><\/span><strong> Comunicaciones<\/strong><\/h4>\n<p><a href=\"#_ftnref1\" name=\"_ftn1\"><\/a><\/p>\n","protected":false},"excerpt":{"rendered":"<p>Cuando a\u00fan se pugna por llevar el 5G a todas las poblaciones de Espa\u00f1a, la tecnolog\u00eda vuelve a demostrarnos que se desarrolla a un ritmo que es dif\u00edcil de seguir. S\u00ed, a finales de 2019\u00a0ya nos hac\u00edamos eco del runr\u00fan acerca del alumbramiento de la sexta generaci\u00f3n de telefon\u00eda m\u00f3vil, un lustro despu\u00e9s ya asistimos [&hellip;]<\/p>\n","protected":false},"author":3,"featured_media":1067652,"comment_status":"closed","ping_status":"closed","sticky":false,"template":"","format":"standard","meta":{"footnotes":""},"categories":[14,12],"tags":[],"class_list":["post-1067642","post","type-post","status-publish","format-standard","has-post-thumbnail","hentry","category-opinion","category-regulacion"],"yoast_head":"<!-- This site is optimized with the Yoast SEO Premium plugin v27.3 (Yoast SEO v27.4) - https:\/\/yoast.com\/product\/yoast-seo-premium-wordpress\/ -->\n<title>El 6G ya tiene logo y requerimientos - UGT Comunicaciones<\/title>\n<meta name=\"robots\" content=\"index, follow, max-snippet:-1, max-image-preview:large, max-video-preview:-1\" \/>\n<link rel=\"canonical\" href=\"https:\/\/www.ugtcomunicaciones.es\/wordpress\/el-6g-ya-tiene-logo-y-requerimientos\/\" \/>\n<meta property=\"og:locale\" content=\"es_ES\" \/>\n<meta property=\"og:type\" content=\"article\" \/>\n<meta property=\"og:title\" content=\"El 6G ya tiene logo y requerimientos\" \/>\n<meta property=\"og:description\" content=\"Cuando a\u00fan se pugna por llevar el 5G a todas las poblaciones de Espa\u00f1a, la tecnolog\u00eda vuelve a demostrarnos que se desarrolla a un ritmo que es dif\u00edcil de seguir. S\u00ed, a finales de 2019\u00a0ya nos hac\u00edamos eco del runr\u00fan acerca del alumbramiento de la sexta generaci\u00f3n de telefon\u00eda m\u00f3vil, un lustro despu\u00e9s ya asistimos [&hellip;]\" \/>\n<meta property=\"og:url\" content=\"https:\/\/www.ugtcomunicaciones.es\/wordpress\/el-6g-ya-tiene-logo-y-requerimientos\/\" \/>\n<meta property=\"og:site_name\" content=\"UGT Comunicaciones\" \/>\n<meta property=\"article:publisher\" content=\"https:\/\/www.facebook.com\/ugt.comunicaciones\/\" \/>\n<meta property=\"article:published_time\" content=\"2025-04-01T05:00:43+00:00\" \/>\n<meta property=\"og:image\" content=\"https:\/\/www.ugtcomunicaciones.es\/wordpress\/wp-content\/uploads\/2025\/04\/6G_03.jpg\" \/>\n\t<meta property=\"og:image:width\" content=\"600\" \/>\n\t<meta property=\"og:image:height\" content=\"400\" \/>\n\t<meta property=\"og:image:type\" content=\"image\/jpeg\" \/>\n<meta name=\"author\" content=\"UGT\" \/>\n<meta name=\"twitter:card\" content=\"summary_large_image\" \/>\n<meta name=\"twitter:creator\" content=\"@ugtcom\" \/>\n<meta name=\"twitter:site\" content=\"@ugtcom\" \/>\n<meta name=\"twitter:label1\" content=\"Escrito por\" \/>\n\t<meta name=\"twitter:data1\" content=\"UGT\" \/>\n\t<meta name=\"twitter:label2\" content=\"Tiempo de lectura\" \/>\n\t<meta name=\"twitter:data2\" content=\"3 minutos\" \/>\n<script type=\"application\/ld+json\" class=\"yoast-schema-graph\">{\"@context\":\"https:\\\/\\\/schema.org\",\"@graph\":[{\"@type\":\"Article\",\"@id\":\"https:\\\/\\\/www.ugtcomunicaciones.es\\\/wordpress\\\/el-6g-ya-tiene-logo-y-requerimientos\\\/#article\",\"isPartOf\":{\"@id\":\"https:\\\/\\\/www.ugtcomunicaciones.es\\\/wordpress\\\/el-6g-ya-tiene-logo-y-requerimientos\\\/\"},\"author\":{\"name\":\"UGT\",\"@id\":\"https:\\\/\\\/www.ugtcomunicaciones.es\\\/wordpress\\\/#\\\/schema\\\/person\\\/eba0fc3fe5b444531d94d4368cba89ed\"},\"headline\":\"El 6G ya tiene logo y requerimientos\",\"datePublished\":\"2025-04-01T05:00:43+00:00\",\"mainEntityOfPage\":{\"@id\":\"https:\\\/\\\/www.ugtcomunicaciones.es\\\/wordpress\\\/el-6g-ya-tiene-logo-y-requerimientos\\\/\"},\"wordCount\":351,\"publisher\":{\"@id\":\"https:\\\/\\\/www.ugtcomunicaciones.es\\\/wordpress\\\/#organization\"},\"image\":{\"@id\":\"https:\\\/\\\/www.ugtcomunicaciones.es\\\/wordpress\\\/el-6g-ya-tiene-logo-y-requerimientos\\\/#primaryimage\"},\"thumbnailUrl\":\"https:\\\/\\\/www.ugtcomunicaciones.es\\\/wordpress\\\/wp-content\\\/uploads\\\/2025\\\/04\\\/6G_03.jpg\",\"articleSection\":[\"Opini\u00f3n\",\"Regulaci\u00f3n\"],\"inLanguage\":\"es\"},{\"@type\":\"WebPage\",\"@id\":\"https:\\\/\\\/www.ugtcomunicaciones.es\\\/wordpress\\\/el-6g-ya-tiene-logo-y-requerimientos\\\/\",\"url\":\"https:\\\/\\\/www.ugtcomunicaciones.es\\\/wordpress\\\/el-6g-ya-tiene-logo-y-requerimientos\\\/\",\"name\":\"El 6G ya tiene logo y requerimientos - UGT Comunicaciones\",\"isPartOf\":{\"@id\":\"https:\\\/\\\/www.ugtcomunicaciones.es\\\/wordpress\\\/#website\"},\"primaryImageOfPage\":{\"@id\":\"https:\\\/\\\/www.ugtcomunicaciones.es\\\/wordpress\\\/el-6g-ya-tiene-logo-y-requerimientos\\\/#primaryimage\"},\"image\":{\"@id\":\"https:\\\/\\\/www.ugtcomunicaciones.es\\\/wordpress\\\/el-6g-ya-tiene-logo-y-requerimientos\\\/#primaryimage\"},\"thumbnailUrl\":\"https:\\\/\\\/www.ugtcomunicaciones.es\\\/wordpress\\\/wp-content\\\/uploads\\\/2025\\\/04\\\/6G_03.jpg\",\"datePublished\":\"2025-04-01T05:00:43+00:00\",\"breadcrumb\":{\"@id\":\"https:\\\/\\\/www.ugtcomunicaciones.es\\\/wordpress\\\/el-6g-ya-tiene-logo-y-requerimientos\\\/#breadcrumb\"},\"inLanguage\":\"es\",\"potentialAction\":[{\"@type\":\"ReadAction\",\"target\":[\"https:\\\/\\\/www.ugtcomunicaciones.es\\\/wordpress\\\/el-6g-ya-tiene-logo-y-requerimientos\\\/\"]}]},{\"@type\":\"ImageObject\",\"inLanguage\":\"es\",\"@id\":\"https:\\\/\\\/www.ugtcomunicaciones.es\\\/wordpress\\\/el-6g-ya-tiene-logo-y-requerimientos\\\/#primaryimage\",\"url\":\"https:\\\/\\\/www.ugtcomunicaciones.es\\\/wordpress\\\/wp-content\\\/uploads\\\/2025\\\/04\\\/6G_03.jpg\",\"contentUrl\":\"https:\\\/\\\/www.ugtcomunicaciones.es\\\/wordpress\\\/wp-content\\\/uploads\\\/2025\\\/04\\\/6G_03.jpg\",\"width\":600,\"height\":400},{\"@type\":\"BreadcrumbList\",\"@id\":\"https:\\\/\\\/www.ugtcomunicaciones.es\\\/wordpress\\\/el-6g-ya-tiene-logo-y-requerimientos\\\/#breadcrumb\",\"itemListElement\":[{\"@type\":\"ListItem\",\"position\":1,\"name\":\"Portada\",\"item\":\"https:\\\/\\\/www.ugtcomunicaciones.es\\\/wordpress\\\/\"},{\"@type\":\"ListItem\",\"position\":2,\"name\":\"El 6G ya tiene logo y requerimientos\"}]},{\"@type\":\"WebSite\",\"@id\":\"https:\\\/\\\/www.ugtcomunicaciones.es\\\/wordpress\\\/#website\",\"url\":\"https:\\\/\\\/www.ugtcomunicaciones.es\\\/wordpress\\\/\",\"name\":\"UGT Comunicaciones\",\"description\":\"Sindicato de Telecomunicaciones\",\"publisher\":{\"@id\":\"https:\\\/\\\/www.ugtcomunicaciones.es\\\/wordpress\\\/#organization\"},\"potentialAction\":[{\"@type\":\"SearchAction\",\"target\":{\"@type\":\"EntryPoint\",\"urlTemplate\":\"https:\\\/\\\/www.ugtcomunicaciones.es\\\/wordpress\\\/?s={search_term_string}\"},\"query-input\":{\"@type\":\"PropertyValueSpecification\",\"valueRequired\":true,\"valueName\":\"search_term_string\"}}],\"inLanguage\":\"es\"},{\"@type\":\"Organization\",\"@id\":\"https:\\\/\\\/www.ugtcomunicaciones.es\\\/wordpress\\\/#organization\",\"name\":\"UGT Comunicaciones\",\"url\":\"https:\\\/\\\/www.ugtcomunicaciones.es\\\/wordpress\\\/\",\"logo\":{\"@type\":\"ImageObject\",\"inLanguage\":\"es\",\"@id\":\"https:\\\/\\\/www.ugtcomunicaciones.es\\\/wordpress\\\/#\\\/schema\\\/logo\\\/image\\\/\",\"url\":\"https:\\\/\\\/www.ugtcomunicaciones.es\\\/wordpress\\\/wp-content\\\/uploads\\\/2024\\\/04\\\/comunicaciones_logo.png\",\"contentUrl\":\"https:\\\/\\\/www.ugtcomunicaciones.es\\\/wordpress\\\/wp-content\\\/uploads\\\/2024\\\/04\\\/comunicaciones_logo.png\",\"width\":298,\"height\":81,\"caption\":\"UGT Comunicaciones\"},\"image\":{\"@id\":\"https:\\\/\\\/www.ugtcomunicaciones.es\\\/wordpress\\\/#\\\/schema\\\/logo\\\/image\\\/\"},\"sameAs\":[\"https:\\\/\\\/www.facebook.com\\\/ugt.comunicaciones\\\/\",\"https:\\\/\\\/x.com\\\/ugtcom\"]},{\"@type\":\"Person\",\"@id\":\"https:\\\/\\\/www.ugtcomunicaciones.es\\\/wordpress\\\/#\\\/schema\\\/person\\\/eba0fc3fe5b444531d94d4368cba89ed\",\"name\":\"UGT\",\"image\":{\"@type\":\"ImageObject\",\"inLanguage\":\"es\",\"@id\":\"https:\\\/\\\/secure.gravatar.com\\\/avatar\\\/2a16057d620a4c646bcfc171c4f23030879ebbdd346f0525bd5d4a564e57e13d?s=96&d=mm&r=g\",\"url\":\"https:\\\/\\\/secure.gravatar.com\\\/avatar\\\/2a16057d620a4c646bcfc171c4f23030879ebbdd346f0525bd5d4a564e57e13d?s=96&d=mm&r=g\",\"contentUrl\":\"https:\\\/\\\/secure.gravatar.com\\\/avatar\\\/2a16057d620a4c646bcfc171c4f23030879ebbdd346f0525bd5d4a564e57e13d?s=96&d=mm&r=g\",\"caption\":\"UGT\"}}]}<\/script>\n<!-- \/ Yoast SEO Premium plugin. -->","yoast_head_json":{"title":"El 6G ya tiene logo y requerimientos - UGT Comunicaciones","robots":{"index":"index","follow":"follow","max-snippet":"max-snippet:-1","max-image-preview":"max-image-preview:large","max-video-preview":"max-video-preview:-1"},"canonical":"https:\/\/www.ugtcomunicaciones.es\/wordpress\/el-6g-ya-tiene-logo-y-requerimientos\/","og_locale":"es_ES","og_type":"article","og_title":"El 6G ya tiene logo y requerimientos","og_description":"Cuando a\u00fan se pugna por llevar el 5G a todas las poblaciones de Espa\u00f1a, la tecnolog\u00eda vuelve a demostrarnos que se desarrolla a un ritmo que es dif\u00edcil de seguir. S\u00ed, a finales de 2019\u00a0ya nos hac\u00edamos eco del runr\u00fan acerca del alumbramiento de la sexta generaci\u00f3n de telefon\u00eda m\u00f3vil, un lustro despu\u00e9s ya asistimos [&hellip;]","og_url":"https:\/\/www.ugtcomunicaciones.es\/wordpress\/el-6g-ya-tiene-logo-y-requerimientos\/","og_site_name":"UGT Comunicaciones","article_publisher":"https:\/\/www.facebook.com\/ugt.comunicaciones\/","article_published_time":"2025-04-01T05:00:43+00:00","og_image":[{"width":600,"height":400,"url":"https:\/\/www.ugtcomunicaciones.es\/wordpress\/wp-content\/uploads\/2025\/04\/6G_03.jpg","type":"image\/jpeg"}],"author":"UGT","twitter_card":"summary_large_image","twitter_creator":"@ugtcom","twitter_site":"@ugtcom","twitter_misc":{"Escrito por":"UGT","Tiempo de lectura":"3 minutos"},"schema":{"@context":"https:\/\/schema.org","@graph":[{"@type":"Article","@id":"https:\/\/www.ugtcomunicaciones.es\/wordpress\/el-6g-ya-tiene-logo-y-requerimientos\/#article","isPartOf":{"@id":"https:\/\/www.ugtcomunicaciones.es\/wordpress\/el-6g-ya-tiene-logo-y-requerimientos\/"},"author":{"name":"UGT","@id":"https:\/\/www.ugtcomunicaciones.es\/wordpress\/#\/schema\/person\/eba0fc3fe5b444531d94d4368cba89ed"},"headline":"El 6G ya tiene logo y requerimientos","datePublished":"2025-04-01T05:00:43+00:00","mainEntityOfPage":{"@id":"https:\/\/www.ugtcomunicaciones.es\/wordpress\/el-6g-ya-tiene-logo-y-requerimientos\/"},"wordCount":351,"publisher":{"@id":"https:\/\/www.ugtcomunicaciones.es\/wordpress\/#organization"},"image":{"@id":"https:\/\/www.ugtcomunicaciones.es\/wordpress\/el-6g-ya-tiene-logo-y-requerimientos\/#primaryimage"},"thumbnailUrl":"https:\/\/www.ugtcomunicaciones.es\/wordpress\/wp-content\/uploads\/2025\/04\/6G_03.jpg","articleSection":["Opini\u00f3n","Regulaci\u00f3n"],"inLanguage":"es"},{"@type":"WebPage","@id":"https:\/\/www.ugtcomunicaciones.es\/wordpress\/el-6g-ya-tiene-logo-y-requerimientos\/","url":"https:\/\/www.ugtcomunicaciones.es\/wordpress\/el-6g-ya-tiene-logo-y-requerimientos\/","name":"El 6G ya tiene logo y requerimientos - UGT Comunicaciones","isPartOf":{"@id":"https:\/\/www.ugtcomunicaciones.es\/wordpress\/#website"},"primaryImageOfPage":{"@id":"https:\/\/www.ugtcomunicaciones.es\/wordpress\/el-6g-ya-tiene-logo-y-requerimientos\/#primaryimage"},"image":{"@id":"https:\/\/www.ugtcomunicaciones.es\/wordpress\/el-6g-ya-tiene-logo-y-requerimientos\/#primaryimage"},"thumbnailUrl":"https:\/\/www.ugtcomunicaciones.es\/wordpress\/wp-content\/uploads\/2025\/04\/6G_03.jpg","datePublished":"2025-04-01T05:00:43+00:00","breadcrumb":{"@id":"https:\/\/www.ugtcomunicaciones.es\/wordpress\/el-6g-ya-tiene-logo-y-requerimientos\/#breadcrumb"},"inLanguage":"es","potentialAction":[{"@type":"ReadAction","target":["https:\/\/www.ugtcomunicaciones.es\/wordpress\/el-6g-ya-tiene-logo-y-requerimientos\/"]}]},{"@type":"ImageObject","inLanguage":"es","@id":"https:\/\/www.ugtcomunicaciones.es\/wordpress\/el-6g-ya-tiene-logo-y-requerimientos\/#primaryimage","url":"https:\/\/www.ugtcomunicaciones.es\/wordpress\/wp-content\/uploads\/2025\/04\/6G_03.jpg","contentUrl":"https:\/\/www.ugtcomunicaciones.es\/wordpress\/wp-content\/uploads\/2025\/04\/6G_03.jpg","width":600,"height":400},{"@type":"BreadcrumbList","@id":"https:\/\/www.ugtcomunicaciones.es\/wordpress\/el-6g-ya-tiene-logo-y-requerimientos\/#breadcrumb","itemListElement":[{"@type":"ListItem","position":1,"name":"Portada","item":"https:\/\/www.ugtcomunicaciones.es\/wordpress\/"},{"@type":"ListItem","position":2,"name":"El 6G ya tiene logo y requerimientos"}]},{"@type":"WebSite","@id":"https:\/\/www.ugtcomunicaciones.es\/wordpress\/#website","url":"https:\/\/www.ugtcomunicaciones.es\/wordpress\/","name":"UGT Comunicaciones","description":"Sindicato de Telecomunicaciones","publisher":{"@id":"https:\/\/www.ugtcomunicaciones.es\/wordpress\/#organization"},"potentialAction":[{"@type":"SearchAction","target":{"@type":"EntryPoint","urlTemplate":"https:\/\/www.ugtcomunicaciones.es\/wordpress\/?s={search_term_string}"},"query-input":{"@type":"PropertyValueSpecification","valueRequired":true,"valueName":"search_term_string"}}],"inLanguage":"es"},{"@type":"Organization","@id":"https:\/\/www.ugtcomunicaciones.es\/wordpress\/#organization","name":"UGT Comunicaciones","url":"https:\/\/www.ugtcomunicaciones.es\/wordpress\/","logo":{"@type":"ImageObject","inLanguage":"es","@id":"https:\/\/www.ugtcomunicaciones.es\/wordpress\/#\/schema\/logo\/image\/","url":"https:\/\/www.ugtcomunicaciones.es\/wordpress\/wp-content\/uploads\/2024\/04\/comunicaciones_logo.png","contentUrl":"https:\/\/www.ugtcomunicaciones.es\/wordpress\/wp-content\/uploads\/2024\/04\/comunicaciones_logo.png","width":298,"height":81,"caption":"UGT Comunicaciones"},"image":{"@id":"https:\/\/www.ugtcomunicaciones.es\/wordpress\/#\/schema\/logo\/image\/"},"sameAs":["https:\/\/www.facebook.com\/ugt.comunicaciones\/","https:\/\/x.com\/ugtcom"]},{"@type":"Person","@id":"https:\/\/www.ugtcomunicaciones.es\/wordpress\/#\/schema\/person\/eba0fc3fe5b444531d94d4368cba89ed","name":"UGT","image":{"@type":"ImageObject","inLanguage":"es","@id":"https:\/\/secure.gravatar.com\/avatar\/2a16057d620a4c646bcfc171c4f23030879ebbdd346f0525bd5d4a564e57e13d?s=96&d=mm&r=g","url":"https:\/\/secure.gravatar.com\/avatar\/2a16057d620a4c646bcfc171c4f23030879ebbdd346f0525bd5d4a564e57e13d?s=96&d=mm&r=g","contentUrl":"https:\/\/secure.gravatar.com\/avatar\/2a16057d620a4c646bcfc171c4f23030879ebbdd346f0525bd5d4a564e57e13d?s=96&d=mm&r=g","caption":"UGT"}}]}},"_links":{"self":[{"href":"https:\/\/www.ugtcomunicaciones.es\/wordpress\/wp-json\/wp\/v2\/posts\/1067642","targetHints":{"allow":["GET"]}}],"collection":[{"href":"https:\/\/www.ugtcomunicaciones.es\/wordpress\/wp-json\/wp\/v2\/posts"}],"about":[{"href":"https:\/\/www.ugtcomunicaciones.es\/wordpress\/wp-json\/wp\/v2\/types\/post"}],"author":[{"embeddable":true,"href":"https:\/\/www.ugtcomunicaciones.es\/wordpress\/wp-json\/wp\/v2\/users\/3"}],"replies":[{"embeddable":true,"href":"https:\/\/www.ugtcomunicaciones.es\/wordpress\/wp-json\/wp\/v2\/comments?post=1067642"}],"version-history":[{"count":3,"href":"https:\/\/www.ugtcomunicaciones.es\/wordpress\/wp-json\/wp\/v2\/posts\/1067642\/revisions"}],"predecessor-version":[{"id":1067654,"href":"https:\/\/www.ugtcomunicaciones.es\/wordpress\/wp-json\/wp\/v2\/posts\/1067642\/revisions\/1067654"}],"wp:featuredmedia":[{"embeddable":true,"href":"https:\/\/www.ugtcomunicaciones.es\/wordpress\/wp-json\/wp\/v2\/media\/1067652"}],"wp:attachment":[{"href":"https:\/\/www.ugtcomunicaciones.es\/wordpress\/wp-json\/wp\/v2\/media?parent=1067642"}],"wp:term":[{"taxonomy":"category","embeddable":true,"href":"https:\/\/www.ugtcomunicaciones.es\/wordpress\/wp-json\/wp\/v2\/categories?post=1067642"},{"taxonomy":"post_tag","embeddable":true,"href":"https:\/\/www.ugtcomunicaciones.es\/wordpress\/wp-json\/wp\/v2\/tags?post=1067642"}],"curies":[{"name":"wp","href":"https:\/\/api.w.org\/{rel}","templated":true}]}}