{"id":1067655,"date":"2025-04-01T06:00:47","date_gmt":"2025-04-01T05:00:47","guid":{"rendered":"https:\/\/www.ugtcomunicaciones.es\/wordpress\/?p=1067655"},"modified":"2025-03-27T10:48:07","modified_gmt":"2025-03-27T09:48:07","slug":"1067655-2","status":"publish","type":"post","link":"https:\/\/www.ugtcomunicaciones.es\/wordpress\/1067655-2\/","title":{"rendered":"Facts and Figures 2024, ITU"},"content":{"rendered":"<p style=\"text-align: justify;\">El informe anual que publica la Uni\u00f3n Internacional de Telecomunicaciones (ITU, por sus siglas en ingl\u00e9s), bajo el nombre <em>Measuring digital development: Facts and Figures<\/em>, ofrece una magn\u00edfica instant\u00e1nea del grado de progreso de la digitalizaci\u00f3n en el mundo.<\/p>\n<p style=\"text-align: justify;\">En este 2024, se demuestra que la adopci\u00f3n mundial de Internet sigue creciendo, pero la universalidad sigue siendo dif\u00edcil de alcanzar, especialmente en las regiones de bajos ingresos. Adem\u00e1s, no se ha avanzado en la reducci\u00f3n de la brecha entre las zonas urbanas y rurales, excepto en el grupo de ingresos m\u00e1s bajos. A continuaci\u00f3n, mostramos algunas de las cifras, gr\u00e1ficas, indicadores y tablas que consideramos m\u00e1s relevantes para aspectos relacionados con el uso de Internet, la infraestructura, la asequibilidad, el tr\u00e1fico de Internet, el g\u00e9nero y la ubicaci\u00f3n.<\/p>\n<p><img decoding=\"async\" class=\"aligncenter wp-image-1067665 size-full lazyload\" data-src=\"https:\/\/www.ugtcomunicaciones.es\/wordpress\/wp-content\/uploads\/2025\/04\/Fatcs_01.jpg\" alt=\"\" width=\"643\" height=\"602\" data-srcset=\"https:\/\/www.ugtcomunicaciones.es\/wordpress\/wp-content\/uploads\/2025\/04\/Fatcs_01.jpg 643w, https:\/\/www.ugtcomunicaciones.es\/wordpress\/wp-content\/uploads\/2025\/04\/Fatcs_01-300x281.jpg 300w, https:\/\/www.ugtcomunicaciones.es\/wordpress\/wp-content\/uploads\/2025\/04\/Fatcs_01-449x420.jpg 449w, https:\/\/www.ugtcomunicaciones.es\/wordpress\/wp-content\/uploads\/2025\/04\/Fatcs_01-640x599.jpg 640w\" data-sizes=\"(max-width: 643px) 100vw, 643px\" src=\"data:image\/svg+xml;base64,PHN2ZyB3aWR0aD0iMSIgaGVpZ2h0PSIxIiB4bWxucz0iaHR0cDovL3d3dy53My5vcmcvMjAwMC9zdmciPjwvc3ZnPg==\" style=\"--smush-placeholder-width: 643px; --smush-placeholder-aspect-ratio: 643\/602;\" \/><\/p>\n<p><img decoding=\"async\" class=\"aligncenter wp-image-1067664 size-full lazyload\" data-src=\"https:\/\/www.ugtcomunicaciones.es\/wordpress\/wp-content\/uploads\/2025\/04\/Fatcs_02.jpg\" alt=\"\" width=\"642\" height=\"469\" data-srcset=\"https:\/\/www.ugtcomunicaciones.es\/wordpress\/wp-content\/uploads\/2025\/04\/Fatcs_02.jpg 642w, https:\/\/www.ugtcomunicaciones.es\/wordpress\/wp-content\/uploads\/2025\/04\/Fatcs_02-300x219.jpg 300w, https:\/\/www.ugtcomunicaciones.es\/wordpress\/wp-content\/uploads\/2025\/04\/Fatcs_02-575x420.jpg 575w, https:\/\/www.ugtcomunicaciones.es\/wordpress\/wp-content\/uploads\/2025\/04\/Fatcs_02-640x468.jpg 640w\" data-sizes=\"(max-width: 642px) 100vw, 642px\" src=\"data:image\/svg+xml;base64,PHN2ZyB3aWR0aD0iMSIgaGVpZ2h0PSIxIiB4bWxucz0iaHR0cDovL3d3dy53My5vcmcvMjAwMC9zdmciPjwvc3ZnPg==\" style=\"--smush-placeholder-width: 642px; --smush-placeholder-aspect-ratio: 642\/469;\" \/><\/p>\n<p><img decoding=\"async\" class=\"aligncenter wp-image-1067663 size-full lazyload\" data-src=\"https:\/\/www.ugtcomunicaciones.es\/wordpress\/wp-content\/uploads\/2025\/04\/Fatcs_03.jpg\" alt=\"\" width=\"581\" height=\"498\" data-srcset=\"https:\/\/www.ugtcomunicaciones.es\/wordpress\/wp-content\/uploads\/2025\/04\/Fatcs_03.jpg 581w, https:\/\/www.ugtcomunicaciones.es\/wordpress\/wp-content\/uploads\/2025\/04\/Fatcs_03-300x257.jpg 300w, https:\/\/www.ugtcomunicaciones.es\/wordpress\/wp-content\/uploads\/2025\/04\/Fatcs_03-490x420.jpg 490w\" data-sizes=\"(max-width: 581px) 100vw, 581px\" src=\"data:image\/svg+xml;base64,PHN2ZyB3aWR0aD0iMSIgaGVpZ2h0PSIxIiB4bWxucz0iaHR0cDovL3d3dy53My5vcmcvMjAwMC9zdmciPjwvc3ZnPg==\" style=\"--smush-placeholder-width: 581px; --smush-placeholder-aspect-ratio: 581\/498;\" \/><\/p>\n<p><img decoding=\"async\" class=\"aligncenter wp-image-1067662 size-full lazyload\" data-src=\"https:\/\/www.ugtcomunicaciones.es\/wordpress\/wp-content\/uploads\/2025\/04\/Fatcs_04.jpg\" alt=\"\" width=\"643\" height=\"535\" data-srcset=\"https:\/\/www.ugtcomunicaciones.es\/wordpress\/wp-content\/uploads\/2025\/04\/Fatcs_04.jpg 643w, https:\/\/www.ugtcomunicaciones.es\/wordpress\/wp-content\/uploads\/2025\/04\/Fatcs_04-300x250.jpg 300w, https:\/\/www.ugtcomunicaciones.es\/wordpress\/wp-content\/uploads\/2025\/04\/Fatcs_04-505x420.jpg 505w, https:\/\/www.ugtcomunicaciones.es\/wordpress\/wp-content\/uploads\/2025\/04\/Fatcs_04-640x533.jpg 640w\" data-sizes=\"(max-width: 643px) 100vw, 643px\" src=\"data:image\/svg+xml;base64,PHN2ZyB3aWR0aD0iMSIgaGVpZ2h0PSIxIiB4bWxucz0iaHR0cDovL3d3dy53My5vcmcvMjAwMC9zdmciPjwvc3ZnPg==\" style=\"--smush-placeholder-width: 643px; --smush-placeholder-aspect-ratio: 643\/535;\" \/><\/p>\n<p><img decoding=\"async\" class=\"aligncenter wp-image-1067661 size-full lazyload\" data-src=\"https:\/\/www.ugtcomunicaciones.es\/wordpress\/wp-content\/uploads\/2025\/04\/Fatcs_05.jpg\" alt=\"\" width=\"643\" height=\"518\" data-srcset=\"https:\/\/www.ugtcomunicaciones.es\/wordpress\/wp-content\/uploads\/2025\/04\/Fatcs_05.jpg 643w, https:\/\/www.ugtcomunicaciones.es\/wordpress\/wp-content\/uploads\/2025\/04\/Fatcs_05-300x242.jpg 300w, https:\/\/www.ugtcomunicaciones.es\/wordpress\/wp-content\/uploads\/2025\/04\/Fatcs_05-521x420.jpg 521w, https:\/\/www.ugtcomunicaciones.es\/wordpress\/wp-content\/uploads\/2025\/04\/Fatcs_05-640x516.jpg 640w\" data-sizes=\"(max-width: 643px) 100vw, 643px\" src=\"data:image\/svg+xml;base64,PHN2ZyB3aWR0aD0iMSIgaGVpZ2h0PSIxIiB4bWxucz0iaHR0cDovL3d3dy53My5vcmcvMjAwMC9zdmciPjwvc3ZnPg==\" style=\"--smush-placeholder-width: 643px; --smush-placeholder-aspect-ratio: 643\/518;\" \/><\/p>\n<p><img decoding=\"async\" class=\"aligncenter wp-image-1067660 size-full lazyload\" data-src=\"https:\/\/www.ugtcomunicaciones.es\/wordpress\/wp-content\/uploads\/2025\/04\/Fatcs_06.jpg\" alt=\"\" width=\"712\" height=\"333\" data-srcset=\"https:\/\/www.ugtcomunicaciones.es\/wordpress\/wp-content\/uploads\/2025\/04\/Fatcs_06.jpg 712w, https:\/\/www.ugtcomunicaciones.es\/wordpress\/wp-content\/uploads\/2025\/04\/Fatcs_06-300x140.jpg 300w, https:\/\/www.ugtcomunicaciones.es\/wordpress\/wp-content\/uploads\/2025\/04\/Fatcs_06-640x299.jpg 640w, https:\/\/www.ugtcomunicaciones.es\/wordpress\/wp-content\/uploads\/2025\/04\/Fatcs_06-681x319.jpg 681w\" data-sizes=\"(max-width: 712px) 100vw, 712px\" src=\"data:image\/svg+xml;base64,PHN2ZyB3aWR0aD0iMSIgaGVpZ2h0PSIxIiB4bWxucz0iaHR0cDovL3d3dy53My5vcmcvMjAwMC9zdmciPjwvc3ZnPg==\" style=\"--smush-placeholder-width: 712px; --smush-placeholder-aspect-ratio: 712\/333;\" \/><\/p>\n<p><img decoding=\"async\" class=\"aligncenter wp-image-1067659 size-full lazyload\" data-src=\"https:\/\/www.ugtcomunicaciones.es\/wordpress\/wp-content\/uploads\/2025\/04\/Fatcs_07.jpg\" alt=\"\" width=\"700\" height=\"475\" data-srcset=\"https:\/\/www.ugtcomunicaciones.es\/wordpress\/wp-content\/uploads\/2025\/04\/Fatcs_07.jpg 700w, https:\/\/www.ugtcomunicaciones.es\/wordpress\/wp-content\/uploads\/2025\/04\/Fatcs_07-300x204.jpg 300w, https:\/\/www.ugtcomunicaciones.es\/wordpress\/wp-content\/uploads\/2025\/04\/Fatcs_07-619x420.jpg 619w, https:\/\/www.ugtcomunicaciones.es\/wordpress\/wp-content\/uploads\/2025\/04\/Fatcs_07-640x434.jpg 640w, https:\/\/www.ugtcomunicaciones.es\/wordpress\/wp-content\/uploads\/2025\/04\/Fatcs_07-681x462.jpg 681w\" data-sizes=\"(max-width: 700px) 100vw, 700px\" src=\"data:image\/svg+xml;base64,PHN2ZyB3aWR0aD0iMSIgaGVpZ2h0PSIxIiB4bWxucz0iaHR0cDovL3d3dy53My5vcmcvMjAwMC9zdmciPjwvc3ZnPg==\" style=\"--smush-placeholder-width: 700px; --smush-placeholder-aspect-ratio: 700\/475;\" \/><\/p>\n<p><img decoding=\"async\" class=\"aligncenter wp-image-1067658 size-full lazyload\" data-src=\"https:\/\/www.ugtcomunicaciones.es\/wordpress\/wp-content\/uploads\/2025\/04\/Fatcs_08.jpg\" alt=\"\" width=\"642\" height=\"436\" data-srcset=\"https:\/\/www.ugtcomunicaciones.es\/wordpress\/wp-content\/uploads\/2025\/04\/Fatcs_08.jpg 642w, https:\/\/www.ugtcomunicaciones.es\/wordpress\/wp-content\/uploads\/2025\/04\/Fatcs_08-300x204.jpg 300w, https:\/\/www.ugtcomunicaciones.es\/wordpress\/wp-content\/uploads\/2025\/04\/Fatcs_08-618x420.jpg 618w, https:\/\/www.ugtcomunicaciones.es\/wordpress\/wp-content\/uploads\/2025\/04\/Fatcs_08-640x435.jpg 640w\" data-sizes=\"(max-width: 642px) 100vw, 642px\" src=\"data:image\/svg+xml;base64,PHN2ZyB3aWR0aD0iMSIgaGVpZ2h0PSIxIiB4bWxucz0iaHR0cDovL3d3dy53My5vcmcvMjAwMC9zdmciPjwvc3ZnPg==\" style=\"--smush-placeholder-width: 642px; --smush-placeholder-aspect-ratio: 642\/436;\" \/><\/p>\n<h4 style=\"text-align: right;\"><strong><span style=\"color: #ff0000;\">UGT<\/span> Comunicaciones<\/strong><\/h4>\n<p>&nbsp;<\/p>\n<p>&nbsp;<\/p>\n","protected":false},"excerpt":{"rendered":"<p>El informe anual que publica la Uni\u00f3n Internacional de Telecomunicaciones (ITU, por sus siglas en ingl\u00e9s), bajo el nombre Measuring digital development: Facts and Figures, ofrece una magn\u00edfica instant\u00e1nea del grado de progreso de la digitalizaci\u00f3n en el mundo. En este 2024, se demuestra que la adopci\u00f3n mundial de Internet sigue creciendo, pero la universalidad [&hellip;]<\/p>\n","protected":false},"author":3,"featured_media":1067666,"comment_status":"closed","ping_status":"closed","sticky":false,"template":"","format":"standard","meta":{"footnotes":""},"categories":[12],"tags":[],"class_list":["post-1067655","post","type-post","status-publish","format-standard","has-post-thumbnail","hentry","category-regulacion"],"yoast_head":"<!-- This site is optimized with the Yoast SEO Premium plugin v27.3 (Yoast SEO v27.4) - https:\/\/yoast.com\/product\/yoast-seo-premium-wordpress\/ -->\n<title>Facts and Figures 2024, ITU - UGT Comunicaciones<\/title>\n<meta name=\"robots\" content=\"index, follow, max-snippet:-1, max-image-preview:large, max-video-preview:-1\" \/>\n<link rel=\"canonical\" href=\"https:\/\/www.ugtcomunicaciones.es\/wordpress\/1067655-2\/\" \/>\n<meta property=\"og:locale\" content=\"es_ES\" \/>\n<meta property=\"og:type\" content=\"article\" \/>\n<meta property=\"og:title\" content=\"Facts and Figures 2024, ITU\" \/>\n<meta property=\"og:description\" content=\"El informe anual que publica la Uni\u00f3n Internacional de Telecomunicaciones (ITU, por sus siglas en ingl\u00e9s), bajo el nombre Measuring digital development: Facts and Figures, ofrece una magn\u00edfica instant\u00e1nea del grado de progreso de la digitalizaci\u00f3n en el mundo. En este 2024, se demuestra que la adopci\u00f3n mundial de Internet sigue creciendo, pero la universalidad [&hellip;]\" \/>\n<meta property=\"og:url\" content=\"https:\/\/www.ugtcomunicaciones.es\/wordpress\/1067655-2\/\" \/>\n<meta property=\"og:site_name\" content=\"UGT Comunicaciones\" \/>\n<meta property=\"article:publisher\" content=\"https:\/\/www.facebook.com\/ugt.comunicaciones\/\" \/>\n<meta property=\"article:published_time\" content=\"2025-04-01T05:00:47+00:00\" \/>\n<meta property=\"og:image\" content=\"https:\/\/www.ugtcomunicaciones.es\/wordpress\/wp-content\/uploads\/2025\/04\/Fatcs_09.jpg\" \/>\n\t<meta property=\"og:image:width\" content=\"600\" \/>\n\t<meta property=\"og:image:height\" content=\"436\" \/>\n\t<meta property=\"og:image:type\" content=\"image\/jpeg\" \/>\n<meta name=\"author\" content=\"UGT\" \/>\n<meta name=\"twitter:card\" content=\"summary_large_image\" \/>\n<meta name=\"twitter:creator\" content=\"@ugtcom\" \/>\n<meta name=\"twitter:site\" content=\"@ugtcom\" \/>\n<meta name=\"twitter:label1\" content=\"Escrito por\" \/>\n\t<meta name=\"twitter:data1\" content=\"UGT\" \/>\n\t<meta name=\"twitter:label2\" content=\"Tiempo de lectura\" \/>\n\t<meta name=\"twitter:data2\" content=\"3 minutos\" \/>\n<script type=\"application\/ld+json\" class=\"yoast-schema-graph\">{\"@context\":\"https:\\\/\\\/schema.org\",\"@graph\":[{\"@type\":\"Article\",\"@id\":\"https:\\\/\\\/www.ugtcomunicaciones.es\\\/wordpress\\\/1067655-2\\\/#article\",\"isPartOf\":{\"@id\":\"https:\\\/\\\/www.ugtcomunicaciones.es\\\/wordpress\\\/1067655-2\\\/\"},\"author\":{\"name\":\"UGT\",\"@id\":\"https:\\\/\\\/www.ugtcomunicaciones.es\\\/wordpress\\\/#\\\/schema\\\/person\\\/eba0fc3fe5b444531d94d4368cba89ed\"},\"headline\":\"Facts and Figures 2024, ITU\",\"datePublished\":\"2025-04-01T05:00:47+00:00\",\"mainEntityOfPage\":{\"@id\":\"https:\\\/\\\/www.ugtcomunicaciones.es\\\/wordpress\\\/1067655-2\\\/\"},\"wordCount\":151,\"publisher\":{\"@id\":\"https:\\\/\\\/www.ugtcomunicaciones.es\\\/wordpress\\\/#organization\"},\"image\":{\"@id\":\"https:\\\/\\\/www.ugtcomunicaciones.es\\\/wordpress\\\/1067655-2\\\/#primaryimage\"},\"thumbnailUrl\":\"https:\\\/\\\/www.ugtcomunicaciones.es\\\/wordpress\\\/wp-content\\\/uploads\\\/2025\\\/04\\\/Fatcs_09.jpg\",\"articleSection\":[\"Regulaci\u00f3n\"],\"inLanguage\":\"es\"},{\"@type\":\"WebPage\",\"@id\":\"https:\\\/\\\/www.ugtcomunicaciones.es\\\/wordpress\\\/1067655-2\\\/\",\"url\":\"https:\\\/\\\/www.ugtcomunicaciones.es\\\/wordpress\\\/1067655-2\\\/\",\"name\":\"Facts and Figures 2024, ITU - UGT Comunicaciones\",\"isPartOf\":{\"@id\":\"https:\\\/\\\/www.ugtcomunicaciones.es\\\/wordpress\\\/#website\"},\"primaryImageOfPage\":{\"@id\":\"https:\\\/\\\/www.ugtcomunicaciones.es\\\/wordpress\\\/1067655-2\\\/#primaryimage\"},\"image\":{\"@id\":\"https:\\\/\\\/www.ugtcomunicaciones.es\\\/wordpress\\\/1067655-2\\\/#primaryimage\"},\"thumbnailUrl\":\"https:\\\/\\\/www.ugtcomunicaciones.es\\\/wordpress\\\/wp-content\\\/uploads\\\/2025\\\/04\\\/Fatcs_09.jpg\",\"datePublished\":\"2025-04-01T05:00:47+00:00\",\"breadcrumb\":{\"@id\":\"https:\\\/\\\/www.ugtcomunicaciones.es\\\/wordpress\\\/1067655-2\\\/#breadcrumb\"},\"inLanguage\":\"es\",\"potentialAction\":[{\"@type\":\"ReadAction\",\"target\":[\"https:\\\/\\\/www.ugtcomunicaciones.es\\\/wordpress\\\/1067655-2\\\/\"]}]},{\"@type\":\"ImageObject\",\"inLanguage\":\"es\",\"@id\":\"https:\\\/\\\/www.ugtcomunicaciones.es\\\/wordpress\\\/1067655-2\\\/#primaryimage\",\"url\":\"https:\\\/\\\/www.ugtcomunicaciones.es\\\/wordpress\\\/wp-content\\\/uploads\\\/2025\\\/04\\\/Fatcs_09.jpg\",\"contentUrl\":\"https:\\\/\\\/www.ugtcomunicaciones.es\\\/wordpress\\\/wp-content\\\/uploads\\\/2025\\\/04\\\/Fatcs_09.jpg\",\"width\":600,\"height\":436},{\"@type\":\"BreadcrumbList\",\"@id\":\"https:\\\/\\\/www.ugtcomunicaciones.es\\\/wordpress\\\/1067655-2\\\/#breadcrumb\",\"itemListElement\":[{\"@type\":\"ListItem\",\"position\":1,\"name\":\"Portada\",\"item\":\"https:\\\/\\\/www.ugtcomunicaciones.es\\\/wordpress\\\/\"},{\"@type\":\"ListItem\",\"position\":2,\"name\":\"Facts and Figures 2024, ITU\"}]},{\"@type\":\"WebSite\",\"@id\":\"https:\\\/\\\/www.ugtcomunicaciones.es\\\/wordpress\\\/#website\",\"url\":\"https:\\\/\\\/www.ugtcomunicaciones.es\\\/wordpress\\\/\",\"name\":\"UGT Comunicaciones\",\"description\":\"Sindicato de Telecomunicaciones\",\"publisher\":{\"@id\":\"https:\\\/\\\/www.ugtcomunicaciones.es\\\/wordpress\\\/#organization\"},\"potentialAction\":[{\"@type\":\"SearchAction\",\"target\":{\"@type\":\"EntryPoint\",\"urlTemplate\":\"https:\\\/\\\/www.ugtcomunicaciones.es\\\/wordpress\\\/?s={search_term_string}\"},\"query-input\":{\"@type\":\"PropertyValueSpecification\",\"valueRequired\":true,\"valueName\":\"search_term_string\"}}],\"inLanguage\":\"es\"},{\"@type\":\"Organization\",\"@id\":\"https:\\\/\\\/www.ugtcomunicaciones.es\\\/wordpress\\\/#organization\",\"name\":\"UGT Comunicaciones\",\"url\":\"https:\\\/\\\/www.ugtcomunicaciones.es\\\/wordpress\\\/\",\"logo\":{\"@type\":\"ImageObject\",\"inLanguage\":\"es\",\"@id\":\"https:\\\/\\\/www.ugtcomunicaciones.es\\\/wordpress\\\/#\\\/schema\\\/logo\\\/image\\\/\",\"url\":\"https:\\\/\\\/www.ugtcomunicaciones.es\\\/wordpress\\\/wp-content\\\/uploads\\\/2024\\\/04\\\/comunicaciones_logo.png\",\"contentUrl\":\"https:\\\/\\\/www.ugtcomunicaciones.es\\\/wordpress\\\/wp-content\\\/uploads\\\/2024\\\/04\\\/comunicaciones_logo.png\",\"width\":298,\"height\":81,\"caption\":\"UGT Comunicaciones\"},\"image\":{\"@id\":\"https:\\\/\\\/www.ugtcomunicaciones.es\\\/wordpress\\\/#\\\/schema\\\/logo\\\/image\\\/\"},\"sameAs\":[\"https:\\\/\\\/www.facebook.com\\\/ugt.comunicaciones\\\/\",\"https:\\\/\\\/x.com\\\/ugtcom\"]},{\"@type\":\"Person\",\"@id\":\"https:\\\/\\\/www.ugtcomunicaciones.es\\\/wordpress\\\/#\\\/schema\\\/person\\\/eba0fc3fe5b444531d94d4368cba89ed\",\"name\":\"UGT\",\"image\":{\"@type\":\"ImageObject\",\"inLanguage\":\"es\",\"@id\":\"https:\\\/\\\/secure.gravatar.com\\\/avatar\\\/2a16057d620a4c646bcfc171c4f23030879ebbdd346f0525bd5d4a564e57e13d?s=96&d=mm&r=g\",\"url\":\"https:\\\/\\\/secure.gravatar.com\\\/avatar\\\/2a16057d620a4c646bcfc171c4f23030879ebbdd346f0525bd5d4a564e57e13d?s=96&d=mm&r=g\",\"contentUrl\":\"https:\\\/\\\/secure.gravatar.com\\\/avatar\\\/2a16057d620a4c646bcfc171c4f23030879ebbdd346f0525bd5d4a564e57e13d?s=96&d=mm&r=g\",\"caption\":\"UGT\"}}]}<\/script>\n<!-- \/ Yoast SEO Premium plugin. -->","yoast_head_json":{"title":"Facts and Figures 2024, ITU - UGT Comunicaciones","robots":{"index":"index","follow":"follow","max-snippet":"max-snippet:-1","max-image-preview":"max-image-preview:large","max-video-preview":"max-video-preview:-1"},"canonical":"https:\/\/www.ugtcomunicaciones.es\/wordpress\/1067655-2\/","og_locale":"es_ES","og_type":"article","og_title":"Facts and Figures 2024, ITU","og_description":"El informe anual que publica la Uni\u00f3n Internacional de Telecomunicaciones (ITU, por sus siglas en ingl\u00e9s), bajo el nombre Measuring digital development: Facts and Figures, ofrece una magn\u00edfica instant\u00e1nea del grado de progreso de la digitalizaci\u00f3n en el mundo. En este 2024, se demuestra que la adopci\u00f3n mundial de Internet sigue creciendo, pero la universalidad [&hellip;]","og_url":"https:\/\/www.ugtcomunicaciones.es\/wordpress\/1067655-2\/","og_site_name":"UGT Comunicaciones","article_publisher":"https:\/\/www.facebook.com\/ugt.comunicaciones\/","article_published_time":"2025-04-01T05:00:47+00:00","og_image":[{"width":600,"height":436,"url":"https:\/\/www.ugtcomunicaciones.es\/wordpress\/wp-content\/uploads\/2025\/04\/Fatcs_09.jpg","type":"image\/jpeg"}],"author":"UGT","twitter_card":"summary_large_image","twitter_creator":"@ugtcom","twitter_site":"@ugtcom","twitter_misc":{"Escrito por":"UGT","Tiempo de lectura":"3 minutos"},"schema":{"@context":"https:\/\/schema.org","@graph":[{"@type":"Article","@id":"https:\/\/www.ugtcomunicaciones.es\/wordpress\/1067655-2\/#article","isPartOf":{"@id":"https:\/\/www.ugtcomunicaciones.es\/wordpress\/1067655-2\/"},"author":{"name":"UGT","@id":"https:\/\/www.ugtcomunicaciones.es\/wordpress\/#\/schema\/person\/eba0fc3fe5b444531d94d4368cba89ed"},"headline":"Facts and Figures 2024, ITU","datePublished":"2025-04-01T05:00:47+00:00","mainEntityOfPage":{"@id":"https:\/\/www.ugtcomunicaciones.es\/wordpress\/1067655-2\/"},"wordCount":151,"publisher":{"@id":"https:\/\/www.ugtcomunicaciones.es\/wordpress\/#organization"},"image":{"@id":"https:\/\/www.ugtcomunicaciones.es\/wordpress\/1067655-2\/#primaryimage"},"thumbnailUrl":"https:\/\/www.ugtcomunicaciones.es\/wordpress\/wp-content\/uploads\/2025\/04\/Fatcs_09.jpg","articleSection":["Regulaci\u00f3n"],"inLanguage":"es"},{"@type":"WebPage","@id":"https:\/\/www.ugtcomunicaciones.es\/wordpress\/1067655-2\/","url":"https:\/\/www.ugtcomunicaciones.es\/wordpress\/1067655-2\/","name":"Facts and Figures 2024, ITU - UGT Comunicaciones","isPartOf":{"@id":"https:\/\/www.ugtcomunicaciones.es\/wordpress\/#website"},"primaryImageOfPage":{"@id":"https:\/\/www.ugtcomunicaciones.es\/wordpress\/1067655-2\/#primaryimage"},"image":{"@id":"https:\/\/www.ugtcomunicaciones.es\/wordpress\/1067655-2\/#primaryimage"},"thumbnailUrl":"https:\/\/www.ugtcomunicaciones.es\/wordpress\/wp-content\/uploads\/2025\/04\/Fatcs_09.jpg","datePublished":"2025-04-01T05:00:47+00:00","breadcrumb":{"@id":"https:\/\/www.ugtcomunicaciones.es\/wordpress\/1067655-2\/#breadcrumb"},"inLanguage":"es","potentialAction":[{"@type":"ReadAction","target":["https:\/\/www.ugtcomunicaciones.es\/wordpress\/1067655-2\/"]}]},{"@type":"ImageObject","inLanguage":"es","@id":"https:\/\/www.ugtcomunicaciones.es\/wordpress\/1067655-2\/#primaryimage","url":"https:\/\/www.ugtcomunicaciones.es\/wordpress\/wp-content\/uploads\/2025\/04\/Fatcs_09.jpg","contentUrl":"https:\/\/www.ugtcomunicaciones.es\/wordpress\/wp-content\/uploads\/2025\/04\/Fatcs_09.jpg","width":600,"height":436},{"@type":"BreadcrumbList","@id":"https:\/\/www.ugtcomunicaciones.es\/wordpress\/1067655-2\/#breadcrumb","itemListElement":[{"@type":"ListItem","position":1,"name":"Portada","item":"https:\/\/www.ugtcomunicaciones.es\/wordpress\/"},{"@type":"ListItem","position":2,"name":"Facts and Figures 2024, ITU"}]},{"@type":"WebSite","@id":"https:\/\/www.ugtcomunicaciones.es\/wordpress\/#website","url":"https:\/\/www.ugtcomunicaciones.es\/wordpress\/","name":"UGT Comunicaciones","description":"Sindicato de Telecomunicaciones","publisher":{"@id":"https:\/\/www.ugtcomunicaciones.es\/wordpress\/#organization"},"potentialAction":[{"@type":"SearchAction","target":{"@type":"EntryPoint","urlTemplate":"https:\/\/www.ugtcomunicaciones.es\/wordpress\/?s={search_term_string}"},"query-input":{"@type":"PropertyValueSpecification","valueRequired":true,"valueName":"search_term_string"}}],"inLanguage":"es"},{"@type":"Organization","@id":"https:\/\/www.ugtcomunicaciones.es\/wordpress\/#organization","name":"UGT Comunicaciones","url":"https:\/\/www.ugtcomunicaciones.es\/wordpress\/","logo":{"@type":"ImageObject","inLanguage":"es","@id":"https:\/\/www.ugtcomunicaciones.es\/wordpress\/#\/schema\/logo\/image\/","url":"https:\/\/www.ugtcomunicaciones.es\/wordpress\/wp-content\/uploads\/2024\/04\/comunicaciones_logo.png","contentUrl":"https:\/\/www.ugtcomunicaciones.es\/wordpress\/wp-content\/uploads\/2024\/04\/comunicaciones_logo.png","width":298,"height":81,"caption":"UGT Comunicaciones"},"image":{"@id":"https:\/\/www.ugtcomunicaciones.es\/wordpress\/#\/schema\/logo\/image\/"},"sameAs":["https:\/\/www.facebook.com\/ugt.comunicaciones\/","https:\/\/x.com\/ugtcom"]},{"@type":"Person","@id":"https:\/\/www.ugtcomunicaciones.es\/wordpress\/#\/schema\/person\/eba0fc3fe5b444531d94d4368cba89ed","name":"UGT","image":{"@type":"ImageObject","inLanguage":"es","@id":"https:\/\/secure.gravatar.com\/avatar\/2a16057d620a4c646bcfc171c4f23030879ebbdd346f0525bd5d4a564e57e13d?s=96&d=mm&r=g","url":"https:\/\/secure.gravatar.com\/avatar\/2a16057d620a4c646bcfc171c4f23030879ebbdd346f0525bd5d4a564e57e13d?s=96&d=mm&r=g","contentUrl":"https:\/\/secure.gravatar.com\/avatar\/2a16057d620a4c646bcfc171c4f23030879ebbdd346f0525bd5d4a564e57e13d?s=96&d=mm&r=g","caption":"UGT"}}]}},"_links":{"self":[{"href":"https:\/\/www.ugtcomunicaciones.es\/wordpress\/wp-json\/wp\/v2\/posts\/1067655","targetHints":{"allow":["GET"]}}],"collection":[{"href":"https:\/\/www.ugtcomunicaciones.es\/wordpress\/wp-json\/wp\/v2\/posts"}],"about":[{"href":"https:\/\/www.ugtcomunicaciones.es\/wordpress\/wp-json\/wp\/v2\/types\/post"}],"author":[{"embeddable":true,"href":"https:\/\/www.ugtcomunicaciones.es\/wordpress\/wp-json\/wp\/v2\/users\/3"}],"replies":[{"embeddable":true,"href":"https:\/\/www.ugtcomunicaciones.es\/wordpress\/wp-json\/wp\/v2\/comments?post=1067655"}],"version-history":[{"count":3,"href":"https:\/\/www.ugtcomunicaciones.es\/wordpress\/wp-json\/wp\/v2\/posts\/1067655\/revisions"}],"predecessor-version":[{"id":1067667,"href":"https:\/\/www.ugtcomunicaciones.es\/wordpress\/wp-json\/wp\/v2\/posts\/1067655\/revisions\/1067667"}],"wp:featuredmedia":[{"embeddable":true,"href":"https:\/\/www.ugtcomunicaciones.es\/wordpress\/wp-json\/wp\/v2\/media\/1067666"}],"wp:attachment":[{"href":"https:\/\/www.ugtcomunicaciones.es\/wordpress\/wp-json\/wp\/v2\/media?parent=1067655"}],"wp:term":[{"taxonomy":"category","embeddable":true,"href":"https:\/\/www.ugtcomunicaciones.es\/wordpress\/wp-json\/wp\/v2\/categories?post=1067655"},{"taxonomy":"post_tag","embeddable":true,"href":"https:\/\/www.ugtcomunicaciones.es\/wordpress\/wp-json\/wp\/v2\/tags?post=1067655"}],"curies":[{"name":"wp","href":"https:\/\/api.w.org\/{rel}","templated":true}]}}